{"id":54437,"date":"2022-02-24T13:29:35","date_gmt":"2022-02-24T13:29:35","guid":{"rendered":"https:\/\/www.shqiperia.com\/blog\/?p=54437"},"modified":"2022-02-24T13:29:35","modified_gmt":"2022-02-24T13:29:35","slug":"edi-rama-flet-per-keca-e-dhi-gazetarja-ironizon-ramen-430-mln-eurot-i-flet-si-muhabet-bariu-ne-xhep-ose-ne-kasolle","status":"publish","type":"post","link":"https:\/\/www.shqiperia.com\/blog\/edi-rama-flet-per-keca-e-dhi-gazetarja-ironizon-ramen-430-mln-eurot-i-flet-si-muhabet-bariu-ne-xhep-ose-ne-kasolle\/","title":{"rendered":"Edi Rama flet p\u00ebr keca e dhi&#8217;. &#8211; \u00a0Gazetarja ironizon Ram\u00ebn: 430 mln eurot i flet si muhabet bariu n\u00eb &#8216;xhep&#8217; ose n\u00eb &#8216;kasolle&#8217;"},"content":{"rendered":"<p><img data-recalc-dims=\"1\" loading=\"lazy\" decoding=\"async\" data-attachment-id=\"54438\" data-permalink=\"https:\/\/www.shqiperia.com\/blog\/edi-rama-flet-per-keca-e-dhi-gazetarja-ironizon-ramen-430-mln-eurot-i-flet-si-muhabet-bariu-ne-xhep-ose-ne-kasolle\/aranita-brahaj-edi-rama\/\" data-orig-file=\"https:\/\/i0.wp.com\/www.shqiperia.com\/blog\/wp-content\/uploads\/2022\/02\/Aranita-Brahaj-Edi-Rama.jpg?fit=900%2C514&amp;ssl=1\" data-orig-size=\"900,514\" data-comments-opened=\"1\" data-image-meta=\"{&quot;aperture&quot;:&quot;0&quot;,&quot;credit&quot;:&quot;&quot;,&quot;camera&quot;:&quot;&quot;,&quot;caption&quot;:&quot;&quot;,&quot;created_timestamp&quot;:&quot;0&quot;,&quot;copyright&quot;:&quot;&quot;,&quot;focal_length&quot;:&quot;0&quot;,&quot;iso&quot;:&quot;0&quot;,&quot;shutter_speed&quot;:&quot;0&quot;,&quot;title&quot;:&quot;&quot;,&quot;orientation&quot;:&quot;0&quot;}\" data-image-title=\"Aranita Brahaj Edi Rama\" data-image-description=\"\" data-image-caption=\"\" data-medium-file=\"https:\/\/i0.wp.com\/www.shqiperia.com\/blog\/wp-content\/uploads\/2022\/02\/Aranita-Brahaj-Edi-Rama.jpg?fit=300%2C171&amp;ssl=1\" data-large-file=\"https:\/\/i0.wp.com\/www.shqiperia.com\/blog\/wp-content\/uploads\/2022\/02\/Aranita-Brahaj-Edi-Rama.jpg?fit=900%2C514&amp;ssl=1\" class=\"alignnone  wp-image-54438\" alt=\"\" src=\"https:\/\/i0.wp.com\/www.shqiperia.com\/blog\/wp-content\/uploads\/2022\/02\/Aranita-Brahaj-Edi-Rama.jpg?resize=623%2C355&#038;ssl=1\" width=\"623\" height=\"355\" srcset=\"https:\/\/i0.wp.com\/www.shqiperia.com\/blog\/wp-content\/uploads\/2022\/02\/Aranita-Brahaj-Edi-Rama.jpg?resize=300%2C171&amp;ssl=1 300w, https:\/\/i0.wp.com\/www.shqiperia.com\/blog\/wp-content\/uploads\/2022\/02\/Aranita-Brahaj-Edi-Rama.jpg?resize=768%2C439&amp;ssl=1 768w, https:\/\/i0.wp.com\/www.shqiperia.com\/blog\/wp-content\/uploads\/2022\/02\/Aranita-Brahaj-Edi-Rama.jpg?resize=450%2C257&amp;ssl=1 450w, https:\/\/i0.wp.com\/www.shqiperia.com\/blog\/wp-content\/uploads\/2022\/02\/Aranita-Brahaj-Edi-Rama.jpg?resize=600%2C343&amp;ssl=1 600w, https:\/\/i0.wp.com\/www.shqiperia.com\/blog\/wp-content\/uploads\/2022\/02\/Aranita-Brahaj-Edi-Rama.jpg?resize=400%2C228&amp;ssl=1 400w, https:\/\/i0.wp.com\/www.shqiperia.com\/blog\/wp-content\/uploads\/2022\/02\/Aranita-Brahaj-Edi-Rama.jpg?w=900&amp;ssl=1 900w\" sizes=\"auto, (max-width: 623px) 100vw, 623px\" \/><\/p>\n<p>Edi Rama flet p\u00ebr keca e dhi&#8217;. &#8211; \u00a0Gazetarja ironizon Ram\u00ebn: 430 mln eurot i flet si muhabet bariu n\u00eb &#8216;xhep&#8217; ose n\u00eb &#8216;kasolle&#8217;<\/p>\n<p>23\/02\/2022<\/p>\n<p>P\u00ebr rreth 10 or\u00eb me radh\u00eb kryeministri Edi Rama d\u00ebshmoi k\u00ebt\u00eb t\u00eb m\u00ebrkur\u00eb p\u00ebrpara Komisionit Hetimor Parlamentar p\u00ebr Incenerator\u00ebt.<\/p>\n<p>D\u00ebshmia e kreut t\u00eb qeveris\u00eb dhe justifikimet e tij se jo vet\u00ebm nuk njihet pronar\u00ebt q\u00eb jan\u00eb n\u00eb k\u00ebrkim nga SPAK, nuk kishte firmosur dhe as e kishte iden\u00eb se si ishin nd\u00ebrtuar.<\/p>\n<p>P\u00ebrmes nj\u00eb postimi n\u00eb facebook, Brahaj thot\u00eb se \u201cRama flet p\u00ebr keca e dhi, por 430 milion eurot i flet si muhabet bariu &#8216;n\u00eb xhep&#8217; a n\u00eb &#8216;kasolle&#8217;.<\/p>\n<p>Sipas saj, 430 milion eurot jan\u00eb borxhe t\u00eb fshehura t\u00eb buxhetit t\u00eb shtetit dhe detyrime q\u00eb do t\u2019i paguajn\u00eb f\u00ebmij\u00ebt q\u00eb nuk kan\u00eb lindur ende.<\/p>\n<p>Ajo shton se Shqip\u00ebria \u00ebsht\u00eb vendi m\u00eb i rrezikuar nga k\u00ebto \u201cBorxhe t\u00eb Fshehura\u201d.<\/p>\n<p>Postimi<\/p>\n<p>KRYEMINISTRI YNE vazhdon dhe flet per \u201cKeca e Dhi\u201d si ne 2003shin. 430 milion eurot i flet si muhabet bariu \u201d ne xhep\u201d a ne \u201ckasolle\u201d.<\/p>\n<p>430 milion Euro jane Borxhe te Fshehura Kontigjenca te Buxhetit te Shtetit. DETYRIME qe do i paguajne edhe femijet qe skane lindur ende.<\/p>\n<p>Dhe Shqiperia eshte vendi me i rrezikuar nga keto Borxhe te Fshehura . Asnje shtet europian nuk ka dhene si PPP 11% te Produktit te Brendsh\u00ebm Bruto. Vendi me i guximsh\u00ebm ne Europe e ka kete lloj Borxhi 5 here me pak se ne .<\/p>\n<p>Dhe ky borxh del nga buxheti tek Kompania PPP e pastaj me fatura fallso ne kompani ne Durres apo matane detit, Borxhi i taksapaguesit shkon edhe tek Xhepi i atij qe ja dha kete PPP me buxhet te majme.<\/p>\n","protected":false},"excerpt":{"rendered":"<p>Edi Rama flet p\u00ebr keca e dhi&#8217;. &#8211; \u00a0Gazetarja ironizon Ram\u00ebn: 430 mln eurot i flet si muhabet bariu n\u00eb &#8216;xhep&#8217; ose n\u00eb &#8216;kasolle&#8217; 23\/02\/2022 P\u00ebr rreth 10 or\u00eb me radh\u00eb kryeministri Edi Rama d\u00ebshmoi k\u00ebt\u00eb t\u00eb m\u00ebrkur\u00eb p\u00ebrpara Komisionit Hetimor Parlamentar p\u00ebr Incenerator\u00ebt. D\u00ebshmia e kreut t\u00eb qeveris\u00eb dhe justifikimet e tij se jo [&hellip;]<\/p>\n","protected":false},"author":9,"featured_media":54438,"comment_status":"open","ping_status":"open","sticky":false,"template":"","format":"standard","meta":{"jetpack_post_was_ever_published":false,"_jetpack_newsletter_access":"","_jetpack_dont_email_post_to_subs":false,"_jetpack_newsletter_tier_id":0,"_jetpack_memberships_contains_paywalled_content":false,"_jetpack_memberships_contains_paid_content":false,"footnotes":"","jetpack_publicize_message":"","jetpack_publicize_feature_enabled":true,"jetpack_social_post_already_shared":true,"jetpack_social_options":{"image_generator_settings":{"template":"highway","default_image_id":0,"font":"","enabled":false},"version":2}},"categories":[27,1,35],"tags":[],"class_list":["post-54437","post","type-post","status-publish","format-standard","has-post-thumbnail","hentry","category-blogu-i-udhetarit","category-njoftime-shtypi","category-shoqerore"],"jetpack_publicize_connections":[],"jetpack_featured_media_url":"https:\/\/i0.wp.com\/www.shqiperia.com\/blog\/wp-content\/uploads\/2022\/02\/Aranita-Brahaj-Edi-Rama.jpg?fit=900%2C514&ssl=1","jetpack_sharing_enabled":true,"jetpack_shortlink":"https:\/\/wp.me\/p5Z6wp-ea1","jetpack-related-posts":[{"id":100894,"url":"https:\/\/www.shqiperia.com\/blog\/izraelitet-po-marrin-token-lala-flet-mbi-pretendimin-qe-qarkullon-letrat-e-pronave-jane-falsifikuar-vite-me-pare-nje-rus-dhe-nje-bullgar\/","url_meta":{"origin":54437,"position":0},"title":"\u201cIzraelit\u00ebt po marrin tok\u00ebn\u201d\/ Lala flet mbi pretendimin q\u00eb qarkullon: &#8211; Letrat e pronave jan\u00eb falsifikuar vite m\u00eb par\u00eb! Nj\u00eb rus dhe nj\u00eb bullgar\u2026","author":"Kurt Farka","date":"June 1, 2026","format":false,"excerpt":"1 Qershor 2026 Pas ngjarjeve t\u00eb r\u00ebnda dhe dhun\u00ebs ndaj qytetar\u00ebve n\u00eb Zv\u00ebrnec, gazetarja e njohur e kronik\u00ebs, Klodiana Lala, ka l\u00ebshuar akuza t\u00eb forta n\u00eb emisionin \u201cStudio24\u201d, duke zbuluar se e gjith\u00eb historia e pronave n\u00eb k\u00ebt\u00eb zon\u00eb \u00ebsht\u00eb e p\u00ebrfshir\u00eb n\u00eb falsifikime dhe tashm\u00eb ndodhet n\u00ebn hetim nga\u2026","rel":"","context":"In &quot;Blogu i Udh\u00ebtarit&quot;","block_context":{"text":"Blogu i Udh\u00ebtarit","link":"https:\/\/www.shqiperia.com\/blog\/category\/blogu-i-udhetarit\/"},"img":{"alt_text":"","src":"https:\/\/i0.wp.com\/www.shqiperia.com\/blog\/wp-content\/uploads\/2026\/06\/Etleva-Lala.jpg?fit=1200%2C648&ssl=1&resize=350%2C200","width":350,"height":200,"srcset":"https:\/\/i0.wp.com\/www.shqiperia.com\/blog\/wp-content\/uploads\/2026\/06\/Etleva-Lala.jpg?fit=1200%2C648&ssl=1&resize=350%2C200 1x, https:\/\/i0.wp.com\/www.shqiperia.com\/blog\/wp-content\/uploads\/2026\/06\/Etleva-Lala.jpg?fit=1200%2C648&ssl=1&resize=525%2C300 1.5x, https:\/\/i0.wp.com\/www.shqiperia.com\/blog\/wp-content\/uploads\/2026\/06\/Etleva-Lala.jpg?fit=1200%2C648&ssl=1&resize=700%2C400 2x, https:\/\/i0.wp.com\/www.shqiperia.com\/blog\/wp-content\/uploads\/2026\/06\/Etleva-Lala.jpg?fit=1200%2C648&ssl=1&resize=1050%2C600 3x"},"classes":[]},{"id":103758,"url":"https:\/\/www.shqiperia.com\/blog\/bomba-ne-duart-e-francezeve-gazetari-flet-per-pergjimet-qe-fundosin-ramen-linden-baxhanakun-5-ministra\/","url_meta":{"origin":54437,"position":1},"title":"\u201cBomba\u201d n\u00eb duart e francez\u00ebve, gazetari flet p\u00ebr p\u00ebrgjimet q\u00eb fundosin Ram\u00ebn, Lind\u00ebn, baxhanakun, 5 ministra,\u2026","author":"Kurt Farka","date":"August 4, 2026","format":false,"excerpt":"4 Gusht 2026 Ndalimi n\u00eb Franc\u00eb i Ermal Beqirit ka rikthyer n\u00eb v\u00ebmendje afer\u00ebn e Agjencis\u00eb Komb\u00ebtare t\u00eb Shoq\u00ebris\u00eb s\u00eb Informacionit (AKSHI), p\u00ebr t\u00eb cil\u00ebn gazetari Basir \u00c7ollaku pretendon se shkon p\u00ebrtej personave t\u00eb hetuar deri m\u00eb tani. Ai deklaron se n\u00eb k\u00ebt\u00eb histori p\u00ebrfshihen emra t\u00eb niveleve t\u00eb larta,\u2026","rel":"","context":"In &quot;Blogu i Udh\u00ebtarit&quot;","block_context":{"text":"Blogu i Udh\u00ebtarit","link":"https:\/\/www.shqiperia.com\/blog\/category\/blogu-i-udhetarit\/"},"img":{"alt_text":"","src":"https:\/\/i0.wp.com\/www.shqiperia.com\/blog\/wp-content\/uploads\/2026\/08\/foto-3-rama-ermal-beqiri-vila-ne-france-AI-1140x570-1.jpg?fit=1140%2C570&ssl=1&resize=350%2C200","width":350,"height":200,"srcset":"https:\/\/i0.wp.com\/www.shqiperia.com\/blog\/wp-content\/uploads\/2026\/08\/foto-3-rama-ermal-beqiri-vila-ne-france-AI-1140x570-1.jpg?fit=1140%2C570&ssl=1&resize=350%2C200 1x, https:\/\/i0.wp.com\/www.shqiperia.com\/blog\/wp-content\/uploads\/2026\/08\/foto-3-rama-ermal-beqiri-vila-ne-france-AI-1140x570-1.jpg?fit=1140%2C570&ssl=1&resize=525%2C300 1.5x, https:\/\/i0.wp.com\/www.shqiperia.com\/blog\/wp-content\/uploads\/2026\/08\/foto-3-rama-ermal-beqiri-vila-ne-france-AI-1140x570-1.jpg?fit=1140%2C570&ssl=1&resize=700%2C400 2x, https:\/\/i0.wp.com\/www.shqiperia.com\/blog\/wp-content\/uploads\/2026\/08\/foto-3-rama-ermal-beqiri-vila-ne-france-AI-1140x570-1.jpg?fit=1140%2C570&ssl=1&resize=1050%2C600 3x"},"classes":[]},{"id":101457,"url":"https:\/\/www.shqiperia.com\/blog\/hetim-doreheqja-nuk-mjafton-qarri-rama-nuk-duhet-te-numeroje-me-as-paret-as-pronat-dhe-as-votat-e-shqiptareve\/","url_meta":{"origin":54437,"position":2},"title":"\u2018Hetim &#8211; Dor\u00ebheqja nuk mjafton\u2019, Qarri: Rama nuk duhet t\u00eb num\u00ebroj\u00eb m\u00eb as paret, as pronat dhe as votat e shqiptar\u00ebve","author":"Kurt Farka","date":"June 13, 2026","format":false,"excerpt":"Gazetari Flavio Qarri ka ngritur pesh\u00eb turm\u00ebn e protestuesve me akuza t\u00eb r\u00ebnda ndaj qeveris\u00eb. Duke theksuar se flet si nj\u00eb familjar me 35 t\u00eb af\u00ebrm n\u00eb emigrim, ai preku plag\u00ebn m\u00eb t\u00eb thell\u00eb t\u00eb shoq\u00ebris\u00eb shqiptare: shpopullimin e vendit. P\u00ebrmes nj\u00eb historie rr\u00ebqeth\u00ebse personale, ku tregonte se si nj\u00eb\u2026","rel":"","context":"In &quot;Blogu i Udh\u00ebtarit&quot;","block_context":{"text":"Blogu i Udh\u00ebtarit","link":"https:\/\/www.shqiperia.com\/blog\/category\/blogu-i-udhetarit\/"},"img":{"alt_text":"","src":"https:\/\/i0.wp.com\/www.shqiperia.com\/blog\/wp-content\/uploads\/2026\/06\/auto_Screenshot_2026-06-13_1933551781372853.png?fit=900%2C473&ssl=1&resize=350%2C200","width":350,"height":200,"srcset":"https:\/\/i0.wp.com\/www.shqiperia.com\/blog\/wp-content\/uploads\/2026\/06\/auto_Screenshot_2026-06-13_1933551781372853.png?fit=900%2C473&ssl=1&resize=350%2C200 1x, https:\/\/i0.wp.com\/www.shqiperia.com\/blog\/wp-content\/uploads\/2026\/06\/auto_Screenshot_2026-06-13_1933551781372853.png?fit=900%2C473&ssl=1&resize=525%2C300 1.5x, https:\/\/i0.wp.com\/www.shqiperia.com\/blog\/wp-content\/uploads\/2026\/06\/auto_Screenshot_2026-06-13_1933551781372853.png?fit=900%2C473&ssl=1&resize=700%2C400 2x"},"classes":[]},{"id":102777,"url":"https:\/\/www.shqiperia.com\/blog\/rama-si-enver-hoxha-nuk-flet-per-kosoven\/","url_meta":{"origin":54437,"position":3},"title":"\u201cRama si Enver Hoxha, nuk flet p\u00ebr Kosov\u00ebn\u201d","author":"Kurt Farka","date":"July 16, 2026","format":false,"excerpt":"16 Korrik 2026 Deputeti i \u201cMund\u00ebsia\u201d, Erald Kapri akuzoi kryeministrin Edi Rama p\u00ebr faktin se nuk ka b\u00ebr\u00eb asnj\u00eb reagim n\u00eb lidhje me deklarat\u00ebn skandaloze t\u00eb ministres serbe \u00a0Snezhana Paunovi\u00e7 se do t\u00eb b\u00ebnte spastrim etnik n\u00eb Kosov\u00eb. N\u00eb Kuvend, ai tha se kryeministri po sillet nj\u00ebsoj sikurse Enver Hoxha,\u2026","rel":"","context":"In &quot;Blogu i Udh\u00ebtarit&quot;","block_context":{"text":"Blogu i Udh\u00ebtarit","link":"https:\/\/www.shqiperia.com\/blog\/category\/blogu-i-udhetarit\/"},"img":{"alt_text":"","src":"https:\/\/i0.wp.com\/www.shqiperia.com\/blog\/wp-content\/uploads\/2026\/07\/490749578_4163715850518353_8749168321955968330_n.jpg?fit=640%2C487&ssl=1&resize=350%2C200","width":350,"height":200,"srcset":"https:\/\/i0.wp.com\/www.shqiperia.com\/blog\/wp-content\/uploads\/2026\/07\/490749578_4163715850518353_8749168321955968330_n.jpg?fit=640%2C487&ssl=1&resize=350%2C200 1x, https:\/\/i0.wp.com\/www.shqiperia.com\/blog\/wp-content\/uploads\/2026\/07\/490749578_4163715850518353_8749168321955968330_n.jpg?fit=640%2C487&ssl=1&resize=525%2C300 1.5x"},"classes":[]},{"id":101024,"url":"https:\/\/www.shqiperia.com\/blog\/mijera-protestues-ne-shesh-kerkojne-doreheqjen-e-rames-kryeministri-per-cnn-eshte-lufte-hibride-shqiperia-po-sulmohet-nga-armiqte\/","url_meta":{"origin":54437,"position":4},"title":"Mij\u00ebra protestues n\u00eb shesh k\u00ebrkojn\u00eb dor\u00ebheqjen e Ram\u00ebs, kryeministri p\u00ebr CNN: &#8211; \u00cbsht\u00eb luft\u00eb hibride, Shqip\u00ebria po sulmohet nga armiqt\u00eb","author":"Kurt Farka","date":"June 3, 2026","format":false,"excerpt":"3 Qershor 2026 N\u00eb deklarat\u00ebn e tij p\u00ebr CNN, Rama i ka cil\u00ebsuar protestat dhe raportimet si pjes\u00eb t\u00eb nj\u00eb \u201clufte hibride\u201d, duke pretenduar se Shqip\u00ebria po sulmohet nga\u00a0\u201carmiq dhe konkurrenc\u00eb e fort\u00eb n\u00eb rajon\u201d,\u00a0si dhe nga fushata dezinformimi n\u00eb rrjete sociale. \u201cNuk ka protesta n\u00eb t\u00eb gjith\u00eb Shqip\u00ebrin\u00eb. Ka\u2026","rel":"","context":"In &quot;Blogu i Udh\u00ebtarit&quot;","block_context":{"text":"Blogu i Udh\u00ebtarit","link":"https:\/\/www.shqiperia.com\/blog\/category\/blogu-i-udhetarit\/"},"img":{"alt_text":"","src":"https:\/\/i0.wp.com\/www.shqiperia.com\/blog\/wp-content\/uploads\/2026\/06\/images-1.webp?fit=678%2C452&ssl=1&resize=350%2C200","width":350,"height":200,"srcset":"https:\/\/i0.wp.com\/www.shqiperia.com\/blog\/wp-content\/uploads\/2026\/06\/images-1.webp?fit=678%2C452&ssl=1&resize=350%2C200 1x, https:\/\/i0.wp.com\/www.shqiperia.com\/blog\/wp-content\/uploads\/2026\/06\/images-1.webp?fit=678%2C452&ssl=1&resize=525%2C300 1.5x"},"classes":[]},{"id":101050,"url":"https:\/\/www.shqiperia.com\/blog\/rama-perplaset-me-gazetaren-e-cnn-per-projektin-ne-zvernec-po-me-akuzon-per-lajm-te-rreme-do-me-degjosh-apo-jo\/","url_meta":{"origin":54437,"position":5},"title":"Rama p\u00ebrplaset me gazetaren e CNN p\u00ebr projektin n\u00eb Zv\u00ebrnec: &#8211; Po m\u00eb akuzon p\u00ebr lajm t\u00eb rrem\u00eb! &#8211; Do m\u00eb d\u00ebgjosh apo jo\u2026","author":"Kurt Farka","date":"June 3, 2026","format":false,"excerpt":"3 Qershor 2026 Kryeministri Edi Rama foli sot n\u00eb nj\u00eb intervist\u00eb p\u00ebr CNN International, ku u pyet p\u00ebr projektin n\u00eb Zv\u00ebrnec. Gjat\u00eb fjal\u00ebs s\u00eb tij Rama u p\u00ebrplas edhe me gazetaren e cila e pyeste vazhdimisht\u00eb p\u00ebr projektin, nd\u00ebrsa kryeministri thekson se nuk ka asnj\u00eb projekt dhe k\u00ebto jan\u00eb lajme\u2026","rel":"","context":"In &quot;Kultura&quot;","block_context":{"text":"Kultura","link":"https:\/\/www.shqiperia.com\/blog\/category\/kultura\/"},"img":{"alt_text":"","src":"https:\/\/i0.wp.com\/www.shqiperia.com\/blog\/wp-content\/uploads\/2026\/06\/Edi-Rama-2.jpg?fit=780%2C440&ssl=1&resize=350%2C200","width":350,"height":200,"srcset":"https:\/\/i0.wp.com\/www.shqiperia.com\/blog\/wp-content\/uploads\/2026\/06\/Edi-Rama-2.jpg?fit=780%2C440&ssl=1&resize=350%2C200 1x, https:\/\/i0.wp.com\/www.shqiperia.com\/blog\/wp-content\/uploads\/2026\/06\/Edi-Rama-2.jpg?fit=780%2C440&ssl=1&resize=525%2C300 1.5x, https:\/\/i0.wp.com\/www.shqiperia.com\/blog\/wp-content\/uploads\/2026\/06\/Edi-Rama-2.jpg?fit=780%2C440&ssl=1&resize=700%2C400 2x"},"classes":[]}],"_links":{"self":[{"href":"https:\/\/www.shqiperia.com\/blog\/wp-json\/wp\/v2\/posts\/54437","targetHints":{"allow":["GET"]}}],"collection":[{"href":"https:\/\/www.shqiperia.com\/blog\/wp-json\/wp\/v2\/posts"}],"about":[{"href":"https:\/\/www.shqiperia.com\/blog\/wp-json\/wp\/v2\/types\/post"}],"author":[{"embeddable":true,"href":"https:\/\/www.shqiperia.com\/blog\/wp-json\/wp\/v2\/users\/9"}],"replies":[{"embeddable":true,"href":"https:\/\/www.shqiperia.com\/blog\/wp-json\/wp\/v2\/comments?post=54437"}],"version-history":[{"count":1,"href":"https:\/\/www.shqiperia.com\/blog\/wp-json\/wp\/v2\/posts\/54437\/revisions"}],"predecessor-version":[{"id":54439,"href":"https:\/\/www.shqiperia.com\/blog\/wp-json\/wp\/v2\/posts\/54437\/revisions\/54439"}],"wp:featuredmedia":[{"embeddable":true,"href":"https:\/\/www.shqiperia.com\/blog\/wp-json\/wp\/v2\/media\/54438"}],"wp:attachment":[{"href":"https:\/\/www.shqiperia.com\/blog\/wp-json\/wp\/v2\/media?parent=54437"}],"wp:term":[{"taxonomy":"category","embeddable":true,"href":"https:\/\/www.shqiperia.com\/blog\/wp-json\/wp\/v2\/categories?post=54437"},{"taxonomy":"post_tag","embeddable":true,"href":"https:\/\/www.shqiperia.com\/blog\/wp-json\/wp\/v2\/tags?post=54437"}],"curies":[{"name":"wp","href":"https:\/\/api.w.org\/{rel}","templated":true}]}}