{"id":54081,"date":"2022-02-16T07:41:08","date_gmt":"2022-02-16T07:41:08","guid":{"rendered":"https:\/\/www.shqiperia.com\/blog\/?p=54081"},"modified":"2022-02-16T07:41:08","modified_gmt":"2022-02-16T07:41:08","slug":"lulet-e-vjedhura-nga-nazistet-piktura-i-kthehet-pronareve","status":"publish","type":"post","link":"https:\/\/www.shqiperia.com\/blog\/lulet-e-vjedhura-nga-nazistet-piktura-i-kthehet-pronareve\/","title":{"rendered":"&#8220;Lulet&#8221; e vjedhura nga nazist\u00ebt, piktura i kthehet pronar\u00ebve"},"content":{"rendered":"<p><img data-recalc-dims=\"1\" loading=\"lazy\" decoding=\"async\" data-attachment-id=\"54082\" data-permalink=\"https:\/\/www.shqiperia.com\/blog\/lulet-e-vjedhura-nga-nazistet-piktura-i-kthehet-pronareve\/640-0-muzeujpg-1644579837\/\" data-orig-file=\"https:\/\/i0.wp.com\/www.shqiperia.com\/blog\/wp-content\/uploads\/2022\/02\/640-0-muzeujpg-1644579837.jpg?fit=640%2C356&amp;ssl=1\" data-orig-size=\"640,356\" data-comments-opened=\"1\" data-image-meta=\"{&quot;aperture&quot;:&quot;0&quot;,&quot;credit&quot;:&quot;&quot;,&quot;camera&quot;:&quot;&quot;,&quot;caption&quot;:&quot;&quot;,&quot;created_timestamp&quot;:&quot;0&quot;,&quot;copyright&quot;:&quot;&quot;,&quot;focal_length&quot;:&quot;0&quot;,&quot;iso&quot;:&quot;0&quot;,&quot;shutter_speed&quot;:&quot;0&quot;,&quot;title&quot;:&quot;&quot;,&quot;orientation&quot;:&quot;0&quot;}\" data-image-title=\"-640-0-muzeujpg-1644579837\" data-image-description=\"\" data-image-caption=\"\" data-medium-file=\"https:\/\/i0.wp.com\/www.shqiperia.com\/blog\/wp-content\/uploads\/2022\/02\/640-0-muzeujpg-1644579837.jpg?fit=300%2C167&amp;ssl=1\" data-large-file=\"https:\/\/i0.wp.com\/www.shqiperia.com\/blog\/wp-content\/uploads\/2022\/02\/640-0-muzeujpg-1644579837.jpg?fit=640%2C356&amp;ssl=1\" class=\"alignnone  wp-image-54082\" alt=\"\" src=\"https:\/\/i0.wp.com\/www.shqiperia.com\/blog\/wp-content\/uploads\/2022\/02\/640-0-muzeujpg-1644579837.jpg?resize=663%2C369&#038;ssl=1\" width=\"663\" height=\"369\" srcset=\"https:\/\/i0.wp.com\/www.shqiperia.com\/blog\/wp-content\/uploads\/2022\/02\/640-0-muzeujpg-1644579837.jpg?resize=300%2C167&amp;ssl=1 300w, https:\/\/i0.wp.com\/www.shqiperia.com\/blog\/wp-content\/uploads\/2022\/02\/640-0-muzeujpg-1644579837.jpg?resize=450%2C250&amp;ssl=1 450w, https:\/\/i0.wp.com\/www.shqiperia.com\/blog\/wp-content\/uploads\/2022\/02\/640-0-muzeujpg-1644579837.jpg?resize=600%2C334&amp;ssl=1 600w, https:\/\/i0.wp.com\/www.shqiperia.com\/blog\/wp-content\/uploads\/2022\/02\/640-0-muzeujpg-1644579837.jpg?resize=400%2C223&amp;ssl=1 400w, https:\/\/i0.wp.com\/www.shqiperia.com\/blog\/wp-content\/uploads\/2022\/02\/640-0-muzeujpg-1644579837.jpg?w=640&amp;ssl=1 640w\" sizes=\"auto, (max-width: 663px) 100vw, 663px\" \/><\/p>\n<p>&#8220;Lulet&#8221; e vjedhura nga nazist\u00ebt, piktura i kthehet pronar\u00ebve<\/p>\n<p>11 Shkurt 2022<\/p>\n<p>Muzeu Mbret\u00ebror i Arteve t\u00eb Bukura t\u00eb Belgjik\u00ebs u ka kthyer pasardh\u00ebsve t\u00eb pronar\u00ebve piktur\u00ebn e titulluar &#8220;Lulet&#8221; nga Lovis Corinth, e vjedhur nga nazist\u00ebt gjat\u00eb Luft\u00ebs s\u00eb Dyt\u00eb Bot\u00ebrore.<\/p>\n<p>&#8220;\u00cbsht\u00eb nj\u00eb piktur\u00eb e quajtur &#8220;Lulet&#8221;. Lovis Corinth ka pikturuar dhjet\u00ebra t\u00eb tilla. Shum\u00eb shpesh, familjet q\u00eb jan\u00eb larguar, nuk i kan\u00eb ruajtur faturat me vete. Qytetet u bombarduan. Shpesh ka munges\u00eb arkivash\u201d, tha Michel Draguet, Drejtues i Muzeut t\u00eb Belgjik\u00ebs.<\/p>\n<p>N\u00eb em\u00ebr t\u00eb pasardh\u00ebsve t\u00eb familjes s\u00eb grabitur, piktur\u00ebn e pranoi avokati I tyre Imke Gielen. Ai sqaroi se disa prej tyre jetojn\u00eb n\u00eb SHBA dhe n\u00eb Afrik\u00ebn e Jugut dhe nuk mund\u00ebn t\u00eb udh\u00ebtonin p\u00ebr shkak t\u00eb kufizimeve t\u00eb pandemis\u00eb.<\/p>\n<p>&#8220;K\u00ebto vepra kan\u00eb t\u00eb gjitha histori t\u00eb ndryshme, por ne i kemi bashkuar sepse t\u00eb gjitha jan\u00eb t\u00eb lidhura me luft\u00ebn dhe t\u00eb gjitha paraqesin nj\u00eb problem t\u00eb prejardhjes n\u00eb nj\u00eb far\u00eb m\u00ebnyre.<\/p>\n<p>Dhe ishte e r\u00ebnd\u00ebsishme t\u00eb theksohej ky problem i origjin\u00ebs n\u00eb m\u00ebnyr\u00eb q\u00eb edhe publiku t\u00eb kuptonte se kjo nuk \u00ebsht\u00eb e thjesht\u00eb. Nuk kishte asnj\u00eb piktur\u00eb pas s\u00eb cil\u00ebs ishte shkruar adresa thjesht: &#8220;Zoti dhe zonja Meyer&#8221;, shtoi Draguet.<\/p>\n<p>Muzeu ka hapur gjithashtu dy dhoma t\u00eb reja: nj\u00ebra kushtuar pikturave t\u00eb grabitura nga nazist\u00ebt dhe nj\u00eb tjet\u00ebr kushtuar temave t\u00eb kolonializmit dhe diversitetit.<\/p>\n<p>Pergatiti Besmira Pelushaj<\/p>\n<p>Nga oranews<\/p>\n","protected":false},"excerpt":{"rendered":"<p>&#8220;Lulet&#8221; e vjedhura nga nazist\u00ebt, piktura i kthehet pronar\u00ebve 11 Shkurt 2022 Muzeu Mbret\u00ebror i Arteve t\u00eb Bukura t\u00eb Belgjik\u00ebs u ka kthyer pasardh\u00ebsve t\u00eb pronar\u00ebve piktur\u00ebn e titulluar &#8220;Lulet&#8221; nga Lovis Corinth, e vjedhur nga nazist\u00ebt gjat\u00eb Luft\u00ebs s\u00eb Dyt\u00eb Bot\u00ebrore. &#8220;\u00cbsht\u00eb nj\u00eb piktur\u00eb e quajtur &#8220;Lulet&#8221;. Lovis Corinth ka pikturuar dhjet\u00ebra t\u00eb tilla. [&hellip;]<\/p>\n","protected":false},"author":9,"featured_media":54082,"comment_status":"open","ping_status":"open","sticky":false,"template":"","format":"standard","meta":{"jetpack_post_was_ever_published":false,"_jetpack_newsletter_access":"","_jetpack_dont_email_post_to_subs":false,"_jetpack_newsletter_tier_id":0,"_jetpack_memberships_contains_paywalled_content":false,"_jetpack_memberships_contains_paid_content":false,"footnotes":"","jetpack_publicize_message":"","jetpack_publicize_feature_enabled":true,"jetpack_social_post_already_shared":true,"jetpack_social_options":{"image_generator_settings":{"template":"highway","default_image_id":0,"font":"","enabled":false},"version":2}},"categories":[87,10,86],"tags":[],"class_list":["post-54081","post","type-post","status-publish","format-standard","has-post-thumbnail","hentry","category-arte","category-kultura","category-trashegimi-kulturore"],"jetpack_publicize_connections":[],"jetpack_featured_media_url":"https:\/\/i0.wp.com\/www.shqiperia.com\/blog\/wp-content\/uploads\/2022\/02\/640-0-muzeujpg-1644579837.jpg?fit=640%2C356&ssl=1","jetpack_sharing_enabled":true,"jetpack_shortlink":"https:\/\/wp.me\/p5Z6wp-e4h","jetpack-related-posts":[{"id":83817,"url":"https:\/\/www.shqiperia.com\/blog\/piktura-e-plackitur-nga-nazistet-kthehet-te-pronaret-hebrenj-pas-82-viteve\/","url_meta":{"origin":54081,"position":0},"title":"Piktura e pla\u00e7kitur nga nazist\u00ebt kthehet te pronar\u00ebt hebrenj pas 82 viteve","author":"Kurt Farka","date":"August 28, 2024","format":false,"excerpt":"28 Gusht 2024 Nj\u00eb vep\u00ebr artit e piktorit gjerman t\u00eb peizazheve Carl Blechen q\u00eb ishte marr\u00eb nga nazist\u00ebt n\u00eb vitin 1942 u \u00ebsht\u00eb kthyer trash\u00ebgimtar\u00ebve t\u00eb pronar\u00ebve t\u00eb ligjsh\u00ebm t\u00eb saj. \u201cValley of Mills near Amalfi\u201d (rreth 1830) u ble nga Dr. Goldschmidt n\u00eb Berlin n\u00eb fillim t\u00eb shekullit XX\u2026","rel":"","context":"In &quot;Arte&quot;","block_context":{"text":"Arte","link":"https:\/\/www.shqiperia.com\/blog\/category\/arte\/"},"img":{"alt_text":"","src":"https:\/\/i0.wp.com\/www.shqiperia.com\/blog\/wp-content\/uploads\/2024\/08\/23f70cc4-d16f-4344-b12a-5083414be953.jpg?fit=860%2C550&ssl=1&resize=350%2C200","width":350,"height":200,"srcset":"https:\/\/i0.wp.com\/www.shqiperia.com\/blog\/wp-content\/uploads\/2024\/08\/23f70cc4-d16f-4344-b12a-5083414be953.jpg?fit=860%2C550&ssl=1&resize=350%2C200 1x, https:\/\/i0.wp.com\/www.shqiperia.com\/blog\/wp-content\/uploads\/2024\/08\/23f70cc4-d16f-4344-b12a-5083414be953.jpg?fit=860%2C550&ssl=1&resize=525%2C300 1.5x, https:\/\/i0.wp.com\/www.shqiperia.com\/blog\/wp-content\/uploads\/2024\/08\/23f70cc4-d16f-4344-b12a-5083414be953.jpg?fit=860%2C550&ssl=1&resize=700%2C400 2x"},"classes":[]},{"id":80692,"url":"https:\/\/www.shqiperia.com\/blog\/piktura-e-humbur-e-gustav-klimt-do-te-dale-ne-ankand-dhe-pritet-te-kushtoje-sa-qimet-e-kokes\/","url_meta":{"origin":54081,"position":1},"title":"\u201cPiktura e humbur\u201d e Gustav Klimt do t\u00eb dal\u00eb n\u00eb ankand dhe pritet t\u00eb kushtoj\u00eb sa \u201cqimet e kok\u00ebs\u201d","author":"Kurt Farka","date":"May 5, 2024","format":false,"excerpt":"5 Maji 2024 Nj\u00eb piktur\u00eb e artistit austriak, Gustav Klimt q\u00eb besohej e humbur p\u00ebr 100 vitet e fundit do t\u00eb dal\u00eb n\u00eb nj\u00eb ankand n\u00eb Vjen\u00eb. Vlera e piktur\u00ebs vler\u00ebsohet deri n\u00eb 50 milion\u00eb Euro, megjith\u00ebse mund t\u00eb ket\u00eb edhe nj\u00eb \u00e7mim m\u00eb t\u00eb lart\u00eb. Ka shum\u00eb pyetje q\u00eb\u2026","rel":"","context":"In &quot;Arte&quot;","block_context":{"text":"Arte","link":"https:\/\/www.shqiperia.com\/blog\/category\/arte\/"},"img":{"alt_text":"","src":"https:\/\/i0.wp.com\/www.shqiperia.com\/blog\/wp-content\/uploads\/2024\/05\/piktura-1-979x1024-1.jpg?fit=979%2C597&ssl=1&resize=350%2C200","width":350,"height":200,"srcset":"https:\/\/i0.wp.com\/www.shqiperia.com\/blog\/wp-content\/uploads\/2024\/05\/piktura-1-979x1024-1.jpg?fit=979%2C597&ssl=1&resize=350%2C200 1x, https:\/\/i0.wp.com\/www.shqiperia.com\/blog\/wp-content\/uploads\/2024\/05\/piktura-1-979x1024-1.jpg?fit=979%2C597&ssl=1&resize=525%2C300 1.5x, https:\/\/i0.wp.com\/www.shqiperia.com\/blog\/wp-content\/uploads\/2024\/05\/piktura-1-979x1024-1.jpg?fit=979%2C597&ssl=1&resize=700%2C400 2x"},"classes":[]},{"id":57643,"url":"https:\/\/www.shqiperia.com\/blog\/shkodra-feston-diten-e-luleve-6-maji-kthehet-ne-tradite\/","url_meta":{"origin":54081,"position":2},"title":"Shkodra feston dit\u00ebn e luleve, 6 maji kthehet n\u00eb tradit\u00eb","author":"Kurt Farka","date":"May 6, 2022","format":false,"excerpt":"Shkodra feston dit\u00ebn e luleve, 6 maji kthehet n\u00eb tradit\u00eb 6 Maj 2022 Shkodran\u00ebt festojn\u00eb prej 30 vitesh mes lulesh e k\u00ebng\u00ebsh ardhjen e pranver\u00ebs. 6 Maji \u00ebsht\u00eb kthyer tashme n\u00eb nj\u00eb fest\u00eb tradicionale q\u00eb prej vitesh b\u00ebn bashk\u00eb t\u00eb vegj\u00ebl dhe t\u00eb m\u00ebdhenj, ku t\u00eb gjith\u00eb i k\u00ebndojn\u00eb luleve\u2026","rel":"","context":"In &quot;Blogu i Udh\u00ebtarit&quot;","block_context":{"text":"Blogu i Udh\u00ebtarit","link":"https:\/\/www.shqiperia.com\/blog\/category\/blogu-i-udhetarit\/"},"img":{"alt_text":"","src":"https:\/\/i0.wp.com\/www.shqiperia.com\/blog\/wp-content\/uploads\/2022\/05\/Shkodra-feston-diten-e-luleve-6-maji-kthehet-ne-tradite-4.jpg?fit=800%2C471&ssl=1&resize=350%2C200","width":350,"height":200,"srcset":"https:\/\/i0.wp.com\/www.shqiperia.com\/blog\/wp-content\/uploads\/2022\/05\/Shkodra-feston-diten-e-luleve-6-maji-kthehet-ne-tradite-4.jpg?fit=800%2C471&ssl=1&resize=350%2C200 1x, https:\/\/i0.wp.com\/www.shqiperia.com\/blog\/wp-content\/uploads\/2022\/05\/Shkodra-feston-diten-e-luleve-6-maji-kthehet-ne-tradite-4.jpg?fit=800%2C471&ssl=1&resize=525%2C300 1.5x, https:\/\/i0.wp.com\/www.shqiperia.com\/blog\/wp-content\/uploads\/2022\/05\/Shkodra-feston-diten-e-luleve-6-maji-kthehet-ne-tradite-4.jpg?fit=800%2C471&ssl=1&resize=700%2C400 2x"},"classes":[]},{"id":77662,"url":"https:\/\/www.shqiperia.com\/blog\/gjendet-vepra-e-humbur-e-gustav-klimt-pas-pothuajse-100-vjetesh\/","url_meta":{"origin":54081,"position":3},"title":"Gjendet vepra e humbur e Gustav Klimt pas pothuajse 100 vjet\u00ebsh","author":"Kurt Farka","date":"January 27, 2024","format":false,"excerpt":"27 Janar 2024 Nj\u00eb piktur\u00eb e artistit austriak Gustav Klimt, q\u00eb besohej e humbur p\u00ebr 100 vjet, \u00ebsht\u00eb gjetur n\u00eb Vjen\u00eb, sipas BBC. Portreti i Fraulein Lieser dikur i p\u00ebrkiste nj\u00eb familjeje hebreje n\u00eb Austri dhe u pa p\u00ebr her\u00eb t\u00eb fundit n\u00eb publik n\u00eb 1925. Fati i saj pas\u2026","rel":"","context":"In &quot;Arte&quot;","block_context":{"text":"Arte","link":"https:\/\/www.shqiperia.com\/blog\/category\/arte\/"},"img":{"alt_text":"","src":"https:\/\/i0.wp.com\/www.shqiperia.com\/blog\/wp-content\/uploads\/2024\/01\/640-0-screenshot-26-1706304154.jpg?fit=640%2C371&ssl=1&resize=350%2C200","width":350,"height":200,"srcset":"https:\/\/i0.wp.com\/www.shqiperia.com\/blog\/wp-content\/uploads\/2024\/01\/640-0-screenshot-26-1706304154.jpg?fit=640%2C371&ssl=1&resize=350%2C200 1x, https:\/\/i0.wp.com\/www.shqiperia.com\/blog\/wp-content\/uploads\/2024\/01\/640-0-screenshot-26-1706304154.jpg?fit=640%2C371&ssl=1&resize=525%2C300 1.5x"},"classes":[]},{"id":52659,"url":"https:\/\/www.shqiperia.com\/blog\/arti-i-grabitur-nga-nazistet-mbush-nje-muze-te-humbur-gazetari-rus-zbulon-sesi-e-plackiten-me-miresjellje-kulturen-sovjete\/","url_meta":{"origin":54081,"position":4},"title":"Arti i grabitur nga nazist\u00ebt mbush nj\u00eb &#8216;muze t\u00eb humbur&#8217;, gazetari rus zbulon sesi e pla\u00e7kit\u00ebn me mir\u00ebsjellje kultur\u00ebn sovjete","author":"Kurt Farka","date":"December 24, 2021","format":false,"excerpt":"Arti i grabitur nga nazist\u00ebt mbush nj\u00eb 'muze t\u00eb humbur', gazetari rus zbulon sesi e pla\u00e7kit\u00ebn me mir\u00ebsjellje kultur\u00ebn sovjete 1,148,908. Ky \u00ebsht\u00eb numri i veprave t\u00eb artit rus q\u00eb Komisioni Shtet\u00ebror Rus p\u00ebr Kthimin e Thesareve Kulturore ka vler\u00ebsuar se humb\u00ebn kur ushtria naziste sulmoi Bashkimin Sovjetik. 22 Dhjetor\u2026","rel":"","context":"In &quot;Arte&quot;","block_context":{"text":"Arte","link":"https:\/\/www.shqiperia.com\/blog\/category\/arte\/"},"img":{"alt_text":"","src":"https:\/\/i0.wp.com\/www.shqiperia.com\/blog\/wp-content\/uploads\/2021\/12\/Arti-i-grabitur-nga-nazistet-mbush-nje-muze-te-humbur.jpg?fit=780%2C440&ssl=1&resize=350%2C200","width":350,"height":200,"srcset":"https:\/\/i0.wp.com\/www.shqiperia.com\/blog\/wp-content\/uploads\/2021\/12\/Arti-i-grabitur-nga-nazistet-mbush-nje-muze-te-humbur.jpg?fit=780%2C440&ssl=1&resize=350%2C200 1x, https:\/\/i0.wp.com\/www.shqiperia.com\/blog\/wp-content\/uploads\/2021\/12\/Arti-i-grabitur-nga-nazistet-mbush-nje-muze-te-humbur.jpg?fit=780%2C440&ssl=1&resize=525%2C300 1.5x, https:\/\/i0.wp.com\/www.shqiperia.com\/blog\/wp-content\/uploads\/2021\/12\/Arti-i-grabitur-nga-nazistet-mbush-nje-muze-te-humbur.jpg?fit=780%2C440&ssl=1&resize=700%2C400 2x"},"classes":[]},{"id":91715,"url":"https:\/\/www.shqiperia.com\/blog\/75-vjecari-di-ku-e-fshehen-nazistet-thesarin-baronit-hebre-por-sme-lene-te-germoj\/","url_meta":{"origin":54081,"position":5},"title":"75-vje\u00e7ari: &#8211; Di ku e fsheh\u00ebn nazist\u00ebt thesarin baronit hebre, por s\u2019m\u00eb l\u00ebn\u00eb t\u00eb g\u00ebrmoj","author":"Kurt Farka","date":"April 21, 2025","format":false,"excerpt":"21 Prill 2025 N\u00eb nj\u00eb bunker t\u00eb mbyllur nga nazist\u00ebt dhe t\u00eb paeksloruar m\u00eb par\u00eb mendohet se fshihet nj\u00eb koleksion arti q\u00eb mund t\u00eb vlej\u00eb miliarda. Nj\u00eb shkrimtar gjerman q\u00eb i ka kushtuar jet\u00ebn e tij gjetjes s\u00eb k\u00ebtij thesari i ka th\u00ebn\u00eb \u201cThe Sun\u201d se \u00ebsht\u00eb shum\u00eb pran\u00eb gjetjes\u2026","rel":"","context":"In &quot;Blogu i Udh\u00ebtarit&quot;","block_context":{"text":"Blogu i Udh\u00ebtarit","link":"https:\/\/www.shqiperia.com\/blog\/category\/blogu-i-udhetarit\/"},"img":{"alt_text":"","src":"https:\/\/i0.wp.com\/www.shqiperia.com\/blog\/wp-content\/uploads\/2025\/04\/auto_Screenshot_211745182344.png?fit=900%2C545&ssl=1&resize=350%2C200","width":350,"height":200,"srcset":"https:\/\/i0.wp.com\/www.shqiperia.com\/blog\/wp-content\/uploads\/2025\/04\/auto_Screenshot_211745182344.png?fit=900%2C545&ssl=1&resize=350%2C200 1x, https:\/\/i0.wp.com\/www.shqiperia.com\/blog\/wp-content\/uploads\/2025\/04\/auto_Screenshot_211745182344.png?fit=900%2C545&ssl=1&resize=525%2C300 1.5x, https:\/\/i0.wp.com\/www.shqiperia.com\/blog\/wp-content\/uploads\/2025\/04\/auto_Screenshot_211745182344.png?fit=900%2C545&ssl=1&resize=700%2C400 2x"},"classes":[]}],"_links":{"self":[{"href":"https:\/\/www.shqiperia.com\/blog\/wp-json\/wp\/v2\/posts\/54081","targetHints":{"allow":["GET"]}}],"collection":[{"href":"https:\/\/www.shqiperia.com\/blog\/wp-json\/wp\/v2\/posts"}],"about":[{"href":"https:\/\/www.shqiperia.com\/blog\/wp-json\/wp\/v2\/types\/post"}],"author":[{"embeddable":true,"href":"https:\/\/www.shqiperia.com\/blog\/wp-json\/wp\/v2\/users\/9"}],"replies":[{"embeddable":true,"href":"https:\/\/www.shqiperia.com\/blog\/wp-json\/wp\/v2\/comments?post=54081"}],"version-history":[{"count":1,"href":"https:\/\/www.shqiperia.com\/blog\/wp-json\/wp\/v2\/posts\/54081\/revisions"}],"predecessor-version":[{"id":54083,"href":"https:\/\/www.shqiperia.com\/blog\/wp-json\/wp\/v2\/posts\/54081\/revisions\/54083"}],"wp:featuredmedia":[{"embeddable":true,"href":"https:\/\/www.shqiperia.com\/blog\/wp-json\/wp\/v2\/media\/54082"}],"wp:attachment":[{"href":"https:\/\/www.shqiperia.com\/blog\/wp-json\/wp\/v2\/media?parent=54081"}],"wp:term":[{"taxonomy":"category","embeddable":true,"href":"https:\/\/www.shqiperia.com\/blog\/wp-json\/wp\/v2\/categories?post=54081"},{"taxonomy":"post_tag","embeddable":true,"href":"https:\/\/www.shqiperia.com\/blog\/wp-json\/wp\/v2\/tags?post=54081"}],"curies":[{"name":"wp","href":"https:\/\/api.w.org\/{rel}","templated":true}]}}