{"id":54053,"date":"2022-02-15T22:02:35","date_gmt":"2022-02-15T22:02:35","guid":{"rendered":"https:\/\/www.shqiperia.com\/blog\/?p=54053"},"modified":"2022-02-15T22:02:58","modified_gmt":"2022-02-15T22:02:58","slug":"shtepite-muzeale-ne-delvine-drejt-rrenimit-bashkia-percjellin-vlerat-e-qytetit-banoret-te-aplikojne-per-fonde-album-foto","status":"publish","type":"post","link":"https:\/\/www.shqiperia.com\/blog\/shtepite-muzeale-ne-delvine-drejt-rrenimit-bashkia-percjellin-vlerat-e-qytetit-banoret-te-aplikojne-per-fonde-album-foto\/","title":{"rendered":"Sht\u00ebpit\u00eb muzeale n\u00eb Delvin\u00eb drejt rr\u00ebnimit! Bashkia: P\u00ebrcjellin vlerat e qytetit, banor\u00ebt t\u00eb aplikojn\u00eb p\u00ebr fonde! &#8211; Album Foto"},"content":{"rendered":"<div id=\"attachment_54054\" style=\"width: 686px\" class=\"wp-caption alignnone\"><img data-recalc-dims=\"1\" loading=\"lazy\" decoding=\"async\" aria-describedby=\"caption-attachment-54054\" data-attachment-id=\"54054\" data-permalink=\"https:\/\/www.shqiperia.com\/blog\/shtepite-muzeale-ne-delvine-drejt-rrenimit-bashkia-percjellin-vlerat-e-qytetit-banoret-te-aplikojne-per-fonde-album-foto\/shtepite-muzeale-ne-delvine-drejt-rrenimit-4\/\" data-orig-file=\"https:\/\/i0.wp.com\/www.shqiperia.com\/blog\/wp-content\/uploads\/2022\/02\/Shtepite-muzeale-ne-Delvine-drejt-rrenimit-4.jpg?fit=1645%2C889&amp;ssl=1\" data-orig-size=\"1645,889\" data-comments-opened=\"1\" data-image-meta=\"{&quot;aperture&quot;:&quot;0&quot;,&quot;credit&quot;:&quot;&quot;,&quot;camera&quot;:&quot;&quot;,&quot;caption&quot;:&quot;&quot;,&quot;created_timestamp&quot;:&quot;0&quot;,&quot;copyright&quot;:&quot;&quot;,&quot;focal_length&quot;:&quot;0&quot;,&quot;iso&quot;:&quot;0&quot;,&quot;shutter_speed&quot;:&quot;0&quot;,&quot;title&quot;:&quot;&quot;,&quot;orientation&quot;:&quot;0&quot;}\" data-image-title=\"Sht\u00ebpit\u00eb muzeale n\u00eb Delvin\u00eb drejt rr\u00ebnimit! (4)\" data-image-description=\"\" data-image-caption=\"&lt;p&gt;Sht\u00ebpit\u00eb muzeale n\u00eb Delvin\u00eb drejt rr\u00ebnimit!&lt;\/p&gt;\n\" data-medium-file=\"https:\/\/i0.wp.com\/www.shqiperia.com\/blog\/wp-content\/uploads\/2022\/02\/Shtepite-muzeale-ne-Delvine-drejt-rrenimit-4.jpg?fit=300%2C162&amp;ssl=1\" data-large-file=\"https:\/\/i0.wp.com\/www.shqiperia.com\/blog\/wp-content\/uploads\/2022\/02\/Shtepite-muzeale-ne-Delvine-drejt-rrenimit-4.jpg?fit=1024%2C553&amp;ssl=1\" class=\" wp-image-54054\" alt=\"\" src=\"https:\/\/i0.wp.com\/www.shqiperia.com\/blog\/wp-content\/uploads\/2022\/02\/Shtepite-muzeale-ne-Delvine-drejt-rrenimit-4.jpg?resize=676%2C365&#038;ssl=1\" width=\"676\" height=\"365\" srcset=\"https:\/\/i0.wp.com\/www.shqiperia.com\/blog\/wp-content\/uploads\/2022\/02\/Shtepite-muzeale-ne-Delvine-drejt-rrenimit-4.jpg?resize=300%2C162&amp;ssl=1 300w, https:\/\/i0.wp.com\/www.shqiperia.com\/blog\/wp-content\/uploads\/2022\/02\/Shtepite-muzeale-ne-Delvine-drejt-rrenimit-4.jpg?resize=1024%2C553&amp;ssl=1 1024w, https:\/\/i0.wp.com\/www.shqiperia.com\/blog\/wp-content\/uploads\/2022\/02\/Shtepite-muzeale-ne-Delvine-drejt-rrenimit-4.jpg?resize=768%2C415&amp;ssl=1 768w, https:\/\/i0.wp.com\/www.shqiperia.com\/blog\/wp-content\/uploads\/2022\/02\/Shtepite-muzeale-ne-Delvine-drejt-rrenimit-4.jpg?resize=1536%2C830&amp;ssl=1 1536w, https:\/\/i0.wp.com\/www.shqiperia.com\/blog\/wp-content\/uploads\/2022\/02\/Shtepite-muzeale-ne-Delvine-drejt-rrenimit-4.jpg?resize=450%2C243&amp;ssl=1 450w, https:\/\/i0.wp.com\/www.shqiperia.com\/blog\/wp-content\/uploads\/2022\/02\/Shtepite-muzeale-ne-Delvine-drejt-rrenimit-4.jpg?resize=600%2C324&amp;ssl=1 600w, https:\/\/i0.wp.com\/www.shqiperia.com\/blog\/wp-content\/uploads\/2022\/02\/Shtepite-muzeale-ne-Delvine-drejt-rrenimit-4.jpg?resize=1500%2C811&amp;ssl=1 1500w, https:\/\/i0.wp.com\/www.shqiperia.com\/blog\/wp-content\/uploads\/2022\/02\/Shtepite-muzeale-ne-Delvine-drejt-rrenimit-4.jpg?resize=1300%2C703&amp;ssl=1 1300w, https:\/\/i0.wp.com\/www.shqiperia.com\/blog\/wp-content\/uploads\/2022\/02\/Shtepite-muzeale-ne-Delvine-drejt-rrenimit-4.jpg?resize=400%2C216&amp;ssl=1 400w, https:\/\/i0.wp.com\/www.shqiperia.com\/blog\/wp-content\/uploads\/2022\/02\/Shtepite-muzeale-ne-Delvine-drejt-rrenimit-4.jpg?w=1645&amp;ssl=1 1645w\" sizes=\"auto, (max-width: 676px) 100vw, 676px\" \/><p id=\"caption-attachment-54054\" class=\"wp-caption-text\">Sht\u00ebpit\u00eb muzeale n\u00eb Delvin\u00eb drejt rr\u00ebnimit!<\/p><\/div>\n<p>Sht\u00ebpit\u00eb muzeale n\u00eb Delvin\u00eb drejt rr\u00ebnimit! Bashkia: P\u00ebrcjellin vlerat e qytetit, banor\u00ebt t\u00eb aplikojn\u00eb p\u00ebr fonde!<\/p>\n<p>&#8211; Album Foto<\/p>\n<p>12 Shkurt2022<\/p>\n<p>Sht\u00ebpit\u00eb muzeale n\u00eb Delvin\u00eb n\u00eb lagjen e vjet\u00ebr Llak\u00eb rrezikojn\u00eb shembjen. Shumica e pronar\u00ebve jan\u00eb larguar, nd\u00ebrsa shpresa e tyre mbeten grantet e qeveris\u00eb n\u00ebp\u00ebrmjet projekteve t\u00eb rijet\u00ebsimit p\u00ebr rikonstruksionin e sht\u00ebpive monument kulture.<\/p>\n<p>Delvina po kthehet gjithnj\u00eb e m\u00eb shum\u00eb vitet e fundit n\u00eb atraksion turistik, por fenomeni i lart\u00eb i emigracionit ka sjell\u00eb munges\u00ebn e investimeve n\u00eb zon\u00eb. Lagjja e vjet\u00ebr Llak\u00eb, e shpallur zon\u00eb muzeale me rrug\u00ebt e saj me kalldr\u00ebm dhe banesat me gur\u00eb qindra vje\u00e7are, \u00ebsht\u00eb drejt degradimit. Shumica e tyre rrezikojn\u00eb shembjen, pasi \u00e7atit\u00eb kan\u00eb p\u00ebsuar d\u00ebmtime t\u00eb r\u00ebnda dhe lag\u00ebshtira b\u00ebn q\u00eb t\u00eb d\u00ebmtohen jo vet\u00ebm dyshemet\u00eb dhe orendit\u00eb prej druri, por edhe muret, t\u00eb cilat n\u00eb shum\u00eb pjes\u00eb kan\u00eb filluar t\u00eb \u00e7ahen. Shumica e pronar\u00ebve t\u00eb k\u00ebtyre banesave jan\u00eb larguar duke sjell\u00eb dhe rr\u00ebnimin e k\u00ebtyre banesave.<\/p>\n<div id=\"attachment_54055\" style=\"width: 709px\" class=\"wp-caption alignnone\"><img data-recalc-dims=\"1\" loading=\"lazy\" decoding=\"async\" aria-describedby=\"caption-attachment-54055\" data-attachment-id=\"54055\" data-permalink=\"https:\/\/www.shqiperia.com\/blog\/shtepite-muzeale-ne-delvine-drejt-rrenimit-bashkia-percjellin-vlerat-e-qytetit-banoret-te-aplikojne-per-fonde-album-foto\/shtepite-muzeale-ne-delvine-drejt-rrenimit-2\/\" data-orig-file=\"https:\/\/i0.wp.com\/www.shqiperia.com\/blog\/wp-content\/uploads\/2022\/02\/Shtepite-muzeale-ne-Delvine-drejt-rrenimit-2.jpg?fit=1531%2C865&amp;ssl=1\" data-orig-size=\"1531,865\" data-comments-opened=\"1\" data-image-meta=\"{&quot;aperture&quot;:&quot;0&quot;,&quot;credit&quot;:&quot;&quot;,&quot;camera&quot;:&quot;&quot;,&quot;caption&quot;:&quot;&quot;,&quot;created_timestamp&quot;:&quot;0&quot;,&quot;copyright&quot;:&quot;&quot;,&quot;focal_length&quot;:&quot;0&quot;,&quot;iso&quot;:&quot;0&quot;,&quot;shutter_speed&quot;:&quot;0&quot;,&quot;title&quot;:&quot;&quot;,&quot;orientation&quot;:&quot;0&quot;}\" data-image-title=\"Sht\u00ebpit\u00eb muzeale n\u00eb Delvin\u00eb drejt rr\u00ebnimit! (2)\" data-image-description=\"\" data-image-caption=\"&lt;p&gt;Sht\u00ebpit\u00eb muzeale n\u00eb Delvin\u00eb drejt rr\u00ebnimit!&lt;\/p&gt;\n\" data-medium-file=\"https:\/\/i0.wp.com\/www.shqiperia.com\/blog\/wp-content\/uploads\/2022\/02\/Shtepite-muzeale-ne-Delvine-drejt-rrenimit-2.jpg?fit=300%2C169&amp;ssl=1\" data-large-file=\"https:\/\/i0.wp.com\/www.shqiperia.com\/blog\/wp-content\/uploads\/2022\/02\/Shtepite-muzeale-ne-Delvine-drejt-rrenimit-2.jpg?fit=1024%2C579&amp;ssl=1\" class=\" wp-image-54055\" alt=\"\" src=\"https:\/\/i0.wp.com\/www.shqiperia.com\/blog\/wp-content\/uploads\/2022\/02\/Shtepite-muzeale-ne-Delvine-drejt-rrenimit-2.jpg?resize=699%2C394&#038;ssl=1\" width=\"699\" height=\"394\" srcset=\"https:\/\/i0.wp.com\/www.shqiperia.com\/blog\/wp-content\/uploads\/2022\/02\/Shtepite-muzeale-ne-Delvine-drejt-rrenimit-2.jpg?resize=300%2C169&amp;ssl=1 300w, https:\/\/i0.wp.com\/www.shqiperia.com\/blog\/wp-content\/uploads\/2022\/02\/Shtepite-muzeale-ne-Delvine-drejt-rrenimit-2.jpg?resize=1024%2C579&amp;ssl=1 1024w, https:\/\/i0.wp.com\/www.shqiperia.com\/blog\/wp-content\/uploads\/2022\/02\/Shtepite-muzeale-ne-Delvine-drejt-rrenimit-2.jpg?resize=768%2C434&amp;ssl=1 768w, https:\/\/i0.wp.com\/www.shqiperia.com\/blog\/wp-content\/uploads\/2022\/02\/Shtepite-muzeale-ne-Delvine-drejt-rrenimit-2.jpg?resize=450%2C254&amp;ssl=1 450w, https:\/\/i0.wp.com\/www.shqiperia.com\/blog\/wp-content\/uploads\/2022\/02\/Shtepite-muzeale-ne-Delvine-drejt-rrenimit-2.jpg?resize=600%2C339&amp;ssl=1 600w, https:\/\/i0.wp.com\/www.shqiperia.com\/blog\/wp-content\/uploads\/2022\/02\/Shtepite-muzeale-ne-Delvine-drejt-rrenimit-2.jpg?resize=1500%2C847&amp;ssl=1 1500w, https:\/\/i0.wp.com\/www.shqiperia.com\/blog\/wp-content\/uploads\/2022\/02\/Shtepite-muzeale-ne-Delvine-drejt-rrenimit-2.jpg?resize=1300%2C734&amp;ssl=1 1300w, https:\/\/i0.wp.com\/www.shqiperia.com\/blog\/wp-content\/uploads\/2022\/02\/Shtepite-muzeale-ne-Delvine-drejt-rrenimit-2.jpg?resize=400%2C226&amp;ssl=1 400w, https:\/\/i0.wp.com\/www.shqiperia.com\/blog\/wp-content\/uploads\/2022\/02\/Shtepite-muzeale-ne-Delvine-drejt-rrenimit-2.jpg?w=1531&amp;ssl=1 1531w\" sizes=\"auto, (max-width: 699px) 100vw, 699px\" \/><p id=\"caption-attachment-54055\" class=\"wp-caption-text\">Sht\u00ebpit\u00eb muzeale n\u00eb Delvin\u00eb drejt rr\u00ebnimit!<\/p><\/div>\n<p>Kryetarja e Bashkis\u00eb Delvin\u00eb, Majlinda Qilimi duke n\u00ebnvizuar vlerat kulturore dhe historike t\u00eb qytetit u b\u00ebn apel pronar\u00ebve t\u00eb k\u00ebtyre banesave karakteristike t\u00eb rikthehen dhe t\u00eb investojn\u00eb n\u00eb pronat e tyre.<\/p>\n<p>&#8220;Delvina \u00ebsht\u00eb nj\u00eb qytete me histori t\u00eb lasht\u00eb ku ka nd\u00ebrtesa karakteristike t\u00eb vjetra dhe q\u00eb duan nd\u00ebrhyrje p\u00ebr t\u00eb arritur t&#8217;i mbijetoj\u00ebn koh\u00ebs dhe t\u00eb p\u00ebrcjellin vlerat e k\u00ebtij qyteti. K\u00ebto ndodhen n\u00eb lagjen Llak\u00eb dhe nga Ministria e Kultur\u00ebs \u00ebsht\u00eb shpallur nj\u00eb zon\u00eb muzeale ku krahas banesave ka edhe monumente kulturore. Edhe n\u00eb k\u00ebt\u00eb lagje ka ndodhur q\u00eb banor\u00ebt jan\u00eb larguar dhe jetojn\u00eb n\u00eb emigracio. K\u00ebto aktualisht kan\u00eb nevoj\u00eb q\u00eb t\u00eb restaurohen dhe t\u00eb shnd\u00ebrrohen n\u00eb nj\u00eb atraksion turistik t\u00eb zon\u00ebs dhe t\u00eb kthehen n\u00eb bujtina&#8221;, tha Qilimi.<\/p>\n<p>Nd\u00ebrsa Ollga Dhimitri, nj\u00eb prej pronareve t\u00eb k\u00ebtyre sht\u00ebpive shprehet se do t\u00eb donte shum\u00eb q\u00eb sht\u00ebpin\u00eb ta resturonte dhe ta p\u00ebrdorte n\u00eb funksion t\u00eb turizmit.<\/p>\n<div id=\"attachment_54056\" style=\"width: 773px\" class=\"wp-caption alignnone\"><img data-recalc-dims=\"1\" loading=\"lazy\" decoding=\"async\" aria-describedby=\"caption-attachment-54056\" data-attachment-id=\"54056\" data-permalink=\"https:\/\/www.shqiperia.com\/blog\/shtepite-muzeale-ne-delvine-drejt-rrenimit-bashkia-percjellin-vlerat-e-qytetit-banoret-te-aplikojne-per-fonde-album-foto\/shtepite-muzeale-ne-delvine-drejt-rrenimit-3\/\" data-orig-file=\"https:\/\/i0.wp.com\/www.shqiperia.com\/blog\/wp-content\/uploads\/2022\/02\/Shtepite-muzeale-ne-Delvine-drejt-rrenimit-3.jpg?fit=1535%2C887&amp;ssl=1\" data-orig-size=\"1535,887\" data-comments-opened=\"1\" data-image-meta=\"{&quot;aperture&quot;:&quot;0&quot;,&quot;credit&quot;:&quot;&quot;,&quot;camera&quot;:&quot;&quot;,&quot;caption&quot;:&quot;&quot;,&quot;created_timestamp&quot;:&quot;0&quot;,&quot;copyright&quot;:&quot;&quot;,&quot;focal_length&quot;:&quot;0&quot;,&quot;iso&quot;:&quot;0&quot;,&quot;shutter_speed&quot;:&quot;0&quot;,&quot;title&quot;:&quot;&quot;,&quot;orientation&quot;:&quot;0&quot;}\" data-image-title=\"Sht\u00ebpit\u00eb muzeale n\u00eb Delvin\u00eb drejt rr\u00ebnimit! (3)\" data-image-description=\"\" data-image-caption=\"&lt;p&gt;Sht\u00ebpit\u00eb muzeale n\u00eb Delvin\u00eb drejt rr\u00ebnimit!&lt;\/p&gt;\n\" data-medium-file=\"https:\/\/i0.wp.com\/www.shqiperia.com\/blog\/wp-content\/uploads\/2022\/02\/Shtepite-muzeale-ne-Delvine-drejt-rrenimit-3.jpg?fit=300%2C173&amp;ssl=1\" data-large-file=\"https:\/\/i0.wp.com\/www.shqiperia.com\/blog\/wp-content\/uploads\/2022\/02\/Shtepite-muzeale-ne-Delvine-drejt-rrenimit-3.jpg?fit=1024%2C592&amp;ssl=1\" class=\" wp-image-54056\" alt=\"\" src=\"https:\/\/i0.wp.com\/www.shqiperia.com\/blog\/wp-content\/uploads\/2022\/02\/Shtepite-muzeale-ne-Delvine-drejt-rrenimit-3.jpg?resize=763%2C440&#038;ssl=1\" width=\"763\" height=\"440\" srcset=\"https:\/\/i0.wp.com\/www.shqiperia.com\/blog\/wp-content\/uploads\/2022\/02\/Shtepite-muzeale-ne-Delvine-drejt-rrenimit-3.jpg?resize=300%2C173&amp;ssl=1 300w, https:\/\/i0.wp.com\/www.shqiperia.com\/blog\/wp-content\/uploads\/2022\/02\/Shtepite-muzeale-ne-Delvine-drejt-rrenimit-3.jpg?resize=1024%2C592&amp;ssl=1 1024w, https:\/\/i0.wp.com\/www.shqiperia.com\/blog\/wp-content\/uploads\/2022\/02\/Shtepite-muzeale-ne-Delvine-drejt-rrenimit-3.jpg?resize=768%2C444&amp;ssl=1 768w, https:\/\/i0.wp.com\/www.shqiperia.com\/blog\/wp-content\/uploads\/2022\/02\/Shtepite-muzeale-ne-Delvine-drejt-rrenimit-3.jpg?resize=450%2C260&amp;ssl=1 450w, https:\/\/i0.wp.com\/www.shqiperia.com\/blog\/wp-content\/uploads\/2022\/02\/Shtepite-muzeale-ne-Delvine-drejt-rrenimit-3.jpg?resize=600%2C347&amp;ssl=1 600w, https:\/\/i0.wp.com\/www.shqiperia.com\/blog\/wp-content\/uploads\/2022\/02\/Shtepite-muzeale-ne-Delvine-drejt-rrenimit-3.jpg?resize=1500%2C867&amp;ssl=1 1500w, https:\/\/i0.wp.com\/www.shqiperia.com\/blog\/wp-content\/uploads\/2022\/02\/Shtepite-muzeale-ne-Delvine-drejt-rrenimit-3.jpg?resize=1300%2C751&amp;ssl=1 1300w, https:\/\/i0.wp.com\/www.shqiperia.com\/blog\/wp-content\/uploads\/2022\/02\/Shtepite-muzeale-ne-Delvine-drejt-rrenimit-3.jpg?resize=400%2C231&amp;ssl=1 400w, https:\/\/i0.wp.com\/www.shqiperia.com\/blog\/wp-content\/uploads\/2022\/02\/Shtepite-muzeale-ne-Delvine-drejt-rrenimit-3.jpg?w=1535&amp;ssl=1 1535w\" sizes=\"auto, (max-width: 763px) 100vw, 763px\" \/><p id=\"caption-attachment-54056\" class=\"wp-caption-text\">Sht\u00ebpit\u00eb muzeale n\u00eb Delvin\u00eb drejt rr\u00ebnimit!<\/p><\/div>\n<p>&#8220;Jan\u00eb 80 pond trash\u00ebsia e murit, me dritare karakteristike, por p\u00ebr fat t\u00eb keq jan\u00eb braktisur. Lagja \u00ebsht\u00eb me kalldr\u00ebm por nuk ven kush dor\u00eb. T\u00eb pakt\u00ebn t\u00eb ruhet karakteristika dhe struktura e jashtme e banesave. M\u00eb mungon ana ekonomike, por do doja ta ktheja banes\u00ebn time q\u00eb \u00ebsht\u00eb mbi 100 vje\u00e7are n\u00eb bujtin\u00eb&#8221;, tha ajo.<\/p>\n<p>Pronar\u00ebt e k\u00ebtyre banesave mund t\u00eb p\u00ebrfitojn\u00eb edhe\u00a0 nga grantet e qeveris\u00eb, n\u00ebp\u00ebrmjet projekteve t\u00eb rijet\u00ebsimit, ku p\u00ebr rikonstruksionin e banesave monumente kulture dhe v\u00ebnien n\u00eb funksion t\u00eb turizmit jepen grante nga 1 &#8211; 5 milion\u00eb lek\u00eb t\u00eb reja.<\/p>\n<div id=\"attachment_54057\" style=\"width: 717px\" class=\"wp-caption alignnone\"><img data-recalc-dims=\"1\" loading=\"lazy\" decoding=\"async\" aria-describedby=\"caption-attachment-54057\" data-attachment-id=\"54057\" data-permalink=\"https:\/\/www.shqiperia.com\/blog\/shtepite-muzeale-ne-delvine-drejt-rrenimit-bashkia-percjellin-vlerat-e-qytetit-banoret-te-aplikojne-per-fonde-album-foto\/shtepite-muzeale-ne-delvine-drejt-rrenimit-5\/\" data-orig-file=\"https:\/\/i0.wp.com\/www.shqiperia.com\/blog\/wp-content\/uploads\/2022\/02\/Shtepite-muzeale-ne-Delvine-drejt-rrenimit-5.jpg?fit=300%2C168&amp;ssl=1\" data-orig-size=\"300,168\" data-comments-opened=\"1\" data-image-meta=\"{&quot;aperture&quot;:&quot;0&quot;,&quot;credit&quot;:&quot;&quot;,&quot;camera&quot;:&quot;&quot;,&quot;caption&quot;:&quot;&quot;,&quot;created_timestamp&quot;:&quot;0&quot;,&quot;copyright&quot;:&quot;&quot;,&quot;focal_length&quot;:&quot;0&quot;,&quot;iso&quot;:&quot;0&quot;,&quot;shutter_speed&quot;:&quot;0&quot;,&quot;title&quot;:&quot;&quot;,&quot;orientation&quot;:&quot;0&quot;}\" data-image-title=\"Sht\u00ebpit\u00eb muzeale n\u00eb Delvin\u00eb drejt rr\u00ebnimit! (5)\" data-image-description=\"\" data-image-caption=\"&lt;p&gt;Sht\u00ebpit\u00eb muzeale n\u00eb Delvin\u00eb drejt rr\u00ebnimit!&lt;\/p&gt;\n\" data-medium-file=\"https:\/\/i0.wp.com\/www.shqiperia.com\/blog\/wp-content\/uploads\/2022\/02\/Shtepite-muzeale-ne-Delvine-drejt-rrenimit-5.jpg?fit=300%2C168&amp;ssl=1\" data-large-file=\"https:\/\/i0.wp.com\/www.shqiperia.com\/blog\/wp-content\/uploads\/2022\/02\/Shtepite-muzeale-ne-Delvine-drejt-rrenimit-5.jpg?fit=300%2C168&amp;ssl=1\" class=\" wp-image-54057\" alt=\"\" src=\"https:\/\/i0.wp.com\/www.shqiperia.com\/blog\/wp-content\/uploads\/2022\/02\/Shtepite-muzeale-ne-Delvine-drejt-rrenimit-5.jpg?resize=707%2C396&#038;ssl=1\" width=\"707\" height=\"396\" \/><p id=\"caption-attachment-54057\" class=\"wp-caption-text\">Sht\u00ebpit\u00eb muzeale n\u00eb Delvin\u00eb drejt rr\u00ebnimit!<\/p><\/div>\n<p>Duke qen\u00eb vet\u00ebm pak kilometra larg Sarand\u00ebs dhe Syrit t\u00eb Kalt\u00ebr, Delvina vitet e fundit po futet n\u00eb guidat e agjencive turistike ku destinaconet m\u00eb t\u00eb frekuentuara jan\u00eb Xhamis\u00eb s\u00eb Gjin Aleksit dhe Kompleksit Islamik t\u00eb Xherm\u00ebhall\u00ebs.<\/p>\n<div id=\"attachment_54058\" style=\"width: 758px\" class=\"wp-caption alignnone\"><img data-recalc-dims=\"1\" loading=\"lazy\" decoding=\"async\" aria-describedby=\"caption-attachment-54058\" data-attachment-id=\"54058\" data-permalink=\"https:\/\/www.shqiperia.com\/blog\/shtepite-muzeale-ne-delvine-drejt-rrenimit-bashkia-percjellin-vlerat-e-qytetit-banoret-te-aplikojne-per-fonde-album-foto\/shtepite-muzeale-ne-delvine-drejt-rrenimit\/\" data-orig-file=\"https:\/\/i0.wp.com\/www.shqiperia.com\/blog\/wp-content\/uploads\/2022\/02\/Shtepite-muzeale-ne-Delvine-drejt-rrenimit.jpg?fit=1560%2C874&amp;ssl=1\" data-orig-size=\"1560,874\" data-comments-opened=\"1\" data-image-meta=\"{&quot;aperture&quot;:&quot;0&quot;,&quot;credit&quot;:&quot;&quot;,&quot;camera&quot;:&quot;&quot;,&quot;caption&quot;:&quot;&quot;,&quot;created_timestamp&quot;:&quot;0&quot;,&quot;copyright&quot;:&quot;&quot;,&quot;focal_length&quot;:&quot;0&quot;,&quot;iso&quot;:&quot;0&quot;,&quot;shutter_speed&quot;:&quot;0&quot;,&quot;title&quot;:&quot;&quot;,&quot;orientation&quot;:&quot;0&quot;}\" data-image-title=\"Sht\u00ebpit\u00eb muzeale n\u00eb Delvin\u00eb drejt rr\u00ebnimit!\" data-image-description=\"\" data-image-caption=\"&lt;p&gt;Sht\u00ebpit\u00eb muzeale n\u00eb Delvin\u00eb drejt rr\u00ebnimit!&lt;\/p&gt;\n\" data-medium-file=\"https:\/\/i0.wp.com\/www.shqiperia.com\/blog\/wp-content\/uploads\/2022\/02\/Shtepite-muzeale-ne-Delvine-drejt-rrenimit.jpg?fit=300%2C168&amp;ssl=1\" data-large-file=\"https:\/\/i0.wp.com\/www.shqiperia.com\/blog\/wp-content\/uploads\/2022\/02\/Shtepite-muzeale-ne-Delvine-drejt-rrenimit.jpg?fit=1024%2C574&amp;ssl=1\" class=\" wp-image-54058\" alt=\"\" src=\"https:\/\/i0.wp.com\/www.shqiperia.com\/blog\/wp-content\/uploads\/2022\/02\/Shtepite-muzeale-ne-Delvine-drejt-rrenimit.jpg?resize=748%2C419&#038;ssl=1\" width=\"748\" height=\"419\" srcset=\"https:\/\/i0.wp.com\/www.shqiperia.com\/blog\/wp-content\/uploads\/2022\/02\/Shtepite-muzeale-ne-Delvine-drejt-rrenimit.jpg?resize=300%2C168&amp;ssl=1 300w, https:\/\/i0.wp.com\/www.shqiperia.com\/blog\/wp-content\/uploads\/2022\/02\/Shtepite-muzeale-ne-Delvine-drejt-rrenimit.jpg?resize=1024%2C574&amp;ssl=1 1024w, https:\/\/i0.wp.com\/www.shqiperia.com\/blog\/wp-content\/uploads\/2022\/02\/Shtepite-muzeale-ne-Delvine-drejt-rrenimit.jpg?resize=768%2C430&amp;ssl=1 768w, https:\/\/i0.wp.com\/www.shqiperia.com\/blog\/wp-content\/uploads\/2022\/02\/Shtepite-muzeale-ne-Delvine-drejt-rrenimit.jpg?resize=1536%2C861&amp;ssl=1 1536w, https:\/\/i0.wp.com\/www.shqiperia.com\/blog\/wp-content\/uploads\/2022\/02\/Shtepite-muzeale-ne-Delvine-drejt-rrenimit.jpg?resize=450%2C252&amp;ssl=1 450w, https:\/\/i0.wp.com\/www.shqiperia.com\/blog\/wp-content\/uploads\/2022\/02\/Shtepite-muzeale-ne-Delvine-drejt-rrenimit.jpg?resize=600%2C336&amp;ssl=1 600w, https:\/\/i0.wp.com\/www.shqiperia.com\/blog\/wp-content\/uploads\/2022\/02\/Shtepite-muzeale-ne-Delvine-drejt-rrenimit.jpg?resize=1500%2C840&amp;ssl=1 1500w, https:\/\/i0.wp.com\/www.shqiperia.com\/blog\/wp-content\/uploads\/2022\/02\/Shtepite-muzeale-ne-Delvine-drejt-rrenimit.jpg?resize=1300%2C728&amp;ssl=1 1300w, https:\/\/i0.wp.com\/www.shqiperia.com\/blog\/wp-content\/uploads\/2022\/02\/Shtepite-muzeale-ne-Delvine-drejt-rrenimit.jpg?resize=400%2C224&amp;ssl=1 400w, https:\/\/i0.wp.com\/www.shqiperia.com\/blog\/wp-content\/uploads\/2022\/02\/Shtepite-muzeale-ne-Delvine-drejt-rrenimit.jpg?w=1560&amp;ssl=1 1560w\" sizes=\"auto, (max-width: 748px) 100vw, 748px\" \/><p id=\"caption-attachment-54058\" class=\"wp-caption-text\">Sht\u00ebpit\u00eb muzeale n\u00eb Delvin\u00eb drejt rr\u00ebnimit!<\/p><\/div>\n<p>Gazeta Shqiptarja.com<\/p>\n","protected":false},"excerpt":{"rendered":"<p>Sht\u00ebpit\u00eb muzeale n\u00eb Delvin\u00eb drejt rr\u00ebnimit! Bashkia: P\u00ebrcjellin vlerat e qytetit, banor\u00ebt t\u00eb aplikojn\u00eb p\u00ebr fonde! &#8211; Album Foto 12 Shkurt2022 Sht\u00ebpit\u00eb muzeale n\u00eb Delvin\u00eb n\u00eb lagjen e vjet\u00ebr Llak\u00eb rrezikojn\u00eb shembjen. Shumica e pronar\u00ebve jan\u00eb larguar, nd\u00ebrsa shpresa e tyre mbeten grantet e qeveris\u00eb n\u00ebp\u00ebrmjet projekteve t\u00eb rijet\u00ebsimit p\u00ebr rikonstruksionin e sht\u00ebpive monument kulture. [&hellip;]<\/p>\n","protected":false},"author":9,"featured_media":54054,"comment_status":"open","ping_status":"open","sticky":false,"template":"","format":"standard","meta":{"jetpack_post_was_ever_published":false,"_jetpack_newsletter_access":"","_jetpack_dont_email_post_to_subs":false,"_jetpack_newsletter_tier_id":0,"_jetpack_memberships_contains_paywalled_content":false,"_jetpack_memberships_contains_paid_content":false,"footnotes":"","jetpack_publicize_message":"","jetpack_publicize_feature_enabled":true,"jetpack_social_post_already_shared":true,"jetpack_social_options":{"image_generator_settings":{"template":"highway","default_image_id":0,"font":"","enabled":false},"version":2}},"categories":[85,10,86],"tags":[],"class_list":["post-54053","post","type-post","status-publish","format-standard","has-post-thumbnail","hentry","category-histori","category-kultura","category-trashegimi-kulturore"],"jetpack_publicize_connections":[],"jetpack_featured_media_url":"https:\/\/i0.wp.com\/www.shqiperia.com\/blog\/wp-content\/uploads\/2022\/02\/Shtepite-muzeale-ne-Delvine-drejt-rrenimit-4.jpg?fit=1645%2C889&ssl=1","jetpack_sharing_enabled":true,"jetpack_shortlink":"https:\/\/wp.me\/p5Z6wp-e3P","jetpack-related-posts":[{"id":92967,"url":"https:\/\/www.shqiperia.com\/blog\/delvine-mengjesi-i-13-gushtit-sjell-lajmin-e-mire-zjarri-eshte-nen-kontroll-dhe-operacionet-e-pastrimit-kane-nisur\/","url_meta":{"origin":54053,"position":0},"title":"Delvine, M\u00ebngjesi i 13 gushtit sjell lajmin e mir\u00eb: zjarri \u00ebsht\u00eb n\u00ebn kontroll, dhe operacionet e pastrimit kan\u00eb nisur","author":"Kurt Farka","date":"August 13, 2025","format":false,"excerpt":"13 Gusht 2025 Nga: Magdalena Margariti Pas nj\u00eb beteje t\u00eb gjat\u00eb me flak\u00ebt q\u00eb rrezikuan banesa, depo karburanti dhe spitalin e qytetit, autoritetet kan\u00eb arritur t\u00eb neutralizojn\u00eb vatrat kryesore t\u00eb zjarrit n\u00eb Delvin\u00eb. M\u00ebngjesi i 13 gushtit sjell lajmin e mir\u00eb: zjarri \u00ebsht\u00eb n\u00ebn kontroll, dhe operacionet e pastrimit kan\u00eb\u2026","rel":"","context":"In &quot;Blogu i Udh\u00ebtarit&quot;","block_context":{"text":"Blogu i Udh\u00ebtarit","link":"https:\/\/www.shqiperia.com\/blog\/category\/blogu-i-udhetarit\/"},"img":{"alt_text":"","src":"https:\/\/i0.wp.com\/www.shqiperia.com\/blog\/wp-content\/uploads\/2025\/08\/530659900_1592311322187021_820389028483303978_n.jpg?fit=750%2C500&ssl=1&resize=350%2C200","width":350,"height":200,"srcset":"https:\/\/i0.wp.com\/www.shqiperia.com\/blog\/wp-content\/uploads\/2025\/08\/530659900_1592311322187021_820389028483303978_n.jpg?fit=750%2C500&ssl=1&resize=350%2C200 1x, https:\/\/i0.wp.com\/www.shqiperia.com\/blog\/wp-content\/uploads\/2025\/08\/530659900_1592311322187021_820389028483303978_n.jpg?fit=750%2C500&ssl=1&resize=525%2C300 1.5x, https:\/\/i0.wp.com\/www.shqiperia.com\/blog\/wp-content\/uploads\/2025\/08\/530659900_1592311322187021_820389028483303978_n.jpg?fit=750%2C500&ssl=1&resize=700%2C400 2x"},"classes":[]},{"id":4418,"url":"https:\/\/www.shqiperia.com\/blog\/muzeu-historik-shkodres\/","url_meta":{"origin":54053,"position":1},"title":"Muzeu Historik i Shkodr\u00ebs. &#8211;","author":"Kurt Farka","date":"March 7, 2018","format":false,"excerpt":"Muzeu fillimisht u ngrit mbi baz\u00ebn e koleksioneve t\u00eb vjetra t\u00eb kuvendeve t\u00eb Jezuit\u00ebve dhe Franceskan\u00ebve themeluar q\u00eb nga fundi i shek te XIX. Muzeu Historik i Shkodr\u00ebs ka nisur t\u00eb organizohet q\u00eb n\u00eb vitin 1947 (n\u00ebn em\u00ebrtimin \"Muzeu Popullor\"), por mori form\u00eb t\u00eb plot\u00eb m\u00eb 1949. Ai u vendos\u2026","rel":"","context":"In &quot;Kultura&quot;","block_context":{"text":"Kultura","link":"https:\/\/www.shqiperia.com\/blog\/category\/kultura\/"},"img":{"alt_text":"","src":"https:\/\/i0.wp.com\/www.shqiperia.com\/blog\/wp-content\/uploads\/2018\/03\/Foto-Ilir-Bala.-Muzeu-shkoder.jpg?fit=960%2C640&ssl=1&resize=350%2C200","width":350,"height":200,"srcset":"https:\/\/i0.wp.com\/www.shqiperia.com\/blog\/wp-content\/uploads\/2018\/03\/Foto-Ilir-Bala.-Muzeu-shkoder.jpg?fit=960%2C640&ssl=1&resize=350%2C200 1x, https:\/\/i0.wp.com\/www.shqiperia.com\/blog\/wp-content\/uploads\/2018\/03\/Foto-Ilir-Bala.-Muzeu-shkoder.jpg?fit=960%2C640&ssl=1&resize=525%2C300 1.5x, https:\/\/i0.wp.com\/www.shqiperia.com\/blog\/wp-content\/uploads\/2018\/03\/Foto-Ilir-Bala.-Muzeu-shkoder.jpg?fit=960%2C640&ssl=1&resize=700%2C400 2x"},"classes":[]},{"id":62920,"url":"https:\/\/www.shqiperia.com\/blog\/gjirokastra-ne-rrezik-dhjetera-banesa-dhe-objekte-karakteristike-po-shkojne-drejt-rrenimit\/","url_meta":{"origin":54053,"position":2},"title":"Gjirokastra n\u00eb rrezik: &#8211; Dhjet\u00ebra banesa dhe objekte karakteristike po shkojn\u00eb drejt rr\u00ebnimit","author":"Kurt Farka","date":"October 4, 2022","format":false,"excerpt":"4 Tetor 2022 Kjo \u00ebsht\u00eb p\u00ebrshtypja e par\u00eb q\u00eb marrin turist\u00ebt teksa vizitojn\u00eb qytetin muze t\u00eb Gjirokastr\u00ebs. Dhjet\u00ebra banesa karakteristike po shkojn\u00eb drejt rr\u00ebnimit, nd\u00ebrsa n\u00eb situat\u00eb m\u00eb t\u00eb v\u00ebshtir\u00eb jan\u00eb lagjet Me\u00e7ite, Pllak\u00eb dhe Dunavati. Banor\u00ebt shprehen se dita dit\u00ebs njer\u00ebzit sa vijn\u00eb dhe largohen nd\u00ebrsa t\u00eb rinjt\u00eb emigrojn\u00eb\u2026","rel":"","context":"In &quot;Arte&quot;","block_context":{"text":"Arte","link":"https:\/\/www.shqiperia.com\/blog\/category\/arte\/"},"img":{"alt_text":"","src":"https:\/\/i0.wp.com\/www.shqiperia.com\/blog\/wp-content\/uploads\/2022\/10\/Gjirokastra-ne-rrezik-dhjetera-godina-drejt-rrenimit.png?fit=640%2C368&ssl=1&resize=350%2C200","width":350,"height":200,"srcset":"https:\/\/i0.wp.com\/www.shqiperia.com\/blog\/wp-content\/uploads\/2022\/10\/Gjirokastra-ne-rrezik-dhjetera-godina-drejt-rrenimit.png?fit=640%2C368&ssl=1&resize=350%2C200 1x, https:\/\/i0.wp.com\/www.shqiperia.com\/blog\/wp-content\/uploads\/2022\/10\/Gjirokastra-ne-rrezik-dhjetera-godina-drejt-rrenimit.png?fit=640%2C368&ssl=1&resize=525%2C300 1.5x"},"classes":[]},{"id":36129,"url":"https:\/\/www.shqiperia.com\/blog\/restaurohen-shtepite-muzeale-ne-berat-zbulohen-mbishkrime-te-hershme-e-ornamente-te-vecanta\/","url_meta":{"origin":54053,"position":3},"title":"Restaurohen sht\u00ebpit\u00eb muzeale n\u00eb Berat, zbulohen mbishkrime t\u00eb hershme e ornamente t\u00eb ve\u00e7anta","author":"Kurt Farka","date":"July 8, 2020","format":false,"excerpt":"Restaurohen sht\u00ebpit\u00eb muzeale n\u00eb Berat, zbulohen mbishkrime t\u00eb hershme e ornamente t\u00eb ve\u00e7anta\u00a0 Dy sht\u00ebpi, monument kulture t\u00eb kategoris\u00eb s\u00eb par\u00eb po restaurohen n\u00eb Berat, nd\u00ebrsa n\u00eb projekt jan\u00eb edhe disa objekte t\u00eb tjera. Puna e restaurator\u00ebve ka nxjerr\u00eb n\u00eb drit\u00eb mbishkrime t\u00eb hershme Korrik 2020 \"Gorica\" po ndryshon pamje.\u2026","rel":"","context":"In &quot;Histori&quot;","block_context":{"text":"Histori","link":"https:\/\/www.shqiperia.com\/blog\/category\/histori\/"},"img":{"alt_text":"","src":"https:\/\/i0.wp.com\/www.shqiperia.com\/blog\/wp-content\/uploads\/2020\/07\/5efcc769d0e56bualli.jpg?fit=780%2C440&ssl=1&resize=350%2C200","width":350,"height":200,"srcset":"https:\/\/i0.wp.com\/www.shqiperia.com\/blog\/wp-content\/uploads\/2020\/07\/5efcc769d0e56bualli.jpg?fit=780%2C440&ssl=1&resize=350%2C200 1x, https:\/\/i0.wp.com\/www.shqiperia.com\/blog\/wp-content\/uploads\/2020\/07\/5efcc769d0e56bualli.jpg?fit=780%2C440&ssl=1&resize=525%2C300 1.5x, https:\/\/i0.wp.com\/www.shqiperia.com\/blog\/wp-content\/uploads\/2020\/07\/5efcc769d0e56bualli.jpg?fit=780%2C440&ssl=1&resize=700%2C400 2x"},"classes":[]},{"id":12479,"url":"https:\/\/www.shqiperia.com\/blog\/drejt-rrenimit-kisha-e-shen-todrit-ne-myzeqe-monument-kulture-por-pa-asnje-mirembajtje\/","url_meta":{"origin":54053,"position":4},"title":"Drejt rr\u00ebnimit kisha e Sh\u00ebn Todrit n\u00eb Myzeqe, monument kulture por pa asnj\u00eb mir\u00ebmbajtje. &#8211;","author":"Kurt Farka","date":"October 10, 2018","format":false,"excerpt":"Drejt rr\u00ebnimit kisha e Sh\u00ebn Todrit n\u00eb Myzeqe, monument kulture por pa asnj\u00eb mir\u00ebmbajtje. - Kisha e Sh\u00ebn Todrit mbart n\u00eb vetvete jo vet\u00ebm vlera historike e fetare, por edhe arkitekturore. Afresk\u00ebt dhe t\u00eb gjitha punimet e drurit t\u00eb ikonostasit jan\u00eb origjinale dhe unike n\u00eb llojin e vet. Kisha e\u2026","rel":"","context":"In &quot;Arte&quot;","block_context":{"text":"Arte","link":"https:\/\/www.shqiperia.com\/blog\/category\/arte\/"},"img":{"alt_text":"","src":"https:\/\/i0.wp.com\/www.shqiperia.com\/blog\/wp-content\/uploads\/2018\/10\/1539095133_Screenshot1.jpg?fit=780%2C440&ssl=1&resize=350%2C200","width":350,"height":200,"srcset":"https:\/\/i0.wp.com\/www.shqiperia.com\/blog\/wp-content\/uploads\/2018\/10\/1539095133_Screenshot1.jpg?fit=780%2C440&ssl=1&resize=350%2C200 1x, https:\/\/i0.wp.com\/www.shqiperia.com\/blog\/wp-content\/uploads\/2018\/10\/1539095133_Screenshot1.jpg?fit=780%2C440&ssl=1&resize=525%2C300 1.5x, https:\/\/i0.wp.com\/www.shqiperia.com\/blog\/wp-content\/uploads\/2018\/10\/1539095133_Screenshot1.jpg?fit=780%2C440&ssl=1&resize=700%2C400 2x"},"classes":[]},{"id":95086,"url":"https:\/\/www.shqiperia.com\/blog\/restaurohet-nje-nder-shtepite-me-te-bukura-gjirokastrite\/","url_meta":{"origin":54053,"position":5},"title":"Restaurohet nj\u00eb nd\u00ebr sht\u00ebpit\u00eb m\u00eb t\u00eb bukura gjirokastrite","author":"Kurt Farka","date":"November 22, 2025","format":false,"excerpt":"22 Nentor 2025 N\u00eb banes\u00ebn Fico, nj\u00eb prej objekteve m\u00eb piktoreske t\u00eb Gjirokastr\u00ebs, ka p\u00ebrfunduar faz\u00ebn e nd\u00ebrhyrjeve emergjente t\u00eb restaurimit, duke respektuar plot\u00ebsisht vlerat historike t\u00eb objektit dhe duke ruajtur origjinalitetin e tij, pa cenuar integritetin arkitektonik. Ministri i Turizmit, Kultur\u00ebs dhe Sportit, Blendi Gonxhja, shp\u00ebrndau n\u00eb rrjetet sociale,\u2026","rel":"","context":"In &quot;Blogu i Udh\u00ebtarit&quot;","block_context":{"text":"Blogu i Udh\u00ebtarit","link":"https:\/\/www.shqiperia.com\/blog\/category\/blogu-i-udhetarit\/"},"img":{"alt_text":"","src":"https:\/\/i0.wp.com\/www.shqiperia.com\/blog\/wp-content\/uploads\/2025\/11\/Banesa-e-familjes-Fico-Gjirokaster-2.jpg?fit=640%2C481&ssl=1&resize=350%2C200","width":350,"height":200,"srcset":"https:\/\/i0.wp.com\/www.shqiperia.com\/blog\/wp-content\/uploads\/2025\/11\/Banesa-e-familjes-Fico-Gjirokaster-2.jpg?fit=640%2C481&ssl=1&resize=350%2C200 1x, https:\/\/i0.wp.com\/www.shqiperia.com\/blog\/wp-content\/uploads\/2025\/11\/Banesa-e-familjes-Fico-Gjirokaster-2.jpg?fit=640%2C481&ssl=1&resize=525%2C300 1.5x"},"classes":[]}],"_links":{"self":[{"href":"https:\/\/www.shqiperia.com\/blog\/wp-json\/wp\/v2\/posts\/54053","targetHints":{"allow":["GET"]}}],"collection":[{"href":"https:\/\/www.shqiperia.com\/blog\/wp-json\/wp\/v2\/posts"}],"about":[{"href":"https:\/\/www.shqiperia.com\/blog\/wp-json\/wp\/v2\/types\/post"}],"author":[{"embeddable":true,"href":"https:\/\/www.shqiperia.com\/blog\/wp-json\/wp\/v2\/users\/9"}],"replies":[{"embeddable":true,"href":"https:\/\/www.shqiperia.com\/blog\/wp-json\/wp\/v2\/comments?post=54053"}],"version-history":[{"count":1,"href":"https:\/\/www.shqiperia.com\/blog\/wp-json\/wp\/v2\/posts\/54053\/revisions"}],"predecessor-version":[{"id":54059,"href":"https:\/\/www.shqiperia.com\/blog\/wp-json\/wp\/v2\/posts\/54053\/revisions\/54059"}],"wp:featuredmedia":[{"embeddable":true,"href":"https:\/\/www.shqiperia.com\/blog\/wp-json\/wp\/v2\/media\/54054"}],"wp:attachment":[{"href":"https:\/\/www.shqiperia.com\/blog\/wp-json\/wp\/v2\/media?parent=54053"}],"wp:term":[{"taxonomy":"category","embeddable":true,"href":"https:\/\/www.shqiperia.com\/blog\/wp-json\/wp\/v2\/categories?post=54053"},{"taxonomy":"post_tag","embeddable":true,"href":"https:\/\/www.shqiperia.com\/blog\/wp-json\/wp\/v2\/tags?post=54053"}],"curies":[{"name":"wp","href":"https:\/\/api.w.org\/{rel}","templated":true}]}}