{"id":54048,"date":"2022-02-15T18:13:09","date_gmt":"2022-02-15T18:13:09","guid":{"rendered":"https:\/\/www.shqiperia.com\/blog\/?p=54048"},"modified":"2022-02-15T18:13:09","modified_gmt":"2022-02-15T18:13:09","slug":"kendi-i-fotografise-arte-figurative-gjon-buzuku-portret-akuarel","status":"publish","type":"post","link":"https:\/\/www.shqiperia.com\/blog\/kendi-i-fotografise-arte-figurative-gjon-buzuku-portret-akuarel\/","title":{"rendered":"Kendi i Fotografise: Arte Figurative. &#8220;Gjon Buzuku&#8221; (portret), akuarel."},"content":{"rendered":"<div>\n<div id=\"attachment_54049\" style=\"width: 299px\" class=\"wp-caption alignnone\"><img data-recalc-dims=\"1\" loading=\"lazy\" decoding=\"async\" aria-describedby=\"caption-attachment-54049\" data-attachment-id=\"54049\" data-permalink=\"https:\/\/www.shqiperia.com\/blog\/kendi-i-fotografise-arte-figurative-gjon-buzuku-portret-akuarel\/gjon-buzuku-portret-akuarel-autor-bujar-zajmi\/\" data-orig-file=\"https:\/\/i0.wp.com\/www.shqiperia.com\/blog\/wp-content\/uploads\/2022\/02\/Gjon-Buzuku-Portret-Akuarel.-Autor-Bujar-Zajmi.jpg?fit=520%2C540&amp;ssl=1\" data-orig-size=\"520,540\" data-comments-opened=\"1\" data-image-meta=\"{&quot;aperture&quot;:&quot;0&quot;,&quot;credit&quot;:&quot;&quot;,&quot;camera&quot;:&quot;&quot;,&quot;caption&quot;:&quot;&quot;,&quot;created_timestamp&quot;:&quot;0&quot;,&quot;copyright&quot;:&quot;&quot;,&quot;focal_length&quot;:&quot;0&quot;,&quot;iso&quot;:&quot;0&quot;,&quot;shutter_speed&quot;:&quot;0&quot;,&quot;title&quot;:&quot;&quot;,&quot;orientation&quot;:&quot;0&quot;}\" data-image-title=\"Gjon Buzuku Portret &#8211; Akuarel. Autor Bujar Zajmi\" data-image-description=\"\" data-image-caption=\"&lt;p&gt;Gjon Buzuku Portret &#8211; Akuarel. Autor Bujar Zajmi. 2004.&lt;\/p&gt;\n\" data-medium-file=\"https:\/\/i0.wp.com\/www.shqiperia.com\/blog\/wp-content\/uploads\/2022\/02\/Gjon-Buzuku-Portret-Akuarel.-Autor-Bujar-Zajmi.jpg?fit=289%2C300&amp;ssl=1\" data-large-file=\"https:\/\/i0.wp.com\/www.shqiperia.com\/blog\/wp-content\/uploads\/2022\/02\/Gjon-Buzuku-Portret-Akuarel.-Autor-Bujar-Zajmi.jpg?fit=520%2C540&amp;ssl=1\" class=\"size-medium wp-image-54049\" alt=\"\" src=\"https:\/\/i0.wp.com\/www.shqiperia.com\/blog\/wp-content\/uploads\/2022\/02\/Gjon-Buzuku-Portret-Akuarel.-Autor-Bujar-Zajmi.jpg?resize=289%2C300&#038;ssl=1\" width=\"289\" height=\"300\" srcset=\"https:\/\/i0.wp.com\/www.shqiperia.com\/blog\/wp-content\/uploads\/2022\/02\/Gjon-Buzuku-Portret-Akuarel.-Autor-Bujar-Zajmi.jpg?resize=289%2C300&amp;ssl=1 289w, https:\/\/i0.wp.com\/www.shqiperia.com\/blog\/wp-content\/uploads\/2022\/02\/Gjon-Buzuku-Portret-Akuarel.-Autor-Bujar-Zajmi.jpg?resize=450%2C467&amp;ssl=1 450w, https:\/\/i0.wp.com\/www.shqiperia.com\/blog\/wp-content\/uploads\/2022\/02\/Gjon-Buzuku-Portret-Akuarel.-Autor-Bujar-Zajmi.jpg?resize=400%2C415&amp;ssl=1 400w, https:\/\/i0.wp.com\/www.shqiperia.com\/blog\/wp-content\/uploads\/2022\/02\/Gjon-Buzuku-Portret-Akuarel.-Autor-Bujar-Zajmi.jpg?w=520&amp;ssl=1 520w\" sizes=\"auto, (max-width: 289px) 100vw, 289px\" \/><p id=\"caption-attachment-54049\" class=\"wp-caption-text\">Gjon Buzuku Portret &#8211; Akuarel. Autor Bujar Zajmi. 2004.<\/p><\/div>\n<\/div>\n<div>Gjon Buzuku Portret &#8211; Akuarel. Autor Bujar Zajmi<\/div>\n<div>Gjon Buzuku (portret), Akuarel.<\/div>\n<div>Autor: Bujar Zajmi, 2004.<\/div>\n<div>Ky portret eshte jo ne individualitetin dhe profilin krijues te Prof. Zajmit, por e ka realizuar per te sherbyer si ilustrim, sipas kerkesave te nje botuesi.<\/div>\n<div>\n<div id=\"attachment_54050\" style=\"width: 648px\" class=\"wp-caption alignnone\"><img data-recalc-dims=\"1\" loading=\"lazy\" decoding=\"async\" aria-describedby=\"caption-attachment-54050\" data-attachment-id=\"54050\" data-permalink=\"https:\/\/www.shqiperia.com\/blog\/kendi-i-fotografise-arte-figurative-gjon-buzuku-portret-akuarel\/gjon-buzuku-portret-akuarel-autor-bujar-zajmi-2004\/\" data-orig-file=\"https:\/\/i0.wp.com\/www.shqiperia.com\/blog\/wp-content\/uploads\/2022\/02\/Gjon-Buzuku-Portret-Akuarel.-Autor-Bujar-Zajmi.-2004.jpg?fit=520%2C540&amp;ssl=1\" data-orig-size=\"520,540\" data-comments-opened=\"1\" data-image-meta=\"{&quot;aperture&quot;:&quot;0&quot;,&quot;credit&quot;:&quot;&quot;,&quot;camera&quot;:&quot;&quot;,&quot;caption&quot;:&quot;&quot;,&quot;created_timestamp&quot;:&quot;0&quot;,&quot;copyright&quot;:&quot;&quot;,&quot;focal_length&quot;:&quot;0&quot;,&quot;iso&quot;:&quot;0&quot;,&quot;shutter_speed&quot;:&quot;0&quot;,&quot;title&quot;:&quot;&quot;,&quot;orientation&quot;:&quot;0&quot;}\" data-image-title=\"Gjon Buzuku Portret &#8211; Akuarel. Autor Bujar Zajmi. 2004\" data-image-description=\"\" data-image-caption=\"&lt;p&gt;Gjon Buzuku Portret &#8211; Akuarel. Autor Bujar Zajmi. 2004&lt;\/p&gt;\n\" data-medium-file=\"https:\/\/i0.wp.com\/www.shqiperia.com\/blog\/wp-content\/uploads\/2022\/02\/Gjon-Buzuku-Portret-Akuarel.-Autor-Bujar-Zajmi.-2004.jpg?fit=289%2C300&amp;ssl=1\" data-large-file=\"https:\/\/i0.wp.com\/www.shqiperia.com\/blog\/wp-content\/uploads\/2022\/02\/Gjon-Buzuku-Portret-Akuarel.-Autor-Bujar-Zajmi.-2004.jpg?fit=520%2C540&amp;ssl=1\" class=\" wp-image-54050\" alt=\"\" src=\"https:\/\/i0.wp.com\/www.shqiperia.com\/blog\/wp-content\/uploads\/2022\/02\/Gjon-Buzuku-Portret-Akuarel.-Autor-Bujar-Zajmi.-2004.jpg?resize=638%2C662&#038;ssl=1\" width=\"638\" height=\"662\" srcset=\"https:\/\/i0.wp.com\/www.shqiperia.com\/blog\/wp-content\/uploads\/2022\/02\/Gjon-Buzuku-Portret-Akuarel.-Autor-Bujar-Zajmi.-2004.jpg?resize=289%2C300&amp;ssl=1 289w, https:\/\/i0.wp.com\/www.shqiperia.com\/blog\/wp-content\/uploads\/2022\/02\/Gjon-Buzuku-Portret-Akuarel.-Autor-Bujar-Zajmi.-2004.jpg?resize=450%2C467&amp;ssl=1 450w, https:\/\/i0.wp.com\/www.shqiperia.com\/blog\/wp-content\/uploads\/2022\/02\/Gjon-Buzuku-Portret-Akuarel.-Autor-Bujar-Zajmi.-2004.jpg?resize=400%2C415&amp;ssl=1 400w, https:\/\/i0.wp.com\/www.shqiperia.com\/blog\/wp-content\/uploads\/2022\/02\/Gjon-Buzuku-Portret-Akuarel.-Autor-Bujar-Zajmi.-2004.jpg?w=520&amp;ssl=1 520w\" sizes=\"auto, (max-width: 638px) 100vw, 638px\" \/><p id=\"caption-attachment-54050\" class=\"wp-caption-text\">Gjon Buzuku Portret &#8211; Akuarel. Autor Bujar Zajmi. 2004<\/p><\/div>\n<\/div>\n","protected":false},"excerpt":{"rendered":"<p>Gjon Buzuku Portret &#8211; Akuarel. Autor Bujar Zajmi Gjon Buzuku (portret), Akuarel. Autor: Bujar Zajmi, 2004. Ky portret eshte jo ne individualitetin dhe profilin krijues te Prof. Zajmit, por e ka realizuar per te sherbyer si ilustrim, sipas kerkesave te nje botuesi.<\/p>\n","protected":false},"author":9,"featured_media":54049,"comment_status":"open","ping_status":"open","sticky":false,"template":"","format":"standard","meta":{"jetpack_post_was_ever_published":false,"_jetpack_newsletter_access":"","_jetpack_dont_email_post_to_subs":false,"_jetpack_newsletter_tier_id":0,"_jetpack_memberships_contains_paywalled_content":false,"_jetpack_memberships_contains_paid_content":false,"footnotes":"","jetpack_publicize_message":"","jetpack_publicize_feature_enabled":true,"jetpack_social_post_already_shared":true,"jetpack_social_options":{"image_generator_settings":{"template":"highway","default_image_id":0,"font":"","enabled":false},"version":2}},"categories":[87,10,86],"tags":[],"class_list":["post-54048","post","type-post","status-publish","format-standard","has-post-thumbnail","hentry","category-arte","category-kultura","category-trashegimi-kulturore"],"jetpack_publicize_connections":[],"jetpack_featured_media_url":"https:\/\/i0.wp.com\/www.shqiperia.com\/blog\/wp-content\/uploads\/2022\/02\/Gjon-Buzuku-Portret-Akuarel.-Autor-Bujar-Zajmi.jpg?fit=520%2C540&ssl=1","jetpack_sharing_enabled":true,"jetpack_shortlink":"https:\/\/wp.me\/p5Z6wp-e3K","jetpack-related-posts":[{"id":15934,"url":"https:\/\/www.shqiperia.com\/blog\/arte-figurative-mustaket-e-perdredhur-portrt-nga-bujar-zajmi\/","url_meta":{"origin":54048,"position":0},"title":"Arte Figurative: Mustaket e perdredhur. \u2013 Portret nga Bujar Zajmi. &#8211;","author":"Kurt Farka","date":"January 12, 2019","format":false,"excerpt":"Arte Figurative: Mustaket e perdredhur. \u2013 Portret nga Bujar Zajmi. - Nga: Dhurata Hamzai. Syri i pangopur me te bukuren. Veshi qe perkedhelet nga tinguj e fjale. Ngjyra jete droje e mekati ne fytyre. Buze qe shijojne e fershellejne melodi. Tradicionalja si feste mbi krye dhe krenaria ne mustaket e\u2026","rel":"","context":"In &quot;Arte&quot;","block_context":{"text":"Arte","link":"https:\/\/www.shqiperia.com\/blog\/category\/arte\/"},"img":{"alt_text":"","src":"https:\/\/i0.wp.com\/www.shqiperia.com\/blog\/wp-content\/uploads\/2019\/01\/Portret-nga-Bujar-Zajmi-2.jpg?fit=725%2C471&ssl=1&resize=350%2C200","width":350,"height":200,"srcset":"https:\/\/i0.wp.com\/www.shqiperia.com\/blog\/wp-content\/uploads\/2019\/01\/Portret-nga-Bujar-Zajmi-2.jpg?fit=725%2C471&ssl=1&resize=350%2C200 1x, https:\/\/i0.wp.com\/www.shqiperia.com\/blog\/wp-content\/uploads\/2019\/01\/Portret-nga-Bujar-Zajmi-2.jpg?fit=725%2C471&ssl=1&resize=525%2C300 1.5x, https:\/\/i0.wp.com\/www.shqiperia.com\/blog\/wp-content\/uploads\/2019\/01\/Portret-nga-Bujar-Zajmi-2.jpg?fit=725%2C471&ssl=1&resize=700%2C400 2x"},"classes":[]},{"id":15537,"url":"https:\/\/www.shqiperia.com\/blog\/5-janari-pervjetori-i-mesharit-te-gjon-bdek-buzukut-kronike-e-deres-se-gjon-buzukut-i-autorit-jaho-brahaj\/","url_meta":{"origin":54048,"position":1},"title":"5 janari PERVJETORI i MESHARIT te GJON BDEK BUZUKUT. &#8211;  \u201cKronik\u00eb e Der\u00ebs s\u00eb Gjon Buzukut\u201d, i autorit Jaho Brahaj.","author":"Kurt Farka","date":"January 4, 2019","format":false,"excerpt":"5 janari PERVJETORI i MESHARIT te GJON BDEK BUZUKUT. - \u201cKronik\u00eb e Der\u00ebs s\u00eb Gjon Buzukut\u201d, i autorit Jaho Brahaj. Libri: \u201cKronik\u00eb e Der\u00ebs s\u00eb Gjon Buzukut\u201d, i autorit Jaho Brahaj sjell risi n\u00eb ndri\u00e7imin e nj\u00eb prej figurave m\u00eb t\u00eb spikatura t\u00eb kultur\u00ebs komb\u00ebtare shqiptare, t\u00eb q\u00ebndres\u00ebs kulturore, krahas\u2026","rel":"","context":"In &quot;Histori&quot;","block_context":{"text":"Histori","link":"https:\/\/www.shqiperia.com\/blog\/category\/histori\/"},"img":{"alt_text":"","src":"https:\/\/i0.wp.com\/www.shqiperia.com\/blog\/wp-content\/uploads\/2019\/01\/Jaho-Brahaj-Kronike-e-Deres-se-jon-Buzukut.jpg?fit=912%2C540&ssl=1&resize=350%2C200","width":350,"height":200,"srcset":"https:\/\/i0.wp.com\/www.shqiperia.com\/blog\/wp-content\/uploads\/2019\/01\/Jaho-Brahaj-Kronike-e-Deres-se-jon-Buzukut.jpg?fit=912%2C540&ssl=1&resize=350%2C200 1x, https:\/\/i0.wp.com\/www.shqiperia.com\/blog\/wp-content\/uploads\/2019\/01\/Jaho-Brahaj-Kronike-e-Deres-se-jon-Buzukut.jpg?fit=912%2C540&ssl=1&resize=525%2C300 1.5x, https:\/\/i0.wp.com\/www.shqiperia.com\/blog\/wp-content\/uploads\/2019\/01\/Jaho-Brahaj-Kronike-e-Deres-se-jon-Buzukut.jpg?fit=912%2C540&ssl=1&resize=700%2C400 2x"},"classes":[]},{"id":78325,"url":"https:\/\/www.shqiperia.com\/blog\/kendi-i-fotografise-arte-figurative-6\/","url_meta":{"origin":54048,"position":2},"title":"K\u00ebndi i Fotografis\u00eb, Arte Figurative. &#8211; 2 foto.","author":"Kurt Farka","date":"February 15, 2024","format":false,"excerpt":"15 Shkurt 2024 Portret Mal\u00ebsori, 1990, Bujar Zajmi.","rel":"","context":"In &quot;Arte&quot;","block_context":{"text":"Arte","link":"https:\/\/www.shqiperia.com\/blog\/category\/arte\/"},"img":{"alt_text":"","src":"https:\/\/i0.wp.com\/www.shqiperia.com\/blog\/wp-content\/uploads\/2024\/02\/422909372_10228578820109717_509269970657832539_n.jpg?fit=960%2C1200&ssl=1&resize=350%2C200","width":350,"height":200,"srcset":"https:\/\/i0.wp.com\/www.shqiperia.com\/blog\/wp-content\/uploads\/2024\/02\/422909372_10228578820109717_509269970657832539_n.jpg?fit=960%2C1200&ssl=1&resize=350%2C200 1x, https:\/\/i0.wp.com\/www.shqiperia.com\/blog\/wp-content\/uploads\/2024\/02\/422909372_10228578820109717_509269970657832539_n.jpg?fit=960%2C1200&ssl=1&resize=525%2C300 1.5x, https:\/\/i0.wp.com\/www.shqiperia.com\/blog\/wp-content\/uploads\/2024\/02\/422909372_10228578820109717_509269970657832539_n.jpg?fit=960%2C1200&ssl=1&resize=700%2C400 2x"},"classes":[]},{"id":26755,"url":"https:\/\/www.shqiperia.com\/blog\/art-figurativ-bujar-zajmi-ne-mjegullen-e-mitologjise\/","url_meta":{"origin":54048,"position":3},"title":"Art Figurativ: -Bujar Zajmi,  Ne mjegullen e Mitologjise","author":"Kurt Farka","date":"October 6, 2019","format":false,"excerpt":"Bujar Zajmi - Ne mjegullen e Mitologjise. Bujar Zajmi - Ne mjegullen e Mitologjise","rel":"","context":"In &quot;Arte&quot;","block_context":{"text":"Arte","link":"https:\/\/www.shqiperia.com\/blog\/category\/arte\/"},"img":{"alt_text":"","src":"https:\/\/i0.wp.com\/www.shqiperia.com\/blog\/wp-content\/uploads\/2019\/10\/Bujar-Zajmi-Ne-mjegullen-e-Mitologjise.jpg?fit=532%2C321&ssl=1&resize=350%2C200","width":350,"height":200,"srcset":"https:\/\/i0.wp.com\/www.shqiperia.com\/blog\/wp-content\/uploads\/2019\/10\/Bujar-Zajmi-Ne-mjegullen-e-Mitologjise.jpg?fit=532%2C321&ssl=1&resize=350%2C200 1x, https:\/\/i0.wp.com\/www.shqiperia.com\/blog\/wp-content\/uploads\/2019\/10\/Bujar-Zajmi-Ne-mjegullen-e-Mitologjise.jpg?fit=532%2C321&ssl=1&resize=525%2C300 1.5x"},"classes":[]},{"id":30006,"url":"https:\/\/www.shqiperia.com\/blog\/meshari-i-gjon-buzukut-veper-e-shqiptareve-per-pavarsine-shpirterore-dhe-identitet-etnik\/","url_meta":{"origin":54048,"position":4},"title":"Meshari i Gjon Buzukut vep\u00ebr e shqiptar\u00ebve p\u00ebr pavarsin\u00eb shpirt\u00ebrore dhe identitet etnik\u00a0","author":"Kurt Farka","date":"January 4, 2020","format":false,"excerpt":"Nga Jaho Brahaj. Meshari vep\u00ebr e shqiptar\u00ebve p\u00ebr pavarsin\u00eb shpirt\u00ebrore dhe identitet etnik \"Buzuku me Mesharin, e rendit Arb\u00ebrin\u00eb, e pushtuar, p\u00ebrkrah vendeve e kombeve europiane, duke hapur dhe rrug\u00ebn p\u00ebr pasardh\u00ebsit, q\u00eb tashm\u00eb i njohim\". Gjon Buzuku \u00ebsht\u00eb i ndergjegjsh\u00ebm, se po i l\u00eb kombit t\u00eb tij nj\u00eb ndermarrje\u2026","rel":"","context":"In &quot;Histori&quot;","block_context":{"text":"Histori","link":"https:\/\/www.shqiperia.com\/blog\/category\/histori\/"},"img":{"alt_text":"","src":"https:\/\/i0.wp.com\/www.shqiperia.com\/blog\/wp-content\/uploads\/2020\/01\/gjon-buzuku.-Vizatim-nga-Bujar-Zajmi-2.jpg?resize=350%2C200&ssl=1","width":350,"height":200,"srcset":"https:\/\/i0.wp.com\/www.shqiperia.com\/blog\/wp-content\/uploads\/2020\/01\/gjon-buzuku.-Vizatim-nga-Bujar-Zajmi-2.jpg?resize=350%2C200&ssl=1 1x, https:\/\/i0.wp.com\/www.shqiperia.com\/blog\/wp-content\/uploads\/2020\/01\/gjon-buzuku.-Vizatim-nga-Bujar-Zajmi-2.jpg?resize=525%2C300&ssl=1 1.5x"},"classes":[]},{"id":26702,"url":"https:\/\/www.shqiperia.com\/blog\/bujar-zajmi-humori-eshte-gjeja-me-serioze-e-kesaj-bote\/","url_meta":{"origin":54048,"position":5},"title":"Bujar Zajmi: &#8211; Humori \u00ebsht\u00eb gj\u00ebja m\u00eb serioze e k\u00ebsaj bote! &#8211;","author":"Kurt Farka","date":"October 5, 2019","format":false,"excerpt":"Bujar Zajmi: - Humori \u00ebsht\u00eb gj\u00ebja m\u00eb serioze e k\u00ebsaj bote! - Trokitja e port\u00ebs s\u00eb apartamentit\u00a0n\u00eb rrug\u00ebn e Durr\u00ebsit, ku mb\u00ebrrihet p\u00ebrmes disa kthinave mes pallatesh plot kujtime nga Tirana e vjet\u00ebr, na fton me buz\u00ebqeshjen e bashkudh\u00ebtares s\u00eb devotshme\u00a0Miranda. Korrik 2017, Gazeta Shqiptarja.com Trokitja e port\u00ebs s\u00eb apartamentit\u00a0n\u00eb\u2026","rel":"","context":"In &quot;Arte&quot;","block_context":{"text":"Arte","link":"https:\/\/www.shqiperia.com\/blog\/category\/arte\/"},"img":{"alt_text":"","src":"https:\/\/i0.wp.com\/www.shqiperia.com\/blog\/wp-content\/uploads\/2019\/10\/Bujar-Zajmi.jpg?fit=561%2C245&ssl=1&resize=350%2C200","width":350,"height":200,"srcset":"https:\/\/i0.wp.com\/www.shqiperia.com\/blog\/wp-content\/uploads\/2019\/10\/Bujar-Zajmi.jpg?fit=561%2C245&ssl=1&resize=350%2C200 1x, https:\/\/i0.wp.com\/www.shqiperia.com\/blog\/wp-content\/uploads\/2019\/10\/Bujar-Zajmi.jpg?fit=561%2C245&ssl=1&resize=525%2C300 1.5x"},"classes":[]}],"_links":{"self":[{"href":"https:\/\/www.shqiperia.com\/blog\/wp-json\/wp\/v2\/posts\/54048","targetHints":{"allow":["GET"]}}],"collection":[{"href":"https:\/\/www.shqiperia.com\/blog\/wp-json\/wp\/v2\/posts"}],"about":[{"href":"https:\/\/www.shqiperia.com\/blog\/wp-json\/wp\/v2\/types\/post"}],"author":[{"embeddable":true,"href":"https:\/\/www.shqiperia.com\/blog\/wp-json\/wp\/v2\/users\/9"}],"replies":[{"embeddable":true,"href":"https:\/\/www.shqiperia.com\/blog\/wp-json\/wp\/v2\/comments?post=54048"}],"version-history":[{"count":1,"href":"https:\/\/www.shqiperia.com\/blog\/wp-json\/wp\/v2\/posts\/54048\/revisions"}],"predecessor-version":[{"id":54051,"href":"https:\/\/www.shqiperia.com\/blog\/wp-json\/wp\/v2\/posts\/54048\/revisions\/54051"}],"wp:featuredmedia":[{"embeddable":true,"href":"https:\/\/www.shqiperia.com\/blog\/wp-json\/wp\/v2\/media\/54049"}],"wp:attachment":[{"href":"https:\/\/www.shqiperia.com\/blog\/wp-json\/wp\/v2\/media?parent=54048"}],"wp:term":[{"taxonomy":"category","embeddable":true,"href":"https:\/\/www.shqiperia.com\/blog\/wp-json\/wp\/v2\/categories?post=54048"},{"taxonomy":"post_tag","embeddable":true,"href":"https:\/\/www.shqiperia.com\/blog\/wp-json\/wp\/v2\/tags?post=54048"}],"curies":[{"name":"wp","href":"https:\/\/api.w.org\/{rel}","templated":true}]}}