{"id":54034,"date":"2022-02-15T15:46:47","date_gmt":"2022-02-15T15:46:47","guid":{"rendered":"https:\/\/www.shqiperia.com\/blog\/?p=54034"},"modified":"2022-02-15T15:46:47","modified_gmt":"2022-02-15T15:46:47","slug":"koleksionisti-kozma-dashi-ekspozite-100-kartolina-te-tiranes-kryeqytet","status":"publish","type":"post","link":"https:\/\/www.shqiperia.com\/blog\/koleksionisti-kozma-dashi-ekspozite-100-kartolina-te-tiranes-kryeqytet\/","title":{"rendered":"Koleksionisti Kozma Dashi: \u00a0Ekspozite &#8211; 100 kartolina te Tiranes kryeqytet"},"content":{"rendered":"<p><img data-recalc-dims=\"1\" loading=\"lazy\" decoding=\"async\" data-attachment-id=\"54035\" data-permalink=\"https:\/\/www.shqiperia.com\/blog\/koleksionisti-kozma-dashi-ekspozite-100-kartolina-te-tiranes-kryeqytet\/kosma-dashi-ekspozite\/\" data-orig-file=\"https:\/\/i0.wp.com\/www.shqiperia.com\/blog\/wp-content\/uploads\/2022\/02\/Kosma-Dashi-Ekspozite.jpg?fit=780%2C440&amp;ssl=1\" data-orig-size=\"780,440\" data-comments-opened=\"1\" data-image-meta=\"{&quot;aperture&quot;:&quot;0&quot;,&quot;credit&quot;:&quot;&quot;,&quot;camera&quot;:&quot;&quot;,&quot;caption&quot;:&quot;&quot;,&quot;created_timestamp&quot;:&quot;0&quot;,&quot;copyright&quot;:&quot;&quot;,&quot;focal_length&quot;:&quot;0&quot;,&quot;iso&quot;:&quot;0&quot;,&quot;shutter_speed&quot;:&quot;0&quot;,&quot;title&quot;:&quot;&quot;,&quot;orientation&quot;:&quot;0&quot;}\" data-image-title=\"Kosma Dashi Ekspozite\" data-image-description=\"\" data-image-caption=\"\" data-medium-file=\"https:\/\/i0.wp.com\/www.shqiperia.com\/blog\/wp-content\/uploads\/2022\/02\/Kosma-Dashi-Ekspozite.jpg?fit=300%2C169&amp;ssl=1\" data-large-file=\"https:\/\/i0.wp.com\/www.shqiperia.com\/blog\/wp-content\/uploads\/2022\/02\/Kosma-Dashi-Ekspozite.jpg?fit=780%2C440&amp;ssl=1\" class=\"alignnone  wp-image-54035\" alt=\"\" src=\"https:\/\/i0.wp.com\/www.shqiperia.com\/blog\/wp-content\/uploads\/2022\/02\/Kosma-Dashi-Ekspozite-300x169.jpg?resize=673%2C379&#038;ssl=1\" width=\"673\" height=\"379\" srcset=\"https:\/\/i0.wp.com\/www.shqiperia.com\/blog\/wp-content\/uploads\/2022\/02\/Kosma-Dashi-Ekspozite.jpg?resize=300%2C169&amp;ssl=1 300w, https:\/\/i0.wp.com\/www.shqiperia.com\/blog\/wp-content\/uploads\/2022\/02\/Kosma-Dashi-Ekspozite.jpg?resize=768%2C433&amp;ssl=1 768w, https:\/\/i0.wp.com\/www.shqiperia.com\/blog\/wp-content\/uploads\/2022\/02\/Kosma-Dashi-Ekspozite.jpg?resize=450%2C254&amp;ssl=1 450w, https:\/\/i0.wp.com\/www.shqiperia.com\/blog\/wp-content\/uploads\/2022\/02\/Kosma-Dashi-Ekspozite.jpg?resize=600%2C338&amp;ssl=1 600w, https:\/\/i0.wp.com\/www.shqiperia.com\/blog\/wp-content\/uploads\/2022\/02\/Kosma-Dashi-Ekspozite.jpg?resize=400%2C226&amp;ssl=1 400w, https:\/\/i0.wp.com\/www.shqiperia.com\/blog\/wp-content\/uploads\/2022\/02\/Kosma-Dashi-Ekspozite.jpg?w=780&amp;ssl=1 780w\" sizes=\"auto, (max-width: 673px) 100vw, 673px\" \/><\/p>\n<p>Koleksionisti Kozma Dashi: \u00a0Ekspozite &#8211; 100 kartolina te Tiranes kryeqytet<\/p>\n<p>Nga: Anila Dedaj<\/p>\n<p>12 Shkurt 2022<\/p>\n<p>102 vite kryeqytet, Tirana e vjet\u00ebr n\u00eb koleksionin e rrall\u00eb me 100 kartolina! Koleksionisti: T\u00eb mos b\u00ebhemi nj\u00eb komb me amnezi.<\/p>\n<p>N\u00eb kuad\u00ebr t\u00eb 102-vjetorit t\u00eb Tiran\u00ebs kryeqytet, ekspozohen n\u00eb Kalan\u00eb e Tiran\u00ebs kartolina t\u00eb rralla. N\u00eb to pasqyrohen nd\u00ebrtesat e vjetra, shum\u00eb prej t\u00eb cilave sot nuk jan\u00eb m\u00eb. Koleksionisti Kozma Dashi b\u00ebn thirrje, q\u00eb t\u00eb ruhet trash\u00ebgimia arkitekturore.<\/p>\n<p>Vog\u00eblush\u00ebt vall\u00ebzojn\u00eb n\u00ebn tingujt e muzik\u00ebs popullore tiranase&#8230;\u00a0 Jan\u00eb f\u00ebmij\u00ebt e e Ansamblit Folklorik \u201cShqiponja\u201d . N\u00eb Kalan\u00eb e Tiran\u00ebs, ekspozohet kryeqyteti q\u00eb ata nuk do mund t\u00eb njohin&#8230;<\/p>\n<p>Koleksionisti Kozma Dashi p\u00ebrmes 100 kartolinash,\u00a0 n\u00eb kuad\u00ebr t\u00eb 102-vjetorit t\u00eb Tiran\u00ebs kryeqytet, shpalos arkitektur\u00ebn e vjet\u00ebr t\u00eb kryeqytetit . Xhamia e Sulejman Pash\u00ebs, hap ciklin e ekspozit\u00ebs. Mes imazheve, vizitor\u00ebt njihen me pulla, kart\u00ebmonedha, etnografin\u00eb tipike, si dhe momente e personazhe historike me pesh\u00eb t\u00eb kryeqytetit.<\/p>\n<p>\u201c\u00cbsht\u00eb nj\u00eb udh\u00ebtim n\u00eb koh\u00eb, i cili p\u00ebrfundon n\u00eb vitin 1939\u201d, thot\u00eb Dashi<\/p>\n<p>P\u00ebrmes k\u00ebtyre kartolinave, t\u00eb mbledhura p\u00ebr m\u00eb shum\u00eb se dy dekada, koleksionisti k\u00ebrkon t\u00eb p\u00ebr\u00e7oj\u00eb nj\u00eb mesazh p\u00ebr mir\u00ebmbajtjen e trash\u00ebgimis\u00eb arkitekturore t\u00eb kryeqytetit&#8230; q\u00eb si\u00e7 thot\u00eb, dit\u00eb pas dit\u00eb po b\u00ebhet pre e nj\u00eb masakre urbane.<\/p>\n<p>\u201cK\u00ebto jan\u00eb ekspozuar p\u00ebr t\u00eb treguar se duhen ruajtur, q\u00eb t\u00eb mos b\u00ebhemi nj\u00eb komb me amnezi, q\u00eb s\u2019kemi asgj\u00eb p\u00ebr t\u00eb treguar\u201d shton koleksionisti.<\/p>\n<div id=\"attachment_54036\" style=\"width: 825px\" class=\"wp-caption alignnone\"><img data-recalc-dims=\"1\" loading=\"lazy\" decoding=\"async\" aria-describedby=\"caption-attachment-54036\" data-attachment-id=\"54036\" data-permalink=\"https:\/\/www.shqiperia.com\/blog\/koleksionisti-kozma-dashi-ekspozite-100-kartolina-te-tiranes-kryeqytet\/kosma-dashi-ekspozite-2\/\" data-orig-file=\"https:\/\/i0.wp.com\/www.shqiperia.com\/blog\/wp-content\/uploads\/2022\/02\/Kosma-Dashi-Ekspozite.png?fit=800%2C450&amp;ssl=1\" data-orig-size=\"800,450\" data-comments-opened=\"1\" data-image-meta=\"{&quot;aperture&quot;:&quot;0&quot;,&quot;credit&quot;:&quot;&quot;,&quot;camera&quot;:&quot;&quot;,&quot;caption&quot;:&quot;&quot;,&quot;created_timestamp&quot;:&quot;0&quot;,&quot;copyright&quot;:&quot;&quot;,&quot;focal_length&quot;:&quot;0&quot;,&quot;iso&quot;:&quot;0&quot;,&quot;shutter_speed&quot;:&quot;0&quot;,&quot;title&quot;:&quot;&quot;,&quot;orientation&quot;:&quot;0&quot;}\" data-image-title=\"Kosma Dashi Ekspozite\" data-image-description=\"\" data-image-caption=\"&lt;p&gt;Kosma Dashi Ekspozite&lt;\/p&gt;\n\" data-medium-file=\"https:\/\/i0.wp.com\/www.shqiperia.com\/blog\/wp-content\/uploads\/2022\/02\/Kosma-Dashi-Ekspozite.png?fit=300%2C169&amp;ssl=1\" data-large-file=\"https:\/\/i0.wp.com\/www.shqiperia.com\/blog\/wp-content\/uploads\/2022\/02\/Kosma-Dashi-Ekspozite.png?fit=800%2C450&amp;ssl=1\" class=\" wp-image-54036\" alt=\"\" src=\"https:\/\/i0.wp.com\/www.shqiperia.com\/blog\/wp-content\/uploads\/2022\/02\/Kosma-Dashi-Ekspozite-300x169.png?resize=815%2C459&#038;ssl=1\" width=\"815\" height=\"459\" srcset=\"https:\/\/i0.wp.com\/www.shqiperia.com\/blog\/wp-content\/uploads\/2022\/02\/Kosma-Dashi-Ekspozite.png?resize=300%2C169&amp;ssl=1 300w, https:\/\/i0.wp.com\/www.shqiperia.com\/blog\/wp-content\/uploads\/2022\/02\/Kosma-Dashi-Ekspozite.png?resize=768%2C432&amp;ssl=1 768w, https:\/\/i0.wp.com\/www.shqiperia.com\/blog\/wp-content\/uploads\/2022\/02\/Kosma-Dashi-Ekspozite.png?resize=450%2C253&amp;ssl=1 450w, https:\/\/i0.wp.com\/www.shqiperia.com\/blog\/wp-content\/uploads\/2022\/02\/Kosma-Dashi-Ekspozite.png?resize=600%2C338&amp;ssl=1 600w, https:\/\/i0.wp.com\/www.shqiperia.com\/blog\/wp-content\/uploads\/2022\/02\/Kosma-Dashi-Ekspozite.png?resize=400%2C225&amp;ssl=1 400w, https:\/\/i0.wp.com\/www.shqiperia.com\/blog\/wp-content\/uploads\/2022\/02\/Kosma-Dashi-Ekspozite.png?w=800&amp;ssl=1 800w\" sizes=\"auto, (max-width: 815px) 100vw, 815px\" \/><p id=\"caption-attachment-54036\" class=\"wp-caption-text\">Kosma Dashi Ekspozite<\/p><\/div>\n<p>Pjes\u00eb e ekspozit\u00ebs ishin dhe kartolina t\u00eb familjes mbret\u00ebrore, si dhe harta e imazhe t\u00eb Shqip\u00ebris\u00eb, botuar n\u00eb revista t\u00eb huaja&#8230;<\/p>\n<p>Shqiptarja.com<\/p>\n","protected":false},"excerpt":{"rendered":"<p>Koleksionisti Kozma Dashi: \u00a0Ekspozite &#8211; 100 kartolina te Tiranes kryeqytet Nga: Anila Dedaj 12 Shkurt 2022 102 vite kryeqytet, Tirana e vjet\u00ebr n\u00eb koleksionin e rrall\u00eb me 100 kartolina! Koleksionisti: T\u00eb mos b\u00ebhemi nj\u00eb komb me amnezi. N\u00eb kuad\u00ebr t\u00eb 102-vjetorit t\u00eb Tiran\u00ebs kryeqytet, ekspozohen n\u00eb Kalan\u00eb e Tiran\u00ebs kartolina t\u00eb rralla. N\u00eb to pasqyrohen [&hellip;]<\/p>\n","protected":false},"author":9,"featured_media":54035,"comment_status":"open","ping_status":"open","sticky":false,"template":"","format":"standard","meta":{"jetpack_post_was_ever_published":false,"_jetpack_newsletter_access":"","_jetpack_dont_email_post_to_subs":false,"_jetpack_newsletter_tier_id":0,"_jetpack_memberships_contains_paywalled_content":false,"_jetpack_memberships_contains_paid_content":false,"footnotes":"","jetpack_publicize_message":"","jetpack_publicize_feature_enabled":true,"jetpack_social_post_already_shared":true,"jetpack_social_options":{"image_generator_settings":{"template":"highway","default_image_id":0,"font":"","enabled":false},"version":2}},"categories":[87,10,86],"tags":[],"class_list":["post-54034","post","type-post","status-publish","format-standard","has-post-thumbnail","hentry","category-arte","category-kultura","category-trashegimi-kulturore"],"jetpack_publicize_connections":[],"jetpack_featured_media_url":"https:\/\/i0.wp.com\/www.shqiperia.com\/blog\/wp-content\/uploads\/2022\/02\/Kosma-Dashi-Ekspozite.jpg?fit=780%2C440&ssl=1","jetpack_sharing_enabled":true,"jetpack_shortlink":"https:\/\/wp.me\/p5Z6wp-e3w","jetpack-related-posts":[{"id":52391,"url":"https:\/\/www.shqiperia.com\/blog\/shpetim-sala-kartolinat-para-viteve-90-si-uronin-shqiptaret-dikur-festat-koleksion-i-vecante-me-mbi-3000-te-tilla\/","url_meta":{"origin":54034,"position":0},"title":"Shpetim Sala: &#8211; Kartolinat para viteve \u201990, si uronin shqiptar\u00ebt dikur festat. Koleksion i ve\u00e7ant\u00eb me mbi 3000 t\u00eb tilla.","author":"Kurt Farka","date":"December 15, 2021","format":false,"excerpt":"Shpetim Sala: - Kartolinat para viteve \u201990, si uronin shqiptar\u00ebt dikur festat. Koleksion i ve\u00e7ant\u00eb me mbi 3000 t\u00eb tilla. 9 Dhjetor 2021 Koleksionisti Shp\u00ebtim Sala solli n\u00eb studion e \u201cRreze Dielli\u201d nj\u00eb pjes\u00eb t\u00eb koleksionit t\u00eb tij t\u00eb rrall\u00eb me mbi 3000 kartolina q\u00eb i p\u00ebrkasin nj\u00eb periudhe mes\u2026","rel":"","context":"In &quot;Arte&quot;","block_context":{"text":"Arte","link":"https:\/\/www.shqiperia.com\/blog\/category\/arte\/"},"img":{"alt_text":"","src":"https:\/\/i0.wp.com\/www.shqiperia.com\/blog\/wp-content\/uploads\/2021\/12\/Shpetim-Sala.png?fit=512%2C325&ssl=1&resize=350%2C200","width":350,"height":200},"classes":[]},{"id":24139,"url":"https:\/\/www.shqiperia.com\/blog\/tirana-ne-100-vjetorin-si-kryeqyte-t\/","url_meta":{"origin":54034,"position":1},"title":"Tirana ne 100 vjetorin si kryeqytet. &#8211; Ne keshillin bashkiak te Tiranes per here te pare nuk ka asnje perfaqesues autokton","author":"Kurt Farka","date":"August 1, 2019","format":false,"excerpt":"Tirana ne 100 vjetorin si kryeqytet. Ne keshillin bashkiak te Tiranes per here te pare nuk ka asnje perfaqesues autokton Nga: Arben Tafaj Ne keshillin bashkiak te Tiranes per here te pare nuk ka asnje perfaqesues autokton te Tiranes historike. 2. Betimin ne krye te bashkise te nje kryetari qe\u2026","rel":"","context":"In &quot;Blogu i Udh\u00ebtarit&quot;","block_context":{"text":"Blogu i Udh\u00ebtarit","link":"https:\/\/www.shqiperia.com\/blog\/category\/blogu-i-udhetarit\/"},"img":{"alt_text":"","src":"https:\/\/i0.wp.com\/www.shqiperia.com\/blog\/wp-content\/uploads\/2019\/08\/maxresdefault.jpg?fit=975%2C534&ssl=1&resize=350%2C200","width":350,"height":200,"srcset":"https:\/\/i0.wp.com\/www.shqiperia.com\/blog\/wp-content\/uploads\/2019\/08\/maxresdefault.jpg?fit=975%2C534&ssl=1&resize=350%2C200 1x, https:\/\/i0.wp.com\/www.shqiperia.com\/blog\/wp-content\/uploads\/2019\/08\/maxresdefault.jpg?fit=975%2C534&ssl=1&resize=525%2C300 1.5x, https:\/\/i0.wp.com\/www.shqiperia.com\/blog\/wp-content\/uploads\/2019\/08\/maxresdefault.jpg?fit=975%2C534&ssl=1&resize=700%2C400 2x"},"classes":[]},{"id":10030,"url":"https:\/\/www.shqiperia.com\/blog\/1949-ti-puth-syte-nga-burgu-i-gjirokastres-zbulohet-kartolina-e-rralle-e-nje-te-burgosuri-ne-tregun-e-antikuareve-4\/","url_meta":{"origin":54034,"position":2},"title":"1949\/&#8221;Ti puth syt\u00eb..nga burgu i Gjirokastr\u00ebs&#8221;, zbulohet kartolina e rrall\u00eb e nj\u00eb t\u00eb burgosuri n\u00eb tregun e antikuareve. &#8211;","author":"Kurt Farka","date":"July 21, 2018","format":false,"excerpt":"1949\/\"Ti puth syt\u00eb..nga burgu i Gjirokastr\u00ebs\", zbulohet kartolina e rrall\u00eb e nj\u00eb t\u00eb burgosuri n\u00eb tregun e antikuareve. - Nj\u00eb relike e rrall\u00eb, si nj\u00eb d\u00ebshmi e vyer nga periudha e err\u00ebt e regjimit komunist, \u00a0\u00ebsht\u00eb ndeshur n\u00eb tregun e antikuar\u00ebve n\u00eb Tiran\u00eb nga studiuesi dhe koleksionisti pasionant Jaho Brahaj,\u2026","rel":"","context":"In &quot;Blogu i Udh\u00ebtarit&quot;","block_context":{"text":"Blogu i Udh\u00ebtarit","link":"https:\/\/www.shqiperia.com\/blog\/category\/blogu-i-udhetarit\/"},"img":{"alt_text":"","src":"https:\/\/i0.wp.com\/www.shqiperia.com\/blog\/wp-content\/uploads\/2018\/07\/1.jpg?fit=1200%2C741&ssl=1&resize=350%2C200","width":350,"height":200,"srcset":"https:\/\/i0.wp.com\/www.shqiperia.com\/blog\/wp-content\/uploads\/2018\/07\/1.jpg?fit=1200%2C741&ssl=1&resize=350%2C200 1x, https:\/\/i0.wp.com\/www.shqiperia.com\/blog\/wp-content\/uploads\/2018\/07\/1.jpg?fit=1200%2C741&ssl=1&resize=525%2C300 1.5x, https:\/\/i0.wp.com\/www.shqiperia.com\/blog\/wp-content\/uploads\/2018\/07\/1.jpg?fit=1200%2C741&ssl=1&resize=700%2C400 2x, https:\/\/i0.wp.com\/www.shqiperia.com\/blog\/wp-content\/uploads\/2018\/07\/1.jpg?fit=1200%2C741&ssl=1&resize=1050%2C600 3x"},"classes":[]},{"id":9885,"url":"https:\/\/www.shqiperia.com\/blog\/1949-ti-puth-syte-nga-burgu-i-gjirokastres-zbulohet-kartolina-e-rralle-e-nje-te-burgosuri-ne-tregun-e-antikuareve-2\/","url_meta":{"origin":54034,"position":3},"title":"1949\/&#8221;Ti puth syt\u00eb..nga burgu i Gjirokastr\u00ebs&#8221;, zbulohet kartolina e rrall\u00eb e nj\u00eb t\u00eb burgosuri n\u00eb tregun e antikuareve. &#8211;","author":"Kurt Farka","date":"July 18, 2018","format":false,"excerpt":"1949\/\"Ti puth syt\u00eb..nga burgu i Gjirokastr\u00ebs\", zbulohet kartolina e rrall\u00eb e nj\u00eb t\u00eb burgosuri n\u00eb tregun e antikuareve. - Nj\u00eb relike e rrall\u00eb, si nj\u00eb d\u00ebshmi e vyer nga periudha e err\u00ebt e regjimit komunist, \u00a0\u00ebsht\u00eb ndeshur n\u00eb tregun e antikuar\u00ebve n\u00eb Tiran\u00eb nga studiuesi dhe koleksionisti pasionant Jaho Brahaj,\u2026","rel":"","context":"In &quot;Histori&quot;","block_context":{"text":"Histori","link":"https:\/\/www.shqiperia.com\/blog\/category\/histori\/"},"img":{"alt_text":"","src":"https:\/\/i0.wp.com\/www.shqiperia.com\/blog\/wp-content\/uploads\/2018\/07\/Nga-Burgu-i-Gjirokastres-Te-puth-syte-4-300x183.jpg?resize=350%2C200","width":350,"height":200},"classes":[]},{"id":12401,"url":"https:\/\/www.shqiperia.com\/blog\/thimi-nika-gazetar-dhe-studiues-qe-la-gjurme-ne-historine-e-kultures-shqiptare\/","url_meta":{"origin":54034,"position":4},"title":"Thimi Nika- (1949-2018) gazetar dhe studiues qe la gjurme ne historine e Kultures Shqiptare. &#8211;","author":"Kurt Farka","date":"October 8, 2018","format":false,"excerpt":"Thimi Nika-(1949-2018) gazetar dhe studiues qe la gjurme ne Historine e Kultures Shqiptare. - Thimi Nika rrjedh nga nj\u00eb familje intelektuale me origjin\u00eb nga Muzina e Sarand\u00ebs. Lindi n\u00eb qytetin e Kuk\u00ebsit, m\u00eb 11 shkurt 1949. N\u00eb vitin 1951, u vendos familjarisht n\u00eb qytetin e Beratit. Aty kreu arsimin fillor,\u2026","rel":"","context":"In &quot;Kultura&quot;","block_context":{"text":"Kultura","link":"https:\/\/www.shqiperia.com\/blog\/category\/kultura\/"},"img":{"alt_text":"","src":"https:\/\/i0.wp.com\/www.shqiperia.com\/blog\/wp-content\/uploads\/2018\/10\/Kopertina-e-Librit-Pulla-Postare-Shqiptare.jpg?fit=873%2C437&ssl=1&resize=350%2C200","width":350,"height":200,"srcset":"https:\/\/i0.wp.com\/www.shqiperia.com\/blog\/wp-content\/uploads\/2018\/10\/Kopertina-e-Librit-Pulla-Postare-Shqiptare.jpg?fit=873%2C437&ssl=1&resize=350%2C200 1x, https:\/\/i0.wp.com\/www.shqiperia.com\/blog\/wp-content\/uploads\/2018\/10\/Kopertina-e-Librit-Pulla-Postare-Shqiptare.jpg?fit=873%2C437&ssl=1&resize=525%2C300 1.5x, https:\/\/i0.wp.com\/www.shqiperia.com\/blog\/wp-content\/uploads\/2018\/10\/Kopertina-e-Librit-Pulla-Postare-Shqiptare.jpg?fit=873%2C437&ssl=1&resize=700%2C400 2x"},"classes":[]},{"id":31458,"url":"https:\/\/www.shqiperia.com\/blog\/thirrje-rama-ik-ne-aktivitetin-e-100-vjetorit-te-tiranes\/","url_meta":{"origin":54034,"position":5},"title":"Thirrje \u2018Rama ik\u2019 n\u00eb aktivitetin e 100-vjetorit t\u00eb Tiran\u00ebs.","author":"Kurt Farka","date":"February 12, 2020","format":false,"excerpt":"Thirrje \u2018Rama ik\u2019 n\u00eb aktivitetin e 100-vjetorit t\u00eb Tiran\u00ebs. Nd\u00ebrsa Presidenti Ilir Meta mbante fjalimin e tij me rastin e 100-vjetorit t\u00eb Tiran\u00ebs kryeqytet, disa qytetar\u00eb kan\u00eb protestuar me thirrjet \u201cRama ik\u201d. Si p\u00ebr ironi t\u00eb kryeministrit Rama dhe kryebashkiakut Erion Veliaj, ky aktivitet ishte organizuar n\u00eb ambientet e Teatrit\u2026","rel":"","context":"In &quot;Politika&quot;","block_context":{"text":"Politika","link":"https:\/\/www.shqiperia.com\/blog\/category\/politika\/"},"img":{"alt_text":"","src":"https:\/\/i0.wp.com\/www.shqiperia.com\/blog\/wp-content\/uploads\/2020\/02\/download-4-300x159.jpg?resize=350%2C200&ssl=1","width":350,"height":200,"srcset":"https:\/\/i0.wp.com\/www.shqiperia.com\/blog\/wp-content\/uploads\/2020\/02\/download-4-300x159.jpg?resize=350%2C200&ssl=1 1x, https:\/\/i0.wp.com\/www.shqiperia.com\/blog\/wp-content\/uploads\/2020\/02\/download-4-300x159.jpg?resize=525%2C300&ssl=1 1.5x"},"classes":[]}],"_links":{"self":[{"href":"https:\/\/www.shqiperia.com\/blog\/wp-json\/wp\/v2\/posts\/54034","targetHints":{"allow":["GET"]}}],"collection":[{"href":"https:\/\/www.shqiperia.com\/blog\/wp-json\/wp\/v2\/posts"}],"about":[{"href":"https:\/\/www.shqiperia.com\/blog\/wp-json\/wp\/v2\/types\/post"}],"author":[{"embeddable":true,"href":"https:\/\/www.shqiperia.com\/blog\/wp-json\/wp\/v2\/users\/9"}],"replies":[{"embeddable":true,"href":"https:\/\/www.shqiperia.com\/blog\/wp-json\/wp\/v2\/comments?post=54034"}],"version-history":[{"count":1,"href":"https:\/\/www.shqiperia.com\/blog\/wp-json\/wp\/v2\/posts\/54034\/revisions"}],"predecessor-version":[{"id":54037,"href":"https:\/\/www.shqiperia.com\/blog\/wp-json\/wp\/v2\/posts\/54034\/revisions\/54037"}],"wp:featuredmedia":[{"embeddable":true,"href":"https:\/\/www.shqiperia.com\/blog\/wp-json\/wp\/v2\/media\/54035"}],"wp:attachment":[{"href":"https:\/\/www.shqiperia.com\/blog\/wp-json\/wp\/v2\/media?parent=54034"}],"wp:term":[{"taxonomy":"category","embeddable":true,"href":"https:\/\/www.shqiperia.com\/blog\/wp-json\/wp\/v2\/categories?post=54034"},{"taxonomy":"post_tag","embeddable":true,"href":"https:\/\/www.shqiperia.com\/blog\/wp-json\/wp\/v2\/tags?post=54034"}],"curies":[{"name":"wp","href":"https:\/\/api.w.org\/{rel}","templated":true}]}}