{"id":54030,"date":"2022-02-15T13:35:11","date_gmt":"2022-02-15T13:35:11","guid":{"rendered":"https:\/\/www.shqiperia.com\/blog\/?p=54030"},"modified":"2022-02-15T18:28:48","modified_gmt":"2022-02-15T18:28:48","slug":"kendi-i-fotografise-arkeologji","status":"publish","type":"post","link":"https:\/\/www.shqiperia.com\/blog\/kendi-i-fotografise-arkeologji\/","title":{"rendered":"Kendi i Fotografise: Arkeologji."},"content":{"rendered":"<div id=\"attachment_54031\" style=\"width: 625px\" class=\"wp-caption alignnone\"><img data-recalc-dims=\"1\" loading=\"lazy\" decoding=\"async\" aria-describedby=\"caption-attachment-54031\" data-attachment-id=\"54031\" data-permalink=\"https:\/\/www.shqiperia.com\/blog\/kendi-i-fotografise-arkeologji\/rripi-i-arte-i-dekoruar-me-motive-swastika-periudha-e-moshes-se-hekurit-shekulli-i-6-te-p-e-s-gjendet-brenda-%e2%80%b2%e2%80%b2-varreve-princerore-%e2%80%b2%e2%80%b2-ilire-ne-novi-pazar\/\" data-orig-file=\"https:\/\/i0.wp.com\/www.shqiperia.com\/blog\/wp-content\/uploads\/2022\/02\/Rripi-i-arte-i-dekoruar-me-motive-swastika-periudha-e-moshes-se-hekurit-shekulli-i-6-te-p.e.s.-gjendet-brenda-%E2%80%B2%E2%80%B2-varreve-princerore-%E2%80%B2%E2%80%B2-ilire-ne-Novi-Pazar.jpg?fit=1500%2C1000&amp;ssl=1\" data-orig-size=\"1500,1000\" data-comments-opened=\"1\" data-image-meta=\"{&quot;aperture&quot;:&quot;0&quot;,&quot;credit&quot;:&quot;&quot;,&quot;camera&quot;:&quot;&quot;,&quot;caption&quot;:&quot;&quot;,&quot;created_timestamp&quot;:&quot;0&quot;,&quot;copyright&quot;:&quot;&quot;,&quot;focal_length&quot;:&quot;0&quot;,&quot;iso&quot;:&quot;0&quot;,&quot;shutter_speed&quot;:&quot;0&quot;,&quot;title&quot;:&quot;&quot;,&quot;orientation&quot;:&quot;0&quot;}\" data-image-title=\"Rripi i art\u00eb i dekoruar me motive swastika, periudha e mosh\u00ebs s\u00eb hekurit, shekulli i 6-t\u00eb p.e.s., gjendet brenda \u2032\u2032 varreve princ\u00ebrore \u2032\u2032 ilire n\u00eb Novi Pazar\" data-image-description=\"\" data-image-caption=\"&lt;p&gt;Rripi i art\u00eb i dekoruar me motive swastika, periudha e mosh\u00ebs s\u00eb hekurit, shekulli i 6-t\u00eb p.e.s., gjendet brenda \u2032\u2032 varreve princ\u00ebrore \u2032\u2032 ilire n\u00eb Novi Pazar&lt;\/p&gt;\n\" data-medium-file=\"https:\/\/i0.wp.com\/www.shqiperia.com\/blog\/wp-content\/uploads\/2022\/02\/Rripi-i-arte-i-dekoruar-me-motive-swastika-periudha-e-moshes-se-hekurit-shekulli-i-6-te-p.e.s.-gjendet-brenda-%E2%80%B2%E2%80%B2-varreve-princerore-%E2%80%B2%E2%80%B2-ilire-ne-Novi-Pazar.jpg?fit=300%2C200&amp;ssl=1\" data-large-file=\"https:\/\/i0.wp.com\/www.shqiperia.com\/blog\/wp-content\/uploads\/2022\/02\/Rripi-i-arte-i-dekoruar-me-motive-swastika-periudha-e-moshes-se-hekurit-shekulli-i-6-te-p.e.s.-gjendet-brenda-%E2%80%B2%E2%80%B2-varreve-princerore-%E2%80%B2%E2%80%B2-ilire-ne-Novi-Pazar.jpg?fit=1024%2C683&amp;ssl=1\" class=\" wp-image-54031\" alt=\"\" src=\"https:\/\/i0.wp.com\/www.shqiperia.com\/blog\/wp-content\/uploads\/2022\/02\/Rripi-i-arte-i-dekoruar-me-motive-swastika-periudha-e-moshes-se-hekurit-shekulli-i-6-te-p.e.s.-gjendet-brenda-%E2%80%B2%E2%80%B2-varreve-princerore-%E2%80%B2%E2%80%B2-ilire-ne-Novi-Pazar.jpg?resize=615%2C410&#038;ssl=1\" width=\"615\" height=\"410\" srcset=\"https:\/\/i0.wp.com\/www.shqiperia.com\/blog\/wp-content\/uploads\/2022\/02\/Rripi-i-arte-i-dekoruar-me-motive-swastika-periudha-e-moshes-se-hekurit-shekulli-i-6-te-p.e.s.-gjendet-brenda-%E2%80%B2%E2%80%B2-varreve-princerore-%E2%80%B2%E2%80%B2-ilire-ne-Novi-Pazar.jpg?resize=300%2C200&amp;ssl=1 300w, https:\/\/i0.wp.com\/www.shqiperia.com\/blog\/wp-content\/uploads\/2022\/02\/Rripi-i-arte-i-dekoruar-me-motive-swastika-periudha-e-moshes-se-hekurit-shekulli-i-6-te-p.e.s.-gjendet-brenda-%E2%80%B2%E2%80%B2-varreve-princerore-%E2%80%B2%E2%80%B2-ilire-ne-Novi-Pazar.jpg?resize=1024%2C683&amp;ssl=1 1024w, https:\/\/i0.wp.com\/www.shqiperia.com\/blog\/wp-content\/uploads\/2022\/02\/Rripi-i-arte-i-dekoruar-me-motive-swastika-periudha-e-moshes-se-hekurit-shekulli-i-6-te-p.e.s.-gjendet-brenda-%E2%80%B2%E2%80%B2-varreve-princerore-%E2%80%B2%E2%80%B2-ilire-ne-Novi-Pazar.jpg?resize=768%2C512&amp;ssl=1 768w, https:\/\/i0.wp.com\/www.shqiperia.com\/blog\/wp-content\/uploads\/2022\/02\/Rripi-i-arte-i-dekoruar-me-motive-swastika-periudha-e-moshes-se-hekurit-shekulli-i-6-te-p.e.s.-gjendet-brenda-%E2%80%B2%E2%80%B2-varreve-princerore-%E2%80%B2%E2%80%B2-ilire-ne-Novi-Pazar.jpg?resize=600%2C400&amp;ssl=1 600w, https:\/\/i0.wp.com\/www.shqiperia.com\/blog\/wp-content\/uploads\/2022\/02\/Rripi-i-arte-i-dekoruar-me-motive-swastika-periudha-e-moshes-se-hekurit-shekulli-i-6-te-p.e.s.-gjendet-brenda-%E2%80%B2%E2%80%B2-varreve-princerore-%E2%80%B2%E2%80%B2-ilire-ne-Novi-Pazar.jpg?resize=450%2C300&amp;ssl=1 450w, https:\/\/i0.wp.com\/www.shqiperia.com\/blog\/wp-content\/uploads\/2022\/02\/Rripi-i-arte-i-dekoruar-me-motive-swastika-periudha-e-moshes-se-hekurit-shekulli-i-6-te-p.e.s.-gjendet-brenda-%E2%80%B2%E2%80%B2-varreve-princerore-%E2%80%B2%E2%80%B2-ilire-ne-Novi-Pazar.jpg?resize=1300%2C867&amp;ssl=1 1300w, https:\/\/i0.wp.com\/www.shqiperia.com\/blog\/wp-content\/uploads\/2022\/02\/Rripi-i-arte-i-dekoruar-me-motive-swastika-periudha-e-moshes-se-hekurit-shekulli-i-6-te-p.e.s.-gjendet-brenda-%E2%80%B2%E2%80%B2-varreve-princerore-%E2%80%B2%E2%80%B2-ilire-ne-Novi-Pazar.jpg?resize=400%2C267&amp;ssl=1 400w, https:\/\/i0.wp.com\/www.shqiperia.com\/blog\/wp-content\/uploads\/2022\/02\/Rripi-i-arte-i-dekoruar-me-motive-swastika-periudha-e-moshes-se-hekurit-shekulli-i-6-te-p.e.s.-gjendet-brenda-%E2%80%B2%E2%80%B2-varreve-princerore-%E2%80%B2%E2%80%B2-ilire-ne-Novi-Pazar.jpg?w=1500&amp;ssl=1 1500w\" sizes=\"auto, (max-width: 615px) 100vw, 615px\" \/><p id=\"caption-attachment-54031\" class=\"wp-caption-text\">Rripi i art\u00eb i dekoruar me motive swastika, periudha e mosh\u00ebs s\u00eb hekurit, shekulli i 6-t\u00eb p.e.s., gjendet brenda \u2032\u2032 varreve princ\u00ebrore \u2032\u2032 ilire n\u00eb Novi Pazar<\/p><\/div>\n<p>Kendi i Fotografise: Arkeologji.<\/p>\n<p>Rripi i art\u00eb i dekoruar me motive swastika, periudha e mosh\u00ebs s\u00eb hekurit, shekulli i 6-t\u00eb p.e.s., gjendet brenda \u2032\u2032varreve princ\u00ebrore\u2032\u2032 ilire n\u00eb Novi Pazar.<\/p>\n<div id=\"attachment_54032\" style=\"width: 814px\" class=\"wp-caption alignnone\"><img data-recalc-dims=\"1\" loading=\"lazy\" decoding=\"async\" aria-describedby=\"caption-attachment-54032\" data-attachment-id=\"54032\" data-permalink=\"https:\/\/www.shqiperia.com\/blog\/kendi-i-fotografise-arkeologji\/rripi-i-arte-i-dekoruar-me-motive-swastika-periudha-e-moshes-se-hekurit-shekulli-i-6-te-p-e-s-gjendet-brenda-%e2%80%b2%e2%80%b2-varreve-princerore-%e2%80%b2%e2%80%b2-ilire-ne-novi-pazar-2\/\" data-orig-file=\"https:\/\/i0.wp.com\/www.shqiperia.com\/blog\/wp-content\/uploads\/2022\/02\/Rripi-i-arte-i-dekoruar-me-motive-swastika-periudha-e-moshes-se-hekurit-shekulli-i-6-te-p.e.s.-gjendet-brenda-%E2%80%B2%E2%80%B2-varreve-princerore-%E2%80%B2%E2%80%B2-ilire-ne-Novi-Pazar-1.jpg?fit=1500%2C1000&amp;ssl=1\" data-orig-size=\"1500,1000\" data-comments-opened=\"1\" data-image-meta=\"{&quot;aperture&quot;:&quot;0&quot;,&quot;credit&quot;:&quot;&quot;,&quot;camera&quot;:&quot;&quot;,&quot;caption&quot;:&quot;&quot;,&quot;created_timestamp&quot;:&quot;0&quot;,&quot;copyright&quot;:&quot;&quot;,&quot;focal_length&quot;:&quot;0&quot;,&quot;iso&quot;:&quot;0&quot;,&quot;shutter_speed&quot;:&quot;0&quot;,&quot;title&quot;:&quot;&quot;,&quot;orientation&quot;:&quot;0&quot;}\" data-image-title=\"Rripi i art\u00eb i dekoruar me motive swastika, periudha e mosh\u00ebs s\u00eb hekurit, shekulli i 6-t\u00eb p.e.s., gjendet brenda \u2032\u2032 varreve princ\u00ebrore \u2032\u2032 ilire n\u00eb Novi Pazar\" data-image-description=\"\" data-image-caption=\"&lt;p&gt;Rripi i art\u00eb i dekoruar me motive swastika, periudha e mosh\u00ebs s\u00eb hekurit, shekulli i 6-t\u00eb p.e.s., gjendet brenda \u2032\u2032 varreve princ\u00ebrore \u2032\u2032 ilire n\u00eb Novi Pazar&lt;\/p&gt;\n\" data-medium-file=\"https:\/\/i0.wp.com\/www.shqiperia.com\/blog\/wp-content\/uploads\/2022\/02\/Rripi-i-arte-i-dekoruar-me-motive-swastika-periudha-e-moshes-se-hekurit-shekulli-i-6-te-p.e.s.-gjendet-brenda-%E2%80%B2%E2%80%B2-varreve-princerore-%E2%80%B2%E2%80%B2-ilire-ne-Novi-Pazar-1.jpg?fit=300%2C200&amp;ssl=1\" data-large-file=\"https:\/\/i0.wp.com\/www.shqiperia.com\/blog\/wp-content\/uploads\/2022\/02\/Rripi-i-arte-i-dekoruar-me-motive-swastika-periudha-e-moshes-se-hekurit-shekulli-i-6-te-p.e.s.-gjendet-brenda-%E2%80%B2%E2%80%B2-varreve-princerore-%E2%80%B2%E2%80%B2-ilire-ne-Novi-Pazar-1.jpg?fit=1024%2C683&amp;ssl=1\" class=\" wp-image-54032\" alt=\"\" src=\"https:\/\/i0.wp.com\/www.shqiperia.com\/blog\/wp-content\/uploads\/2022\/02\/Rripi-i-arte-i-dekoruar-me-motive-swastika-periudha-e-moshes-se-hekurit-shekulli-i-6-te-p.e.s.-gjendet-brenda-%E2%80%B2%E2%80%B2-varreve-princerore-%E2%80%B2%E2%80%B2-ilire-ne-Novi-Pazar-1.jpg?resize=804%2C536&#038;ssl=1\" width=\"804\" height=\"536\" srcset=\"https:\/\/i0.wp.com\/www.shqiperia.com\/blog\/wp-content\/uploads\/2022\/02\/Rripi-i-arte-i-dekoruar-me-motive-swastika-periudha-e-moshes-se-hekurit-shekulli-i-6-te-p.e.s.-gjendet-brenda-%E2%80%B2%E2%80%B2-varreve-princerore-%E2%80%B2%E2%80%B2-ilire-ne-Novi-Pazar-1.jpg?resize=300%2C200&amp;ssl=1 300w, https:\/\/i0.wp.com\/www.shqiperia.com\/blog\/wp-content\/uploads\/2022\/02\/Rripi-i-arte-i-dekoruar-me-motive-swastika-periudha-e-moshes-se-hekurit-shekulli-i-6-te-p.e.s.-gjendet-brenda-%E2%80%B2%E2%80%B2-varreve-princerore-%E2%80%B2%E2%80%B2-ilire-ne-Novi-Pazar-1.jpg?resize=1024%2C683&amp;ssl=1 1024w, https:\/\/i0.wp.com\/www.shqiperia.com\/blog\/wp-content\/uploads\/2022\/02\/Rripi-i-arte-i-dekoruar-me-motive-swastika-periudha-e-moshes-se-hekurit-shekulli-i-6-te-p.e.s.-gjendet-brenda-%E2%80%B2%E2%80%B2-varreve-princerore-%E2%80%B2%E2%80%B2-ilire-ne-Novi-Pazar-1.jpg?resize=768%2C512&amp;ssl=1 768w, https:\/\/i0.wp.com\/www.shqiperia.com\/blog\/wp-content\/uploads\/2022\/02\/Rripi-i-arte-i-dekoruar-me-motive-swastika-periudha-e-moshes-se-hekurit-shekulli-i-6-te-p.e.s.-gjendet-brenda-%E2%80%B2%E2%80%B2-varreve-princerore-%E2%80%B2%E2%80%B2-ilire-ne-Novi-Pazar-1.jpg?resize=600%2C400&amp;ssl=1 600w, https:\/\/i0.wp.com\/www.shqiperia.com\/blog\/wp-content\/uploads\/2022\/02\/Rripi-i-arte-i-dekoruar-me-motive-swastika-periudha-e-moshes-se-hekurit-shekulli-i-6-te-p.e.s.-gjendet-brenda-%E2%80%B2%E2%80%B2-varreve-princerore-%E2%80%B2%E2%80%B2-ilire-ne-Novi-Pazar-1.jpg?resize=450%2C300&amp;ssl=1 450w, https:\/\/i0.wp.com\/www.shqiperia.com\/blog\/wp-content\/uploads\/2022\/02\/Rripi-i-arte-i-dekoruar-me-motive-swastika-periudha-e-moshes-se-hekurit-shekulli-i-6-te-p.e.s.-gjendet-brenda-%E2%80%B2%E2%80%B2-varreve-princerore-%E2%80%B2%E2%80%B2-ilire-ne-Novi-Pazar-1.jpg?resize=1300%2C867&amp;ssl=1 1300w, https:\/\/i0.wp.com\/www.shqiperia.com\/blog\/wp-content\/uploads\/2022\/02\/Rripi-i-arte-i-dekoruar-me-motive-swastika-periudha-e-moshes-se-hekurit-shekulli-i-6-te-p.e.s.-gjendet-brenda-%E2%80%B2%E2%80%B2-varreve-princerore-%E2%80%B2%E2%80%B2-ilire-ne-Novi-Pazar-1.jpg?resize=400%2C267&amp;ssl=1 400w, https:\/\/i0.wp.com\/www.shqiperia.com\/blog\/wp-content\/uploads\/2022\/02\/Rripi-i-arte-i-dekoruar-me-motive-swastika-periudha-e-moshes-se-hekurit-shekulli-i-6-te-p.e.s.-gjendet-brenda-%E2%80%B2%E2%80%B2-varreve-princerore-%E2%80%B2%E2%80%B2-ilire-ne-Novi-Pazar-1.jpg?w=1500&amp;ssl=1 1500w\" sizes=\"auto, (max-width: 804px) 100vw, 804px\" \/><p id=\"caption-attachment-54032\" class=\"wp-caption-text\">Rripi i art\u00eb i dekoruar me motive swastika, periudha e mosh\u00ebs s\u00eb hekurit, shekulli i 6-t\u00eb p.e.s., gjendet brenda \u2032\u2032 varreve princ\u00ebrore \u2032\u2032 ilire n\u00eb Novi Pazar<\/p><\/div>\n","protected":false},"excerpt":{"rendered":"<p>Kendi i Fotografise: Arkeologji. Rripi i art\u00eb i dekoruar me motive swastika, periudha e mosh\u00ebs s\u00eb hekurit, shekulli i 6-t\u00eb p.e.s., gjendet brenda \u2032\u2032varreve princ\u00ebrore\u2032\u2032 ilire n\u00eb Novi Pazar.<\/p>\n","protected":false},"author":9,"featured_media":54031,"comment_status":"open","ping_status":"open","sticky":false,"template":"","format":"standard","meta":{"jetpack_post_was_ever_published":false,"_jetpack_newsletter_access":"","_jetpack_dont_email_post_to_subs":false,"_jetpack_newsletter_tier_id":0,"_jetpack_memberships_contains_paywalled_content":false,"_jetpack_memberships_contains_paid_content":false,"footnotes":"","jetpack_publicize_message":"","jetpack_publicize_feature_enabled":true,"jetpack_social_post_already_shared":true,"jetpack_social_options":{"image_generator_settings":{"template":"highway","default_image_id":0,"font":"","enabled":false},"version":2}},"categories":[87,85,86],"tags":[],"class_list":["post-54030","post","type-post","status-publish","format-standard","has-post-thumbnail","hentry","category-arte","category-histori","category-trashegimi-kulturore"],"jetpack_publicize_connections":[],"jetpack_featured_media_url":"https:\/\/i0.wp.com\/www.shqiperia.com\/blog\/wp-content\/uploads\/2022\/02\/Rripi-i-arte-i-dekoruar-me-motive-swastika-periudha-e-moshes-se-hekurit-shekulli-i-6-te-p.e.s.-gjendet-brenda-%E2%80%B2%E2%80%B2-varreve-princerore-%E2%80%B2%E2%80%B2-ilire-ne-Novi-Pazar.jpg?fit=1500%2C1000&ssl=1","jetpack_sharing_enabled":true,"jetpack_shortlink":"https:\/\/wp.me\/p5Z6wp-e3s","jetpack-related-posts":[{"id":2360,"url":"https:\/\/www.shqiperia.com\/blog\/varret-ilire-ne-selce-e-poshtme-pogradec\/","url_meta":{"origin":54030,"position":0},"title":"Varret Ilire. &#8211; n\u00eb Selc\u00eb e Poshtme &#8211; Pogradec","author":"Kurt Farka","date":"February 1, 2018","format":false,"excerpt":"Varret Ilire t\u00eb Selc\u00ebs s\u00eb Poshtme ndodhen n\u00eb af\u00ebrsi t\u00eb qytetit t\u00eb Pogradecit n\u00eb Shqip\u00ebri, n\u00eb fshatin Selc\u00eb e Poshtme. N\u00eb bregun e djatht\u00eb t\u00eb lumit Shkumbin, n\u00eb nj\u00eb lart\u00ebsi prej m mbi nivelin e detit, q\u00ebndrojn\u00eb mbetjet e qytetit t\u00eb lasht\u00eb t\u00eb Pelionit dhe nekropolit shoq\u00ebrues. Rruga romake Via\u2026","rel":"","context":"In &quot;Trashegimi Kulturore&quot;","block_context":{"text":"Trashegimi Kulturore","link":"https:\/\/www.shqiperia.com\/blog\/category\/trashegimi-kulturore\/"},"img":{"alt_text":"","src":"https:\/\/i0.wp.com\/www.shqiperia.com\/blog\/wp-content\/uploads\/2018\/02\/Varreza-ilire-e-Selces-3.jpg?resize=350%2C200","width":350,"height":200},"classes":[]},{"id":84298,"url":"https:\/\/www.shqiperia.com\/blog\/germimet-arkeologjike-ne-kosove-sjellin-prova-te-vazhdimesise-se-popullsise-ilire-dardane-nga-periudha-e-bronzit-dhe-hekurit\/","url_meta":{"origin":54030,"position":1},"title":"G\u00ebrmimet Arkeologjike n\u00eb Kosov\u00eb sjellin prova t\u00eb vazhdim\u00ebsis\u00eb s\u00eb popullsis\u00eb ilire-dardane nga periudha e bronzit dhe hekurit.","author":"Kurt Farka","date":"September 10, 2024","format":false,"excerpt":"10 Shtator 2024 Ministria e Kultur\u00ebs, Rinis\u00eb dhe Sportit ka njoftuar p\u00ebr zbulime t\u00eb reja dhe t\u00eb r\u00ebnd\u00ebsishme arkeologjike n\u00eb lokalitetin e Hisarit n\u00eb Suharek\u00eb. G\u00ebrmimet, t\u00eb udh\u00ebhequra nga Instituti Arkeologjik i Kosov\u00ebs, kan\u00eb sjell\u00eb prova t\u00eb vazhdim\u00ebsis\u00eb s\u00eb popullsis\u00eb ilire-dardane nga periudha e bronzit dhe hekurit. Nd\u00ebr zbulimet m\u00eb\u2026","rel":"","context":"In &quot;Arte&quot;","block_context":{"text":"Arte","link":"https:\/\/www.shqiperia.com\/blog\/category\/arte\/"},"img":{"alt_text":"","src":"https:\/\/i0.wp.com\/www.shqiperia.com\/blog\/wp-content\/uploads\/2024\/09\/458979071_918174390355957_2697712988168848561_n.jpg?fit=1200%2C800&ssl=1&resize=350%2C200","width":350,"height":200,"srcset":"https:\/\/i0.wp.com\/www.shqiperia.com\/blog\/wp-content\/uploads\/2024\/09\/458979071_918174390355957_2697712988168848561_n.jpg?fit=1200%2C800&ssl=1&resize=350%2C200 1x, https:\/\/i0.wp.com\/www.shqiperia.com\/blog\/wp-content\/uploads\/2024\/09\/458979071_918174390355957_2697712988168848561_n.jpg?fit=1200%2C800&ssl=1&resize=525%2C300 1.5x, https:\/\/i0.wp.com\/www.shqiperia.com\/blog\/wp-content\/uploads\/2024\/09\/458979071_918174390355957_2697712988168848561_n.jpg?fit=1200%2C800&ssl=1&resize=700%2C400 2x, https:\/\/i0.wp.com\/www.shqiperia.com\/blog\/wp-content\/uploads\/2024\/09\/458979071_918174390355957_2697712988168848561_n.jpg?fit=1200%2C800&ssl=1&resize=1050%2C600 3x"},"classes":[]},{"id":3868,"url":"https:\/\/www.shqiperia.com\/blog\/arkeologji-stele-gur-varri-shek-era-e-re\/","url_meta":{"origin":54030,"position":2},"title":"Arkeologji: Stele, Gur Varri, shek I, era e re. &#8211;","author":"Kurt Farka","date":"February 25, 2018","format":false,"excerpt":"Perkushtimi ne nj\u00eb stele t\u00eb nj\u00eb familje ilire, t\u00eb ngritur nga Lukunda p\u00ebr v\u00ebllan\u00eb Epikadus dhe motr\u00ebn e saj Teuta, nj\u00eb ish skllav i Melankos. Gjetur pran\u00eb deg\u00ebs s\u00eb jugut t\u00eb rrug\u00ebs Egnatia n\u00eb af\u00ebrsi t\u00eb Roskovecit, Shqip\u00ebri. Shekulli i par\u00eb pas Krishtit .","rel":"","context":"In &quot;Njoftime Shtypi&quot;","block_context":{"text":"Njoftime Shtypi","link":"https:\/\/www.shqiperia.com\/blog\/category\/njoftime-shtypi\/"},"img":{"alt_text":"","src":"https:\/\/i0.wp.com\/www.shqiperia.com\/blog\/wp-content\/uploads\/2018\/02\/Stele-Gur-Varri.jpg?fit=480%2C212&ssl=1&resize=350%2C200","width":350,"height":200},"classes":[]},{"id":4243,"url":"https:\/\/www.shqiperia.com\/blog\/arkeologji-martesa-nga-bylysi-ne-nish-shek-ii-era-e-re\/","url_meta":{"origin":54030,"position":3},"title":"Arkeologji: -Martesa nga Bylysi ne Nish, shek II era e re. &#8211;","author":"Kurt Farka","date":"March 2, 2018","format":false,"excerpt":"- Bylysi \u00ebsht\u00eb nj\u00eb nga qendrat m\u00eb t\u00eb r\u00ebnd\u00ebsishme arkeologjike t\u00eb Shqip\u00ebris\u00eb, renditur p\u00ebr nga vlerat monumentale, krahas Apolonis\u00eb dhe Butrintit. Me pozit\u00ebn zot\u00ebruese mbi kodrat e Mallakastr\u00ebs dhe mbi hap\u00ebsir\u00ebn e lugin\u00ebs s\u00eb Vjos\u00ebs kjo qend\u00ebr ilire na ofron nj\u00eb pamje krejt t\u00eb ve\u00e7ant\u00eb n\u00eb krahasim me qytetet e\u2026","rel":"","context":"In &quot;Histori&quot;","block_context":{"text":"Histori","link":"https:\/\/www.shqiperia.com\/blog\/category\/histori\/"},"img":{"alt_text":"","src":"https:\/\/i0.wp.com\/www.shqiperia.com\/blog\/wp-content\/uploads\/2018\/03\/28378734_550808435305247_3485001812418347828_n-Copy.png?fit=455%2C267&ssl=1&resize=350%2C200","width":350,"height":200},"classes":[]},{"id":45029,"url":"https:\/\/www.shqiperia.com\/blog\/kendi-i-fotografise-nga-pasuria-e-xhubletes-shqiptare\/","url_meta":{"origin":54030,"position":4},"title":"Kendi i Fotografise: &#8211; Nga pasuria e Xhubletes Shqiptare","author":"Kurt Farka","date":"March 6, 2021","format":false,"excerpt":"Kendi i Fotografise: - Nga pasuria e Xhubletes Shqiptare Po publikoime nje foto nga publikimet e shumta nga njohesi i kesaj Pasurie Jaho Brahaj Ne foto: - Corape me motive te Malesise se Shkodres - simbole interesante dhe te lashta te pasurise te etnise tone. Aktuale dhe Emergjente pyetja: A\u2026","rel":"","context":"In &quot;Arte&quot;","block_context":{"text":"Arte","link":"https:\/\/www.shqiperia.com\/blog\/category\/arte\/"},"img":{"alt_text":"","src":"https:\/\/i0.wp.com\/www.shqiperia.com\/blog\/wp-content\/uploads\/2021\/03\/119090681_3331699283591771_3415195966340734820_n-Copy.jpg?fit=927%2C634&ssl=1&resize=350%2C200","width":350,"height":200,"srcset":"https:\/\/i0.wp.com\/www.shqiperia.com\/blog\/wp-content\/uploads\/2021\/03\/119090681_3331699283591771_3415195966340734820_n-Copy.jpg?fit=927%2C634&ssl=1&resize=350%2C200 1x, https:\/\/i0.wp.com\/www.shqiperia.com\/blog\/wp-content\/uploads\/2021\/03\/119090681_3331699283591771_3415195966340734820_n-Copy.jpg?fit=927%2C634&ssl=1&resize=525%2C300 1.5x, https:\/\/i0.wp.com\/www.shqiperia.com\/blog\/wp-content\/uploads\/2021\/03\/119090681_3331699283591771_3415195966340734820_n-Copy.jpg?fit=927%2C634&ssl=1&resize=700%2C400 2x"},"classes":[]},{"id":8606,"url":"https:\/\/www.shqiperia.com\/blog\/ne-muzeun-e-durresit-u-vodh-kleitia-ilire-pa-vlere-tregtare-dhe-u-lane-vazot-greke-50-mije-usd-copa\/","url_meta":{"origin":54030,"position":5},"title":"&#8216;N\u00eb Muzeun e Durr\u00ebsit u vodh Kleitia ilire pa vler\u00eb tregtare dhe u lan\u00eb vazot greke 50 mij\u00eb USD copa&#8217;. &#8211;","author":"Kurt Farka","date":"June 9, 2018","format":false,"excerpt":"'N\u00eb Muzeun e Durr\u00ebsit u vodh Kleitia ilire pa vler\u00eb tregtare dhe u lan\u00eb vazot greke 50 mij\u00eb USD copa'. - Gazetari i vjet\u00ebr durrsak, Thanas Mustaqi, n\u00eb nj\u00eb postim n\u00eb Facebook, ka hedhur drit\u00eb mbi nj\u00eb moment t\u00eb trisht\u00eb t\u00eb historis\u00eb s\u00eb Muzeut Arkeologjik n\u00eb Durr\u00ebs. N\u00eb vitin e\u2026","rel":"","context":"In &quot;Histori&quot;","block_context":{"text":"Histori","link":"https:\/\/www.shqiperia.com\/blog\/category\/histori\/"},"img":{"alt_text":"","src":"https:\/\/i0.wp.com\/www.shqiperia.com\/blog\/wp-content\/uploads\/2018\/06\/Bust-i-nj%C3%AB-gruaje-ilire-nga-Dyrrhachium-i-me-emrin-Kleitia-Kleitia-Lusand-Haire-2.png?fit=900%2C496&ssl=1&resize=350%2C200","width":350,"height":200,"srcset":"https:\/\/i0.wp.com\/www.shqiperia.com\/blog\/wp-content\/uploads\/2018\/06\/Bust-i-nj%C3%AB-gruaje-ilire-nga-Dyrrhachium-i-me-emrin-Kleitia-Kleitia-Lusand-Haire-2.png?fit=900%2C496&ssl=1&resize=350%2C200 1x, https:\/\/i0.wp.com\/www.shqiperia.com\/blog\/wp-content\/uploads\/2018\/06\/Bust-i-nj%C3%AB-gruaje-ilire-nga-Dyrrhachium-i-me-emrin-Kleitia-Kleitia-Lusand-Haire-2.png?fit=900%2C496&ssl=1&resize=525%2C300 1.5x, https:\/\/i0.wp.com\/www.shqiperia.com\/blog\/wp-content\/uploads\/2018\/06\/Bust-i-nj%C3%AB-gruaje-ilire-nga-Dyrrhachium-i-me-emrin-Kleitia-Kleitia-Lusand-Haire-2.png?fit=900%2C496&ssl=1&resize=700%2C400 2x"},"classes":[]}],"_links":{"self":[{"href":"https:\/\/www.shqiperia.com\/blog\/wp-json\/wp\/v2\/posts\/54030","targetHints":{"allow":["GET"]}}],"collection":[{"href":"https:\/\/www.shqiperia.com\/blog\/wp-json\/wp\/v2\/posts"}],"about":[{"href":"https:\/\/www.shqiperia.com\/blog\/wp-json\/wp\/v2\/types\/post"}],"author":[{"embeddable":true,"href":"https:\/\/www.shqiperia.com\/blog\/wp-json\/wp\/v2\/users\/9"}],"replies":[{"embeddable":true,"href":"https:\/\/www.shqiperia.com\/blog\/wp-json\/wp\/v2\/comments?post=54030"}],"version-history":[{"count":2,"href":"https:\/\/www.shqiperia.com\/blog\/wp-json\/wp\/v2\/posts\/54030\/revisions"}],"predecessor-version":[{"id":54052,"href":"https:\/\/www.shqiperia.com\/blog\/wp-json\/wp\/v2\/posts\/54030\/revisions\/54052"}],"wp:featuredmedia":[{"embeddable":true,"href":"https:\/\/www.shqiperia.com\/blog\/wp-json\/wp\/v2\/media\/54031"}],"wp:attachment":[{"href":"https:\/\/www.shqiperia.com\/blog\/wp-json\/wp\/v2\/media?parent=54030"}],"wp:term":[{"taxonomy":"category","embeddable":true,"href":"https:\/\/www.shqiperia.com\/blog\/wp-json\/wp\/v2\/categories?post=54030"},{"taxonomy":"post_tag","embeddable":true,"href":"https:\/\/www.shqiperia.com\/blog\/wp-json\/wp\/v2\/tags?post=54030"}],"curies":[{"name":"wp","href":"https:\/\/api.w.org\/{rel}","templated":true}]}}