{"id":53792,"date":"2022-02-07T13:43:19","date_gmt":"2022-02-07T13:43:19","guid":{"rendered":"https:\/\/www.shqiperia.com\/blog\/?p=53792"},"modified":"2022-02-07T13:43:19","modified_gmt":"2022-02-07T13:43:19","slug":"presidenti-ka-vendosur-ti-drejtohet-prokurorise-bledar-dervishaj-flet-per-manipulimin-e-provave-kur-kjo-ndodh-nga-kuvendi-imagjinoni","status":"publish","type":"post","link":"https:\/\/www.shqiperia.com\/blog\/presidenti-ka-vendosur-ti-drejtohet-prokurorise-bledar-dervishaj-flet-per-manipulimin-e-provave-kur-kjo-ndodh-nga-kuvendi-imagjinoni\/","title":{"rendered":"\u201cPresidenti ka vendosur t\u2019i drejtohet Prokuroris\u00eb\u201d- Bledar Dervishaj flet p\u00ebr manipulimin e provave: &#8211; Kur kjo ndodh nga Kuvendi imagjinoni\u2026"},"content":{"rendered":"<p><img data-recalc-dims=\"1\" loading=\"lazy\" decoding=\"async\" data-attachment-id=\"53793\" data-permalink=\"https:\/\/www.shqiperia.com\/blog\/presidenti-ka-vendosur-ti-drejtohet-prokurorise-bledar-dervishaj-flet-per-manipulimin-e-provave-kur-kjo-ndodh-nga-kuvendi-imagjinoni\/bledar-dervishaj\/\" data-orig-file=\"https:\/\/i0.wp.com\/www.shqiperia.com\/blog\/wp-content\/uploads\/2022\/02\/Bledar-Dervishaj.jpg?fit=739%2C397&amp;ssl=1\" data-orig-size=\"739,397\" data-comments-opened=\"1\" data-image-meta=\"{&quot;aperture&quot;:&quot;0&quot;,&quot;credit&quot;:&quot;Panorama Live&quot;,&quot;camera&quot;:&quot;&quot;,&quot;caption&quot;:&quot;&quot;,&quot;created_timestamp&quot;:&quot;1644240203&quot;,&quot;copyright&quot;:&quot;&quot;,&quot;focal_length&quot;:&quot;0&quot;,&quot;iso&quot;:&quot;0&quot;,&quot;shutter_speed&quot;:&quot;0&quot;,&quot;title&quot;:&quot;&quot;,&quot;orientation&quot;:&quot;0&quot;}\" data-image-title=\"Bledar Dervishaj\" data-image-description=\"\" data-image-caption=\"\" data-medium-file=\"https:\/\/i0.wp.com\/www.shqiperia.com\/blog\/wp-content\/uploads\/2022\/02\/Bledar-Dervishaj.jpg?fit=300%2C161&amp;ssl=1\" data-large-file=\"https:\/\/i0.wp.com\/www.shqiperia.com\/blog\/wp-content\/uploads\/2022\/02\/Bledar-Dervishaj.jpg?fit=739%2C397&amp;ssl=1\" class=\"alignnone  wp-image-53793\" alt=\"\" src=\"https:\/\/i0.wp.com\/www.shqiperia.com\/blog\/wp-content\/uploads\/2022\/02\/Bledar-Dervishaj.jpg?resize=660%2C354&#038;ssl=1\" width=\"660\" height=\"354\" srcset=\"https:\/\/i0.wp.com\/www.shqiperia.com\/blog\/wp-content\/uploads\/2022\/02\/Bledar-Dervishaj.jpg?resize=300%2C161&amp;ssl=1 300w, https:\/\/i0.wp.com\/www.shqiperia.com\/blog\/wp-content\/uploads\/2022\/02\/Bledar-Dervishaj.jpg?resize=450%2C242&amp;ssl=1 450w, https:\/\/i0.wp.com\/www.shqiperia.com\/blog\/wp-content\/uploads\/2022\/02\/Bledar-Dervishaj.jpg?resize=600%2C322&amp;ssl=1 600w, https:\/\/i0.wp.com\/www.shqiperia.com\/blog\/wp-content\/uploads\/2022\/02\/Bledar-Dervishaj.jpg?resize=400%2C215&amp;ssl=1 400w, https:\/\/i0.wp.com\/www.shqiperia.com\/blog\/wp-content\/uploads\/2022\/02\/Bledar-Dervishaj.jpg?w=739&amp;ssl=1 739w\" sizes=\"auto, (max-width: 660px) 100vw, 660px\" \/><\/p>\n<p>\u201cPresidenti ka vendosur t\u2019i drejtohet Prokuroris\u00eb\u201d- Bledar Dervishaj flet p\u00ebr manipulimin e provave: Kur kjo ndodh nga Kuvendi imagjinoni\u2026<\/p>\n<p>7 Shkurt 2022<\/p>\n<p>K\u00ebshilltari i Presidentit, Bledar Dervishaj thot\u00eb se Presidenti, Ilir Meta do t\u2019i drejtohet prokuroris\u00eb, p\u00ebr \u00e7\u00ebshtjen e manipulimit t\u00eb provave nga ana e Kuvendit t\u00eb Shqip\u00ebris\u00eb.<\/p>\n<p>N\u00eb fjal\u00ebn e tij pas p\u00ebrfundimit t\u00eb seanc\u00ebs n\u00eb Gjykat\u00eb Kushtetuese p\u00ebr shkarkimin e Ilir Met\u00ebs, Dervishaj u shpreh se kur provat manipulohen nga Kuvendi, imagjinoni se \u00e7far\u00eb mund t\u00eb ndodh\u00eb me institucionet e tjera.<\/p>\n<p>Sipas tij, edhe n\u00eb seanc\u00ebn e sotme e Gjykat\u00ebs Kushtetuese u provua se Kuvendi kishte si q\u00ebllim t\u00eb p\u00ebrmbushte objektivat politike, duke depozituar prova t\u00eb manipuluara vet\u00ebm p\u00ebr t\u00eb rr\u00ebzuar pretendimet e presidentit.<\/p>\n<p>\u201cSot u mbyll seanca e iniciuar n\u00eb m\u00ebnyre t\u00eb padrejt\u00eb nga Kuvendi. P\u00ebr fat t\u00eb keq u provua dhe sot se Kuvendi n\u00eb p\u00ebrmbushje t\u00eb q\u00ebllimeve politike, depozitoi prova t\u00eb manipuluar vet\u00ebm q\u00eb t\u00eb rr\u00ebzoheshin\u00a0 pretendimet e kreut t\u00eb shtetit. Kur kjo ndodh nga Kuvendi i Shqip\u00ebris\u00eb, imagjino \u00e7far\u00eb mund t\u00eb mendojm\u00eb ne si qytetar\u00eb se \u00e7far\u00eb ndodh n\u00eb organe t\u00eb tjera.<\/p>\n<p>Presidenti ka vendosur ti drejtohet Prokuroris\u00eb lidhur me k\u00ebt\u00eb \u00e7\u00ebshtje. Ashtu sikund\u00ebr \u00cbsht\u00eb n\u00eb t\u00eb drejt\u00ebn e Kuvendit q\u00eb t\u00eb filloj\u00eb nj\u00eb procedure hetimore parlamentare p\u00ebr k\u00ebt\u00eb fakt q\u00eb ne evidentuam. Edhe e drejta e gjykat\u00ebs t\u00eb marr\u00eb nj\u00eb vendim por q\u00eb t\u00eb jet\u00eb i bazuar n\u00eb kushtetut\u00eb dhe ligj.\u201d, tha Derivshaj.<\/p>\n<p>Kujtojm\u00eb q\u00eb Gjykata Kushtetuese n\u00eb seanc\u00ebn e sotme nuk mori nj\u00eb vendim, por u t\u00ebrhoq duke theksuar se vendimi i arsyetuar do t\u00eb b\u00ebhet publik pas 30 dit\u00ebsh n\u00eb faqen zyrtare.<\/p>\n<p>\u201cGjykata Kushtetuese deklaron mbylljen e seanc\u00ebs plenare dhe t\u00ebrhiqet p\u00ebr t\u00eb marr\u00eb vendim. Vendimi p\u00ebrfundimtar do t\u00eb shpallet i arsyetuar brenda 30 dit\u00ebve nga marrja e vendimit\u201d, tha kryetarja e Gjykat\u00ebs Kushtetuese, Vitore Tusha, pasi d\u00ebgjoi konkluzionet e t\u00eb dyja pal\u00ebve.<\/p>\n<p>Gazeta Panorama<\/p>\n","protected":false},"excerpt":{"rendered":"<p>\u201cPresidenti ka vendosur t\u2019i drejtohet Prokuroris\u00eb\u201d- Bledar Dervishaj flet p\u00ebr manipulimin e provave: Kur kjo ndodh nga Kuvendi imagjinoni\u2026 7 Shkurt 2022 K\u00ebshilltari i Presidentit, Bledar Dervishaj thot\u00eb se Presidenti, Ilir Meta do t\u2019i drejtohet prokuroris\u00eb, p\u00ebr \u00e7\u00ebshtjen e manipulimit t\u00eb provave nga ana e Kuvendit t\u00eb Shqip\u00ebris\u00eb. N\u00eb fjal\u00ebn e tij pas p\u00ebrfundimit t\u00eb [&hellip;]<\/p>\n","protected":false},"author":9,"featured_media":53793,"comment_status":"open","ping_status":"open","sticky":false,"template":"","format":"standard","meta":{"jetpack_post_was_ever_published":false,"_jetpack_newsletter_access":"","_jetpack_dont_email_post_to_subs":false,"_jetpack_newsletter_tier_id":0,"_jetpack_memberships_contains_paywalled_content":false,"_jetpack_memberships_contains_paid_content":false,"footnotes":"","jetpack_publicize_message":"","jetpack_publicize_feature_enabled":true,"jetpack_social_post_already_shared":true,"jetpack_social_options":{"image_generator_settings":{"template":"highway","default_image_id":0,"font":"","enabled":false},"version":2}},"categories":[27,2,35],"tags":[],"class_list":["post-53792","post","type-post","status-publish","format-standard","has-post-thumbnail","hentry","category-blogu-i-udhetarit","category-politika","category-shoqerore"],"jetpack_publicize_connections":[],"jetpack_featured_media_url":"https:\/\/i0.wp.com\/www.shqiperia.com\/blog\/wp-content\/uploads\/2022\/02\/Bledar-Dervishaj.jpg?fit=739%2C397&ssl=1","jetpack_sharing_enabled":true,"jetpack_shortlink":"https:\/\/wp.me\/p5Z6wp-dZC","jetpack-related-posts":[{"id":28115,"url":"https:\/\/www.shqiperia.com\/blog\/referendum-per-kushtetuten-shperndarje-e-parlamentit-cfare-paralajmeroi-meta\/","url_meta":{"origin":53792,"position":0},"title":"Referendum p\u00ebr Kushtetut\u00ebn, shp\u00ebrndarje e parlamentit? \u00c7far\u00eb paralajm\u00ebroi Meta. &#8211;","author":"Kurt Farka","date":"November 15, 2019","format":false,"excerpt":"Referendum p\u00ebr Kushtetut\u00ebn, shp\u00ebrndarje e parlamentit? \u00c7far\u00eb paralajm\u00ebroi Meta 15 nentor 2019 Presidenti Ilir Meta l\u00eb t\u00eb kuptuar se shum\u00eb shpejt mund t\u00eb k\u00ebrkoj\u00eb referendum popullor p\u00ebr ndryshimin e Kushtetut\u00ebs. Duke e quajtur Kushtetut\u00ebn mbi \u00e7do institucion tjet\u00ebr n\u00eb Shqip\u00ebri, kreu i shtetit tha se nuk mund t\u00eb lejoj\u00eb asnj\u00eb\u2026","rel":"","context":"In &quot;Blogu i Udh\u00ebtarit&quot;","block_context":{"text":"Blogu i Udh\u00ebtarit","link":"https:\/\/www.shqiperia.com\/blog\/category\/blogu-i-udhetarit\/"},"img":{"alt_text":"","src":"https:\/\/i0.wp.com\/www.shqiperia.com\/blog\/wp-content\/uploads\/2019\/11\/Untitled-3-905x450.jpg?fit=905%2C450&ssl=1&resize=350%2C200","width":350,"height":200,"srcset":"https:\/\/i0.wp.com\/www.shqiperia.com\/blog\/wp-content\/uploads\/2019\/11\/Untitled-3-905x450.jpg?fit=905%2C450&ssl=1&resize=350%2C200 1x, https:\/\/i0.wp.com\/www.shqiperia.com\/blog\/wp-content\/uploads\/2019\/11\/Untitled-3-905x450.jpg?fit=905%2C450&ssl=1&resize=525%2C300 1.5x, https:\/\/i0.wp.com\/www.shqiperia.com\/blog\/wp-content\/uploads\/2019\/11\/Untitled-3-905x450.jpg?fit=905%2C450&ssl=1&resize=700%2C400 2x"},"classes":[]},{"id":83776,"url":"https:\/\/www.shqiperia.com\/blog\/shou-i-veres-kuvendi-mblidhet-per-mandatin-e-xhackes\/","url_meta":{"origin":53792,"position":1},"title":"Shou i Veres: &#8211; Kuvendi mblidhet\u00a0 p\u00ebr mandatin e Xha\u00e7k\u00ebs","author":"Kurt Farka","date":"August 27, 2024","format":false,"excerpt":"27 Gusht 2024 Kuvendi do t\u00eb mblidhet jasht\u00eb sesionit parlamentar p\u00ebr t\u00eb shqyrtuar sot n\u00eb K\u00ebshillin e Legjislacionit mandatin e deputetes Olta Xha\u00e7ka. Vendimi u mor sot nga kryetarja e parlamentit Elisa Spiropali pas k\u00ebrkesave t\u00eb opozit\u00ebs. N\u00eb mbledhjen e thirrur nga kryeparlamentarja Elisa Spiropali do t\u00eb shqyrtohet vendimi i\u2026","rel":"","context":"In &quot;Blogu i Udh\u00ebtarit&quot;","block_context":{"text":"Blogu i Udh\u00ebtarit","link":"https:\/\/www.shqiperia.com\/blog\/category\/blogu-i-udhetarit\/"},"img":{"alt_text":"","src":"https:\/\/i0.wp.com\/www.shqiperia.com\/blog\/wp-content\/uploads\/2024\/08\/0000_sd-1.jpg?fit=1200%2C675&ssl=1&resize=350%2C200","width":350,"height":200,"srcset":"https:\/\/i0.wp.com\/www.shqiperia.com\/blog\/wp-content\/uploads\/2024\/08\/0000_sd-1.jpg?fit=1200%2C675&ssl=1&resize=350%2C200 1x, https:\/\/i0.wp.com\/www.shqiperia.com\/blog\/wp-content\/uploads\/2024\/08\/0000_sd-1.jpg?fit=1200%2C675&ssl=1&resize=525%2C300 1.5x, https:\/\/i0.wp.com\/www.shqiperia.com\/blog\/wp-content\/uploads\/2024\/08\/0000_sd-1.jpg?fit=1200%2C675&ssl=1&resize=700%2C400 2x, https:\/\/i0.wp.com\/www.shqiperia.com\/blog\/wp-content\/uploads\/2024\/08\/0000_sd-1.jpg?fit=1200%2C675&ssl=1&resize=1050%2C600 3x"},"classes":[]},{"id":47963,"url":"https:\/\/www.shqiperia.com\/blog\/sokol-hazizaj-ju-tregoj-pse-shkarkimi-i-ilir-metes-nga-kuvendi-eshte-jo-legjitim\/","url_meta":{"origin":53792,"position":2},"title":"Sokol Hazizaj: &#8211; Ju tregoj pse shkarkimi i Ilir Met\u00ebs nga Kuvendi \u00ebsht\u00eb jo legjitim","author":"Kurt Farka","date":"June 16, 2021","format":false,"excerpt":"Sokol Hazizaj: - Ju tregoj pse shkarkimi i Ilir Met\u00ebs nga Kuvendi \u00ebsht\u00eb jo legjitim 16 QERSHOR 2021 Konstitucionalisti Sokol Hazizaj, ka folur p\u00ebr shkarkimin e presidentit. Sipas Hazizajt, duke iu referuar nenit 65, pika e par\u00eb, paragrafi i fundit, Kuvendi duhet t\u00eb ishte shp\u00ebrndar\u00eb menj\u00ebher\u00eb pas zgjedhjeve t\u00eb reja\u2026","rel":"","context":"In &quot;Blogu i Udh\u00ebtarit&quot;","block_context":{"text":"Blogu i Udh\u00ebtarit","link":"https:\/\/www.shqiperia.com\/blog\/category\/blogu-i-udhetarit\/"},"img":{"alt_text":"","src":"https:\/\/i0.wp.com\/www.shqiperia.com\/blog\/wp-content\/uploads\/2021\/06\/Sokol-Hazizaj.jpg?fit=800%2C450&ssl=1&resize=350%2C200","width":350,"height":200,"srcset":"https:\/\/i0.wp.com\/www.shqiperia.com\/blog\/wp-content\/uploads\/2021\/06\/Sokol-Hazizaj.jpg?fit=800%2C450&ssl=1&resize=350%2C200 1x, https:\/\/i0.wp.com\/www.shqiperia.com\/blog\/wp-content\/uploads\/2021\/06\/Sokol-Hazizaj.jpg?fit=800%2C450&ssl=1&resize=525%2C300 1.5x, https:\/\/i0.wp.com\/www.shqiperia.com\/blog\/wp-content\/uploads\/2021\/06\/Sokol-Hazizaj.jpg?fit=800%2C450&ssl=1&resize=700%2C400 2x"},"classes":[]},{"id":53847,"url":"https:\/\/www.shqiperia.com\/blog\/akuzat-e-metes-per-falsifikim-voa-dy-variante-per-nje-urdher-parlamenti-nuk-jep-asnje-shpjegim-si-ka-mundesi-qe-gramoz-ruci-te-kete-firmosur-dy-here\/","url_meta":{"origin":53792,"position":3},"title":"Akuzat e Met\u00ebs p\u00ebr falsifikim. VOA: &#8211; Dy variante p\u00ebr nj\u00eb urdh\u00ebr, parlamenti nuk jep asnj\u00eb shpjegim. Si ka mund\u00ebsi q\u00eb Gramoz Ru\u00e7i t\u00eb ket\u00eb firmosur dy her\u00eb","author":"Kurt Farka","date":"February 9, 2022","format":false,"excerpt":"Akuzat e Met\u00ebs p\u00ebr falsifikim. VOA: - Dy variante p\u00ebr nj\u00eb urdh\u00ebr, parlamenti nuk jep asnj\u00eb shpjegim. Si ka mund\u00ebsi q\u00eb Gramoz Ru\u00e7i t\u00eb ket\u00eb firmosur dy her\u00eb 9 Shkurt 2022 \u2026 \u201cP\u00ebr m\u00eb tep\u00ebr dyshimet shtohen kur mbahet parasysh se rendi i dit\u00ebs, n\u00eb shkres\u00ebn e re, q\u00eb mban\u2026","rel":"","context":"In &quot;Blogu i Udh\u00ebtarit&quot;","block_context":{"text":"Blogu i Udh\u00ebtarit","link":"https:\/\/www.shqiperia.com\/blog\/category\/blogu-i-udhetarit\/"},"img":{"alt_text":"","src":"https:\/\/i0.wp.com\/www.shqiperia.com\/blog\/wp-content\/uploads\/2022\/02\/ilir-meta.jpg?fit=933%2C552&ssl=1&resize=350%2C200","width":350,"height":200,"srcset":"https:\/\/i0.wp.com\/www.shqiperia.com\/blog\/wp-content\/uploads\/2022\/02\/ilir-meta.jpg?fit=933%2C552&ssl=1&resize=350%2C200 1x, https:\/\/i0.wp.com\/www.shqiperia.com\/blog\/wp-content\/uploads\/2022\/02\/ilir-meta.jpg?fit=933%2C552&ssl=1&resize=525%2C300 1.5x, https:\/\/i0.wp.com\/www.shqiperia.com\/blog\/wp-content\/uploads\/2022\/02\/ilir-meta.jpg?fit=933%2C552&ssl=1&resize=700%2C400 2x"},"classes":[]},{"id":48007,"url":"https:\/\/www.shqiperia.com\/blog\/etilda-gjonaj-tregon-se-cfare-do-te-ndodhe-nese-gjykata-kushtetuese-nuk-e-shkarkon-ilir-meten\/","url_meta":{"origin":53792,"position":4},"title":"Etilda Gjonaj tregon se \u00e7far\u00eb do t\u00eb ndodh\u00eb n\u00ebse Gjykata Kushtetuese nuk e shkarkon Ilir Met\u00ebn","author":"Kurt Farka","date":"June 19, 2021","format":false,"excerpt":"Etilda Gjonaj tregon se \u00e7far\u00eb do t\u00eb ndodh\u00eb n\u00ebse Gjykata Kushtetuese nuk e shkarkon Ilir Met\u00ebn 19 QERSHOR 2021 Ministrja e Drejt\u00ebsis\u00eb, Etilda Gjonaj, foli p\u00ebr nism\u00ebn e socialist\u00ebve p\u00ebr shkarkimin e Presidentit Ilir Meta. Gjonaj deklaroi se PS do t\u00eb respektoj\u00eb vendimin e Gjykat\u00ebs Kushtetuese p\u00ebr k\u00ebt\u00eb \u00e7\u00ebshtje. Pjes\u00eb\u2026","rel":"","context":"In &quot;Blogu i Udh\u00ebtarit&quot;","block_context":{"text":"Blogu i Udh\u00ebtarit","link":"https:\/\/www.shqiperia.com\/blog\/category\/blogu-i-udhetarit\/"},"img":{"alt_text":"","src":"https:\/\/i0.wp.com\/www.shqiperia.com\/blog\/wp-content\/uploads\/2021\/06\/800-0-60ce24f00d2d9.jpg?fit=800%2C451&ssl=1&resize=350%2C200","width":350,"height":200,"srcset":"https:\/\/i0.wp.com\/www.shqiperia.com\/blog\/wp-content\/uploads\/2021\/06\/800-0-60ce24f00d2d9.jpg?fit=800%2C451&ssl=1&resize=350%2C200 1x, https:\/\/i0.wp.com\/www.shqiperia.com\/blog\/wp-content\/uploads\/2021\/06\/800-0-60ce24f00d2d9.jpg?fit=800%2C451&ssl=1&resize=525%2C300 1.5x, https:\/\/i0.wp.com\/www.shqiperia.com\/blog\/wp-content\/uploads\/2021\/06\/800-0-60ce24f00d2d9.jpg?fit=800%2C451&ssl=1&resize=700%2C400 2x"},"classes":[]},{"id":57787,"url":"https:\/\/www.shqiperia.com\/blog\/votova-reformen-ne-drejtesi-por-jo-rama-formen-ilir-meta-ben-deklaraten-e-forte-kuvendi-falsifikoi-dokumentin-per-te\/","url_meta":{"origin":53792,"position":5},"title":"\u201cVotova reform\u00ebn n\u00eb drejt\u00ebsi por jo Rama-form\u00ebn\u201d, Ilir Meta b\u00ebn deklarat\u00ebn e fort\u00eb: Kuvendi falsifikoi dokumentin p\u00ebr t\u00eb&#8230;","author":"Kurt Farka","date":"May 11, 2022","format":false,"excerpt":"10 MAJ 2022\u00a0 \u00a0Presidenti Ilir Meta, i ftuar n\u00eb nj\u00eb emision televiziv ka folur p\u00ebr zhvillimet politike n\u00eb vend, si dhe procesin e zgjedhjes s\u00eb Presidentit t\u00eb ri. E vetmja \u00ebnd\u00ebrr e mazhoranc\u00ebs ishte marrja e Presidenc\u00ebs para 24 korrikut, e cila u pre n\u00eb mes. U tentua shkarkimi i\u2026","rel":"","context":"In &quot;Blogu i Udh\u00ebtarit&quot;","block_context":{"text":"Blogu i Udh\u00ebtarit","link":"https:\/\/www.shqiperia.com\/blog\/category\/blogu-i-udhetarit\/"},"img":{"alt_text":"","src":"https:\/\/i0.wp.com\/www.shqiperia.com\/blog\/wp-content\/uploads\/2022\/05\/Ilir-Meta.jpeg?fit=800%2C464&ssl=1&resize=350%2C200","width":350,"height":200,"srcset":"https:\/\/i0.wp.com\/www.shqiperia.com\/blog\/wp-content\/uploads\/2022\/05\/Ilir-Meta.jpeg?fit=800%2C464&ssl=1&resize=350%2C200 1x, https:\/\/i0.wp.com\/www.shqiperia.com\/blog\/wp-content\/uploads\/2022\/05\/Ilir-Meta.jpeg?fit=800%2C464&ssl=1&resize=525%2C300 1.5x, https:\/\/i0.wp.com\/www.shqiperia.com\/blog\/wp-content\/uploads\/2022\/05\/Ilir-Meta.jpeg?fit=800%2C464&ssl=1&resize=700%2C400 2x"},"classes":[]}],"_links":{"self":[{"href":"https:\/\/www.shqiperia.com\/blog\/wp-json\/wp\/v2\/posts\/53792","targetHints":{"allow":["GET"]}}],"collection":[{"href":"https:\/\/www.shqiperia.com\/blog\/wp-json\/wp\/v2\/posts"}],"about":[{"href":"https:\/\/www.shqiperia.com\/blog\/wp-json\/wp\/v2\/types\/post"}],"author":[{"embeddable":true,"href":"https:\/\/www.shqiperia.com\/blog\/wp-json\/wp\/v2\/users\/9"}],"replies":[{"embeddable":true,"href":"https:\/\/www.shqiperia.com\/blog\/wp-json\/wp\/v2\/comments?post=53792"}],"version-history":[{"count":1,"href":"https:\/\/www.shqiperia.com\/blog\/wp-json\/wp\/v2\/posts\/53792\/revisions"}],"predecessor-version":[{"id":53794,"href":"https:\/\/www.shqiperia.com\/blog\/wp-json\/wp\/v2\/posts\/53792\/revisions\/53794"}],"wp:featuredmedia":[{"embeddable":true,"href":"https:\/\/www.shqiperia.com\/blog\/wp-json\/wp\/v2\/media\/53793"}],"wp:attachment":[{"href":"https:\/\/www.shqiperia.com\/blog\/wp-json\/wp\/v2\/media?parent=53792"}],"wp:term":[{"taxonomy":"category","embeddable":true,"href":"https:\/\/www.shqiperia.com\/blog\/wp-json\/wp\/v2\/categories?post=53792"},{"taxonomy":"post_tag","embeddable":true,"href":"https:\/\/www.shqiperia.com\/blog\/wp-json\/wp\/v2\/tags?post=53792"}],"curies":[{"name":"wp","href":"https:\/\/api.w.org\/{rel}","templated":true}]}}