{"id":53789,"date":"2022-02-07T09:45:27","date_gmt":"2022-02-07T09:45:27","guid":{"rendered":"https:\/\/www.shqiperia.com\/blog\/?p=53789"},"modified":"2022-02-07T09:47:22","modified_gmt":"2022-02-07T09:47:22","slug":"befasohen-studiuesit-zbulojne-fenomenin-e-frikshem-qe-po-ndodh-me-token-shume-me-shpejt-se-sa-pritej","status":"publish","type":"post","link":"https:\/\/www.shqiperia.com\/blog\/befasohen-studiuesit-zbulojne-fenomenin-e-frikshem-qe-po-ndodh-me-token-shume-me-shpejt-se-sa-pritej\/","title":{"rendered":"Befasohen studiuesit, zbulojn\u00eb fenomenin e friksh\u00ebm q\u00eb po ndodh me Tok\u00ebn: Shum\u00eb m\u00eb shpejt se sa pritej"},"content":{"rendered":"<p><img data-recalc-dims=\"1\" loading=\"lazy\" decoding=\"async\" data-attachment-id=\"53790\" data-permalink=\"https:\/\/www.shqiperia.com\/blog\/befasohen-studiuesit-zbulojne-fenomenin-e-frikshem-qe-po-ndodh-me-token-shume-me-shpejt-se-sa-pritej\/800-0-04f468df6350bb307fffd0fefbdaa738-1\/\" data-orig-file=\"https:\/\/i0.wp.com\/www.shqiperia.com\/blog\/wp-content\/uploads\/2022\/02\/800-0-04f468df6350bb307fffd0fefbdaa738-1.jpg?fit=800%2C565&amp;ssl=1\" data-orig-size=\"800,565\" data-comments-opened=\"1\" data-image-meta=\"{&quot;aperture&quot;:&quot;0&quot;,&quot;credit&quot;:&quot;&quot;,&quot;camera&quot;:&quot;&quot;,&quot;caption&quot;:&quot;&quot;,&quot;created_timestamp&quot;:&quot;0&quot;,&quot;copyright&quot;:&quot;&quot;,&quot;focal_length&quot;:&quot;0&quot;,&quot;iso&quot;:&quot;0&quot;,&quot;shutter_speed&quot;:&quot;0&quot;,&quot;title&quot;:&quot;&quot;,&quot;orientation&quot;:&quot;0&quot;}\" data-image-title=\"-800-0-04f468df6350bb307fffd0fefbdaa738 (1)\" data-image-description=\"\" data-image-caption=\"\" data-medium-file=\"https:\/\/i0.wp.com\/www.shqiperia.com\/blog\/wp-content\/uploads\/2022\/02\/800-0-04f468df6350bb307fffd0fefbdaa738-1.jpg?fit=300%2C212&amp;ssl=1\" data-large-file=\"https:\/\/i0.wp.com\/www.shqiperia.com\/blog\/wp-content\/uploads\/2022\/02\/800-0-04f468df6350bb307fffd0fefbdaa738-1.jpg?fit=800%2C565&amp;ssl=1\" class=\"alignnone wp-image-53790\" alt=\"\" src=\"https:\/\/i0.wp.com\/www.shqiperia.com\/blog\/wp-content\/uploads\/2022\/02\/800-0-04f468df6350bb307fffd0fefbdaa738-1.jpg?resize=641%2C453&#038;ssl=1\" width=\"641\" height=\"453\" srcset=\"https:\/\/i0.wp.com\/www.shqiperia.com\/blog\/wp-content\/uploads\/2022\/02\/800-0-04f468df6350bb307fffd0fefbdaa738-1.jpg?resize=300%2C212&amp;ssl=1 300w, https:\/\/i0.wp.com\/www.shqiperia.com\/blog\/wp-content\/uploads\/2022\/02\/800-0-04f468df6350bb307fffd0fefbdaa738-1.jpg?resize=768%2C542&amp;ssl=1 768w, https:\/\/i0.wp.com\/www.shqiperia.com\/blog\/wp-content\/uploads\/2022\/02\/800-0-04f468df6350bb307fffd0fefbdaa738-1.jpg?resize=450%2C318&amp;ssl=1 450w, https:\/\/i0.wp.com\/www.shqiperia.com\/blog\/wp-content\/uploads\/2022\/02\/800-0-04f468df6350bb307fffd0fefbdaa738-1.jpg?resize=600%2C424&amp;ssl=1 600w, https:\/\/i0.wp.com\/www.shqiperia.com\/blog\/wp-content\/uploads\/2022\/02\/800-0-04f468df6350bb307fffd0fefbdaa738-1.jpg?resize=400%2C283&amp;ssl=1 400w, https:\/\/i0.wp.com\/www.shqiperia.com\/blog\/wp-content\/uploads\/2022\/02\/800-0-04f468df6350bb307fffd0fefbdaa738-1.jpg?w=800&amp;ssl=1 800w\" sizes=\"auto, (max-width: 641px) 100vw, 641px\" \/><\/p>\n<p>Befasohen studiuesit, zbulojn\u00eb fenomenin e friksh\u00ebm q\u00eb po ndodh me Tok\u00ebn: Shum\u00eb m\u00eb shpejt se sa pritej<\/p>\n<p>7 SHKURT 2022<\/p>\n<p>\u2018Zemra\u2019 e Tok\u00ebs do ftohet m\u00eb shpejt se sa pritej. Keshtu thot\u00eb studimi i p\u00ebr\u00e7ueshm\u00ebris\u00eb termike t\u00eb nj\u00eb minerali q\u00eb ndodhet n\u00eb kufirin midis b\u00ebrtham\u00ebs dhe mantelit.<\/p>\n<p>Studimet, t\u00eb cilat mund t\u00eb ken\u00eb implikime p\u00ebr evolucionin e planetit ton\u00eb, jan\u00eb publikuar n\u00eb revist\u00ebn Earth and Planetary Science Letters nga nj\u00eb ekip nd\u00ebrkomb\u00ebtar i udh\u00ebhequr nga Motohiko Murakami i Institutit Federal Zviceran t\u00eb Teknologjis\u00eb n\u00eb Zyrih.<\/p>\n<p>Studiuesit mat\u00ebn n\u00eb laborator p\u00ebr\u00e7ueshm\u00ebrin\u00eb termike t\u00eb mineralit bridgmanit, i cili shtrihet n\u00eb kufirin midis shk\u00ebmbinjve t\u00eb mantelit dhe shtres\u00ebs s\u00eb nxeht\u00eb t\u00eb hekurit t\u00eb shkrir\u00eb dhe nikelit n\u00eb b\u00ebrtham\u00ebn e jashtme.<\/p>\n<p>P\u00ebr t\u00eb kryer matjet n\u00eb t\u00eb nj\u00ebjtat kushte t\u00eb temperatur\u00ebs dhe presionit q\u00eb gjenden brenda Tok\u00ebs, ata p\u00ebrdor\u00ebn nj\u00eb sistem t\u00eb ri absorbimi optik brenda nj\u00eb nj\u00ebsie t\u00eb b\u00ebr\u00eb prej diamanti dhe t\u00eb ngrohur me nj\u00eb lazer pulsues. Rezultatet tregojn\u00eb se p\u00ebr\u00e7ueshm\u00ebria termike e mineralit \u00ebsht\u00eb 1.5 her\u00eb m\u00eb e lart\u00eb se sa pritej. Kjo do t\u00eb thot\u00eb se fluksi i nxeht\u00ebsis\u00eb midis b\u00ebrtham\u00ebs dhe mantelit mund t\u00eb jet\u00eb m\u00eb i lart\u00eb se sa supozohej deri m\u00eb tani dhe rrjedhimisht edhe konveksioni n\u00eb mantel. Kjo n\u00ebnkupton nj\u00eb ftohje m\u00eb t\u00eb shpejt\u00eb t\u00eb brend\u00ebsis\u00eb s\u00eb Tok\u00ebs dhe nj\u00eb ngadal\u00ebsim m\u00eb t\u00eb shpejt\u00eb t\u00eb tektonik\u00ebs s\u00eb pllakave, t\u00eb nxitur nga l\u00ebvizjet konvektive. P\u00ebr m\u00eb tep\u00ebr, kur bridgmaniti ftohet, ai tenton t\u00eb shnd\u00ebrrohet n\u00eb post-perovskit, nj\u00eb mineral q\u00eb p\u00ebrcjell nxeht\u00ebsin\u00eb edhe m\u00eb me efikasitet, prandaj ftohja e mantelit mund t\u00eb p\u00ebrshpejtohet m\u00eb tej.<\/p>\n<p>\u201cRezultatet tona \u2013 shpjegon Murakami \u2013 tregojn\u00eb se Toka, si planet\u00ebt e tjer\u00eb shk\u00ebmbor\u00eb M\u00ebrkuri dhe Marsi, po ftohet dhe po b\u00ebhet joaktive m\u00eb shpejt se sa pritej\u201d. M\u00eb i kujdessh\u00ebm \u00ebsht\u00eb Carlo Doglioni, president i Institutit Komb\u00ebtar t\u00eb Gjeofizik\u00ebs dhe Vullkanologjis\u00eb (Ingv), i cili thekson se askush nuk e di sakt\u00ebsisht se sa bridgmanit \u00ebsht\u00eb i pranish\u00ebm midis b\u00ebrtham\u00ebs dhe mantelit ose sa \u00ebsht\u00eb temperatura n\u00eb at\u00eb thell\u00ebsi. \u201cNisja nga studimi i nj\u00eb minerali t\u00eb vet\u00ebm p\u00ebr t\u00eb nxjerr\u00eb p\u00ebrfundime mbi evolucionin e t\u00eb gjith\u00eb planetit m\u00eb duket i rreziksh\u00ebm, edhe sepse nuk merr parasysh provat q\u00eb dol\u00ebn nd\u00ebr vite p\u00ebr kapacitetin real t\u00eb konvekcionit t\u00eb mantelit\u201d.<\/p>\n<p>Gazeta Sot<\/p>\n","protected":false},"excerpt":{"rendered":"<p>Befasohen studiuesit, zbulojn\u00eb fenomenin e friksh\u00ebm q\u00eb po ndodh me Tok\u00ebn: Shum\u00eb m\u00eb shpejt se sa pritej 7 SHKURT 2022 \u2018Zemra\u2019 e Tok\u00ebs do ftohet m\u00eb shpejt se sa pritej. Keshtu thot\u00eb studimi i p\u00ebr\u00e7ueshm\u00ebris\u00eb termike t\u00eb nj\u00eb minerali q\u00eb ndodhet n\u00eb kufirin midis b\u00ebrtham\u00ebs dhe mantelit. Studimet, t\u00eb cilat mund t\u00eb ken\u00eb implikime p\u00ebr [&hellip;]<\/p>\n","protected":false},"author":9,"featured_media":53790,"comment_status":"open","ping_status":"open","sticky":false,"template":"","format":"standard","meta":{"jetpack_post_was_ever_published":false,"_jetpack_newsletter_access":"","_jetpack_dont_email_post_to_subs":false,"_jetpack_newsletter_tier_id":0,"_jetpack_memberships_contains_paywalled_content":false,"_jetpack_memberships_contains_paid_content":false,"footnotes":"","jetpack_publicize_message":"","jetpack_publicize_feature_enabled":true,"jetpack_social_post_already_shared":true,"jetpack_social_options":{"image_generator_settings":{"template":"highway","default_image_id":0,"font":"","enabled":false},"version":2}},"categories":[27,35],"tags":[],"class_list":["post-53789","post","type-post","status-publish","format-standard","has-post-thumbnail","hentry","category-blogu-i-udhetarit","category-shoqerore"],"jetpack_publicize_connections":[],"jetpack_featured_media_url":"https:\/\/i0.wp.com\/www.shqiperia.com\/blog\/wp-content\/uploads\/2022\/02\/800-0-04f468df6350bb307fffd0fefbdaa738-1.jpg?fit=800%2C565&ssl=1","jetpack_sharing_enabled":true,"jetpack_shortlink":"https:\/\/wp.me\/p5Z6wp-dZz","jetpack-related-posts":[{"id":84265,"url":"https:\/\/www.shqiperia.com\/blog\/karantina-gjate-pandemise-se-covid-19-mund-te-kete-plakur-para-kohe-trurin-e-adoleshenteve\/","url_meta":{"origin":53789,"position":0},"title":"&#8220;Karantina gjat\u00eb pandemis\u00eb s\u00eb COVID-19 mund t\u00eb ket\u00eb plakur para kohe trurin e adoleshent\u00ebve&#8221;","author":"Kurt Farka","date":"September 10, 2024","format":false,"excerpt":"10 Shtator 2024 Nj\u00eb studim nga Universiteti i Uashingtonit ka zbuluar se pandemia COVID-19 mund t\u00eb ket\u00eb shkaktuar ndryshime t\u00eb pazakonta n\u00eb zhvillimin e trurit t\u00eb adoleshent\u00ebve, duke rezultuar n\u00eb maturimin e p\u00ebrshpejtuar t\u00eb trurit. \u201cNe u befasuam me t\u00eb v\u00ebrtet\u00eb kur zbuluam se n\u00eb t\u00eb dh\u00ebnat tona pas COVID-19\u2026","rel":"","context":"In &quot;Blogu i Udh\u00ebtarit&quot;","block_context":{"text":"Blogu i Udh\u00ebtarit","link":"https:\/\/www.shqiperia.com\/blog\/category\/blogu-i-udhetarit\/"},"img":{"alt_text":"","src":"https:\/\/i0.wp.com\/www.shqiperia.com\/blog\/wp-content\/uploads\/2024\/09\/640-0-6de587e7130ff8b41c54041a8a4623ee-1.jpg?fit=615%2C360&ssl=1&resize=350%2C200","width":350,"height":200,"srcset":"https:\/\/i0.wp.com\/www.shqiperia.com\/blog\/wp-content\/uploads\/2024\/09\/640-0-6de587e7130ff8b41c54041a8a4623ee-1.jpg?fit=615%2C360&ssl=1&resize=350%2C200 1x, https:\/\/i0.wp.com\/www.shqiperia.com\/blog\/wp-content\/uploads\/2024\/09\/640-0-6de587e7130ff8b41c54041a8a4623ee-1.jpg?fit=615%2C360&ssl=1&resize=525%2C300 1.5x"},"classes":[]},{"id":75186,"url":"https:\/\/www.shqiperia.com\/blog\/cfare-ka-nen-mantelin-e-tokes-shkencetaret-habisin-me-zbulimin-e-rradhes\/","url_meta":{"origin":53789,"position":1},"title":"\u00c7far\u00eb ka n\u00ebn mantelin e tok\u00ebs? Shkenc\u00ebtar\u00ebt habisin me zbulimin e rradh\u00ebs","author":"Kurt Farka","date":"November 2, 2023","format":false,"excerpt":"2 Nentor 2023 Shkenc\u00ebtar\u00ebt besojn\u00eb se rreth 4.5 miliard\u00eb vjet m\u00eb par\u00eb, nj\u00eb trup i madh qiellor goditi Tok\u00ebn, i cili krijoi kaos t\u00eb v\u00ebrtet\u00eb dhe p\u00ebrfundimisht krijoi H\u00ebn\u00ebn. P\u00ebrkat\u00ebsisht, pas goditjes, nj\u00eb grumbull mbeturinash u hodh n\u00eb hap\u00ebsir\u00eb, t\u00eb cilat fillimisht u vendos\u00ebn n\u00eb orbit\u00eb rreth planetit ton\u00eb, dhe\u2026","rel":"","context":"In &quot;Blogu i Udh\u00ebtarit&quot;","block_context":{"text":"Blogu i Udh\u00ebtarit","link":"https:\/\/www.shqiperia.com\/blog\/category\/blogu-i-udhetarit\/"},"img":{"alt_text":"","src":"https:\/\/i0.wp.com\/www.shqiperia.com\/blog\/wp-content\/uploads\/2023\/11\/800-0-6543d5dedd98e.jpg?fit=800%2C534&ssl=1&resize=350%2C200","width":350,"height":200,"srcset":"https:\/\/i0.wp.com\/www.shqiperia.com\/blog\/wp-content\/uploads\/2023\/11\/800-0-6543d5dedd98e.jpg?fit=800%2C534&ssl=1&resize=350%2C200 1x, https:\/\/i0.wp.com\/www.shqiperia.com\/blog\/wp-content\/uploads\/2023\/11\/800-0-6543d5dedd98e.jpg?fit=800%2C534&ssl=1&resize=525%2C300 1.5x, https:\/\/i0.wp.com\/www.shqiperia.com\/blog\/wp-content\/uploads\/2023\/11\/800-0-6543d5dedd98e.jpg?fit=800%2C534&ssl=1&resize=700%2C400 2x"},"classes":[]},{"id":83794,"url":"https:\/\/www.shqiperia.com\/blog\/lija-e-majmunit-shkencetaret-virusi-po-ndryshon-me-shpejt-sec-pritej\/","url_meta":{"origin":53789,"position":2},"title":"Lija e majmunit\/ Shkenc\u00ebtar\u00ebt: &#8211; Virusi po ndryshon m\u00eb shpejt se\u00e7 pritej","author":"Kurt Farka","date":"August 28, 2024","format":false,"excerpt":"28 Gusht 2024 Shkenc\u00ebtar\u00ebt q\u00eb studiojn\u00eb llojin e ri t\u00eb lis\u00eb s\u00eb majmun\u00ebve, i cili \u00ebsht\u00eb p\u00ebrhapur p\u00ebrtej Republik\u00ebs Demokratike t\u00eb Kongos, thon\u00eb se virusi po ndryshon m\u00eb shpejt se sa pritej dhe shpesh n\u00eb zona ku ekspert\u00ebt nuk kan\u00eb fonde ose pajisje p\u00ebr ta gjurmuar at\u00eb n\u00eb m\u00ebnyr\u00eb efektive.\u2026","rel":"","context":"In &quot;Blogu i Udh\u00ebtarit&quot;","block_context":{"text":"Blogu i Udh\u00ebtarit","link":"https:\/\/www.shqiperia.com\/blog\/category\/blogu-i-udhetarit\/"},"img":{"alt_text":"","src":"https:\/\/i0.wp.com\/www.shqiperia.com\/blog\/wp-content\/uploads\/2024\/08\/o0p-0ki0.jpg?fit=876%2C498&ssl=1&resize=350%2C200","width":350,"height":200,"srcset":"https:\/\/i0.wp.com\/www.shqiperia.com\/blog\/wp-content\/uploads\/2024\/08\/o0p-0ki0.jpg?fit=876%2C498&ssl=1&resize=350%2C200 1x, https:\/\/i0.wp.com\/www.shqiperia.com\/blog\/wp-content\/uploads\/2024\/08\/o0p-0ki0.jpg?fit=876%2C498&ssl=1&resize=525%2C300 1.5x, https:\/\/i0.wp.com\/www.shqiperia.com\/blog\/wp-content\/uploads\/2024\/08\/o0p-0ki0.jpg?fit=876%2C498&ssl=1&resize=700%2C400 2x"},"classes":[]},{"id":37848,"url":"https:\/\/www.shqiperia.com\/blog\/befasohen-shkencetaret-liqeni-ne-himalaja-i-mbushur-me-kocka-njerezore-mijevjecare\/","url_meta":{"origin":53789,"position":3},"title":"Befasohen shkenc\u00ebtar\u00ebt, liqeni n\u00eb Himalaja i mbushur me kocka njer\u00ebzore mij\u00ebvje\u00e7are","author":"Kurt Farka","date":"August 31, 2020","format":false,"excerpt":"Befasohen shkenc\u00ebtar\u00ebt, liqeni n\u00eb Himalaja i mbushur me kocka njer\u00ebzore mij\u00ebvje\u00e7are \u00a031 GUSHT 2020 Himalajet jan\u00eb nj\u00eb nga zonat m\u00eb t\u00eb v\u00ebshtira n\u00eb bot\u00eb p\u00ebr t\u2019u arritur. Klima \u00ebsht\u00eb jasht\u00ebzakonisht e ashp\u00ebr, totalisht e pamundur n\u00eb pjes\u00ebn m\u00eb t\u00eb madhe bujq\u00ebsia, vet\u00eb jeta n\u00eb komunitet. Por n\u00eb kuot\u00ebn e 5029\u2026","rel":"","context":"In &quot;Blogu i Udh\u00ebtarit&quot;","block_context":{"text":"Blogu i Udh\u00ebtarit","link":"https:\/\/www.shqiperia.com\/blog\/category\/blogu-i-udhetarit\/"},"img":{"alt_text":"","src":"https:\/\/i0.wp.com\/www.shqiperia.com\/blog\/wp-content\/uploads\/2020\/08\/640-0-5f4ca749d8155.jpg?fit=640%2C448&ssl=1&resize=350%2C200","width":350,"height":200,"srcset":"https:\/\/i0.wp.com\/www.shqiperia.com\/blog\/wp-content\/uploads\/2020\/08\/640-0-5f4ca749d8155.jpg?fit=640%2C448&ssl=1&resize=350%2C200 1x, https:\/\/i0.wp.com\/www.shqiperia.com\/blog\/wp-content\/uploads\/2020\/08\/640-0-5f4ca749d8155.jpg?fit=640%2C448&ssl=1&resize=525%2C300 1.5x"},"classes":[]},{"id":42448,"url":"https:\/\/www.shqiperia.com\/blog\/studiuesit-zbulojne-simptomen-e-pazakonte-qe-perndjek-ata-qe-kane-kaluar-koronavirusin\/","url_meta":{"origin":53789,"position":4},"title":"Studiuesit zbulojn\u00eb simptom\u00ebn e pazakont\u00eb q\u00eb &#8220;p\u00ebrndjek&#8221; ata q\u00eb kan\u00eb kaluar koronavirusin","author":"Kurt Farka","date":"December 29, 2020","format":false,"excerpt":"Studiuesit zbulojn\u00eb simptom\u00ebn e pazakont\u00eb q\u00eb \"p\u00ebrndjek\" ata q\u00eb kan\u00eb kaluar koronavirusin 29 DHJETOR 2020 Pacient\u00ebt q\u00eb kan\u00eb kaluar Covid, po ankohen se po ndiejn\u00eb aroma ndryshe nga ato normalet. N\u00eb nj\u00eb studim t\u00eb fundit, studiuesit shprehen se simptoma e pazakont\u00eb i b\u00ebn t\u00eb sh\u00ebruarit q\u00eb t\u00eb ndiejn\u00eb er\u00eb peshku\u2026","rel":"","context":"In &quot;Blogu i Udh\u00ebtarit&quot;","block_context":{"text":"Blogu i Udh\u00ebtarit","link":"https:\/\/www.shqiperia.com\/blog\/category\/blogu-i-udhetarit\/"},"img":{"alt_text":"","src":"https:\/\/i0.wp.com\/www.shqiperia.com\/blog\/wp-content\/uploads\/2020\/12\/800-0-5feb7ae41ecaa.jpg?fit=800%2C451&ssl=1&resize=350%2C200","width":350,"height":200,"srcset":"https:\/\/i0.wp.com\/www.shqiperia.com\/blog\/wp-content\/uploads\/2020\/12\/800-0-5feb7ae41ecaa.jpg?fit=800%2C451&ssl=1&resize=350%2C200 1x, https:\/\/i0.wp.com\/www.shqiperia.com\/blog\/wp-content\/uploads\/2020\/12\/800-0-5feb7ae41ecaa.jpg?fit=800%2C451&ssl=1&resize=525%2C300 1.5x, https:\/\/i0.wp.com\/www.shqiperia.com\/blog\/wp-content\/uploads\/2020\/12\/800-0-5feb7ae41ecaa.jpg?fit=800%2C451&ssl=1&resize=700%2C400 2x"},"classes":[]},{"id":76838,"url":"https:\/\/www.shqiperia.com\/blog\/studim-niveli-i-detit-mesdhe-po-rritet-3-here-me-shpejt-se-sa-mendohej-rezikohet-bregdeti-ne-adriatik\/","url_meta":{"origin":53789,"position":5},"title":"Studim: &#8211; Niveli i Detit Mesdhe po rritet 3 her\u00eb m\u00eb shpejt se sa mendohej, rezikohet bregdeti n\u00eb Adriatik","author":"Kurt Farka","date":"December 30, 2023","format":false,"excerpt":"30 Dhjetor 2023 N\u00eb Mesdhe nivelet e detit po rriten tre her\u00eb m\u00eb shpejt se vler\u00ebsimet e b\u00ebra deri m\u00eb tani, mbi 38,500 kilometra katror\u00eb t\u00eb vij\u00ebs bregdetare s\u00eb shpejti do t\u00eb rrezikohen nga p\u00ebrmbytjet. K\u00ebt\u00eb e tregon studimi i kryer nga tre studiues italian\u00eb nga zyrat e Rom\u00ebs dhe\u2026","rel":"","context":"In &quot;Blogu i Udh\u00ebtarit&quot;","block_context":{"text":"Blogu i Udh\u00ebtarit","link":"https:\/\/www.shqiperia.com\/blog\/category\/blogu-i-udhetarit\/"},"img":{"alt_text":"","src":"https:\/\/i0.wp.com\/www.shqiperia.com\/blog\/wp-content\/uploads\/2023\/12\/640-0-eddhpng-1703921767.png?fit=640%2C367&ssl=1&resize=350%2C200","width":350,"height":200,"srcset":"https:\/\/i0.wp.com\/www.shqiperia.com\/blog\/wp-content\/uploads\/2023\/12\/640-0-eddhpng-1703921767.png?fit=640%2C367&ssl=1&resize=350%2C200 1x, https:\/\/i0.wp.com\/www.shqiperia.com\/blog\/wp-content\/uploads\/2023\/12\/640-0-eddhpng-1703921767.png?fit=640%2C367&ssl=1&resize=525%2C300 1.5x"},"classes":[]}],"_links":{"self":[{"href":"https:\/\/www.shqiperia.com\/blog\/wp-json\/wp\/v2\/posts\/53789","targetHints":{"allow":["GET"]}}],"collection":[{"href":"https:\/\/www.shqiperia.com\/blog\/wp-json\/wp\/v2\/posts"}],"about":[{"href":"https:\/\/www.shqiperia.com\/blog\/wp-json\/wp\/v2\/types\/post"}],"author":[{"embeddable":true,"href":"https:\/\/www.shqiperia.com\/blog\/wp-json\/wp\/v2\/users\/9"}],"replies":[{"embeddable":true,"href":"https:\/\/www.shqiperia.com\/blog\/wp-json\/wp\/v2\/comments?post=53789"}],"version-history":[{"count":1,"href":"https:\/\/www.shqiperia.com\/blog\/wp-json\/wp\/v2\/posts\/53789\/revisions"}],"predecessor-version":[{"id":53791,"href":"https:\/\/www.shqiperia.com\/blog\/wp-json\/wp\/v2\/posts\/53789\/revisions\/53791"}],"wp:featuredmedia":[{"embeddable":true,"href":"https:\/\/www.shqiperia.com\/blog\/wp-json\/wp\/v2\/media\/53790"}],"wp:attachment":[{"href":"https:\/\/www.shqiperia.com\/blog\/wp-json\/wp\/v2\/media?parent=53789"}],"wp:term":[{"taxonomy":"category","embeddable":true,"href":"https:\/\/www.shqiperia.com\/blog\/wp-json\/wp\/v2\/categories?post=53789"},{"taxonomy":"post_tag","embeddable":true,"href":"https:\/\/www.shqiperia.com\/blog\/wp-json\/wp\/v2\/tags?post=53789"}],"curies":[{"name":"wp","href":"https:\/\/api.w.org\/{rel}","templated":true}]}}