{"id":53786,"date":"2022-02-07T09:40:24","date_gmt":"2022-02-07T09:40:24","guid":{"rendered":"https:\/\/www.shqiperia.com\/blog\/?p=53786"},"modified":"2022-02-07T09:40:24","modified_gmt":"2022-02-07T09:40:24","slug":"arkeologet-mbeten-pa-fjale-kjo-deshmi-e-re-hedh-poshte-ate-qe-kemi-ditur-deri-tani-zbulohen-eshtrat-e-nje-femije-datojne-1-5-milion-vjet-me-pare","status":"publish","type":"post","link":"https:\/\/www.shqiperia.com\/blog\/arkeologet-mbeten-pa-fjale-kjo-deshmi-e-re-hedh-poshte-ate-qe-kemi-ditur-deri-tani-zbulohen-eshtrat-e-nje-femije-datojne-1-5-milion-vjet-me-pare\/","title":{"rendered":"Arkeolog\u00ebt mbeten pa fjal\u00eb, kjo d\u00ebshmi e re hedh posht\u00eb at\u00eb q\u00eb kemi ditur deri tani! Zbulohen eshtrat e nj\u00eb f\u00ebmije, datojn\u00eb 1.5 milion vjet m\u00eb par\u00eb"},"content":{"rendered":"<p><img data-recalc-dims=\"1\" loading=\"lazy\" decoding=\"async\" data-attachment-id=\"53787\" data-permalink=\"https:\/\/www.shqiperia.com\/blog\/arkeologet-mbeten-pa-fjale-kjo-deshmi-e-re-hedh-poshte-ate-qe-kemi-ditur-deri-tani-zbulohen-eshtrat-e-nje-femije-datojne-1-5-milion-vjet-me-pare\/800-0-61fbc9b41a15f\/\" data-orig-file=\"https:\/\/i0.wp.com\/www.shqiperia.com\/blog\/wp-content\/uploads\/2022\/02\/800-0-61fbc9b41a15f.png?fit=800%2C406&amp;ssl=1\" data-orig-size=\"800,406\" data-comments-opened=\"1\" data-image-meta=\"{&quot;aperture&quot;:&quot;0&quot;,&quot;credit&quot;:&quot;&quot;,&quot;camera&quot;:&quot;&quot;,&quot;caption&quot;:&quot;&quot;,&quot;created_timestamp&quot;:&quot;0&quot;,&quot;copyright&quot;:&quot;&quot;,&quot;focal_length&quot;:&quot;0&quot;,&quot;iso&quot;:&quot;0&quot;,&quot;shutter_speed&quot;:&quot;0&quot;,&quot;title&quot;:&quot;&quot;,&quot;orientation&quot;:&quot;0&quot;}\" data-image-title=\"-800-0-61fbc9b41a15f\" data-image-description=\"\" data-image-caption=\"\" data-medium-file=\"https:\/\/i0.wp.com\/www.shqiperia.com\/blog\/wp-content\/uploads\/2022\/02\/800-0-61fbc9b41a15f.png?fit=300%2C152&amp;ssl=1\" data-large-file=\"https:\/\/i0.wp.com\/www.shqiperia.com\/blog\/wp-content\/uploads\/2022\/02\/800-0-61fbc9b41a15f.png?fit=800%2C406&amp;ssl=1\" class=\"alignnone  wp-image-53787\" alt=\"\" src=\"https:\/\/i0.wp.com\/www.shqiperia.com\/blog\/wp-content\/uploads\/2022\/02\/800-0-61fbc9b41a15f.png?resize=503%2C255&#038;ssl=1\" width=\"503\" height=\"255\" srcset=\"https:\/\/i0.wp.com\/www.shqiperia.com\/blog\/wp-content\/uploads\/2022\/02\/800-0-61fbc9b41a15f.png?resize=300%2C152&amp;ssl=1 300w, https:\/\/i0.wp.com\/www.shqiperia.com\/blog\/wp-content\/uploads\/2022\/02\/800-0-61fbc9b41a15f.png?resize=768%2C390&amp;ssl=1 768w, https:\/\/i0.wp.com\/www.shqiperia.com\/blog\/wp-content\/uploads\/2022\/02\/800-0-61fbc9b41a15f.png?resize=450%2C228&amp;ssl=1 450w, https:\/\/i0.wp.com\/www.shqiperia.com\/blog\/wp-content\/uploads\/2022\/02\/800-0-61fbc9b41a15f.png?resize=600%2C305&amp;ssl=1 600w, https:\/\/i0.wp.com\/www.shqiperia.com\/blog\/wp-content\/uploads\/2022\/02\/800-0-61fbc9b41a15f.png?resize=400%2C203&amp;ssl=1 400w, https:\/\/i0.wp.com\/www.shqiperia.com\/blog\/wp-content\/uploads\/2022\/02\/800-0-61fbc9b41a15f.png?w=800&amp;ssl=1 800w\" sizes=\"auto, (max-width: 503px) 100vw, 503px\" \/><\/p>\n<p>Arkeolog\u00ebt mbeten pa fjal\u00eb, kjo d\u00ebshmi e re hedh posht\u00eb at\u00eb q\u00eb kemi ditur deri tani! Zbulohen eshtrat e nj\u00eb f\u00ebmije, datojn\u00eb 1.5 milion vjet m\u00eb par\u00eb<\/p>\n<p>SHKURT 2022<\/p>\n<p>Arkeolog\u00eb nga Izraeli dhe Shtetet e Bashkuara t\u00eb Amerik\u00ebs kan\u00eb gjetur eshtra njeriu t\u00eb cilat datojn\u00eb mbi 1,5 milion\u00eb vjet m\u00eb par\u00eb. Times of Israel shkruan se arkeolog\u00ebt pretendojn\u00eb se gjetja e k\u00ebtyre eshtrave \u00ebsht\u00eb d\u00ebshmia m\u00eb e re se n\u00eb k\u00ebt\u00eb rajon t\u00eb bot\u00ebs ka ekzistuar njer\u00ebzimi 1.5 milion\u00eb vite m\u00eb her\u00ebt.<\/p>\n<p>Grupi i k\u00ebtyre arkeolog\u00ebve jan\u00eb shprehur se b\u00ebhet fjal\u00eb p\u00ebr eshtrat e nj\u00eb f\u00ebmije, i cili m\u00eb shum\u00eb pretendohet se ka jetuar n\u00eb lugin\u00ebn e Jordanis\u00eb. B\u00ebhet fjal\u00eb p\u00ebr nj\u00eb f\u00ebmij\u00eb t\u00eb mosh\u00ebs 6 deri n\u00eb 12-vje\u00e7, nd\u00ebrsa eshtrat i p\u00ebrkasin pjes\u00ebs s\u00eb poshtme t\u00eb boshtit kurrizor.<\/p>\n<p>Me k\u00ebt\u00eb hulumtim \u00ebsht\u00eb konstatuar se f\u00ebmija ishte m\u00eb i gjat\u00eb sesa nj\u00eb f\u00ebmij\u00eb mesatar dhe ngjante me nj\u00eb t\u00eb rritur, pra afro 1,8 metra. Megjithat\u00eb, gjat\u00ebsia e tij ishte e ngjashme me banor\u00ebt e lindjes s\u00eb Afrik\u00ebs.<\/p>\n","protected":false},"excerpt":{"rendered":"<p>Arkeolog\u00ebt mbeten pa fjal\u00eb, kjo d\u00ebshmi e re hedh posht\u00eb at\u00eb q\u00eb kemi ditur deri tani! Zbulohen eshtrat e nj\u00eb f\u00ebmije, datojn\u00eb 1.5 milion vjet m\u00eb par\u00eb SHKURT 2022 Arkeolog\u00eb nga Izraeli dhe Shtetet e Bashkuara t\u00eb Amerik\u00ebs kan\u00eb gjetur eshtra njeriu t\u00eb cilat datojn\u00eb mbi 1,5 milion\u00eb vjet m\u00eb par\u00eb. Times of Israel shkruan [&hellip;]<\/p>\n","protected":false},"author":9,"featured_media":53787,"comment_status":"open","ping_status":"open","sticky":false,"template":"","format":"standard","meta":{"jetpack_post_was_ever_published":false,"_jetpack_newsletter_access":"","_jetpack_dont_email_post_to_subs":false,"_jetpack_newsletter_tier_id":0,"_jetpack_memberships_contains_paywalled_content":false,"_jetpack_memberships_contains_paid_content":false,"footnotes":"","jetpack_publicize_message":"","jetpack_publicize_feature_enabled":true,"jetpack_social_post_already_shared":true,"jetpack_social_options":{"image_generator_settings":{"template":"highway","default_image_id":0,"font":"","enabled":false},"version":2}},"categories":[27,1,35],"tags":[],"class_list":["post-53786","post","type-post","status-publish","format-standard","has-post-thumbnail","hentry","category-blogu-i-udhetarit","category-njoftime-shtypi","category-shoqerore"],"jetpack_publicize_connections":[],"jetpack_featured_media_url":"https:\/\/i0.wp.com\/www.shqiperia.com\/blog\/wp-content\/uploads\/2022\/02\/800-0-61fbc9b41a15f.png?fit=800%2C406&ssl=1","jetpack_sharing_enabled":true,"jetpack_shortlink":"https:\/\/wp.me\/p5Z6wp-dZw","jetpack-related-posts":[{"id":54366,"url":"https:\/\/www.shqiperia.com\/blog\/arkeologet-prezantojne-mumjet-para-kolumbiane-te-femijeve-te-flijuar-ne-peru\/","url_meta":{"origin":53786,"position":0},"title":"Arkeolog\u00ebt prezantojn\u00eb mumjet para-kolumbiane t\u00eb f\u00ebmij\u00ebve t\u00eb flijuar n\u00eb Peru","author":"Kurt Farka","date":"February 23, 2022","format":false,"excerpt":"Arkeolog\u00ebt prezantojn\u00eb mumjet para-kolumbiane t\u00eb f\u00ebmij\u00ebve t\u00eb flijuar n\u00eb Peru 23 Shkurt 2022 Arkeolog\u00ebt n\u00eb Peru kan\u00eb zbuluar 20 mumje prehispanike, mes tyre edhe f\u00ebmij\u00eb, q\u00eb besohet se jan\u00eb flijuar p\u00ebr nj\u00eb figur\u00eb elitare, n\u00eb nj\u00eb zon\u00eb af\u00ebr qytetit t\u00eb Lim\u00ebs. K\u00ebto gjetje zbulojn\u00eb m\u00eb shum\u00eb rreth praktikave funerale dhe\u2026","rel":"","context":"In &quot;Blogu i Udh\u00ebtarit&quot;","block_context":{"text":"Blogu i Udh\u00ebtarit","link":"https:\/\/www.shqiperia.com\/blog\/category\/blogu-i-udhetarit\/"},"img":{"alt_text":"","src":"https:\/\/i0.wp.com\/www.shqiperia.com\/blog\/wp-content\/uploads\/2022\/02\/640-0-gettyimages-1238450319-1645605814.jpg?fit=640%2C336&ssl=1&resize=350%2C200","width":350,"height":200,"srcset":"https:\/\/i0.wp.com\/www.shqiperia.com\/blog\/wp-content\/uploads\/2022\/02\/640-0-gettyimages-1238450319-1645605814.jpg?fit=640%2C336&ssl=1&resize=350%2C200 1x, https:\/\/i0.wp.com\/www.shqiperia.com\/blog\/wp-content\/uploads\/2022\/02\/640-0-gettyimages-1238450319-1645605814.jpg?fit=640%2C336&ssl=1&resize=525%2C300 1.5x"},"classes":[]},{"id":8648,"url":"https:\/\/www.shqiperia.com\/blog\/arkeologet-drejt-zbulimit-te-rendesishem-ne-peqin-ja-per-cfare-behet-fjale\/","url_meta":{"origin":53786,"position":1},"title":"Arkeolog\u00ebt drejt zbulimit t\u00eb rendesishem n\u00eb Peqin. -Ja p\u00ebr \u00e7far\u00eb b\u00ebhet fjal\u00eb. &#8211;","author":"Kurt Farka","date":"June 11, 2018","format":false,"excerpt":"Arkeolog\u00ebt drejt zbulimit t\u00eb rendesishem n\u00eb Peqin. -Ja p\u00ebr \u00e7far\u00eb b\u00ebhet fjal\u00eb. - Arkeolog\u00ebt drejt nj\u00eb zbulimi t\u00eb madh arkeologjik n\u00eb Peqin. G\u00ebrmimet arkeologjike n\u00eb Bishqem t\u00eb Peqinit duket se po nxjerrin n\u00eb pah nj\u00eb zbulim t\u00eb r\u00ebnd\u00ebsish\u00ebm t\u00eb nj\u00eb vendbanimi t\u00eb hersh\u00ebm dhe t\u00eb nj\u00eb kishe e cila mendohet\u2026","rel":"","context":"In &quot;Histori&quot;","block_context":{"text":"Histori","link":"https:\/\/www.shqiperia.com\/blog\/category\/histori\/"},"img":{"alt_text":"","src":"https:\/\/i0.wp.com\/www.shqiperia.com\/blog\/wp-content\/uploads\/2018\/06\/Zbulohet-kishe-ne-Peqin..png?fit=640%2C386&ssl=1&resize=350%2C200","width":350,"height":200,"srcset":"https:\/\/i0.wp.com\/www.shqiperia.com\/blog\/wp-content\/uploads\/2018\/06\/Zbulohet-kishe-ne-Peqin..png?fit=640%2C386&ssl=1&resize=350%2C200 1x, https:\/\/i0.wp.com\/www.shqiperia.com\/blog\/wp-content\/uploads\/2018\/06\/Zbulohet-kishe-ne-Peqin..png?fit=640%2C386&ssl=1&resize=525%2C300 1.5x"},"classes":[]},{"id":73934,"url":"https:\/\/www.shqiperia.com\/blog\/zbulohen-kanalet-misterioze-ne-izrael\/","url_meta":{"origin":53786,"position":2},"title":"Zbulohen kanalet \u201cmisterioze\u201d n\u00eb Izrael","author":"Kurt Farka","date":"September 3, 2023","format":false,"excerpt":"3 Shtator 2023 Nj\u00eb zbulim antik n\u00eb Izrael i ka l\u00ebn\u00eb arkeolog\u00ebt dhe autoritetet pa fjal\u00eb! Arkeolog\u00ebt e Autoritetit t\u00eb Antikiteteve t\u00eb Izraelit than\u00eb se kan\u00eb zbuluar dy instalime misterioze t\u00eb kanaleve q\u00eb datojn\u00eb rreth 2800 vjet m\u00eb par\u00eb n\u00eb Parkun Komb\u00ebtar t\u00eb qytetit t\u00eb Davidit. N\u00eb ndihm\u00eb t\u00eb arkeolog\u00ebve\u2026","rel":"","context":"In &quot;Blogu i Udh\u00ebtarit&quot;","block_context":{"text":"Blogu i Udh\u00ebtarit","link":"https:\/\/www.shqiperia.com\/blog\/category\/blogu-i-udhetarit\/"},"img":{"alt_text":"","src":"https:\/\/i0.wp.com\/www.shqiperia.com\/blog\/wp-content\/uploads\/2023\/09\/david-1024x625-1.png?fit=1024%2C625&ssl=1&resize=350%2C200","width":350,"height":200,"srcset":"https:\/\/i0.wp.com\/www.shqiperia.com\/blog\/wp-content\/uploads\/2023\/09\/david-1024x625-1.png?fit=1024%2C625&ssl=1&resize=350%2C200 1x, https:\/\/i0.wp.com\/www.shqiperia.com\/blog\/wp-content\/uploads\/2023\/09\/david-1024x625-1.png?fit=1024%2C625&ssl=1&resize=525%2C300 1.5x, https:\/\/i0.wp.com\/www.shqiperia.com\/blog\/wp-content\/uploads\/2023\/09\/david-1024x625-1.png?fit=1024%2C625&ssl=1&resize=700%2C400 2x"},"classes":[]},{"id":90177,"url":"https:\/\/www.shqiperia.com\/blog\/veglat-e-punes-me-te-vjetra-te-kockave-u-gjeten-ne-tanzani-datojne-1-5-milion-vjet-me-pare\/","url_meta":{"origin":53786,"position":3},"title":"Veglat e punes m\u00eb t\u00eb vjetra t\u00eb kockave u gjet\u00ebn n\u00eb Tanzani, datojn\u00eb 1.5 milion vjet m\u00eb par\u00eb","author":"Kurt Farka","date":"March 7, 2025","format":false,"excerpt":"7 Mars 2025 Koleksioni m\u00eb i vjet\u00ebr i mjeteve te punes parahistorike t\u00eb kockave zbulon se paraardh\u00ebsit e njeriut kan\u00eb t\u00eb ngjar\u00eb t\u00eb ken\u00eb qen\u00eb t\u00eb aft\u00eb p\u00ebr t\u00eb menduar nj\u00eb milion vjet m\u00eb par\u00eb sesa mendohej m\u00eb par\u00eb. Studimi i mjeteve u prezantua n\u00eb nj\u00eb botim n\u00eb revist\u00ebn Nature.\u2026","rel":"","context":"In &quot;Blogu i Udh\u00ebtarit&quot;","block_context":{"text":"Blogu i Udh\u00ebtarit","link":"https:\/\/www.shqiperia.com\/blog\/category\/blogu-i-udhetarit\/"},"img":{"alt_text":"","src":"https:\/\/i0.wp.com\/www.shqiperia.com\/blog\/wp-content\/uploads\/2025\/03\/640-0-c934175b1b2cb5e60a43b51509d4404e.webp?fit=640%2C336&ssl=1&resize=350%2C200","width":350,"height":200,"srcset":"https:\/\/i0.wp.com\/www.shqiperia.com\/blog\/wp-content\/uploads\/2025\/03\/640-0-c934175b1b2cb5e60a43b51509d4404e.webp?fit=640%2C336&ssl=1&resize=350%2C200 1x, https:\/\/i0.wp.com\/www.shqiperia.com\/blog\/wp-content\/uploads\/2025\/03\/640-0-c934175b1b2cb5e60a43b51509d4404e.webp?fit=640%2C336&ssl=1&resize=525%2C300 1.5x"},"classes":[]},{"id":34400,"url":"https:\/\/www.shqiperia.com\/blog\/foto-puthja-2800-vjecare-historia-e-dashurise-qe-sfidoi-vdekjen\/","url_meta":{"origin":53786,"position":4},"title":"FOTO: &#8211; Puthja 2800 vje\u00e7are, historia e dashuris\u00eb q\u00eb sfidoi vdekjen","author":"Kurt Farka","date":"May 8, 2020","format":false,"excerpt":"FOTO: - Puthja 2800 vje\u00e7are, historia e dashuris\u00eb q\u00eb sfidoi vdekjen Kjo foto \u00ebsht\u00eb shkrepur n\u00eb 1972 dhe do mbetet n\u00eb histori si simboli i dashuris\u00eb q\u00eb triumfon mbi jet\u00ebn dhe vdekjen. Njihet me emrin \u201cskeletet e Hasanlu\u201d \u2013 raporton DITA. B\u00ebhet fjal\u00eb p\u00ebr dy skelete t\u00eb zbuluar gjat\u00eb g\u00ebrmimeve\u2026","rel":"","context":"In &quot;Histori&quot;","block_context":{"text":"Histori","link":"https:\/\/www.shqiperia.com\/blog\/category\/histori\/"},"img":{"alt_text":"","src":"https:\/\/i0.wp.com\/www.shqiperia.com\/blog\/wp-content\/uploads\/2020\/05\/Amanti-Hasanlu-2.jpg?fit=737%2C428&ssl=1&resize=350%2C200","width":350,"height":200,"srcset":"https:\/\/i0.wp.com\/www.shqiperia.com\/blog\/wp-content\/uploads\/2020\/05\/Amanti-Hasanlu-2.jpg?fit=737%2C428&ssl=1&resize=350%2C200 1x, https:\/\/i0.wp.com\/www.shqiperia.com\/blog\/wp-content\/uploads\/2020\/05\/Amanti-Hasanlu-2.jpg?fit=737%2C428&ssl=1&resize=525%2C300 1.5x, https:\/\/i0.wp.com\/www.shqiperia.com\/blog\/wp-content\/uploads\/2020\/05\/Amanti-Hasanlu-2.jpg?fit=737%2C428&ssl=1&resize=700%2C400 2x"},"classes":[]},{"id":72671,"url":"https:\/\/www.shqiperia.com\/blog\/gjurma-me-e-vjeter-e-njeriut-zbulohet-ne-afriken-e-jugut-eshte-153-mije-vjecare\/","url_meta":{"origin":53786,"position":5},"title":"Gjurma m\u00eb e vjet\u00ebr e njeriut zbulohet n\u00eb Afrik\u00ebn e Jugut, \u00ebsht\u00eb 153 mij\u00eb vje\u00e7are","author":"Kurt Farka","date":"July 11, 2023","format":false,"excerpt":"12 Korrik 2023 N\u00eb fillim t\u00eb k\u00ebtij shekulli, gjurm\u00ebt e paraardh\u00ebsve tan\u00eb m\u00eb t\u00eb vjet\u00ebr datonin jo m\u00eb shum\u00eb se 50 mij\u00eb vjet m\u00eb par\u00eb dhe num\u00ebroheshin jo m\u00eb shum\u00eb se kat\u00ebr. Sot, nj\u00ebzet vjet m\u00eb von\u00eb, gj\u00ebrat kan\u00eb ndryshuar. N\u00eb vitin 2023 kemi deri n\u00eb 14 gjurm\u00eb fosile sapiens\u2026","rel":"","context":"In &quot;Blogu i Udh\u00ebtarit&quot;","block_context":{"text":"Blogu i Udh\u00ebtarit","link":"https:\/\/www.shqiperia.com\/blog\/category\/blogu-i-udhetarit\/"},"img":{"alt_text":"","src":"https:\/\/i0.wp.com\/www.shqiperia.com\/blog\/wp-content\/uploads\/2023\/07\/gjurma.jpg?fit=1200%2C675&ssl=1&resize=350%2C200","width":350,"height":200,"srcset":"https:\/\/i0.wp.com\/www.shqiperia.com\/blog\/wp-content\/uploads\/2023\/07\/gjurma.jpg?fit=1200%2C675&ssl=1&resize=350%2C200 1x, https:\/\/i0.wp.com\/www.shqiperia.com\/blog\/wp-content\/uploads\/2023\/07\/gjurma.jpg?fit=1200%2C675&ssl=1&resize=525%2C300 1.5x, https:\/\/i0.wp.com\/www.shqiperia.com\/blog\/wp-content\/uploads\/2023\/07\/gjurma.jpg?fit=1200%2C675&ssl=1&resize=700%2C400 2x, https:\/\/i0.wp.com\/www.shqiperia.com\/blog\/wp-content\/uploads\/2023\/07\/gjurma.jpg?fit=1200%2C675&ssl=1&resize=1050%2C600 3x"},"classes":[]}],"_links":{"self":[{"href":"https:\/\/www.shqiperia.com\/blog\/wp-json\/wp\/v2\/posts\/53786","targetHints":{"allow":["GET"]}}],"collection":[{"href":"https:\/\/www.shqiperia.com\/blog\/wp-json\/wp\/v2\/posts"}],"about":[{"href":"https:\/\/www.shqiperia.com\/blog\/wp-json\/wp\/v2\/types\/post"}],"author":[{"embeddable":true,"href":"https:\/\/www.shqiperia.com\/blog\/wp-json\/wp\/v2\/users\/9"}],"replies":[{"embeddable":true,"href":"https:\/\/www.shqiperia.com\/blog\/wp-json\/wp\/v2\/comments?post=53786"}],"version-history":[{"count":1,"href":"https:\/\/www.shqiperia.com\/blog\/wp-json\/wp\/v2\/posts\/53786\/revisions"}],"predecessor-version":[{"id":53788,"href":"https:\/\/www.shqiperia.com\/blog\/wp-json\/wp\/v2\/posts\/53786\/revisions\/53788"}],"wp:featuredmedia":[{"embeddable":true,"href":"https:\/\/www.shqiperia.com\/blog\/wp-json\/wp\/v2\/media\/53787"}],"wp:attachment":[{"href":"https:\/\/www.shqiperia.com\/blog\/wp-json\/wp\/v2\/media?parent=53786"}],"wp:term":[{"taxonomy":"category","embeddable":true,"href":"https:\/\/www.shqiperia.com\/blog\/wp-json\/wp\/v2\/categories?post=53786"},{"taxonomy":"post_tag","embeddable":true,"href":"https:\/\/www.shqiperia.com\/blog\/wp-json\/wp\/v2\/tags?post=53786"}],"curies":[{"name":"wp","href":"https:\/\/api.w.org\/{rel}","templated":true}]}}