{"id":53781,"date":"2022-02-06T18:12:09","date_gmt":"2022-02-06T18:12:09","guid":{"rendered":"https:\/\/www.shqiperia.com\/blog\/?p=53781"},"modified":"2022-02-06T18:12:09","modified_gmt":"2022-02-06T18:12:09","slug":"termeti-me-epiqender-ne-detin-jon-shkund-greqine-ja-sa-balle-ishte","status":"publish","type":"post","link":"https:\/\/www.shqiperia.com\/blog\/termeti-me-epiqender-ne-detin-jon-shkund-greqine-ja-sa-balle-ishte\/","title":{"rendered":"T\u00ebrmeti me epiqend\u00ebr n\u00eb detin Jon \u201cshkund\u201d Greqin\u00eb, ja sa ball\u00eb ishte"},"content":{"rendered":"<p><img data-recalc-dims=\"1\" loading=\"lazy\" decoding=\"async\" data-attachment-id=\"53782\" data-permalink=\"https:\/\/www.shqiperia.com\/blog\/termeti-me-epiqender-ne-detin-jon-shkund-greqine-ja-sa-balle-ishte\/640-0-6200067bc63be\/\" data-orig-file=\"https:\/\/i0.wp.com\/www.shqiperia.com\/blog\/wp-content\/uploads\/2022\/02\/640-0-6200067bc63be.jpg?fit=524%2C280&amp;ssl=1\" data-orig-size=\"524,280\" data-comments-opened=\"1\" data-image-meta=\"{&quot;aperture&quot;:&quot;0&quot;,&quot;credit&quot;:&quot;&quot;,&quot;camera&quot;:&quot;&quot;,&quot;caption&quot;:&quot;&quot;,&quot;created_timestamp&quot;:&quot;0&quot;,&quot;copyright&quot;:&quot;&quot;,&quot;focal_length&quot;:&quot;0&quot;,&quot;iso&quot;:&quot;0&quot;,&quot;shutter_speed&quot;:&quot;0&quot;,&quot;title&quot;:&quot;&quot;,&quot;orientation&quot;:&quot;0&quot;}\" data-image-title=\"-640-0-6200067bc63be\" data-image-description=\"\" data-image-caption=\"\" data-medium-file=\"https:\/\/i0.wp.com\/www.shqiperia.com\/blog\/wp-content\/uploads\/2022\/02\/640-0-6200067bc63be.jpg?fit=300%2C160&amp;ssl=1\" data-large-file=\"https:\/\/i0.wp.com\/www.shqiperia.com\/blog\/wp-content\/uploads\/2022\/02\/640-0-6200067bc63be.jpg?fit=524%2C280&amp;ssl=1\" class=\"alignnone  wp-image-53782\" alt=\"\" src=\"https:\/\/i0.wp.com\/www.shqiperia.com\/blog\/wp-content\/uploads\/2022\/02\/640-0-6200067bc63be.jpg?resize=514%2C274&#038;ssl=1\" width=\"514\" height=\"274\" srcset=\"https:\/\/i0.wp.com\/www.shqiperia.com\/blog\/wp-content\/uploads\/2022\/02\/640-0-6200067bc63be.jpg?resize=300%2C160&amp;ssl=1 300w, https:\/\/i0.wp.com\/www.shqiperia.com\/blog\/wp-content\/uploads\/2022\/02\/640-0-6200067bc63be.jpg?resize=450%2C240&amp;ssl=1 450w, https:\/\/i0.wp.com\/www.shqiperia.com\/blog\/wp-content\/uploads\/2022\/02\/640-0-6200067bc63be.jpg?resize=400%2C214&amp;ssl=1 400w, https:\/\/i0.wp.com\/www.shqiperia.com\/blog\/wp-content\/uploads\/2022\/02\/640-0-6200067bc63be.jpg?w=524&amp;ssl=1 524w\" sizes=\"auto, (max-width: 514px) 100vw, 514px\" \/><\/p>\n<p>T\u00ebrmeti me epiqend\u00ebr n\u00eb detin Jon \u201cshkund\u201d Greqin\u00eb, ja sa ball\u00eb ishte<\/p>\n<p>6 SHKURT 2022<\/p>\n<p>Nj\u00eb t\u00ebrmet i fort\u00eb \u00ebsht\u00eb ndier n\u00eb Greqi mbr\u00ebmjen e sotme. Epiqenrda e t\u00ebrmetit ka qen\u00eb n\u00eb detin Jon me thell\u00ebsi 2 kilometra.<\/p>\n<p>Forca e t\u00ebrmetit ka qen\u00eb 4.2 ball\u00eb.<\/p>\n<p>Epiqendra ka qen\u00eb 79 kilometra larg Zkinthos. Nd\u00ebrkoh\u00eb q\u00eb nuk raportohen l\u00ebndime n\u00eb njer\u00ebz apo d\u00ebme materiale.<\/p>\n<p><img data-recalc-dims=\"1\" loading=\"lazy\" decoding=\"async\" data-attachment-id=\"53783\" data-permalink=\"https:\/\/www.shqiperia.com\/blog\/termeti-me-epiqender-ne-detin-jon-shkund-greqine-ja-sa-balle-ishte\/640-0-620006249c4fc\/\" data-orig-file=\"https:\/\/i0.wp.com\/www.shqiperia.com\/blog\/wp-content\/uploads\/2022\/02\/640-0-620006249c4fc.jpg?fit=640%2C317&amp;ssl=1\" data-orig-size=\"640,317\" data-comments-opened=\"1\" data-image-meta=\"{&quot;aperture&quot;:&quot;0&quot;,&quot;credit&quot;:&quot;&quot;,&quot;camera&quot;:&quot;&quot;,&quot;caption&quot;:&quot;&quot;,&quot;created_timestamp&quot;:&quot;0&quot;,&quot;copyright&quot;:&quot;&quot;,&quot;focal_length&quot;:&quot;0&quot;,&quot;iso&quot;:&quot;0&quot;,&quot;shutter_speed&quot;:&quot;0&quot;,&quot;title&quot;:&quot;&quot;,&quot;orientation&quot;:&quot;0&quot;}\" data-image-title=\"-640-0-620006249c4fc\" data-image-description=\"\" data-image-caption=\"\" data-medium-file=\"https:\/\/i0.wp.com\/www.shqiperia.com\/blog\/wp-content\/uploads\/2022\/02\/640-0-620006249c4fc.jpg?fit=300%2C149&amp;ssl=1\" data-large-file=\"https:\/\/i0.wp.com\/www.shqiperia.com\/blog\/wp-content\/uploads\/2022\/02\/640-0-620006249c4fc.jpg?fit=640%2C317&amp;ssl=1\" class=\"alignnone  wp-image-53783\" alt=\"\" src=\"https:\/\/i0.wp.com\/www.shqiperia.com\/blog\/wp-content\/uploads\/2022\/02\/640-0-620006249c4fc.jpg?resize=960%2C477&#038;ssl=1\" width=\"960\" height=\"477\" srcset=\"https:\/\/i0.wp.com\/www.shqiperia.com\/blog\/wp-content\/uploads\/2022\/02\/640-0-620006249c4fc.jpg?resize=300%2C149&amp;ssl=1 300w, https:\/\/i0.wp.com\/www.shqiperia.com\/blog\/wp-content\/uploads\/2022\/02\/640-0-620006249c4fc.jpg?resize=450%2C223&amp;ssl=1 450w, https:\/\/i0.wp.com\/www.shqiperia.com\/blog\/wp-content\/uploads\/2022\/02\/640-0-620006249c4fc.jpg?resize=600%2C297&amp;ssl=1 600w, https:\/\/i0.wp.com\/www.shqiperia.com\/blog\/wp-content\/uploads\/2022\/02\/640-0-620006249c4fc.jpg?resize=400%2C198&amp;ssl=1 400w, https:\/\/i0.wp.com\/www.shqiperia.com\/blog\/wp-content\/uploads\/2022\/02\/640-0-620006249c4fc.jpg?w=640&amp;ssl=1 640w\" sizes=\"auto, (max-width: 960px) 100vw, 960px\" \/><\/p>\n<p>Gazeta Sot<\/p>\n","protected":false},"excerpt":{"rendered":"<p>T\u00ebrmeti me epiqend\u00ebr n\u00eb detin Jon \u201cshkund\u201d Greqin\u00eb, ja sa ball\u00eb ishte 6 SHKURT 2022 Nj\u00eb t\u00ebrmet i fort\u00eb \u00ebsht\u00eb ndier n\u00eb Greqi mbr\u00ebmjen e sotme. Epiqenrda e t\u00ebrmetit ka qen\u00eb n\u00eb detin Jon me thell\u00ebsi 2 kilometra. Forca e t\u00ebrmetit ka qen\u00eb 4.2 ball\u00eb. Epiqendra ka qen\u00eb 79 kilometra larg Zkinthos. Nd\u00ebrkoh\u00eb q\u00eb nuk [&hellip;]<\/p>\n","protected":false},"author":9,"featured_media":53782,"comment_status":"open","ping_status":"open","sticky":false,"template":"","format":"standard","meta":{"jetpack_post_was_ever_published":false,"_jetpack_newsletter_access":"","_jetpack_dont_email_post_to_subs":false,"_jetpack_newsletter_tier_id":0,"_jetpack_memberships_contains_paywalled_content":false,"_jetpack_memberships_contains_paid_content":false,"footnotes":"","jetpack_publicize_message":"","jetpack_publicize_feature_enabled":true,"jetpack_social_post_already_shared":true,"jetpack_social_options":{"image_generator_settings":{"template":"highway","default_image_id":0,"font":"","enabled":false},"version":2}},"categories":[1,35],"tags":[],"class_list":["post-53781","post","type-post","status-publish","format-standard","has-post-thumbnail","hentry","category-njoftime-shtypi","category-shoqerore"],"jetpack_publicize_connections":[],"jetpack_featured_media_url":"https:\/\/i0.wp.com\/www.shqiperia.com\/blog\/wp-content\/uploads\/2022\/02\/640-0-6200067bc63be.jpg?fit=524%2C280&ssl=1","jetpack_sharing_enabled":true,"jetpack_shortlink":"https:\/\/wp.me\/p5Z6wp-dZr","jetpack-related-posts":[{"id":43647,"url":"https:\/\/www.shqiperia.com\/blog\/nuk-ka-qetesi-nje-termet-i-fuqishem-shkund-greqine-ja-sa-ishte-magnituda\/","url_meta":{"origin":53781,"position":0},"title":"Nuk ka qet\u00ebsi! Nj\u00eb t\u00ebrmet i fuqish\u00ebm shkund Greqin\u00eb, ja sa ishte magnituda","author":"Kurt Farka","date":"February 2, 2021","format":false,"excerpt":"Nuk ka qet\u00ebsi! Nj\u00eb t\u00ebrmet i fuqish\u00ebm shkund Greqin\u00eb, ja sa ishte magnituda 1 SHKURT 2021 Greqia \u00ebsht\u00eb goditur nga nj\u00eb t\u00ebrmet me magnitud\u00eb 4.4 t\u00eb shkall\u00ebs rihter mbr\u00ebmjen e sotme rreth or\u00ebs 22:46 me epiqend\u00ebr n\u00eb ishullin Lesbos. Epiqendra e t\u00ebrmetit ishte 46 kilometra n\u00eb jugper\u00ebndim t\u00eb Mitilinit, nd\u00ebrsa\u2026","rel":"","context":"In &quot;Blogu i Udh\u00ebtarit&quot;","block_context":{"text":"Blogu i Udh\u00ebtarit","link":"https:\/\/www.shqiperia.com\/blog\/category\/blogu-i-udhetarit\/"},"img":{"alt_text":"","src":"https:\/\/i0.wp.com\/www.shqiperia.com\/blog\/wp-content\/uploads\/2021\/02\/800-0-601875e555c8b.jpg?fit=564%2C318&ssl=1&resize=350%2C200","width":350,"height":200,"srcset":"https:\/\/i0.wp.com\/www.shqiperia.com\/blog\/wp-content\/uploads\/2021\/02\/800-0-601875e555c8b.jpg?fit=564%2C318&ssl=1&resize=350%2C200 1x, https:\/\/i0.wp.com\/www.shqiperia.com\/blog\/wp-content\/uploads\/2021\/02\/800-0-601875e555c8b.jpg?fit=564%2C318&ssl=1&resize=525%2C300 1.5x"},"classes":[]},{"id":35800,"url":"https:\/\/www.shqiperia.com\/blog\/nuk-gjen-qetesi-toka-termeti-i-fuqishem-shkund-greqine-ja-ku-ishte-epiqendra-dhe-sa-balle\/","url_meta":{"origin":53781,"position":1},"title":"Nuk gjen qet\u00ebsi toka\/ T\u00ebrmeti i fuqish\u00ebm shkund Greqin\u00eb, ja ku ishte epiqendra dhe sa ball\u00eb","author":"Kurt Farka","date":"June 18, 2020","format":false,"excerpt":"Nuk gjen qet\u00ebsi toka\/ T\u00ebrmeti i fuqish\u00ebm shkund Greqin\u00eb, ja ku ishte epiqendra dhe sa ball\u00eb 18 QERSHOR 2020 Greqia \u00ebsht\u00eb tronditur s\u00ebrish nga nj\u00eb t\u00ebrmet i fort\u00eb n\u00eb or\u00ebt e para t\u00eb m\u00ebngjesit t\u00eb sot\u00ebm. Nj\u00eb t\u00ebrmet me madh\u00ebsi 4.5 n\u00eb shkall\u00ebn Rihter tronditi n\u00eb or\u00ebn 2:50 t\u00eb m\u00ebngjesit\u2026","rel":"","context":"In &quot;Blogu i Udh\u00ebtarit&quot;","block_context":{"text":"Blogu i Udh\u00ebtarit","link":"https:\/\/www.shqiperia.com\/blog\/category\/blogu-i-udhetarit\/"},"img":{"alt_text":"","src":"https:\/\/i0.wp.com\/www.shqiperia.com\/blog\/wp-content\/uploads\/2020\/06\/640-0-5eeb02f99ec03.jpg?fit=546%2C268&ssl=1&resize=350%2C200","width":350,"height":200,"srcset":"https:\/\/i0.wp.com\/www.shqiperia.com\/blog\/wp-content\/uploads\/2020\/06\/640-0-5eeb02f99ec03.jpg?fit=546%2C268&ssl=1&resize=350%2C200 1x, https:\/\/i0.wp.com\/www.shqiperia.com\/blog\/wp-content\/uploads\/2020\/06\/640-0-5eeb02f99ec03.jpg?fit=546%2C268&ssl=1&resize=525%2C300 1.5x"},"classes":[]},{"id":68287,"url":"https:\/\/www.shqiperia.com\/blog\/termeti-i-forte-raportohet-ne-detin-jon\/","url_meta":{"origin":53781,"position":2},"title":"T\u00ebrmeti i fort\u00eb raportohet n\u00eb detin Jon","author":"Kurt Farka","date":"February 18, 2023","format":false,"excerpt":"18 Shkurt 2023 Nj\u00eb t\u00ebrmet me magnitud\u00eb 4.6 ball\u00eb t\u00eb shkall\u00ebs Rihter ka ndodhur rreth or\u00ebs 22:14 n\u00eb detin Jon. Sipas t\u00eb dh\u00ebnave t\u00eb Institutit Gjeodinamik grek, epiqendra e t\u00ebrmetit ndodhet 23 kilometra n\u00eb per\u00ebndim t\u00eb Strofades dhe thell\u00ebsia fokale e tij 13.2 kilometra.","rel":"","context":"In &quot;Kultura&quot;","block_context":{"text":"Kultura","link":"https:\/\/www.shqiperia.com\/blog\/category\/kultura\/"},"img":{"alt_text":"","src":"https:\/\/i0.wp.com\/www.shqiperia.com\/blog\/wp-content\/uploads\/2023\/02\/termet-lajm-i-fundit-1024x576-1.jpg?fit=1024%2C576&ssl=1&resize=350%2C200","width":350,"height":200,"srcset":"https:\/\/i0.wp.com\/www.shqiperia.com\/blog\/wp-content\/uploads\/2023\/02\/termet-lajm-i-fundit-1024x576-1.jpg?fit=1024%2C576&ssl=1&resize=350%2C200 1x, https:\/\/i0.wp.com\/www.shqiperia.com\/blog\/wp-content\/uploads\/2023\/02\/termet-lajm-i-fundit-1024x576-1.jpg?fit=1024%2C576&ssl=1&resize=525%2C300 1.5x, https:\/\/i0.wp.com\/www.shqiperia.com\/blog\/wp-content\/uploads\/2023\/02\/termet-lajm-i-fundit-1024x576-1.jpg?fit=1024%2C576&ssl=1&resize=700%2C400 2x"},"classes":[]},{"id":44357,"url":"https:\/\/www.shqiperia.com\/blog\/termeti-i-fuqishem-shkund-greqine-ja-ku-ishte-epiqendra-dhe-sa-balle\/","url_meta":{"origin":53781,"position":3},"title":"T\u00ebrmeti i fuqish\u00ebm shkund Greqin\u00eb, ja ku ishte epiqendra dhe sa ball\u00eb","author":"Kurt Farka","date":"February 17, 2021","format":false,"excerpt":"T\u00ebrmeti i fuqish\u00ebm shkund Greqin\u00eb, ja ku ishte epiqendra dhe sa ball\u00eb 17 shkurt 2021 Nj\u00eb t\u00ebrmet i fuqish\u00ebm ka goditur Greqin\u00eb m\u00ebngjesin e sot\u00ebm. T\u00ebrmeti m\u00eb magnitud\u00eb 5.0 e ka pasur epiqendr\u00ebn n\u00eb qytetin e vog\u00ebl grek t\u00eb Nafpaktos. Ky qytet i vog\u00ebl ndodhet n\u00eb bregun verior t\u00eb Gjirit\u2026","rel":"","context":"In &quot;Blogu i Udh\u00ebtarit&quot;","block_context":{"text":"Blogu i Udh\u00ebtarit","link":"https:\/\/www.shqiperia.com\/blog\/category\/blogu-i-udhetarit\/"},"img":{"alt_text":"","src":"https:\/\/i0.wp.com\/www.shqiperia.com\/blog\/wp-content\/uploads\/2021\/02\/Termet-ne-Greqi-17-shkurt-2021-2.jpg?fit=640%2C308&ssl=1&resize=350%2C200","width":350,"height":200,"srcset":"https:\/\/i0.wp.com\/www.shqiperia.com\/blog\/wp-content\/uploads\/2021\/02\/Termet-ne-Greqi-17-shkurt-2021-2.jpg?fit=640%2C308&ssl=1&resize=350%2C200 1x, https:\/\/i0.wp.com\/www.shqiperia.com\/blog\/wp-content\/uploads\/2021\/02\/Termet-ne-Greqi-17-shkurt-2021-2.jpg?fit=640%2C308&ssl=1&resize=525%2C300 1.5x"},"classes":[]},{"id":44759,"url":"https:\/\/www.shqiperia.com\/blog\/termeti-godet-greqine-ja-ku-ishte-epiqendra-dhe-sa-balle\/","url_meta":{"origin":53781,"position":4},"title":"T\u00ebrmeti godet Greqin\u00eb, ja ku ishte epiqendra dhe sa ball\u00eb","author":"Kurt Farka","date":"February 28, 2021","format":false,"excerpt":"T\u00ebrmeti godet Greqin\u00eb, ja ku ishte epiqendra dhe sa ball\u00eb 28 SHKURT 2021 Epiqendra e t\u00ebrmetit ishte 15 kilometra nga Gaitanio dhe 97 kilometra nga Patra, nd\u00ebrsa thell\u00ebsia ishte 8 kilometra. Ende nuk ka informacione p\u00ebr t\u00eb l\u00ebnduar apo d\u00ebme material, nd\u00ebrkoh\u00eb q\u00eb kujtojm\u00eb se edhe disa muaj m\u00eb par\u00eb\u2026","rel":"","context":"In &quot;Blogu i Udh\u00ebtarit&quot;","block_context":{"text":"Blogu i Udh\u00ebtarit","link":"https:\/\/www.shqiperia.com\/blog\/category\/blogu-i-udhetarit\/"},"img":{"alt_text":"","src":"https:\/\/i0.wp.com\/www.shqiperia.com\/blog\/wp-content\/uploads\/2021\/02\/640-0-603b9412313da.jpg?fit=477%2C249&ssl=1&resize=350%2C200","width":350,"height":200},"classes":[]},{"id":48734,"url":"https:\/\/www.shqiperia.com\/blog\/lajm-i-fundit-lekundje-termeti-ne-qytetin-e-lezhes-ja-sa-balle-ishte\/","url_meta":{"origin":53781,"position":5},"title":"LAJM I FUNDIT: &#8211; L\u00ebkundje t\u00ebrmeti n\u00eb qytetin e Lezh\u00ebs, ja sa ball\u00eb ishte","author":"Kurt Farka","date":"July 27, 2021","format":false,"excerpt":"LAJM I FUNDIT: - L\u00ebkundje t\u00ebrmeti n\u00eb qytetin e Lezh\u00ebs, ja sa ball\u00eb ishte 27 KORRIK 2021 Disa l\u00ebkundje t\u00ebrmeti jan\u00eb ndjer\u00eb mbr\u00ebmjen e sotme n\u00eb disa qytete t\u00eb Shqip\u00ebris\u00eb. Nj\u00eb lukundje sizmike \u00ebsht\u00eb regjistruar pak m\u00eb par\u00eb n\u00eb detin Adriatik. L\u00ebkundjet kan\u00eb qen\u00eb me magnitud\u00eb 4.5 Rihter. Epiqendra e\u2026","rel":"","context":"In &quot;Blogu i Udh\u00ebtarit&quot;","block_context":{"text":"Blogu i Udh\u00ebtarit","link":"https:\/\/www.shqiperia.com\/blog\/category\/blogu-i-udhetarit\/"},"img":{"alt_text":"","src":"https:\/\/i0.wp.com\/www.shqiperia.com\/blog\/wp-content\/uploads\/2021\/07\/640-0-6100686433859.jpg?fit=640%2C358&ssl=1&resize=350%2C200","width":350,"height":200,"srcset":"https:\/\/i0.wp.com\/www.shqiperia.com\/blog\/wp-content\/uploads\/2021\/07\/640-0-6100686433859.jpg?fit=640%2C358&ssl=1&resize=350%2C200 1x, https:\/\/i0.wp.com\/www.shqiperia.com\/blog\/wp-content\/uploads\/2021\/07\/640-0-6100686433859.jpg?fit=640%2C358&ssl=1&resize=525%2C300 1.5x"},"classes":[]}],"_links":{"self":[{"href":"https:\/\/www.shqiperia.com\/blog\/wp-json\/wp\/v2\/posts\/53781","targetHints":{"allow":["GET"]}}],"collection":[{"href":"https:\/\/www.shqiperia.com\/blog\/wp-json\/wp\/v2\/posts"}],"about":[{"href":"https:\/\/www.shqiperia.com\/blog\/wp-json\/wp\/v2\/types\/post"}],"author":[{"embeddable":true,"href":"https:\/\/www.shqiperia.com\/blog\/wp-json\/wp\/v2\/users\/9"}],"replies":[{"embeddable":true,"href":"https:\/\/www.shqiperia.com\/blog\/wp-json\/wp\/v2\/comments?post=53781"}],"version-history":[{"count":1,"href":"https:\/\/www.shqiperia.com\/blog\/wp-json\/wp\/v2\/posts\/53781\/revisions"}],"predecessor-version":[{"id":53784,"href":"https:\/\/www.shqiperia.com\/blog\/wp-json\/wp\/v2\/posts\/53781\/revisions\/53784"}],"wp:featuredmedia":[{"embeddable":true,"href":"https:\/\/www.shqiperia.com\/blog\/wp-json\/wp\/v2\/media\/53782"}],"wp:attachment":[{"href":"https:\/\/www.shqiperia.com\/blog\/wp-json\/wp\/v2\/media?parent=53781"}],"wp:term":[{"taxonomy":"category","embeddable":true,"href":"https:\/\/www.shqiperia.com\/blog\/wp-json\/wp\/v2\/categories?post=53781"},{"taxonomy":"post_tag","embeddable":true,"href":"https:\/\/www.shqiperia.com\/blog\/wp-json\/wp\/v2\/tags?post=53781"}],"curies":[{"name":"wp","href":"https:\/\/api.w.org\/{rel}","templated":true}]}}