{"id":53778,"date":"2022-02-06T18:03:26","date_gmt":"2022-02-06T18:03:26","guid":{"rendered":"https:\/\/www.shqiperia.com\/blog\/?p=53778"},"modified":"2022-02-06T18:03:26","modified_gmt":"2022-02-06T18:03:26","slug":"rikthehet-ne-tryezen-e-bisedimeve-mediat-austriake-kosova-dhe-serbia-a-do-shkembejne-territore","status":"publish","type":"post","link":"https:\/\/www.shqiperia.com\/blog\/rikthehet-ne-tryezen-e-bisedimeve-mediat-austriake-kosova-dhe-serbia-a-do-shkembejne-territore\/","title":{"rendered":"Rikthehet n\u00eb tryez\u00ebn e bisedimeve. Mediat austriake: &#8211; Kosova dhe Serbia a do shk\u00ebmbejn\u00eb territore?"},"content":{"rendered":"<p><img data-recalc-dims=\"1\" loading=\"lazy\" decoding=\"async\" data-attachment-id=\"53779\" data-permalink=\"https:\/\/www.shqiperia.com\/blog\/rikthehet-ne-tryezen-e-bisedimeve-mediat-austriake-kosova-dhe-serbia-a-do-shkembejne-territore\/kosova-serbia\/\" data-orig-file=\"https:\/\/i0.wp.com\/www.shqiperia.com\/blog\/wp-content\/uploads\/2022\/02\/Kosova-Serbia.jpg?fit=650%2C362&amp;ssl=1\" data-orig-size=\"650,362\" data-comments-opened=\"1\" data-image-meta=\"{&quot;aperture&quot;:&quot;0&quot;,&quot;credit&quot;:&quot;&quot;,&quot;camera&quot;:&quot;&quot;,&quot;caption&quot;:&quot;&quot;,&quot;created_timestamp&quot;:&quot;0&quot;,&quot;copyright&quot;:&quot;&quot;,&quot;focal_length&quot;:&quot;0&quot;,&quot;iso&quot;:&quot;0&quot;,&quot;shutter_speed&quot;:&quot;0&quot;,&quot;title&quot;:&quot;&quot;,&quot;orientation&quot;:&quot;0&quot;}\" data-image-title=\"Kosova Serbia\" data-image-description=\"\" data-image-caption=\"\" data-medium-file=\"https:\/\/i0.wp.com\/www.shqiperia.com\/blog\/wp-content\/uploads\/2022\/02\/Kosova-Serbia.jpg?fit=300%2C167&amp;ssl=1\" data-large-file=\"https:\/\/i0.wp.com\/www.shqiperia.com\/blog\/wp-content\/uploads\/2022\/02\/Kosova-Serbia.jpg?fit=650%2C362&amp;ssl=1\" class=\"alignnone  wp-image-53779\" alt=\"\" src=\"https:\/\/i0.wp.com\/www.shqiperia.com\/blog\/wp-content\/uploads\/2022\/02\/Kosova-Serbia.jpg?resize=537%2C299&#038;ssl=1\" width=\"537\" height=\"299\" srcset=\"https:\/\/i0.wp.com\/www.shqiperia.com\/blog\/wp-content\/uploads\/2022\/02\/Kosova-Serbia.jpg?resize=300%2C167&amp;ssl=1 300w, https:\/\/i0.wp.com\/www.shqiperia.com\/blog\/wp-content\/uploads\/2022\/02\/Kosova-Serbia.jpg?resize=450%2C251&amp;ssl=1 450w, https:\/\/i0.wp.com\/www.shqiperia.com\/blog\/wp-content\/uploads\/2022\/02\/Kosova-Serbia.jpg?resize=600%2C334&amp;ssl=1 600w, https:\/\/i0.wp.com\/www.shqiperia.com\/blog\/wp-content\/uploads\/2022\/02\/Kosova-Serbia.jpg?resize=400%2C223&amp;ssl=1 400w, https:\/\/i0.wp.com\/www.shqiperia.com\/blog\/wp-content\/uploads\/2022\/02\/Kosova-Serbia.jpg?w=650&amp;ssl=1 650w\" sizes=\"auto, (max-width: 537px) 100vw, 537px\" \/><\/p>\n<p>Rikthehet n\u00eb tryez\u00ebn e bisedimeve. Mediat austriake: &#8211; Kosova dhe Serbia po shk\u00ebmbejn\u00eb territore?<\/p>\n<p>6 shkurt 2022<\/p>\n<p>Ideja e shk\u00ebmbimit t\u00eb territoreve nd\u00ebrmjet Serbis\u00eb dhe Kosov\u00ebs \u00ebsht\u00eb ringjallur s\u00ebrish. K\u00ebt\u00eb her\u00eb propozimet vijn\u00eb nga Prishtina. Brenda vet\u00ebm nj\u00eb jave, nga Kosova erdh\u00ebn dy deklarata, t\u00eb cilat trajtonin edhe nj\u00eb her\u00eb shk\u00ebmbimin e territoreve.Kosovo_Serbien_Gebiete<\/p>\n<p>Si\u00e7 u d\u00ebgjua nga Prishtina, kjo \u00ebsht\u00eb nj\u00eb zgjidhje m\u00eb e mir\u00eb se formimi i nj\u00eb komuniteti t\u00eb komuniteteve serbe dhe do t\u00eb parandalonte konfliktet e ardhshme.<\/p>\n<p>K\u00ebt\u00eb ide e ka ringjallur n\u00ebnkryetari i partis\u00eb kryesore opozitare, Partis\u00eb Demokratike t\u00eb Kosov\u00ebs, Ram Buja.<\/p>\n<p>Sipas tij, n\u00ebse do t\u2019i duhej t\u00eb zgjidhte mes Bashkimit t\u00eb Komunave me Shumic\u00eb Serbe (ZSO) dhe shk\u00ebmbimit t\u00eb territoreve, ai ishte p\u00ebr shk\u00ebmbimin e territoreve, shkruajn\u00eb mediat austriake.<\/p>\n<p>\u201cPara bashkimit me pushtetin ekzekutiv, jam p\u00ebr shk\u00ebmbimin e territoreve. Q\u00eb Lugina e Preshev\u00ebs shkon n\u00eb Kosov\u00eb dhe veriu i Kosov\u00ebs n\u00eb Serbi\u201d, tha Buja.<\/p>\n<p>Me Buj\u00ebn \u00ebsht\u00eb pajtuar edhe ish-komandanti i U\u00c7K-s\u00eb, Hafir Hoxha, i cili ka th\u00ebn\u00eb se i vetmi epilog serb i Kosov\u00ebs n\u00ebse do t\u00eb shmanget lufta \u00ebsht\u00eb ndryshimi i kufirit q\u00eb do t\u00eb eliminonte ndikimin e Serbis\u00eb n\u00eb Kosov\u00eb dhe at\u00eb t\u00eb Kosov\u00ebs n\u00eb Serbi.<\/p>\n<p>Sipas tij, Leposaviqi dhe Zubin Potoku t\u2019i dor\u00ebzoheshin Serbis\u00eb. Megjithat\u00eb, ai nuk \u00ebsht\u00eb p\u00ebr \u201cshk\u00ebmbimin\u201d e Mitrovic\u00ebs s\u00eb Veriut me Medvegj\u00ebn, Preshev\u00ebn dhe Bujanovcin.<\/p>\n<p>Ideja tashm\u00eb disavje\u00e7are<\/p>\n<p>Ideja e shk\u00ebmbimit pse jo zyrtarisht lindi gjat\u00eb dialogut nd\u00ebrmjet Serbis\u00eb dhe Kosov\u00ebs, t\u00eb udh\u00ebhequr nga BE-ja kur Federica Mogherini nd\u00ebrmjet\u00ebsoi si P\u00ebrfaq\u00ebsuese e Lart\u00eb e BE-s\u00eb p\u00ebr Politik\u00eb t\u00eb Jashtme dhe Sigurin\u00eb.<\/p>\n<p>Shum\u00eb an\u00ebtar\u00eb t\u00eb Bashkimit Evropian e kund\u00ebrshtuan menj\u00ebher\u00eb k\u00ebt\u00eb propozim, p\u00ebrfshir\u00eb Gjermanin\u00eb.<\/p>\n<p>Sipas parimit etnik, shk\u00ebmbimi i territoreve nuk \u00ebsht\u00eb zgjidhje dhe hap kutin\u00eb e \u2018Pandor\u00ebs\u2019 p\u00ebr demarkacione t\u00eb m\u00ebtejshme kufitare n\u00eb Ballkan.<\/p>\n<p>Gazeta Panorama<\/p>\n","protected":false},"excerpt":{"rendered":"<p>Rikthehet n\u00eb tryez\u00ebn e bisedimeve. Mediat austriake: &#8211; Kosova dhe Serbia po shk\u00ebmbejn\u00eb territore? 6 shkurt 2022 Ideja e shk\u00ebmbimit t\u00eb territoreve nd\u00ebrmjet Serbis\u00eb dhe Kosov\u00ebs \u00ebsht\u00eb ringjallur s\u00ebrish. K\u00ebt\u00eb her\u00eb propozimet vijn\u00eb nga Prishtina. Brenda vet\u00ebm nj\u00eb jave, nga Kosova erdh\u00ebn dy deklarata, t\u00eb cilat trajtonin edhe nj\u00eb her\u00eb shk\u00ebmbimin e territoreve.Kosovo_Serbien_Gebiete Si\u00e7 u [&hellip;]<\/p>\n","protected":false},"author":9,"featured_media":53779,"comment_status":"open","ping_status":"open","sticky":false,"template":"","format":"standard","meta":{"jetpack_post_was_ever_published":false,"_jetpack_newsletter_access":"","_jetpack_dont_email_post_to_subs":false,"_jetpack_newsletter_tier_id":0,"_jetpack_memberships_contains_paywalled_content":false,"_jetpack_memberships_contains_paid_content":false,"footnotes":"","jetpack_publicize_message":"","jetpack_publicize_feature_enabled":true,"jetpack_social_post_already_shared":true,"jetpack_social_options":{"image_generator_settings":{"template":"highway","default_image_id":0,"font":"","enabled":false},"version":2}},"categories":[27,2,35],"tags":[],"class_list":["post-53778","post","type-post","status-publish","format-standard","has-post-thumbnail","hentry","category-blogu-i-udhetarit","category-politika","category-shoqerore"],"jetpack_publicize_connections":[],"jetpack_featured_media_url":"https:\/\/i0.wp.com\/www.shqiperia.com\/blog\/wp-content\/uploads\/2022\/02\/Kosova-Serbia.jpg?fit=650%2C362&ssl=1","jetpack_sharing_enabled":true,"jetpack_shortlink":"https:\/\/wp.me\/p5Z6wp-dZo","jetpack-related-posts":[{"id":66220,"url":"https:\/\/www.shqiperia.com\/blog\/ballkani-eshte-ne-rrezik-media-e-njohur-jep-paralajmerimin-e-frikshem-kosova-nuk-mund\/","url_meta":{"origin":53778,"position":0},"title":"\u201cBallkani \u00ebsht\u00eb n\u00eb rrezik\u201d. &#8211; Media e njohur jep paralajm\u00ebrimin e friksh\u00ebm: Kosova nuk mund&#8230;","author":"Kurt Farka","date":"January 12, 2023","format":false,"excerpt":"12 Janar 2023 Mediumi prestigjioz amerikan, n\u00eb nj\u00eb analiz\u00eb t\u00eb publikuar t\u00eb enjten, shkruan se SHBA dhe Evropa duhet t\u00eb ushtrojn\u00eb presion m\u00eb t\u00eb madh mbi t\u00eb dyja pal\u00ebt p\u00ebr t\u2019u kthyer n\u00eb tryez\u00ebn e bisedimeve dhe p\u00ebr t\u00eb shmangur nj\u00eb luft\u00eb tjet\u00ebr ballkanike p\u00ebrpara se ajo t\u00eb filloj\u201cM\u00eb shum\u00eb\u2026","rel":"","context":"In &quot;Blogu i Udh\u00ebtarit&quot;","block_context":{"text":"Blogu i Udh\u00ebtarit","link":"https:\/\/www.shqiperia.com\/blog\/category\/blogu-i-udhetarit\/"},"img":{"alt_text":"","src":"https:\/\/i0.wp.com\/www.shqiperia.com\/blog\/wp-content\/uploads\/2023\/01\/640-0-63c04777eea75.jpg?fit=640%2C335&ssl=1&resize=350%2C200","width":350,"height":200,"srcset":"https:\/\/i0.wp.com\/www.shqiperia.com\/blog\/wp-content\/uploads\/2023\/01\/640-0-63c04777eea75.jpg?fit=640%2C335&ssl=1&resize=350%2C200 1x, https:\/\/i0.wp.com\/www.shqiperia.com\/blog\/wp-content\/uploads\/2023\/01\/640-0-63c04777eea75.jpg?fit=640%2C335&ssl=1&resize=525%2C300 1.5x"},"classes":[]},{"id":35857,"url":"https:\/\/www.shqiperia.com\/blog\/marreveshja-me-18-pika-tek-trump-kosova-merr-7-miliarde-euro-vizat-dhe-nuk-humb-territor-serbia-njeh-kosoven-dhe\/","url_meta":{"origin":53778,"position":1},"title":"Marr\u00ebveshja me 18 pika tek Trump\/ Kosova merr 7 miliard\u00eb euro, vizat dhe nuk humb territor. Serbia njeh Kosov\u00ebn dhe\u2026.","author":"Kurt Farka","date":"June 19, 2020","format":false,"excerpt":"Marr\u00ebveshja me 18 pika tek Trump\/ Kosova merr 7 miliard\u00eb euro, vizat dhe nuk humb territor. Serbia njeh Kosov\u00ebn dhe\u2026. 19 Qershor 2020 | 14 : 57 Edhe pse do t\u00eb hyjn\u00eb duar bosh, lider\u00ebt e Kosov\u00ebs dhe Serbis\u00eb mund t\u00eb dalin nga \u201cbisedimet e paqes\u201d n\u00eb Sht\u00ebpin\u00eb e Bardh\u00eb,\u2026","rel":"","context":"In &quot;Blogu i Udh\u00ebtarit&quot;","block_context":{"text":"Blogu i Udh\u00ebtarit","link":"https:\/\/www.shqiperia.com\/blog\/category\/blogu-i-udhetarit\/"},"img":{"alt_text":"","src":"https:\/\/i0.wp.com\/www.shqiperia.com\/blog\/wp-content\/uploads\/2020\/06\/shtepia-e-bardhe.jpg?fit=900%2C473&ssl=1&resize=350%2C200","width":350,"height":200,"srcset":"https:\/\/i0.wp.com\/www.shqiperia.com\/blog\/wp-content\/uploads\/2020\/06\/shtepia-e-bardhe.jpg?fit=900%2C473&ssl=1&resize=350%2C200 1x, https:\/\/i0.wp.com\/www.shqiperia.com\/blog\/wp-content\/uploads\/2020\/06\/shtepia-e-bardhe.jpg?fit=900%2C473&ssl=1&resize=525%2C300 1.5x, https:\/\/i0.wp.com\/www.shqiperia.com\/blog\/wp-content\/uploads\/2020\/06\/shtepia-e-bardhe.jpg?fit=900%2C473&ssl=1&resize=700%2C400 2x"},"classes":[]},{"id":65699,"url":"https:\/\/www.shqiperia.com\/blog\/situata-ne-veri-te-kosoves-mediat-nderkombetare-serbia-vendos-ne-gatishmeri-ushtrine\/","url_meta":{"origin":53778,"position":2},"title":"Situata n\u00eb Veri t\u00eb Kosov\u00ebs. Mediat nd\u00ebrkomb\u00ebtare: &#8211; Serbia vendos n\u00eb gatishm\u00ebri ushtrin\u00eb","author":"Kurt Farka","date":"December 27, 2022","format":false,"excerpt":"27 Dhjetor 2022 Situata n\u00eb Veri t\u00eb Kosov\u00ebs mbetet e tensionuar, sidomos pas sulmit me arm\u00eb q\u00eb u sh\u00ebnua mbr\u00ebmjen e s\u00eb diel\u00ebs n\u00eb af\u00ebrsi t\u00eb patrullave t\u00eb KFOR n\u00eb Zubin-Patok duke shkaktuar k\u00ebshtu reagime nga t\u00eb dyja pal\u00ebt. Tensionet n\u00eb veri t\u00eb Kosov\u00ebs jan\u00eb b\u00ebr\u00eb tashm\u00eb \u2018jehon\u00eb\u2019 edhe n\u00eb\u2026","rel":"","context":"In &quot;Blogu i Udh\u00ebtarit&quot;","block_context":{"text":"Blogu i Udh\u00ebtarit","link":"https:\/\/www.shqiperia.com\/blog\/category\/blogu-i-udhetarit\/"},"img":{"alt_text":"","src":"https:\/\/i0.wp.com\/www.shqiperia.com\/blog\/wp-content\/uploads\/2022\/12\/Capture-330-768x433-1.jpg?fit=768%2C433&ssl=1&resize=350%2C200","width":350,"height":200,"srcset":"https:\/\/i0.wp.com\/www.shqiperia.com\/blog\/wp-content\/uploads\/2022\/12\/Capture-330-768x433-1.jpg?fit=768%2C433&ssl=1&resize=350%2C200 1x, https:\/\/i0.wp.com\/www.shqiperia.com\/blog\/wp-content\/uploads\/2022\/12\/Capture-330-768x433-1.jpg?fit=768%2C433&ssl=1&resize=525%2C300 1.5x, https:\/\/i0.wp.com\/www.shqiperia.com\/blog\/wp-content\/uploads\/2022\/12\/Capture-330-768x433-1.jpg?fit=768%2C433&ssl=1&resize=700%2C400 2x"},"classes":[]},{"id":15694,"url":"https:\/\/www.shqiperia.com\/blog\/prishtina-beogradi-te-na-njohe-si-shtet-pas-kesaj-heqim-taksat\/","url_meta":{"origin":53778,"position":3},"title":"Prishtina: Beogradi t\u00eb na njoh\u00eb si shtet, pas k\u00ebsaj heqim taksat. &#8211;","author":"Kurt Farka","date":"January 8, 2019","format":false,"excerpt":"Prishtina: Beogradi t\u00eb na njoh\u00eb si shtet, pas k\u00ebsaj heqim taksat. - 8 janar 2019. Ekipi negociator i Brukselit me n\u00eb krye Farmir Limaj dhe ekipin serb mbajt\u00ebn bisedime n\u00eb vijim t\u00eb procesit p\u00ebr ti dh\u00ebn\u00eb fund mosmarr\u00ebveshjeve mes dy vendeve, p\u00ebr ti hapur m\u00eb pas rrug\u00ebn drejt BE-s\u00eb. Por\u2026","rel":"","context":"In &quot;Blogu i Udh\u00ebtarit&quot;","block_context":{"text":"Blogu i Udh\u00ebtarit","link":"https:\/\/www.shqiperia.com\/blog\/category\/blogu-i-udhetarit\/"},"img":{"alt_text":"","src":"https:\/\/i0.wp.com\/www.shqiperia.com\/blog\/wp-content\/uploads\/2019\/01\/index-8-300x149.jpg?resize=350%2C200","width":350,"height":200},"classes":[]},{"id":84140,"url":"https:\/\/www.shqiperia.com\/blog\/eshtrat-e-viktimave-te-luftes-ne-kosove-te-bllokuar-poshte-plehrave-gjithe-keto-vite-dyshime-per-varr-masiv-serbia-konfirmon-kerkimet-nje-pike-grumbullimi-mbeturinash\/","url_meta":{"origin":53778,"position":4},"title":"Eshtrat e viktimave t\u00eb luft\u00ebs n\u00eb Kosov\u00eb t\u00eb bllokuar posht\u00eb plehrave gjith\u00eb k\u00ebto vite? &#8211; Dyshime p\u00ebr varr masiv. &#8211; Serbia konfirmon k\u00ebrkimet nj\u00eb pik\u00eb grumbullimi mbeturinash","author":"Kurt Farka","date":"September 6, 2024","format":false,"excerpt":"6 Shtator 2026 Vend grumbullimi i mbetjeve pran\u00eb fshatit Kozhle n\u00eb jugper\u00ebndim t\u00eb Serbis\u00eb \u00ebsht\u00eb nj\u00eb nga lokacionet q\u00eb, sipas autoriteteve t\u00eb Kosov\u00ebs, mund t\u2019i fsheh\u00eb krimet e kryera nga forcat serbe kund\u00ebr civil\u00ebve shqiptar\u00eb n\u00eb Kosov\u00eb, gjat\u00eb luft\u00ebs s\u00eb viteve 1998\/99. Komisioni p\u00ebr t\u00eb Pagjeturit i Qeveris\u00eb s\u00eb Serbis\u00eb\u2026","rel":"","context":"In &quot;Blogu i Udh\u00ebtarit&quot;","block_context":{"text":"Blogu i Udh\u00ebtarit","link":"https:\/\/www.shqiperia.com\/blog\/category\/blogu-i-udhetarit\/"},"img":{"alt_text":"","src":"https:\/\/i0.wp.com\/www.shqiperia.com\/blog\/wp-content\/uploads\/2024\/09\/Capture-106-760x450-1.jpg?fit=760%2C450&ssl=1&resize=350%2C200","width":350,"height":200,"srcset":"https:\/\/i0.wp.com\/www.shqiperia.com\/blog\/wp-content\/uploads\/2024\/09\/Capture-106-760x450-1.jpg?fit=760%2C450&ssl=1&resize=350%2C200 1x, https:\/\/i0.wp.com\/www.shqiperia.com\/blog\/wp-content\/uploads\/2024\/09\/Capture-106-760x450-1.jpg?fit=760%2C450&ssl=1&resize=525%2C300 1.5x, https:\/\/i0.wp.com\/www.shqiperia.com\/blog\/wp-content\/uploads\/2024\/09\/Capture-106-760x450-1.jpg?fit=760%2C450&ssl=1&resize=700%2C400 2x"},"classes":[]},{"id":66599,"url":"https:\/\/www.shqiperia.com\/blog\/prishtina-dhe-beogradi-do-i-njohin-njera-tjetres-simbolet-dhe-dokumentet\/","url_meta":{"origin":53778,"position":5},"title":"\u201cPrishtina dhe Beogradi do i njohin nj\u00ebra-tjetr\u00ebs simbolet dhe dokumentet\u201d","author":"Kurt Farka","date":"January 22, 2023","format":false,"excerpt":"22 Janar 2023 Dit\u00ebn e nes\u00ebrme qeveria e Serbis\u00eb dhe presidenti Aleksand\u00ebr Vu\u00e7i\u00e7, do t\u00eb diskutojn\u00eb dokumentin e planit Franko-Gjerman, p\u00ebr zgjidhjen e mosmarr\u00ebveshjeve Kosov\u00eb-Serbi Versioni i fundit i p\u00ebrdit\u00ebsuar i propozimit franko-gjerman p\u00ebr marr\u00ebveshjen baz\u00eb q\u00eb synohet t\u00eb arrihet s\u00eb shpejti, iu dor\u00ebzua Kosov\u00ebs dhe Serbis\u00eb n\u00eb fund t\u00eb\u2026","rel":"","context":"In &quot;Blogu i Udh\u00ebtarit&quot;","block_context":{"text":"Blogu i Udh\u00ebtarit","link":"https:\/\/www.shqiperia.com\/blog\/category\/blogu-i-udhetarit\/"},"img":{"alt_text":"","src":"https:\/\/i0.wp.com\/www.shqiperia.com\/blog\/wp-content\/uploads\/2023\/01\/shutterstock_1619800495-1-800x450-1.jpg?fit=800%2C450&ssl=1&resize=350%2C200","width":350,"height":200,"srcset":"https:\/\/i0.wp.com\/www.shqiperia.com\/blog\/wp-content\/uploads\/2023\/01\/shutterstock_1619800495-1-800x450-1.jpg?fit=800%2C450&ssl=1&resize=350%2C200 1x, https:\/\/i0.wp.com\/www.shqiperia.com\/blog\/wp-content\/uploads\/2023\/01\/shutterstock_1619800495-1-800x450-1.jpg?fit=800%2C450&ssl=1&resize=525%2C300 1.5x, https:\/\/i0.wp.com\/www.shqiperia.com\/blog\/wp-content\/uploads\/2023\/01\/shutterstock_1619800495-1-800x450-1.jpg?fit=800%2C450&ssl=1&resize=700%2C400 2x"},"classes":[]}],"_links":{"self":[{"href":"https:\/\/www.shqiperia.com\/blog\/wp-json\/wp\/v2\/posts\/53778","targetHints":{"allow":["GET"]}}],"collection":[{"href":"https:\/\/www.shqiperia.com\/blog\/wp-json\/wp\/v2\/posts"}],"about":[{"href":"https:\/\/www.shqiperia.com\/blog\/wp-json\/wp\/v2\/types\/post"}],"author":[{"embeddable":true,"href":"https:\/\/www.shqiperia.com\/blog\/wp-json\/wp\/v2\/users\/9"}],"replies":[{"embeddable":true,"href":"https:\/\/www.shqiperia.com\/blog\/wp-json\/wp\/v2\/comments?post=53778"}],"version-history":[{"count":1,"href":"https:\/\/www.shqiperia.com\/blog\/wp-json\/wp\/v2\/posts\/53778\/revisions"}],"predecessor-version":[{"id":53780,"href":"https:\/\/www.shqiperia.com\/blog\/wp-json\/wp\/v2\/posts\/53778\/revisions\/53780"}],"wp:featuredmedia":[{"embeddable":true,"href":"https:\/\/www.shqiperia.com\/blog\/wp-json\/wp\/v2\/media\/53779"}],"wp:attachment":[{"href":"https:\/\/www.shqiperia.com\/blog\/wp-json\/wp\/v2\/media?parent=53778"}],"wp:term":[{"taxonomy":"category","embeddable":true,"href":"https:\/\/www.shqiperia.com\/blog\/wp-json\/wp\/v2\/categories?post=53778"},{"taxonomy":"post_tag","embeddable":true,"href":"https:\/\/www.shqiperia.com\/blog\/wp-json\/wp\/v2\/tags?post=53778"}],"curies":[{"name":"wp","href":"https:\/\/api.w.org\/{rel}","templated":true}]}}