{"id":53775,"date":"2022-02-06T10:08:41","date_gmt":"2022-02-06T10:08:41","guid":{"rendered":"https:\/\/www.shqiperia.com\/blog\/?p=53775"},"modified":"2022-02-06T10:08:41","modified_gmt":"2022-02-06T10:08:41","slug":"varianti-omicron-simptomat-tek-femijet-shfaqen-ndryshe-flasin-ekspertet","status":"publish","type":"post","link":"https:\/\/www.shqiperia.com\/blog\/varianti-omicron-simptomat-tek-femijet-shfaqen-ndryshe-flasin-ekspertet\/","title":{"rendered":"Varianti Omicron, simptomat tek f\u00ebmij\u00ebt shfaqen ndryshe, flasin ekspert\u00ebt"},"content":{"rendered":"<p><img data-recalc-dims=\"1\" loading=\"lazy\" decoding=\"async\" data-attachment-id=\"53776\" data-permalink=\"https:\/\/www.shqiperia.com\/blog\/varianti-omicron-simptomat-tek-femijet-shfaqen-ndryshe-flasin-ekspertet\/2-108-905x450\/\" data-orig-file=\"https:\/\/i0.wp.com\/www.shqiperia.com\/blog\/wp-content\/uploads\/2022\/02\/2-108-905x450-1.jpg?fit=905%2C450&amp;ssl=1\" data-orig-size=\"905,450\" data-comments-opened=\"1\" data-image-meta=\"{&quot;aperture&quot;:&quot;0&quot;,&quot;credit&quot;:&quot;&quot;,&quot;camera&quot;:&quot;&quot;,&quot;caption&quot;:&quot;&quot;,&quot;created_timestamp&quot;:&quot;0&quot;,&quot;copyright&quot;:&quot;&quot;,&quot;focal_length&quot;:&quot;0&quot;,&quot;iso&quot;:&quot;0&quot;,&quot;shutter_speed&quot;:&quot;0&quot;,&quot;title&quot;:&quot;&quot;,&quot;orientation&quot;:&quot;0&quot;}\" data-image-title=\"2-108-905&#215;450\" data-image-description=\"\" data-image-caption=\"\" data-medium-file=\"https:\/\/i0.wp.com\/www.shqiperia.com\/blog\/wp-content\/uploads\/2022\/02\/2-108-905x450-1.jpg?fit=300%2C149&amp;ssl=1\" data-large-file=\"https:\/\/i0.wp.com\/www.shqiperia.com\/blog\/wp-content\/uploads\/2022\/02\/2-108-905x450-1.jpg?fit=905%2C450&amp;ssl=1\" class=\"alignnone  wp-image-53776\" alt=\"\" src=\"https:\/\/i0.wp.com\/www.shqiperia.com\/blog\/wp-content\/uploads\/2022\/02\/2-108-905x450-1.jpg?resize=590%2C293&#038;ssl=1\" width=\"590\" height=\"293\" srcset=\"https:\/\/i0.wp.com\/www.shqiperia.com\/blog\/wp-content\/uploads\/2022\/02\/2-108-905x450-1.jpg?resize=300%2C149&amp;ssl=1 300w, https:\/\/i0.wp.com\/www.shqiperia.com\/blog\/wp-content\/uploads\/2022\/02\/2-108-905x450-1.jpg?resize=768%2C382&amp;ssl=1 768w, https:\/\/i0.wp.com\/www.shqiperia.com\/blog\/wp-content\/uploads\/2022\/02\/2-108-905x450-1.jpg?resize=450%2C224&amp;ssl=1 450w, https:\/\/i0.wp.com\/www.shqiperia.com\/blog\/wp-content\/uploads\/2022\/02\/2-108-905x450-1.jpg?resize=600%2C298&amp;ssl=1 600w, https:\/\/i0.wp.com\/www.shqiperia.com\/blog\/wp-content\/uploads\/2022\/02\/2-108-905x450-1.jpg?resize=400%2C199&amp;ssl=1 400w, https:\/\/i0.wp.com\/www.shqiperia.com\/blog\/wp-content\/uploads\/2022\/02\/2-108-905x450-1.jpg?w=905&amp;ssl=1 905w\" sizes=\"auto, (max-width: 590px) 100vw, 590px\" \/><\/p>\n<p>Varianti Omicron, simptomat tek f\u00ebmij\u00ebt shfaqen ndryshe, flasin ekspert\u00ebt<\/p>\n<p>5 shkurt 2022<\/p>\n<p>Rreth 20% e 5 milion e 300 mij\u00eb f\u00ebmij\u00ebve t\u00eb mosh\u00ebs nga 5 \u2013 11 vje\u00e7 jan\u00eb vaksinuar t\u00eb pakt\u00ebn me nj\u00eb doz\u00eb, dhe rreth 60% e adoleshent\u00ebve deri n\u00eb 17 vje\u00e7 me t\u00eb dy dozat.<\/p>\n<p>Simptomat kryesore tek f\u00ebmij\u00ebt e prekur nga varianti Omicron shfaqen me probleme n\u00eb stomak. Nj\u00eb spital pediatrik n\u00eb Gjermani konfirmoi se koha e q\u00ebndrimit n\u00eb spital p\u00ebr f\u00ebmij\u00ebt \u00ebsht\u00eb reduktuar dhe asnjeri prej tyre nuk ka pasur probleme me frym\u00ebmarrjen.<\/p>\n<p>Simptoma t\u00eb ndryshme q\u00eb duhen trajtuar n\u00eb m\u00ebnyra t\u00eb ndryshme: n\u00eb spitalin pediatrik n\u00eb Bon t\u00eb Gjermanis\u00eb, f\u00ebmij\u00ebt e shtruar p\u00ebr shkak t\u00eb infektimit me Covid, me variantin omikron, prezantojn\u00eb nj\u00eb kuad\u00ebr klinik t\u00eb paprecedent\u00eb.<\/p>\n<p>N\u00eb t\u00eb nj\u00ebjt\u00ebn koh\u00eb, q\u00ebndrimi n\u00eb spital p\u00ebr pacient\u00ebt e vegj\u00ebl, \u00ebsht\u00eb reduktuar.<\/p>\n<p>Mjek\u00ebt gjerman\u00eb shpjegojn\u00eb se kjo s\u00ebmundje shkakton kryesisht probleme me stomakun apo patologji t\u00eb p\u00ebrgjithshme. F\u00ebmij\u00ebt duket sikur kan\u00eb nj\u00eb helmim t\u00eb gjakut, kan\u00eb dhimbje dhe kan\u00eb nevoj\u00eb p\u00ebr transfuzion. Nuk han\u00eb, as nuk pin\u00eb, por nuk kan\u00eb probleme me frym\u00ebmarrjen.<\/p>\n<p>Patologjit\u00eb m\u00eb t\u00eb r\u00ebnda me frym\u00ebmarrjen q\u00eb regjistroheshin gjat\u00eb val\u00ebs s\u00eb par\u00eb t\u00eb Covid, me f\u00ebmij\u00ebt t\u00eb cil\u00ebt q\u00ebndronin me jav\u00eb n\u00eb terapi intensive, nuk ekzistojn\u00eb m\u00eb.<\/p>\n<p>Por pandemia dhe pasojat e saj kan\u00eb shkaktuar vuajtje psikologjike tek m\u00eb t\u00eb vegjlit. Jan\u00eb gjithnj\u00eb e m\u00eb shum\u00eb f\u00ebmij\u00ebt t\u00eb cil\u00ebt vuajn\u00eb nga anoreksia dhe s\u00ebmuren deri n\u00eb pik\u00ebn q\u00eb k\u00ebrkohet shtrimi n\u00eb spital. N\u00eb qendr\u00ebn e vaksinimit p\u00ebr f\u00ebmij\u00ebt n\u00eb k\u00ebt\u00eb spital, jan\u00eb dh\u00ebn\u00eb m\u00eb shum\u00eb se 6 mij\u00eb doza deri tani. Rreth 20% e 5 milion e 300 mij\u00eb f\u00ebmij\u00ebve t\u00eb mosh\u00ebs nga 5 \u2013 11 vje\u00e7 jan\u00eb vaksinuar t\u00eb pakt\u00ebn me nj\u00eb doz\u00eb, dhe rreth 60% e adoleshent\u00ebve deri n\u00eb 17 vje\u00e7 me t\u00eb dy dozat.<\/p>\n<p>Gazeta Dita<\/p>\n","protected":false},"excerpt":{"rendered":"<p>Varianti Omicron, simptomat tek f\u00ebmij\u00ebt shfaqen ndryshe, flasin ekspert\u00ebt 5 shkurt 2022 Rreth 20% e 5 milion e 300 mij\u00eb f\u00ebmij\u00ebve t\u00eb mosh\u00ebs nga 5 \u2013 11 vje\u00e7 jan\u00eb vaksinuar t\u00eb pakt\u00ebn me nj\u00eb doz\u00eb, dhe rreth 60% e adoleshent\u00ebve deri n\u00eb 17 vje\u00e7 me t\u00eb dy dozat. Simptomat kryesore tek f\u00ebmij\u00ebt e prekur nga [&hellip;]<\/p>\n","protected":false},"author":9,"featured_media":53776,"comment_status":"open","ping_status":"open","sticky":false,"template":"","format":"standard","meta":{"jetpack_post_was_ever_published":false,"_jetpack_newsletter_access":"","_jetpack_dont_email_post_to_subs":false,"_jetpack_newsletter_tier_id":0,"_jetpack_memberships_contains_paywalled_content":false,"_jetpack_memberships_contains_paid_content":false,"footnotes":"","jetpack_publicize_message":"","jetpack_publicize_feature_enabled":true,"jetpack_social_post_already_shared":true,"jetpack_social_options":{"image_generator_settings":{"template":"highway","default_image_id":0,"font":"","enabled":false},"version":2}},"categories":[27,35],"tags":[],"class_list":["post-53775","post","type-post","status-publish","format-standard","has-post-thumbnail","hentry","category-blogu-i-udhetarit","category-shoqerore"],"jetpack_publicize_connections":[],"jetpack_featured_media_url":"https:\/\/i0.wp.com\/www.shqiperia.com\/blog\/wp-content\/uploads\/2022\/02\/2-108-905x450-1.jpg?fit=905%2C450&ssl=1","jetpack_sharing_enabled":true,"jetpack_shortlink":"https:\/\/wp.me\/p5Z6wp-dZl","jetpack-related-posts":[{"id":49328,"url":"https:\/\/www.shqiperia.com\/blog\/si-e-ka-ndryshuar-delta-situaten-nese-nje-person-me-covid-infektonte-dy-te-tjere-tani-ja-cilat-jane-simptomat-qe-shfaqen-tek-femijet\/","url_meta":{"origin":53775,"position":0},"title":"Si e ka ndryshuar \u2018Delta\u2019 situat\u00ebn: &#8211; \u00a0N\u00ebse nj\u00eb person me Covid, infektonte dy t\u00eb tjer\u00eb, tani\u2026 &#8211; Ja cilat jan\u00eb simptomat q\u00eb shfaqen tek f\u00ebmij\u00ebt","author":"Kurt Farka","date":"August 25, 2021","format":false,"excerpt":"Si e ka ndryshuar \u2018Delta\u2019 situat\u00ebn: - \u00a0N\u00ebse nj\u00eb person me Covid, infektonte dy t\u00eb tjer\u00eb, tani\u2026 - Ja cilat jan\u00eb simptomat q\u00eb shfaqen tek f\u00ebmij\u00ebt 25 gusht 2021 Jav\u00ebve t\u00eb fundit, Kosova po regjistron rritje t\u00eb rasteve me koronavirus, teksa varianti Delta \u2013 q\u00eb \u00ebsht\u00eb variant m\u00eb ngjit\u00ebs \u2013\u2026","rel":"","context":"In &quot;Njoftime Shtypi&quot;","block_context":{"text":"Njoftime Shtypi","link":"https:\/\/www.shqiperia.com\/blog\/category\/njoftime-shtypi\/"},"img":{"alt_text":"","src":"https:\/\/i0.wp.com\/www.shqiperia.com\/blog\/wp-content\/uploads\/2021\/08\/delta.jpg?fit=675%2C344&ssl=1&resize=350%2C200","width":350,"height":200,"srcset":"https:\/\/i0.wp.com\/www.shqiperia.com\/blog\/wp-content\/uploads\/2021\/08\/delta.jpg?fit=675%2C344&ssl=1&resize=350%2C200 1x, https:\/\/i0.wp.com\/www.shqiperia.com\/blog\/wp-content\/uploads\/2021\/08\/delta.jpg?fit=675%2C344&ssl=1&resize=525%2C300 1.5x"},"classes":[]},{"id":47966,"url":"https:\/\/www.shqiperia.com\/blog\/studimi-ne-shba-rreth-25-e-pacienteve-me-covid-kane-simptoma-afatgjata\/","url_meta":{"origin":53775,"position":1},"title":"Studimi n\u00eb SHBA: &#8211; Rreth 25% e pacient\u00ebve me COVID kan\u00eb simptoma afatgjata","author":"Kurt Farka","date":"June 17, 2021","format":false,"excerpt":"Studimi n\u00eb SHBA: - Rreth 25% e pacient\u00ebve me COVID kan\u00eb simptoma afatgjata 16\/06\/2021 \u00a0\u00a0\u00a0 Nj\u00eb studim i ri n\u00eb Shtetet e Bashkuara zbulon se rreth 25 p\u00ebr qind e pacient\u00ebve me COVID-19 kan\u00eb p\u00ebrjetuan probleme t\u00eb reja sh\u00ebndet\u00ebsore pas nj\u00eb periudhe t\u00eb konsiderueshme kohore nga diagnostikimi fillestar. Grupi jofitimprur\u00ebs\u2026","rel":"","context":"In &quot;Blogu i Udh\u00ebtarit&quot;","block_context":{"text":"Blogu i Udh\u00ebtarit","link":"https:\/\/www.shqiperia.com\/blog\/category\/blogu-i-udhetarit\/"},"img":{"alt_text":"","src":"https:\/\/i0.wp.com\/www.shqiperia.com\/blog\/wp-content\/uploads\/2021\/06\/Covid-3-750x375-1.jpg?fit=750%2C375&ssl=1&resize=350%2C200","width":350,"height":200,"srcset":"https:\/\/i0.wp.com\/www.shqiperia.com\/blog\/wp-content\/uploads\/2021\/06\/Covid-3-750x375-1.jpg?fit=750%2C375&ssl=1&resize=350%2C200 1x, https:\/\/i0.wp.com\/www.shqiperia.com\/blog\/wp-content\/uploads\/2021\/06\/Covid-3-750x375-1.jpg?fit=750%2C375&ssl=1&resize=525%2C300 1.5x, https:\/\/i0.wp.com\/www.shqiperia.com\/blog\/wp-content\/uploads\/2021\/06\/Covid-3-750x375-1.jpg?fit=750%2C375&ssl=1&resize=700%2C400 2x"},"classes":[]},{"id":57497,"url":"https:\/\/www.shqiperia.com\/blog\/semundja-qe-po-qarkullon-me-shpejtesi-be-e-shqetesuar-leshon-alarmin-ja-simptomat\/","url_meta":{"origin":53775,"position":2},"title":"S\u00ebmundja q\u00eb po qarkullon me shpejt\u00ebsi! BE e shqet\u00ebsuar l\u00ebshon alarmin: &#8211; Ja simptomat","author":"Kurt Farka","date":"May 2, 2022","format":false,"excerpt":"S\u00ebmundja q\u00eb po qarkullon me shpejt\u00ebsi! BE e shqet\u00ebsuar l\u00ebshon alarmin: - Ja simptomat 2 MAJ 2022 Pas shfaqjes radhazi t\u00eb rasteve me hepatit akut n\u00eb Europ\u00eb, SHBA, Izrael dhe Japoni, Autoriteti Sh\u00ebndet\u00ebsor i BE, ECDC shprehet i shqet\u00ebsuar. P\u00ebr shkak t\u00eb shkaktarit t\u00eb panjohur t\u00eb s\u00ebmundjeve b\u00ebhet fjal\u00eb p\u00ebr\u2026","rel":"","context":"In &quot;Njoftime Shtypi&quot;","block_context":{"text":"Njoftime Shtypi","link":"https:\/\/www.shqiperia.com\/blog\/category\/njoftime-shtypi\/"},"img":{"alt_text":"","src":"https:\/\/i0.wp.com\/www.shqiperia.com\/blog\/wp-content\/uploads\/2022\/05\/hepatit-akut.png?fit=800%2C481&ssl=1&resize=350%2C200","width":350,"height":200,"srcset":"https:\/\/i0.wp.com\/www.shqiperia.com\/blog\/wp-content\/uploads\/2022\/05\/hepatit-akut.png?fit=800%2C481&ssl=1&resize=350%2C200 1x, https:\/\/i0.wp.com\/www.shqiperia.com\/blog\/wp-content\/uploads\/2022\/05\/hepatit-akut.png?fit=800%2C481&ssl=1&resize=525%2C300 1.5x, https:\/\/i0.wp.com\/www.shqiperia.com\/blog\/wp-content\/uploads\/2022\/05\/hepatit-akut.png?fit=800%2C481&ssl=1&resize=700%2C400 2x"},"classes":[]},{"id":57776,"url":"https:\/\/www.shqiperia.com\/blog\/hepatiti-qe-po-vret-femijet-gjithcka-duhet-te-dini-per-virusin-e-pashpjegueshem-qe-ka-cuditur-dhe-mjeket\/","url_meta":{"origin":53775,"position":3},"title":"Hepatiti q\u00eb po &#8216;vret&#8217; f\u00ebmij\u00ebt\/ Gjith\u00e7ka duhet t\u00eb dini p\u00ebr virusin e pashpjeguesh\u00ebm q\u00eb ka \u00e7uditur dhe mjek\u00ebt","author":"Kurt Farka","date":"May 10, 2022","format":false,"excerpt":"\u00a010 MAJ 2022 Qendra p\u00ebr Kontrollin dhe Parandalimin e S\u00ebmundjeve (CDC) n\u00eb SHBA po heton rastet e hepatitit t\u00eb pashpjeguesh\u00ebm tek f\u00ebmij\u00ebt. Rreth 109 raste jan\u00eb n\u00ebn hetim. T\u00eb premten, CDC raportoi se k\u00ebto raste kan\u00eb prekur f\u00ebmij\u00eb n\u00eb 25 shtete. Pothuajse t\u00eb gjith\u00eb f\u00ebmij\u00ebt duhej t\u00eb shtroheshin n\u00eb spital,\u2026","rel":"","context":"In &quot;Blogu i Udh\u00ebtarit&quot;","block_context":{"text":"Blogu i Udh\u00ebtarit","link":"https:\/\/www.shqiperia.com\/blog\/category\/blogu-i-udhetarit\/"},"img":{"alt_text":"","src":"https:\/\/i0.wp.com\/www.shqiperia.com\/blog\/wp-content\/uploads\/2022\/05\/640-0-627aa4330309b.jpg?fit=640%2C360&ssl=1&resize=350%2C200","width":350,"height":200,"srcset":"https:\/\/i0.wp.com\/www.shqiperia.com\/blog\/wp-content\/uploads\/2022\/05\/640-0-627aa4330309b.jpg?fit=640%2C360&ssl=1&resize=350%2C200 1x, https:\/\/i0.wp.com\/www.shqiperia.com\/blog\/wp-content\/uploads\/2022\/05\/640-0-627aa4330309b.jpg?fit=640%2C360&ssl=1&resize=525%2C300 1.5x"},"classes":[]},{"id":58379,"url":"https:\/\/www.shqiperia.com\/blog\/lia-e-majmuneve-ekspertet-keshilla-te-infektuarve-shmangni-marredheniet\/","url_meta":{"origin":53775,"position":4},"title":"Lia e majmun\u00ebve\/ Ekspert\u00ebt k\u00ebshilla t\u00eb infektuarve: Shmangni marr\u00ebdh\u00ebniet&#8230;","author":"Kurt Farka","date":"May 31, 2022","format":false,"excerpt":"30 maj 2022 ... Nj\u00eb lloj i p\u00ebrhapur n\u00eb Kongo ka m\u00eb tep\u00ebr gjasa t\u00eb jet\u00eb vdekjeprur\u00ebs sesa varianti i Afrik\u00ebs Per\u00ebndimore. Personat q\u00eb jan\u00eb infektuar me lin\u00eb e majmun\u00ebve rekomandohet t\u00eb izolohen n\u00eb sht\u00ebpi, p\u00ebr sa koh\u00eb q\u00eb nuk kan\u00eb simptoma serioze dhe marrin masa paraprake duke kufizuar kontaktet\u2026","rel":"","context":"In &quot;Blogu i Udh\u00ebtarit&quot;","block_context":{"text":"Blogu i Udh\u00ebtarit","link":"https:\/\/www.shqiperia.com\/blog\/category\/blogu-i-udhetarit\/"},"img":{"alt_text":"","src":"https:\/\/i0.wp.com\/www.shqiperia.com\/blog\/wp-content\/uploads\/2022\/05\/23_05_2022_14794331_23_05_2022_7822612_lija.jpg?fit=1200%2C660&ssl=1&resize=350%2C200","width":350,"height":200,"srcset":"https:\/\/i0.wp.com\/www.shqiperia.com\/blog\/wp-content\/uploads\/2022\/05\/23_05_2022_14794331_23_05_2022_7822612_lija.jpg?fit=1200%2C660&ssl=1&resize=350%2C200 1x, https:\/\/i0.wp.com\/www.shqiperia.com\/blog\/wp-content\/uploads\/2022\/05\/23_05_2022_14794331_23_05_2022_7822612_lija.jpg?fit=1200%2C660&ssl=1&resize=525%2C300 1.5x, https:\/\/i0.wp.com\/www.shqiperia.com\/blog\/wp-content\/uploads\/2022\/05\/23_05_2022_14794331_23_05_2022_7822612_lija.jpg?fit=1200%2C660&ssl=1&resize=700%2C400 2x, https:\/\/i0.wp.com\/www.shqiperia.com\/blog\/wp-content\/uploads\/2022\/05\/23_05_2022_14794331_23_05_2022_7822612_lija.jpg?fit=1200%2C660&ssl=1&resize=1050%2C600 3x"},"classes":[]},{"id":51055,"url":"https:\/\/www.shqiperia.com\/blog\/kujdes-po-qarkullon-nje-virus-shume-ngjites-tek-femijet-mjeku-i-njohur-del-me-apelin-e-rendesishem-dhe-sqaron-simptomat\/","url_meta":{"origin":53775,"position":5},"title":"\u201cKujdes, po qarkullon nj\u00eb virus shum\u00eb ngjit\u00ebs tek f\u00ebmij\u00ebt\u201d, mjeku i njohur del me apelin e r\u00ebnd\u00ebsish\u00ebm dhe sqaron simptomat","author":"Kurt Farka","date":"November 3, 2021","format":false,"excerpt":"\u201cKujdes, po qarkullon nj\u00eb virus shum\u00eb ngjit\u00ebs tek f\u00ebmij\u00ebt\u201d, mjeku i njohur del me apelin e r\u00ebnd\u00ebsish\u00ebm dhe sqaron simptomat 3 N\u00cbNTOR 2021 Stina e vjesht\u00ebs ka rikthyer edhe virozat tek f\u00ebmij\u00ebt. Shefi i pavionit t\u00eb pediatris\u00eb n\u00eb spitalin e Kor\u00e7\u00ebs Rober Rado b\u00ebn t\u00eb ditur se n\u00eb k\u00ebt\u00eb pavion\u2026","rel":"","context":"In &quot;Blogu i Udh\u00ebtarit&quot;","block_context":{"text":"Blogu i Udh\u00ebtarit","link":"https:\/\/www.shqiperia.com\/blog\/category\/blogu-i-udhetarit\/"},"img":{"alt_text":"","src":"https:\/\/i0.wp.com\/www.shqiperia.com\/blog\/wp-content\/uploads\/2021\/11\/Rober-Rado.png?fit=800%2C453&ssl=1&resize=350%2C200","width":350,"height":200,"srcset":"https:\/\/i0.wp.com\/www.shqiperia.com\/blog\/wp-content\/uploads\/2021\/11\/Rober-Rado.png?fit=800%2C453&ssl=1&resize=350%2C200 1x, https:\/\/i0.wp.com\/www.shqiperia.com\/blog\/wp-content\/uploads\/2021\/11\/Rober-Rado.png?fit=800%2C453&ssl=1&resize=525%2C300 1.5x, https:\/\/i0.wp.com\/www.shqiperia.com\/blog\/wp-content\/uploads\/2021\/11\/Rober-Rado.png?fit=800%2C453&ssl=1&resize=700%2C400 2x"},"classes":[]}],"_links":{"self":[{"href":"https:\/\/www.shqiperia.com\/blog\/wp-json\/wp\/v2\/posts\/53775","targetHints":{"allow":["GET"]}}],"collection":[{"href":"https:\/\/www.shqiperia.com\/blog\/wp-json\/wp\/v2\/posts"}],"about":[{"href":"https:\/\/www.shqiperia.com\/blog\/wp-json\/wp\/v2\/types\/post"}],"author":[{"embeddable":true,"href":"https:\/\/www.shqiperia.com\/blog\/wp-json\/wp\/v2\/users\/9"}],"replies":[{"embeddable":true,"href":"https:\/\/www.shqiperia.com\/blog\/wp-json\/wp\/v2\/comments?post=53775"}],"version-history":[{"count":1,"href":"https:\/\/www.shqiperia.com\/blog\/wp-json\/wp\/v2\/posts\/53775\/revisions"}],"predecessor-version":[{"id":53777,"href":"https:\/\/www.shqiperia.com\/blog\/wp-json\/wp\/v2\/posts\/53775\/revisions\/53777"}],"wp:featuredmedia":[{"embeddable":true,"href":"https:\/\/www.shqiperia.com\/blog\/wp-json\/wp\/v2\/media\/53776"}],"wp:attachment":[{"href":"https:\/\/www.shqiperia.com\/blog\/wp-json\/wp\/v2\/media?parent=53775"}],"wp:term":[{"taxonomy":"category","embeddable":true,"href":"https:\/\/www.shqiperia.com\/blog\/wp-json\/wp\/v2\/categories?post=53775"},{"taxonomy":"post_tag","embeddable":true,"href":"https:\/\/www.shqiperia.com\/blog\/wp-json\/wp\/v2\/tags?post=53775"}],"curies":[{"name":"wp","href":"https:\/\/api.w.org\/{rel}","templated":true}]}}