{"id":53771,"date":"2022-02-06T08:02:58","date_gmt":"2022-02-06T08:02:58","guid":{"rendered":"https:\/\/www.shqiperia.com\/blog\/?p=53771"},"modified":"2022-02-06T08:02:58","modified_gmt":"2022-02-06T08:02:58","slug":"naften-e-paguajme-si-zvicerane-rrogen-si-afrikane","status":"publish","type":"post","link":"https:\/\/www.shqiperia.com\/blog\/naften-e-paguajme-si-zvicerane-rrogen-si-afrikane\/","title":{"rendered":"Naft\u00ebn e paguajm\u00eb si zviceran\u00eb, rrog\u00ebn si afrikan\u00eb"},"content":{"rendered":"<p><img data-recalc-dims=\"1\" loading=\"lazy\" decoding=\"async\" data-attachment-id=\"53772\" data-permalink=\"https:\/\/www.shqiperia.com\/blog\/naften-e-paguajme-si-zvicerane-rrogen-si-afrikane\/640-0-61face1cd7b45\/\" data-orig-file=\"https:\/\/i0.wp.com\/www.shqiperia.com\/blog\/wp-content\/uploads\/2022\/02\/640-0-61face1cd7b45.jpg?fit=640%2C359&amp;ssl=1\" data-orig-size=\"640,359\" data-comments-opened=\"1\" data-image-meta=\"{&quot;aperture&quot;:&quot;0&quot;,&quot;credit&quot;:&quot;&quot;,&quot;camera&quot;:&quot;&quot;,&quot;caption&quot;:&quot;&quot;,&quot;created_timestamp&quot;:&quot;0&quot;,&quot;copyright&quot;:&quot;&quot;,&quot;focal_length&quot;:&quot;0&quot;,&quot;iso&quot;:&quot;0&quot;,&quot;shutter_speed&quot;:&quot;0&quot;,&quot;title&quot;:&quot;&quot;,&quot;orientation&quot;:&quot;0&quot;}\" data-image-title=\"-640-0-61face1cd7b45\" data-image-description=\"\" data-image-caption=\"\" data-medium-file=\"https:\/\/i0.wp.com\/www.shqiperia.com\/blog\/wp-content\/uploads\/2022\/02\/640-0-61face1cd7b45.jpg?fit=300%2C168&amp;ssl=1\" data-large-file=\"https:\/\/i0.wp.com\/www.shqiperia.com\/blog\/wp-content\/uploads\/2022\/02\/640-0-61face1cd7b45.jpg?fit=640%2C359&amp;ssl=1\" class=\"alignnone  wp-image-53772\" alt=\"\" src=\"https:\/\/i0.wp.com\/www.shqiperia.com\/blog\/wp-content\/uploads\/2022\/02\/640-0-61face1cd7b45.jpg?resize=632%2C354&#038;ssl=1\" width=\"632\" height=\"354\" srcset=\"https:\/\/i0.wp.com\/www.shqiperia.com\/blog\/wp-content\/uploads\/2022\/02\/640-0-61face1cd7b45.jpg?resize=300%2C168&amp;ssl=1 300w, https:\/\/i0.wp.com\/www.shqiperia.com\/blog\/wp-content\/uploads\/2022\/02\/640-0-61face1cd7b45.jpg?resize=450%2C252&amp;ssl=1 450w, https:\/\/i0.wp.com\/www.shqiperia.com\/blog\/wp-content\/uploads\/2022\/02\/640-0-61face1cd7b45.jpg?resize=600%2C337&amp;ssl=1 600w, https:\/\/i0.wp.com\/www.shqiperia.com\/blog\/wp-content\/uploads\/2022\/02\/640-0-61face1cd7b45.jpg?resize=400%2C224&amp;ssl=1 400w, https:\/\/i0.wp.com\/www.shqiperia.com\/blog\/wp-content\/uploads\/2022\/02\/640-0-61face1cd7b45.jpg?w=640&amp;ssl=1 640w\" sizes=\"auto, (max-width: 632px) 100vw, 632px\" \/><\/p>\n<p>Naft\u00ebn e paguajm\u00eb si zviceran\u00eb, rrog\u00ebn si afrikan\u00eb<\/p>\n<p>2 SHKURT 2022<\/p>\n<p>Sa her\u00eb q\u00eb ka nj\u00eb rritje t\u00eb \u00e7mimit t\u00eb karburanteve n\u00eb Shqip\u00ebri, qeveria ka lar\u00eb duart duke e gjetur fajtorin jasht\u00eb kufijve p\u00ebrmes fjal\u00ebve t\u00eb zakonshme se \u00e7mimi p\u00ebrcaktohej nga \u201ctregjet nd\u00ebrkomb\u00ebtare\u201d.<\/p>\n<p>T\u00eb nj\u00ebjtin justifikim p\u00ebrdori edhe k\u00ebt\u00eb radh\u00eb ministrja e Financave dhe Ekonomis\u00eb, Delina Ibrahimaj kur u pyet mbi \u00e7mimin rekord t\u00eb naft\u00ebs, q\u00eb k\u00ebto dit\u00eb i \u00ebsht\u00eb afruar 200 lek\u00ebshit.<\/p>\n<p>\u201cOperojm\u00eb n\u00eb nj\u00eb treg t\u00eb lir\u00eb, s\u2019mund t\u00eb nd\u00ebrhyjm\u00eb p\u00ebr t\u00eb caktuar \u00e7mimet\u201d, tha Ibrahimaj. Kur u pyet n\u00ebse Qeveria mund t\u00eb mendoj\u00eb q\u00eb t\u00eb rishikoj\u00eb taksat e vendosura mbi karburantet, ajo e hodhi posht\u00eb duke th\u00ebn\u00eb se \u201ctaksat nuk mund t\u00eb ndryshohen sa her\u00eb q\u00eb kan\u00eb luhatje tregjet\u201d.<\/p>\n<p>Ministrja parashikoi se luhatja \u00ebsht\u00eb e p\u00ebrkohshme dhe shqiptar\u00ebt do t\u00eb duhet t\u00eb presin deri n\u00eb qershor p\u00ebr t\u00eb par\u00eb uljen e \u00e7mimeve. Deri at\u00ebher\u00eb ka shum\u00eb t\u00eb panjohura, por ajo q\u00eb \u00ebsht\u00eb e ditur sot \u00ebsht\u00eb q\u00eb shqiptar\u00ebt e paguan nj\u00eb lit\u00ebr naft\u00eb po aq sa zviceran\u00ebt.<\/p>\n<p>N\u00eb Shqip\u00ebri, nj\u00eb lit\u00ebr naft\u00eb shkoi deri n\u00eb 198 lek p\u00ebr lit\u00ebr n\u00eb disa pika karburanti, ose rreth 1.6 euro. N\u00eb Zvic\u00ebr, nj\u00eb lit\u00ebr naft\u00eb u shit me 1.61 euro. Pse ky krahasim me Zvicr\u00ebn? Zvicra ka nj\u00eb sistem t\u00eb ngjash\u00ebm taksimi dhe si shembull rr\u00ebzon edhe alibin\u00eb e qeveris\u00eb shqiptare, q\u00eb thot\u00eb se \u00e7mimi i lart\u00eb i naft\u00ebs n\u00eb Shqip\u00ebri \u00ebsht\u00eb se ka t\u00eb p\u00ebrfshir\u00eb edhe taks\u00ebn e qarkullimit.<\/p>\n<p>Prej 1 janarit 2022, nj\u00eb lit\u00ebr naft\u00eb n\u00eb Zvic\u00ebr taksohet me 80 cent, nd\u00ebrsa n\u00eb Shqip\u00ebri taksimi aktualisht \u00ebsht\u00eb n\u00eb 105 lek p\u00ebr lit\u00ebr. Kjo do t\u00eb thot\u00eb se p\u00ebr nga niveli taksat n\u00eb Shqip\u00ebri jan\u00eb t\u00eb nj\u00ebjta si n\u00eb Zvic\u00ebr.<\/p>\n<p>Dallimi i madh \u00ebsht\u00eb se nj\u00eb zviceran paguhet rreth 7 mij\u00eb euro si pag\u00eb mesatare, nd\u00ebrsa n\u00eb Shqip\u00ebri paga mesatare llogaritet n\u00eb rreth 500 mij\u00eb lek, ose 435 euro. Pra, nj\u00eb zviceran mesatar e blen po aq shtrenjt\u00eb dhe po me aq taksa naft\u00ebn sa nj\u00eb shqiptar mesatar, pa p\u00ebrmendur k\u00ebtu faktin q\u00eb Shqip\u00ebria \u00ebsht\u00eb nd\u00ebr vendet prodhuese t\u00eb naft\u00ebs n\u00eb Europ\u00eb dhe me fush\u00ebn naft\u00ebmbajt\u00ebse m\u00eb t\u00eb madhe kontinental\u00eb, at\u00eb t\u00eb Patos-Marinz\u00ebs.<\/p>\n<p><img data-recalc-dims=\"1\" loading=\"lazy\" decoding=\"async\" data-attachment-id=\"53773\" data-permalink=\"https:\/\/www.shqiperia.com\/blog\/naften-e-paguajme-si-zvicerane-rrogen-si-afrikane\/640-0-61facde21a27c\/\" data-orig-file=\"https:\/\/i0.wp.com\/www.shqiperia.com\/blog\/wp-content\/uploads\/2022\/02\/640-0-61facde21a27c.jpeg?fit=640%2C853&amp;ssl=1\" data-orig-size=\"640,853\" data-comments-opened=\"1\" data-image-meta=\"{&quot;aperture&quot;:&quot;0&quot;,&quot;credit&quot;:&quot;&quot;,&quot;camera&quot;:&quot;&quot;,&quot;caption&quot;:&quot;&quot;,&quot;created_timestamp&quot;:&quot;0&quot;,&quot;copyright&quot;:&quot;&quot;,&quot;focal_length&quot;:&quot;0&quot;,&quot;iso&quot;:&quot;0&quot;,&quot;shutter_speed&quot;:&quot;0&quot;,&quot;title&quot;:&quot;&quot;,&quot;orientation&quot;:&quot;0&quot;}\" data-image-title=\"-640-0-61facde21a27c\" data-image-description=\"\" data-image-caption=\"\" data-medium-file=\"https:\/\/i0.wp.com\/www.shqiperia.com\/blog\/wp-content\/uploads\/2022\/02\/640-0-61facde21a27c.jpeg?fit=225%2C300&amp;ssl=1\" data-large-file=\"https:\/\/i0.wp.com\/www.shqiperia.com\/blog\/wp-content\/uploads\/2022\/02\/640-0-61facde21a27c.jpeg?fit=640%2C853&amp;ssl=1\" class=\"alignnone  wp-image-53773\" alt=\"\" src=\"https:\/\/i0.wp.com\/www.shqiperia.com\/blog\/wp-content\/uploads\/2022\/02\/640-0-61facde21a27c.jpeg?resize=519%2C689&#038;ssl=1\" width=\"519\" height=\"689\" \/><\/p>\n<p>Po me rajonin? Shqip\u00ebria del me \u00e7mimin m\u00eb t\u00eb lart\u00eb edhe n\u00ebse krahasohet me vendet p\u00ebrreth, me p\u00ebrjashtim t\u00eb Greqis\u00eb. N\u00eb Serbi, nj\u00eb lit\u00ebr naft\u00eb u shit me 1.5 euro, n\u00eb Maqedonin\u00eb e Veriut 1.33 euro dhe Kosova 1.55 euro.\/ VoxNews<\/p>\n<p>Nga Gazeta Shqip<\/p>\n","protected":false},"excerpt":{"rendered":"<p>Naft\u00ebn e paguajm\u00eb si zviceran\u00eb, rrog\u00ebn si afrikan\u00eb 2 SHKURT 2022 Sa her\u00eb q\u00eb ka nj\u00eb rritje t\u00eb \u00e7mimit t\u00eb karburanteve n\u00eb Shqip\u00ebri, qeveria ka lar\u00eb duart duke e gjetur fajtorin jasht\u00eb kufijve p\u00ebrmes fjal\u00ebve t\u00eb zakonshme se \u00e7mimi p\u00ebrcaktohej nga \u201ctregjet nd\u00ebrkomb\u00ebtare\u201d. T\u00eb nj\u00ebjtin justifikim p\u00ebrdori edhe k\u00ebt\u00eb radh\u00eb ministrja e Financave dhe Ekonomis\u00eb, [&hellip;]<\/p>\n","protected":false},"author":9,"featured_media":53772,"comment_status":"open","ping_status":"open","sticky":false,"template":"","format":"standard","meta":{"jetpack_post_was_ever_published":false,"_jetpack_newsletter_access":"","_jetpack_dont_email_post_to_subs":false,"_jetpack_newsletter_tier_id":0,"_jetpack_memberships_contains_paywalled_content":false,"_jetpack_memberships_contains_paid_content":false,"footnotes":"","jetpack_publicize_message":"","jetpack_publicize_feature_enabled":true,"jetpack_social_post_already_shared":true,"jetpack_social_options":{"image_generator_settings":{"template":"highway","default_image_id":0,"font":"","enabled":false},"version":2}},"categories":[27,35],"tags":[],"class_list":["post-53771","post","type-post","status-publish","format-standard","has-post-thumbnail","hentry","category-blogu-i-udhetarit","category-shoqerore"],"jetpack_publicize_connections":[],"jetpack_featured_media_url":"https:\/\/i0.wp.com\/www.shqiperia.com\/blog\/wp-content\/uploads\/2022\/02\/640-0-61face1cd7b45.jpg?fit=640%2C359&ssl=1","jetpack_sharing_enabled":true,"jetpack_shortlink":"https:\/\/wp.me\/p5Z6wp-dZh","jetpack-related-posts":[{"id":59566,"url":"https:\/\/www.shqiperia.com\/blog\/protesta-e-7-korrikut-jep-efekte-qe-pa-filluar-qeveria-premton-uljen-e-taksave-per-naften\/","url_meta":{"origin":53771,"position":0},"title":"Protesta e 7 Korrikut jep efekte qe pa filluar: &#8211; Qeveria premton uljen e taksave p\u00ebr naft\u00ebn &#8230;","author":"Kurt Farka","date":"June 30, 2022","format":false,"excerpt":"- 30 Qershor 2022 Kur foli n\u00eb parlament p\u00ebr aktin normativ q\u00eb b\u00ebn gati 6 miliard lek\u00eb p\u00ebr t\u00eb ndihmuar kompanit\u00eb q\u00eb kan\u00eb fituar tendera publik\u00eb, Ministrja e Financave, Delina Ibrahimi tha se s\u00eb shpejti do t\u00eb ket\u00eb reduktim t\u00eb taksave p\u00ebr karburantet. \u201cJemi cituar se \u00e7mimet e karburanteve jan\u00eb\u2026","rel":"","context":"In &quot;Blogu i Udh\u00ebtarit&quot;","block_context":{"text":"Blogu i Udh\u00ebtarit","link":"https:\/\/www.shqiperia.com\/blog\/category\/blogu-i-udhetarit\/"},"img":{"alt_text":"","src":"https:\/\/i0.wp.com\/www.shqiperia.com\/blog\/wp-content\/uploads\/2022\/06\/fguj-770x433-1.png?fit=676%2C360&ssl=1&resize=350%2C200","width":350,"height":200,"srcset":"https:\/\/i0.wp.com\/www.shqiperia.com\/blog\/wp-content\/uploads\/2022\/06\/fguj-770x433-1.png?fit=676%2C360&ssl=1&resize=350%2C200 1x, https:\/\/i0.wp.com\/www.shqiperia.com\/blog\/wp-content\/uploads\/2022\/06\/fguj-770x433-1.png?fit=676%2C360&ssl=1&resize=525%2C300 1.5x"},"classes":[]},{"id":55607,"url":"https:\/\/www.shqiperia.com\/blog\/perfundon-mbledhja-e-bordit-ibrahimaj-nuk-mund-te-kontrollojme-cmimin\/","url_meta":{"origin":53771,"position":1},"title":"P\u00ebrfundon mbledhja e Bordit. \u00a0Ibrahimaj: &#8211; Nuk mund t\u00eb kontrollojm\u00eb \u00e7mimin","author":"Kurt Farka","date":"March 19, 2022","format":false,"excerpt":"P\u00ebrfundon mbledhja e Bordit. \u00a0Ibrahimaj: - Nuk mund t\u00eb kontrollojm\u00eb \u00e7mimin - 18\/03\/22 Ministrja e Financave, Delina Ibrahimaj, si dhe ajo e Bujq\u00ebsis\u00eb, Frida Krifca kan\u00eb dal\u00eb mbr\u00ebmjen e sotme n\u00eb nj\u00eb komunikim p\u00ebr shtyp, pas diskutimeve me p\u00ebrfaq\u00ebsuesit e shit\u00ebsve t\u00eb shumic\u00ebs dhe pakic\u00ebs p\u00ebr disa nga ushqimet baz\u00eb\u2026","rel":"","context":"In &quot;Blogu i Udh\u00ebtarit&quot;","block_context":{"text":"Blogu i Udh\u00ebtarit","link":"https:\/\/www.shqiperia.com\/blog\/category\/blogu-i-udhetarit\/"},"img":{"alt_text":"","src":"https:\/\/i0.wp.com\/www.shqiperia.com\/blog\/wp-content\/uploads\/2022\/03\/rttt-1-752x440-1.jpg?fit=752%2C440&ssl=1&resize=350%2C200","width":350,"height":200,"srcset":"https:\/\/i0.wp.com\/www.shqiperia.com\/blog\/wp-content\/uploads\/2022\/03\/rttt-1-752x440-1.jpg?fit=752%2C440&ssl=1&resize=350%2C200 1x, https:\/\/i0.wp.com\/www.shqiperia.com\/blog\/wp-content\/uploads\/2022\/03\/rttt-1-752x440-1.jpg?fit=752%2C440&ssl=1&resize=525%2C300 1.5x, https:\/\/i0.wp.com\/www.shqiperia.com\/blog\/wp-content\/uploads\/2022\/03\/rttt-1-752x440-1.jpg?fit=752%2C440&ssl=1&resize=700%2C400 2x"},"classes":[]},{"id":98742,"url":"https:\/\/www.shqiperia.com\/blog\/cmimi-i-miellit-vajit-dhe-sheqerit-rritet-me-50-ministrja-qeveria-e-ka-te-pamundur-te-ule-cmimet\/","url_meta":{"origin":53771,"position":2},"title":"\u00c7mimi i miellit, vajit dhe sheqerit rritet me 50%, ministrja: &#8211; Qeveria e ka t\u00eb pamundur t\u00eb ul\u00eb \u00e7mimet","author":"Kurt Farka","date":"March 27, 2026","format":false,"excerpt":"27 Mars 2026 Nga: Gazeta Dita Ministrja Delina Ibrahimaj n\u00eb nj\u00eb konferenc\u00eb p\u00ebr mediat b\u00ebri me dije se lufta n\u00eb Lindjen e Mesme ka filluar t\u00eb jap\u00eb efektet e para edhe n\u00eb \u00e7mimet e shport\u00ebs ushqimore n\u00eb vend, duke reflektuar rritje t\u00eb ndjeshme n\u00eb disa produkte baz\u00eb. Sipas ministres, qeveria\u2026","rel":"","context":"In &quot;Blogu i Udh\u00ebtarit&quot;","block_context":{"text":"Blogu i Udh\u00ebtarit","link":"https:\/\/www.shqiperia.com\/blog\/category\/blogu-i-udhetarit\/"},"img":{"alt_text":"","src":"https:\/\/i0.wp.com\/www.shqiperia.com\/blog\/wp-content\/uploads\/2026\/03\/IMG_2462-1.jpeg?fit=640%2C361&ssl=1&resize=350%2C200","width":350,"height":200,"srcset":"https:\/\/i0.wp.com\/www.shqiperia.com\/blog\/wp-content\/uploads\/2026\/03\/IMG_2462-1.jpeg?fit=640%2C361&ssl=1&resize=350%2C200 1x, https:\/\/i0.wp.com\/www.shqiperia.com\/blog\/wp-content\/uploads\/2026\/03\/IMG_2462-1.jpeg?fit=640%2C361&ssl=1&resize=525%2C300 1.5x"},"classes":[]},{"id":54357,"url":"https:\/\/www.shqiperia.com\/blog\/do-rritet-cmimi-i-biletes-apo-do-nderpritet-fare-sherbimi-urban-ministrja-ibrahimaj-zbulon-levizjen-qe-po-pergatisin-pas-paralajmerimit-te-shoqates-se-transportit\/","url_meta":{"origin":53771,"position":3},"title":"Do rritet \u00e7mimi i bilet\u00ebs apo do nd\u00ebrpritet fare sh\u00ebrbimi urban? Ministrja Ibrahimaj zbulon l\u00ebvizjen q\u00eb po p\u00ebrgatisin pas paralajm\u00ebrimit t\u00eb Shoqat\u00ebs s\u00eb Transportit","author":"Kurt Farka","date":"February 23, 2022","format":false,"excerpt":"Do rritet \u00e7mimi i bilet\u00ebs apo do nd\u00ebrpritet fare sh\u00ebrbimi urban? Ministrja Ibrahimaj zbulon l\u00ebvizjen q\u00eb po p\u00ebrgatisin pas paralajm\u00ebrimit t\u00eb Shoqat\u00ebs s\u00eb Transportit 22 SHKURT 2022 Ministrja e Financave dhe Ekonomis\u00eb, Delina Ibrahimaj, tha se pritet t\u00eb ulen n\u00eb tryez\u00ebn e diskutimi me Shoqat\u00ebn e Transportit, e cila ka\u2026","rel":"","context":"In &quot;Blogu i Udh\u00ebtarit&quot;","block_context":{"text":"Blogu i Udh\u00ebtarit","link":"https:\/\/www.shqiperia.com\/blog\/category\/blogu-i-udhetarit\/"},"img":{"alt_text":"","src":"https:\/\/i0.wp.com\/www.shqiperia.com\/blog\/wp-content\/uploads\/2022\/02\/800-0-6214b0e8858da.jpg?fit=800%2C449&ssl=1&resize=350%2C200","width":350,"height":200,"srcset":"https:\/\/i0.wp.com\/www.shqiperia.com\/blog\/wp-content\/uploads\/2022\/02\/800-0-6214b0e8858da.jpg?fit=800%2C449&ssl=1&resize=350%2C200 1x, https:\/\/i0.wp.com\/www.shqiperia.com\/blog\/wp-content\/uploads\/2022\/02\/800-0-6214b0e8858da.jpg?fit=800%2C449&ssl=1&resize=525%2C300 1.5x, https:\/\/i0.wp.com\/www.shqiperia.com\/blog\/wp-content\/uploads\/2022\/02\/800-0-6214b0e8858da.jpg?fit=800%2C449&ssl=1&resize=700%2C400 2x"},"classes":[]},{"id":50340,"url":"https:\/\/www.shqiperia.com\/blog\/paketa-per-krizen-energjetike-ibrahimaj-merr-parasysh-edhe-rritjen-cmimeve\/","url_meta":{"origin":53771,"position":4},"title":"Paketa p\u00ebr kriz\u00ebn energjetike, Ibrahimaj: &#8211; Merr parasysh edhe rritjen \u00e7mimeve.","author":"Kurt Farka","date":"October 7, 2021","format":false,"excerpt":"Paketa p\u00ebr kriz\u00ebn energjetike, Ibrahimaj: Merr parasysh edhe rritjen \u00e7mimeve. - 6 Tetor, 2021 N\u00eb nj\u00eb konferenc\u00eb p\u00ebr mediat pas mbledhjes s\u00eb K\u00ebshillit t\u00eb Ministrave, ministrja e Ekonomis\u00eb dhe Financave, Delina Ibrahimaj ka dh\u00ebn\u00eb detaje p\u00ebr paket\u00ebn q\u00eb pritet t\u00eb prezantohet lidhur me situat\u00ebn e kriz\u00ebs enegjitike n\u00eb vend. Zv.kryeministri\u2026","rel":"","context":"In &quot;Politika&quot;","block_context":{"text":"Politika","link":"https:\/\/www.shqiperia.com\/blog\/category\/politika\/"},"img":{"alt_text":"","src":"https:\/\/i0.wp.com\/www.shqiperia.com\/blog\/wp-content\/uploads\/2021\/10\/Delina-Ibrahimaj.jpg?fit=550%2C341&ssl=1&resize=350%2C200","width":350,"height":200,"srcset":"https:\/\/i0.wp.com\/www.shqiperia.com\/blog\/wp-content\/uploads\/2021\/10\/Delina-Ibrahimaj.jpg?fit=550%2C341&ssl=1&resize=350%2C200 1x, https:\/\/i0.wp.com\/www.shqiperia.com\/blog\/wp-content\/uploads\/2021\/10\/Delina-Ibrahimaj.jpg?fit=550%2C341&ssl=1&resize=525%2C300 1.5x"},"classes":[]},{"id":96471,"url":"https:\/\/www.shqiperia.com\/blog\/delina-ibrahimaj-zgjuar-per-festa-jep-me-1-euro-52-mije-m2-ne-porto-romano\/","url_meta":{"origin":53771,"position":5},"title":"Delina Ibrahimaj zgjuar p\u00ebr festa, jep me 1 euro, 52 mij\u00eb m2 n\u00eb Porto Romano","author":"Kurt Farka","date":"January 10, 2026","format":false,"excerpt":"10 Janar 2026 Nd\u00ebrkoh\u00eb q\u00eb shqiptar\u00ebt p\u00ebrgatiteshin p\u00ebr Vitin e Ri 2026, me nj\u00eb vendim t\u00eb qeveris\u00eb t\u00eb dat\u00ebs 30 dhjetor t\u00eb vitit 2025 jan\u00eb dh\u00ebn\u00eb plot 52 mij\u00eb metra katror\u00eb truall me qira p\u00ebr 1 euro n\u00eb Porto Romano. CNA prej disa dit\u00ebsh \u00ebsht\u00eb p\u00ebrpjekur t\u00eb b\u00ebj\u00eb nj\u00eb investigim\u2026","rel":"","context":"In &quot;Blogu i Udh\u00ebtarit&quot;","block_context":{"text":"Blogu i Udh\u00ebtarit","link":"https:\/\/www.shqiperia.com\/blog\/category\/blogu-i-udhetarit\/"},"img":{"alt_text":"","src":"https:\/\/i0.wp.com\/www.shqiperia.com\/blog\/wp-content\/uploads\/2026\/01\/Delina-Brahimaj.png?fit=640%2C336&ssl=1&resize=350%2C200","width":350,"height":200,"srcset":"https:\/\/i0.wp.com\/www.shqiperia.com\/blog\/wp-content\/uploads\/2026\/01\/Delina-Brahimaj.png?fit=640%2C336&ssl=1&resize=350%2C200 1x, https:\/\/i0.wp.com\/www.shqiperia.com\/blog\/wp-content\/uploads\/2026\/01\/Delina-Brahimaj.png?fit=640%2C336&ssl=1&resize=525%2C300 1.5x"},"classes":[]}],"_links":{"self":[{"href":"https:\/\/www.shqiperia.com\/blog\/wp-json\/wp\/v2\/posts\/53771","targetHints":{"allow":["GET"]}}],"collection":[{"href":"https:\/\/www.shqiperia.com\/blog\/wp-json\/wp\/v2\/posts"}],"about":[{"href":"https:\/\/www.shqiperia.com\/blog\/wp-json\/wp\/v2\/types\/post"}],"author":[{"embeddable":true,"href":"https:\/\/www.shqiperia.com\/blog\/wp-json\/wp\/v2\/users\/9"}],"replies":[{"embeddable":true,"href":"https:\/\/www.shqiperia.com\/blog\/wp-json\/wp\/v2\/comments?post=53771"}],"version-history":[{"count":1,"href":"https:\/\/www.shqiperia.com\/blog\/wp-json\/wp\/v2\/posts\/53771\/revisions"}],"predecessor-version":[{"id":53774,"href":"https:\/\/www.shqiperia.com\/blog\/wp-json\/wp\/v2\/posts\/53771\/revisions\/53774"}],"wp:featuredmedia":[{"embeddable":true,"href":"https:\/\/www.shqiperia.com\/blog\/wp-json\/wp\/v2\/media\/53772"}],"wp:attachment":[{"href":"https:\/\/www.shqiperia.com\/blog\/wp-json\/wp\/v2\/media?parent=53771"}],"wp:term":[{"taxonomy":"category","embeddable":true,"href":"https:\/\/www.shqiperia.com\/blog\/wp-json\/wp\/v2\/categories?post=53771"},{"taxonomy":"post_tag","embeddable":true,"href":"https:\/\/www.shqiperia.com\/blog\/wp-json\/wp\/v2\/tags?post=53771"}],"curies":[{"name":"wp","href":"https:\/\/api.w.org\/{rel}","templated":true}]}}