{"id":53743,"date":"2022-02-05T09:26:13","date_gmt":"2022-02-05T09:26:13","guid":{"rendered":"https:\/\/www.shqiperia.com\/blog\/?p=53743"},"modified":"2022-02-05T09:26:13","modified_gmt":"2022-02-05T09:26:13","slug":"cdo-ndodhe-pas-takimit-putin-xi-dy-presidentet-shpalosen-aleance-strategjike-kunder-shteteve-te-bashkuara-por-ja-cfare-thote-shtepia-e-bardhe","status":"publish","type":"post","link":"https:\/\/www.shqiperia.com\/blog\/cdo-ndodhe-pas-takimit-putin-xi-dy-presidentet-shpalosen-aleance-strategjike-kunder-shteteve-te-bashkuara-por-ja-cfare-thote-shtepia-e-bardhe\/","title":{"rendered":"\u00c7\u2019do ndodh\u00eb pas takimit Putin-Xi? Dy president\u00ebt shpalos\u00ebn aleanc\u00eb strategjike kund\u00ebr Shteteve t\u00eb Bashkuara, por ja \u00e7far\u00eb thot\u00eb Sht\u00ebpia e Bardh\u00eb"},"content":{"rendered":"<div id=\"attachment_53744\" style=\"width: 646px\" class=\"wp-caption alignnone\"><img data-recalc-dims=\"1\" loading=\"lazy\" decoding=\"async\" aria-describedby=\"caption-attachment-53744\" data-attachment-id=\"53744\" data-permalink=\"https:\/\/www.shqiperia.com\/blog\/cdo-ndodhe-pas-takimit-putin-xi-dy-presidentet-shpalosen-aleance-strategjike-kunder-shteteve-te-bashkuara-por-ja-cfare-thote-shtepia-e-bardhe\/sekretarja-e-shtypit-e-shtepise-se-bardhe-jen-psaki\/\" data-orig-file=\"https:\/\/i0.wp.com\/www.shqiperia.com\/blog\/wp-content\/uploads\/2022\/02\/Sekretarja-e-shtypit-e-Shtepise-se-Bardhe-Jen-Psaki..jpg?fit=800%2C463&amp;ssl=1\" data-orig-size=\"800,463\" data-comments-opened=\"1\" data-image-meta=\"{&quot;aperture&quot;:&quot;0&quot;,&quot;credit&quot;:&quot;&quot;,&quot;camera&quot;:&quot;&quot;,&quot;caption&quot;:&quot;&quot;,&quot;created_timestamp&quot;:&quot;0&quot;,&quot;copyright&quot;:&quot;&quot;,&quot;focal_length&quot;:&quot;0&quot;,&quot;iso&quot;:&quot;0&quot;,&quot;shutter_speed&quot;:&quot;0&quot;,&quot;title&quot;:&quot;&quot;,&quot;orientation&quot;:&quot;0&quot;}\" data-image-title=\"Sekretarja e shtypit e Sht\u00ebpis\u00eb s\u00eb Bardh\u00eb, Jen Psaki.\" data-image-description=\"\" data-image-caption=\"&lt;p&gt;Sekretarja e shtypit e Sht\u00ebpis\u00eb s\u00eb Bardh\u00eb, Jen Psaki.&lt;\/p&gt;\n\" data-medium-file=\"https:\/\/i0.wp.com\/www.shqiperia.com\/blog\/wp-content\/uploads\/2022\/02\/Sekretarja-e-shtypit-e-Shtepise-se-Bardhe-Jen-Psaki..jpg?fit=300%2C174&amp;ssl=1\" data-large-file=\"https:\/\/i0.wp.com\/www.shqiperia.com\/blog\/wp-content\/uploads\/2022\/02\/Sekretarja-e-shtypit-e-Shtepise-se-Bardhe-Jen-Psaki..jpg?fit=800%2C463&amp;ssl=1\" class=\" wp-image-53744\" alt=\"\" src=\"https:\/\/i0.wp.com\/www.shqiperia.com\/blog\/wp-content\/uploads\/2022\/02\/Sekretarja-e-shtypit-e-Shtepise-se-Bardhe-Jen-Psaki..jpg?resize=636%2C369&#038;ssl=1\" width=\"636\" height=\"369\" srcset=\"https:\/\/i0.wp.com\/www.shqiperia.com\/blog\/wp-content\/uploads\/2022\/02\/Sekretarja-e-shtypit-e-Shtepise-se-Bardhe-Jen-Psaki..jpg?resize=300%2C174&amp;ssl=1 300w, https:\/\/i0.wp.com\/www.shqiperia.com\/blog\/wp-content\/uploads\/2022\/02\/Sekretarja-e-shtypit-e-Shtepise-se-Bardhe-Jen-Psaki..jpg?resize=768%2C444&amp;ssl=1 768w, https:\/\/i0.wp.com\/www.shqiperia.com\/blog\/wp-content\/uploads\/2022\/02\/Sekretarja-e-shtypit-e-Shtepise-se-Bardhe-Jen-Psaki..jpg?resize=450%2C260&amp;ssl=1 450w, https:\/\/i0.wp.com\/www.shqiperia.com\/blog\/wp-content\/uploads\/2022\/02\/Sekretarja-e-shtypit-e-Shtepise-se-Bardhe-Jen-Psaki..jpg?resize=600%2C347&amp;ssl=1 600w, https:\/\/i0.wp.com\/www.shqiperia.com\/blog\/wp-content\/uploads\/2022\/02\/Sekretarja-e-shtypit-e-Shtepise-se-Bardhe-Jen-Psaki..jpg?resize=400%2C232&amp;ssl=1 400w, https:\/\/i0.wp.com\/www.shqiperia.com\/blog\/wp-content\/uploads\/2022\/02\/Sekretarja-e-shtypit-e-Shtepise-se-Bardhe-Jen-Psaki..jpg?w=800&amp;ssl=1 800w\" sizes=\"auto, (max-width: 636px) 100vw, 636px\" \/><p id=\"caption-attachment-53744\" class=\"wp-caption-text\">Sekretarja e shtypit e Sht\u00ebpis\u00eb s\u00eb Bardh\u00eb, Jen Psaki.<\/p><\/div>\n<p>\u00c7\u2019do ndodh\u00eb pas takimit Putin-Xi? Dy president\u00ebt shpalos\u00ebn aleanc\u00eb strategjike kund\u00ebr Shteteve t\u00eb Bashkuara, por ja \u00e7far\u00eb thot\u00eb Sht\u00ebpia e Bardh\u00eb<\/p>\n<p>5 SHKURT 2022<\/p>\n<p>\u201cNe mund t\u00eb kontrollojm\u00eb marr\u00ebdh\u00ebniet tona dhe mbrojtjen e vlerave tona, si edhe p\u00ebrpiqemi t\u00eb gjejm\u00eb m\u00ebnyra p\u00ebr t\u00eb punuar me vendet edhe kur nuk jemi dakord me ta,\u201d u tha gazetar\u00ebve sekretarja e shtypit e Sht\u00ebpis\u00eb s\u00eb Bardh\u00eb, Jen Psaki.<\/p>\n<p>N\u00eb takim, presidenti Xi mb\u00ebshteti k\u00ebrkesat e homologut t\u00eb tij rus, Putin q\u00eb t\u2019i jepet fund zgjerimit t\u00eb NATO-s dhe p\u00ebr t\u00eb marr\u00eb garanci sigurie nga Per\u00ebndimi, \u00e7\u00ebshtje q\u00eb kan\u00eb rezultuar n\u00eb nj\u00eb ng\u00ebr\u00e7 mes Rusis\u00eb dhe Shteteve t\u00eb Bashkuara dhe aleat\u00ebve t\u00eb saj lidhur me Ukrain\u00ebn. Nd\u00ebrkoh\u00eb Moska shprehu mb\u00ebshtetjen e saj p\u00ebr q\u00ebndrimin e Pekinit se Tajvani \u00ebsht\u00eb nj\u00eb pjes\u00eb e patjet\u00ebrsueshme e Kin\u00ebs.<\/p>\n<p>Dy udh\u00ebheq\u00ebsit u takuan n\u00eb Pekin t\u00eb premten pasdite, sipas televizionit shtet\u00ebror t\u00eb Kin\u00ebs CCTV, disa or\u00eb p\u00ebrpara fillimit t\u00eb Loj\u00ebave Olimpike Dim\u00ebrore t\u00eb Pekinit, t\u00eb cilat u bojkotuan nga diplomat\u00eb t\u00eb Shteteve t\u00eb Bashkuara, Britania dhe vende t\u00eb tjera p\u00ebr shkak t\u00eb shkeljes s\u00eb t\u00eb drejtave t\u00eb njeriut.<\/p>\n<p>President\u00ebt Xi dhe Putin, t\u00eb cil\u00ebt jan\u00eb kritikuar nga Shtetet e Bashkuara p\u00ebr politikat e tyre t\u00eb jashtme dhe t\u00eb brendshme, l\u00ebshuan nj\u00eb deklarat\u00eb t\u00eb p\u00ebrbashk\u00ebt duke n\u00ebnvizuar pak\u00ebnaq\u00ebsin\u00eb e tyre me \u201cnd\u00ebrhyrjen n\u00eb pun\u00ebt e brendshme\u201d t\u00eb vendeve t\u00eb tjera.<\/p>\n<p>Deklarata e p\u00ebrbashk\u00ebt shpalli nj\u00eb \u201cmiq\u00ebsi\u201d t\u00eb re strategjike Kin\u00eb-Rusi q\u00eb \u201cnuk ka kufij\u201d dhe t\u00eb hapur p\u00ebr bashk\u00ebpunim n\u00eb t\u00eb gjitha fushat.<\/p>\n<p>Stacie Goddard, Profesore e Shkencave Politike n\u00eb Kolegjin Wellesley, thot\u00eb se shpallja e aleanc\u00ebs strategjike ka p\u00ebr q\u00ebllim t\u2019i kund\u00ebrp\u00ebrgjigjet ides\u00eb se Moska dhe Pekini po veprojn\u00eb n\u00eb m\u00ebnyr\u00eb agresive ndaj Ukrain\u00ebs dhe Tajvanit, duke pretenduar se p\u00ebrkundrazi jan\u00eb Shtetet e Bashkuara q\u00eb po nd\u00ebrhyjn\u00eb n\u00eb sferat e tyre t\u00eb influenc\u00ebs.<\/p>\n<p>\u201cAjo po thon\u00eb se jan\u00eb Shtetet e Bashkuara q\u00eb po p\u00ebrpiqen t\u00eb ndryshojn\u00eb status quo-n\u00eb,\u201d i tha prof. Goddard Z\u00ebrit t\u00eb Amerik\u00ebs. \u201cAta po e portretizojn\u00eb veten si vende q\u00eb po i b\u00ebjn\u00eb ball\u00eb agresivitetit t\u00eb Shteteve t\u00eb Bashkuara.\u201d<\/p>\n<p>Mosmarr\u00ebveshja e Mosk\u00ebs me Ukrain\u00ebn rrezikon t\u00eb p\u00ebrshkall\u00ebzohet n\u00eb konflikt t\u00eb armatosur.<\/p>\n<p>Sekretari amerikan i Shtetit Antony Blinken pati nj\u00eb bised\u00eb telefonike t\u00eb premten me Ministrin e Jasht\u00ebm ukrainas Dmytro Kuleba p\u00ebr t\u00eb diskutuar mbi grumbullimin e trupave ruse p\u00ebrgjat\u00eb kufirit me Ukrain\u00ebn.<\/p>\n<p>Ai rikonfirmoi \u201cmb\u00ebshtetjen e pal\u00ebkundur t\u00eb Shteteve t\u00eb Bashkuara p\u00ebr sovranitetin e Ukrain\u00ebs\u201d dhe b\u00ebri t\u00eb qart\u00eb se Shtetet e Bashkuara jan\u00eb t\u00eb gatshme t\u00eb \u201cimponojn\u00eb pasoja t\u00eb shpejta dhe t\u00eb r\u00ebnda ndaj Rusis\u00eb n\u00ebse ajo zgjedh t\u00eb p\u00ebrshkall\u00ebzoj\u00eb\u201d situat\u00ebn, sipas nj\u00eb deklarate t\u00eb Departamentit t\u00eb Shtetit.<\/p>\n<p>Zoti Blinken u takua gjithashtu t\u00eb premten me ministrin e jasht\u00ebm polak Zbigniew Rau n\u00eb Uashington p\u00ebr bisedime dypal\u00ebshe. N\u00eb fillim t\u00eb takimit, ai theksoi r\u00ebnd\u00ebsin\u00eb e marr\u00ebdh\u00ebnieve midis dy vendeve dhe fal\u00ebnderoi Polonin\u00eb p\u00ebr rolin e saj udh\u00ebheq\u00ebs n\u00eb krahun lindor t\u00eb NATO-s.<\/p>\n<p>\u201cNe preferojm\u00eb q\u00eb Rusia t\u00eb zgjedh\u00eb rrug\u00ebn e diplomacis\u00eb dhe dialogut, por n\u00ebse nuk e b\u00ebn nj\u00eb gj\u00eb t\u00eb till\u00eb, ne jemi plot\u00ebsisht t\u00eb p\u00ebrgatitur p\u00ebr skenarin e kund\u00ebrt\u201d, tha ai.<\/p>\n<p>T\u00eb enjten, nj\u00eb zyrtar i lart\u00eb i administrat\u00ebs s\u00eb zotit Biden tha se SHBA ka informacione q\u00eb tregojn\u00eb se Rusia ka fabrikuar nj\u00eb plan p\u00ebr t\u00eb organizuar nj\u00eb sulm t\u00eb rrem\u00eb n\u00eb territorin rus dhe p\u00ebr ta paraqitur at\u00eb si sulm ukrainas, n\u00eb m\u00ebnyr\u00eb q\u00eb ta p\u00ebrdor\u00eb si pretekst p\u00ebr nj\u00eb sulm kund\u00ebr Ukrain\u00ebs.<\/p>\n<p>Zyrtari tha se administrata e zotit Biden po e b\u00ebn publik faktin q\u00eb Rusia po harton nj\u00eb plan t\u00eb till\u00eb, me shpres\u00ebn q\u00eb t\u00eb parandaloj\u00eb zbatimin e tij.<\/p>\n<p>Shtetet e Bashkuara njoftuan t\u00eb m\u00ebrkur\u00ebn planet p\u00ebr t\u00eb d\u00ebrguar 2,000 trupa t\u00eb tjera n\u00eb Evrop\u00eb, shumica e tyre n\u00eb Poloni dhe p\u00ebr t\u00eb zhvendosur 1,000 trupa nga Gjermania n\u00eb Rumani p\u00ebr t\u00eb forcuar vendet e krahut lindor t\u00eb NATO-s.<\/p>\n<p>Z\u00ebdh\u00ebn\u00ebsi i Kremlinit Dmitry Peskov u tha gazetar\u00ebve t\u00eb enjten se dislokimi i trupave amerikane po rrit tensionet n\u00eb rajon.<\/p>\n<p>Shtetet e Bashkuara dhe aleat\u00ebt e tjer\u00eb per\u00ebndimor\u00eb po p\u00ebrgatisin sanksione ekonomike kund\u00ebr Rusis\u00eb me shpres\u00ebn q\u00eb t\u00eb bindin presidentin rus Vladimir Putin t\u00eb t\u00ebrheq\u00eb m\u00eb shum\u00eb se 100,000 trupat q\u00eb Rusia ka pran\u00eb kufirit me Ukrain\u00ebn. Rusia ka mohuar t\u00eb ket\u00eb n\u00eb plan t\u00eb pushtoj\u00eb.<\/p>\n<p>Rusia ka k\u00ebrkuar q\u00eb NATO-ja t\u00eb t\u00ebrheq\u00eb trupat dhe arm\u00ebt e vendosura n\u00eb vendet an\u00ebtare t\u00eb Evrop\u00ebs Lindore dhe t\u00eb premtoj\u00eb se Ukraina nuk do t\u00eb an\u00ebtar\u00ebsohet kurr\u00eb n\u00eb aleanc\u00eb.<\/p>\n<p>NATO-ja dhe Ukraina i kan\u00eb hedhur posht\u00eb k\u00ebto k\u00ebrkesa, duke th\u00ebn\u00eb se \u00e7do vend \u00ebsht\u00eb i lir\u00eb t\u00eb zgjedh\u00eb aleat\u00ebt e vet.<\/p>\n<p>Disa informacione p\u00ebr k\u00ebt\u00eb artikull jan\u00eb marr\u00eb nga Agence France-Presse dhe Reuters.VOA.<\/p>\n<p>Gazeta Sot<\/p>\n","protected":false},"excerpt":{"rendered":"<p>\u00c7\u2019do ndodh\u00eb pas takimit Putin-Xi? Dy president\u00ebt shpalos\u00ebn aleanc\u00eb strategjike kund\u00ebr Shteteve t\u00eb Bashkuara, por ja \u00e7far\u00eb thot\u00eb Sht\u00ebpia e Bardh\u00eb 5 SHKURT 2022 \u201cNe mund t\u00eb kontrollojm\u00eb marr\u00ebdh\u00ebniet tona dhe mbrojtjen e vlerave tona, si edhe p\u00ebrpiqemi t\u00eb gjejm\u00eb m\u00ebnyra p\u00ebr t\u00eb punuar me vendet edhe kur nuk jemi dakord me ta,\u201d u tha [&hellip;]<\/p>\n","protected":false},"author":9,"featured_media":53744,"comment_status":"open","ping_status":"open","sticky":false,"template":"","format":"standard","meta":{"jetpack_post_was_ever_published":false,"_jetpack_newsletter_access":"","_jetpack_dont_email_post_to_subs":false,"_jetpack_newsletter_tier_id":0,"_jetpack_memberships_contains_paywalled_content":false,"_jetpack_memberships_contains_paid_content":false,"footnotes":"","jetpack_publicize_message":"","jetpack_publicize_feature_enabled":true,"jetpack_social_post_already_shared":true,"jetpack_social_options":{"image_generator_settings":{"template":"highway","default_image_id":0,"font":"","enabled":false},"version":2}},"categories":[27,2,35],"tags":[],"class_list":["post-53743","post","type-post","status-publish","format-standard","has-post-thumbnail","hentry","category-blogu-i-udhetarit","category-politika","category-shoqerore"],"jetpack_publicize_connections":[],"jetpack_featured_media_url":"https:\/\/i0.wp.com\/www.shqiperia.com\/blog\/wp-content\/uploads\/2022\/02\/Sekretarja-e-shtypit-e-Shtepise-se-Bardhe-Jen-Psaki..jpg?fit=800%2C463&ssl=1","jetpack_sharing_enabled":true,"jetpack_shortlink":"https:\/\/wp.me\/p5Z6wp-dYP","jetpack-related-posts":[{"id":53117,"url":"https:\/\/www.shqiperia.com\/blog\/mund-te-fabrikoje-nje-pretekst-shba-te-te-shqetesuara-bejne-paralajmerimin-e-forte-rusia-po-pergatitet-per-lufte\/","url_meta":{"origin":53743,"position":0},"title":"&#8220;Mund t\u00eb fabrikoj\u00eb nj\u00eb pretekst&#8221;, SHBA-t\u00eb t\u00eb shqet\u00ebsuara, b\u00ebjn\u00eb paralajm\u00ebrimin e fort\u00eb: Rusia po p\u00ebrgatitet p\u00ebr luft\u00eb","author":"Kurt Farka","date":"January 15, 2022","format":false,"excerpt":"\"Mund t\u00eb fabrikoj\u00eb nj\u00eb pretekst\", SHBA-t\u00eb t\u00eb shqet\u00ebsuara, b\u00ebjn\u00eb paralajm\u00ebrimin e fort\u00eb: Rusia po p\u00ebrgatitet p\u00ebr luft\u00eb 15 JANAR 2022 Shtetet e Bashkuara shpreh\u00ebn shqet\u00ebsimin se Rusia mund t\u00eb jet\u00eb duke u p\u00ebrgatitur t\u00eb nd\u00ebrhyj\u00eb s\u00eb shpejti n\u00eb Ukrain\u00eb, duke fabrikuar nj\u00eb pretekst p\u00ebr luft\u00eb n\u00ebse diplomacia nuk arrin t\u00eb\u2026","rel":"","context":"In &quot;Blogu i Udh\u00ebtarit&quot;","block_context":{"text":"Blogu i Udh\u00ebtarit","link":"https:\/\/www.shqiperia.com\/blog\/category\/blogu-i-udhetarit\/"},"img":{"alt_text":"","src":"https:\/\/i0.wp.com\/www.shqiperia.com\/blog\/wp-content\/uploads\/2022\/01\/800-0-6e064ee305580d5266543956e3d3962a.png?fit=800%2C475&ssl=1&resize=350%2C200","width":350,"height":200,"srcset":"https:\/\/i0.wp.com\/www.shqiperia.com\/blog\/wp-content\/uploads\/2022\/01\/800-0-6e064ee305580d5266543956e3d3962a.png?fit=800%2C475&ssl=1&resize=350%2C200 1x, https:\/\/i0.wp.com\/www.shqiperia.com\/blog\/wp-content\/uploads\/2022\/01\/800-0-6e064ee305580d5266543956e3d3962a.png?fit=800%2C475&ssl=1&resize=525%2C300 1.5x, https:\/\/i0.wp.com\/www.shqiperia.com\/blog\/wp-content\/uploads\/2022\/01\/800-0-6e064ee305580d5266543956e3d3962a.png?fit=800%2C475&ssl=1&resize=700%2C400 2x"},"classes":[]},{"id":53339,"url":"https:\/\/www.shqiperia.com\/blog\/kombet-e-medha-nuk-ben-te-luajne-blofe-biden-e-pranon-ka-divergjenca-brenda-nato-s-se-si-duhet-ti-pergjigjemi-putinit\/","url_meta":{"origin":53743,"position":1},"title":"\u201cKombet e m\u00ebdha nuk b\u00ebn t\u00eb luajn\u00eb blofe\u201d, Biden e pranon: &#8211; \u201cKa divergjenca brenda NATO-s se si duhet t\u2019i p\u00ebrgjigjemi Putinit\u201d","author":"Kurt Farka","date":"January 21, 2022","format":false,"excerpt":"\u201cKombet e m\u00ebdha nuk b\u00ebn t\u00eb luajn\u00eb blofe\u201d, Biden e pranon: - \u201cKa divergjenca brenda NATO-s se si duhet t\u2019i p\u00ebrgjigjemi Putinit\u201d 20 janar 2022 \u201cKombet e m\u00ebdha nuk b\u00ebn t\u00eb luajn\u00eb blofe\u201d, Biden e pranon: \u201cKa divergjenca brenda NATO-s se si duhet t\u2019i p\u00ebrgjigjemi Putinit\u201d Presidenti i SHBA-ve, Joe\u2026","rel":"","context":"In &quot;Blogu i Udh\u00ebtarit&quot;","block_context":{"text":"Blogu i Udh\u00ebtarit","link":"https:\/\/www.shqiperia.com\/blog\/category\/blogu-i-udhetarit\/"},"img":{"alt_text":"","src":"https:\/\/i0.wp.com\/www.shqiperia.com\/blog\/wp-content\/uploads\/2022\/01\/6075ef8d3e3fe7001882a729-905x450-1.jpeg?fit=905%2C450&ssl=1&resize=350%2C200","width":350,"height":200,"srcset":"https:\/\/i0.wp.com\/www.shqiperia.com\/blog\/wp-content\/uploads\/2022\/01\/6075ef8d3e3fe7001882a729-905x450-1.jpeg?fit=905%2C450&ssl=1&resize=350%2C200 1x, https:\/\/i0.wp.com\/www.shqiperia.com\/blog\/wp-content\/uploads\/2022\/01\/6075ef8d3e3fe7001882a729-905x450-1.jpeg?fit=905%2C450&ssl=1&resize=525%2C300 1.5x, https:\/\/i0.wp.com\/www.shqiperia.com\/blog\/wp-content\/uploads\/2022\/01\/6075ef8d3e3fe7001882a729-905x450-1.jpeg?fit=905%2C450&ssl=1&resize=700%2C400 2x"},"classes":[]},{"id":49774,"url":"https:\/\/www.shqiperia.com\/blog\/pezullohet-futja-e-afganeve-ne-shba-jane-identifikuar-disa-raste-me-nje-semundje-ngjitese\/","url_meta":{"origin":53743,"position":2},"title":"Pezullohet futja e afgan\u00ebve n\u00eb SHBA: &#8211; Jan\u00eb identifikuar disa raste me nj\u00eb s\u00ebmundje ngjit\u00ebse.","author":"Kurt Farka","date":"September 11, 2021","format":false,"excerpt":"Pezullohet futja e afgan\u00ebve n\u00eb SHBA: - Jan\u00eb identifikuar disa raste me nj\u00eb s\u00ebmundje ngjit\u00ebse. 11 SHTATOR 2021 Uashingtoni thon\u00eb se kan\u00eb pezulluar p\u00ebrkoh\u00ebsisht t\u00eb gjitha fluturimet m\u00eb shtetas afgan\u00eb, n\u00eb drejtim t\u00eb Shteteve t\u00eb Bashkuara, p\u00ebr shkak t\u00eb rasteve t\u00eb diagnostikuara me s\u00ebmundjen ngjit\u00ebse virale at\u00eb t\u00eb fruthit, n\u00eb\u2026","rel":"","context":"In &quot;Blogu i Udh\u00ebtarit&quot;","block_context":{"text":"Blogu i Udh\u00ebtarit","link":"https:\/\/www.shqiperia.com\/blog\/category\/blogu-i-udhetarit\/"},"img":{"alt_text":"","src":"https:\/\/i0.wp.com\/www.shqiperia.com\/blog\/wp-content\/uploads\/2021\/09\/640-0-613c5a5d12727.jpg?fit=640%2C369&ssl=1&resize=350%2C200","width":350,"height":200,"srcset":"https:\/\/i0.wp.com\/www.shqiperia.com\/blog\/wp-content\/uploads\/2021\/09\/640-0-613c5a5d12727.jpg?fit=640%2C369&ssl=1&resize=350%2C200 1x, https:\/\/i0.wp.com\/www.shqiperia.com\/blog\/wp-content\/uploads\/2021\/09\/640-0-613c5a5d12727.jpg?fit=640%2C369&ssl=1&resize=525%2C300 1.5x"},"classes":[]},{"id":54712,"url":"https:\/\/www.shqiperia.com\/blog\/putini-kercenoi-me-arme-berthamore-shtepia-e-bardhe-e-kemi-pare-shpesh-here-ta-beje-nje-gje-te-tille-por-rusia\/","url_meta":{"origin":53743,"position":3},"title":"Putini k\u00ebrc\u00ebnoi me arm\u00eb b\u00ebrthamore. &#8211; \u00a0Sht\u00ebpia e Bardh\u00eb: E kemi par\u00eb shpesh her\u00eb ta b\u00ebj\u00eb nj\u00eb gj\u00eb t\u00eb till\u00eb, por Rusia\u2026","author":"Kurt Farka","date":"February 28, 2022","format":false,"excerpt":"Putini k\u00ebrc\u00ebnoi me arm\u00eb b\u00ebrthamore. - \u00a0Sht\u00ebpia e Bardh\u00eb: E kemi par\u00eb shpesh her\u00eb ta b\u00ebj\u00eb nj\u00eb gj\u00eb t\u00eb till\u00eb, por Rusia\u2026 27 Shkurt 2022 Ukraina ka r\u00ebn\u00eb dakord t\u00eb mbaj\u00eb bisedime me Rusin\u00eb n\u00eb kufirin bjellorus, nd\u00ebrkoh\u00eb q\u00eb presidenti rus Vladimir Putin urdh\u00ebroi forcat parandaluese b\u00ebrthamore ruse n\u00eb gatishm\u00ebri\u2026","rel":"","context":"In &quot;Blogu i Udh\u00ebtarit&quot;","block_context":{"text":"Blogu i Udh\u00ebtarit","link":"https:\/\/www.shqiperia.com\/blog\/category\/blogu-i-udhetarit\/"},"img":{"alt_text":"","src":"https:\/\/i0.wp.com\/www.shqiperia.com\/blog\/wp-content\/uploads\/2022\/02\/2808690.jpg?fit=700%2C394&ssl=1&resize=350%2C200","width":350,"height":200,"srcset":"https:\/\/i0.wp.com\/www.shqiperia.com\/blog\/wp-content\/uploads\/2022\/02\/2808690.jpg?fit=700%2C394&ssl=1&resize=350%2C200 1x, https:\/\/i0.wp.com\/www.shqiperia.com\/blog\/wp-content\/uploads\/2022\/02\/2808690.jpg?fit=700%2C394&ssl=1&resize=525%2C300 1.5x, https:\/\/i0.wp.com\/www.shqiperia.com\/blog\/wp-content\/uploads\/2022\/02\/2808690.jpg?fit=700%2C394&ssl=1&resize=700%2C400 2x"},"classes":[]},{"id":53928,"url":"https:\/\/www.shqiperia.com\/blog\/telefonata-me-putin-zgjati-shume-pak-ja-cfare-i-tha-biden-liderit-rus-nese-pushtohet-ukraina\/","url_meta":{"origin":53743,"position":4},"title":"Telefonata me Putin zgjati shum\u00eb pak, ja \u00e7far\u00eb i tha Biden liderit rus n\u00ebse pushtohet Ukraina","author":"Kurt Farka","date":"February 12, 2022","format":false,"excerpt":"Telefonata me Putin zgjati shum\u00eb pak, ja \u00e7far\u00eb i tha Biden liderit rus n\u00ebse pushtohet Ukraina 12 SHKURT 2022 Jan\u00eb zbardhur detajet e para p\u00ebr bised\u00ebn disa minut\u00ebshe mes Presidentit t\u00eb SHBA Joe Biden dhe liderit rus Valdimir Putin. B\u00ebhet me dije se gjat\u00eb bised\u00ebs telefonike t\u00eb presidentit amerikan Biden\u2026","rel":"","context":"In &quot;Blogu i Udh\u00ebtarit&quot;","block_context":{"text":"Blogu i Udh\u00ebtarit","link":"https:\/\/www.shqiperia.com\/blog\/category\/blogu-i-udhetarit\/"},"img":{"alt_text":"","src":"https:\/\/i0.wp.com\/www.shqiperia.com\/blog\/wp-content\/uploads\/2022\/02\/640-0-6207fec22b5bb.png?fit=640%2C340&ssl=1&resize=350%2C200","width":350,"height":200,"srcset":"https:\/\/i0.wp.com\/www.shqiperia.com\/blog\/wp-content\/uploads\/2022\/02\/640-0-6207fec22b5bb.png?fit=640%2C340&ssl=1&resize=350%2C200 1x, https:\/\/i0.wp.com\/www.shqiperia.com\/blog\/wp-content\/uploads\/2022\/02\/640-0-6207fec22b5bb.png?fit=640%2C340&ssl=1&resize=525%2C300 1.5x"},"classes":[]},{"id":53246,"url":"https:\/\/www.shqiperia.com\/blog\/shperthejne-tensionet-paralajmerimi-i-ashper-i-shba-se-rusia-mund-te-pushtoje-ukrainen-ne-cdo-moment-po-leviz-trupat-drejt-perendimit-blinken-ben-levizjen-urgjente\/","url_meta":{"origin":53743,"position":5},"title":"Shp\u00ebrthejn\u00eb tensionet. Paralajm\u00ebrimi i ashp\u00ebr i SHBA-s\u00eb: &#8211; Rusia mund t\u00eb pushtoj\u00eb Ukrain\u00ebn n\u00eb \u00e7do moment, po l\u00ebviz trupat drejt per\u00ebndimit. Blinken b\u00ebn l\u00ebvizjen urgjente","author":"Kurt Farka","date":"January 19, 2022","format":false,"excerpt":"Shp\u00ebrthejn\u00eb tensionet. Paralajm\u00ebrimi i ashp\u00ebr i SHBA-s\u00eb: - Rusia mund t\u00eb pushtoj\u00eb Ukrain\u00ebn n\u00eb \u00e7do moment, po l\u00ebviz trupat drejt per\u00ebndimit. Blinken b\u00ebn l\u00ebvizjen urgjente 19 JANAR 2022 Rusia po zhvendos trupat n\u00eb per\u00ebndim n\u00eb Bjellorusi p\u00ebr loj\u00ebra lufte, than\u00eb zyrtar\u00ebt, pasi Shtetet e Bashkuara l\u00ebshuan nj\u00eb paralajm\u00ebrim t\u00eb ashp\u00ebr\u2026","rel":"","context":"In &quot;Blogu i Udh\u00ebtarit&quot;","block_context":{"text":"Blogu i Udh\u00ebtarit","link":"https:\/\/www.shqiperia.com\/blog\/category\/blogu-i-udhetarit\/"},"img":{"alt_text":"","src":"https:\/\/i0.wp.com\/www.shqiperia.com\/blog\/wp-content\/uploads\/2022\/01\/800-0-61e7ce8a90cf5.jpg?fit=800%2C450&ssl=1&resize=350%2C200","width":350,"height":200,"srcset":"https:\/\/i0.wp.com\/www.shqiperia.com\/blog\/wp-content\/uploads\/2022\/01\/800-0-61e7ce8a90cf5.jpg?fit=800%2C450&ssl=1&resize=350%2C200 1x, https:\/\/i0.wp.com\/www.shqiperia.com\/blog\/wp-content\/uploads\/2022\/01\/800-0-61e7ce8a90cf5.jpg?fit=800%2C450&ssl=1&resize=525%2C300 1.5x, https:\/\/i0.wp.com\/www.shqiperia.com\/blog\/wp-content\/uploads\/2022\/01\/800-0-61e7ce8a90cf5.jpg?fit=800%2C450&ssl=1&resize=700%2C400 2x"},"classes":[]}],"_links":{"self":[{"href":"https:\/\/www.shqiperia.com\/blog\/wp-json\/wp\/v2\/posts\/53743","targetHints":{"allow":["GET"]}}],"collection":[{"href":"https:\/\/www.shqiperia.com\/blog\/wp-json\/wp\/v2\/posts"}],"about":[{"href":"https:\/\/www.shqiperia.com\/blog\/wp-json\/wp\/v2\/types\/post"}],"author":[{"embeddable":true,"href":"https:\/\/www.shqiperia.com\/blog\/wp-json\/wp\/v2\/users\/9"}],"replies":[{"embeddable":true,"href":"https:\/\/www.shqiperia.com\/blog\/wp-json\/wp\/v2\/comments?post=53743"}],"version-history":[{"count":1,"href":"https:\/\/www.shqiperia.com\/blog\/wp-json\/wp\/v2\/posts\/53743\/revisions"}],"predecessor-version":[{"id":53745,"href":"https:\/\/www.shqiperia.com\/blog\/wp-json\/wp\/v2\/posts\/53743\/revisions\/53745"}],"wp:featuredmedia":[{"embeddable":true,"href":"https:\/\/www.shqiperia.com\/blog\/wp-json\/wp\/v2\/media\/53744"}],"wp:attachment":[{"href":"https:\/\/www.shqiperia.com\/blog\/wp-json\/wp\/v2\/media?parent=53743"}],"wp:term":[{"taxonomy":"category","embeddable":true,"href":"https:\/\/www.shqiperia.com\/blog\/wp-json\/wp\/v2\/categories?post=53743"},{"taxonomy":"post_tag","embeddable":true,"href":"https:\/\/www.shqiperia.com\/blog\/wp-json\/wp\/v2\/tags?post=53743"}],"curies":[{"name":"wp","href":"https:\/\/api.w.org\/{rel}","templated":true}]}}