{"id":53739,"date":"2022-02-04T22:37:32","date_gmt":"2022-02-04T22:37:32","guid":{"rendered":"https:\/\/www.shqiperia.com\/blog\/?p=53739"},"modified":"2022-02-04T22:37:46","modified_gmt":"2022-02-04T22:37:46","slug":"shtrenjtimi-i-cmimeve-kapercen-parashikimet-sejko-inflacioni-do-jete-mbi-3-shtyjme-objektivin-e-bsh-per-vitin-tjeter","status":"publish","type":"post","link":"https:\/\/www.shqiperia.com\/blog\/shtrenjtimi-i-cmimeve-kapercen-parashikimet-sejko-inflacioni-do-jete-mbi-3-shtyjme-objektivin-e-bsh-per-vitin-tjeter\/","title":{"rendered":"Shtrenjtimi i \u00e7mimeve kap\u00ebrcen parashikimet. &#8211; Sejko: Inflacioni do jet\u00eb mbi 3 %, shtyjm\u00eb objektivin e BSH p\u00ebr vitin tjet\u00ebr"},"content":{"rendered":"<p><img data-recalc-dims=\"1\" loading=\"lazy\" decoding=\"async\" data-attachment-id=\"53740\" data-permalink=\"https:\/\/www.shqiperia.com\/blog\/shtrenjtimi-i-cmimeve-kapercen-parashikimet-sejko-inflacioni-do-jete-mbi-3-shtyjme-objektivin-e-bsh-per-vitin-tjeter\/1643816044_sequence03-00064921-still012-905x450\/\" data-orig-file=\"https:\/\/i0.wp.com\/www.shqiperia.com\/blog\/wp-content\/uploads\/2022\/02\/1643816044_Sequence03.00064921.Still012-905x450-1.jpg?fit=768%2C450&amp;ssl=1\" data-orig-size=\"768,450\" data-comments-opened=\"1\" data-image-meta=\"{&quot;aperture&quot;:&quot;0&quot;,&quot;credit&quot;:&quot;&quot;,&quot;camera&quot;:&quot;&quot;,&quot;caption&quot;:&quot;&quot;,&quot;created_timestamp&quot;:&quot;0&quot;,&quot;copyright&quot;:&quot;&quot;,&quot;focal_length&quot;:&quot;0&quot;,&quot;iso&quot;:&quot;0&quot;,&quot;shutter_speed&quot;:&quot;0&quot;,&quot;title&quot;:&quot;&quot;,&quot;orientation&quot;:&quot;0&quot;}\" data-image-title=\"1643816044_Sequence03.00064921.Still012-905&#215;450\" data-image-description=\"\" data-image-caption=\"\" data-medium-file=\"https:\/\/i0.wp.com\/www.shqiperia.com\/blog\/wp-content\/uploads\/2022\/02\/1643816044_Sequence03.00064921.Still012-905x450-1.jpg?fit=300%2C176&amp;ssl=1\" data-large-file=\"https:\/\/i0.wp.com\/www.shqiperia.com\/blog\/wp-content\/uploads\/2022\/02\/1643816044_Sequence03.00064921.Still012-905x450-1.jpg?fit=768%2C450&amp;ssl=1\" class=\"alignnone wp-image-53740\" alt=\"\" src=\"https:\/\/i0.wp.com\/www.shqiperia.com\/blog\/wp-content\/uploads\/2022\/02\/1643816044_Sequence03.00064921.Still012-905x450-1.jpg?resize=677%2C397&#038;ssl=1\" width=\"677\" height=\"397\" srcset=\"https:\/\/i0.wp.com\/www.shqiperia.com\/blog\/wp-content\/uploads\/2022\/02\/1643816044_Sequence03.00064921.Still012-905x450-1.jpg?resize=300%2C176&amp;ssl=1 300w, https:\/\/i0.wp.com\/www.shqiperia.com\/blog\/wp-content\/uploads\/2022\/02\/1643816044_Sequence03.00064921.Still012-905x450-1.jpg?resize=450%2C264&amp;ssl=1 450w, https:\/\/i0.wp.com\/www.shqiperia.com\/blog\/wp-content\/uploads\/2022\/02\/1643816044_Sequence03.00064921.Still012-905x450-1.jpg?resize=600%2C352&amp;ssl=1 600w, https:\/\/i0.wp.com\/www.shqiperia.com\/blog\/wp-content\/uploads\/2022\/02\/1643816044_Sequence03.00064921.Still012-905x450-1.jpg?resize=400%2C234&amp;ssl=1 400w, https:\/\/i0.wp.com\/www.shqiperia.com\/blog\/wp-content\/uploads\/2022\/02\/1643816044_Sequence03.00064921.Still012-905x450-1.jpg?w=768&amp;ssl=1 768w\" sizes=\"auto, (max-width: 677px) 100vw, 677px\" \/><\/p>\n<p>Shtrenjtimi i \u00e7mimeve kap\u00ebrcen parashikimet. &#8211; \u00a0Sejko: Inflacioni do jet\u00eb mbi 3 %, shtyjm\u00eb objektivin e BSH p\u00ebr vitin tjet\u00ebr<\/p>\n<p>2 Shkurt 2022<\/p>\n<p>Shtrenjtimi i \u00e7mimeve ka b\u00ebr\u00eb q\u00eb t\u00eb shtyj\u00eb objektivin e Bank\u00ebs s\u00eb Shqip\u00ebris\u00eb p\u00ebr inflacionin.<\/p>\n<p>Guvernatori Gent Sejko b\u00ebri me dije se inflacioni p\u00ebr k\u00ebt\u00eb vit do t\u00eb jet\u00eb mbi 3%, p\u00ebr shkak t\u00eb goditjes nga tregjet nd\u00ebrkomb\u00ebtare.<\/p>\n<p>Sejko tha se synimi i Bank\u00ebs se Shqip\u00ebris\u00eb q\u00eb norma e inflacionit t\u00eb arrihet n\u00eb 3% do t\u00eb shtyhet p\u00ebr vitin 2023. Sipas tij, shtrenjtimi i \u00e7mimeve dhe i naft\u00ebs rrit\u00ebn inflacionin gjat\u00eb vitit 2021.<\/p>\n<p>\u201cProjeksionet tona sugjerojn\u00eb rritje t\u00eb m\u00ebtejshme t\u00eb ekonomis\u00eb n\u00eb vitet n\u00eb vazhdim. Norma e inflacionit pritet t\u00eb mbetet mbi objektivin ton\u00eb prej 3% gjat\u00eb vitit aktual, si pasoj\u00eb e \u00e7mimeve t\u00eb larta n\u00eb tregjet nd\u00ebrkomb\u00ebtare. K\u00ebto goditje kan\u00eb rezultuar m\u00eb t\u00eb forta dhe t\u00eb q\u00ebndrueshme se vler\u00ebsimet tona fillestare.<\/p>\n<p>Megjithat\u00eb, ndikimi i tyre n\u00eb inflacion pritet t\u00eb vij\u00eb drejt shuarjes graduale gjat\u00eb vitit 2022.<\/p>\n<p>M\u00eb tej, inflacioni pritet t\u00eb kthehet n\u00eb m\u00ebnyr\u00eb t\u00eb q\u00ebndrueshme n\u00eb objektiv gjat\u00eb vitit 2023, n\u00eb pasqyrim t\u00eb balancimit t\u00eb k\u00ebrkes\u00ebs me ofert\u00ebn dhe t\u00eb rritjes s\u00eb pun\u00ebsimit dhe pagave n\u00eb linj\u00eb me produktivitetin\u201d, tha Sejko.<\/p>\n<p>Gazeta Dita<\/p>\n","protected":false},"excerpt":{"rendered":"<p>Shtrenjtimi i \u00e7mimeve kap\u00ebrcen parashikimet. &#8211; \u00a0Sejko: Inflacioni do jet\u00eb mbi 3 %, shtyjm\u00eb objektivin e BSH p\u00ebr vitin tjet\u00ebr 2 Shkurt 2022 Shtrenjtimi i \u00e7mimeve ka b\u00ebr\u00eb q\u00eb t\u00eb shtyj\u00eb objektivin e Bank\u00ebs s\u00eb Shqip\u00ebris\u00eb p\u00ebr inflacionin. Guvernatori Gent Sejko b\u00ebri me dije se inflacioni p\u00ebr k\u00ebt\u00eb vit do t\u00eb jet\u00eb mbi 3%, p\u00ebr [&hellip;]<\/p>\n","protected":false},"author":9,"featured_media":53740,"comment_status":"open","ping_status":"open","sticky":false,"template":"","format":"standard","meta":{"jetpack_post_was_ever_published":false,"_jetpack_newsletter_access":"","_jetpack_dont_email_post_to_subs":false,"_jetpack_newsletter_tier_id":0,"_jetpack_memberships_contains_paywalled_content":false,"_jetpack_memberships_contains_paid_content":false,"footnotes":"","jetpack_publicize_message":"","jetpack_publicize_feature_enabled":true,"jetpack_social_post_already_shared":true,"jetpack_social_options":{"image_generator_settings":{"template":"highway","default_image_id":0,"font":"","enabled":false},"version":2}},"categories":[27,2,35],"tags":[],"class_list":["post-53739","post","type-post","status-publish","format-standard","has-post-thumbnail","hentry","category-blogu-i-udhetarit","category-politika","category-shoqerore"],"jetpack_publicize_connections":[],"jetpack_featured_media_url":"https:\/\/i0.wp.com\/www.shqiperia.com\/blog\/wp-content\/uploads\/2022\/02\/1643816044_Sequence03.00064921.Still012-905x450-1.jpg?fit=768%2C450&ssl=1","jetpack_sharing_enabled":true,"jetpack_shortlink":"https:\/\/wp.me\/p5Z6wp-dYL","jetpack-related-posts":[{"id":60584,"url":"https:\/\/www.shqiperia.com\/blog\/sejko-ekonomia-ne-rrezik-nga-inflacioni-i-larte-shtrenjtimi-i-ushqimeve-do-te-vijoje-cmimet-rekord-banka-e-shqiperise-rrit-me-0-5-normen-e-interesit\/","url_meta":{"origin":53739,"position":0},"title":"Sejko: Ekonomia n\u00eb rrezik nga inflacioni i lart\u00eb, shtrenjtimi i ushqimeve do t\u00eb vijoj\u00eb. &#8211; \u00c7mimet rekord, Banka e Shqip\u00ebris\u00eb rrit me 0.5% norm\u00ebn e interesit!","author":"Kurt Farka","date":"August 3, 2022","format":false,"excerpt":"3 Gusht 2022 Nga: Eliza Gjediku Banka e Shqip\u00ebris\u00eb ka rritur p\u00ebr her\u00eb t\u00eb 3 brenda 4 muajsh norm\u00ebn baz\u00eb t\u00eb interesit p\u00ebr shkak t\u00eb \u00e7mimeve t\u00eb larta, q\u00eb pritet t\u00eb kulmojn\u00eb n\u00eb k\u00ebt\u00eb periudh\u00eb t\u00eb mbetur t\u00eb vitit. Vendimi \u00ebsht\u00eb marr\u00eb nga K\u00ebshilli Mbik\u00ebqyr\u00ebs i bank\u00ebs qendrore, pasi inflacioni\u2026","rel":"","context":"In &quot;Blogu i Udh\u00ebtarit&quot;","block_context":{"text":"Blogu i Udh\u00ebtarit","link":"https:\/\/www.shqiperia.com\/blog\/category\/blogu-i-udhetarit\/"},"img":{"alt_text":"","src":"https:\/\/i0.wp.com\/www.shqiperia.com\/blog\/wp-content\/uploads\/2022\/08\/Guvernatori-i-Bankes-Genti-Sejko.jpg?fit=833%2C473&ssl=1&resize=350%2C200","width":350,"height":200,"srcset":"https:\/\/i0.wp.com\/www.shqiperia.com\/blog\/wp-content\/uploads\/2022\/08\/Guvernatori-i-Bankes-Genti-Sejko.jpg?fit=833%2C473&ssl=1&resize=350%2C200 1x, https:\/\/i0.wp.com\/www.shqiperia.com\/blog\/wp-content\/uploads\/2022\/08\/Guvernatori-i-Bankes-Genti-Sejko.jpg?fit=833%2C473&ssl=1&resize=525%2C300 1.5x, https:\/\/i0.wp.com\/www.shqiperia.com\/blog\/wp-content\/uploads\/2022\/08\/Guvernatori-i-Bankes-Genti-Sejko.jpg?fit=833%2C473&ssl=1&resize=700%2C400 2x"},"classes":[]},{"id":63663,"url":"https:\/\/www.shqiperia.com\/blog\/guvernatori-sejko-ekonomia-shqiptare-rrezikon-te-jete-per-nje-kohe-te-gjate-nen-efektin-e-inflacionit\/","url_meta":{"origin":53739,"position":1},"title":"Guvernatori Sejko: &#8211; Ekonomia shqiptare rrezikon t\u00eb jet\u00eb p\u00ebr nj\u00eb koh\u00eb t\u00eb gjat\u00eb n\u00ebn efektin e inflacionit!","author":"Kurt Farka","date":"October 27, 2022","format":false,"excerpt":"27 Tetor 2022 N\u00eb konferenc\u00ebn vjetore, Guvernatori i Bank\u00ebs s\u00eb Shqip\u00ebris\u00eb, Gent Sejko tha se krizat financiare nuk kan\u00eb munguar. Gjithashtu ai shtoi se stimuli monetar rezultoi vendimtar p\u00ebr kriz\u00ebn dhe se nuk u p\u00ebrkthye n\u00eb inflacion t\u00eb lart\u00eb p\u00ebr kriz\u00ebn. Guvernatori i Gent Sejko flet n\u00eb konferenc\u00ebn vjetore t\u00eb\u2026","rel":"","context":"In &quot;Blogu i Udh\u00ebtarit&quot;","block_context":{"text":"Blogu i Udh\u00ebtarit","link":"https:\/\/www.shqiperia.com\/blog\/category\/blogu-i-udhetarit\/"},"img":{"alt_text":"","src":"https:\/\/i0.wp.com\/www.shqiperia.com\/blog\/wp-content\/uploads\/2022\/10\/banka_K_SH_1_8706.jpg?fit=490%2C308&ssl=1&resize=350%2C200","width":350,"height":200},"classes":[]},{"id":60612,"url":"https:\/\/www.shqiperia.com\/blog\/guvernatori-sejko-tha-se-nivelet-e-larta-te-inflacionit-jane-rreziku-kryesor-per-ekonomine-e-vendit-cmimet-do-te-kulmojne-ne-6-mujorin-e-dyte\/","url_meta":{"origin":53739,"position":2},"title":"Guvernatori Sejko tha se Nivelet e larta t\u00eb inflacionit jan\u00eb rreziku kryesor p\u00ebr ekonomin\u00eb e vendit. &#8211; Cmimet do t\u00eb kulmojn\u00eb n\u00eb 6-mujorin e dyt\u00eb","author":"Kurt Farka","date":"August 4, 2022","format":false,"excerpt":"3 gusht 2022 Guvernatori i Bank\u00ebs s\u00eb Shqip\u00ebris\u00eb, Gent Sejko pasditen e sotme b\u00ebri me dije se Banka e Shqip\u00ebris\u00eb ka rritur me 0.5% norm\u00ebn e interesat, duke \u00e7uar n\u00eb 1.75%. Kjo \u00ebsht\u00eb hera e tret\u00eb brenda 4 muajsh q\u00eb Banka rrit norm\u00ebs, si mas\u00eb p\u00ebr t\u00eb frenuar \u00e7mimet e\u2026","rel":"","context":"In &quot;Blogu i Udh\u00ebtarit&quot;","block_context":{"text":"Blogu i Udh\u00ebtarit","link":"https:\/\/www.shqiperia.com\/blog\/category\/blogu-i-udhetarit\/"},"img":{"alt_text":"","src":"https:\/\/i0.wp.com\/www.shqiperia.com\/blog\/wp-content\/uploads\/2022\/08\/1649150472_sejko.jpg?fit=780%2C440&ssl=1&resize=350%2C200","width":350,"height":200,"srcset":"https:\/\/i0.wp.com\/www.shqiperia.com\/blog\/wp-content\/uploads\/2022\/08\/1649150472_sejko.jpg?fit=780%2C440&ssl=1&resize=350%2C200 1x, https:\/\/i0.wp.com\/www.shqiperia.com\/blog\/wp-content\/uploads\/2022\/08\/1649150472_sejko.jpg?fit=780%2C440&ssl=1&resize=525%2C300 1.5x, https:\/\/i0.wp.com\/www.shqiperia.com\/blog\/wp-content\/uploads\/2022\/08\/1649150472_sejko.jpg?fit=780%2C440&ssl=1&resize=700%2C400 2x"},"classes":[]},{"id":98682,"url":"https:\/\/www.shqiperia.com\/blog\/kambane-per-qeverine-sejko-mbeshtetur-nga-zgjerimi-i-aktivitetit-ne-ndertim-bujqesia-ne-tkurrje\/","url_meta":{"origin":53739,"position":3},"title":"Kambane per Qeverine.  Sejko: &#8211; Mb\u00ebshtetur nga zgjerimi i aktivitetit n\u00eb nd\u00ebrtim, bujq\u00ebsia n\u00eb tkurrje","author":"Kurt Farka","date":"March 25, 2026","format":false,"excerpt":"25 Mars 2026 Guvernatori i Banka e Shqip\u00ebris\u00eb, Gent Sejko, tha se ekonomia shqiptare ka shfaqur rritje gjat\u00eb tremujorit t\u00eb par\u00eb t\u00eb vitit dhe se perspektivat p\u00ebr vitet e ardhshme mbeten optimiste. N\u00eb konferenc\u00ebn p\u00ebr shtyp mbi vendimmarrjen e politik\u00ebs monetare, ai b\u00ebri me dije se pun\u00ebsimi dhe pagat n\u00eb\u2026","rel":"","context":"In &quot;Njoftime Shtypi&quot;","block_context":{"text":"Njoftime Shtypi","link":"https:\/\/www.shqiperia.com\/blog\/category\/njoftime-shtypi\/"},"img":{"alt_text":"","src":"https:\/\/i0.wp.com\/www.shqiperia.com\/blog\/wp-content\/uploads\/2026\/03\/Bujqesi-Shqiptare.jpg?fit=594%2C384&ssl=1&resize=350%2C200","width":350,"height":200,"srcset":"https:\/\/i0.wp.com\/www.shqiperia.com\/blog\/wp-content\/uploads\/2026\/03\/Bujqesi-Shqiptare.jpg?fit=594%2C384&ssl=1&resize=350%2C200 1x, https:\/\/i0.wp.com\/www.shqiperia.com\/blog\/wp-content\/uploads\/2026\/03\/Bujqesi-Shqiptare.jpg?fit=594%2C384&ssl=1&resize=525%2C300 1.5x"},"classes":[]},{"id":88361,"url":"https:\/\/www.shqiperia.com\/blog\/dhjetori-konfirmon-inflacionin-e-vitit-2024-cmimet-u-rriten-ne-nje-muaj-me-2-2-por-sinjalet-me-pak-pozitive-vijne-nga-ushqimet\/","url_meta":{"origin":53739,"position":4},"title":"Dhjetori konfirmon inflacionin e vitit 2024\/ \u00c7mimet u rrit\u00ebn  ne nje muaj me 2.2%, por sinjalet m\u00eb pak pozitive vijn\u00eb nga ushqimet","author":"Kurt Farka","date":"January 13, 2025","format":false,"excerpt":"13 Janar 2025 Gjat\u00eb muajit t\u00eb fundit t\u00eb vitit t\u00eb kaluar, inflacioni ka vijuar tendencat rrit\u00ebse, duke u ngjitur n\u00eb 2.1%, nga 2% n\u00eb n\u00ebntor dhe 1.9% n\u00eb muajin tetor t\u00eb po t\u00eb njejtit viti, sinjalizojn\u00eb shifrat m\u00eb t\u00eb fundit nga Instituti i Statistikave. Rritja mesatare vjetore e \u00e7mimeve n\u00eb\u2026","rel":"","context":"In &quot;Blogu i Udh\u00ebtarit&quot;","block_context":{"text":"Blogu i Udh\u00ebtarit","link":"https:\/\/www.shqiperia.com\/blog\/category\/blogu-i-udhetarit\/"},"img":{"alt_text":"","src":"https:\/\/i0.wp.com\/www.shqiperia.com\/blog\/wp-content\/uploads\/2025\/01\/900-0-1736506997xinflation-719.jpg?fit=900%2C590&ssl=1&resize=350%2C200","width":350,"height":200,"srcset":"https:\/\/i0.wp.com\/www.shqiperia.com\/blog\/wp-content\/uploads\/2025\/01\/900-0-1736506997xinflation-719.jpg?fit=900%2C590&ssl=1&resize=350%2C200 1x, https:\/\/i0.wp.com\/www.shqiperia.com\/blog\/wp-content\/uploads\/2025\/01\/900-0-1736506997xinflation-719.jpg?fit=900%2C590&ssl=1&resize=525%2C300 1.5x, https:\/\/i0.wp.com\/www.shqiperia.com\/blog\/wp-content\/uploads\/2025\/01\/900-0-1736506997xinflation-719.jpg?fit=900%2C590&ssl=1&resize=700%2C400 2x"},"classes":[]},{"id":63195,"url":"https:\/\/www.shqiperia.com\/blog\/fmn-parashikimin-per-rritjen-e-ekonomise-shqiptare-ne-2023-me-e-uleta-ne-rajon\/","url_meta":{"origin":53739,"position":5},"title":"FMN: &#8211; Parashikimin p\u00ebr rritjen e ekonomis\u00eb shqiptare n\u00eb 2023, m\u00eb e ul\u00ebta n\u00eb rajon!","author":"Kurt Farka","date":"October 12, 2022","format":false,"excerpt":"12 Nentor 2022 Fondi Monetar Nd\u00ebrkomb\u00ebtar (FMN) ka ulur ndjesh\u00ebm parashikimin p\u00ebr rritjen ekonomike t\u00eb Shqip\u00ebris\u00eb gjat\u00eb vitit t\u00eb ardhsh\u00ebm. Rishikimi n\u00eb ulje ka ndodhur dy her\u00eb brenda nj\u00eb kohe t\u00eb shkurt\u00ebr, duke e \u00e7uar n\u00eb rreth 2%. Sipas \u201cPasqyr\u00ebs Ekonomike Globale\u201d, t\u00eb publikuar sot, vendi pritej q\u00eb t\u00eb zgjerohej\u2026","rel":"","context":"In &quot;Blogu i Udh\u00ebtarit&quot;","block_context":{"text":"Blogu i Udh\u00ebtarit","link":"https:\/\/www.shqiperia.com\/blog\/category\/blogu-i-udhetarit\/"},"img":{"alt_text":"","src":"https:\/\/i0.wp.com\/www.shqiperia.com\/blog\/wp-content\/uploads\/2022\/10\/kulla-sahatit-11-1.jpg?fit=941%2C431&ssl=1&resize=350%2C200","width":350,"height":200,"srcset":"https:\/\/i0.wp.com\/www.shqiperia.com\/blog\/wp-content\/uploads\/2022\/10\/kulla-sahatit-11-1.jpg?fit=941%2C431&ssl=1&resize=350%2C200 1x, https:\/\/i0.wp.com\/www.shqiperia.com\/blog\/wp-content\/uploads\/2022\/10\/kulla-sahatit-11-1.jpg?fit=941%2C431&ssl=1&resize=525%2C300 1.5x, https:\/\/i0.wp.com\/www.shqiperia.com\/blog\/wp-content\/uploads\/2022\/10\/kulla-sahatit-11-1.jpg?fit=941%2C431&ssl=1&resize=700%2C400 2x"},"classes":[]}],"_links":{"self":[{"href":"https:\/\/www.shqiperia.com\/blog\/wp-json\/wp\/v2\/posts\/53739","targetHints":{"allow":["GET"]}}],"collection":[{"href":"https:\/\/www.shqiperia.com\/blog\/wp-json\/wp\/v2\/posts"}],"about":[{"href":"https:\/\/www.shqiperia.com\/blog\/wp-json\/wp\/v2\/types\/post"}],"author":[{"embeddable":true,"href":"https:\/\/www.shqiperia.com\/blog\/wp-json\/wp\/v2\/users\/9"}],"replies":[{"embeddable":true,"href":"https:\/\/www.shqiperia.com\/blog\/wp-json\/wp\/v2\/comments?post=53739"}],"version-history":[{"count":2,"href":"https:\/\/www.shqiperia.com\/blog\/wp-json\/wp\/v2\/posts\/53739\/revisions"}],"predecessor-version":[{"id":53742,"href":"https:\/\/www.shqiperia.com\/blog\/wp-json\/wp\/v2\/posts\/53739\/revisions\/53742"}],"wp:featuredmedia":[{"embeddable":true,"href":"https:\/\/www.shqiperia.com\/blog\/wp-json\/wp\/v2\/media\/53740"}],"wp:attachment":[{"href":"https:\/\/www.shqiperia.com\/blog\/wp-json\/wp\/v2\/media?parent=53739"}],"wp:term":[{"taxonomy":"category","embeddable":true,"href":"https:\/\/www.shqiperia.com\/blog\/wp-json\/wp\/v2\/categories?post=53739"},{"taxonomy":"post_tag","embeddable":true,"href":"https:\/\/www.shqiperia.com\/blog\/wp-json\/wp\/v2\/tags?post=53739"}],"curies":[{"name":"wp","href":"https:\/\/api.w.org\/{rel}","templated":true}]}}