{"id":53736,"date":"2022-02-04T16:49:28","date_gmt":"2022-02-04T16:49:28","guid":{"rendered":"https:\/\/www.shqiperia.com\/blog\/?p=53736"},"modified":"2022-02-04T16:49:39","modified_gmt":"2022-02-04T16:49:39","slug":"tahiri-ne-burg-ish-ministrit-iu-lejua-te-bente-nje-telefonate-do-dale-nga-gjykata-me-pranga-ne-duar","status":"publish","type":"post","link":"https:\/\/www.shqiperia.com\/blog\/tahiri-ne-burg-ish-ministrit-iu-lejua-te-bente-nje-telefonate-do-dale-nga-gjykata-me-pranga-ne-duar\/","title":{"rendered":"Tahiri n\u00eb burg, ish-ministrit iu lejua t\u00eb b\u00ebnte nj\u00eb telefonat\u00eb, do dal\u00eb nga gjykata me pranga n\u00eb duar"},"content":{"rendered":"<p><img data-recalc-dims=\"1\" loading=\"lazy\" decoding=\"async\" data-attachment-id=\"53737\" data-permalink=\"https:\/\/www.shqiperia.com\/blog\/tahiri-ne-burg-ish-ministrit-iu-lejua-te-bente-nje-telefonate-do-dale-nga-gjykata-me-pranga-ne-duar\/e6a629b7-8ec5-4b85-84c5-a4453009e2c0-675x450\/\" data-orig-file=\"https:\/\/i0.wp.com\/www.shqiperia.com\/blog\/wp-content\/uploads\/2022\/02\/e6a629b7-8ec5-4b85-84c5-a4453009e2c0-675x450-1.jpg?fit=625%2C348&amp;ssl=1\" data-orig-size=\"625,348\" data-comments-opened=\"1\" data-image-meta=\"{&quot;aperture&quot;:&quot;0&quot;,&quot;credit&quot;:&quot;&quot;,&quot;camera&quot;:&quot;&quot;,&quot;caption&quot;:&quot;?????????????????????????????????????????????????????????&quot;,&quot;created_timestamp&quot;:&quot;0&quot;,&quot;copyright&quot;:&quot;&quot;,&quot;focal_length&quot;:&quot;0&quot;,&quot;iso&quot;:&quot;0&quot;,&quot;shutter_speed&quot;:&quot;0&quot;,&quot;title&quot;:&quot;&quot;,&quot;orientation&quot;:&quot;0&quot;}\" data-image-title=\"e6a629b7-8ec5-4b85-84c5-a4453009e2c0-675&#215;450\" data-image-description=\"\" data-image-caption=\"&lt;p&gt;?????????????????????????????????????????????????????????&lt;\/p&gt;\n\" data-medium-file=\"https:\/\/i0.wp.com\/www.shqiperia.com\/blog\/wp-content\/uploads\/2022\/02\/e6a629b7-8ec5-4b85-84c5-a4453009e2c0-675x450-1.jpg?fit=300%2C167&amp;ssl=1\" data-large-file=\"https:\/\/i0.wp.com\/www.shqiperia.com\/blog\/wp-content\/uploads\/2022\/02\/e6a629b7-8ec5-4b85-84c5-a4453009e2c0-675x450-1.jpg?fit=625%2C348&amp;ssl=1\" class=\" wp-image-53737\" alt=\"\" src=\"https:\/\/i0.wp.com\/www.shqiperia.com\/blog\/wp-content\/uploads\/2022\/02\/e6a629b7-8ec5-4b85-84c5-a4453009e2c0-675x450-1.jpg?resize=787%2C438&#038;ssl=1\" width=\"787\" height=\"438\" srcset=\"https:\/\/i0.wp.com\/www.shqiperia.com\/blog\/wp-content\/uploads\/2022\/02\/e6a629b7-8ec5-4b85-84c5-a4453009e2c0-675x450-1.jpg?resize=300%2C167&amp;ssl=1 300w, https:\/\/i0.wp.com\/www.shqiperia.com\/blog\/wp-content\/uploads\/2022\/02\/e6a629b7-8ec5-4b85-84c5-a4453009e2c0-675x450-1.jpg?resize=450%2C251&amp;ssl=1 450w, https:\/\/i0.wp.com\/www.shqiperia.com\/blog\/wp-content\/uploads\/2022\/02\/e6a629b7-8ec5-4b85-84c5-a4453009e2c0-675x450-1.jpg?resize=600%2C334&amp;ssl=1 600w, https:\/\/i0.wp.com\/www.shqiperia.com\/blog\/wp-content\/uploads\/2022\/02\/e6a629b7-8ec5-4b85-84c5-a4453009e2c0-675x450-1.jpg?resize=400%2C223&amp;ssl=1 400w, https:\/\/i0.wp.com\/www.shqiperia.com\/blog\/wp-content\/uploads\/2022\/02\/e6a629b7-8ec5-4b85-84c5-a4453009e2c0-675x450-1.jpg?w=625&amp;ssl=1 625w\" sizes=\"auto, (max-width: 787px) 100vw, 787px\" \/><\/p>\n<p>Tahiri n\u00eb burg, ish-ministrit iu lejua t\u00eb b\u00ebnte nj\u00eb telefonat\u00eb, do dal\u00eb nga gjykata me pranga n\u00eb duar<\/p>\n<p>04 Shkurt, 2022<\/p>\n<p>GJKKO ka vendosur sot d\u00ebnim me burg p\u00ebr ish-ministrin e Brendsh\u00ebm Saimir Tahiraj. Trupa gjykuese ka l\u00ebn\u00eb n\u00eb fuqi vendimin e par\u00eb t\u00eb dh\u00ebn\u00eb ndaj ish-ministrit, por me nj\u00eb ndryshim, duke hequr konvertimin e viteve t\u00eb burgut me sh\u00ebrbim prove.<\/p>\n<p>Gazetarja Klodiana Lala, e ndodhur brenda sall\u00ebs ku u dha vendimi, ka treguar p\u00ebr \u201cBalkanWeb\u201d, l\u00ebvizjet dhe sjelljet e Tahirit. Ajo tha se ish-ministri ishte i tensionuar dhe duksh\u00ebm nuk e priste k\u00ebt\u00eb vendim. N\u00eb momentin q\u00eb \u00ebsht\u00eb dh\u00ebn\u00eb vendimi, atij i \u00ebsht\u00eb lejuar nj\u00eb telefonat\u00eb, duke mos e specifikuar se me k\u00eb. Po ashtu, pritet q\u00eb ish-ministri sot t\u00eb shkoj\u00eb n\u00eb burg dhe i mbetet atij n\u00ebse do e d\u00ebrgoj\u00eb n\u00eb rekurs n\u00eb Gjykat\u00ebn e Lart\u00eb.<\/p>\n<p>\u201cTahiri do t\u00eb dal\u00eb me pranga n\u00eb duar p\u00ebr t\u00eb shkaur n\u00eb ambientet e paraburgimit. Treshja gjykuese deklaroi se sipas akteve, rezultoi se Tahiri ka c\u00ebnuar interesat e shtetit, ndaj favorizimit t\u00eb dh\u00ebn\u00eb Habilajve. Gjithashtu ai ka pasur kontakte jo korrekte edhe me v\u00ebllain e Moisi Habilajt, Artanin.<\/p>\n<p>Ai ka shp\u00ebrqendruar detyr\u00ebn sepse ka p\u00ebrfituar dhurata nga grupi kriminal Habilaj. Po, ai do t\u00eb shkoj\u00eb n\u00eb burg, sepse vendimi \u00ebsht\u00eb dh\u00ebn\u00eb n\u00eb form\u00ebn e prer\u00eb. Vihej re prania e forcave t\u00eb policis\u00eb p\u00ebr t\u00eb q\u00ebndruar n\u00eb gatishm\u00ebri n\u00eb var\u00ebsi t\u00eb vendimit t\u00eb trup\u00ebs gjykuese.<\/p>\n<p>Tahiri \u00ebsht\u00eb lejuar t\u00eb p\u00ebrdor\u00eb celularin. \u00cbsht\u00eb e paqart\u00eb personi me t\u00eb cilin ai ka kontaktuar. Trupa gjykuese e justifikoi vones\u00ebn se kan\u00eb t\u00eb b\u00ebjn\u00eb me nj\u00eb dosje voluminoze. Tahiri ka q\u00ebndruar n\u00eb ankth. Ai ka l\u00ebvizur disa her\u00eb n\u00eb dhom\u00ebn q\u00eb lejohen t\u00eb l\u00ebvizin t\u00eb pandehurit. Tahiri nuk e priste k\u00ebt\u00eb vendim dhe shtangu kur kryetari i trup\u00ebs gjykuese dha vendimin ndaj tij\u201d, tha gazetarja Lala.<\/p>\n<p>BalkanWeb<\/p>\n","protected":false},"excerpt":{"rendered":"<p>Tahiri n\u00eb burg, ish-ministrit iu lejua t\u00eb b\u00ebnte nj\u00eb telefonat\u00eb, do dal\u00eb nga gjykata me pranga n\u00eb duar 04 Shkurt, 2022 GJKKO ka vendosur sot d\u00ebnim me burg p\u00ebr ish-ministrin e Brendsh\u00ebm Saimir Tahiraj. Trupa gjykuese ka l\u00ebn\u00eb n\u00eb fuqi vendimin e par\u00eb t\u00eb dh\u00ebn\u00eb ndaj ish-ministrit, por me nj\u00eb ndryshim, duke hequr konvertimin e [&hellip;]<\/p>\n","protected":false},"author":9,"featured_media":53737,"comment_status":"open","ping_status":"open","sticky":false,"template":"","format":"standard","meta":{"jetpack_post_was_ever_published":false,"_jetpack_newsletter_access":"","_jetpack_dont_email_post_to_subs":false,"_jetpack_newsletter_tier_id":0,"_jetpack_memberships_contains_paywalled_content":false,"_jetpack_memberships_contains_paid_content":false,"footnotes":"","jetpack_publicize_message":"","jetpack_publicize_feature_enabled":true,"jetpack_social_post_already_shared":true,"jetpack_social_options":{"image_generator_settings":{"template":"highway","default_image_id":0,"font":"","enabled":false},"version":2}},"categories":[27,2,35],"tags":[],"class_list":["post-53736","post","type-post","status-publish","format-standard","has-post-thumbnail","hentry","category-blogu-i-udhetarit","category-politika","category-shoqerore"],"jetpack_publicize_connections":[],"jetpack_featured_media_url":"https:\/\/i0.wp.com\/www.shqiperia.com\/blog\/wp-content\/uploads\/2022\/02\/e6a629b7-8ec5-4b85-84c5-a4453009e2c0-675x450-1.jpg?fit=625%2C348&ssl=1","jetpack_sharing_enabled":true,"jetpack_shortlink":"https:\/\/wp.me\/p5Z6wp-dYI","jetpack-related-posts":[{"id":53629,"url":"https:\/\/www.shqiperia.com\/blog\/nderprerje-energjie-elektrike-ne-gjykate-spak-kerkoi-12-vite-burg-per-saimir-tahirin\/","url_meta":{"origin":53736,"position":0},"title":"Nderprerje energjie elektrike ne Gjykate: &#8211; SPAK k\u00ebrkoi 12 vite burg p\u00ebr Saimir Tahirin","author":"Kurt Farka","date":"January 31, 2022","format":false,"excerpt":"Nderprerje energjie elektrike ne Gjykate: - SPAK k\u00ebrkoi 12 vite burg p\u00ebr Saimir Tahirin 31 JANAR 2022 N\u00eb Gjykat\u00ebn e Apelit t\u00eb GJKKO-s\u00eb, seanca ndaj ish-ministrit t\u00eb Brendsh\u00ebm Samir Tahiri \u00ebsht\u00eb nd\u00ebrprer\u00eb. Shkak m\u00ebsohet se \u00ebsht\u00eb b\u00ebr\u00eb nd\u00ebrprerja e energjis\u00eb elektrike. N\u00eb k\u00ebt\u00eb seanc\u00eb. SPAK k\u00ebrkoi 12 vite burg p\u00ebr\u2026","rel":"","context":"In &quot;Blogu i Udh\u00ebtarit&quot;","block_context":{"text":"Blogu i Udh\u00ebtarit","link":"https:\/\/www.shqiperia.com\/blog\/category\/blogu-i-udhetarit\/"},"img":{"alt_text":"","src":"https:\/\/i0.wp.com\/www.shqiperia.com\/blog\/wp-content\/uploads\/2022\/01\/Saimir-Tahiri.jpg?fit=850%2C445&ssl=1&resize=350%2C200","width":350,"height":200,"srcset":"https:\/\/i0.wp.com\/www.shqiperia.com\/blog\/wp-content\/uploads\/2022\/01\/Saimir-Tahiri.jpg?fit=850%2C445&ssl=1&resize=350%2C200 1x, https:\/\/i0.wp.com\/www.shqiperia.com\/blog\/wp-content\/uploads\/2022\/01\/Saimir-Tahiri.jpg?fit=850%2C445&ssl=1&resize=525%2C300 1.5x, https:\/\/i0.wp.com\/www.shqiperia.com\/blog\/wp-content\/uploads\/2022\/01\/Saimir-Tahiri.jpg?fit=850%2C445&ssl=1&resize=700%2C400 2x"},"classes":[]},{"id":43214,"url":"https:\/\/www.shqiperia.com\/blog\/gjykata-e-larte-kalon-per-gjykim-dosjen-tahiri\/","url_meta":{"origin":53736,"position":1},"title":"Gjykata e Lart\u00eb kalon p\u00ebr gjykim dosjen \u201cTahiri\u201d","author":"Kurt Farka","date":"January 23, 2021","format":false,"excerpt":"Gjykata e Lart\u00eb kalon p\u00ebr gjykim dosjen \u201cTahiri\u201d - 22\/01\/21 Gjykata e Lart\u00eb kalon p\u00ebr gjykim dosjen penale ndaj ish-ministrit t\u00eb Brendsh\u00ebm Saimir Tahiri dhe ish-drejtorit t\u00eb Policis\u00eb s\u00eb Vlor\u00ebs, Jaeld \u00c7ela. Vendimi \u00ebsht\u00eb marr\u00eb n\u00eb dhom\u00ebn e k\u00ebshillimit. Ish-ministri \u00ebsht\u00eb d\u00ebnuar nga Krimet e R\u00ebnda p\u00ebr shp\u00ebrdorim detyre me\u2026","rel":"","context":"In &quot;Blogu i Udh\u00ebtarit&quot;","block_context":{"text":"Blogu i Udh\u00ebtarit","link":"https:\/\/www.shqiperia.com\/blog\/category\/blogu-i-udhetarit\/"},"img":{"alt_text":"","src":"https:\/\/i0.wp.com\/www.shqiperia.com\/blog\/wp-content\/uploads\/2021\/01\/TAHIRI-VERDIKTI_frame_128-1024x576-1.jpg?fit=1024%2C576&ssl=1&resize=350%2C200","width":350,"height":200,"srcset":"https:\/\/i0.wp.com\/www.shqiperia.com\/blog\/wp-content\/uploads\/2021\/01\/TAHIRI-VERDIKTI_frame_128-1024x576-1.jpg?fit=1024%2C576&ssl=1&resize=350%2C200 1x, https:\/\/i0.wp.com\/www.shqiperia.com\/blog\/wp-content\/uploads\/2021\/01\/TAHIRI-VERDIKTI_frame_128-1024x576-1.jpg?fit=1024%2C576&ssl=1&resize=525%2C300 1.5x, https:\/\/i0.wp.com\/www.shqiperia.com\/blog\/wp-content\/uploads\/2021\/01\/TAHIRI-VERDIKTI_frame_128-1024x576-1.jpg?fit=1024%2C576&ssl=1&resize=700%2C400 2x"},"classes":[]},{"id":35633,"url":"https:\/\/www.shqiperia.com\/blog\/prokuroria-kerkon-12-vite-burg-per-saimir-tahirin-gjykata-e-posacme-e-apelit-e-jep-vendimin-ne-24-qershor\/","url_meta":{"origin":53736,"position":2},"title":"Prokuroria k\u00ebrkon 12 vite burg per Saimir Tahirin, Gjykata e Posa\u00e7me e Apelit e jep vendimin n\u00eb 24 qershor.","author":"Kurt Farka","date":"June 11, 2020","format":false,"excerpt":"Prokuroria k\u00ebrkon 12 vite burg per Saimir Tahirin, Gjykata e Posa\u00e7me e Apelit e jep vendimin n\u00eb 24 qershor. - 11\/06\/20 Gazeta: mapo.al P\u00ebrfundon seanca te Gjykata e Posa\u00e7me e Apelit p\u00ebr Korrupsionin dhe Krimin e Organizuar, p\u00ebr ish-ministrin e Brendsh\u00ebm, Saimir Tahiri. Jasht\u00eb Gjykat\u00ebs, n\u00eb komunikimin me gazetar\u00ebt, Tahiri\u2026","rel":"","context":"In &quot;Blogu i Udh\u00ebtarit&quot;","block_context":{"text":"Blogu i Udh\u00ebtarit","link":"https:\/\/www.shqiperia.com\/blog\/category\/blogu-i-udhetarit\/"},"img":{"alt_text":"","src":"https:\/\/i0.wp.com\/www.shqiperia.com\/blog\/wp-content\/uploads\/2020\/06\/Saimir-Tahiri.jpg?fit=740%2C363&ssl=1&resize=350%2C200","width":350,"height":200,"srcset":"https:\/\/i0.wp.com\/www.shqiperia.com\/blog\/wp-content\/uploads\/2020\/06\/Saimir-Tahiri.jpg?fit=740%2C363&ssl=1&resize=350%2C200 1x, https:\/\/i0.wp.com\/www.shqiperia.com\/blog\/wp-content\/uploads\/2020\/06\/Saimir-Tahiri.jpg?fit=740%2C363&ssl=1&resize=525%2C300 1.5x, https:\/\/i0.wp.com\/www.shqiperia.com\/blog\/wp-content\/uploads\/2020\/06\/Saimir-Tahiri.jpg?fit=740%2C363&ssl=1&resize=700%2C400 2x"},"classes":[]},{"id":26096,"url":"https:\/\/www.shqiperia.com\/blog\/dritan-zagani-une-jam-prove-e-gjalle-e-akuzave-ndaj-tahirit-askush-nuk-me-mori-ne-pyetje\/","url_meta":{"origin":53736,"position":3},"title":"Dritan Zagani: &#8211; Un\u00eb jam prov\u00eb e gjall\u00eb e\u00a0akuzave ndaj \u00a0Tahirit. \u2013 Askush nuk me mori ne pyetje \u2026.","author":"Kurt Farka","date":"September 19, 2019","format":false,"excerpt":"Dritan Zagani: - Un\u00eb jam prov\u00eb e gjall\u00eb e akuzave ndaj \u00a0Tahirit. \u2013 Askush nuk me mori ne pyetje \u2026. 19 shtator 2019 Ish-kreu i Antidrog\u00ebs n\u00eb Fier, Dritan Zagani, ka folur n\u00eb nj\u00eb lidhje telefonike p\u00ebr\u00a0News24\u00a0p\u00ebr procesin ndaj ish-ministrit t\u00eb Brendsh\u00ebm, Saimir Tahiri, dhe vendimin final q\u00eb pritet t\u00eb\u2026","rel":"","context":"In &quot;Blogu i Udh\u00ebtarit&quot;","block_context":{"text":"Blogu i Udh\u00ebtarit","link":"https:\/\/www.shqiperia.com\/blog\/category\/blogu-i-udhetarit\/"},"img":{"alt_text":"","src":"https:\/\/i0.wp.com\/www.shqiperia.com\/blog\/wp-content\/uploads\/2019\/09\/dritan-zagani.jpg?fit=800%2C450&ssl=1&resize=350%2C200","width":350,"height":200,"srcset":"https:\/\/i0.wp.com\/www.shqiperia.com\/blog\/wp-content\/uploads\/2019\/09\/dritan-zagani.jpg?fit=800%2C450&ssl=1&resize=350%2C200 1x, https:\/\/i0.wp.com\/www.shqiperia.com\/blog\/wp-content\/uploads\/2019\/09\/dritan-zagani.jpg?fit=800%2C450&ssl=1&resize=525%2C300 1.5x, https:\/\/i0.wp.com\/www.shqiperia.com\/blog\/wp-content\/uploads\/2019\/09\/dritan-zagani.jpg?fit=800%2C450&ssl=1&resize=700%2C400 2x"},"classes":[]},{"id":56924,"url":"https:\/\/www.shqiperia.com\/blog\/kerkon-denimin-per-trafik-droge-spak-rekurs-ne-gjk-per-ish-ministrin-saimir-tahiri\/","url_meta":{"origin":53736,"position":4},"title":"K\u00ebrkon d\u00ebnimin p\u00ebr trafik droge. &#8211; SPAK rekurs n\u00eb GJK p\u00ebr ish-ministrin Saimir Tahiri","author":"Kurt Farka","date":"April 19, 2022","format":false,"excerpt":"K\u00ebrkon d\u00ebnimin p\u00ebr trafik droge. - SPAK rekurs n\u00eb GJK p\u00ebr ish-ministrin Saimir Tahiri 19 PRILL 2022 SPAK ka b\u00ebr\u00eb rekurs n\u00eb Gjykat\u00ebn e Lart\u00eb p\u00ebr vendimin me 3 vite e 4 muaj burg p\u00ebr ish-ministrin e Brendsh\u00ebm, Saimir Tahiri. SPAK k\u00ebrkon cil\u00ebsimin e vepr\u00ebs \u201cTrafikim n\u00eb kuad\u00ebr grupit strukturuar\u201d,\u2026","rel":"","context":"In &quot;Blogu i Udh\u00ebtarit&quot;","block_context":{"text":"Blogu i Udh\u00ebtarit","link":"https:\/\/www.shqiperia.com\/blog\/category\/blogu-i-udhetarit\/"},"img":{"alt_text":"","src":"https:\/\/i0.wp.com\/www.shqiperia.com\/blog\/wp-content\/uploads\/2022\/04\/640-0-625e7e9121106.jpg?fit=640%2C360&ssl=1&resize=350%2C200","width":350,"height":200,"srcset":"https:\/\/i0.wp.com\/www.shqiperia.com\/blog\/wp-content\/uploads\/2022\/04\/640-0-625e7e9121106.jpg?fit=640%2C360&ssl=1&resize=350%2C200 1x, https:\/\/i0.wp.com\/www.shqiperia.com\/blog\/wp-content\/uploads\/2022\/04\/640-0-625e7e9121106.jpg?fit=640%2C360&ssl=1&resize=525%2C300 1.5x"},"classes":[]},{"id":21649,"url":"https:\/\/www.shqiperia.com\/blog\/kur-do-ndodhe-ne-shqiperi-me-pranga-ne-duar-dhe-fershellima-ja-si-percillet-ne-burg-politikani-me-i-rendesishem-ne-rumani\/","url_meta":{"origin":53736,"position":5},"title":"Kur do ndodh\u00eb n\u00eb Shqip\u00ebri?\/Me pranga n\u00eb duar dhe f\u00ebrsh\u00ebllima. Ja si p\u00ebrcillet n\u00eb burg politikani m\u00eb i r\u00ebnd\u00ebsish\u00ebm n\u00eb Rumani.","author":"Kurt Farka","date":"May 29, 2019","format":false,"excerpt":"Kur do ndodh\u00eb n\u00eb Shqip\u00ebri?\/Me pranga n\u00eb duar dhe f\u00ebrsh\u00ebllima. Ja si p\u00ebrcillet n\u00eb burg politikani m\u00eb i r\u00ebnd\u00ebsish\u00ebm n\u00eb Rumani. 28 Maj 2019 Politikani m\u00eb i r\u00ebnd\u00ebsish\u00ebm n\u00eb Rumani, Liviu Dragnea u shoq\u00ebrua me fishk\u00ebllima dhe letra tualeti n\u00eb fytyr\u00eb teksa shoq\u00ebrohej n\u00ebn pranga nga policia, pas vendimit q\u00eb\u2026","rel":"","context":"In &quot;Blogu i Udh\u00ebtarit&quot;","block_context":{"text":"Blogu i Udh\u00ebtarit","link":"https:\/\/www.shqiperia.com\/blog\/category\/blogu-i-udhetarit\/"},"img":{"alt_text":"","src":"https:\/\/i0.wp.com\/www.shqiperia.com\/blog\/wp-content\/uploads\/2019\/05\/pra.jpg?fit=880%2C495&ssl=1&resize=350%2C200","width":350,"height":200,"srcset":"https:\/\/i0.wp.com\/www.shqiperia.com\/blog\/wp-content\/uploads\/2019\/05\/pra.jpg?fit=880%2C495&ssl=1&resize=350%2C200 1x, https:\/\/i0.wp.com\/www.shqiperia.com\/blog\/wp-content\/uploads\/2019\/05\/pra.jpg?fit=880%2C495&ssl=1&resize=525%2C300 1.5x, https:\/\/i0.wp.com\/www.shqiperia.com\/blog\/wp-content\/uploads\/2019\/05\/pra.jpg?fit=880%2C495&ssl=1&resize=700%2C400 2x"},"classes":[]}],"_links":{"self":[{"href":"https:\/\/www.shqiperia.com\/blog\/wp-json\/wp\/v2\/posts\/53736","targetHints":{"allow":["GET"]}}],"collection":[{"href":"https:\/\/www.shqiperia.com\/blog\/wp-json\/wp\/v2\/posts"}],"about":[{"href":"https:\/\/www.shqiperia.com\/blog\/wp-json\/wp\/v2\/types\/post"}],"author":[{"embeddable":true,"href":"https:\/\/www.shqiperia.com\/blog\/wp-json\/wp\/v2\/users\/9"}],"replies":[{"embeddable":true,"href":"https:\/\/www.shqiperia.com\/blog\/wp-json\/wp\/v2\/comments?post=53736"}],"version-history":[{"count":1,"href":"https:\/\/www.shqiperia.com\/blog\/wp-json\/wp\/v2\/posts\/53736\/revisions"}],"predecessor-version":[{"id":53738,"href":"https:\/\/www.shqiperia.com\/blog\/wp-json\/wp\/v2\/posts\/53736\/revisions\/53738"}],"wp:featuredmedia":[{"embeddable":true,"href":"https:\/\/www.shqiperia.com\/blog\/wp-json\/wp\/v2\/media\/53737"}],"wp:attachment":[{"href":"https:\/\/www.shqiperia.com\/blog\/wp-json\/wp\/v2\/media?parent=53736"}],"wp:term":[{"taxonomy":"category","embeddable":true,"href":"https:\/\/www.shqiperia.com\/blog\/wp-json\/wp\/v2\/categories?post=53736"},{"taxonomy":"post_tag","embeddable":true,"href":"https:\/\/www.shqiperia.com\/blog\/wp-json\/wp\/v2\/tags?post=53736"}],"curies":[{"name":"wp","href":"https:\/\/api.w.org\/{rel}","templated":true}]}}