{"id":53733,"date":"2022-02-04T12:35:28","date_gmt":"2022-02-04T12:35:28","guid":{"rendered":"https:\/\/www.shqiperia.com\/blog\/?p=53733"},"modified":"2022-02-04T12:35:28","modified_gmt":"2022-02-04T12:35:28","slug":"plas-skandali-me-butrintin-grek-neritan-ceka-hedh-drite-ministria-e-kultures-e-ka-futur-ne-dokumente-zyrtare-nuk-mbron-dot-identitetin-kombetar","status":"publish","type":"post","link":"https:\/\/www.shqiperia.com\/blog\/plas-skandali-me-butrintin-grek-neritan-ceka-hedh-drite-ministria-e-kultures-e-ka-futur-ne-dokumente-zyrtare-nuk-mbron-dot-identitetin-kombetar\/","title":{"rendered":"Plas skandali me \u201cButrintin grek\u201d, Neritan Ceka hedh drit\u00eb: Ministria e Kultur\u00ebs e ka futur n\u00eb dokumente zyrtare, nuk mbron dot identitetin komb\u00ebtar"},"content":{"rendered":"<div id=\"attachment_53734\" style=\"width: 659px\" class=\"wp-caption alignnone\"><img data-recalc-dims=\"1\" loading=\"lazy\" decoding=\"async\" aria-describedby=\"caption-attachment-53734\" data-attachment-id=\"53734\" data-permalink=\"https:\/\/www.shqiperia.com\/blog\/plas-skandali-me-butrintin-grek-neritan-ceka-hedh-drite-ministria-e-kultures-e-ka-futur-ne-dokumente-zyrtare-nuk-mbron-dot-identitetin-kombetar\/neritan-ceka-15\/\" data-orig-file=\"https:\/\/i0.wp.com\/www.shqiperia.com\/blog\/wp-content\/uploads\/2022\/02\/Neritan-Ceka.jpg?fit=800%2C455&amp;ssl=1\" data-orig-size=\"800,455\" data-comments-opened=\"1\" data-image-meta=\"{&quot;aperture&quot;:&quot;0&quot;,&quot;credit&quot;:&quot;&quot;,&quot;camera&quot;:&quot;&quot;,&quot;caption&quot;:&quot;&quot;,&quot;created_timestamp&quot;:&quot;0&quot;,&quot;copyright&quot;:&quot;&quot;,&quot;focal_length&quot;:&quot;0&quot;,&quot;iso&quot;:&quot;0&quot;,&quot;shutter_speed&quot;:&quot;0&quot;,&quot;title&quot;:&quot;&quot;,&quot;orientation&quot;:&quot;0&quot;}\" data-image-title=\"Neritan Ceka\" data-image-description=\"\" data-image-caption=\"&lt;p&gt;Neritan Ceka&lt;\/p&gt;\n\" data-medium-file=\"https:\/\/i0.wp.com\/www.shqiperia.com\/blog\/wp-content\/uploads\/2022\/02\/Neritan-Ceka.jpg?fit=300%2C171&amp;ssl=1\" data-large-file=\"https:\/\/i0.wp.com\/www.shqiperia.com\/blog\/wp-content\/uploads\/2022\/02\/Neritan-Ceka.jpg?fit=800%2C455&amp;ssl=1\" class=\" wp-image-53734\" alt=\"\" src=\"https:\/\/i0.wp.com\/www.shqiperia.com\/blog\/wp-content\/uploads\/2022\/02\/Neritan-Ceka.jpg?resize=649%2C370&#038;ssl=1\" width=\"649\" height=\"370\" srcset=\"https:\/\/i0.wp.com\/www.shqiperia.com\/blog\/wp-content\/uploads\/2022\/02\/Neritan-Ceka.jpg?resize=300%2C171&amp;ssl=1 300w, https:\/\/i0.wp.com\/www.shqiperia.com\/blog\/wp-content\/uploads\/2022\/02\/Neritan-Ceka.jpg?resize=768%2C437&amp;ssl=1 768w, https:\/\/i0.wp.com\/www.shqiperia.com\/blog\/wp-content\/uploads\/2022\/02\/Neritan-Ceka.jpg?resize=450%2C256&amp;ssl=1 450w, https:\/\/i0.wp.com\/www.shqiperia.com\/blog\/wp-content\/uploads\/2022\/02\/Neritan-Ceka.jpg?resize=600%2C341&amp;ssl=1 600w, https:\/\/i0.wp.com\/www.shqiperia.com\/blog\/wp-content\/uploads\/2022\/02\/Neritan-Ceka.jpg?resize=400%2C228&amp;ssl=1 400w, https:\/\/i0.wp.com\/www.shqiperia.com\/blog\/wp-content\/uploads\/2022\/02\/Neritan-Ceka.jpg?w=800&amp;ssl=1 800w\" sizes=\"auto, (max-width: 649px) 100vw, 649px\" \/><p id=\"caption-attachment-53734\" class=\"wp-caption-text\">Neritan Ceka<\/p><\/div>\n<p>Plas skandali me \u201cButrintin grek\u201d, Neritan Ceka hedh drit\u00eb: Ministria e Kultur\u00ebs e ka futur n\u00eb dokumente zyrtare, nuk mbron dot identitetin komb\u00ebtar<\/p>\n<p>3 SHKURT 2022<\/p>\n<p>Butrinti, \u00ebsht\u00eb perla e pasuris\u00eb son\u00eb arkeologjike, shprehet prof. dr. Neritan Ceka. \u00c7\u00ebshtja e Butrintit ka sjell\u00eb k\u00ebto dit\u00eb reagime t\u00eb arkeolog\u00ebve t\u00eb ndrysh\u00ebm, ku me kritika p\u00ebr \u00e7far\u00eb ndodh me trash\u00ebgimin\u00eb ton\u00eb kulturore \u00ebsht\u00eb shprehur m\u00eb par\u00eb dhe profesor Neritan Ceka. N\u00eb intervist\u00ebn p\u00ebr gazet\u00ebn \u201cSOT\u201d prof. dr. Neritan Ceka shprehet me kritika ndaj Ministris\u00eb s\u00eb Kultur\u00ebs p\u00ebr trash\u00ebgimin\u00eb ton\u00eb kulturore. Sipas tij, fakti se \u201cButrinti grek\u201d gjendet edhe n\u00eb sajtin e UNESCO-s d\u00ebshmon se k\u00ebto institucione flen\u00eb gjum\u00eb n\u00eb promovimin e kultur\u00ebs dhe identitetit shqiptar. P\u00ebr arkeologun e njohur Neritan Ceka n\u00eb kushte kur kemi institucione t\u00eb paafta p\u00ebr promovimin, por edhe mbrojtjen e identitetit ton\u00eb komb\u00ebtar, kjo detyr\u00eb i takon secilit q\u00eb ka kultur\u00ebn dhe atdhedashurin\u00eb e duhur.<\/p>\n<p>-\u00c7\u00ebshtja e Butrintit ka sjell\u00eb k\u00ebto dit\u00eb reagime t\u00eb specialist\u00ebve t\u00eb fush\u00ebs s\u00eb trash\u00ebgimis\u00eb kulturore. \u201cThe Guardian\u201d n\u00eb shkrimin e saj p\u00ebr vendet q\u00eb ofron Shqip\u00ebria nd\u00ebr t\u00eb tjera shkruan: \u201cG\u00ebrmoni n\u00eb t\u00eb kaluar\u00ebn e pasur t\u00eb Shqip\u00ebris\u00eb duke vizituar qytete dhe fortesa n\u00eb maj\u00eb t\u00eb kodrave si Kruja, kryeqyteti i par\u00eb i vendit, apo Gjirokastra dhe Berati. Rr\u00ebnoja greke dhe romake ka edhe n\u00eb Apoloni dhe Butrint\u201d. P\u00ebr \u00e7\u00ebshtjen e t\u00eb pasurit ose jo identitet grek Butrinti, ju keni reaguar dhe m\u00eb par\u00eb. \u00c7far\u00eb \u00ebsht\u00eb shqet\u00ebsuese p\u00ebr ju?<\/p>\n<p>Ky shkrim, sipas meje, \u00ebsht\u00eb krejt\u00ebsisht pozitiv dhe nuk sjell asgj\u00eb t\u00eb keqe, n\u00eb se turist\u00ebt e nxitur prej tij do t\u00eb shum\u00ebfishohen gjat\u00eb sezonit q\u00eb po vjen. E keqja q\u00ebndron n\u00eb m\u00ebnyr\u00ebn se si do t\u2019i ofrojm\u00eb atyre trash\u00ebgimin\u00eb ton\u00eb kulturore, ve\u00e7an\u00ebrisht d\u00ebshir\u00ebn e tyre p\u00ebr t\u00eb m\u00ebsuar se nga vijn\u00eb shqiptar\u00eb, ku e kan\u00eb origjin\u00ebn gjuha dhe kultura e tyre. Duhet t\u00eb pranojm\u00eb se burimi kryesor informativ i turist\u00ebve q\u00eb vizitojn\u00eb Shqip\u00ebrin\u00eb \u00ebsht\u00eb Wikipedia, ku z\u00ebrat q\u00eb shpjegojn\u00eb historin\u00eb, kultur\u00ebn dhe ve\u00e7an\u00ebrisht sitet arkeologjike, jan\u00eb p\u00ebrgatitur p\u00ebrgjith\u00ebsisht nga historian\u00eb grek\u00eb me prirje t\u00eb dukshme vorio-epirote. \u00cbsht\u00eb n\u00eb interesin ton\u00eb q\u00eb t&#8217;i ofrojm\u00eb turist\u00ebve t\u00eb huaj bashk\u00eb me mikpritjen legjendare e kuzhin\u00ebn interesante, edhe njohuri solide shkencore p\u00ebr identitetin komb\u00ebtar, ku prejardhja nga ilir\u00ebt e kulturuar p\u00ebrb\u00ebn filles\u00ebn e tregimit.<\/p>\n<p>-Bazuar n\u00eb fakte historike \u00e7far\u00eb mund t\u00eb na thoni rreth Butrintit si arkeolog, cila \u00ebsht\u00eb e v\u00ebrteta?<\/p>\n<p>Butrinti, ose Butroti antik, \u00ebsht\u00eb perla e pasuris\u00eb son\u00eb arkeologjike p\u00ebr arsye t\u00eb ruajtjes s\u00eb p\u00ebrsosur t\u00eb monumenteve, por edhe t\u00eb kontributit nj\u00ebshekullor t\u00eb arkeolog\u00ebve q\u00eb i kan\u00eb zbuluar. \u00c7far\u00eb treguan g\u00ebrmimet arkeologjike t\u00eb realizuara n\u00eb pes\u00eb dekadat e fundit n\u00eb Butrint? S\u00eb pari q\u00eb Butrinti ishte krijuar si nj\u00eb k\u00ebshtjell\u00eb e vog\u00ebl rreth viteve 1400 p. Kr., si nj\u00eb vendbanim peshkatar\u00ebsh dhe bujqish, me nj\u00eb kultur\u00eb materiale q\u00eb e lidhte me trevat e banuara nga ilir\u00ebt. Nuk u gjet asnj\u00eb objekt q\u00eb mund ta lidhte me Greqin\u00eb, apo me Troj\u00ebn e asaj periudhe dhe ishte e qart\u00eb q\u00eb Enea dhe trojan\u00ebt nuk kishin shkelur kurr\u00eb n\u00eb Butrint. N\u00eb dekadat e fundit t\u00eb shek. V p. Kr. gjendja ndryshoi dhe vendin e k\u00ebshtjell\u00ebs e zuri nj\u00eb qytet i v\u00ebrtet\u00eb, ai q\u00eb shikojm\u00eb sot me muret prej blloqesh t\u00eb latuar, ku gjendet Porta Skea dhe Porta e Luanit. Nd\u00ebrtuesit e tij ishin kaon\u00ebt, t\u00eb cil\u00ebt sipas historianit helen t\u00eb asaj periudhe, Tukididit, ishin \u201cbarbar\u00eb\u201d, pra jo grek\u00eb, sipas terminologjis\u00eb s\u00eb koh\u00ebs. Sipas tij, kaon\u00ebt qeveriseshin nga dy n\u00ebpun\u00ebs t\u00eb zgjedhur \u00e7do vit, t\u00eb cil\u00ebt drejtonin n\u00eb vitin 429 p. Kr. nj\u00eb ushtri prej 1000 vetash n\u00eb aleanc\u00eb me mbretin Tharyps t\u00eb Molosis\u00eb. N\u00eb at\u00eb periudh\u00eb u nd\u00ebrtuan n\u00eb territorin e Kaonis\u00eb nj\u00eb rradh\u00eb qytetesh, si Foinike (Finiqi), Borshi, Himara, etj. Dhjet\u00ebra mbishkrime t\u00eb zbuluara n\u00eb Butrint rezulton se qyteti ishte qendra e nj\u00eb nj\u00ebsie t\u00eb ve\u00e7ant\u00eb politike t\u00eb Kaonis\u00eb, q\u00eb njihej si Koinon i Prasaib\u00ebve dhe q\u00eb shtrihej n\u00eb lugin\u00ebn e<\/p>\n<p>lumit Pavlla. Pra d\u00ebshmit\u00eb arkeologjike dhe historike d\u00ebshmojn\u00eb qart\u00eb se Butrinti ishte nj\u00eb themelim prasaib, apo m\u00eb gjer\u00ebsisht kaon dhe epirot. Q\u00eb kaon\u00ebt nuk ishin helen\u00eb, ashtu si\u00e7 nuk ishin t\u00eb gjith\u00eb epirot\u00ebt e tjer\u00eb, k\u00ebt\u00eb e d\u00ebshmojn\u00eb t\u00eb gjith\u00eb autor\u00ebt antik\u00eb, Tukididi dhe Skylaksi n\u00eb shek. V, Efori n\u00eb shek. IV, Polibi n\u00eb shek II, apo Straboni n\u00eb shek. I p. Kr. Kjo p\u00ebrforcohet edhe nga k\u00ebrkimet arkeologjike, t\u00eb cilat d\u00ebshmojn\u00eb nj\u00eb bashk\u00ebsi ilire-epirote n\u00eb kultur\u00ebn e tyre materiale dhe shpirt\u00ebrore gjat\u00eb Antikitetit.<\/p>\n<p>-P\u00ebrball\u00eb k\u00ebsaj q\u00eb po ndodh me Butrintin, sa p\u00ebrgjegj\u00ebsi kan\u00eb sipas jush institucione p\u00ebrgjegj\u00ebse me Ministrin\u00eb e Kultur\u00ebs?<\/p>\n<p>Fakti se \u201cButrinti grek\u201d gjendet edhe n\u00eb sajtin e UNESCO-s d\u00ebshmon se k\u00ebto institucione flen\u00eb gjum\u00eb n\u00eb promovimin e kultur\u00ebs dhe identitetit shqiptar. Pra do ishte m\u00eb e sakt\u00eb t\u00eb m\u00eb pyesnit p\u00ebr institucione t\u00eb pap\u00ebrgjegjshme n\u00eb Ministrin\u00eb e Kultur\u00ebs.<\/p>\n<p>-Ju keni kund\u00ebrshtuar m\u00eb par\u00eb dhe Plani i Menaxhimit t\u00eb Integruar t\u00eb Parkut Komb\u00ebtar t\u00eb Butrintit (2020-2030), duke u shprehur me kritika. Pse?<\/p>\n<p>Nuk kam kund\u00ebrshtuar planin, por metodologjin\u00eb e p\u00ebrgatitjes s\u00eb tij, ku u p\u00ebrjashtuan specialist\u00ebt shqiptar\u00eb, q\u00eb e kan\u00eb krijuar at\u00eb park dhe q\u00eb vazhdojn\u00eb t\u00eb punojn\u00eb atje. Hartimi atij plani ju ngarkua nj\u00eb studioje angleze, q\u00eb angazhoi vet\u00ebm arkeolog\u00eb anglez\u00eb dhe pasoja ishte p\u00ebrgatitja e nj\u00eb dokumenti, n\u00eb t\u00eb cilin ishin fshir\u00eb t\u00eb gjith\u00eb arkeolog\u00ebt shqiptar\u00eb q\u00eb kan\u00eb punuar n\u00eb Butrint dhe ku rezultonte q\u00eb Parku ishte nj\u00eb dhurat\u00eb e \u201cButrint Fondation\u201d, t\u00eb financuar nga dy lord\u00eb anglez\u00eb. S\u00eb dyti, rezultonte se Butrinti ishte formuar gjat\u00eb periudhave greke dhe romake dhe e gjith\u00eb periudha prasaibe, kaone, apo epirote ishte fshir\u00eb bashk\u00eb m\u00eb studiuesit shqiptar\u00eb. S\u00eb treti, ky plan menaxhimi ishte nj\u00eb aeroplan pa motor, sepse nuk sh\u00ebrbente p\u00ebr asgj\u00eb n\u00eb dit\u00ebn q\u00eb do t\u00eb fillonte nj\u00eb m\u00ebnyr\u00eb e re administrimi n\u00eb Butrint. Duhet t\u00eb kujtoj me k\u00ebt\u00eb rast se n\u00eb prezantimin e par\u00eb publik t\u00eb atij plani, nuk ju dha fjala n\u00eb m\u00ebnyr\u00ebn m\u00eb arrogante Auron Tares, q\u00eb ka qen\u00eb krijuesi i parkut modern q\u00eb vizitojm\u00eb sot dhe q\u00eb e mbrojti me rrezik p\u00ebr jet\u00ebn n\u00eb muajt e kaosit t\u00eb vitit 1997.<\/p>\n<p>-N\u00eb lidhje me Butrintin edhe \u201cThe Times\u201d koh\u00eb m\u00eb par\u00eb botoi nj\u00eb shkrim me titull \u201cG\u00ebrmimet zbulojn\u00eb t\u00eb shkuar\u00ebn greke t\u00eb qytetit antik shqiptar\u201d, duke pretenduar se \u00ebsht\u00eb grek&#8230;.<\/p>\n<p>Nuk dua ta komentoj m\u00eb gjat\u00eb at\u00eb karakterizim, duke e konsideruar si lapsus. Por p\u00ebrse duhet t\u00eb k\u00ebrkojm\u00eb gjilp\u00ebr\u00ebn n\u00eb kasht\u00eb n\u00eb artikujt e gazetar\u00ebve t\u00eb huaj, t\u00eb cil\u00ebt na b\u00ebjn\u00eb nj\u00eb nder n\u00eb promovimin e turizmit ton\u00eb n\u00eb tribuna t\u00eb tilla prestigjioze. \u201cButrintin grek\u201d sa nj\u00eb elefant e keni n\u00eb dokumente zyrtare t\u00eb miratuara me ceremoni nga Ministria jon\u00eb e Kultur\u00ebs. N\u00eb kushte kur kemi institucione t\u00eb tilla krejt t\u00eb paafta p\u00ebr promovimin, por edhe mbrojtjen e identitetit ton\u00eb komb\u00ebtar, kjo detyr\u00eb i takon secilit q\u00eb ka kultur\u00ebn dhe atdhedashurin\u00eb e duhur.<\/p>\n<p>&#8211; Dit\u00ebt e fundit ju keni reaguar se n\u00eb nj\u00eb dokument shum\u00eb t\u00eb r\u00ebnd\u00ebsish\u00ebm zyrtar, me sigl\u00ebn e Ministris\u00eb s\u00eb Kultur\u00ebs, Bylisi \u00ebsht\u00eb konsideruar si qytet grek. B\u00ebhet fjal\u00eb p\u00ebr Planin e Menaxhimit t\u00eb Parkut Arkeologjik t\u00eb Bylisit. Ju i drejtoheni ministres s\u00eb Kultur\u00ebs: ku bazoheni n\u00eb konfirmimin e ministris\u00eb suaj se Bylisi ka qen\u00eb qytet grek? \u00c7far\u00eb po ndodh?<\/p>\n<p>Kjo \u00ebsht\u00eb e v\u00ebrtet\u00eb dhe un\u00eb, s\u00eb bashku me koleg\u00ebt e Institutit t\u00eb Arkeologjis\u00eb, e kemi ngritur k\u00ebt\u00eb deformim skandaloz t\u00eb historis\u00eb s\u00eb Bylisit, por edhe vet\u00eb t\u00eb historis\u00eb s\u00eb lasht\u00eb t\u00eb Shqip\u00ebris\u00eb edhe n\u00eb form\u00eb zyrtare. Aspekti i dyt\u00eb \u00ebsht\u00eb ai i frym\u00ebs s\u00eb posht\u00ebrimit ndaj shkenc\u00ebs shqiptare t\u00eb arkeologjis\u00eb q\u00eb p\u00ebrshkon nga fillimi n\u00eb fund at\u00eb dokument. K\u00ebto jan\u00eb \u00e7\u00ebshtje po aq shkencore, sa edhe politike, prandaj<\/p>\n<p>ministrja Margariti duhet t\u2019i p\u00ebrgjigjet \u00e7do personi q\u00eb ja k\u00ebrkon k\u00ebt\u00eb mbi baz\u00ebn e t\u00eb drejtave kushtetuese. Thjesht\u00eb i kemi k\u00ebrkuar t\u00eb na parashtroj\u00eb n\u00eb nj\u00eb debat publik argumentet, se p\u00ebrse n\u00eb dokumentin q\u00eb mban sigl\u00ebn e Ministris\u00eb s\u00eb Kultur\u00ebs, Bylisi rezulton i themeluar nga helen\u00ebt, se koha e egzistenc\u00ebs s\u00eb tij ishin vet\u00ebm periudhat greke dhe romake, apo se Bylisi qeverisej me ligje greke? Me q\u00eb ndoshta, p\u00ebr arsye t\u00eb moskompetenc\u00ebs s\u00eb saj n\u00eb nj\u00eb fush\u00eb si historia dhe arkeologjia, ministrja nuk mund t\u00eb na p\u00ebrgjigjet individualisht, i kam k\u00ebrkuar nj\u00eb ballafaqim publik me \u201ckompetent\u00ebt\u201d q\u00eb ajo mund t\u00eb p\u00ebrzgjedh\u00eb nga stafi prej nj\u00ebqind personash q\u00eb marrin sot rroga p\u00ebr \u201cmenaxhimin\u201d e trash\u00ebgimin\u00eb kulturore n\u00eb Ministrin\u00eb e Kultur\u00ebs.<\/p>\n<p>Mund t\u00eb sjell\u00eb edhe t\u00eb gjith\u00eb\u201ckompetent\u00ebt\u201d italian\u00eb, t\u00eb cil\u00ebve ministria e saj i besoi hartimin e Planit t\u00eb Bylisit. N\u00eb an\u00ebn tjet\u00ebr t\u00eb tryez\u00ebs s\u00eb debatit mund t\u00eb zgjedh\u00eb secilin nga dhjet\u00eb profesor\u00ebt, asistent\/profesor\u00ebt, apo doktor\u00ebt e shkencave t\u00eb Institutit t\u00eb Arkeologjis\u00eb, q\u00eb Ministria e Kultur\u00ebs i ka p\u00ebrjashtuar deri m\u00eb sotme aq vendosm\u00ebri nga hartimi i planeve dhe zbatimi i tyre jo vet\u00ebm n\u00eb Butrint, Apolloni, Finiq dhe tani s\u00eb fundi edhe n\u00eb Bylis. Nuk gjej shpjegim tjet\u00ebr p\u00ebr vazhdimin e heshtjes, ve\u00e7se ta konsideroj si nj\u00eb paranoj\u00eb t\u00eb institucionit t\u00eb Ministris\u00eb s\u00eb Kultur\u00ebs, q\u00eb e bashkon at\u00eb si dy binjake me nj\u00eb praktik\u00eb t\u00eb zbatuar n\u00eb investimet e m\u00ebsip\u00ebrme d\u00ebshtake t\u00eb BE n\u00eb vendin ton\u00eb. Prandaj do t\u00eb d\u00ebshiroja q\u00eb n\u00eb nj\u00eb ballafaqim t\u00eb till\u00eb t\u00eb jen\u00eb edhe p\u00ebrfaq\u00ebsuesit e Zyr\u00ebs s\u00eb Delegacionit t\u00eb BE n\u00eb Tiran\u00eb, si dhe \u201cmenaxhuesit\u201d e tyre t\u00eb preferuar p\u00ebr parat\u00eb e taksapaguesve europian\u00eb, t\u00eb b\u00ebra rrush e kumbulla n\u00eb Apolloni, Finiq, Butrint dhe, vitin q\u00eb kaloi, edhe n\u00eb Bylis, vet\u00ebm p\u00ebr t\u2019i b\u00ebr\u00eb atyre pyetjen e p\u00ebrbashk\u00ebt me ministren: Kur ju silleni k\u00ebshtu me arkeolog\u00ebt shqiptar\u00eb, q\u00eb jan\u00eb nj\u00ebkoh\u00ebsisht edhe elit\u00eb e shkencave albanologjike n\u00eb nivel nd\u00ebrkomb\u00ebtar, \u00e7far\u00eb mund t\u2019i b\u00ebni ju nj\u00eb qytetari t\u00eb thjesht\u00eb dhe cili \u00ebsht\u00eb imazhi q\u00eb transmetoni ju p\u00ebr Europ\u00ebn aq t\u00eb \u00ebnd\u00ebrruar prej tyre?<\/p>\n<p>-Ju jeni shprehur se z\u00ebri i specialist\u00ebve nuk d\u00ebgjohet nga Ministria e Kultur\u00ebs p\u00ebr problemet me trash\u00ebgimin\u00eb kulturore, \u00e7far\u00eb ka sjell\u00eb kjo?<\/p>\n<p>Populli thot\u00eb: Fol me at\u00eb gur, fol me at\u00eb mur<\/p>\n<p>Intervistoi: Julia Vrapi.<\/p>\n<p>Gazeta Sot<\/p>\n","protected":false},"excerpt":{"rendered":"<p>Plas skandali me \u201cButrintin grek\u201d, Neritan Ceka hedh drit\u00eb: Ministria e Kultur\u00ebs e ka futur n\u00eb dokumente zyrtare, nuk mbron dot identitetin komb\u00ebtar 3 SHKURT 2022 Butrinti, \u00ebsht\u00eb perla e pasuris\u00eb son\u00eb arkeologjike, shprehet prof. dr. Neritan Ceka. \u00c7\u00ebshtja e Butrintit ka sjell\u00eb k\u00ebto dit\u00eb reagime t\u00eb arkeolog\u00ebve t\u00eb ndrysh\u00ebm, ku me kritika p\u00ebr \u00e7far\u00eb [&hellip;]<\/p>\n","protected":false},"author":9,"featured_media":53734,"comment_status":"open","ping_status":"open","sticky":false,"template":"","format":"standard","meta":{"jetpack_post_was_ever_published":false,"_jetpack_newsletter_access":"","_jetpack_dont_email_post_to_subs":false,"_jetpack_newsletter_tier_id":0,"_jetpack_memberships_contains_paywalled_content":false,"_jetpack_memberships_contains_paid_content":false,"footnotes":"","jetpack_publicize_message":"","jetpack_publicize_feature_enabled":true,"jetpack_social_post_already_shared":true,"jetpack_social_options":{"image_generator_settings":{"template":"highway","default_image_id":0,"font":"","enabled":false},"version":2}},"categories":[85,10,86],"tags":[],"class_list":["post-53733","post","type-post","status-publish","format-standard","has-post-thumbnail","hentry","category-histori","category-kultura","category-trashegimi-kulturore"],"jetpack_publicize_connections":[],"jetpack_featured_media_url":"https:\/\/i0.wp.com\/www.shqiperia.com\/blog\/wp-content\/uploads\/2022\/02\/Neritan-Ceka.jpg?fit=800%2C455&ssl=1","jetpack_sharing_enabled":true,"jetpack_shortlink":"https:\/\/wp.me\/p5Z6wp-dYF","jetpack-related-posts":[{"id":18275,"url":"https:\/\/www.shqiperia.com\/blog\/neritan-ceka-jep-alarmin-tregon-se-cfare-do-te-ndodhe-me-gjirokastren\/","url_meta":{"origin":53733,"position":0},"title":"Neritan Ceka jep alarmin, tregon se \u00e7far\u00eb do t\u00eb ndodh\u00eb me Gjirokastr\u00ebn.-","author":"Kurt Farka","date":"March 13, 2019","format":false,"excerpt":"Neritan Ceka jep alarmin, tregon se \u00e7far\u00eb do t\u00eb ndodh\u00eb me Gjirokastr\u00ebn.- Specialisti Neritan Ceka ka deklaruar se situata me trash\u00ebgimin\u00eb kulturore n\u00eb Shqip\u00ebri \u00ebsht\u00eb n\u00eb dit\u00eb t\u00eb err\u00ebta. Arkeologu u shpreh se brenda 10 vitesh, gjysma e Gjirokastr\u00ebs rrezikon t\u00eb shembet sepse qeveria nuk ka b\u00ebr\u00eb asnj\u00eb lloj orvatje\u2026","rel":"","context":"In &quot;Histori&quot;","block_context":{"text":"Histori","link":"https:\/\/www.shqiperia.com\/blog\/category\/histori\/"},"img":{"alt_text":"","src":"https:\/\/i0.wp.com\/www.shqiperia.com\/blog\/wp-content\/uploads\/2019\/03\/1j3kpx26580f5758a078d_2400_1400_C_75.jpg?fit=1200%2C616&ssl=1&resize=350%2C200","width":350,"height":200,"srcset":"https:\/\/i0.wp.com\/www.shqiperia.com\/blog\/wp-content\/uploads\/2019\/03\/1j3kpx26580f5758a078d_2400_1400_C_75.jpg?fit=1200%2C616&ssl=1&resize=350%2C200 1x, https:\/\/i0.wp.com\/www.shqiperia.com\/blog\/wp-content\/uploads\/2019\/03\/1j3kpx26580f5758a078d_2400_1400_C_75.jpg?fit=1200%2C616&ssl=1&resize=525%2C300 1.5x, https:\/\/i0.wp.com\/www.shqiperia.com\/blog\/wp-content\/uploads\/2019\/03\/1j3kpx26580f5758a078d_2400_1400_C_75.jpg?fit=1200%2C616&ssl=1&resize=700%2C400 2x, https:\/\/i0.wp.com\/www.shqiperia.com\/blog\/wp-content\/uploads\/2019\/03\/1j3kpx26580f5758a078d_2400_1400_C_75.jpg?fit=1200%2C616&ssl=1&resize=1050%2C600 3x"},"classes":[]},{"id":21711,"url":"https:\/\/www.shqiperia.com\/blog\/specialistet-e-trashegimise-akuzojne-asha-eshte-shnderruar-ne-nje-agjenci-dekorative-qender-korrupsioni-dhe-paaftesie\/","url_meta":{"origin":53733,"position":1},"title":"Specialist\u00ebt e trash\u00ebgimis\u00eb akuzojn\u00eb ASHA: &#8211; \u00cbsht\u00eb shnd\u00ebrruar n\u00eb nj\u00eb agjenci dekorative, qend\u00ebr korrupsioni dhe paaft\u00ebsie","author":"Kurt Farka","date":"June 8, 2019","format":false,"excerpt":"Specialist\u00ebt e trash\u00ebgimis\u00eb akuzojn\u00eb ASHA: - \u00cbsht\u00eb shnd\u00ebrruar n\u00eb nj\u00eb agjenci dekorative, qend\u00ebr korrupsioni dhe paaft\u00ebsie 07\/06\/2019 Specialist\u00ebt e trash\u00ebgimis\u00eb shprehen se baza e arkeologjis\u00eb \u00ebsht\u00eb g\u00ebrmimi arkeologjik, por n\u00eb vendin ton\u00eb kjo \u00ebsht\u00eb shum\u00eb e pakt\u00eb krahasuar me vite m\u00eb par\u00eb. T\u00eb gjendur p\u00ebrball\u00eb k\u00ebsaj situate studiues dhe arkeolog\u00eb\u2026","rel":"","context":"In &quot;Histori&quot;","block_context":{"text":"Histori","link":"https:\/\/www.shqiperia.com\/blog\/category\/histori\/"},"img":{"alt_text":"","src":"https:\/\/i0.wp.com\/www.shqiperia.com\/blog\/wp-content\/uploads\/2019\/06\/arkelogjiaaaa_faqe_asha_faqe_18-1-300x199.jpg?resize=350%2C200","width":350,"height":200},"classes":[]},{"id":93884,"url":"https:\/\/www.shqiperia.com\/blog\/neritan-ceka-ne-fushen-e-arkeologjise-te-behet-nje-reforme-e-plote-probleme-jo-vetem-ne-organizim-por-edhe-financimi-0817-22-09-2025-a-a-neritan-ceka-ne-fushen-e-arkeologjise-te-behet-nje-r\/","url_meta":{"origin":53733,"position":2},"title":"Neritan Ceka: N\u00eb fush\u00ebn e arkeologjis\u00eb t\u00eb b\u00ebhet nj\u00eb reform\u00eb e plot\u00eb, probleme jo vet\u00ebm n\u00eb organizim, por edhe financimi   08:17 | 22\/09\/2025 A A Neritan Ceka: &#8211; N\u00eb fush\u00ebn e arkeologjis\u00eb t\u00eb b\u00ebhet nj\u00eb reform\u00eb e plot\u00eb, probleme jo vet\u00ebm n\u00eb organizim, por edhe financimi Arkeologjia n","author":"Kurt Farka","date":"September 22, 2025","format":false,"excerpt":"22 Shtator 2025 Intervistoi: Juljana Vrapi Arkeologjia n\u00eb vend p\u00ebrballet jo vet\u00ebm me probleme t\u00eb organizimit, por edhe t\u00eb financimit. Profesor Neritan Ceka thot\u00eb se n\u00eb fush\u00ebn e arkeologjis\u00eb duhet t\u00eb b\u00ebhet nj\u00eb reform\u00eb e plot\u00eb. N\u00eb intervist\u00ebn p\u00ebr gazet\u00ebn \u201cSOT\u201d profesor Neritan Ceka arkeolog shprehet me kritika ndaj institucioneve\u2026","rel":"","context":"In &quot;Arte&quot;","block_context":{"text":"Arte","link":"https:\/\/www.shqiperia.com\/blog\/category\/arte\/"},"img":{"alt_text":"","src":"https:\/\/i0.wp.com\/www.shqiperia.com\/blog\/wp-content\/uploads\/2025\/09\/antigonea-faqe-18-19-Copy.jpg?fit=1200%2C740&ssl=1&resize=350%2C200","width":350,"height":200,"srcset":"https:\/\/i0.wp.com\/www.shqiperia.com\/blog\/wp-content\/uploads\/2025\/09\/antigonea-faqe-18-19-Copy.jpg?fit=1200%2C740&ssl=1&resize=350%2C200 1x, https:\/\/i0.wp.com\/www.shqiperia.com\/blog\/wp-content\/uploads\/2025\/09\/antigonea-faqe-18-19-Copy.jpg?fit=1200%2C740&ssl=1&resize=525%2C300 1.5x, https:\/\/i0.wp.com\/www.shqiperia.com\/blog\/wp-content\/uploads\/2025\/09\/antigonea-faqe-18-19-Copy.jpg?fit=1200%2C740&ssl=1&resize=700%2C400 2x, https:\/\/i0.wp.com\/www.shqiperia.com\/blog\/wp-content\/uploads\/2025\/09\/antigonea-faqe-18-19-Copy.jpg?fit=1200%2C740&ssl=1&resize=1050%2C600 3x"},"classes":[]},{"id":16727,"url":"https:\/\/www.shqiperia.com\/blog\/hec-i-ne-holte-flet-neritan-ceka-ta-zgjidh-pokuroria-ministri-klosi-nuk-eshte-i-sinqerte-po-mbron-dike-atje\/","url_meta":{"origin":53733,"position":3},"title":"HEC-i n\u00eb Holt\u00eb, flet Neritan Ceka: &#8211; Ta zgjidh POKURORIA. Ministri Klosi nuk \u00ebsht\u00eb i SINQERT\u00cb, po mbron dik\u00eb atje. &#8211;","author":"Kurt Farka","date":"January 29, 2019","format":false,"excerpt":"HEC-i n\u00eb Holt\u00eb, flet Neritan Ceka: - Ta zgjidh POKURORIA. Ministri Klosi nuk \u00ebsht\u00eb i SINQERT\u00cb, po mbron dik\u00eb atje. - 22:04 28- Ish-politikan dhe an\u00ebtari i Forumit t\u00eb Trashgimis\u00eb Kolturore, Neritan Ceka, ka th\u00ebn\u00eb mbr\u00ebmjen e sotme se \u00e7\u00ebshtjen p\u00ebr nd\u00ebrtimin e HEC-it n\u00eb kanionit e Holt\u00ebs duhet ta\u2026","rel":"","context":"In &quot;Kultura&quot;","block_context":{"text":"Kultura","link":"https:\/\/www.shqiperia.com\/blog\/category\/kultura\/"},"img":{"alt_text":"","src":"https:\/\/i0.wp.com\/www.shqiperia.com\/blog\/wp-content\/uploads\/2019\/01\/Neritan-Ceka.jpg?fit=700%2C364&ssl=1&resize=350%2C200","width":350,"height":200,"srcset":"https:\/\/i0.wp.com\/www.shqiperia.com\/blog\/wp-content\/uploads\/2019\/01\/Neritan-Ceka.jpg?fit=700%2C364&ssl=1&resize=350%2C200 1x, https:\/\/i0.wp.com\/www.shqiperia.com\/blog\/wp-content\/uploads\/2019\/01\/Neritan-Ceka.jpg?fit=700%2C364&ssl=1&resize=525%2C300 1.5x, https:\/\/i0.wp.com\/www.shqiperia.com\/blog\/wp-content\/uploads\/2019\/01\/Neritan-Ceka.jpg?fit=700%2C364&ssl=1&resize=700%2C400 2x"},"classes":[]},{"id":23538,"url":"https:\/\/www.shqiperia.com\/blog\/keni-pasur-tendera-me-tendera-te-fikni-deren-per-dy-kisha-kane-harxhuar-aq-sa-mund-te-restauroheshin-te-gjithe-kishat\/","url_meta":{"origin":53733,"position":4},"title":"Neritan Ceka: &#8211; Keni pasur tendera. Me tendera t\u00eb fikni der\u00ebn. &#8211; P\u00ebr dy kisha kan\u00eb harxhuar aq sa mund t\u00eb restauroheshin t\u00eb gjith\u00eb kishat. &#8211;","author":"Kurt Farka","date":"July 25, 2019","format":false,"excerpt":"Neritan Ceka: - Keni pasur tendera. Me tendera t\u00eb fikni der\u00ebn. - P\u00ebr dy kisha kan\u00eb harxhuar aq sa mund t\u00eb restauroheshin t\u00eb gjith\u00eb kishat. - 24\/07\/2019 - 23:05 Arkeologu Neritan Ceka debatoi me p\u00ebrfaq\u00ebsuesen e ministris\u00eb s\u00eb Kultur\u00ebs Kozeta Angjeli , n\u00eb studion e emisionit \u201cArena\u201d n\u00eb RTV Ora.\u2026","rel":"","context":"In &quot;Blogu i Udh\u00ebtarit&quot;","block_context":{"text":"Blogu i Udh\u00ebtarit","link":"https:\/\/www.shqiperia.com\/blog\/category\/blogu-i-udhetarit\/"},"img":{"alt_text":"","src":"https:\/\/i0.wp.com\/www.shqiperia.com\/blog\/wp-content\/uploads\/2019\/07\/neritanceka2.jpg?fit=1200%2C675&ssl=1&resize=350%2C200","width":350,"height":200,"srcset":"https:\/\/i0.wp.com\/www.shqiperia.com\/blog\/wp-content\/uploads\/2019\/07\/neritanceka2.jpg?fit=1200%2C675&ssl=1&resize=350%2C200 1x, https:\/\/i0.wp.com\/www.shqiperia.com\/blog\/wp-content\/uploads\/2019\/07\/neritanceka2.jpg?fit=1200%2C675&ssl=1&resize=525%2C300 1.5x, https:\/\/i0.wp.com\/www.shqiperia.com\/blog\/wp-content\/uploads\/2019\/07\/neritanceka2.jpg?fit=1200%2C675&ssl=1&resize=700%2C400 2x, https:\/\/i0.wp.com\/www.shqiperia.com\/blog\/wp-content\/uploads\/2019\/07\/neritanceka2.jpg?fit=1200%2C675&ssl=1&resize=1050%2C600 3x"},"classes":[]},{"id":87490,"url":"https:\/\/www.shqiperia.com\/blog\/neritan-ceka-privati-ka-shkelur-me-kembe-shtetin-fshirja-e-identitetit-krim-per-historine\/","url_meta":{"origin":53733,"position":5},"title":"Neritan Ceka: &#8211; Privati ka shkelur me k\u00ebmb\u00eb shtetin, fshirja e identitetit krim p\u00ebr historin\u00eb","author":"Kurt Farka","date":"December 16, 2024","format":false,"excerpt":"16 Dhjetor 2024 Arkeologu Neritan Ceka, i ftuar n\u00eb emisionin \"Odeon\", dha nj\u00eb pasqyr\u00eb t\u00eb gjendjes s\u00eb mjerueshme t\u00eb trash\u00ebgimis\u00eb kulturore n\u00eb Shqip\u00ebri, duke evidentuar shkat\u00ebrrimin sistematik t\u00eb monumenteve dhe munges\u00ebn e p\u00ebrgjegj\u00ebsis\u00eb institucionale. Sipas tij, sistemi i mbrojtjes s\u00eb monumenteve \u00ebsht\u00eb shp\u00ebrb\u00ebr\u00eb plot\u00ebsisht dhe nuk ka nj\u00eb autoritet t\u00eb\u2026","rel":"","context":"In &quot;Blogu i Udh\u00ebtarit&quot;","block_context":{"text":"Blogu i Udh\u00ebtarit","link":"https:\/\/www.shqiperia.com\/blog\/category\/blogu-i-udhetarit\/"},"img":{"alt_text":"","src":"https:\/\/i0.wp.com\/www.shqiperia.com\/blog\/wp-content\/uploads\/2024\/12\/neritan_ceka_16558.jpg?fit=640%2C400&ssl=1&resize=350%2C200","width":350,"height":200,"srcset":"https:\/\/i0.wp.com\/www.shqiperia.com\/blog\/wp-content\/uploads\/2024\/12\/neritan_ceka_16558.jpg?fit=640%2C400&ssl=1&resize=350%2C200 1x, https:\/\/i0.wp.com\/www.shqiperia.com\/blog\/wp-content\/uploads\/2024\/12\/neritan_ceka_16558.jpg?fit=640%2C400&ssl=1&resize=525%2C300 1.5x"},"classes":[]}],"_links":{"self":[{"href":"https:\/\/www.shqiperia.com\/blog\/wp-json\/wp\/v2\/posts\/53733","targetHints":{"allow":["GET"]}}],"collection":[{"href":"https:\/\/www.shqiperia.com\/blog\/wp-json\/wp\/v2\/posts"}],"about":[{"href":"https:\/\/www.shqiperia.com\/blog\/wp-json\/wp\/v2\/types\/post"}],"author":[{"embeddable":true,"href":"https:\/\/www.shqiperia.com\/blog\/wp-json\/wp\/v2\/users\/9"}],"replies":[{"embeddable":true,"href":"https:\/\/www.shqiperia.com\/blog\/wp-json\/wp\/v2\/comments?post=53733"}],"version-history":[{"count":1,"href":"https:\/\/www.shqiperia.com\/blog\/wp-json\/wp\/v2\/posts\/53733\/revisions"}],"predecessor-version":[{"id":53735,"href":"https:\/\/www.shqiperia.com\/blog\/wp-json\/wp\/v2\/posts\/53733\/revisions\/53735"}],"wp:featuredmedia":[{"embeddable":true,"href":"https:\/\/www.shqiperia.com\/blog\/wp-json\/wp\/v2\/media\/53734"}],"wp:attachment":[{"href":"https:\/\/www.shqiperia.com\/blog\/wp-json\/wp\/v2\/media?parent=53733"}],"wp:term":[{"taxonomy":"category","embeddable":true,"href":"https:\/\/www.shqiperia.com\/blog\/wp-json\/wp\/v2\/categories?post=53733"},{"taxonomy":"post_tag","embeddable":true,"href":"https:\/\/www.shqiperia.com\/blog\/wp-json\/wp\/v2\/tags?post=53733"}],"curies":[{"name":"wp","href":"https:\/\/api.w.org\/{rel}","templated":true}]}}