{"id":53727,"date":"2022-02-04T11:28:47","date_gmt":"2022-02-04T11:28:47","guid":{"rendered":"https:\/\/www.shqiperia.com\/blog\/?p=53727"},"modified":"2022-02-04T11:28:47","modified_gmt":"2022-02-04T11:28:47","slug":"themelohet-dega-e-illuminatit-bavarez-ne-shqiperi-lozha-karl-gega-realizon-endrren","status":"publish","type":"post","link":"https:\/\/www.shqiperia.com\/blog\/themelohet-dega-e-illuminatit-bavarez-ne-shqiperi-lozha-karl-gega-realizon-endrren\/","title":{"rendered":"Themelohet dega e \u201cIlluminatit\u201d bavarez n\u00eb Shqip\u00ebri\/ Lozha \u201cKarl Gega\u201d realizon \u00ebndrr\u00ebn"},"content":{"rendered":"<p><img data-recalc-dims=\"1\" loading=\"lazy\" decoding=\"async\" data-attachment-id=\"53728\" data-permalink=\"https:\/\/www.shqiperia.com\/blog\/themelohet-dega-e-illuminatit-bavarez-ne-shqiperi-lozha-karl-gega-realizon-endrren\/illuminatit-bavarez-ne-shqiperi-lozha-karl-gega\/\" data-orig-file=\"https:\/\/i0.wp.com\/www.shqiperia.com\/blog\/wp-content\/uploads\/2022\/02\/Illuminatit-bavarez-ne-Shqiperi-Lozha-Karl-Gega.jpg?fit=770%2C433&amp;ssl=1\" data-orig-size=\"770,433\" data-comments-opened=\"1\" data-image-meta=\"{&quot;aperture&quot;:&quot;0&quot;,&quot;credit&quot;:&quot;&quot;,&quot;camera&quot;:&quot;&quot;,&quot;caption&quot;:&quot;&quot;,&quot;created_timestamp&quot;:&quot;0&quot;,&quot;copyright&quot;:&quot;&quot;,&quot;focal_length&quot;:&quot;0&quot;,&quot;iso&quot;:&quot;0&quot;,&quot;shutter_speed&quot;:&quot;0&quot;,&quot;title&quot;:&quot;&quot;,&quot;orientation&quot;:&quot;0&quot;}\" data-image-title=\"\u201cIlluminatit\u201d bavarez n\u00eb Shqip\u00ebri Lozha \u201cKarl Gega\u201d\" data-image-description=\"\" data-image-caption=\"\" data-medium-file=\"https:\/\/i0.wp.com\/www.shqiperia.com\/blog\/wp-content\/uploads\/2022\/02\/Illuminatit-bavarez-ne-Shqiperi-Lozha-Karl-Gega.jpg?fit=300%2C169&amp;ssl=1\" data-large-file=\"https:\/\/i0.wp.com\/www.shqiperia.com\/blog\/wp-content\/uploads\/2022\/02\/Illuminatit-bavarez-ne-Shqiperi-Lozha-Karl-Gega.jpg?fit=770%2C433&amp;ssl=1\" class=\"alignnone  wp-image-53728\" alt=\"\" src=\"https:\/\/i0.wp.com\/www.shqiperia.com\/blog\/wp-content\/uploads\/2022\/02\/Illuminatit-bavarez-ne-Shqiperi-Lozha-Karl-Gega.jpg?resize=660%2C372&#038;ssl=1\" width=\"660\" height=\"372\" srcset=\"https:\/\/i0.wp.com\/www.shqiperia.com\/blog\/wp-content\/uploads\/2022\/02\/Illuminatit-bavarez-ne-Shqiperi-Lozha-Karl-Gega.jpg?resize=300%2C169&amp;ssl=1 300w, https:\/\/i0.wp.com\/www.shqiperia.com\/blog\/wp-content\/uploads\/2022\/02\/Illuminatit-bavarez-ne-Shqiperi-Lozha-Karl-Gega.jpg?resize=768%2C432&amp;ssl=1 768w, https:\/\/i0.wp.com\/www.shqiperia.com\/blog\/wp-content\/uploads\/2022\/02\/Illuminatit-bavarez-ne-Shqiperi-Lozha-Karl-Gega.jpg?resize=450%2C253&amp;ssl=1 450w, https:\/\/i0.wp.com\/www.shqiperia.com\/blog\/wp-content\/uploads\/2022\/02\/Illuminatit-bavarez-ne-Shqiperi-Lozha-Karl-Gega.jpg?resize=600%2C337&amp;ssl=1 600w, https:\/\/i0.wp.com\/www.shqiperia.com\/blog\/wp-content\/uploads\/2022\/02\/Illuminatit-bavarez-ne-Shqiperi-Lozha-Karl-Gega.jpg?resize=400%2C225&amp;ssl=1 400w, https:\/\/i0.wp.com\/www.shqiperia.com\/blog\/wp-content\/uploads\/2022\/02\/Illuminatit-bavarez-ne-Shqiperi-Lozha-Karl-Gega.jpg?w=770&amp;ssl=1 770w\" sizes=\"auto, (max-width: 660px) 100vw, 660px\" \/><\/p>\n<p>Themelohet dega e \u201cIlluminatit\u201d bavarez n\u00eb Shqip\u00ebri\/ Lozha \u201cKarl Gega\u201d realizon \u00ebndrr\u00ebn<\/p>\n<p>&#8211; 03.02.22<\/p>\n<p>Illuminati \u00ebsht\u00eb nj\u00eb em\u00ebr q\u00eb u jepet disa grupeve, reale dhe fiktive. Historikisht, emri zakonisht i referohet Iluminati bavarez, nj\u00eb shoq\u00ebri sekrete e epok\u00ebs iluministe, e themeluar m\u00eb 1 maj 1776 n\u00eb Bavari, sot pjes\u00eb e Gjermanis\u00eb, n\u00ebse i referohemi nj\u00ebohurive t\u00eb p\u00ebrgjithshme p\u00ebr grupimin, t\u00eb cilit i druhen t\u00eb gjith\u00eb anek\u00ebnd bot\u00ebs.<\/p>\n<p>Por, q\u00eb nga koha kur termi \u201cIluminati\u201d erdhi n\u00eb jet\u00eb kan\u00eb kaluar pes\u00eb shekuj. Historiani spanjoll Marcelino Men\u00e9ndez y Pelayo e ka gjurmuar termin deri n\u00eb vitin 1492 (n\u00eb form\u00ebn aluminados, 1498) dhe mendonte se pik\u00ebpamjet e tyre u promovuan n\u00eb Spanj\u00eb p\u00ebrmes ndikimeve nga Italia.<\/p>\n<p>Grupi i shoq\u00ebruar m\u00eb shpesh me me k\u00ebt\u00eb em\u00ebr mund t\u00eb ket\u00eb qen\u00eb nj\u00eb l\u00ebvizje jet\u00ebshkurt\u00ebr e mendimit t\u00eb lir\u00eb republikan e themeluar n\u00eb Dit\u00ebn e Majit 1776 nga Adam Weishaupt, profesor i s\u00eb drejt\u00ebs kanonike n\u00eb Ingolstadt dhe nj\u00eb ish-jezuit.<\/p>\n<p>Sipas nj\u00eb shkrimi nga \u201cBrittanica\u201d, an\u00ebtar\u00ebt e k\u00ebsaj shoq\u00ebrie sekrete e quanin veten \u201cperfektibilist\u00eb\u201d, pasi q\u00ebllimi i themeluesit t\u00eb tyre ishte t\u00eb z\u00ebvend\u00ebsonte krishterimin me nj\u00eb fe t\u00eb logjikshme, si\u00e7 b\u00ebn\u00eb m\u00eb von\u00eb revolucionar\u00ebt e Franc\u00ebs dhe filozofi pozitivist i shekullit t\u00eb 19-t\u00eb Auguste Comte. Urdhri u organizua sipas linjave t\u00eb jezuit\u00ebve dhe ruante disiplin\u00ebn e brendshme dhe nj\u00eb sistem mbik\u00ebqyrjeje t\u00eb nd\u00ebrsjell\u00eb t\u00eb bazuar n\u00eb at\u00eb model. An\u00ebtar\u00ebt e saj u zotuan t\u2019iu bindeshin epror\u00ebve t\u00eb tyre dhe u ndan\u00eb n\u00eb tri klasa kryesore: e para p\u00ebrfshinte \u201cnistar\u00ebt\u201d, \u201cminerval\u00ebt\u201d dhe \u201ciluminat\u00ebt m\u00eb t\u00eb vegj\u00ebl\u201d; i dyti p\u00ebrb\u00ebhej nga mason\u00eb (\u201ct\u00eb zakonsh\u00ebm\u201d, \u201cskocez\u201d dhe \u201ckalor\u00ebs skocez\u00eb\u201d); dhe klasa e tret\u00eb ose \u201cmister\u201d p\u00ebrb\u00ebhej nga dy klasa \u201cprift\u201d dhe \u201cregjent\u201d si dhe \u201cmagus\u201d dhe \u201cmbret\u201d.<\/p>\n<p>Duke filluar me nj\u00eb rreth t\u00eb ngusht\u00eb dishepujsh t\u00eb p\u00ebrzgjedhur me kujdes nga student\u00ebt e tij, Weishaupt i zgjeroi gradualisht p\u00ebrpjekjet e tij t\u00eb rekrutimit nga Ingolstadt n\u00eb Eichst\u00e4tt, Freising, Mynih dhe gjetk\u00eb, duke i kushtuar v\u00ebmendje t\u00eb ve\u00e7ant\u00eb regjistrimit t\u00eb t\u00eb rinjve me pasuri, grad\u00eb dhe vende t\u00eb tjera. r\u00ebnd\u00ebsi sociale.<\/p>\n<p>Nga viti 1778 e tutje, iluminat\u00ebt e Weishaupt filluan t\u00eb kontaktojn\u00eb me lozha t\u00eb ndryshme masonike, ku, n\u00ebn impulsin e Adolf Franz Friedrich, Freiherr von Knigge, nj\u00eb prej kryefamiljar\u00ebve t\u00eb tyre t\u00eb konvertuar, ata shpesh arrinin t\u00eb fitonin nj\u00eb pozicion komandues. E gjith\u00eb korrespodenca e brendshme b\u00ebhej n\u00eb m\u00ebnyr\u00eb shifrore dhe p\u00ebr t\u00eb rritur mistifikimin, qytetet dhe provincat u investuan me em\u00ebrtime t\u00eb reja dhe krejt\u00ebsisht arbitrare, shkruhet nd\u00ebr t\u00eb tjera n\u00eb \u201cBrittanica\u201d.<\/p>\n<p>Shqip\u00ebria b\u00ebhet zyrtarisht me deg\u00ebn \u201cIlluminati\u201d<\/p>\n<p>Kolegji \u201cKarl Gega\u201d ka njoftuar themelimin e deg\u00ebs s\u00eb \u201cIlluminatit\u201d n\u00eb vendin ton\u00eb, duke theksuar se, realizon \u00ebndrr\u00ebn e shum\u00eb njer\u00ebzve t\u00eb shquar dhe patriot\u00ebve t\u00eb ndersh\u00ebm, t\u00eb cil\u00ebt nd\u00ebr dekada kan\u00eb luftuar p\u00ebr sjelljen e drit\u00ebs s\u00eb v\u00ebrtet\u00eb t\u00eb Iluminatit n\u00eb Shqip\u00ebri\u201d.<\/p>\n<p>Me an\u00eb t\u00eb nj\u00eb deklarate, njoftohet se \u201cLozha \u201cKarl Gega\u201d ka p\u00ebr q\u00ebllim dh\u00ebnien e nj\u00eb kontributi m\u00eb t\u00eb vyer p\u00ebr lirin\u00eb, demokracin\u00eb, zhvillimin, integrimin euro-atlantik t\u00eb vendit dhe promovimin e m\u00ebtejsh\u00ebm t\u00eb historis\u00eb dhe t\u00eb kultur\u00ebs son\u00eb komb\u00ebtare<\/p>\n<p>\u201cThemelohet n\u00eb Shqip\u00ebri dega e \u201cIlluminatit\u201d. Q\u00eb nga data 29 Janar 2022, Shqip\u00ebria \u00ebsht\u00eb zyrtarisht pjes\u00eb e Iluminatit Bot\u00ebror, i cili z\u00eb fill n\u00eb Bavari m\u00eb 1 Maj 1776. Me dekret t\u00eb posa\u00e7\u00ebm t\u00eb Grand Assembly of the Brotherhood of Light, u miratua themelimi i Iluminatit n\u00eb Shqip\u00ebri, i cili zhvilloi takimin e tij t\u00eb par\u00eb n\u00eb nj\u00eb ceremoni solemne n\u00eb kuad\u00ebr t\u00eb Kolegjit \u201cKarl Gega\u201d, ku mor\u00ebn pjes\u00eb p\u00ebrfaq\u00ebsues nga rajoni dhe bota. Personalitetet shqiptare, t\u00eb cil\u00ebt deri tani kan\u00eb qen\u00eb pjes\u00eb e Iluminatit bot\u00ebror\u00eb, tani jan\u00eb themelues dhe an\u00ebtar\u00eb t\u00eb Iluminatit Shqiptar\u00eb!<\/p>\n<p>Lozha \u201cKarl Gega\u201d, realizon \u00ebndrr\u00ebn e shum\u00eb njer\u00ebzve t\u00eb shquar dhe patriot\u00ebve t\u00eb ndersh\u00ebm, t\u00eb cil\u00ebt nd\u00ebr dekada kan\u00eb luftuar p\u00ebr sjelljen e drit\u00ebs s\u00eb v\u00ebrtet\u00eb t\u00eb Iluminatit n\u00eb Shqip\u00ebri. Misioni i k\u00ebsaj Lozhe \u00ebsht\u00eb dh\u00ebnia e nj\u00eb kontributi m\u00eb t\u00eb vyer p\u00ebr lirin\u00eb, demokracin\u00eb, zhvillimin, integrimin euro-atlantik t\u00eb vendit dhe promovimin e m\u00ebtejsh\u00ebm t\u00eb historis\u00eb dhe t\u00eb kultur\u00ebs son\u00eb komb\u00ebtare. Karl Gega ishte dhe mbetet nj\u00eb shqiptar i madh, nj\u00eb arkitekt gjenial dhe nj\u00eb pishtar drite, q\u00eb na frym\u00ebzon n\u00eb rrug\u00ebn e re iluministe.<\/p>\n<p>N\u00eb p\u00ebrb\u00ebrje t\u00eb Iluminatit shqiptar, ka figura t\u00eb shquara, t\u00eb cil\u00ebt kan\u00eb dh\u00ebn\u00eb dhe vazhdojn\u00eb t\u00eb japin kontributin e tyre n\u00eb institucione publike e private, duke qen\u00eb shembullor\u00eb n\u00eb zbatimin e ligjeve t\u00eb vendit dhe ruajtjen m\u00eb t\u00eb mir\u00eb t\u00eb vlerave t\u00eb familjes.<\/p>\n<p>P\u00ebr \u00e7do interesim t\u00eb m\u00ebtejsh\u00ebm specifik, mund t\u00eb drejtoni pyetjet tuaja n\u00eb k\u00ebt\u00eb adres\u00eb: karlgegaal@gmail.com\u201d, thuhet n\u00eb njoftim.<\/p>\n<p>Gazeta Shqiptare<\/p>\n","protected":false},"excerpt":{"rendered":"<p>Themelohet dega e \u201cIlluminatit\u201d bavarez n\u00eb Shqip\u00ebri\/ Lozha \u201cKarl Gega\u201d realizon \u00ebndrr\u00ebn &#8211; 03.02.22 Illuminati \u00ebsht\u00eb nj\u00eb em\u00ebr q\u00eb u jepet disa grupeve, reale dhe fiktive. Historikisht, emri zakonisht i referohet Iluminati bavarez, nj\u00eb shoq\u00ebri sekrete e epok\u00ebs iluministe, e themeluar m\u00eb 1 maj 1776 n\u00eb Bavari, sot pjes\u00eb e Gjermanis\u00eb, n\u00ebse i referohemi nj\u00ebohurive [&hellip;]<\/p>\n","protected":false},"author":9,"featured_media":53728,"comment_status":"open","ping_status":"open","sticky":false,"template":"","format":"standard","meta":{"jetpack_post_was_ever_published":false,"_jetpack_newsletter_access":"","_jetpack_dont_email_post_to_subs":false,"_jetpack_newsletter_tier_id":0,"_jetpack_memberships_contains_paywalled_content":false,"_jetpack_memberships_contains_paid_content":false,"footnotes":"","jetpack_publicize_message":"","jetpack_publicize_feature_enabled":true,"jetpack_social_post_already_shared":true,"jetpack_social_options":{"image_generator_settings":{"template":"highway","default_image_id":0,"font":"","enabled":false},"version":2}},"categories":[85,14,35],"tags":[],"class_list":["post-53727","post","type-post","status-publish","format-standard","has-post-thumbnail","hentry","category-histori","category-press-releases","category-shoqerore"],"jetpack_publicize_connections":[],"jetpack_featured_media_url":"https:\/\/i0.wp.com\/www.shqiperia.com\/blog\/wp-content\/uploads\/2022\/02\/Illuminatit-bavarez-ne-Shqiperi-Lozha-Karl-Gega.jpg?fit=770%2C433&ssl=1","jetpack_sharing_enabled":true,"jetpack_shortlink":"https:\/\/wp.me\/p5Z6wp-dYz","jetpack-related-posts":[{"id":54233,"url":"https:\/\/www.shqiperia.com\/blog\/nga-iluminati-te-templaret-dhe-masonet-shoqerite-sekrete-qe-kane-intriguar-boten\/","url_meta":{"origin":53727,"position":0},"title":"Nga Iluminati, te Templar\u00ebt dhe Mason\u00ebt: &#8211; Shoq\u00ebrit\u00eb sekrete q\u00eb kan\u00eb intriguar bot\u00ebn","author":"Kurt Farka","date":"February 20, 2022","format":false,"excerpt":"Nga Iluminati, te Templar\u00ebt dhe Mason\u00ebt: - Shoq\u00ebrit\u00eb sekrete q\u00eb kan\u00eb intriguar bot\u00ebn Shoq\u00ebrit\u00eb sekrete kan\u00eb lul\u00ebzuar gjat\u00eb gjith\u00eb historis\u00eb dhe an\u00ebtar\u00ebt\u00a0 e tyre (m\u00eb shpesh burrat) jan\u00eb lutur p\u00ebr t\u2019u bashkuar me The Knights Templar , the Freemason , the Illuminati Bavarez, Skull and Bones dhe Bilderberg. Shoq\u00ebrit\u00eb sekrete\u2026","rel":"","context":"In &quot;Histori&quot;","block_context":{"text":"Histori","link":"https:\/\/www.shqiperia.com\/blog\/category\/histori\/"},"img":{"alt_text":"","src":"https:\/\/i0.wp.com\/www.shqiperia.com\/blog\/wp-content\/uploads\/2022\/02\/Nga-Iluminati-te-Templaret-dhe-Masonet.jpg?fit=800%2C429&ssl=1&resize=350%2C200","width":350,"height":200,"srcset":"https:\/\/i0.wp.com\/www.shqiperia.com\/blog\/wp-content\/uploads\/2022\/02\/Nga-Iluminati-te-Templaret-dhe-Masonet.jpg?fit=800%2C429&ssl=1&resize=350%2C200 1x, https:\/\/i0.wp.com\/www.shqiperia.com\/blog\/wp-content\/uploads\/2022\/02\/Nga-Iluminati-te-Templaret-dhe-Masonet.jpg?fit=800%2C429&ssl=1&resize=525%2C300 1.5x, https:\/\/i0.wp.com\/www.shqiperia.com\/blog\/wp-content\/uploads\/2022\/02\/Nga-Iluminati-te-Templaret-dhe-Masonet.jpg?fit=800%2C429&ssl=1&resize=700%2C400 2x"},"classes":[]},{"id":37107,"url":"https:\/\/www.shqiperia.com\/blog\/fshati-gega-dhe-manastiri-perrallor-me-djajte-ne-malin-ograzhden-bullgari\/","url_meta":{"origin":53727,"position":1},"title":"Fshati Gega dhe \u201cManastiri p\u00ebrrallor me djajt\u00eb\u201c n\u00eb malin Ograzhden, Bullgari","author":"Kurt Farka","date":"August 12, 2020","format":false,"excerpt":"Fshati Gega dhe \u201cManastiri p\u00ebrrallor me djajt\u00eb\u201c n\u00eb malin Ograzhden, Bullgari Mali Ograzhden shtrihet n\u00eb pjes\u00ebn jugper\u00ebndimore t\u00eb Bullgaris\u00eb dhe kalon n\u00eb territorin e Maqedonis\u00eb s\u00eb Veriut, ku ndodhet pjesa m\u00eb e lart e tij. Dhjet\u00ebvje\u00e7ar\u00eb t\u00eb t\u00ebr\u00eb me radh\u00eb kjo krahin\u00eb ka qen\u00eb nj\u00eb zon\u00eb e izoluar kufitare, q\u00eb\u2026","rel":"","context":"In &quot;Kultura&quot;","block_context":{"text":"Kultura","link":"https:\/\/www.shqiperia.com\/blog\/category\/kultura\/"},"img":{"alt_text":"","src":"https:\/\/i0.wp.com\/www.shqiperia.com\/blog\/wp-content\/uploads\/2020\/08\/Fshati-Gega-Bullgari-2.jpg?fit=1067%2C533&ssl=1&resize=350%2C200","width":350,"height":200,"srcset":"https:\/\/i0.wp.com\/www.shqiperia.com\/blog\/wp-content\/uploads\/2020\/08\/Fshati-Gega-Bullgari-2.jpg?fit=1067%2C533&ssl=1&resize=350%2C200 1x, https:\/\/i0.wp.com\/www.shqiperia.com\/blog\/wp-content\/uploads\/2020\/08\/Fshati-Gega-Bullgari-2.jpg?fit=1067%2C533&ssl=1&resize=525%2C300 1.5x, https:\/\/i0.wp.com\/www.shqiperia.com\/blog\/wp-content\/uploads\/2020\/08\/Fshati-Gega-Bullgari-2.jpg?fit=1067%2C533&ssl=1&resize=700%2C400 2x, https:\/\/i0.wp.com\/www.shqiperia.com\/blog\/wp-content\/uploads\/2020\/08\/Fshati-Gega-Bullgari-2.jpg?fit=1067%2C533&ssl=1&resize=1050%2C600 3x"},"classes":[]},{"id":38634,"url":"https:\/\/www.shqiperia.com\/blog\/ekspozite-brezash-ne-durres-familja-llukaci-realizon-130-punime\/","url_meta":{"origin":53727,"position":2},"title":"Ekspozit\u00eb brezash n\u00eb Durr\u00ebs, familja Lluka\u00e7i realizon 130 punime","author":"Kurt Farka","date":"September 19, 2020","format":false,"excerpt":"Ekspozit\u00eb brezash n\u00eb Durr\u00ebs, familja Lluka\u00e7i realizon 130 punime Shtator 2020 Mbi 130 punime n\u00eb piktur\u00eb dhe skulptur\u00eb, t\u00eb p\u00ebrmasave dhe teknikave t\u00eb ndryshme, vijn\u00eb si pjes\u00eb e shpirtit artistik t\u00eb familjes s\u00eb skulptorit t\u00eb mir\u00ebnjohur durrsak Nelo Lluka\u00e7i, q\u00eb vjen n\u00eb ekspozit\u00ebn e titulluar \u201dE thjesht\u00eb\u201d s\u00eb bashku me\u2026","rel":"","context":"In &quot;Arte&quot;","block_context":{"text":"Arte","link":"https:\/\/www.shqiperia.com\/blog\/category\/arte\/"},"img":{"alt_text":"","src":"https:\/\/i0.wp.com\/www.shqiperia.com\/blog\/wp-content\/uploads\/2020\/09\/Ekspozit%C3%AB-brezash-n%C3%AB-Durr%C3%ABs-familja-Lluka%C3%A7i.jpg?fit=750%2C375&ssl=1&resize=350%2C200","width":350,"height":200,"srcset":"https:\/\/i0.wp.com\/www.shqiperia.com\/blog\/wp-content\/uploads\/2020\/09\/Ekspozit%C3%AB-brezash-n%C3%AB-Durr%C3%ABs-familja-Lluka%C3%A7i.jpg?fit=750%2C375&ssl=1&resize=350%2C200 1x, https:\/\/i0.wp.com\/www.shqiperia.com\/blog\/wp-content\/uploads\/2020\/09\/Ekspozit%C3%AB-brezash-n%C3%AB-Durr%C3%ABs-familja-Lluka%C3%A7i.jpg?fit=750%2C375&ssl=1&resize=525%2C300 1.5x, https:\/\/i0.wp.com\/www.shqiperia.com\/blog\/wp-content\/uploads\/2020\/09\/Ekspozit%C3%AB-brezash-n%C3%AB-Durr%C3%ABs-familja-Lluka%C3%A7i.jpg?fit=750%2C375&ssl=1&resize=700%2C400 2x"},"classes":[]},{"id":17827,"url":"https:\/\/www.shqiperia.com\/blog\/baton-haxhiu-solli-ne-tirane-nje-traste-me-parti-politike-si-gogolin-e-perrallave\/","url_meta":{"origin":53727,"position":3},"title":"Baton Haxhiu solli ne Tirane nje traste me Parti politike, si gogolin  e perrallave \u2026","author":"Kurt Farka","date":"February 23, 2019","format":false,"excerpt":"Baton Haxhiu solli ne Tirane nje traste me Parti politike, si gogolin\u00a0 e perrallave \u2026 Diten e enjte 21 shkurt ne nje Tv te Tiranes Baton Haxhiu tha se, LSI \u201cdo zbehet\u201d dhe se PD \u201cdo t\u00eb zhduket\u201d, e k\u00ebto dy forca mund t\u00eb z\u00ebvend\u00ebsohen nga partia e Vet\u00ebvendosjes. -\u2026","rel":"","context":"In &quot;Kultura&quot;","block_context":{"text":"Kultura","link":"https:\/\/www.shqiperia.com\/blog\/category\/kultura\/"},"img":{"alt_text":"","src":"https:\/\/i0.wp.com\/www.shqiperia.com\/blog\/wp-content\/uploads\/2019\/02\/baton-haxhiu-.jpg?fit=660%2C375&ssl=1&resize=350%2C200","width":350,"height":200,"srcset":"https:\/\/i0.wp.com\/www.shqiperia.com\/blog\/wp-content\/uploads\/2019\/02\/baton-haxhiu-.jpg?fit=660%2C375&ssl=1&resize=350%2C200 1x, https:\/\/i0.wp.com\/www.shqiperia.com\/blog\/wp-content\/uploads\/2019\/02\/baton-haxhiu-.jpg?fit=660%2C375&ssl=1&resize=525%2C300 1.5x"},"classes":[]},{"id":74159,"url":"https:\/\/www.shqiperia.com\/blog\/berisha-ka-nje-video-per-spiropalin-qe-i-preu-endrren-ne-minuten-e-fundit\/","url_meta":{"origin":53727,"position":4},"title":"Berisha: &#8211; Ka nj\u00eb video p\u00ebr Spiropalin q\u00eb i preu \u00ebndrr\u00ebn n\u00eb minut\u00ebn e fundit","author":"Kurt Farka","date":"September 11, 2023","format":false,"excerpt":"11 Shtator 2023 Ish-kryeministri Sali Berisha i cil\u00ebsoi ndryshimet e fundit n\u00eb qeveri q\u00eb u miratuan sot n\u00eb Kuvend si t\u00eb diktuara nga krimi. P\u00ebr her\u00eb t\u00eb par\u00eb deklaroi se n\u00eb vendin e Igli Hasanit n\u00eb ministrin\u00eb e Jashtme ishte planifikuar Elisa Spiropali, por theksoi se nj\u00eb video q\u00eb qarkulloi\u2026","rel":"","context":"In &quot;Blogu i Udh\u00ebtarit&quot;","block_context":{"text":"Blogu i Udh\u00ebtarit","link":"https:\/\/www.shqiperia.com\/blog\/category\/blogu-i-udhetarit\/"},"img":{"alt_text":"","src":"https:\/\/i0.wp.com\/www.shqiperia.com\/blog\/wp-content\/uploads\/2023\/09\/0-500-1689325662xrama-spiropali11-621.jpg?fit=634%2C409&ssl=1&resize=350%2C200","width":350,"height":200,"srcset":"https:\/\/i0.wp.com\/www.shqiperia.com\/blog\/wp-content\/uploads\/2023\/09\/0-500-1689325662xrama-spiropali11-621.jpg?fit=634%2C409&ssl=1&resize=350%2C200 1x, https:\/\/i0.wp.com\/www.shqiperia.com\/blog\/wp-content\/uploads\/2023\/09\/0-500-1689325662xrama-spiropali11-621.jpg?fit=634%2C409&ssl=1&resize=525%2C300 1.5x"},"classes":[]},{"id":69460,"url":"https:\/\/www.shqiperia.com\/blog\/serbia-i-realizon-endrrat-e-veta-vucic-nuk-do-te-kete-njohje-as-faktike-dhe-as-de-jure\/","url_meta":{"origin":53727,"position":5},"title":"&#8220;Serbia i realizon \u00ebndrrat e veta&#8221;. Vu\u00e7i\u00e7: &#8211; Nuk do t\u00eb ket\u00eb njohje as faktike dhe as de jure","author":"Kurt Farka","date":"March 11, 2023","format":false,"excerpt":"11 Mars 2023 Presidenti i Serbis\u00eb, Aleksandar Vu\u00e7i\u00e7 ka th\u00ebn\u00eb m\u00eb 11 mars se nuk do t\u00eb ket\u00eb njohje as faktike dhe as de jure t\u00eb pavar\u00ebsis\u00eb s\u00eb Kosov\u00ebs. K\u00ebt\u00eb deklarat\u00eb e tha Vu\u00e7i\u00e7 gjat\u00eb nj\u00eb mitingu n\u00eb qytetin Vranj\u00eb ku \u00ebsht\u00eb par\u00eb edhe nj\u00eb pankart\u00eb ku shkruante \u201cSerbia i\u2026","rel":"","context":"In &quot;Blogu i Udh\u00ebtarit&quot;","block_context":{"text":"Blogu i Udh\u00ebtarit","link":"https:\/\/www.shqiperia.com\/blog\/category\/blogu-i-udhetarit\/"},"img":{"alt_text":"","src":"https:\/\/i0.wp.com\/www.shqiperia.com\/blog\/wp-content\/uploads\/2023\/03\/800-0-88502297eeed22b4c4d7ebd2c206bc35.jpg?fit=800%2C468&ssl=1&resize=350%2C200","width":350,"height":200,"srcset":"https:\/\/i0.wp.com\/www.shqiperia.com\/blog\/wp-content\/uploads\/2023\/03\/800-0-88502297eeed22b4c4d7ebd2c206bc35.jpg?fit=800%2C468&ssl=1&resize=350%2C200 1x, https:\/\/i0.wp.com\/www.shqiperia.com\/blog\/wp-content\/uploads\/2023\/03\/800-0-88502297eeed22b4c4d7ebd2c206bc35.jpg?fit=800%2C468&ssl=1&resize=525%2C300 1.5x, https:\/\/i0.wp.com\/www.shqiperia.com\/blog\/wp-content\/uploads\/2023\/03\/800-0-88502297eeed22b4c4d7ebd2c206bc35.jpg?fit=800%2C468&ssl=1&resize=700%2C400 2x"},"classes":[]}],"_links":{"self":[{"href":"https:\/\/www.shqiperia.com\/blog\/wp-json\/wp\/v2\/posts\/53727","targetHints":{"allow":["GET"]}}],"collection":[{"href":"https:\/\/www.shqiperia.com\/blog\/wp-json\/wp\/v2\/posts"}],"about":[{"href":"https:\/\/www.shqiperia.com\/blog\/wp-json\/wp\/v2\/types\/post"}],"author":[{"embeddable":true,"href":"https:\/\/www.shqiperia.com\/blog\/wp-json\/wp\/v2\/users\/9"}],"replies":[{"embeddable":true,"href":"https:\/\/www.shqiperia.com\/blog\/wp-json\/wp\/v2\/comments?post=53727"}],"version-history":[{"count":1,"href":"https:\/\/www.shqiperia.com\/blog\/wp-json\/wp\/v2\/posts\/53727\/revisions"}],"predecessor-version":[{"id":53729,"href":"https:\/\/www.shqiperia.com\/blog\/wp-json\/wp\/v2\/posts\/53727\/revisions\/53729"}],"wp:featuredmedia":[{"embeddable":true,"href":"https:\/\/www.shqiperia.com\/blog\/wp-json\/wp\/v2\/media\/53728"}],"wp:attachment":[{"href":"https:\/\/www.shqiperia.com\/blog\/wp-json\/wp\/v2\/media?parent=53727"}],"wp:term":[{"taxonomy":"category","embeddable":true,"href":"https:\/\/www.shqiperia.com\/blog\/wp-json\/wp\/v2\/categories?post=53727"},{"taxonomy":"post_tag","embeddable":true,"href":"https:\/\/www.shqiperia.com\/blog\/wp-json\/wp\/v2\/tags?post=53727"}],"curies":[{"name":"wp","href":"https:\/\/api.w.org\/{rel}","templated":true}]}}