{"id":53724,"date":"2022-02-04T11:12:21","date_gmt":"2022-02-04T11:12:21","guid":{"rendered":"https:\/\/www.shqiperia.com\/blog\/?p=53724"},"modified":"2022-02-04T11:12:21","modified_gmt":"2022-02-04T11:12:21","slug":"sindroma-e-havanes-zbulohet-arma-misterioze","status":"publish","type":"post","link":"https:\/\/www.shqiperia.com\/blog\/sindroma-e-havanes-zbulohet-arma-misterioze\/","title":{"rendered":"Sindroma e Havan\u00ebs, zbulohet &#8220;arma&#8221; misterioze"},"content":{"rendered":"<div id=\"attachment_53725\" style=\"width: 726px\" class=\"wp-caption alignnone\"><img data-recalc-dims=\"1\" loading=\"lazy\" decoding=\"async\" aria-describedby=\"caption-attachment-53725\" data-attachment-id=\"53725\" data-permalink=\"https:\/\/www.shqiperia.com\/blog\/sindroma-e-havanes-zbulohet-arma-misterioze\/sindroma-e-havanes-zbulohet-arma-misterioze\/\" data-orig-file=\"https:\/\/i0.wp.com\/www.shqiperia.com\/blog\/wp-content\/uploads\/2022\/02\/Sindroma-e-Havanes-zbulohet-arma-misterioze.jpg?fit=640%2C337&amp;ssl=1\" data-orig-size=\"640,337\" data-comments-opened=\"1\" data-image-meta=\"{&quot;aperture&quot;:&quot;0&quot;,&quot;credit&quot;:&quot;&quot;,&quot;camera&quot;:&quot;&quot;,&quot;caption&quot;:&quot;&quot;,&quot;created_timestamp&quot;:&quot;0&quot;,&quot;copyright&quot;:&quot;&quot;,&quot;focal_length&quot;:&quot;0&quot;,&quot;iso&quot;:&quot;0&quot;,&quot;shutter_speed&quot;:&quot;0&quot;,&quot;title&quot;:&quot;&quot;,&quot;orientation&quot;:&quot;0&quot;}\" data-image-title=\"Sindroma e Havan\u00ebs, zbulohet arma misterioze\" data-image-description=\"\" data-image-caption=\"&lt;p&gt;Sindroma e Havan\u00ebs, zbulohet arma misterioze&lt;\/p&gt;\n\" data-medium-file=\"https:\/\/i0.wp.com\/www.shqiperia.com\/blog\/wp-content\/uploads\/2022\/02\/Sindroma-e-Havanes-zbulohet-arma-misterioze.jpg?fit=300%2C158&amp;ssl=1\" data-large-file=\"https:\/\/i0.wp.com\/www.shqiperia.com\/blog\/wp-content\/uploads\/2022\/02\/Sindroma-e-Havanes-zbulohet-arma-misterioze.jpg?fit=640%2C337&amp;ssl=1\" class=\" wp-image-53725\" alt=\"\" src=\"https:\/\/i0.wp.com\/www.shqiperia.com\/blog\/wp-content\/uploads\/2022\/02\/Sindroma-e-Havanes-zbulohet-arma-misterioze.jpg?resize=716%2C377&#038;ssl=1\" width=\"716\" height=\"377\" srcset=\"https:\/\/i0.wp.com\/www.shqiperia.com\/blog\/wp-content\/uploads\/2022\/02\/Sindroma-e-Havanes-zbulohet-arma-misterioze.jpg?resize=300%2C158&amp;ssl=1 300w, https:\/\/i0.wp.com\/www.shqiperia.com\/blog\/wp-content\/uploads\/2022\/02\/Sindroma-e-Havanes-zbulohet-arma-misterioze.jpg?resize=450%2C237&amp;ssl=1 450w, https:\/\/i0.wp.com\/www.shqiperia.com\/blog\/wp-content\/uploads\/2022\/02\/Sindroma-e-Havanes-zbulohet-arma-misterioze.jpg?resize=600%2C316&amp;ssl=1 600w, https:\/\/i0.wp.com\/www.shqiperia.com\/blog\/wp-content\/uploads\/2022\/02\/Sindroma-e-Havanes-zbulohet-arma-misterioze.jpg?resize=400%2C211&amp;ssl=1 400w, https:\/\/i0.wp.com\/www.shqiperia.com\/blog\/wp-content\/uploads\/2022\/02\/Sindroma-e-Havanes-zbulohet-arma-misterioze.jpg?w=640&amp;ssl=1 640w\" sizes=\"auto, (max-width: 716px) 100vw, 716px\" \/><p id=\"caption-attachment-53725\" class=\"wp-caption-text\">Sindroma e Havan\u00ebs, zbulohet arma misterioze<\/p><\/div>\n<p>Sindroma e Havan\u00ebs, zbulohet &#8220;arma&#8221; misterioze<\/p>\n<p>3 SHKURT 2022<\/p>\n<p>E ashtuquajtura \u2018sindroma e Havan\u00ebs\u2019 \u2013 e cila deri tani ka prekur m\u00eb shum\u00eb se 200 zyrtar\u00eb nga stafi amerikan me baz\u00eb jo vet\u00ebm n\u00eb Kub\u00eb dhe Kin\u00eb, por edhe n\u00eb Gjermani, Austri dhe Rusi shkaktohet nga nj\u00eb arm\u00eb q\u00eb l\u00ebshon energji elektromagnetike dhe ultratinguj.<\/p>\n<p>Studimi zbuloi se energjia elektromagnetike e pulsuar, ve\u00e7an\u00ebrisht n\u00eb rangun e radiofrekuenc\u00ebs, &#8220;shpjegon n\u00eb m\u00ebnyr\u00eb t\u00eb besueshme&#8221; karakteristikat thelb\u00ebsore, megjith\u00ebse thot\u00eb se ka ende boshll\u00ebqe n\u00eb informacion.<\/p>\n<p>Ai thot\u00eb se antenat jo standarde mund t\u00eb krijojn\u00eb efekte n\u00eb trupin e njeriut. Nj\u00eb burim i till\u00eb mund t\u00eb fshihet dhe t\u00eb k\u00ebrkoj\u00eb vet\u00ebm fuqi t\u00eb moderuar. Ai gjithashtu mund t\u00eb udh\u00ebtoj\u00eb n\u00ebp\u00ebr aj\u00ebr dhe n\u00ebp\u00ebr mure nd\u00ebrtesash.<\/p>\n<p>&#8220;Ne kemi m\u00ebsuar shum\u00eb,&#8221; u tha gazetar\u00ebve nj\u00eb zyrtar i inteligjenc\u00ebs i njohur me pun\u00ebn e panelit, duke folur n\u00eb anonimitet sipas kushteve t\u00eb p\u00ebrcaktuara nga Zyra e Drejtorit t\u00eb Inteligjenc\u00ebs Komb\u00ebtare. &#8220;Nd\u00ebrsa ne nuk kemi mekaniz\u00ebm specifik p\u00ebr secilin rast, ajo q\u00eb dim\u00eb \u00ebsht\u00eb n\u00ebse raportoni shpejt dhe menj\u00ebher\u00eb merrni kujdesin mjek\u00ebsor, shumica e njer\u00ebzve po p\u00ebrmir\u00ebsohen&#8221;.<\/p>\n<p>Shp\u00ebrthimi i sindrom\u00ebs n\u00eb Havan\u00eb n\u00eb vitin 2016 u pasua nga raste t\u00eb shumta mes zyrtar\u00ebve amerikan\u00eb dhe kanadez\u00eb n\u00eb Kin\u00eb, Gjermani dhe madje edhe n\u00eb Uashington. Simptomat kryesore jan\u00eb dhimbja e\u00a0 vesh\u00ebve, probleme me shikimin, t\u00eb p\u00ebrziera, pagjum\u00ebsi, lodhje dhe marramendje.<\/p>\n<p>Ka disa simptoma q\u00eb zhduken shpejt por ka disa t\u00eb tjera q\u00eb zgjasin p\u00ebr nj\u00eb koh\u00eb t\u00eb gjat\u00eb.<\/p>\n<p>Nj\u00eb num\u00ebr njer\u00ebzish brenda qeveris\u00eb amerikane besojn\u00eb se Rusia mund t\u00eb jet\u00eb p\u00ebrgjegj\u00ebse dhe \u00e7\u00ebshtja \u00ebsht\u00eb ngritur n\u00eb takime, megjith\u00ebse nuk \u00ebsht\u00eb zbuluar asnj\u00eb prov\u00eb p\u00ebrfundimtare p\u00ebr t\u00eb mb\u00ebshtetur &#8220;akuzat&#8221;.<\/p>\n<p>Rus\u00ebt kan\u00eb mohuar\u00a0 se kan\u00eb zhvilluar ose kan\u00eb p\u00ebrdorur\u00a0 nj\u00eb arm\u00eb akustike q\u00eb mund t\u00eb synoj\u00eb trurin. Raporti i shkenc\u00ebtar\u00ebve t\u00eb specializuar ia atribuon fenomenin misterioz t\u00eb gjasht\u00eb viteve t\u00eb fundit pajisjeve me p\u00ebrmasa t\u00eb vogla q\u00eb \u201cfshihen leht\u00ebsisht\u201d dhe\u00a0 l\u00ebshojn\u00eb val\u00eb t\u00eb d\u00ebmshme elektromagnetike dhe ultratinguj, duke shkaktuar nj\u00eb s\u00ebr\u00eb simptomash q\u00eb nuk shpjegohen nga ana mjek\u00ebsore.<\/p>\n<p>Gazeta Shqip<\/p>\n","protected":false},"excerpt":{"rendered":"<p>Sindroma e Havan\u00ebs, zbulohet &#8220;arma&#8221; misterioze 3 SHKURT 2022 E ashtuquajtura \u2018sindroma e Havan\u00ebs\u2019 \u2013 e cila deri tani ka prekur m\u00eb shum\u00eb se 200 zyrtar\u00eb nga stafi amerikan me baz\u00eb jo vet\u00ebm n\u00eb Kub\u00eb dhe Kin\u00eb, por edhe n\u00eb Gjermani, Austri dhe Rusi shkaktohet nga nj\u00eb arm\u00eb q\u00eb l\u00ebshon energji elektromagnetike dhe ultratinguj. Studimi [&hellip;]<\/p>\n","protected":false},"author":9,"featured_media":53725,"comment_status":"open","ping_status":"open","sticky":false,"template":"","format":"standard","meta":{"jetpack_post_was_ever_published":false,"_jetpack_newsletter_access":"","_jetpack_dont_email_post_to_subs":false,"_jetpack_newsletter_tier_id":0,"_jetpack_memberships_contains_paywalled_content":false,"_jetpack_memberships_contains_paid_content":false,"footnotes":"","jetpack_publicize_message":"","jetpack_publicize_feature_enabled":true,"jetpack_social_post_already_shared":true,"jetpack_social_options":{"image_generator_settings":{"template":"highway","default_image_id":0,"font":"","enabled":false},"version":2}},"categories":[1,14,35],"tags":[],"class_list":["post-53724","post","type-post","status-publish","format-standard","has-post-thumbnail","hentry","category-njoftime-shtypi","category-press-releases","category-shoqerore"],"jetpack_publicize_connections":[],"jetpack_featured_media_url":"https:\/\/i0.wp.com\/www.shqiperia.com\/blog\/wp-content\/uploads\/2022\/02\/Sindroma-e-Havanes-zbulohet-arma-misterioze.jpg?fit=640%2C337&ssl=1","jetpack_sharing_enabled":true,"jetpack_shortlink":"https:\/\/wp.me\/p5Z6wp-dYw","jetpack-related-posts":[{"id":51878,"url":"https:\/\/www.shqiperia.com\/blog\/sindroma-e-havanes-qe-ka-prekur-dhjetera-diplomate-amerikane-dhe-shkakton-edhe-demtime-te-trurit-cia-ben-levizjen-e-rendesishme\/","url_meta":{"origin":53724,"position":0},"title":"\u201cSindroma e Havan\u00ebs\u201d q\u00eb ka prekur dhjet\u00ebra diplomat\u00eb amerikan\u00eb dhe shkakton edhe d\u00ebmtime t\u00eb trurit. &#8211; CIA b\u00ebn l\u00ebvizjen e r\u00ebnd\u00ebsishme","author":"Kurt Farka","date":"November 30, 2021","format":false,"excerpt":"\u201cSindroma e Havan\u00ebs\u201d q\u00eb ka prekur dhjet\u00ebra diplomat\u00eb amerikan\u00eb dhe shkakton edhe d\u00ebmtime t\u00eb trurit. - CIA b\u00ebn l\u00ebvizjen e r\u00ebnd\u00ebsishme 25 N\u00cbNTOR 2021 Kremlini tha t\u00eb enjten se Rusia nuk kishte t\u00eb b\u00ebnte me t\u00eb ashtuquajtur\u00ebn \u201cSindroma e Havan\u00ebs\u201d, nj\u00eb s\u00ebmundje misterioze q\u00eb ka prekur rreth 200 diplomat\u00eb amerikan\u00eb,\u2026","rel":"","context":"In &quot;Blogu i Udh\u00ebtarit&quot;","block_context":{"text":"Blogu i Udh\u00ebtarit","link":"https:\/\/www.shqiperia.com\/blog\/category\/blogu-i-udhetarit\/"},"img":{"alt_text":"","src":"https:\/\/i0.wp.com\/www.shqiperia.com\/blog\/wp-content\/uploads\/2021\/11\/800-0-00d32951f0cc7217636d35d5e209f4b5.jpg?fit=800%2C450&ssl=1&resize=350%2C200","width":350,"height":200,"srcset":"https:\/\/i0.wp.com\/www.shqiperia.com\/blog\/wp-content\/uploads\/2021\/11\/800-0-00d32951f0cc7217636d35d5e209f4b5.jpg?fit=800%2C450&ssl=1&resize=350%2C200 1x, https:\/\/i0.wp.com\/www.shqiperia.com\/blog\/wp-content\/uploads\/2021\/11\/800-0-00d32951f0cc7217636d35d5e209f4b5.jpg?fit=800%2C450&ssl=1&resize=525%2C300 1.5x, https:\/\/i0.wp.com\/www.shqiperia.com\/blog\/wp-content\/uploads\/2021\/11\/800-0-00d32951f0cc7217636d35d5e209f4b5.jpg?fit=800%2C450&ssl=1&resize=700%2C400 2x"},"classes":[]},{"id":50215,"url":"https:\/\/www.shqiperia.com\/blog\/evakuohet-nga-serbia-oficeri-amerikan-i-cia-s-sulme-me-burime-energjie-qe-cojne-ne-humbje-te-kujteses-sindroma-e-havanes-zgjerohet\/","url_meta":{"origin":53724,"position":1},"title":"Evakuohet nga Serbia oficeri amerikan i CIA-s. \u00a0\u00a0&#8211; \u201cSulme me burime energjie q\u00eb \u00e7ojn\u00eb n\u00eb humbje t\u00eb kujtes\u00ebs\u201d\/ Sindroma e Havan\u00ebs zgjerohet.","author":"Kurt Farka","date":"October 1, 2021","format":false,"excerpt":"Evakuohet nga Serbia oficeri amerikan i CIA-s. \u00a0\u00a0- \u201cSulme me burime energjie q\u00eb \u00e7ojn\u00eb n\u00eb humbje t\u00eb kujtes\u00ebs\u201d\/ Sindroma e Havan\u00ebs zgjerohet. 30 shtator \u00a02021 \u201cSulme me burime energjie q\u00eb \u00e7ojn\u00eb n\u00eb humbje t\u00eb kujtes\u00ebs\u201d\/ Sindroma e Havan\u00ebs zgjerohet, evakuohet nga Serbia oficeri amerikan i CIA-s CIA evakuoi nj\u00eb oficer\u2026","rel":"","context":"In &quot;Blogu i Udh\u00ebtarit&quot;","block_context":{"text":"Blogu i Udh\u00ebtarit","link":"https:\/\/www.shqiperia.com\/blog\/category\/blogu-i-udhetarit\/"},"img":{"alt_text":"","src":"https:\/\/i0.wp.com\/www.shqiperia.com\/blog\/wp-content\/uploads\/2021\/10\/sindroma-havana-770x404-1-905x450-1.jpeg?fit=839%2C450&ssl=1&resize=350%2C200","width":350,"height":200,"srcset":"https:\/\/i0.wp.com\/www.shqiperia.com\/blog\/wp-content\/uploads\/2021\/10\/sindroma-havana-770x404-1-905x450-1.jpeg?fit=839%2C450&ssl=1&resize=350%2C200 1x, https:\/\/i0.wp.com\/www.shqiperia.com\/blog\/wp-content\/uploads\/2021\/10\/sindroma-havana-770x404-1-905x450-1.jpeg?fit=839%2C450&ssl=1&resize=525%2C300 1.5x, https:\/\/i0.wp.com\/www.shqiperia.com\/blog\/wp-content\/uploads\/2021\/10\/sindroma-havana-770x404-1-905x450-1.jpeg?fit=839%2C450&ssl=1&resize=700%2C400 2x"},"classes":[]},{"id":41679,"url":"https:\/\/www.shqiperia.com\/blog\/nje-semundje-misterioze-ka-prekur-diplomatet-amerikane-dhe-familjet-e-tyre-ne-ambasadat-amerikane-neper-bote\/","url_meta":{"origin":53724,"position":2},"title":"Nj\u00eb s\u00ebmundje misterioze ka prekur diplomat\u00ebt amerikan\u00eb dhe familjet e tyre n\u00eb ambasadat amerikane n\u00ebp\u00ebr bot\u00eb","author":"Kurt Farka","date":"December 9, 2020","format":false,"excerpt":"Nj\u00eb s\u00ebmundje misterioze ka prekur diplomat\u00ebt amerikan\u00eb dhe familjet e tyre n\u00eb ambasadat amerikane n\u00ebp\u00ebr bot\u00eb 7 dhjetor 2020 Nj\u00eb raport i qeveris\u00eb amerikane thot\u00eb se \u201cenergjia me impulse t\u00eb frekuencave t\u00eb radios\u201d \u00ebsht\u00eb shkaku i mundsh\u00ebm i nj\u00eb s\u00ebmundje misterioze q\u00eb ka prekur diplomat\u00ebt amerikan\u00eb dhe familjet e tyre\u2026","rel":"","context":"In &quot;Blogu i Udh\u00ebtarit&quot;","block_context":{"text":"Blogu i Udh\u00ebtarit","link":"https:\/\/www.shqiperia.com\/blog\/category\/blogu-i-udhetarit\/"},"img":{"alt_text":"","src":"https:\/\/i0.wp.com\/www.shqiperia.com\/blog\/wp-content\/uploads\/2020\/12\/unnamed-2.jpg?fit=512%2C223&ssl=1&resize=350%2C200","width":350,"height":200},"classes":[]},{"id":50507,"url":"https:\/\/www.shqiperia.com\/blog\/semundja-misterioze-e-diplomateve-te-shba-prek-edhe-stafin-ne-bogota-pak-dite-para-vizites-se-blinken\/","url_meta":{"origin":53724,"position":3},"title":"S\u00ebmundja misterioze e diplomat\u00ebve t\u00eb SHBA. \u00a0Prek edhe stafin n\u00eb Bogota, pak dit\u00eb para vizit\u00ebs s\u00eb Blinken","author":"Kurt Farka","date":"October 13, 2021","format":false,"excerpt":"S\u00ebmundja misterioze e diplomat\u00ebve t\u00eb SHBA. \u00a0Prek edhe stafin n\u00eb Bogota, pak dit\u00eb para vizit\u00ebs s\u00eb Blinken 13 TETOR 2021 Zyrtar\u00ebt amerikan\u00eb po hetojn\u00eb rastet e mundshme t\u00eb s\u00ebmundjes s\u00eb njohur si \u201cSindroma e Havan\u00ebs\u201d n\u00eb Kolumbi, pak dit\u00eb para vizit\u00ebs s\u00eb Sekretarit t\u00eb Shtetit, Antony Blinken n\u00eb k\u00ebt\u00eb vend.\u2026","rel":"","context":"In &quot;Blogu i Udh\u00ebtarit&quot;","block_context":{"text":"Blogu i Udh\u00ebtarit","link":"https:\/\/www.shqiperia.com\/blog\/category\/blogu-i-udhetarit\/"},"img":{"alt_text":"","src":"https:\/\/i0.wp.com\/www.shqiperia.com\/blog\/wp-content\/uploads\/2021\/10\/640-0-4f7cc2f101aad28cd323b2717eac713c.jpg?fit=640%2C360&ssl=1&resize=350%2C200","width":350,"height":200,"srcset":"https:\/\/i0.wp.com\/www.shqiperia.com\/blog\/wp-content\/uploads\/2021\/10\/640-0-4f7cc2f101aad28cd323b2717eac713c.jpg?fit=640%2C360&ssl=1&resize=350%2C200 1x, https:\/\/i0.wp.com\/www.shqiperia.com\/blog\/wp-content\/uploads\/2021\/10\/640-0-4f7cc2f101aad28cd323b2717eac713c.jpg?fit=640%2C360&ssl=1&resize=525%2C300 1.5x"},"classes":[]},{"id":36989,"url":"https:\/\/www.shqiperia.com\/blog\/zbulohet-sindroma-e-rralle-te-femijet-e-prekur-nga-koronavirusi\/","url_meta":{"origin":53724,"position":4},"title":"Zbulohet sindroma e rrall\u00eb te f\u00ebmij\u00ebt e prekur nga koronavirusi","author":"Kurt Farka","date":"August 8, 2020","format":false,"excerpt":"Zbulohet sindroma e rrall\u00eb te f\u00ebmij\u00ebt e prekur nga koronavirusi 8 GUSHT 2020 Gazeta Shqip. Rreth 600 f\u00ebmij\u00eb n\u00eb SHBA jan\u00eb identifikuar me nj\u00eb sindrom\u00eb t\u00eb rrall\u00eb inflamatore e quajtur MIS-C, 4 muaj pas pandemis\u00eb s\u00eb Covid-19 Sipas informacioneve t\u00eb Qendr\u00ebs p\u00ebr Kontrollin dhe Parandalimin e S\u00ebmundjeve n\u00eb nj\u00eb raport\u2026","rel":"","context":"In &quot;Blogu i Udh\u00ebtarit&quot;","block_context":{"text":"Blogu i Udh\u00ebtarit","link":"https:\/\/www.shqiperia.com\/blog\/category\/blogu-i-udhetarit\/"},"img":{"alt_text":"","src":"https:\/\/i0.wp.com\/www.shqiperia.com\/blog\/wp-content\/uploads\/2020\/08\/640-0-5f2ebffcc90c2.jpg?fit=640%2C336&ssl=1&resize=350%2C200","width":350,"height":200,"srcset":"https:\/\/i0.wp.com\/www.shqiperia.com\/blog\/wp-content\/uploads\/2020\/08\/640-0-5f2ebffcc90c2.jpg?fit=640%2C336&ssl=1&resize=350%2C200 1x, https:\/\/i0.wp.com\/www.shqiperia.com\/blog\/wp-content\/uploads\/2020\/08\/640-0-5f2ebffcc90c2.jpg?fit=640%2C336&ssl=1&resize=525%2C300 1.5x"},"classes":[]},{"id":79443,"url":"https:\/\/www.shqiperia.com\/blog\/misteri-i-sindromes-havana-studiuesit-pacientet-skane-asnje-anomali-ne-tru\/","url_meta":{"origin":53724,"position":5},"title":"Misteri i \u201cSindrom\u00ebs Havana\u201d. &#8211; Studiuesit: &#8211; Pacient\u00ebt s\u2019kan\u00eb asnj\u00eb anomali n\u00eb tru","author":"Kurt Farka","date":"March 21, 2024","format":false,"excerpt":"21 Mars 2024 P\u00ebr her\u00eb t\u00eb par\u00eb n\u00eb vitin 2016, dhjet\u00ebra agjent\u00eb dhe staf amerikan me baz\u00eb n\u00eb ambasad\u00ebn amerikane n\u00eb Kub\u00eb u ankuan p\u00ebr nj\u00eb s\u00ebr\u00eb siptomash neurologjike. Marrje mendsh, gjak nga hund\u00ebt, zhurma n\u00eb vesh e dhimbje t\u00eb forta koke ishin simptomat q\u00eb mor\u00ebn emrin\u00a0\u201cSindroma e Havan\u00ebs\u201d. Kjo\u2026","rel":"","context":"In &quot;Blogu i Udh\u00ebtarit&quot;","block_context":{"text":"Blogu i Udh\u00ebtarit","link":"https:\/\/www.shqiperia.com\/blog\/category\/blogu-i-udhetarit\/"},"img":{"alt_text":"","src":"https:\/\/i0.wp.com\/www.shqiperia.com\/blog\/wp-content\/uploads\/2024\/03\/Havana-Syndrome.jpg?fit=981%2C660&ssl=1&resize=350%2C200","width":350,"height":200,"srcset":"https:\/\/i0.wp.com\/www.shqiperia.com\/blog\/wp-content\/uploads\/2024\/03\/Havana-Syndrome.jpg?fit=981%2C660&ssl=1&resize=350%2C200 1x, https:\/\/i0.wp.com\/www.shqiperia.com\/blog\/wp-content\/uploads\/2024\/03\/Havana-Syndrome.jpg?fit=981%2C660&ssl=1&resize=525%2C300 1.5x, https:\/\/i0.wp.com\/www.shqiperia.com\/blog\/wp-content\/uploads\/2024\/03\/Havana-Syndrome.jpg?fit=981%2C660&ssl=1&resize=700%2C400 2x"},"classes":[]}],"_links":{"self":[{"href":"https:\/\/www.shqiperia.com\/blog\/wp-json\/wp\/v2\/posts\/53724","targetHints":{"allow":["GET"]}}],"collection":[{"href":"https:\/\/www.shqiperia.com\/blog\/wp-json\/wp\/v2\/posts"}],"about":[{"href":"https:\/\/www.shqiperia.com\/blog\/wp-json\/wp\/v2\/types\/post"}],"author":[{"embeddable":true,"href":"https:\/\/www.shqiperia.com\/blog\/wp-json\/wp\/v2\/users\/9"}],"replies":[{"embeddable":true,"href":"https:\/\/www.shqiperia.com\/blog\/wp-json\/wp\/v2\/comments?post=53724"}],"version-history":[{"count":1,"href":"https:\/\/www.shqiperia.com\/blog\/wp-json\/wp\/v2\/posts\/53724\/revisions"}],"predecessor-version":[{"id":53726,"href":"https:\/\/www.shqiperia.com\/blog\/wp-json\/wp\/v2\/posts\/53724\/revisions\/53726"}],"wp:featuredmedia":[{"embeddable":true,"href":"https:\/\/www.shqiperia.com\/blog\/wp-json\/wp\/v2\/media\/53725"}],"wp:attachment":[{"href":"https:\/\/www.shqiperia.com\/blog\/wp-json\/wp\/v2\/media?parent=53724"}],"wp:term":[{"taxonomy":"category","embeddable":true,"href":"https:\/\/www.shqiperia.com\/blog\/wp-json\/wp\/v2\/categories?post=53724"},{"taxonomy":"post_tag","embeddable":true,"href":"https:\/\/www.shqiperia.com\/blog\/wp-json\/wp\/v2\/tags?post=53724"}],"curies":[{"name":"wp","href":"https:\/\/api.w.org\/{rel}","templated":true}]}}