{"id":53720,"date":"2022-02-03T22:55:11","date_gmt":"2022-02-03T22:55:11","guid":{"rendered":"https:\/\/www.shqiperia.com\/blog\/?p=53720"},"modified":"2022-02-03T22:55:11","modified_gmt":"2022-02-03T22:55:11","slug":"drejtori-i-fbi-se-jep-alarmin-rreziku-qe-i-kanoset-perendimit-nga-ky-shtet-eshte-me-i-demshem-se-kurre-me-pare","status":"publish","type":"post","link":"https:\/\/www.shqiperia.com\/blog\/drejtori-i-fbi-se-jep-alarmin-rreziku-qe-i-kanoset-perendimit-nga-ky-shtet-eshte-me-i-demshem-se-kurre-me-pare\/","title":{"rendered":"Drejtori i FBI-s\u00eb jep alarmin: &#8211; Rreziku q\u00eb i kanoset Per\u00ebndimit nga ky shtet \u00ebsht\u00eb m\u00eb i d\u00ebmsh\u00ebm se kurr\u00eb m\u00eb par\u00eb"},"content":{"rendered":"<p><img data-recalc-dims=\"1\" loading=\"lazy\" decoding=\"async\" data-attachment-id=\"53721\" data-permalink=\"https:\/\/www.shqiperia.com\/blog\/drejtori-i-fbi-se-jep-alarmin-rreziku-qe-i-kanoset-perendimit-nga-ky-shtet-eshte-me-i-demshem-se-kurre-me-pare\/drejtori-i-fbi-se-christopher-wray\/\" data-orig-file=\"https:\/\/i0.wp.com\/www.shqiperia.com\/blog\/wp-content\/uploads\/2022\/02\/Drejtori-i-FBI-se-Christopher-Wray.jpg?fit=800%2C450&amp;ssl=1\" data-orig-size=\"800,450\" data-comments-opened=\"1\" data-image-meta=\"{&quot;aperture&quot;:&quot;0&quot;,&quot;credit&quot;:&quot;&quot;,&quot;camera&quot;:&quot;&quot;,&quot;caption&quot;:&quot;&quot;,&quot;created_timestamp&quot;:&quot;0&quot;,&quot;copyright&quot;:&quot;&quot;,&quot;focal_length&quot;:&quot;0&quot;,&quot;iso&quot;:&quot;0&quot;,&quot;shutter_speed&quot;:&quot;0&quot;,&quot;title&quot;:&quot;&quot;,&quot;orientation&quot;:&quot;0&quot;}\" data-image-title=\"Drejtori i FBI-s\u00eb, Christopher Wray\" data-image-description=\"\" data-image-caption=\"\" data-medium-file=\"https:\/\/i0.wp.com\/www.shqiperia.com\/blog\/wp-content\/uploads\/2022\/02\/Drejtori-i-FBI-se-Christopher-Wray.jpg?fit=300%2C169&amp;ssl=1\" data-large-file=\"https:\/\/i0.wp.com\/www.shqiperia.com\/blog\/wp-content\/uploads\/2022\/02\/Drejtori-i-FBI-se-Christopher-Wray.jpg?fit=800%2C450&amp;ssl=1\" class=\"alignnone  wp-image-53721\" alt=\"\" src=\"https:\/\/i0.wp.com\/www.shqiperia.com\/blog\/wp-content\/uploads\/2022\/02\/Drejtori-i-FBI-se-Christopher-Wray.jpg?resize=586%2C330&#038;ssl=1\" width=\"586\" height=\"330\" srcset=\"https:\/\/i0.wp.com\/www.shqiperia.com\/blog\/wp-content\/uploads\/2022\/02\/Drejtori-i-FBI-se-Christopher-Wray.jpg?resize=300%2C169&amp;ssl=1 300w, https:\/\/i0.wp.com\/www.shqiperia.com\/blog\/wp-content\/uploads\/2022\/02\/Drejtori-i-FBI-se-Christopher-Wray.jpg?resize=768%2C432&amp;ssl=1 768w, https:\/\/i0.wp.com\/www.shqiperia.com\/blog\/wp-content\/uploads\/2022\/02\/Drejtori-i-FBI-se-Christopher-Wray.jpg?resize=450%2C253&amp;ssl=1 450w, https:\/\/i0.wp.com\/www.shqiperia.com\/blog\/wp-content\/uploads\/2022\/02\/Drejtori-i-FBI-se-Christopher-Wray.jpg?resize=600%2C338&amp;ssl=1 600w, https:\/\/i0.wp.com\/www.shqiperia.com\/blog\/wp-content\/uploads\/2022\/02\/Drejtori-i-FBI-se-Christopher-Wray.jpg?resize=400%2C225&amp;ssl=1 400w, https:\/\/i0.wp.com\/www.shqiperia.com\/blog\/wp-content\/uploads\/2022\/02\/Drejtori-i-FBI-se-Christopher-Wray.jpg?w=800&amp;ssl=1 800w\" sizes=\"auto, (max-width: 586px) 100vw, 586px\" \/><\/p>\n<p>Drejtori i FBI-s\u00eb jep alarmin: &#8211; Rreziku q\u00eb i kanoset Per\u00ebndimit nga ky shtet \u00ebsht\u00eb m\u00eb i d\u00ebmsh\u00ebm se kurr\u00eb m\u00eb par\u00eb<\/p>\n<p>1 SHKURT 2022<\/p>\n<p>Drejtori i FBI-s\u00eb, Christopher Wray thot\u00eb se rreziku q\u00eb i kanoset Per\u00ebndimit nga qeveria kineze \u00ebsht\u00eb m\u00eb flagrant dhe m\u00eb d\u00ebmtues se kurr\u00eb m\u00eb par\u00eb. Ai e akuzon Pekinin p\u00ebr vjedhjen e ideve dhe novacionit amerikan dhe p\u00ebr organizimin e operacioneve masive t\u00eb nd\u00ebrhyrjes kibernetike.<\/p>\n<p>\u201cKam folur shum\u00eb p\u00ebr k\u00ebt\u00eb k\u00ebrc\u00ebnim q\u00eb kur u b\u00ebra drejtor i FBI-s\u00eb. Por, dua t\u00eb p\u00ebrq\u00ebndrohem tek kjo sot pasi ka arritur nj\u00eb tjet\u00ebr nivel, m\u00eb flagrant dhe m\u00eb d\u00ebmtues se ndonj\u00ebher\u00eb m\u00eb par\u00eb. Dhe \u00ebsht\u00eb jet\u00ebsore q\u00eb t\u00eb gjith\u00eb s\u00eb bashku t\u00eb p\u00ebrq\u00ebndrohemi tek ky rrezik. Dua t\u00eb jem i qart\u00eb se jemi p\u00ebrq\u00ebndruar ndaj k\u00ebrc\u00ebnimit q\u00eb vjen nga qeveria kineze dhe partia komuniste, dhe jo nga populli kinez dhe sigurisht jo kinezo-amerikan\u00ebt, t\u00eb cil\u00ebt jan\u00eb shpesh viktima t\u00eb agresionit t\u00eb paligjsh\u00ebm t\u00eb qeveris\u00eb kineze\u201d, tha Drejtori i FBI-s\u00eb, Christopher Wray.<\/p>\n<p>Fjalimi n\u00eb Bibliotek\u00ebn Presidenciale Ronald Reagan u shnd\u00ebrrua n\u00eb nj\u00eb kritik\u00eb t\u00eb fort\u00eb p\u00ebr qeverin\u00eb kineze vet\u00ebm pak dit\u00eb p\u00ebrpara fillimit t\u00eb Loj\u00ebrave Olimpike Dim\u00ebrore n\u00eb Kin\u00eb.<\/p>\n<p>Nd\u00ebrsa politika e jashtme amerikane \u00ebsht\u00eb p\u00ebrq\u00ebndruar tek tensionet Rusi \u2013 Ukrain\u00eb, Shtetet e Bashkuara vazhdojn\u00eb ta konsiderojn\u00eb Kin\u00ebn si k\u00ebrc\u00ebnimin m\u00eb t\u00eb madh p\u00ebr sigurin\u00eb ekonomike afatgjat\u00eb.<\/p>\n<p>Zoti Wray shtoi se FBI-ja hap \u00e7\u00ebshtje t\u00eb reja p\u00ebr operacionet e zbulimit kinez gati \u00e7do 12 or\u00eb, nd\u00ebrsa haker\u00ebt kinez\u00eb grabisin m\u00eb shum\u00eb t\u00eb dh\u00ebna personale dhe t\u00eb korporatave se t\u00eb gjitha vendet e tjera s\u00eb bashku.<\/p>\n<p>Disa muaj m\u00eb par\u00eb, Departamenti amerikan i Drejt\u00ebsis\u00eb njoftoi akuza ndaj kat\u00ebr haker\u00ebve t\u00eb mb\u00ebshtetur nga Ministria kineze e Siguris\u00eb s\u00eb Shtetit p\u00ebr organizimin e nj\u00eb sulmi masiv ndaj sistemeve t\u00eb kompanis\u00eb Microsoft. Haker\u00ebt ishin p\u00ebrq\u00ebndruar tek grabitja e informacionit nga i cili do t\u00eb p\u00ebrfitonin n\u00eb m\u00ebnyr\u00eb dometh\u00ebn\u00ebse kompanit\u00eb dhe bizneset kineze, p\u00ebrfshir\u00eb n\u00eb sektor\u00ebt e pun\u00ebs k\u00ebrkimore dhe t\u00eb linjave t\u00eb prodhimit.<\/p>\n<p>Zyrtar\u00ebt e qeveris\u00eb kineze i kan\u00eb mohuar vazhdimisht k\u00ebto lloj akuzash.<\/p>\n<p>Gazeta Sot<\/p>\n","protected":false},"excerpt":{"rendered":"<p>Drejtori i FBI-s\u00eb jep alarmin: &#8211; Rreziku q\u00eb i kanoset Per\u00ebndimit nga ky shtet \u00ebsht\u00eb m\u00eb i d\u00ebmsh\u00ebm se kurr\u00eb m\u00eb par\u00eb 1 SHKURT 2022 Drejtori i FBI-s\u00eb, Christopher Wray thot\u00eb se rreziku q\u00eb i kanoset Per\u00ebndimit nga qeveria kineze \u00ebsht\u00eb m\u00eb flagrant dhe m\u00eb d\u00ebmtues se kurr\u00eb m\u00eb par\u00eb. Ai e akuzon Pekinin p\u00ebr [&hellip;]<\/p>\n","protected":false},"author":9,"featured_media":53721,"comment_status":"open","ping_status":"open","sticky":false,"template":"","format":"standard","meta":{"jetpack_post_was_ever_published":false,"_jetpack_newsletter_access":"","_jetpack_dont_email_post_to_subs":false,"_jetpack_newsletter_tier_id":0,"_jetpack_memberships_contains_paywalled_content":false,"_jetpack_memberships_contains_paid_content":false,"footnotes":"","jetpack_publicize_message":"","jetpack_publicize_feature_enabled":true,"jetpack_social_post_already_shared":true,"jetpack_social_options":{"image_generator_settings":{"template":"highway","default_image_id":0,"font":"","enabled":false},"version":2}},"categories":[27,2,35],"tags":[],"class_list":["post-53720","post","type-post","status-publish","format-standard","has-post-thumbnail","hentry","category-blogu-i-udhetarit","category-politika","category-shoqerore"],"jetpack_publicize_connections":[],"jetpack_featured_media_url":"https:\/\/i0.wp.com\/www.shqiperia.com\/blog\/wp-content\/uploads\/2022\/02\/Drejtori-i-FBI-se-Christopher-Wray.jpg?fit=800%2C450&ssl=1","jetpack_sharing_enabled":true,"jetpack_shortlink":"https:\/\/wp.me\/p5Z6wp-dYs","jetpack-related-posts":[{"id":57557,"url":"https:\/\/www.shqiperia.com\/blog\/shefi-i-shtabit-te-ushtrise-amerikane-jep-alarmin-rrezikohen-te-perplasen-superfuqite\/","url_meta":{"origin":53720,"position":0},"title":"Shefi i Shtabit t\u00eb Ushtris\u00eb Amerikane jep alarmin: &#8211; Rrezikohen t\u00eb p\u00ebrplasen superfuqit\u00eb","author":"Kurt Farka","date":"May 4, 2022","format":false,"excerpt":"Shefi i Shtabit t\u00eb Ushtris\u00eb Amerikane jep alarmin: - Rrezikohen t\u00eb p\u00ebrplasen superfuqit\u00eb 3 MAJ 2022 Shefi i Shtabit t\u00eb Ushtris\u00eb Amerikane Mark Milley ka folur n\u00eb Senat p\u00ebr luft\u00ebn n\u00eb Ukrain\u00eb dhe rrezikun q\u00eb i kanoset bot\u00ebs. Ai thot\u00eb se ne kemi hyr\u00eb n\u00eb nj\u00eb bot\u00eb t\u00eb re, m\u00eb\u2026","rel":"","context":"In &quot;Blogu i Udh\u00ebtarit&quot;","block_context":{"text":"Blogu i Udh\u00ebtarit","link":"https:\/\/www.shqiperia.com\/blog\/category\/blogu-i-udhetarit\/"},"img":{"alt_text":"","src":"https:\/\/i0.wp.com\/www.shqiperia.com\/blog\/wp-content\/uploads\/2022\/05\/800-0-62716b6358be4.jpg?fit=800%2C444&ssl=1&resize=350%2C200","width":350,"height":200,"srcset":"https:\/\/i0.wp.com\/www.shqiperia.com\/blog\/wp-content\/uploads\/2022\/05\/800-0-62716b6358be4.jpg?fit=800%2C444&ssl=1&resize=350%2C200 1x, https:\/\/i0.wp.com\/www.shqiperia.com\/blog\/wp-content\/uploads\/2022\/05\/800-0-62716b6358be4.jpg?fit=800%2C444&ssl=1&resize=525%2C300 1.5x, https:\/\/i0.wp.com\/www.shqiperia.com\/blog\/wp-content\/uploads\/2022\/05\/800-0-62716b6358be4.jpg?fit=800%2C444&ssl=1&resize=700%2C400 2x"},"classes":[]},{"id":42273,"url":"https:\/\/www.shqiperia.com\/blog\/virusi-mutant-me-shume-ngjites-tek-femijet-dhe-te-rinjte-alarmi-i-shkencetareve-per-variantin-e-ri-te-koronavirusit-dhe-rreziku-qe-kanoset-duhet-te-nxitojme-me\/","url_meta":{"origin":53720,"position":1},"title":"Virusi mutant m\u00eb shum\u00eb ngjit\u00ebs tek f\u00ebmij\u00ebt dhe t\u00eb rinjt\u00eb\/ Alarmi i shkenc\u00ebtar\u00ebve p\u00ebr variantin e ri t\u00eb koronavirusit dhe rreziku q\u00eb kanoset: Duhet t\u00eb nxitojm\u00eb me&#8230;","author":"Kurt Farka","date":"December 24, 2020","format":false,"excerpt":"Virusi mutant m\u00eb shum\u00eb ngjit\u00ebs tek f\u00ebmij\u00ebt dhe t\u00eb rinjt\u00eb\/ Alarmi i shkenc\u00ebtar\u00ebve p\u00ebr variantin e ri t\u00eb koronavirusit dhe rreziku q\u00eb kanoset: Duhet t\u00eb nxitojm\u00eb me... 24 DHJETOR 2020 Varianti i ri i koronavirusit q\u00eb lindi n\u00eb Britanin\u00eb e Madhe dhe u p\u00ebrhap gjer\u00ebsisht jo vet\u00ebm n\u00eb Angli, por\u2026","rel":"","context":"In &quot;Blogu i Udh\u00ebtarit&quot;","block_context":{"text":"Blogu i Udh\u00ebtarit","link":"https:\/\/www.shqiperia.com\/blog\/category\/blogu-i-udhetarit\/"},"img":{"alt_text":"","src":"https:\/\/i0.wp.com\/www.shqiperia.com\/blog\/wp-content\/uploads\/2020\/12\/800-0-6d73660da72afdca3ea073a17d94dfeb-1.jpg?fit=800%2C450&ssl=1&resize=350%2C200","width":350,"height":200,"srcset":"https:\/\/i0.wp.com\/www.shqiperia.com\/blog\/wp-content\/uploads\/2020\/12\/800-0-6d73660da72afdca3ea073a17d94dfeb-1.jpg?fit=800%2C450&ssl=1&resize=350%2C200 1x, https:\/\/i0.wp.com\/www.shqiperia.com\/blog\/wp-content\/uploads\/2020\/12\/800-0-6d73660da72afdca3ea073a17d94dfeb-1.jpg?fit=800%2C450&ssl=1&resize=525%2C300 1.5x, https:\/\/i0.wp.com\/www.shqiperia.com\/blog\/wp-content\/uploads\/2020\/12\/800-0-6d73660da72afdca3ea073a17d94dfeb-1.jpg?fit=800%2C450&ssl=1&resize=700%2C400 2x"},"classes":[]},{"id":75775,"url":"https:\/\/www.shqiperia.com\/blog\/fillon-te-levize-pas-30-vitesh-ajsbergu-me-i-madh-ne-bote-ja-rreziku-qe-i-kanoset-natyres\/","url_meta":{"origin":53720,"position":2},"title":"Fillon t\u00eb l\u00ebviz\u00eb pas 30 vitesh ajsbergu m\u00eb i madh n\u00eb bot\u00eb, ja rreziku q\u00eb i kanoset natyr\u00ebs","author":"Kurt Farka","date":"November 25, 2023","format":false,"excerpt":"25 Nentor 2023 Ajsbergu \u2018A23a\u2019 ndodhet n\u00eb Detin Weddell t\u00eb Antarktid\u00ebs. Me nj\u00eb sip\u00ebrfaqe pothuajse 4,000 km katror (1,500 milje katrore), \u00ebsht\u00eb m\u00eb shum\u00eb se dyfishi i madh\u00ebsis\u00eb s\u00eb Londr\u00ebs s\u00eb Madhe. Tashm\u00eb \u00ebsht\u00eb gati t\u00eb derdhet p\u00ebrtej uj\u00ebrave t\u00eb Antarktid\u00ebs. 'A23a' \u00ebsht\u00eb nj\u00eb kolos i v\u00ebrtet\u00eb dhe kjo pllak\u00eb\u2026","rel":"","context":"In &quot;Blogu i Udh\u00ebtarit&quot;","block_context":{"text":"Blogu i Udh\u00ebtarit","link":"https:\/\/www.shqiperia.com\/blog\/category\/blogu-i-udhetarit\/"},"img":{"alt_text":"","src":"https:\/\/i0.wp.com\/www.shqiperia.com\/blog\/wp-content\/uploads\/2023\/11\/800-0-65608843904a3.jpg?fit=800%2C451&ssl=1&resize=350%2C200","width":350,"height":200,"srcset":"https:\/\/i0.wp.com\/www.shqiperia.com\/blog\/wp-content\/uploads\/2023\/11\/800-0-65608843904a3.jpg?fit=800%2C451&ssl=1&resize=350%2C200 1x, https:\/\/i0.wp.com\/www.shqiperia.com\/blog\/wp-content\/uploads\/2023\/11\/800-0-65608843904a3.jpg?fit=800%2C451&ssl=1&resize=525%2C300 1.5x, https:\/\/i0.wp.com\/www.shqiperia.com\/blog\/wp-content\/uploads\/2023\/11\/800-0-65608843904a3.jpg?fit=800%2C451&ssl=1&resize=700%2C400 2x"},"classes":[]},{"id":34340,"url":"https:\/\/www.shqiperia.com\/blog\/historiani-i-njohur-paralajmeron-njerezimin-per-rrezikun-qe-i-kanoset\/","url_meta":{"origin":53720,"position":3},"title":"Historiani i njohur paralajm\u00ebron njer\u00ebzimin p\u00ebr rrezikun q\u00eb i kanoset","author":"Kurt Farka","date":"May 7, 2020","format":false,"excerpt":"Historiani i njohur paralajm\u00ebron njer\u00ebzimin p\u00ebr rrezikun q\u00eb i kanoset 04.05.2020 Historiani izraelit Yuval Noah Harari, zot\u00ebron nj\u00eb dhunti t\u00eb jasht\u00ebzakonshme p\u00ebr t\u00eb zgjeruar fush\u00ebn e tij t\u00eb investigimit dhe analiz\u00ebs pa i mjegulluar temat e mbuluara, duke vendosur aty \u00a0ku duhet pjes\u00ebt e mozaikut t\u00eb p\u00ebrb\u00ebr\u00eb nga kutiza me\u2026","rel":"","context":"In &quot;Blogu i Udh\u00ebtarit&quot;","block_context":{"text":"Blogu i Udh\u00ebtarit","link":"https:\/\/www.shqiperia.com\/blog\/category\/blogu-i-udhetarit\/"},"img":{"alt_text":"","src":"https:\/\/i0.wp.com\/www.shqiperia.com\/blog\/wp-content\/uploads\/2020\/05\/602x338_cmsv2_9a40d923-21ac-504e-abea-d40700424b6f-3877854.jpg?fit=602%2C338&ssl=1&resize=350%2C200","width":350,"height":200,"srcset":"https:\/\/i0.wp.com\/www.shqiperia.com\/blog\/wp-content\/uploads\/2020\/05\/602x338_cmsv2_9a40d923-21ac-504e-abea-d40700424b6f-3877854.jpg?fit=602%2C338&ssl=1&resize=350%2C200 1x, https:\/\/i0.wp.com\/www.shqiperia.com\/blog\/wp-content\/uploads\/2020\/05\/602x338_cmsv2_9a40d923-21ac-504e-abea-d40700424b6f-3877854.jpg?fit=602%2C338&ssl=1&resize=525%2C300 1.5x"},"classes":[]},{"id":8833,"url":"https:\/\/www.shqiperia.com\/blog\/rreziku-qe-ju-kanoset-nese-mbani-breshke-si-kafshe-shtepiake-bakterie-qe-shkaktojne-vdekjen-tek-femijet\/","url_meta":{"origin":53720,"position":4},"title":"Rreziku q\u00eb ju kanoset n\u00ebse mbani breshk\u00eb si kafsh\u00eb sht\u00ebpiake. Bakterie qe shkaktojne vdekjen tek femijet. &#8211;","author":"Kurt Farka","date":"June 19, 2018","format":false,"excerpt":"Rreziku q\u00eb ju kanoset n\u00ebse mbani breshk\u00eb si kafsh\u00eb sht\u00ebpiake. Bakterie qe shkaktojne vdekjen tek femijet. - Macet e qent\u00eb jan\u00eb konsideruar gjithnj\u00eb si kafsh\u00eb sht\u00ebpiake, por vitet e fundit njer\u00ebzit po e zgjerojn\u00eb rrethin e kafsh\u00ebve t\u00eb ashtuquajtura sht\u00ebpiake. Breshka, kavje, papagaj ekzotike etj, por s\u00eb fundmi duket se\u2026","rel":"","context":"In &quot;Njoftime Shtypi&quot;","block_context":{"text":"Njoftime Shtypi","link":"https:\/\/www.shqiperia.com\/blog\/category\/njoftime-shtypi\/"},"img":{"alt_text":"","src":"https:\/\/i0.wp.com\/www.shqiperia.com\/blog\/wp-content\/uploads\/2018\/06\/Breshka.jpg?resize=350%2C200","width":350,"height":200},"classes":[]},{"id":66845,"url":"https:\/\/www.shqiperia.com\/blog\/drejtori-i-fbi-se-christopher-wray-charles-mcgonigal-takime-me-kryeministrin-edi-rama-te-cilat-ai-nuk-i-ka-deklaruar\/","url_meta":{"origin":53720,"position":5},"title":"Drejtori i FBI-s\u00eb, Christopher Wray: &#8211; Charles McGonigal takime me kryeministrin Edi Rama t\u00eb cilat ai nuk i ka deklaruar.","author":"Kurt Farka","date":"January 27, 2023","format":false,"excerpt":"27 Janar 2023 Drejtori i FBI-s\u00eb, Christopher Wray ka reaguar publikisht p\u00ebr her\u00eb t\u00eb par\u00eb n\u00eb lidhje me arrestimin e ish-zyrtarit Charles McGonigal, mbi t\u00eb cilin r\u00ebndojn\u00eb disa akuza, mes tyre edhe marrja e 225 mij\u00eb dollar\u00ebve nga nj\u00eb ish-agjent i Inteligjenc\u00ebs shqiptar\u00eb, por edhe takime me kryeministrin Edi Rama\u2026","rel":"","context":"In &quot;Blogu i Udh\u00ebtarit&quot;","block_context":{"text":"Blogu i Udh\u00ebtarit","link":"https:\/\/www.shqiperia.com\/blog\/category\/blogu-i-udhetarit\/"},"img":{"alt_text":"","src":"https:\/\/i0.wp.com\/www.shqiperia.com\/blog\/wp-content\/uploads\/2023\/01\/Drejtori-i-FBI-se-Christopher-Wray.jpg?fit=855%2C557&ssl=1&resize=350%2C200","width":350,"height":200,"srcset":"https:\/\/i0.wp.com\/www.shqiperia.com\/blog\/wp-content\/uploads\/2023\/01\/Drejtori-i-FBI-se-Christopher-Wray.jpg?fit=855%2C557&ssl=1&resize=350%2C200 1x, https:\/\/i0.wp.com\/www.shqiperia.com\/blog\/wp-content\/uploads\/2023\/01\/Drejtori-i-FBI-se-Christopher-Wray.jpg?fit=855%2C557&ssl=1&resize=525%2C300 1.5x, https:\/\/i0.wp.com\/www.shqiperia.com\/blog\/wp-content\/uploads\/2023\/01\/Drejtori-i-FBI-se-Christopher-Wray.jpg?fit=855%2C557&ssl=1&resize=700%2C400 2x"},"classes":[]}],"_links":{"self":[{"href":"https:\/\/www.shqiperia.com\/blog\/wp-json\/wp\/v2\/posts\/53720","targetHints":{"allow":["GET"]}}],"collection":[{"href":"https:\/\/www.shqiperia.com\/blog\/wp-json\/wp\/v2\/posts"}],"about":[{"href":"https:\/\/www.shqiperia.com\/blog\/wp-json\/wp\/v2\/types\/post"}],"author":[{"embeddable":true,"href":"https:\/\/www.shqiperia.com\/blog\/wp-json\/wp\/v2\/users\/9"}],"replies":[{"embeddable":true,"href":"https:\/\/www.shqiperia.com\/blog\/wp-json\/wp\/v2\/comments?post=53720"}],"version-history":[{"count":1,"href":"https:\/\/www.shqiperia.com\/blog\/wp-json\/wp\/v2\/posts\/53720\/revisions"}],"predecessor-version":[{"id":53722,"href":"https:\/\/www.shqiperia.com\/blog\/wp-json\/wp\/v2\/posts\/53720\/revisions\/53722"}],"wp:featuredmedia":[{"embeddable":true,"href":"https:\/\/www.shqiperia.com\/blog\/wp-json\/wp\/v2\/media\/53721"}],"wp:attachment":[{"href":"https:\/\/www.shqiperia.com\/blog\/wp-json\/wp\/v2\/media?parent=53720"}],"wp:term":[{"taxonomy":"category","embeddable":true,"href":"https:\/\/www.shqiperia.com\/blog\/wp-json\/wp\/v2\/categories?post=53720"},{"taxonomy":"post_tag","embeddable":true,"href":"https:\/\/www.shqiperia.com\/blog\/wp-json\/wp\/v2\/tags?post=53720"}],"curies":[{"name":"wp","href":"https:\/\/api.w.org\/{rel}","templated":true}]}}