{"id":53715,"date":"2022-02-03T22:43:13","date_gmt":"2022-02-03T22:43:13","guid":{"rendered":"https:\/\/www.shqiperia.com\/blog\/?p=53715"},"modified":"2022-02-03T22:43:13","modified_gmt":"2022-02-03T22:43:13","slug":"ilir-meta-paralajmeron-zhvillime-te-bujshme-flet-per-zgjedhje-te-parakohshme-brenda-vitit-jam-ne-gare-ndoshta-me-heret","status":"publish","type":"post","link":"https:\/\/www.shqiperia.com\/blog\/ilir-meta-paralajmeron-zhvillime-te-bujshme-flet-per-zgjedhje-te-parakohshme-brenda-vitit-jam-ne-gare-ndoshta-me-heret\/","title":{"rendered":"Ilir Meta paralajm\u00ebron zhvillime t\u00eb bujshme, flet p\u00ebr zgjedhje t\u00eb parakohshme: Brenda vitit jam n\u00eb gar\u00eb, ndoshta m\u00eb her\u00ebt"},"content":{"rendered":"<p><img data-recalc-dims=\"1\" loading=\"lazy\" decoding=\"async\" data-attachment-id=\"53718\" data-permalink=\"https:\/\/www.shqiperia.com\/blog\/ilir-meta-paralajmeron-zhvillime-te-bujshme-flet-per-zgjedhje-te-parakohshme-brenda-vitit-jam-ne-gare-ndoshta-me-heret\/800-0-61fc4b6e81a21\/\" data-orig-file=\"https:\/\/i0.wp.com\/www.shqiperia.com\/blog\/wp-content\/uploads\/2022\/02\/800-0-61fc4b6e81a21.jpg?fit=779%2C478&amp;ssl=1\" data-orig-size=\"779,478\" data-comments-opened=\"1\" data-image-meta=\"{&quot;aperture&quot;:&quot;0&quot;,&quot;credit&quot;:&quot;&quot;,&quot;camera&quot;:&quot;&quot;,&quot;caption&quot;:&quot;&quot;,&quot;created_timestamp&quot;:&quot;0&quot;,&quot;copyright&quot;:&quot;&quot;,&quot;focal_length&quot;:&quot;0&quot;,&quot;iso&quot;:&quot;0&quot;,&quot;shutter_speed&quot;:&quot;0&quot;,&quot;title&quot;:&quot;&quot;,&quot;orientation&quot;:&quot;0&quot;}\" data-image-title=\"-800-0-61fc4b6e81a21\" data-image-description=\"\" data-image-caption=\"\" data-medium-file=\"https:\/\/i0.wp.com\/www.shqiperia.com\/blog\/wp-content\/uploads\/2022\/02\/800-0-61fc4b6e81a21.jpg?fit=300%2C184&amp;ssl=1\" data-large-file=\"https:\/\/i0.wp.com\/www.shqiperia.com\/blog\/wp-content\/uploads\/2022\/02\/800-0-61fc4b6e81a21.jpg?fit=779%2C478&amp;ssl=1\" class=\"alignnone  wp-image-53718\" alt=\"\" src=\"https:\/\/i0.wp.com\/www.shqiperia.com\/blog\/wp-content\/uploads\/2022\/02\/800-0-61fc4b6e81a21.jpg?resize=732%2C449&#038;ssl=1\" width=\"732\" height=\"449\" srcset=\"https:\/\/i0.wp.com\/www.shqiperia.com\/blog\/wp-content\/uploads\/2022\/02\/800-0-61fc4b6e81a21.jpg?resize=300%2C184&amp;ssl=1 300w, https:\/\/i0.wp.com\/www.shqiperia.com\/blog\/wp-content\/uploads\/2022\/02\/800-0-61fc4b6e81a21.jpg?resize=768%2C471&amp;ssl=1 768w, https:\/\/i0.wp.com\/www.shqiperia.com\/blog\/wp-content\/uploads\/2022\/02\/800-0-61fc4b6e81a21.jpg?resize=450%2C276&amp;ssl=1 450w, https:\/\/i0.wp.com\/www.shqiperia.com\/blog\/wp-content\/uploads\/2022\/02\/800-0-61fc4b6e81a21.jpg?resize=600%2C368&amp;ssl=1 600w, https:\/\/i0.wp.com\/www.shqiperia.com\/blog\/wp-content\/uploads\/2022\/02\/800-0-61fc4b6e81a21.jpg?resize=400%2C245&amp;ssl=1 400w, https:\/\/i0.wp.com\/www.shqiperia.com\/blog\/wp-content\/uploads\/2022\/02\/800-0-61fc4b6e81a21.jpg?w=779&amp;ssl=1 779w\" sizes=\"auto, (max-width: 732px) 100vw, 732px\" \/><\/p>\n<p>Ilir Meta paralajm\u00ebron zhvillime t\u00eb bujshme, flet p\u00ebr zgjedhje t\u00eb parakohshme: Brenda vitit jam n\u00eb gar\u00eb, ndoshta m\u00eb her\u00ebt<\/p>\n<p>3 SHKURT 2022<\/p>\n<p>\u201cBrenda vitit do t\u00eb m\u00eb keni n\u00eb gar\u00eb,\u201c- k\u00ebshtu tha numri nj\u00eb i shtetit, Ilir Meta. Gjat\u00eb intervist\u00ebs s\u00eb tij n\u00eb emisionin \u2018Frontline\u2019, kreu i shtetit Ilir Meta tha se do t\u00eb jet\u00eb gati p\u00ebr zgjedhjet e radh\u00ebs, duke mos e p\u00ebrjashtuar mund\u00ebsin\u00eb q\u00eb para tyre vendi mund t\u00eb shkoj\u00eb n\u00eb zgjedhje t\u00eb parakohshme parlamentare. Por nuk preferoi q\u00eb t\u00eb q\u00ebndronte gjat\u00eb duke komentuar opsionin e garimit p\u00ebr t\u00eb marr\u00eb drejtimin e qeveris\u00eb.<\/p>\n<p>\u201cDuhet ta keni t\u00eb qart\u00eb asnj\u00eb p\u00ebrgjegj\u00ebsi Ilir Meta p\u00ebr 25 prillin apo 6 marsin, Ilir Met\u00ebn do ta ken\u00eb n\u00eb gar\u00eb t\u00eb v\u00ebrtet\u00eb dhe t\u00eb papara dhe brenda nj\u00eb viti rasti m\u00eb ekstrem do t\u00eb jen\u00eb zgjedhjet e p\u00ebrgjithshme vendore. N\u00eb nj\u00eb vit ne do t\u00eb kemi zgjedhje t\u00eb p\u00ebrgjithshme vendore dhe Ilir Meta do t\u00eb marr\u00eb pjes\u00eb.<\/p>\n<p>N\u00eb mos ka zgjedhje edhe m\u00eb her\u00ebt,\u201d-tha Meta n\u00eb fjal\u00ebn e tij.<\/p>\n<p>Gazeta Sot<\/p>\n","protected":false},"excerpt":{"rendered":"<p>Ilir Meta paralajm\u00ebron zhvillime t\u00eb bujshme, flet p\u00ebr zgjedhje t\u00eb parakohshme: Brenda vitit jam n\u00eb gar\u00eb, ndoshta m\u00eb her\u00ebt 3 SHKURT 2022 \u201cBrenda vitit do t\u00eb m\u00eb keni n\u00eb gar\u00eb,\u201c- k\u00ebshtu tha numri nj\u00eb i shtetit, Ilir Meta. Gjat\u00eb intervist\u00ebs s\u00eb tij n\u00eb emisionin \u2018Frontline\u2019, kreu i shtetit Ilir Meta tha se do t\u00eb jet\u00eb [&hellip;]<\/p>\n","protected":false},"author":9,"featured_media":53718,"comment_status":"open","ping_status":"open","sticky":false,"template":"","format":"standard","meta":{"jetpack_post_was_ever_published":false,"_jetpack_newsletter_access":"","_jetpack_dont_email_post_to_subs":false,"_jetpack_newsletter_tier_id":0,"_jetpack_memberships_contains_paywalled_content":false,"_jetpack_memberships_contains_paid_content":false,"footnotes":"","jetpack_publicize_message":"","jetpack_publicize_feature_enabled":true,"jetpack_social_post_already_shared":true,"jetpack_social_options":{"image_generator_settings":{"template":"highway","default_image_id":0,"font":"","enabled":false},"version":2}},"categories":[27,2],"tags":[],"class_list":["post-53715","post","type-post","status-publish","format-standard","has-post-thumbnail","hentry","category-blogu-i-udhetarit","category-politika"],"jetpack_publicize_connections":[],"jetpack_featured_media_url":"https:\/\/i0.wp.com\/www.shqiperia.com\/blog\/wp-content\/uploads\/2022\/02\/800-0-61fc4b6e81a21.jpg?fit=779%2C478&ssl=1","jetpack_sharing_enabled":true,"jetpack_shortlink":"https:\/\/wp.me\/p5Z6wp-dYn","jetpack-related-posts":[{"id":39293,"url":"https:\/\/www.shqiperia.com\/blog\/mund-te-ndodhe-edhe-me-pare-ilir-meta-paralajmeron-zhvillime-te-bujshme-ne-politiken-shqiptare\/","url_meta":{"origin":53715,"position":0},"title":"&#8220;Mund t\u00eb ndodh\u00eb edhe m\u00eb par\u00eb&#8221;, Ilir Meta paralajm\u00ebron zhvillime t\u00eb bujshme n\u00eb politik\u00ebn shqiptare","author":"Kurt Farka","date":"October 6, 2020","format":false,"excerpt":"\"Mund t\u00eb ndodh\u00eb edhe m\u00eb par\u00eb\", Ilir Meta paralajm\u00ebron zhvillime t\u00eb bujshme n\u00eb politik\u00ebn shqiptare 6 TETOR 2020 Presidenti Ilir Meta shprehet se qeveria \u2018Rama\u2019 do t\u00eb rr\u00ebzohet n\u00eb zgjedhjet e 25 prillit, por sipas tij kjo mund t\u00eb ndodh\u00eb edhe m\u00eb par\u00eb n\u00ebse \u00ebsht\u00eb e domosdoshme. Sipas Met\u00ebs, \u2018Rilindja\u2019\u2026","rel":"","context":"In &quot;Blogu i Udh\u00ebtarit&quot;","block_context":{"text":"Blogu i Udh\u00ebtarit","link":"https:\/\/www.shqiperia.com\/blog\/category\/blogu-i-udhetarit\/"},"img":{"alt_text":"","src":"https:\/\/i0.wp.com\/www.shqiperia.com\/blog\/wp-content\/uploads\/2020\/10\/Ilir-Meta.jpg?fit=800%2C480&ssl=1&resize=350%2C200","width":350,"height":200,"srcset":"https:\/\/i0.wp.com\/www.shqiperia.com\/blog\/wp-content\/uploads\/2020\/10\/Ilir-Meta.jpg?fit=800%2C480&ssl=1&resize=350%2C200 1x, https:\/\/i0.wp.com\/www.shqiperia.com\/blog\/wp-content\/uploads\/2020\/10\/Ilir-Meta.jpg?fit=800%2C480&ssl=1&resize=525%2C300 1.5x, https:\/\/i0.wp.com\/www.shqiperia.com\/blog\/wp-content\/uploads\/2020\/10\/Ilir-Meta.jpg?fit=800%2C480&ssl=1&resize=700%2C400 2x"},"classes":[]},{"id":22711,"url":"https:\/\/www.shqiperia.com\/blog\/ilir-meta-propozon-zgjidhjen-per-krizen-ne-13-tetor-do-kemi-dy-pale-zgjedhje-edhe-te-pergjithshme-edhe-per\/","url_meta":{"origin":53715,"position":1},"title":"Ilir Meta propozon zgjidhjen p\u00ebr kriz\u00ebn: &#8211; N\u00eb 13 tetor do kemi dy pal\u00eb zgjedhje, edhe t\u00eb p\u00ebrgjithshme edhe p\u00ebr\u2026","author":"Kurt Farka","date":"July 2, 2019","format":false,"excerpt":"Ilir Meta propozon zgjidhjen p\u00ebr kriz\u00ebn: - N\u00eb 13 tetor do kemi dy pal\u00eb zgjedhje, edhe t\u00eb p\u00ebrgjithshme edhe p\u00ebr\u2026 2 korrik 2019 Kreu i shtetit, Ilir Meta u shpreh se zgjidhja q\u00eb propozon p\u00ebr t\u00eb kap\u00ebrcyer k\u00ebt\u00eb kriz\u00eb politike, \u00ebsht\u00eb q\u00eb n\u00eb 13 tetor t\u00eb ket\u00eb zgjedhje t\u00eb p\u00ebrgjithshme\u2026","rel":"","context":"In &quot;Kultura&quot;","block_context":{"text":"Kultura","link":"https:\/\/www.shqiperia.com\/blog\/category\/kultura\/"},"img":{"alt_text":"","src":"https:\/\/i0.wp.com\/www.shqiperia.com\/blog\/wp-content\/uploads\/2019\/07\/images.jpg?resize=350%2C200","width":350,"height":200},"classes":[]},{"id":48049,"url":"https:\/\/www.shqiperia.com\/blog\/deklarata-e-bujshme-e-analistit-te-njohur-mund-te-kete-zgjedhje-te-parakohshme-pd-nuk-mund-te-vije-ne-pushtet-me\/","url_meta":{"origin":53715,"position":2},"title":"Deklarata e bujshme e analistit t\u00eb njohur: &#8211; Mund t\u00eb ket\u00eb zgjedhje t\u00eb parakohshme, PD nuk mund t\u00eb vij\u00eb n\u00eb pushtet me&#8230;","author":"Kurt Farka","date":"June 21, 2021","format":false,"excerpt":"Deklarata e bujshme e analistit t\u00eb njohur: Mund t\u00eb ket\u00eb zgjedhje t\u00eb parakohshme, PD nuk mund t\u00eb vij\u00eb n\u00eb pushtet me... 21 QERSHOR 2021 Politologu Adri Nurellari ka folur p\u00ebr zgjedhjet p\u00ebr kreun e PD-s\u00eb, ku pohoi se n\u00eb k\u00ebt\u00eb proces nuk pati nj\u00eb gar\u00eb t\u00eb ndershme. Teksa nuk p\u00ebrjashtoi\u2026","rel":"","context":"In &quot;Blogu i Udh\u00ebtarit&quot;","block_context":{"text":"Blogu i Udh\u00ebtarit","link":"https:\/\/www.shqiperia.com\/blog\/category\/blogu-i-udhetarit\/"},"img":{"alt_text":"","src":"https:\/\/i0.wp.com\/www.shqiperia.com\/blog\/wp-content\/uploads\/2021\/06\/800-0-60d0ecd880d43.jpg?fit=800%2C438&ssl=1&resize=350%2C200","width":350,"height":200,"srcset":"https:\/\/i0.wp.com\/www.shqiperia.com\/blog\/wp-content\/uploads\/2021\/06\/800-0-60d0ecd880d43.jpg?fit=800%2C438&ssl=1&resize=350%2C200 1x, https:\/\/i0.wp.com\/www.shqiperia.com\/blog\/wp-content\/uploads\/2021\/06\/800-0-60d0ecd880d43.jpg?fit=800%2C438&ssl=1&resize=525%2C300 1.5x, https:\/\/i0.wp.com\/www.shqiperia.com\/blog\/wp-content\/uploads\/2021\/06\/800-0-60d0ecd880d43.jpg?fit=800%2C438&ssl=1&resize=700%2C400 2x"},"classes":[]},{"id":31995,"url":"https:\/\/www.shqiperia.com\/blog\/e-papritur-meta-paralajmeron-ramen-dhe-zbulon-daten-kur-do-shperndaje-parlamentin\/","url_meta":{"origin":53715,"position":3},"title":"E papritur! Meta paralajm\u00ebron Ram\u00ebn dhe zbulon dat\u00ebn kur do shp\u00ebrndaj\u00eb Parlamentin","author":"Kurt Farka","date":"March 2, 2020","format":false,"excerpt":"E papritur! Meta paralajm\u00ebron Ram\u00ebn dhe zbulon dat\u00ebn kur do shp\u00ebrndaj\u00eb Parlamentin 2 MARS 2020 Presidenti Ilir Meta ka paralajm\u00ebruar kryeministrin Edi Rama se do t\u00eb shp\u00ebrndaj\u00eb parlamentin pas dat\u00ebs 15 mars, n\u00ebse me miratimin e Reform\u00ebs Zgjedhore, mzhoranca nuk pranoj t\u00eb zgjidhoj\u00eb zgjedhjet e parakohshme. \u201cA kemi parlament apo\u2026","rel":"","context":"In &quot;Blogu i Udh\u00ebtarit&quot;","block_context":{"text":"Blogu i Udh\u00ebtarit","link":"https:\/\/www.shqiperia.com\/blog\/category\/blogu-i-udhetarit\/"},"img":{"alt_text":"","src":"https:\/\/i0.wp.com\/www.shqiperia.com\/blog\/wp-content\/uploads\/2020\/03\/Ilir-Meta-1.jpg?fit=800%2C463&ssl=1&resize=350%2C200","width":350,"height":200,"srcset":"https:\/\/i0.wp.com\/www.shqiperia.com\/blog\/wp-content\/uploads\/2020\/03\/Ilir-Meta-1.jpg?fit=800%2C463&ssl=1&resize=350%2C200 1x, https:\/\/i0.wp.com\/www.shqiperia.com\/blog\/wp-content\/uploads\/2020\/03\/Ilir-Meta-1.jpg?fit=800%2C463&ssl=1&resize=525%2C300 1.5x, https:\/\/i0.wp.com\/www.shqiperia.com\/blog\/wp-content\/uploads\/2020\/03\/Ilir-Meta-1.jpg?fit=800%2C463&ssl=1&resize=700%2C400 2x"},"classes":[]},{"id":38279,"url":"https:\/\/www.shqiperia.com\/blog\/meta-ne-qeveri-me-26-prill-2021-nese-fiton-pd-lsi-berisha-ose-mejdani-ne-presidence\/","url_meta":{"origin":53715,"position":4},"title":"Meta n\u00eb qeveri m\u00eb 26 prill 2021 n\u00ebse fiton PD-LSI, Berisha ose Mejdani n\u00eb Presidenc\u00eb?!","author":"Kurt Farka","date":"September 10, 2020","format":false,"excerpt":"Meta n\u00eb qeveri m\u00eb 26 prill 2021 n\u00ebse fiton PD-LSI, Berisha ose Mejdani n\u00eb Presidenc\u00eb?! 10 shtator 2020 Ilir Meta paralajmeron se ne rast fitore te PD dhe LSI bashke me koalicionin qeveritar, do te largohet nga presidenca me 26 prill 2021 nje dite pas zgjedhjeve parlamenatre. Disa media, cituan\u2026","rel":"","context":"In &quot;Blogu i Udh\u00ebtarit&quot;","block_context":{"text":"Blogu i Udh\u00ebtarit","link":"https:\/\/www.shqiperia.com\/blog\/category\/blogu-i-udhetarit\/"},"img":{"alt_text":"","src":"https:\/\/i0.wp.com\/www.shqiperia.com\/blog\/wp-content\/uploads\/2020\/09\/Rama-Berisha-Meta-Basha.jpg?fit=511%2C297&ssl=1&resize=350%2C200","width":350,"height":200},"classes":[]},{"id":31099,"url":"https:\/\/www.shqiperia.com\/blog\/votimet-lokale-moniste-te-ps-kie-zbarkon-ne-tirane\/","url_meta":{"origin":53715,"position":5},"title":"Votimet Lokale Moniste t\u00eb PS, KiE zbarkon n\u00eb Tiran\u00eb","author":"Kurt Farka","date":"February 5, 2020","format":false,"excerpt":"Votimet Lokale Moniste t\u00eb PS, KiE zbarkon n\u00eb Tiran\u00eb 04\/02\/2020 \u00a0 K\u00ebshilli i Europ\u00ebs ka d\u00ebrguar n\u00eb Tiran\u00eb delegacionin e nivelit m\u00eb t\u00eb lart\u00eb t\u00eb Kongresit t\u00eb Autoriteteve Lokale. Misioni faktmbledh\u00ebs ka q\u00ebllim kryesor t\u00eb vizit\u00ebs pik\u00ebrisht situat\u00ebn n\u00eb Shqip\u00ebri pas zgjedhjeve lokale moniste t\u00eb 30 qershorit. P\u00ebr t\u2019u njohur\u2026","rel":"","context":"In &quot;Blogu i Udh\u00ebtarit&quot;","block_context":{"text":"Blogu i Udh\u00ebtarit","link":"https:\/\/www.shqiperia.com\/blog\/category\/blogu-i-udhetarit\/"},"img":{"alt_text":"","src":"https:\/\/i0.wp.com\/www.shqiperia.com\/blog\/wp-content\/uploads\/2020\/02\/download.png?fit=474%2C261&ssl=1&resize=350%2C200","width":350,"height":200},"classes":[]}],"_links":{"self":[{"href":"https:\/\/www.shqiperia.com\/blog\/wp-json\/wp\/v2\/posts\/53715","targetHints":{"allow":["GET"]}}],"collection":[{"href":"https:\/\/www.shqiperia.com\/blog\/wp-json\/wp\/v2\/posts"}],"about":[{"href":"https:\/\/www.shqiperia.com\/blog\/wp-json\/wp\/v2\/types\/post"}],"author":[{"embeddable":true,"href":"https:\/\/www.shqiperia.com\/blog\/wp-json\/wp\/v2\/users\/9"}],"replies":[{"embeddable":true,"href":"https:\/\/www.shqiperia.com\/blog\/wp-json\/wp\/v2\/comments?post=53715"}],"version-history":[{"count":1,"href":"https:\/\/www.shqiperia.com\/blog\/wp-json\/wp\/v2\/posts\/53715\/revisions"}],"predecessor-version":[{"id":53719,"href":"https:\/\/www.shqiperia.com\/blog\/wp-json\/wp\/v2\/posts\/53715\/revisions\/53719"}],"wp:featuredmedia":[{"embeddable":true,"href":"https:\/\/www.shqiperia.com\/blog\/wp-json\/wp\/v2\/media\/53718"}],"wp:attachment":[{"href":"https:\/\/www.shqiperia.com\/blog\/wp-json\/wp\/v2\/media?parent=53715"}],"wp:term":[{"taxonomy":"category","embeddable":true,"href":"https:\/\/www.shqiperia.com\/blog\/wp-json\/wp\/v2\/categories?post=53715"},{"taxonomy":"post_tag","embeddable":true,"href":"https:\/\/www.shqiperia.com\/blog\/wp-json\/wp\/v2\/tags?post=53715"}],"curies":[{"name":"wp","href":"https:\/\/api.w.org\/{rel}","templated":true}]}}