{"id":53669,"date":"2022-02-02T00:05:39","date_gmt":"2022-02-02T00:05:39","guid":{"rendered":"https:\/\/www.shqiperia.com\/blog\/?p=53669"},"modified":"2022-02-02T00:05:39","modified_gmt":"2022-02-02T00:05:39","slug":"mustafa-nano-ja-si-ilir-meta-po-shpeton-sali-berishen-nuk-besoj-se-shba-se-po-i-digjet-barku-per-bashen-por-ata-kane-ne-plan-qe","status":"publish","type":"post","link":"https:\/\/www.shqiperia.com\/blog\/mustafa-nano-ja-si-ilir-meta-po-shpeton-sali-berishen-nuk-besoj-se-shba-se-po-i-digjet-barku-per-bashen-por-ata-kane-ne-plan-qe\/","title":{"rendered":"Mustafa Nano: &#8211; Ja si Ilir Meta po &#8220;shp\u00ebton&#8221; Sali Berish\u00ebn! &#8211; Nuk besoj se SHBA-s\u00eb po i digjet barku p\u00ebr Bash\u00ebn, por ata kan\u00eb n\u00eb plan q\u00eb&#8230;"},"content":{"rendered":"<p><img data-recalc-dims=\"1\" loading=\"lazy\" decoding=\"async\" data-attachment-id=\"53670\" data-permalink=\"https:\/\/www.shqiperia.com\/blog\/mustafa-nano-ja-si-ilir-meta-po-shpeton-sali-berishen-nuk-besoj-se-shba-se-po-i-digjet-barku-per-bashen-por-ata-kane-ne-plan-qe\/mustafa-nano-3\/\" data-orig-file=\"https:\/\/i0.wp.com\/www.shqiperia.com\/blog\/wp-content\/uploads\/2022\/02\/mustafa-Nano.png?fit=870%2C487&amp;ssl=1\" data-orig-size=\"870,487\" data-comments-opened=\"1\" data-image-meta=\"{&quot;aperture&quot;:&quot;0&quot;,&quot;credit&quot;:&quot;&quot;,&quot;camera&quot;:&quot;&quot;,&quot;caption&quot;:&quot;&quot;,&quot;created_timestamp&quot;:&quot;0&quot;,&quot;copyright&quot;:&quot;&quot;,&quot;focal_length&quot;:&quot;0&quot;,&quot;iso&quot;:&quot;0&quot;,&quot;shutter_speed&quot;:&quot;0&quot;,&quot;title&quot;:&quot;&quot;,&quot;orientation&quot;:&quot;0&quot;}\" data-image-title=\"mustafa-Nano\" data-image-description=\"\" data-image-caption=\"\" data-medium-file=\"https:\/\/i0.wp.com\/www.shqiperia.com\/blog\/wp-content\/uploads\/2022\/02\/mustafa-Nano.png?fit=300%2C168&amp;ssl=1\" data-large-file=\"https:\/\/i0.wp.com\/www.shqiperia.com\/blog\/wp-content\/uploads\/2022\/02\/mustafa-Nano.png?fit=870%2C487&amp;ssl=1\" class=\"alignnone  wp-image-53670\" alt=\"\" src=\"https:\/\/i0.wp.com\/www.shqiperia.com\/blog\/wp-content\/uploads\/2022\/02\/mustafa-Nano.png?resize=525%2C294&#038;ssl=1\" width=\"525\" height=\"294\" srcset=\"https:\/\/i0.wp.com\/www.shqiperia.com\/blog\/wp-content\/uploads\/2022\/02\/mustafa-Nano.png?resize=300%2C168&amp;ssl=1 300w, https:\/\/i0.wp.com\/www.shqiperia.com\/blog\/wp-content\/uploads\/2022\/02\/mustafa-Nano.png?resize=768%2C430&amp;ssl=1 768w, https:\/\/i0.wp.com\/www.shqiperia.com\/blog\/wp-content\/uploads\/2022\/02\/mustafa-Nano.png?resize=450%2C252&amp;ssl=1 450w, https:\/\/i0.wp.com\/www.shqiperia.com\/blog\/wp-content\/uploads\/2022\/02\/mustafa-Nano.png?resize=600%2C336&amp;ssl=1 600w, https:\/\/i0.wp.com\/www.shqiperia.com\/blog\/wp-content\/uploads\/2022\/02\/mustafa-Nano.png?resize=400%2C224&amp;ssl=1 400w, https:\/\/i0.wp.com\/www.shqiperia.com\/blog\/wp-content\/uploads\/2022\/02\/mustafa-Nano.png?w=870&amp;ssl=1 870w\" sizes=\"auto, (max-width: 525px) 100vw, 525px\" \/><\/p>\n<p>Mustafa Nano: &#8211; Ja si Ilir Meta po &#8220;shp\u00ebton&#8221; Sali Berish\u00ebn! &#8211; Nuk besoj se SHBA-s\u00eb po i digjet barku p\u00ebr Bash\u00ebn, por ata kan\u00eb n\u00eb plan q\u00eb&#8230;<\/p>\n<p>31 JANAR 2022<\/p>\n<p>Analisti Mustafa Nano u shpreh se hyrja n\u00eb zgjedhjet e pjesshme vendore t\u00eb Grupi i Rithemelimit s\u00eb bashku me LSI-n\u00eb, \u00ebsht\u00eb e turpshme.<\/p>\n<p>\u201cKoalicioni i dy politikan\u00ebve t\u00eb d\u00ebshperuar\u201d, e cil\u00ebsoi Nano bashkimin e LSI dhe Grupit t\u00eb Rithemelimit. Sipas tij Berisha \u00ebsht\u00eb n\u00eb k\u00ebt\u00eb koalicion p\u00ebr arsye q\u00eb dihen dhe Meta p\u00ebr arsyet q\u00eb e presin, duke shtuar se GJK mund ta shkarkoj\u00eb at\u00eb nga posti i presidentit.<\/p>\n<p>\u201cShpresoj q\u00eb t\u00eb verifikohet q\u00eb n\u00eb momentin q\u00eb Berisha ka qen\u00eb te Arena dhe nga ai moment e k\u00ebtej kemi nj\u00eb r\u00ebnie t\u00eb ndikimit t\u00eb Berish\u00ebs brenda partis\u00eb.<\/p>\n<p>Berish\u00ebn e shoh n\u00eb r\u00ebnie, demokrat\u00ebt do t\u00eb ken\u00eb nj\u00eb lloj zhg\u00ebnjimi. Ata po hyjn\u00eb n\u00eb zgjedhjet e 6 marsit n\u00eb sigl\u00ebn e LSI, \u00ebsht\u00eb e turpshme. N\u00ebse s\u2019do ishte LSI Berisha nuk do hynte dot n\u00eb zgjedhje\u201d, tha ai p\u00ebr MCN Tv.<\/p>\n<p>\u201cKy \u00ebsht\u00eb nj\u00eb koalicion e dy politikan\u00ebve t\u00eb d\u00ebshp\u00ebruar. Berish\u00ebn p\u00ebr arsye q\u00eb e dim\u00eb dhe Met\u00ebn p\u00ebr arsye q\u00eb e presim, sepse b\u00ebn\u00eb vaki q\u00eb GJK e shkarkon. Kjo \u00ebsht\u00eb aleanca e ardhshme, Berisha dhe Meta do jen\u00eb kund\u00ebr Bash\u00ebs dhe ky I fundit s\u2019do ket\u00eb zgjidhje tjet\u00ebr ve\u00e7 t\u00eb b\u00ebj\u00eb koalicion me Ram\u00ebn.<\/p>\n<p>Un\u00eb kam p\u00ebrshtypjen q\u00eb LSI dhe Rithemelimi I PD do shkrihen n\u00eb nj\u00eb parti. Pjesa m\u00eb e keqe e Shqip\u00ebris\u00eb \u00ebsht\u00eb ajo e atyre q\u00eb merren me politik\u00ebn aktive. Sot kemi nj\u00eb minoranc\u00eb t\u00eb z\u00ebshme q\u00eb dominon \u00e7do gj\u00eb.<\/p>\n<p>Nuk besoj se ambasada Amerikane po i digjet barku p\u00ebr Bash\u00ebn. Ata po e mb\u00ebshtesin at\u00eb, por e v\u00ebrteta \u00ebsht\u00eb q\u00eb ai \u00ebsht\u00eb nj\u00eb aleat amerikan\u00ebve nga halli se p\u00ebrmes tij duan ti fusin shqelmin Berish\u00ebs\u201d, tha ai.<\/p>\n<p>Gazeta Sot<\/p>\n","protected":false},"excerpt":{"rendered":"<p>Mustafa Nano: &#8211; Ja si Ilir Meta po &#8220;shp\u00ebton&#8221; Sali Berish\u00ebn! &#8211; Nuk besoj se SHBA-s\u00eb po i digjet barku p\u00ebr Bash\u00ebn, por ata kan\u00eb n\u00eb plan q\u00eb&#8230; 31 JANAR 2022 Analisti Mustafa Nano u shpreh se hyrja n\u00eb zgjedhjet e pjesshme vendore t\u00eb Grupi i Rithemelimit s\u00eb bashku me LSI-n\u00eb, \u00ebsht\u00eb e turpshme. \u201cKoalicioni [&hellip;]<\/p>\n","protected":false},"author":9,"featured_media":53670,"comment_status":"open","ping_status":"open","sticky":false,"template":"","format":"standard","meta":{"jetpack_post_was_ever_published":false,"_jetpack_newsletter_access":"","_jetpack_dont_email_post_to_subs":false,"_jetpack_newsletter_tier_id":0,"_jetpack_memberships_contains_paywalled_content":false,"_jetpack_memberships_contains_paid_content":false,"footnotes":"","jetpack_publicize_message":"","jetpack_publicize_feature_enabled":true,"jetpack_social_post_already_shared":true,"jetpack_social_options":{"image_generator_settings":{"template":"highway","default_image_id":0,"font":"","enabled":false},"version":2}},"categories":[27,2],"tags":[],"class_list":["post-53669","post","type-post","status-publish","format-standard","has-post-thumbnail","hentry","category-blogu-i-udhetarit","category-politika"],"jetpack_publicize_connections":[],"jetpack_featured_media_url":"https:\/\/i0.wp.com\/www.shqiperia.com\/blog\/wp-content\/uploads\/2022\/02\/mustafa-Nano.png?fit=870%2C487&ssl=1","jetpack_sharing_enabled":true,"jetpack_shortlink":"https:\/\/wp.me\/p5Z6wp-dXD","jetpack-related-posts":[{"id":52189,"url":"https:\/\/www.shqiperia.com\/blog\/kuvend-i-hajnise-basha-akuzon-berisha-po-mbeshtetet-nga-rama-meta-oligarket-dhe-krimi-i-organizuar\/","url_meta":{"origin":53669,"position":0},"title":"\u201cKuvend i Hajnis\u00eb\u201d . Basha akuzon: &#8211; Berisha po mb\u00ebshtetet nga Rama-Meta, oligark\u00ebt dhe krimi i organizuar","author":"Kurt Farka","date":"December 10, 2021","format":false,"excerpt":"\u201cKuvend i Hajnis\u00eb\u201d . Basha akuzon: - Berisha po mb\u00ebshtetet nga Rama-Meta, oligark\u00ebt dhe krimi i organizuar 9 DHJETOR 2021 Lulzim Basha e quajti \u201cKuvendi i Hajnis\u00eb\u201d Kuvendin e thirrur nga Sali Berisha m\u00eb 11 dhjetor dhe akuzoi Edi Ram\u00ebn se po e mb\u00ebshtet ish-Kryeministrin s\u00eb bashku me Ilir Met\u00ebn.\u2026","rel":"","context":"In &quot;Blogu i Udh\u00ebtarit&quot;","block_context":{"text":"Blogu i Udh\u00ebtarit","link":"https:\/\/www.shqiperia.com\/blog\/category\/blogu-i-udhetarit\/"},"img":{"alt_text":"","src":"https:\/\/i0.wp.com\/www.shqiperia.com\/blog\/wp-content\/uploads\/2021\/12\/640-0-373802825f33fa05d9228cb207f42a3e.jpg?fit=640%2C389&ssl=1&resize=350%2C200","width":350,"height":200,"srcset":"https:\/\/i0.wp.com\/www.shqiperia.com\/blog\/wp-content\/uploads\/2021\/12\/640-0-373802825f33fa05d9228cb207f42a3e.jpg?fit=640%2C389&ssl=1&resize=350%2C200 1x, https:\/\/i0.wp.com\/www.shqiperia.com\/blog\/wp-content\/uploads\/2021\/12\/640-0-373802825f33fa05d9228cb207f42a3e.jpg?fit=640%2C389&ssl=1&resize=525%2C300 1.5x"},"classes":[]},{"id":47289,"url":"https:\/\/www.shqiperia.com\/blog\/mustafa-nano-jep-lajmin-e-keq-per-socialistet-kam-frike-se-ilir-meta\/","url_meta":{"origin":53669,"position":1},"title":"Mustafa Nano jep &#8220;lajmin e keq&#8221; p\u00ebr socialist\u00ebt: &#8211; Kam frik\u00eb se Ilir Meta&#8230;","author":"Kurt Farka","date":"May 6, 2021","format":false,"excerpt":"Mustafa Nano jep \"lajmin e keq\" p\u00ebr socialist\u00ebt: - Kam frik\u00eb se Ilir Meta... 6 MAJ 2021 Gjat\u00eb dit\u00ebs s\u00eb sotme, Komisioni i Ligjeve miratoi ngritjen e Komisionit Hetimor. Analisti Mustafa Nano shprehet se Presidenti Ilir Meta nuk do t\u00eb shkarkohet. Intervista e Mustafa Nanos n\u00eb MCN TV: Sot u\u2026","rel":"","context":"In &quot;Blogu i Udh\u00ebtarit&quot;","block_context":{"text":"Blogu i Udh\u00ebtarit","link":"https:\/\/www.shqiperia.com\/blog\/category\/blogu-i-udhetarit\/"},"img":{"alt_text":"","src":"https:\/\/i0.wp.com\/www.shqiperia.com\/blog\/wp-content\/uploads\/2021\/05\/maxresdefault.jpg?fit=1200%2C675&ssl=1&resize=350%2C200","width":350,"height":200,"srcset":"https:\/\/i0.wp.com\/www.shqiperia.com\/blog\/wp-content\/uploads\/2021\/05\/maxresdefault.jpg?fit=1200%2C675&ssl=1&resize=350%2C200 1x, https:\/\/i0.wp.com\/www.shqiperia.com\/blog\/wp-content\/uploads\/2021\/05\/maxresdefault.jpg?fit=1200%2C675&ssl=1&resize=525%2C300 1.5x, https:\/\/i0.wp.com\/www.shqiperia.com\/blog\/wp-content\/uploads\/2021\/05\/maxresdefault.jpg?fit=1200%2C675&ssl=1&resize=700%2C400 2x, https:\/\/i0.wp.com\/www.shqiperia.com\/blog\/wp-content\/uploads\/2021\/05\/maxresdefault.jpg?fit=1200%2C675&ssl=1&resize=1050%2C600 3x"},"classes":[]},{"id":47186,"url":"https:\/\/www.shqiperia.com\/blog\/cfare-do-te-ndodhe-nese-shkarkohet-ilir-meta-nano-nxjerr-skenarin-e-presidentit-kjo-eshte-nje-levizje-e-gabuar\/","url_meta":{"origin":53669,"position":2},"title":"\u00c7far\u00eb do t\u00eb ndodh\u00eb n\u00ebse shkarkohet Ilir Meta? &#8211; Nano nxjerr skenarin e presidentit: &#8211; Kjo \u00ebsht\u00eb nj\u00eb l\u00ebvizje e gabuar","author":"Kurt Farka","date":"May 3, 2021","format":false,"excerpt":"\u00c7far\u00eb do t\u00eb ndodh\u00eb n\u00ebse shkarkohet Ilir Meta? - Nano nxjerr skenarin e presidentit: - Kjo \u00ebsht\u00eb nj\u00eb l\u00ebvizje e gabuar 3 MAJ 2021 Shkarkimin e presidentit Ilir Meta, analisti Mustafa Nano e ka cil\u00ebsuar si l\u00ebvizje politike t\u00eb gabuar edhe pse sipas tij ai ka shkelur kushtetut\u00ebn dhe meriton\u2026","rel":"","context":"In &quot;Blogu i Udh\u00ebtarit&quot;","block_context":{"text":"Blogu i Udh\u00ebtarit","link":"https:\/\/www.shqiperia.com\/blog\/category\/blogu-i-udhetarit\/"},"img":{"alt_text":"","src":"https:\/\/i0.wp.com\/www.shqiperia.com\/blog\/wp-content\/uploads\/2021\/05\/800-0-609046ff0385e.jpg?fit=800%2C463&ssl=1&resize=350%2C200","width":350,"height":200,"srcset":"https:\/\/i0.wp.com\/www.shqiperia.com\/blog\/wp-content\/uploads\/2021\/05\/800-0-609046ff0385e.jpg?fit=800%2C463&ssl=1&resize=350%2C200 1x, https:\/\/i0.wp.com\/www.shqiperia.com\/blog\/wp-content\/uploads\/2021\/05\/800-0-609046ff0385e.jpg?fit=800%2C463&ssl=1&resize=525%2C300 1.5x, https:\/\/i0.wp.com\/www.shqiperia.com\/blog\/wp-content\/uploads\/2021\/05\/800-0-609046ff0385e.jpg?fit=800%2C463&ssl=1&resize=700%2C400 2x"},"classes":[]},{"id":50518,"url":"https:\/\/www.shqiperia.com\/blog\/do-vijne-dy-telefonata-nga-burgu-kreshnik-spahiu-paralajmeron-levizje-te-bujshme-cfare-do-te-ndodhe-me-lulzim-bashen-nese-arrestohet-sali-berisha-fundi-i-ketij-politikani-do-t\/","url_meta":{"origin":53669,"position":3},"title":"&#8220;Do vijn\u00eb dy \u2018telefonata\u2019 nga burgu&#8221;, Kreshnik Spahiu paralajm\u00ebron l\u00ebvizje t\u00eb bujshme: \u00c7far\u00eb do t\u00eb ndodh\u00eb me Lulzim Bash\u00ebn n\u00ebse arrestohet Sali Berisha! Fundi i k\u00ebtij politikani do t\u00eb jet\u00eb m\u00eb i turpshmi i 100 viteve histori&#8230;","author":"Kurt Farka","date":"October 13, 2021","format":false,"excerpt":"\"Do vijn\u00eb dy \u2018telefonata\u2019 nga burgu\", Kreshnik Spahiu paralajm\u00ebron l\u00ebvizje t\u00eb bujshme: \u00c7far\u00eb do t\u00eb ndodh\u00eb me Lulzim Bash\u00ebn n\u00ebse arrestohet Sali Berisha! Fundi i k\u00ebtij politikani do t\u00eb jet\u00eb m\u00eb i turpshmi i 100 viteve histori... 13 TETOR 2021 Ish-kreu i Aleanc\u00ebs Kuq e Zi, Kreshnik Spahiu ka komentuar\u2026","rel":"","context":"In &quot;Blogu i Udh\u00ebtarit&quot;","block_context":{"text":"Blogu i Udh\u00ebtarit","link":"https:\/\/www.shqiperia.com\/blog\/category\/blogu-i-udhetarit\/"},"img":{"alt_text":"","src":"https:\/\/i0.wp.com\/www.shqiperia.com\/blog\/wp-content\/uploads\/2021\/10\/Lulzim-Basha.jpg?fit=640%2C360&ssl=1&resize=350%2C200","width":350,"height":200,"srcset":"https:\/\/i0.wp.com\/www.shqiperia.com\/blog\/wp-content\/uploads\/2021\/10\/Lulzim-Basha.jpg?fit=640%2C360&ssl=1&resize=350%2C200 1x, https:\/\/i0.wp.com\/www.shqiperia.com\/blog\/wp-content\/uploads\/2021\/10\/Lulzim-Basha.jpg?fit=640%2C360&ssl=1&resize=525%2C300 1.5x"},"classes":[]},{"id":53068,"url":"https:\/\/www.shqiperia.com\/blog\/meta-i-kujton-bashes-e-berishes-perplasjen-e-tij-me-fatos-nanon-ti-mo-zoteri-nese-do-te-shpetosh-pd-ne\/","url_meta":{"origin":53669,"position":4},"title":"Meta i kujton Bash\u00ebs e Berish\u00ebs p\u00ebrplasjen e tij me Fatos Nanon: Ti mo zot\u00ebri, n\u00ebse do t\u00eb shp\u00ebtosh PD-n\u00eb\u2026","author":"Kurt Farka","date":"January 14, 2022","format":false,"excerpt":"Meta i kujton Bash\u00ebs e Berish\u00ebs p\u00ebrplasjen e tij me Fatos Nanon: Ti mo zot\u00ebri, n\u00ebse do t\u00eb shp\u00ebtosh PD-n\u00eb\u2026 14 JANAR 2022 N\u00eb konferenc\u00ebn e sotme p\u00ebr shtyp, Presidenti Ilir Meta foli p\u00ebr protest\u00ebn e 8 janarit duke i dh\u00ebn\u00eb nj\u00eb mesazh t\u00eb fort\u00eb kryedemokratit Lulzim Basha dhe ish-kryeministrit\u2026","rel":"","context":"In &quot;Blogu i Udh\u00ebtarit&quot;","block_context":{"text":"Blogu i Udh\u00ebtarit","link":"https:\/\/www.shqiperia.com\/blog\/category\/blogu-i-udhetarit\/"},"img":{"alt_text":"","src":"https:\/\/i0.wp.com\/www.shqiperia.com\/blog\/wp-content\/uploads\/2022\/01\/640-0-61e170beba7d0.jpg?fit=640%2C381&ssl=1&resize=350%2C200","width":350,"height":200,"srcset":"https:\/\/i0.wp.com\/www.shqiperia.com\/blog\/wp-content\/uploads\/2022\/01\/640-0-61e170beba7d0.jpg?fit=640%2C381&ssl=1&resize=350%2C200 1x, https:\/\/i0.wp.com\/www.shqiperia.com\/blog\/wp-content\/uploads\/2022\/01\/640-0-61e170beba7d0.jpg?fit=640%2C381&ssl=1&resize=525%2C300 1.5x"},"classes":[]},{"id":81810,"url":"https:\/\/www.shqiperia.com\/blog\/ja-si-do-spastrohet-politika-shqiptare-nga-sali-berisha-spartak-ngjela-zbardh-prapaskenat-e-vendimit-te-gjykates-se-apelit-per-kalimin-e-vules-dhe-logos-se-pd-te-rithemelimi\/","url_meta":{"origin":53669,"position":5},"title":"Ja si do spastrohet politika shqiptare nga Sali Berisha. &#8211; Spartak Ngjela zbardh prapaskenat e vendimit t\u00eb Gjykat\u00ebs s\u00eb Apelit p\u00ebr kalimin e vul\u00ebs dhe logos s\u00eb PD te Rithemelimi","author":"Kurt Farka","date":"June 12, 2024","format":false,"excerpt":"12 Qershor 2024 Avokat i njohur, Spartak Ngjela ka zbardhur dje prapaskenat e vendimit t\u00eb Gjykat\u00ebs s\u00eb Apelit p\u00ebr kalimin e vul\u00ebs dhe logos s\u00eb PD te ish-kryeministri Sali Berisha. Pas 30 muaj luft\u00eb juridike me kuvende e p\u00ebrplasje n\u00eb seanca gjyq\u00ebsore m\u00eb n\u00eb fund ka nj\u00eb vendim p\u00ebr Partin\u00eb\u2026","rel":"","context":"In &quot;Blogu i Udh\u00ebtarit&quot;","block_context":{"text":"Blogu i Udh\u00ebtarit","link":"https:\/\/www.shqiperia.com\/blog\/category\/blogu-i-udhetarit\/"},"img":{"alt_text":"","src":"https:\/\/i0.wp.com\/www.shqiperia.com\/blog\/wp-content\/uploads\/2024\/06\/Seli-PD.jpg?fit=1200%2C771&ssl=1&resize=350%2C200","width":350,"height":200,"srcset":"https:\/\/i0.wp.com\/www.shqiperia.com\/blog\/wp-content\/uploads\/2024\/06\/Seli-PD.jpg?fit=1200%2C771&ssl=1&resize=350%2C200 1x, https:\/\/i0.wp.com\/www.shqiperia.com\/blog\/wp-content\/uploads\/2024\/06\/Seli-PD.jpg?fit=1200%2C771&ssl=1&resize=525%2C300 1.5x, https:\/\/i0.wp.com\/www.shqiperia.com\/blog\/wp-content\/uploads\/2024\/06\/Seli-PD.jpg?fit=1200%2C771&ssl=1&resize=700%2C400 2x, https:\/\/i0.wp.com\/www.shqiperia.com\/blog\/wp-content\/uploads\/2024\/06\/Seli-PD.jpg?fit=1200%2C771&ssl=1&resize=1050%2C600 3x"},"classes":[]}],"_links":{"self":[{"href":"https:\/\/www.shqiperia.com\/blog\/wp-json\/wp\/v2\/posts\/53669","targetHints":{"allow":["GET"]}}],"collection":[{"href":"https:\/\/www.shqiperia.com\/blog\/wp-json\/wp\/v2\/posts"}],"about":[{"href":"https:\/\/www.shqiperia.com\/blog\/wp-json\/wp\/v2\/types\/post"}],"author":[{"embeddable":true,"href":"https:\/\/www.shqiperia.com\/blog\/wp-json\/wp\/v2\/users\/9"}],"replies":[{"embeddable":true,"href":"https:\/\/www.shqiperia.com\/blog\/wp-json\/wp\/v2\/comments?post=53669"}],"version-history":[{"count":1,"href":"https:\/\/www.shqiperia.com\/blog\/wp-json\/wp\/v2\/posts\/53669\/revisions"}],"predecessor-version":[{"id":53671,"href":"https:\/\/www.shqiperia.com\/blog\/wp-json\/wp\/v2\/posts\/53669\/revisions\/53671"}],"wp:featuredmedia":[{"embeddable":true,"href":"https:\/\/www.shqiperia.com\/blog\/wp-json\/wp\/v2\/media\/53670"}],"wp:attachment":[{"href":"https:\/\/www.shqiperia.com\/blog\/wp-json\/wp\/v2\/media?parent=53669"}],"wp:term":[{"taxonomy":"category","embeddable":true,"href":"https:\/\/www.shqiperia.com\/blog\/wp-json\/wp\/v2\/categories?post=53669"},{"taxonomy":"post_tag","embeddable":true,"href":"https:\/\/www.shqiperia.com\/blog\/wp-json\/wp\/v2\/tags?post=53669"}],"curies":[{"name":"wp","href":"https:\/\/api.w.org\/{rel}","templated":true}]}}