{"id":53663,"date":"2022-02-01T15:19:51","date_gmt":"2022-02-01T15:19:51","guid":{"rendered":"https:\/\/www.shqiperia.com\/blog\/?p=53663"},"modified":"2022-02-01T15:19:51","modified_gmt":"2022-02-01T15:19:51","slug":"perkeqesohet-situate-eshte-edhe-me-infektues-se-sa-omicron-cfare-po-ndodh-me-nenvariantin-e-ri-qe-po-qarkullon-vjen-reagimi-urgjent-i-obsh-se","status":"publish","type":"post","link":"https:\/\/www.shqiperia.com\/blog\/perkeqesohet-situate-eshte-edhe-me-infektues-se-sa-omicron-cfare-po-ndodh-me-nenvariantin-e-ri-qe-po-qarkullon-vjen-reagimi-urgjent-i-obsh-se\/","title":{"rendered":"P\u00ebrkeq\u00ebsohet situate: &#8211; \u00a0\u00cbsht\u00eb edhe m\u00eb infektues se sa Omicron! \u00c7far\u00eb po ndodh me n\u00ebnvariantin e ri q\u00eb po qarkullon? Vjen reagimi urgjent i OBSH-s\u00eb"},"content":{"rendered":"<p><img data-recalc-dims=\"1\" loading=\"lazy\" decoding=\"async\" data-attachment-id=\"53664\" data-permalink=\"https:\/\/www.shqiperia.com\/blog\/perkeqesohet-situate-eshte-edhe-me-infektues-se-sa-omicron-cfare-po-ndodh-me-nenvariantin-e-ri-qe-po-qarkullon-vjen-reagimi-urgjent-i-obsh-se\/800-0-035ae6d7a5e27cf3b4ba7bda40789f76\/\" data-orig-file=\"https:\/\/i0.wp.com\/www.shqiperia.com\/blog\/wp-content\/uploads\/2022\/02\/800-0-035ae6d7a5e27cf3b4ba7bda40789f76.jpg?fit=800%2C479&amp;ssl=1\" data-orig-size=\"800,479\" data-comments-opened=\"1\" data-image-meta=\"{&quot;aperture&quot;:&quot;0&quot;,&quot;credit&quot;:&quot;&quot;,&quot;camera&quot;:&quot;&quot;,&quot;caption&quot;:&quot;&quot;,&quot;created_timestamp&quot;:&quot;0&quot;,&quot;copyright&quot;:&quot;&quot;,&quot;focal_length&quot;:&quot;0&quot;,&quot;iso&quot;:&quot;0&quot;,&quot;shutter_speed&quot;:&quot;0&quot;,&quot;title&quot;:&quot;&quot;,&quot;orientation&quot;:&quot;0&quot;}\" data-image-title=\"-800-0-035ae6d7a5e27cf3b4ba7bda40789f76\" data-image-description=\"\" data-image-caption=\"\" data-medium-file=\"https:\/\/i0.wp.com\/www.shqiperia.com\/blog\/wp-content\/uploads\/2022\/02\/800-0-035ae6d7a5e27cf3b4ba7bda40789f76.jpg?fit=300%2C180&amp;ssl=1\" data-large-file=\"https:\/\/i0.wp.com\/www.shqiperia.com\/blog\/wp-content\/uploads\/2022\/02\/800-0-035ae6d7a5e27cf3b4ba7bda40789f76.jpg?fit=800%2C479&amp;ssl=1\" class=\"alignnone  wp-image-53664\" alt=\"\" src=\"https:\/\/i0.wp.com\/www.shqiperia.com\/blog\/wp-content\/uploads\/2022\/02\/800-0-035ae6d7a5e27cf3b4ba7bda40789f76.jpg?resize=575%2C345&#038;ssl=1\" width=\"575\" height=\"345\" srcset=\"https:\/\/i0.wp.com\/www.shqiperia.com\/blog\/wp-content\/uploads\/2022\/02\/800-0-035ae6d7a5e27cf3b4ba7bda40789f76.jpg?resize=300%2C180&amp;ssl=1 300w, https:\/\/i0.wp.com\/www.shqiperia.com\/blog\/wp-content\/uploads\/2022\/02\/800-0-035ae6d7a5e27cf3b4ba7bda40789f76.jpg?resize=768%2C460&amp;ssl=1 768w, https:\/\/i0.wp.com\/www.shqiperia.com\/blog\/wp-content\/uploads\/2022\/02\/800-0-035ae6d7a5e27cf3b4ba7bda40789f76.jpg?resize=450%2C269&amp;ssl=1 450w, https:\/\/i0.wp.com\/www.shqiperia.com\/blog\/wp-content\/uploads\/2022\/02\/800-0-035ae6d7a5e27cf3b4ba7bda40789f76.jpg?resize=600%2C359&amp;ssl=1 600w, https:\/\/i0.wp.com\/www.shqiperia.com\/blog\/wp-content\/uploads\/2022\/02\/800-0-035ae6d7a5e27cf3b4ba7bda40789f76.jpg?resize=400%2C240&amp;ssl=1 400w, https:\/\/i0.wp.com\/www.shqiperia.com\/blog\/wp-content\/uploads\/2022\/02\/800-0-035ae6d7a5e27cf3b4ba7bda40789f76.jpg?w=800&amp;ssl=1 800w\" sizes=\"auto, (max-width: 575px) 100vw, 575px\" \/><\/p>\n<p>P\u00ebrkeq\u00ebsohet situate: &#8211; \u00a0\u00cbsht\u00eb edhe m\u00eb infektues se sa Omicron! \u00c7far\u00eb po ndodh me n\u00ebnvariantin e ri q\u00eb po qarkullon? Vjen reagimi urgjent i OBSH-s\u00eb<\/p>\n<p>1 SHKURT 2022<\/p>\n<p>Organizata Bot\u00ebrore e Sh\u00ebndet\u00ebsis\u00eb ka reaguar p\u00ebr shqet\u00ebsimin q\u00eb ka nxitur tek shkenc\u00ebtar\u00ebt identifikimi dhe p\u00ebrhapja e nj\u00eb n\u00ebn-variant t\u00eb Omicron, i njohur si BA.2, i cili po konkuron me variantin origjinal n\u00eb Evrop\u00eb dhe Azi.<\/p>\n<p>Sipas Reuters, OBSH thot\u00eb se n\u00ebnvarianti i ri Omicron nuk shkakton s\u00ebmundje m\u00eb t\u00eb r\u00ebnd\u00eb se sa varianti origjinal.<\/p>\n<p>\u201cNuk ka asnj\u00eb prov\u00eb deri m\u00eb tani p\u00ebr ndonj\u00eb ndryshim n\u00eb ashp\u00ebrsin\u00eb e s\u00ebmundjes q\u00eb shkakton n\u00ebnvarianti dhe varianti origjinal. BA.2 kuptohet se \u00ebsht\u00eb m\u00eb i transmetuesh\u00ebm se BA.1 (varianti origjinal i Omicron), por diferenca \u00ebsht\u00eb m\u00eb e vog\u00ebl se dallimi midis Omicron dhe Delta. Vaksinat jan\u00eb po aq efektive kund\u00ebr BA.2\u201d, citohet t\u00eb ken\u00eb th\u00ebn\u00eb zyrtar\u00eb t\u00eb OBSH-s\u00eb, nga Reuters.<\/p>\n<p>Sipas Organizat\u00ebs Bot\u00ebrore t\u00eb Sh\u00ebndet\u00ebsis\u00eb, BA.1 \u00ebsht\u00eb gjetur n\u00eb 98.8 p\u00ebr qind t\u00eb rasteve, t\u00eb paraqitura n\u00eb baz\u00ebn e t\u00eb dh\u00ebnave publike t\u00eb viruseve, GISAID, deri m\u00eb 25 janar.<\/p>\n<p>Por, n\u00eb dit\u00ebt e fundit, sipas OBSH-s\u00eb, disa vende kan\u00eb raportuar rritje t\u00eb numrit me n\u00ebnvariantin e njohur si BA.2.<\/p>\n<p>P\u00ebrve\u00e7 BA.1 dhe BA.2, OBSH-ja rendit edhe dy n\u00ebnvariante t\u00eb tjera n\u00ebn ombrell\u00ebn e Omicronit: BA.1.1.529 dhe BA.3.<\/p>\n<p>T\u00eb gjitha jan\u00eb t\u00eb lidhura ngusht\u00eb gjenetikisht, por secili prej tyre p\u00ebrmban mutacione q\u00eb mund t\u2019ua ndryshojn\u00eb m\u00ebnyr\u00ebn se si sillen.<\/p>\n<p>Gazeta Sot<\/p>\n","protected":false},"excerpt":{"rendered":"<p>P\u00ebrkeq\u00ebsohet situate: &#8211; \u00a0\u00cbsht\u00eb edhe m\u00eb infektues se sa Omicron! \u00c7far\u00eb po ndodh me n\u00ebnvariantin e ri q\u00eb po qarkullon? Vjen reagimi urgjent i OBSH-s\u00eb 1 SHKURT 2022 Organizata Bot\u00ebrore e Sh\u00ebndet\u00ebsis\u00eb ka reaguar p\u00ebr shqet\u00ebsimin q\u00eb ka nxitur tek shkenc\u00ebtar\u00ebt identifikimi dhe p\u00ebrhapja e nj\u00eb n\u00ebn-variant t\u00eb Omicron, i njohur si BA.2, i cili [&hellip;]<\/p>\n","protected":false},"author":9,"featured_media":53664,"comment_status":"open","ping_status":"open","sticky":false,"template":"","format":"standard","meta":{"jetpack_post_was_ever_published":false,"_jetpack_newsletter_access":"","_jetpack_dont_email_post_to_subs":false,"_jetpack_newsletter_tier_id":0,"_jetpack_memberships_contains_paywalled_content":false,"_jetpack_memberships_contains_paid_content":false,"footnotes":"","jetpack_publicize_message":"","jetpack_publicize_feature_enabled":true,"jetpack_social_post_already_shared":true,"jetpack_social_options":{"image_generator_settings":{"template":"highway","default_image_id":0,"font":"","enabled":false},"version":2}},"categories":[1,35],"tags":[],"class_list":["post-53663","post","type-post","status-publish","format-standard","has-post-thumbnail","hentry","category-njoftime-shtypi","category-shoqerore"],"jetpack_publicize_connections":[],"jetpack_featured_media_url":"https:\/\/i0.wp.com\/www.shqiperia.com\/blog\/wp-content\/uploads\/2022\/02\/800-0-035ae6d7a5e27cf3b4ba7bda40789f76.jpg?fit=800%2C479&ssl=1","jetpack_sharing_enabled":true,"jetpack_shortlink":"https:\/\/wp.me\/p5Z6wp-dXx","jetpack-related-posts":[{"id":56358,"url":"https:\/\/www.shqiperia.com\/blog\/cfare-po-ndodh-shkaterron-stomakun-konfirmohet-zyrtarisht-varianti-ba2-i-omicron-edhe-ne-shqiperi\/","url_meta":{"origin":53663,"position":0},"title":"\u00c7far\u00eb po ndodh? Shkat\u00ebrron stomakun. &#8211; \u00a0Konfirmohet ZYRTARISHT, varianti Ba2 i Omicron edhe n\u00eb Shqip\u00ebri","author":"Kurt Farka","date":"April 4, 2022","format":false,"excerpt":"\u00c7far\u00eb po ndodh? Shkat\u00ebrron stomakun. - \u00a0Konfirmohet ZYRTARISHT, varianti Ba2 i Omicron edhe n\u00eb Shqip\u00ebri 4 PRILL 2022 N\u00ebnvarianti Ba2 i Omicron konfirmohet edhe n\u00eb Shqip\u00ebri. N\u00eb Institutin e Sh\u00ebndetit Publik kan\u00eb mb\u00ebrritur p\u00ebrgjigjet e analizave nga laboratori i Berlinit, i cili ka identifikuar rastet e para me k\u00ebt\u00eb mutacion\u2026","rel":"","context":"In &quot;Njoftime Shtypi&quot;","block_context":{"text":"Njoftime Shtypi","link":"https:\/\/www.shqiperia.com\/blog\/category\/njoftime-shtypi\/"},"img":{"alt_text":"","src":"https:\/\/i0.wp.com\/www.shqiperia.com\/blog\/wp-content\/uploads\/2022\/04\/Varianti-Ba2-i-Omicron.jpg?fit=800%2C417&ssl=1&resize=350%2C200","width":350,"height":200,"srcset":"https:\/\/i0.wp.com\/www.shqiperia.com\/blog\/wp-content\/uploads\/2022\/04\/Varianti-Ba2-i-Omicron.jpg?fit=800%2C417&ssl=1&resize=350%2C200 1x, https:\/\/i0.wp.com\/www.shqiperia.com\/blog\/wp-content\/uploads\/2022\/04\/Varianti-Ba2-i-Omicron.jpg?fit=800%2C417&ssl=1&resize=525%2C300 1.5x, https:\/\/i0.wp.com\/www.shqiperia.com\/blog\/wp-content\/uploads\/2022\/04\/Varianti-Ba2-i-Omicron.jpg?fit=800%2C417&ssl=1&resize=700%2C400 2x"},"classes":[]},{"id":52928,"url":"https:\/\/www.shqiperia.com\/blog\/obsh-omicron-nuk-do-te-jete-varianti-i-fundit-koronavirusi-vazhdon-te-evoluoje\/","url_meta":{"origin":53663,"position":1},"title":"OBSH: &#8211; Omicron nuk do t\u00eb jet\u00eb varianti i fundit, koronavirusi vazhdon t\u00eb &#8220;evoluoj\u00eb&#8221;","author":"Kurt Farka","date":"January 7, 2022","format":false,"excerpt":"OBSH: - Omicron nuk do t\u00eb jet\u00eb varianti i fundit, koronavirusi vazhdon t\u00eb \"evoluoj\u00eb\" 7 JANAR 2022 OBSH: Omicron nuk do t\u00eb jet\u00eb varianti i fundit, koronavirusi vazhdon Organizata Bot\u00ebrore e Sh\u00ebndet\u00ebsis\u00eb (OBSH) tha se varianti Omicron i koronavirusit (COVID-19) nuk do t\u00eb jet\u00eb i fundit dhe se virusi po\u2026","rel":"","context":"In &quot;Njoftime Shtypi&quot;","block_context":{"text":"Njoftime Shtypi","link":"https:\/\/www.shqiperia.com\/blog\/category\/njoftime-shtypi\/"},"img":{"alt_text":"","src":"https:\/\/i0.wp.com\/www.shqiperia.com\/blog\/wp-content\/uploads\/2022\/01\/640-0-61d790f32aa94.jpg?fit=640%2C360&ssl=1&resize=350%2C200","width":350,"height":200,"srcset":"https:\/\/i0.wp.com\/www.shqiperia.com\/blog\/wp-content\/uploads\/2022\/01\/640-0-61d790f32aa94.jpg?fit=640%2C360&ssl=1&resize=350%2C200 1x, https:\/\/i0.wp.com\/www.shqiperia.com\/blog\/wp-content\/uploads\/2022\/01\/640-0-61d790f32aa94.jpg?fit=640%2C360&ssl=1&resize=525%2C300 1.5x"},"classes":[]},{"id":51882,"url":"https:\/\/www.shqiperia.com\/blog\/obsh-varianti-omicron-paraqet-rrezik-shume-te-larte\/","url_meta":{"origin":53663,"position":2},"title":"OBSH: &#8211; Varianti Omicron paraqet rrezik \u201cshum\u00eb t\u00eb lart\u00eb\u201d","author":"Kurt Farka","date":"November 30, 2021","format":false,"excerpt":"OBSH: - Varianti Omicron paraqet rrezik \u201cshum\u00eb t\u00eb lart\u00eb\u201d 30 N\u00cbNTOR 2021 Organizata Bot\u00ebrore e Sh\u00ebndet\u00ebsis\u00eb (OBSH) sot paralajm\u00ebroi se varianti i ri i koronavirusit Omicron paraqet nj\u00eb rrezik \"shum\u00eb t\u00eb lart\u00eb\" globalisht. \u201cN\u00ebse ndodh nj\u00eb rritje tjet\u00ebr e madhe e COVID-19 e nxitur nga Omicron, pasojat mund t\u00eb jen\u00eb\u2026","rel":"","context":"In &quot;Blogu i Udh\u00ebtarit&quot;","block_context":{"text":"Blogu i Udh\u00ebtarit","link":"https:\/\/www.shqiperia.com\/blog\/category\/blogu-i-udhetarit\/"},"img":{"alt_text":"","src":"https:\/\/i0.wp.com\/www.shqiperia.com\/blog\/wp-content\/uploads\/2021\/11\/640-0-61a57a19ac5a2.jpg?fit=640%2C360&ssl=1&resize=350%2C200","width":350,"height":200,"srcset":"https:\/\/i0.wp.com\/www.shqiperia.com\/blog\/wp-content\/uploads\/2021\/11\/640-0-61a57a19ac5a2.jpg?fit=640%2C360&ssl=1&resize=350%2C200 1x, https:\/\/i0.wp.com\/www.shqiperia.com\/blog\/wp-content\/uploads\/2021\/11\/640-0-61a57a19ac5a2.jpg?fit=640%2C360&ssl=1&resize=525%2C300 1.5x"},"classes":[]},{"id":42156,"url":"https:\/\/www.shqiperia.com\/blog\/varianti-i-ri-i-covid-70-me-shume-infektues-ish-ministri-i-shendetesise-ky-virus-nuk-prek-veprimin-e-vaksines\/","url_meta":{"origin":53663,"position":3},"title":"Varianti i ri i Covid, 70% m\u00eb shum\u00eb infektues\/ Ish-ministri i Sh\u00ebndet\u00ebsis\u00eb: Ky virus nuk prek veprimin e vaksin\u00ebs","author":"Kurt Farka","date":"December 22, 2020","format":false,"excerpt":"Varianti i ri i Covid, 70% m\u00eb shum\u00eb infektues\/ Ish-ministri i Sh\u00ebndet\u00ebsis\u00eb: Ky virus nuk prek veprimin e vaksin\u00ebs 22 DHJETOR 2020 Pak dit\u00eb pasi ka nisur vaksinimi kund\u00ebr koronavirusit Sars CoV-2, nj\u00eb variant i ri i tij, edhe m\u00eb p\u00ebrhap\u00ebs, ka shkaktuar alarm anemban\u00eb Europ\u00ebs. Mbret\u00ebria e Bashkuar, ku\u2026","rel":"","context":"In &quot;Blogu i Udh\u00ebtarit&quot;","block_context":{"text":"Blogu i Udh\u00ebtarit","link":"https:\/\/www.shqiperia.com\/blog\/category\/blogu-i-udhetarit\/"},"img":{"alt_text":"","src":"https:\/\/i0.wp.com\/www.shqiperia.com\/blog\/wp-content\/uploads\/2020\/12\/640-0-5fe1bd8c5c916.png?fit=640%2C335&ssl=1&resize=350%2C200","width":350,"height":200,"srcset":"https:\/\/i0.wp.com\/www.shqiperia.com\/blog\/wp-content\/uploads\/2020\/12\/640-0-5fe1bd8c5c916.png?fit=640%2C335&ssl=1&resize=350%2C200 1x, https:\/\/i0.wp.com\/www.shqiperia.com\/blog\/wp-content\/uploads\/2020\/12\/640-0-5fe1bd8c5c916.png?fit=640%2C335&ssl=1&resize=525%2C300 1.5x"},"classes":[]},{"id":51736,"url":"https:\/\/www.shqiperia.com\/blog\/obsh-zbulon-variantin-e-ri-te-covid-quhet-omicron-dhe-eshte-shume-shqetesues\/","url_meta":{"origin":53663,"position":4},"title":"OBSH zbulon variantin e ri t\u00eb COVID, quhet &#8216;Omicron&#8217; dhe \u00ebsht\u00eb &#8216;shum\u00eb shqet\u00ebsues&#8217;","author":"Kurt Farka","date":"November 26, 2021","format":false,"excerpt":"OBSH zbulon variantin e ri t\u00eb COVID, quhet 'Omicron' dhe \u00ebsht\u00eb 'shum\u00eb shqet\u00ebsues' 26 N\u00cbNTOR 2021 Grupi Teknik K\u00ebshillues p\u00ebr Evolucionin e Virusit SARS-CoV-2 (TAG-VE) \u00ebsht\u00eb nj\u00eb grup i pavarur ekspert\u00ebsh q\u00eb monitoron dhe vler\u00ebson periodikisht evolucionin e SARS-CoV-2 dhe vler\u00ebson n\u00ebse mutacione specifike dhe kombinime mutacionesh ndryshojn\u00eb sjelljen e\u2026","rel":"","context":"In &quot;Blogu i Udh\u00ebtarit&quot;","block_context":{"text":"Blogu i Udh\u00ebtarit","link":"https:\/\/www.shqiperia.com\/blog\/category\/blogu-i-udhetarit\/"},"img":{"alt_text":"","src":"https:\/\/i0.wp.com\/www.shqiperia.com\/blog\/wp-content\/uploads\/2021\/11\/640-0-61a12f2764931.jpg?fit=640%2C395&ssl=1&resize=350%2C200","width":350,"height":200,"srcset":"https:\/\/i0.wp.com\/www.shqiperia.com\/blog\/wp-content\/uploads\/2021\/11\/640-0-61a12f2764931.jpg?fit=640%2C395&ssl=1&resize=350%2C200 1x, https:\/\/i0.wp.com\/www.shqiperia.com\/blog\/wp-content\/uploads\/2021\/11\/640-0-61a12f2764931.jpg?fit=640%2C395&ssl=1&resize=525%2C300 1.5x"},"classes":[]},{"id":49524,"url":"https:\/\/www.shqiperia.com\/blog\/obsh-njofton-zbulimin-e-nje-varianti-te-ri-te-koronavirusit-eshte-rezistent-ndaj-vaksines-dhe-me-agresiv-po-vjen-edhe-ne\/","url_meta":{"origin":53663,"position":5},"title":"OBSH njofton zbulimin e nj\u00eb varianti t\u00eb ri t\u00eb koronavirusit: &#8211; \u00cbsht\u00eb rezistent ndaj vaksin\u00ebs dhe m\u00eb agresiv! &#8211; Po vjen edhe n\u00eb&#8230;","author":"Kurt Farka","date":"September 1, 2021","format":false,"excerpt":"OBSH njofton zbulimin e nj\u00eb varianti t\u00eb ri t\u00eb koronavirusit: - \u00cbsht\u00eb rezistent ndaj vaksin\u00ebs dhe m\u00eb agresiv! - Po vjen edhe n\u00eb... 1 SHTATOR 2021 OBSH ka dale me njoftimin se \u00ebsht\u00eb duke verifikuar t\u00eb dh\u00ebnat nga terreni, t\u00eb cilat konfirmojn\u00eb nj\u00eb variant t\u00eb ri t\u00eb koronavirusit, i shfaqur\u2026","rel":"","context":"In &quot;Blogu i Udh\u00ebtarit&quot;","block_context":{"text":"Blogu i Udh\u00ebtarit","link":"https:\/\/www.shqiperia.com\/blog\/category\/blogu-i-udhetarit\/"},"img":{"alt_text":"","src":"https:\/\/i0.wp.com\/www.shqiperia.com\/blog\/wp-content\/uploads\/2021\/09\/800-0-612f3ba5cbb66.jpg?fit=800%2C449&ssl=1&resize=350%2C200","width":350,"height":200,"srcset":"https:\/\/i0.wp.com\/www.shqiperia.com\/blog\/wp-content\/uploads\/2021\/09\/800-0-612f3ba5cbb66.jpg?fit=800%2C449&ssl=1&resize=350%2C200 1x, https:\/\/i0.wp.com\/www.shqiperia.com\/blog\/wp-content\/uploads\/2021\/09\/800-0-612f3ba5cbb66.jpg?fit=800%2C449&ssl=1&resize=525%2C300 1.5x, https:\/\/i0.wp.com\/www.shqiperia.com\/blog\/wp-content\/uploads\/2021\/09\/800-0-612f3ba5cbb66.jpg?fit=800%2C449&ssl=1&resize=700%2C400 2x"},"classes":[]}],"_links":{"self":[{"href":"https:\/\/www.shqiperia.com\/blog\/wp-json\/wp\/v2\/posts\/53663","targetHints":{"allow":["GET"]}}],"collection":[{"href":"https:\/\/www.shqiperia.com\/blog\/wp-json\/wp\/v2\/posts"}],"about":[{"href":"https:\/\/www.shqiperia.com\/blog\/wp-json\/wp\/v2\/types\/post"}],"author":[{"embeddable":true,"href":"https:\/\/www.shqiperia.com\/blog\/wp-json\/wp\/v2\/users\/9"}],"replies":[{"embeddable":true,"href":"https:\/\/www.shqiperia.com\/blog\/wp-json\/wp\/v2\/comments?post=53663"}],"version-history":[{"count":1,"href":"https:\/\/www.shqiperia.com\/blog\/wp-json\/wp\/v2\/posts\/53663\/revisions"}],"predecessor-version":[{"id":53665,"href":"https:\/\/www.shqiperia.com\/blog\/wp-json\/wp\/v2\/posts\/53663\/revisions\/53665"}],"wp:featuredmedia":[{"embeddable":true,"href":"https:\/\/www.shqiperia.com\/blog\/wp-json\/wp\/v2\/media\/53664"}],"wp:attachment":[{"href":"https:\/\/www.shqiperia.com\/blog\/wp-json\/wp\/v2\/media?parent=53663"}],"wp:term":[{"taxonomy":"category","embeddable":true,"href":"https:\/\/www.shqiperia.com\/blog\/wp-json\/wp\/v2\/categories?post=53663"},{"taxonomy":"post_tag","embeddable":true,"href":"https:\/\/www.shqiperia.com\/blog\/wp-json\/wp\/v2\/tags?post=53663"}],"curies":[{"name":"wp","href":"https:\/\/api.w.org\/{rel}","templated":true}]}}