{"id":53653,"date":"2022-02-01T00:09:18","date_gmt":"2022-02-01T00:09:18","guid":{"rendered":"https:\/\/www.shqiperia.com\/blog\/?p=53653"},"modified":"2022-02-01T00:10:38","modified_gmt":"2022-02-01T00:10:38","slug":"zjarri-ende-aktiv-prane-antenave-ne-llogara-sipas-policise-dyshohet-se-zjarri-eshte-i-qellimshem","status":"publish","type":"post","link":"https:\/\/www.shqiperia.com\/blog\/zjarri-ende-aktiv-prane-antenave-ne-llogara-sipas-policise-dyshohet-se-zjarri-eshte-i-qellimshem\/","title":{"rendered":"Zjarri ende aktiv pran\u00eb antenave n\u00eb Llogara.\u00a0 &#8211; Sipas policis\u00eb, dyshohet se zjarri eshte i q\u00ebllimsh\u00ebm."},"content":{"rendered":"<div id=\"attachment_53654\" style=\"width: 576px\" class=\"wp-caption alignnone\"><img data-recalc-dims=\"1\" loading=\"lazy\" decoding=\"async\" aria-describedby=\"caption-attachment-53654\" data-attachment-id=\"53654\" data-permalink=\"https:\/\/www.shqiperia.com\/blog\/zjarri-ende-aktiv-prane-antenave-ne-llogara-sipas-policise-dyshohet-se-zjarri-eshte-i-qellimshem\/zjarr-ne-llogara-janar-2022\/\" data-orig-file=\"https:\/\/i0.wp.com\/www.shqiperia.com\/blog\/wp-content\/uploads\/2022\/02\/Zjarr-ne-Llogara-janar-2022.jpg?fit=433%2C251&amp;ssl=1\" data-orig-size=\"433,251\" data-comments-opened=\"1\" data-image-meta=\"{&quot;aperture&quot;:&quot;0&quot;,&quot;credit&quot;:&quot;&quot;,&quot;camera&quot;:&quot;&quot;,&quot;caption&quot;:&quot;&quot;,&quot;created_timestamp&quot;:&quot;0&quot;,&quot;copyright&quot;:&quot;&quot;,&quot;focal_length&quot;:&quot;0&quot;,&quot;iso&quot;:&quot;0&quot;,&quot;shutter_speed&quot;:&quot;0&quot;,&quot;title&quot;:&quot;&quot;,&quot;orientation&quot;:&quot;0&quot;}\" data-image-title=\"Zjarr ne Llogara janar 2022\" data-image-description=\"\" data-image-caption=\"&lt;p&gt;Zjarr ne Llogara janar 2022&lt;\/p&gt;\n\" data-medium-file=\"https:\/\/i0.wp.com\/www.shqiperia.com\/blog\/wp-content\/uploads\/2022\/02\/Zjarr-ne-Llogara-janar-2022.jpg?fit=300%2C174&amp;ssl=1\" data-large-file=\"https:\/\/i0.wp.com\/www.shqiperia.com\/blog\/wp-content\/uploads\/2022\/02\/Zjarr-ne-Llogara-janar-2022.jpg?fit=433%2C251&amp;ssl=1\" class=\" wp-image-53654\" alt=\"\" src=\"https:\/\/i0.wp.com\/www.shqiperia.com\/blog\/wp-content\/uploads\/2022\/02\/Zjarr-ne-Llogara-janar-2022.jpg?resize=566%2C328&#038;ssl=1\" width=\"566\" height=\"328\" srcset=\"https:\/\/i0.wp.com\/www.shqiperia.com\/blog\/wp-content\/uploads\/2022\/02\/Zjarr-ne-Llogara-janar-2022.jpg?resize=300%2C174&amp;ssl=1 300w, https:\/\/i0.wp.com\/www.shqiperia.com\/blog\/wp-content\/uploads\/2022\/02\/Zjarr-ne-Llogara-janar-2022.jpg?resize=400%2C232&amp;ssl=1 400w, https:\/\/i0.wp.com\/www.shqiperia.com\/blog\/wp-content\/uploads\/2022\/02\/Zjarr-ne-Llogara-janar-2022.jpg?w=433&amp;ssl=1 433w\" sizes=\"auto, (max-width: 566px) 100vw, 566px\" \/><p id=\"caption-attachment-53654\" class=\"wp-caption-text\">Zjarr ne Llogara janar 2022<\/p><\/div>\n<p>Zjarri ende aktiv pran\u00eb antenave n\u00eb Llogara.\u00a0 &#8211; Sipas policis\u00eb, dyshohet se zjarri ka qen\u00eb i q\u00ebllimsh\u00ebm.<\/p>\n<p>31 janar 2022<\/p>\n<p>Megjith\u00ebse vatrat e zjarrit vijojn\u00eb t\u00eb jen\u00eb ende aktive n\u00eb zon\u00ebn midis Parkut Komb\u00ebtar t\u00eb Llogaras\u00eb dhe Dh\u00ebrmiut, forcat zjarrfik\u00ebse kan\u00eb vendosur t\u00eb ndalojn\u00eb pun\u00ebn p\u00ebr shkak t\u00eb err\u00ebsir\u00ebs.<\/p>\n<p>Ekipet e zjarrfik\u00ebses dhe punonj\u00ebsit e Agjencis\u00eb s\u00eb Zonave t\u00eb Mbrojtura kan\u00eb vendosur se n\u00eb var\u00ebsi t\u00eb situat\u00ebs do t\u00eb rikthehen n\u00eb or\u00ebt e para t\u00eb m\u00ebngjesit t\u00eb nes\u00ebrm p\u00ebr t\u00eb shuar flak\u00ebt.<\/p>\n<p>Burime b\u00ebjn\u00eb me dije se p\u00ebr momentin vatra e zjarrit nuk paraqet rezikshm\u00ebri.<\/p>\n<p>Flak\u00ebt fillimisht kan\u00eb p\u00ebrfshir\u00eb nj\u00eb zon\u00eb shum\u00eb pran\u00eb antenave t\u00eb celular\u00ebve dhe m\u00eb pas jan\u00eb p\u00ebrhapur n\u00eb gjith\u00eb sip\u00ebrfaqen p\u00ebrreth, duke djegur nj\u00eb sip\u00ebrfaqe t\u00eb konsiderueshme me kullota dhe shkurre.<\/p>\n<p>Sipas policis\u00eb, dyshohet se zjarri eshte i q\u00ebllimsh\u00ebm.<\/p>\n","protected":false},"excerpt":{"rendered":"<p>Zjarri ende aktiv pran\u00eb antenave n\u00eb Llogara.\u00a0 &#8211; Sipas policis\u00eb, dyshohet se zjarri ka qen\u00eb i q\u00ebllimsh\u00ebm. 31 janar 2022 Megjith\u00ebse vatrat e zjarrit vijojn\u00eb t\u00eb jen\u00eb ende aktive n\u00eb zon\u00ebn midis Parkut Komb\u00ebtar t\u00eb Llogaras\u00eb dhe Dh\u00ebrmiut, forcat zjarrfik\u00ebse kan\u00eb vendosur t\u00eb ndalojn\u00eb pun\u00ebn p\u00ebr shkak t\u00eb err\u00ebsir\u00ebs. Ekipet e zjarrfik\u00ebses dhe punonj\u00ebsit e [&hellip;]<\/p>\n","protected":false},"author":9,"featured_media":53654,"comment_status":"open","ping_status":"open","sticky":false,"template":"","format":"standard","meta":{"jetpack_post_was_ever_published":false,"_jetpack_newsletter_access":"","_jetpack_dont_email_post_to_subs":false,"_jetpack_newsletter_tier_id":0,"_jetpack_memberships_contains_paywalled_content":false,"_jetpack_memberships_contains_paid_content":false,"footnotes":"","jetpack_publicize_message":"","jetpack_publicize_feature_enabled":true,"jetpack_social_post_already_shared":true,"jetpack_social_options":{"image_generator_settings":{"template":"highway","default_image_id":0,"font":"","enabled":false},"version":2}},"categories":[27,1,35],"tags":[],"class_list":["post-53653","post","type-post","status-publish","format-standard","has-post-thumbnail","hentry","category-blogu-i-udhetarit","category-njoftime-shtypi","category-shoqerore"],"jetpack_publicize_connections":[],"jetpack_featured_media_url":"https:\/\/i0.wp.com\/www.shqiperia.com\/blog\/wp-content\/uploads\/2022\/02\/Zjarr-ne-Llogara-janar-2022.jpg?fit=433%2C251&ssl=1","jetpack_sharing_enabled":true,"jetpack_shortlink":"https:\/\/wp.me\/p5Z6wp-dXn","jetpack-related-posts":[{"id":55938,"url":"https:\/\/www.shqiperia.com\/blog\/shqiperia-nen-gjuhet-e-flakeve-zjarre-masive-nga-te-gjitha-anet-temperaturat-e-uleta-nuk-ndihmojne-aspak\/","url_meta":{"origin":53653,"position":0},"title":"Shqip\u00ebria n\u00ebn gjuh\u00ebt e flak\u00ebve! &#8211; Zjarre masive nga t\u00eb gjitha an\u00ebt, temperaturat e ul\u00ebta nuk ndihmojn\u00eb aspak","author":"Kurt Farka","date":"March 25, 2022","format":false,"excerpt":"Shqip\u00ebria n\u00ebn gjuh\u00ebt e flak\u00ebve! - Zjarre masive nga t\u00eb gjitha an\u00ebt, temperaturat e ul\u00ebta nuk ndihmojn\u00eb aspak - 24.03.22 Kodrat e Parkut Komb\u00ebtar t\u00eb Divjak\u00ebs dhe Karavastas\u00eb Sh\u00ebngjin Zjarri n\u00eb Dukat t\u00eb Vlor\u00ebs Flak\u00ebt p\u00ebrfshijn\u00eb sip\u00ebrfaqen pyjore n\u00eb Vaun e Dej\u00ebs Llogara, zjarrfik\u00ebsit t\u00eb pafuqish\u00ebm para flak\u00ebve Zjarri n\u00eb\u2026","rel":"","context":"In &quot;Blogu i Udh\u00ebtarit&quot;","block_context":{"text":"Blogu i Udh\u00ebtarit","link":"https:\/\/www.shqiperia.com\/blog\/category\/blogu-i-udhetarit\/"},"img":{"alt_text":"","src":"https:\/\/i0.wp.com\/www.shqiperia.com\/blog\/wp-content\/uploads\/2022\/03\/Shengjin.jpg?fit=768%2C422&ssl=1&resize=350%2C200","width":350,"height":200,"srcset":"https:\/\/i0.wp.com\/www.shqiperia.com\/blog\/wp-content\/uploads\/2022\/03\/Shengjin.jpg?fit=768%2C422&ssl=1&resize=350%2C200 1x, https:\/\/i0.wp.com\/www.shqiperia.com\/blog\/wp-content\/uploads\/2022\/03\/Shengjin.jpg?fit=768%2C422&ssl=1&resize=525%2C300 1.5x, https:\/\/i0.wp.com\/www.shqiperia.com\/blog\/wp-content\/uploads\/2022\/03\/Shengjin.jpg?fit=768%2C422&ssl=1&resize=700%2C400 2x"},"classes":[]},{"id":82456,"url":"https:\/\/www.shqiperia.com\/blog\/zjarri-ne-llogara-flaket-po-favorizohen-nga-era\/","url_meta":{"origin":53653,"position":1},"title":"Zjarri n\u00eb Llogara: &#8211; Flak\u00ebt po favorizohen nga era","author":"Kurt Farka","date":"July 4, 2024","format":false,"excerpt":"5 Korrik 2024 Zjarri n\u00eb Qaf\u00ebn e Llogoras\u00eb vijon t\u00eb jet\u00eb ende aktiv, nd\u00ebrsa flak\u00ebt po favorizohen edhe nga era. K\u00ebshtu deklaroi p\u00ebr mediat drejtori i Sh\u00ebrbimit Zjarrfik\u00ebs, Arben Cara i cili tha se nga ana tjet\u00ebr, vatra e zjarrit n\u00eb Dh\u00ebrmi \u00ebsht\u00eb v\u00ebn\u00eb n\u00ebn kontroll. Sipas Car\u00ebs, n\u00eb Qaf\u00ebn\u2026","rel":"","context":"In &quot;Blogu i Udh\u00ebtarit&quot;","block_context":{"text":"Blogu i Udh\u00ebtarit","link":"https:\/\/www.shqiperia.com\/blog\/category\/blogu-i-udhetarit\/"},"img":{"alt_text":"","src":"https:\/\/i0.wp.com\/www.shqiperia.com\/blog\/wp-content\/uploads\/2024\/07\/njoftim_sd.jpg?fit=1200%2C675&ssl=1&resize=350%2C200","width":350,"height":200,"srcset":"https:\/\/i0.wp.com\/www.shqiperia.com\/blog\/wp-content\/uploads\/2024\/07\/njoftim_sd.jpg?fit=1200%2C675&ssl=1&resize=350%2C200 1x, https:\/\/i0.wp.com\/www.shqiperia.com\/blog\/wp-content\/uploads\/2024\/07\/njoftim_sd.jpg?fit=1200%2C675&ssl=1&resize=525%2C300 1.5x, https:\/\/i0.wp.com\/www.shqiperia.com\/blog\/wp-content\/uploads\/2024\/07\/njoftim_sd.jpg?fit=1200%2C675&ssl=1&resize=700%2C400 2x, https:\/\/i0.wp.com\/www.shqiperia.com\/blog\/wp-content\/uploads\/2024\/07\/njoftim_sd.jpg?fit=1200%2C675&ssl=1&resize=1050%2C600 3x"},"classes":[]},{"id":77419,"url":"https:\/\/www.shqiperia.com\/blog\/perfshihet-nga-flaket-pylli-i-sodes-ne-vlore-zjarri-dyshohet-i-qellimshem\/","url_meta":{"origin":53653,"position":2},"title":"P\u00ebrfshihet nga flak\u00ebt pylli i Sod\u00ebs n\u00eb Vlor\u00eb, zjarri dyshohet i q\u00ebllimsh\u00ebm","author":"Kurt Farka","date":"January 19, 2024","format":false,"excerpt":"19 Janar 2024 Dyshohet se zjarri ka qen\u00eb i q\u00ebllimsh\u00ebm. Dje zjarri ka p\u00ebrfshir\u00eb zon\u00ebn e pyllit t\u00eb Sod\u00ebs n\u00eb af\u00ebrsi t\u00eb fshatit Zv\u00ebrnec. M\u00ebsohet se vatra e zjarrit \u00ebsht\u00eb v\u00ebn\u00eb n\u00eb kontroll nga ekipet zjarrfik\u00ebsve. Si pasoj\u00eb e zjarrit jan\u00eb shkaktuar d\u00ebme, M\u00ebsohet se vatra e zjarrit \u00ebsht\u00eb v\u00ebn\u00eb\u2026","rel":"","context":"In &quot;Blogu i Udh\u00ebtarit&quot;","block_context":{"text":"Blogu i Udh\u00ebtarit","link":"https:\/\/www.shqiperia.com\/blog\/category\/blogu-i-udhetarit\/"},"img":{"alt_text":"","src":"https:\/\/i0.wp.com\/www.shqiperia.com\/blog\/wp-content\/uploads\/2024\/01\/Opera-Snapshot_2020-04-08_144353_web.whatsapp.com_.png?fit=769%2C426&ssl=1&resize=350%2C200","width":350,"height":200,"srcset":"https:\/\/i0.wp.com\/www.shqiperia.com\/blog\/wp-content\/uploads\/2024\/01\/Opera-Snapshot_2020-04-08_144353_web.whatsapp.com_.png?fit=769%2C426&ssl=1&resize=350%2C200 1x, https:\/\/i0.wp.com\/www.shqiperia.com\/blog\/wp-content\/uploads\/2024\/01\/Opera-Snapshot_2020-04-08_144353_web.whatsapp.com_.png?fit=769%2C426&ssl=1&resize=525%2C300 1.5x, https:\/\/i0.wp.com\/www.shqiperia.com\/blog\/wp-content\/uploads\/2024\/01\/Opera-Snapshot_2020-04-08_144353_web.whatsapp.com_.png?fit=769%2C426&ssl=1&resize=700%2C400 2x"},"classes":[]},{"id":48787,"url":"https:\/\/www.shqiperia.com\/blog\/qyteti-zgjohet-i-mbuluar-nga-tymi-vazhdon-zjarri-ne-gadishullin-e-karaburunit-dyshohet-se-zjarri-eshte-i-qellimshem\/","url_meta":{"origin":53653,"position":3},"title":"Qyteti zgjohet i mbuluar nga tymi. &#8211; Vazhdon zjarri n\u00eb gadishullin e Karaburunit. -Dyshohet se zjarri \u00ebsht\u00eb i q\u00ebllimsh\u00ebm.","author":"Kurt Farka","date":"July 29, 2021","format":false,"excerpt":"Qyteti zgjohet i mbuluar nga tymi. - Vazhdon zjarri n\u00eb gadishullin e Karaburunit. Dyshohet se zjarri \u00ebsht\u00eb i q\u00ebllimsh\u00ebm. - 29.07.2021 Vijon prej tre dit\u00ebsh zjarri n\u00eb gadishullin e Karaburunit. Gazetari Enrik Mehmeti raportoi se zjarri ka djegur nj\u00eb sip\u00ebrfaqe t\u00eb konsiderueshme me pem\u00eb e shkurre, nd\u00ebrsa nd\u00ebrhyrja e zjarrfik\u00ebsve\u2026","rel":"","context":"In &quot;Blogu i Udh\u00ebtarit&quot;","block_context":{"text":"Blogu i Udh\u00ebtarit","link":"https:\/\/www.shqiperia.com\/blog\/category\/blogu-i-udhetarit\/"},"img":{"alt_text":"","src":"https:\/\/i0.wp.com\/www.shqiperia.com\/blog\/wp-content\/uploads\/2021\/07\/karaburim.jpg?fit=1200%2C728&ssl=1&resize=350%2C200","width":350,"height":200,"srcset":"https:\/\/i0.wp.com\/www.shqiperia.com\/blog\/wp-content\/uploads\/2021\/07\/karaburim.jpg?fit=1200%2C728&ssl=1&resize=350%2C200 1x, https:\/\/i0.wp.com\/www.shqiperia.com\/blog\/wp-content\/uploads\/2021\/07\/karaburim.jpg?fit=1200%2C728&ssl=1&resize=525%2C300 1.5x, https:\/\/i0.wp.com\/www.shqiperia.com\/blog\/wp-content\/uploads\/2021\/07\/karaburim.jpg?fit=1200%2C728&ssl=1&resize=700%2C400 2x, https:\/\/i0.wp.com\/www.shqiperia.com\/blog\/wp-content\/uploads\/2021\/07\/karaburim.jpg?fit=1200%2C728&ssl=1&resize=1050%2C600 3x"},"classes":[]},{"id":78128,"url":"https:\/\/www.shqiperia.com\/blog\/perfshihet-nga-flaket-nje-zone-pyjore-ne-memaliaj-zjarri-dyshohet-se-eshte-vene-nga-gjahtaret\/","url_meta":{"origin":53653,"position":4},"title":"P\u00ebrfshihet nga flak\u00ebt nj\u00eb zon\u00eb pyjore n\u00eb Memaliaj, zjarri dyshohet se \u00ebsht\u00eb v\u00ebn\u00eb nga gjahtar\u00ebt","author":"Kurt Farka","date":"February 10, 2024","format":false,"excerpt":"10 Shkurt 2024 Pran\u00eb fshatit Gllav\u00eb n\u00eb bashkin\u00eb e Memaliajt nj\u00eb zjarr q\u00eb mendohet se \u00ebsht\u00eb vendosur nga gjahtar\u00eb t\u00eb paligjsh\u00ebm t\u00eb zon\u00ebs ka marr\u00eb p\u00ebrmasa t\u00eb rrezikshme Zjarri ka p\u00ebrfshir\u00eb nj\u00eb masiv me pisha q\u00eb \u00ebsht\u00eb pran\u00eb nj\u00eb zone\u00a0 t\u00eb banuar. Besohet se \u00ebsht\u00eb vendosur p\u00ebr t\u00eb shtyr\u00eb drejt\u2026","rel":"","context":"In &quot;Blogu i Udh\u00ebtarit&quot;","block_context":{"text":"Blogu i Udh\u00ebtarit","link":"https:\/\/www.shqiperia.com\/blog\/category\/blogu-i-udhetarit\/"},"img":{"alt_text":"","src":"https:\/\/i0.wp.com\/www.shqiperia.com\/blog\/wp-content\/uploads\/2024\/02\/Memaliaj-770x433-1.jpg?fit=770%2C433&ssl=1&resize=350%2C200","width":350,"height":200,"srcset":"https:\/\/i0.wp.com\/www.shqiperia.com\/blog\/wp-content\/uploads\/2024\/02\/Memaliaj-770x433-1.jpg?fit=770%2C433&ssl=1&resize=350%2C200 1x, https:\/\/i0.wp.com\/www.shqiperia.com\/blog\/wp-content\/uploads\/2024\/02\/Memaliaj-770x433-1.jpg?fit=770%2C433&ssl=1&resize=525%2C300 1.5x, https:\/\/i0.wp.com\/www.shqiperia.com\/blog\/wp-content\/uploads\/2024\/02\/Memaliaj-770x433-1.jpg?fit=770%2C433&ssl=1&resize=700%2C400 2x"},"classes":[]},{"id":62058,"url":"https:\/\/www.shqiperia.com\/blog\/karaburuni-ne-tym-e-flake-era-po-perhap-me-shpejtesi-zjarrin\/","url_meta":{"origin":53653,"position":5},"title":"Karaburuni n\u00eb tym e flak\u00eb, era po p\u00ebrhap me shpejt\u00ebsi zjarrin","author":"Kurt Farka","date":"September 10, 2022","format":false,"excerpt":"10 Shtator 2022 Vijon prej disa or\u00ebsh vatra e zjarrit n\u00eb gadishullin e Karaburunit. Zjarri ka r\u00ebn\u00eb pran\u00eb gjirit t\u00eb Sh\u00ebn Andreas. Flak\u00ebt po p\u00ebrparojn\u00eb me shpejt\u00ebsi p\u00ebr shkak t\u00eb er\u00ebs s\u00eb fort\u00eb bregdetare. Nd\u00ebrhyrja mbetet e v\u00ebshtir\u00eb sepse terreni nuk e lejon. E gjith\u00eb pjesa e gjirit \u00ebsht\u00eb mbuluar\u2026","rel":"","context":"In &quot;Blogu i Udh\u00ebtarit&quot;","block_context":{"text":"Blogu i Udh\u00ebtarit","link":"https:\/\/www.shqiperia.com\/blog\/category\/blogu-i-udhetarit\/"},"img":{"alt_text":"","src":"https:\/\/i0.wp.com\/www.shqiperia.com\/blog\/wp-content\/uploads\/2022\/09\/Karaburuni-ne-tym-e-flake-era-po-perhap-me-shpejtesi-zjarrin.png?fit=1200%2C606&ssl=1&resize=350%2C200","width":350,"height":200,"srcset":"https:\/\/i0.wp.com\/www.shqiperia.com\/blog\/wp-content\/uploads\/2022\/09\/Karaburuni-ne-tym-e-flake-era-po-perhap-me-shpejtesi-zjarrin.png?fit=1200%2C606&ssl=1&resize=350%2C200 1x, https:\/\/i0.wp.com\/www.shqiperia.com\/blog\/wp-content\/uploads\/2022\/09\/Karaburuni-ne-tym-e-flake-era-po-perhap-me-shpejtesi-zjarrin.png?fit=1200%2C606&ssl=1&resize=525%2C300 1.5x, https:\/\/i0.wp.com\/www.shqiperia.com\/blog\/wp-content\/uploads\/2022\/09\/Karaburuni-ne-tym-e-flake-era-po-perhap-me-shpejtesi-zjarrin.png?fit=1200%2C606&ssl=1&resize=700%2C400 2x, https:\/\/i0.wp.com\/www.shqiperia.com\/blog\/wp-content\/uploads\/2022\/09\/Karaburuni-ne-tym-e-flake-era-po-perhap-me-shpejtesi-zjarrin.png?fit=1200%2C606&ssl=1&resize=1050%2C600 3x"},"classes":[]}],"_links":{"self":[{"href":"https:\/\/www.shqiperia.com\/blog\/wp-json\/wp\/v2\/posts\/53653","targetHints":{"allow":["GET"]}}],"collection":[{"href":"https:\/\/www.shqiperia.com\/blog\/wp-json\/wp\/v2\/posts"}],"about":[{"href":"https:\/\/www.shqiperia.com\/blog\/wp-json\/wp\/v2\/types\/post"}],"author":[{"embeddable":true,"href":"https:\/\/www.shqiperia.com\/blog\/wp-json\/wp\/v2\/users\/9"}],"replies":[{"embeddable":true,"href":"https:\/\/www.shqiperia.com\/blog\/wp-json\/wp\/v2\/comments?post=53653"}],"version-history":[{"count":3,"href":"https:\/\/www.shqiperia.com\/blog\/wp-json\/wp\/v2\/posts\/53653\/revisions"}],"predecessor-version":[{"id":53657,"href":"https:\/\/www.shqiperia.com\/blog\/wp-json\/wp\/v2\/posts\/53653\/revisions\/53657"}],"wp:featuredmedia":[{"embeddable":true,"href":"https:\/\/www.shqiperia.com\/blog\/wp-json\/wp\/v2\/media\/53654"}],"wp:attachment":[{"href":"https:\/\/www.shqiperia.com\/blog\/wp-json\/wp\/v2\/media?parent=53653"}],"wp:term":[{"taxonomy":"category","embeddable":true,"href":"https:\/\/www.shqiperia.com\/blog\/wp-json\/wp\/v2\/categories?post=53653"},{"taxonomy":"post_tag","embeddable":true,"href":"https:\/\/www.shqiperia.com\/blog\/wp-json\/wp\/v2\/tags?post=53653"}],"curies":[{"name":"wp","href":"https:\/\/api.w.org\/{rel}","templated":true}]}}