{"id":53650,"date":"2022-01-31T23:39:45","date_gmt":"2022-01-31T23:39:45","guid":{"rendered":"https:\/\/www.shqiperia.com\/blog\/?p=53650"},"modified":"2022-01-31T23:39:45","modified_gmt":"2022-01-31T23:39:45","slug":"konflikti-ukraine-rusi-erdogan-rusia-te-tregohet-e-mencur-nese-nis-ofensiven-ushtarake-turqia-do-te-luftoje-kunder-putinit","status":"publish","type":"post","link":"https:\/\/www.shqiperia.com\/blog\/konflikti-ukraine-rusi-erdogan-rusia-te-tregohet-e-mencur-nese-nis-ofensiven-ushtarake-turqia-do-te-luftoje-kunder-putinit\/","title":{"rendered":"Konflikti Ukrain\u00eb-Rusi. \u00a0Erdogan: &#8211; Rusia t\u00eb tregohet e men\u00e7ur, n\u00ebse nis ofensiv\u00ebn ushtarake, Turqia do t\u00eb luftoj\u00eb kund\u00ebr Putinit!"},"content":{"rendered":"<p><img data-recalc-dims=\"1\" loading=\"lazy\" decoding=\"async\" data-attachment-id=\"53651\" data-permalink=\"https:\/\/www.shqiperia.com\/blog\/konflikti-ukraine-rusi-erdogan-rusia-te-tregohet-e-mencur-nese-nis-ofensiven-ushtarake-turqia-do-te-luftoje-kunder-putinit\/erdogan-2\/\" data-orig-file=\"https:\/\/i0.wp.com\/www.shqiperia.com\/blog\/wp-content\/uploads\/2022\/01\/Erdogan.jpg?fit=770%2C426&amp;ssl=1\" data-orig-size=\"770,426\" data-comments-opened=\"1\" data-image-meta=\"{&quot;aperture&quot;:&quot;0&quot;,&quot;credit&quot;:&quot;&quot;,&quot;camera&quot;:&quot;&quot;,&quot;caption&quot;:&quot;&quot;,&quot;created_timestamp&quot;:&quot;0&quot;,&quot;copyright&quot;:&quot;&quot;,&quot;focal_length&quot;:&quot;0&quot;,&quot;iso&quot;:&quot;0&quot;,&quot;shutter_speed&quot;:&quot;0&quot;,&quot;title&quot;:&quot;&quot;,&quot;orientation&quot;:&quot;0&quot;}\" data-image-title=\"Erdogan\" data-image-description=\"\" data-image-caption=\"\" data-medium-file=\"https:\/\/i0.wp.com\/www.shqiperia.com\/blog\/wp-content\/uploads\/2022\/01\/Erdogan.jpg?fit=300%2C166&amp;ssl=1\" data-large-file=\"https:\/\/i0.wp.com\/www.shqiperia.com\/blog\/wp-content\/uploads\/2022\/01\/Erdogan.jpg?fit=770%2C426&amp;ssl=1\" class=\"alignnone  wp-image-53651\" alt=\"\" src=\"https:\/\/i0.wp.com\/www.shqiperia.com\/blog\/wp-content\/uploads\/2022\/01\/Erdogan.jpg?resize=699%2C387&#038;ssl=1\" width=\"699\" height=\"387\" srcset=\"https:\/\/i0.wp.com\/www.shqiperia.com\/blog\/wp-content\/uploads\/2022\/01\/Erdogan.jpg?resize=300%2C166&amp;ssl=1 300w, https:\/\/i0.wp.com\/www.shqiperia.com\/blog\/wp-content\/uploads\/2022\/01\/Erdogan.jpg?resize=768%2C425&amp;ssl=1 768w, https:\/\/i0.wp.com\/www.shqiperia.com\/blog\/wp-content\/uploads\/2022\/01\/Erdogan.jpg?resize=450%2C249&amp;ssl=1 450w, https:\/\/i0.wp.com\/www.shqiperia.com\/blog\/wp-content\/uploads\/2022\/01\/Erdogan.jpg?resize=600%2C332&amp;ssl=1 600w, https:\/\/i0.wp.com\/www.shqiperia.com\/blog\/wp-content\/uploads\/2022\/01\/Erdogan.jpg?resize=400%2C221&amp;ssl=1 400w, https:\/\/i0.wp.com\/www.shqiperia.com\/blog\/wp-content\/uploads\/2022\/01\/Erdogan.jpg?w=770&amp;ssl=1 770w\" sizes=\"auto, (max-width: 699px) 100vw, 699px\" \/><\/p>\n<p>Konflikti Ukrain\u00eb-Rusi. \u00a0Erdogan: &#8211; Rusia t\u00eb tregohet e men\u00e7ur, n\u00ebse nis ofensiv\u00ebn ushtarake, Turqia do t\u00eb luftoj\u00eb kund\u00ebr Putinit!<\/p>\n<p>31 Janar 2022<\/p>\n<p>Presidenti turk, Rexhep Tajip Erdogan ka th\u00ebn\u00eb n\u00eb nj\u00eb deklarat\u00eb p\u00ebr mediat se Rusia duhet t\u00eb tregohet e men\u00e7ur dhe t\u00eb mos nis\u00eb nj\u00eb konflikt ushtarak n\u00eb Ukrain\u00eb. N\u00ebse kjo gj\u00eb ndodh, Erdgan ka pohuar se ushtria e shtetit t\u00eb tij do t\u00eb pozicionohet n\u00eb krah t\u00eb Ukrain\u00ebs, duke qen\u00eb nj\u00eb vend an\u00ebtar i NATO-s.<\/p>\n<p>N\u00eb nj\u00eb intervist\u00eb p\u00ebr televizionin NTV, Erdogan theksoi se e ka ftuar presidentin rus Vladimir Putin n\u00eb Ankara dhe se propozimi i tij p\u00ebr nj\u00eb t\u00eb ashtuquajtur \u201csamit paqeje\u201d \u00ebsht\u00eb mir\u00ebpritur nga t\u00eb dyja pal\u00ebt.<\/p>\n<p>Erdogan \u00ebsht\u00eb n\u00eb pritje t\u00eb nj\u00eb p\u00ebrgjigje p\u00ebrfundimtare nga Moska.<\/p>\n<p>\u201cNuk ka asnj\u00eb m\u00ebnyr\u00eb q\u00eb Turqia t\u00eb jet\u00eb OK me tensionet n\u00eb Ukrain\u00eb\u201d, ka th\u00ebn\u00eb ai i cituar nga Daily Sabah.<\/p>\n<p>\u201cNe duam paqe n\u00eb rajonin ton\u00eb dhe jemi t\u00eb gatsh\u00ebm t\u00eb ndihmojm\u00eb p\u00ebr ulur tensionet n\u00eb cdo m\u00ebnyr\u00eb q\u00eb t\u00eb mundemi\u201d, ka shtuar m\u00eb tej kreu i shteti turk.<\/p>\n<p>BalkanWeb<\/p>\n","protected":false},"excerpt":{"rendered":"<p>Konflikti Ukrain\u00eb-Rusi. \u00a0Erdogan: &#8211; Rusia t\u00eb tregohet e men\u00e7ur, n\u00ebse nis ofensiv\u00ebn ushtarake, Turqia do t\u00eb luftoj\u00eb kund\u00ebr Putinit! 31 Janar 2022 Presidenti turk, Rexhep Tajip Erdogan ka th\u00ebn\u00eb n\u00eb nj\u00eb deklarat\u00eb p\u00ebr mediat se Rusia duhet t\u00eb tregohet e men\u00e7ur dhe t\u00eb mos nis\u00eb nj\u00eb konflikt ushtarak n\u00eb Ukrain\u00eb. N\u00ebse kjo gj\u00eb ndodh, Erdgan [&hellip;]<\/p>\n","protected":false},"author":9,"featured_media":53651,"comment_status":"open","ping_status":"open","sticky":false,"template":"","format":"standard","meta":{"jetpack_post_was_ever_published":false,"_jetpack_newsletter_access":"","_jetpack_dont_email_post_to_subs":false,"_jetpack_newsletter_tier_id":0,"_jetpack_memberships_contains_paywalled_content":false,"_jetpack_memberships_contains_paid_content":false,"footnotes":"","jetpack_publicize_message":"","jetpack_publicize_feature_enabled":true,"jetpack_social_post_already_shared":true,"jetpack_social_options":{"image_generator_settings":{"template":"highway","default_image_id":0,"font":"","enabled":false},"version":2}},"categories":[27,35],"tags":[],"class_list":["post-53650","post","type-post","status-publish","format-standard","has-post-thumbnail","hentry","category-blogu-i-udhetarit","category-shoqerore"],"jetpack_publicize_connections":[],"jetpack_featured_media_url":"https:\/\/i0.wp.com\/www.shqiperia.com\/blog\/wp-content\/uploads\/2022\/01\/Erdogan.jpg?fit=770%2C426&ssl=1","jetpack_sharing_enabled":true,"jetpack_shortlink":"https:\/\/wp.me\/p5Z6wp-dXk","jetpack-related-posts":[{"id":77804,"url":"https:\/\/www.shqiperia.com\/blog\/putin-planifikon-udhetimin-drejt-turqise-nje-vendi-i-nato-s\/","url_meta":{"origin":53650,"position":0},"title":"Putin planifikon udh\u00ebtimin drejt Turqis\u00eb, nj\u00eb vendi i NATO-s","author":"Kurt Farka","date":"February 1, 2024","format":false,"excerpt":"1 Shkurt 2024 Presidenti i Rusis\u00eb, Vladimir Putin, do ta vizitoj\u00eb an\u00ebtaren e NATO-s, Turqin\u00eb, p\u00ebr t\u2019u takuar me presidentin Recep Tayyip Erdogan m\u00eb 12 shkurt, njoftoi t\u00eb m\u00ebrkur\u00ebn nj\u00eb zyrtar turk. Kjo do t\u00eb jet\u00eb vizita e par\u00eb e Putinit te nj\u00eb shtet an\u00ebtar i NATO-s prej se Rusia\u2026","rel":"","context":"In &quot;Blogu i Udh\u00ebtarit&quot;","block_context":{"text":"Blogu i Udh\u00ebtarit","link":"https:\/\/www.shqiperia.com\/blog\/category\/blogu-i-udhetarit\/"},"img":{"alt_text":"","src":"https:\/\/i0.wp.com\/www.shqiperia.com\/blog\/wp-content\/uploads\/2024\/02\/Putin-sot-eshte-cmenduria-e-botes.jpg?fit=960%2C540&ssl=1&resize=350%2C200","width":350,"height":200,"srcset":"https:\/\/i0.wp.com\/www.shqiperia.com\/blog\/wp-content\/uploads\/2024\/02\/Putin-sot-eshte-cmenduria-e-botes.jpg?fit=960%2C540&ssl=1&resize=350%2C200 1x, https:\/\/i0.wp.com\/www.shqiperia.com\/blog\/wp-content\/uploads\/2024\/02\/Putin-sot-eshte-cmenduria-e-botes.jpg?fit=960%2C540&ssl=1&resize=525%2C300 1.5x, https:\/\/i0.wp.com\/www.shqiperia.com\/blog\/wp-content\/uploads\/2024\/02\/Putin-sot-eshte-cmenduria-e-botes.jpg?fit=960%2C540&ssl=1&resize=700%2C400 2x"},"classes":[]},{"id":59526,"url":"https:\/\/www.shqiperia.com\/blog\/erdogan-kercenon-me-daljen-nga-nato-ja-pse-konflikti-i-ndezur-mes-greqise-dhe-turqise-mund-te-shkaktoje-lufte-ne-rajon\/","url_meta":{"origin":53650,"position":1},"title":"Erdogan k\u00ebrc\u00ebnon me daljen nga NATO. Ja pse konflikti i ndezur mes Greqis\u00eb dhe Turqis\u00eb mund t\u00eb shkaktoj\u00eb luft\u00eb n\u00eb rajon","author":"Kurt Farka","date":"June 29, 2022","format":false,"excerpt":"29 Qershor 2022 Ajo q\u00eb n\u00eb fakt duhet t\u00eb pranojm\u00eb dhe q\u00eb \u00ebsht\u00eb nj\u00eb fakt \u00ebsht\u00eb se pushtimi rus i Ukrain\u00ebs i ka dh\u00ebn\u00eb NATO-s, nj\u00eb ndjenj\u00eb, q\u00ebllim t\u00eb ri dhe unitet. Por mesa duket dikush ka harruar t\u2019ia thot\u00eb di\u00e7ka t\u00eb till\u00eb Rexhep Tajip Erdoganit. Gjat\u00eb nisjes s\u00eb tij\u2026","rel":"","context":"In &quot;Kultura&quot;","block_context":{"text":"Kultura","link":"https:\/\/www.shqiperia.com\/blog\/category\/kultura\/"},"img":{"alt_text":"","src":"https:\/\/i0.wp.com\/www.shqiperia.com\/blog\/wp-content\/uploads\/2022\/06\/800-0-62bbfa5d64718.jpg?fit=800%2C533&ssl=1&resize=350%2C200","width":350,"height":200,"srcset":"https:\/\/i0.wp.com\/www.shqiperia.com\/blog\/wp-content\/uploads\/2022\/06\/800-0-62bbfa5d64718.jpg?fit=800%2C533&ssl=1&resize=350%2C200 1x, https:\/\/i0.wp.com\/www.shqiperia.com\/blog\/wp-content\/uploads\/2022\/06\/800-0-62bbfa5d64718.jpg?fit=800%2C533&ssl=1&resize=525%2C300 1.5x, https:\/\/i0.wp.com\/www.shqiperia.com\/blog\/wp-content\/uploads\/2022\/06\/800-0-62bbfa5d64718.jpg?fit=800%2C533&ssl=1&resize=700%2C400 2x"},"classes":[]},{"id":55736,"url":"https:\/\/www.shqiperia.com\/blog\/rusia-e-putinit-do-te-behet-koloni-e-kines-per-te-mbijetuar-pas-luftes-ne-ukraine\/","url_meta":{"origin":53650,"position":2},"title":"Rusia e Putinit do t\u00eb b\u00ebhet koloni e Kin\u00ebs p\u00ebr t\u00eb mbijetuar pas luft\u00ebs n\u00eb Ukrain\u00eb\u201d","author":"Kurt Farka","date":"March 21, 2022","format":false,"excerpt":"Rusia e Putinit do t\u00eb b\u00ebhet koloni e Kin\u00ebs p\u00ebr t\u00eb mbijetuar pas luft\u00ebs n\u00eb Ukrain\u00eb\u201d - 20.03.22 Nj\u00eb analist lufte shprehet se Kina do t\u00eb p\u00ebrpiqet t\u00eb p\u00ebrfitoj\u00eb nga kriza financiare e Rusis\u00eb pasi u godit me nj\u00eb gam\u00eb t\u00eb gjer\u00eb sanksionesh ekonomike p\u00ebr pushtimin e Ukrain\u00ebs Rusia e\u2026","rel":"","context":"In &quot;Blogu i Udh\u00ebtarit&quot;","block_context":{"text":"Blogu i Udh\u00ebtarit","link":"https:\/\/www.shqiperia.com\/blog\/category\/blogu-i-udhetarit\/"},"img":{"alt_text":"","src":"https:\/\/i0.wp.com\/www.shqiperia.com\/blog\/wp-content\/uploads\/2022\/03\/Capture-166-770x433-1.jpg?fit=770%2C433&ssl=1&resize=350%2C200","width":350,"height":200,"srcset":"https:\/\/i0.wp.com\/www.shqiperia.com\/blog\/wp-content\/uploads\/2022\/03\/Capture-166-770x433-1.jpg?fit=770%2C433&ssl=1&resize=350%2C200 1x, https:\/\/i0.wp.com\/www.shqiperia.com\/blog\/wp-content\/uploads\/2022\/03\/Capture-166-770x433-1.jpg?fit=770%2C433&ssl=1&resize=525%2C300 1.5x, https:\/\/i0.wp.com\/www.shqiperia.com\/blog\/wp-content\/uploads\/2022\/03\/Capture-166-770x433-1.jpg?fit=770%2C433&ssl=1&resize=700%2C400 2x"},"classes":[]},{"id":30432,"url":"https:\/\/www.shqiperia.com\/blog\/front-i-ri-lufte-turqia-con-ushtare-ne-libi-gjenerali-pucist-i-kerkon-ndihme-greqise\/","url_meta":{"origin":53650,"position":3},"title":"Front i ri lufte? Turqia \u00e7on ushtar\u00eb n\u00eb Libi, gjenerali \u201cpu\u00e7ist\u201d i k\u00ebrkon ndihm\u00eb Greqis\u00eb.","author":"Kurt Farka","date":"January 17, 2020","format":false,"excerpt":"Front i ri lufte? Turqia \u00e7on ushtar\u00eb n\u00eb Libi, gjenerali \u201cpu\u00e7ist\u201d i k\u00ebrkon ndihm\u00eb Greqis\u00eb 17 Janar 2020 Libia n\u00eb luft\u00eb civile \u00ebsht\u00eb b\u00ebr\u00eb nj\u00eb \u201cshesh beteje\u201d mes Turqis\u00eb dhe Greqis\u00eb. Erdogan p\u00ebrkrah qeverin\u00eb e Tripolit dhe ka d\u00ebrguar ushtrin\u00eb turke n\u00eb ndihm\u00eb t\u00eb saj. Nd\u00ebrsa zyrtar\u00eb t\u00eb lart\u00eb grek\u00eb\u2026","rel":"","context":"In &quot;Blogu i Udh\u00ebtarit&quot;","block_context":{"text":"Blogu i Udh\u00ebtarit","link":"https:\/\/www.shqiperia.com\/blog\/category\/blogu-i-udhetarit\/"},"img":{"alt_text":"","src":"https:\/\/i0.wp.com\/www.shqiperia.com\/blog\/wp-content\/uploads\/2020\/01\/mitsotakis-675x450-1.jpeg?fit=635%2C369&ssl=1&resize=350%2C200","width":350,"height":200,"srcset":"https:\/\/i0.wp.com\/www.shqiperia.com\/blog\/wp-content\/uploads\/2020\/01\/mitsotakis-675x450-1.jpeg?fit=635%2C369&ssl=1&resize=350%2C200 1x, https:\/\/i0.wp.com\/www.shqiperia.com\/blog\/wp-content\/uploads\/2020\/01\/mitsotakis-675x450-1.jpeg?fit=635%2C369&ssl=1&resize=525%2C300 1.5x"},"classes":[]},{"id":62038,"url":"https:\/\/www.shqiperia.com\/blog\/analiza-a-mundet-turqia-dhe-greqia-qe-te-shkojne-drejt-luftes-pergjigjja-eshte-po\/","url_meta":{"origin":53650,"position":4},"title":"ANALIZA\/ \u201cA mundet Turqia dhe Greqia q\u00eb t\u00eb shkojn\u00eb drejt luft\u00ebs? P\u00ebrgjigjja \u00ebsht\u00eb PO\u201d","author":"Kurt Farka","date":"September 10, 2022","format":false,"excerpt":"10 Shtator 2022 Nga: Michael Rubin \u201c19 Forty Five\u201d Nj\u00eb luft\u00eb Greqi-Turqi s\u00eb shpejti? Lista e vendeve q\u00eb vuajn\u00eb pasojat e agresionit turk \u00ebsht\u00eb e gjat\u00eb. Turqia ka pushtuar 1\/3 e Qipros. Ajo ka p\u00ebrdorur kund\u00ebr armen\u00ebve avion\u00ebt F-16 dhe Forcat Speciale. Zyrtar\u00ebt irakian\u00eb thon\u00eb se Turqia ka nd\u00ebrtuar 68\u2026","rel":"","context":"In &quot;Blogu i Udh\u00ebtarit&quot;","block_context":{"text":"Blogu i Udh\u00ebtarit","link":"https:\/\/www.shqiperia.com\/blog\/category\/blogu-i-udhetarit\/"},"img":{"alt_text":"","src":"https:\/\/i0.wp.com\/www.shqiperia.com\/blog\/wp-content\/uploads\/2022\/09\/F-16-Greece.jpg?fit=1200%2C675&ssl=1&resize=350%2C200","width":350,"height":200,"srcset":"https:\/\/i0.wp.com\/www.shqiperia.com\/blog\/wp-content\/uploads\/2022\/09\/F-16-Greece.jpg?fit=1200%2C675&ssl=1&resize=350%2C200 1x, https:\/\/i0.wp.com\/www.shqiperia.com\/blog\/wp-content\/uploads\/2022\/09\/F-16-Greece.jpg?fit=1200%2C675&ssl=1&resize=525%2C300 1.5x, https:\/\/i0.wp.com\/www.shqiperia.com\/blog\/wp-content\/uploads\/2022\/09\/F-16-Greece.jpg?fit=1200%2C675&ssl=1&resize=700%2C400 2x, https:\/\/i0.wp.com\/www.shqiperia.com\/blog\/wp-content\/uploads\/2022\/09\/F-16-Greece.jpg?fit=1200%2C675&ssl=1&resize=1050%2C600 3x"},"classes":[]},{"id":18288,"url":"https:\/\/www.shqiperia.com\/blog\/ndizen-tensionet-shperthimi-i-erdogan-nese-ka-nje-tiran-ne-bote-ai-je-ti\/","url_meta":{"origin":53650,"position":5},"title":"Ndizen tensionet\/ \u2018Shp\u00ebrthimi\u2019 i Erdogan: N\u00ebse ka nj\u00eb tiran n\u00eb bot\u00eb, ai je ti. &#8211;","author":"Kurt Farka","date":"March 14, 2019","format":false,"excerpt":"Ndizen tensionet\/ \u2018Shp\u00ebrthimi\u2019 i Erdogan: N\u00ebse ka nj\u00eb tiran n\u00eb bot\u00eb, ai je ti. - \u00a014 mars 2019. Duke iu referuar kryeministrit izrelit, Benjamin Netanyahu, presidenti turk, Recep Tayyip Erdo\u011fan, ka deklaruar se, \u201cN\u00ebse ka nj\u00eb tiran n\u00eb bot\u00eb, ai je ti q\u00eb masakron f\u00ebmij\u00ebt palestinez\u201d, raporton Anadolu Agency (AA).\u2026","rel":"","context":"In &quot;Blogu i Udh\u00ebtarit&quot;","block_context":{"text":"Blogu i Udh\u00ebtarit","link":"https:\/\/www.shqiperia.com\/blog\/category\/blogu-i-udhetarit\/"},"img":{"alt_text":"","src":"https:\/\/i0.wp.com\/www.shqiperia.com\/blog\/wp-content\/uploads\/2019\/03\/erdogan2.jpg?fit=692%2C375&ssl=1&resize=350%2C200","width":350,"height":200,"srcset":"https:\/\/i0.wp.com\/www.shqiperia.com\/blog\/wp-content\/uploads\/2019\/03\/erdogan2.jpg?fit=692%2C375&ssl=1&resize=350%2C200 1x, https:\/\/i0.wp.com\/www.shqiperia.com\/blog\/wp-content\/uploads\/2019\/03\/erdogan2.jpg?fit=692%2C375&ssl=1&resize=525%2C300 1.5x"},"classes":[]}],"_links":{"self":[{"href":"https:\/\/www.shqiperia.com\/blog\/wp-json\/wp\/v2\/posts\/53650","targetHints":{"allow":["GET"]}}],"collection":[{"href":"https:\/\/www.shqiperia.com\/blog\/wp-json\/wp\/v2\/posts"}],"about":[{"href":"https:\/\/www.shqiperia.com\/blog\/wp-json\/wp\/v2\/types\/post"}],"author":[{"embeddable":true,"href":"https:\/\/www.shqiperia.com\/blog\/wp-json\/wp\/v2\/users\/9"}],"replies":[{"embeddable":true,"href":"https:\/\/www.shqiperia.com\/blog\/wp-json\/wp\/v2\/comments?post=53650"}],"version-history":[{"count":1,"href":"https:\/\/www.shqiperia.com\/blog\/wp-json\/wp\/v2\/posts\/53650\/revisions"}],"predecessor-version":[{"id":53652,"href":"https:\/\/www.shqiperia.com\/blog\/wp-json\/wp\/v2\/posts\/53650\/revisions\/53652"}],"wp:featuredmedia":[{"embeddable":true,"href":"https:\/\/www.shqiperia.com\/blog\/wp-json\/wp\/v2\/media\/53651"}],"wp:attachment":[{"href":"https:\/\/www.shqiperia.com\/blog\/wp-json\/wp\/v2\/media?parent=53650"}],"wp:term":[{"taxonomy":"category","embeddable":true,"href":"https:\/\/www.shqiperia.com\/blog\/wp-json\/wp\/v2\/categories?post=53650"},{"taxonomy":"post_tag","embeddable":true,"href":"https:\/\/www.shqiperia.com\/blog\/wp-json\/wp\/v2\/tags?post=53650"}],"curies":[{"name":"wp","href":"https:\/\/api.w.org\/{rel}","templated":true}]}}