{"id":5343,"date":"2018-03-21T19:09:42","date_gmt":"2018-03-21T19:09:42","guid":{"rendered":"http:\/\/www.shqiperia.com\/blog\/?p=5343"},"modified":"2018-03-21T19:09:56","modified_gmt":"2018-03-21T19:09:56","slug":"gazeta-franceze-shqiptaret-ndihmuan-jeanne-darc-ne-1429-qe-te-clironte-qytetin","status":"publish","type":"post","link":"https:\/\/www.shqiperia.com\/blog\/gazeta-franceze-shqiptaret-ndihmuan-jeanne-darc-ne-1429-qe-te-clironte-qytetin\/","title":{"rendered":"Gazeta franceze: Shqiptar\u00ebt ndihmuan Jeanne d\u2019Arc n\u00eb 1429 q\u00eb t\u00eb \u00e7lironte qytetin. &#8211;"},"content":{"rendered":"<p><strong><img data-recalc-dims=\"1\" loading=\"lazy\" decoding=\"async\" data-attachment-id=\"5344\" data-permalink=\"https:\/\/www.shqiperia.com\/blog\/gazeta-franceze-shqiptaret-ndihmuan-jeanne-darc-ne-1429-qe-te-clironte-qytetin\/zhan-dark\/\" data-orig-file=\"https:\/\/i0.wp.com\/www.shqiperia.com\/blog\/wp-content\/uploads\/2018\/03\/Zhan-DArk.jpg?fit=199%2C253&amp;ssl=1\" data-orig-size=\"199,253\" data-comments-opened=\"1\" data-image-meta=\"{&quot;aperture&quot;:&quot;0&quot;,&quot;credit&quot;:&quot;&quot;,&quot;camera&quot;:&quot;&quot;,&quot;caption&quot;:&quot;&quot;,&quot;created_timestamp&quot;:&quot;0&quot;,&quot;copyright&quot;:&quot;&quot;,&quot;focal_length&quot;:&quot;0&quot;,&quot;iso&quot;:&quot;0&quot;,&quot;shutter_speed&quot;:&quot;0&quot;,&quot;title&quot;:&quot;&quot;,&quot;orientation&quot;:&quot;0&quot;}\" data-image-title=\"Zhan D&#8217;Ark\" data-image-description=\"\" data-image-caption=\"\" data-medium-file=\"https:\/\/i0.wp.com\/www.shqiperia.com\/blog\/wp-content\/uploads\/2018\/03\/Zhan-DArk.jpg?fit=199%2C253&amp;ssl=1\" data-large-file=\"https:\/\/i0.wp.com\/www.shqiperia.com\/blog\/wp-content\/uploads\/2018\/03\/Zhan-DArk.jpg?fit=199%2C253&amp;ssl=1\" class=\"alignnone wp-image-5344\" alt=\"\" src=\"https:\/\/i0.wp.com\/www.shqiperia.com\/blog\/wp-content\/uploads\/2018\/03\/Zhan-DArk.jpg?resize=309%2C393\" width=\"309\" height=\"393\" \/><\/strong><\/p>\n<p>Gazeta franceze, \u201cLe Gaulois\u201d, ka botuar, t\u00eb shtun\u00ebn e 25 janarit 1913, n\u00eb ballin\u00eb, nj\u00eb shkrim p\u00ebr marr\u00ebdh\u00ebniet mes popullit shqiptar dhe atij francez duke u mb\u00ebshtetur n\u00eb dy shembuj konkret\u00eb.<\/p>\n<p>Nga Aurenc Bebja<\/p>\n<p>\u201cShqiptar\u00ebt dje dhe sot.\u201d<\/p>\n<p>Po flitet shum\u00eb p\u00ebr Shqip\u00ebrin\u00eb n\u00eb k\u00ebt\u00eb moment dhe simpatit\u00eb q\u00eb ekzistojn\u00eb midis k\u00ebtij vendi t\u00eb vog\u00ebl dhe Franc\u00ebs son\u00eb t\u00eb dashur nuk datojn\u00eb nga sot. D\u00ebshmon detaji i vog\u00ebl i mb\u00ebshtetur n\u00eb topografin\u00eb lokale.<\/p>\n<p>Gjendet n\u00eb Orl\u00e9ans, n\u00eb qendr\u00ebn m\u00eb t\u00eb vjet\u00ebr t\u00eb qytetit, nj\u00eb rrug\u00eb e \u00e7uditshme dhe mjaft piktoreske q\u00eb quhet \u201cRruga e Shqiptar\u00ebve \u2013 Rue des Albanais\u201d.<\/p>\n<p><img data-recalc-dims=\"1\" loading=\"lazy\" decoding=\"async\" data-attachment-id=\"5345\" data-permalink=\"https:\/\/www.shqiperia.com\/blog\/gazeta-franceze-shqiptaret-ndihmuan-jeanne-darc-ne-1429-qe-te-clironte-qytetin\/rruga-shqiptare-orleans-france\/\" data-orig-file=\"https:\/\/i0.wp.com\/www.shqiperia.com\/blog\/wp-content\/uploads\/2018\/03\/Rruga-Shqiptare-Orl%C3%A9ans-France.jpg?fit=436%2C264&amp;ssl=1\" data-orig-size=\"436,264\" data-comments-opened=\"1\" data-image-meta=\"{&quot;aperture&quot;:&quot;0&quot;,&quot;credit&quot;:&quot;&quot;,&quot;camera&quot;:&quot;&quot;,&quot;caption&quot;:&quot;&quot;,&quot;created_timestamp&quot;:&quot;0&quot;,&quot;copyright&quot;:&quot;&quot;,&quot;focal_length&quot;:&quot;0&quot;,&quot;iso&quot;:&quot;0&quot;,&quot;shutter_speed&quot;:&quot;0&quot;,&quot;title&quot;:&quot;&quot;,&quot;orientation&quot;:&quot;0&quot;}\" data-image-title=\"Rruga Shqiptare Orl\u00e9ans France\" data-image-description=\"\" data-image-caption=\"\" data-medium-file=\"https:\/\/i0.wp.com\/www.shqiperia.com\/blog\/wp-content\/uploads\/2018\/03\/Rruga-Shqiptare-Orl%C3%A9ans-France.jpg?fit=300%2C182&amp;ssl=1\" data-large-file=\"https:\/\/i0.wp.com\/www.shqiperia.com\/blog\/wp-content\/uploads\/2018\/03\/Rruga-Shqiptare-Orl%C3%A9ans-France.jpg?fit=436%2C264&amp;ssl=1\" class=\"alignnone wp-image-5345\" alt=\"\" src=\"https:\/\/i0.wp.com\/www.shqiperia.com\/blog\/wp-content\/uploads\/2018\/03\/Rruga-Shqiptare-Orl%C3%A9ans-France-300x182.jpg?resize=466%2C283\" width=\"466\" height=\"283\" srcset=\"https:\/\/i0.wp.com\/www.shqiperia.com\/blog\/wp-content\/uploads\/2018\/03\/Rruga-Shqiptare-Orl%C3%A9ans-France.jpg?resize=300%2C182&amp;ssl=1 300w, https:\/\/i0.wp.com\/www.shqiperia.com\/blog\/wp-content\/uploads\/2018\/03\/Rruga-Shqiptare-Orl%C3%A9ans-France.jpg?w=436&amp;ssl=1 436w\" sizes=\"auto, (max-width: 466px) 100vw, 466px\" \/><img data-recalc-dims=\"1\" loading=\"lazy\" decoding=\"async\" data-attachment-id=\"5346\" data-permalink=\"https:\/\/www.shqiperia.com\/blog\/gazeta-franceze-shqiptaret-ndihmuan-jeanne-darc-ne-1429-qe-te-clironte-qytetin\/qyteti-orleans\/\" data-orig-file=\"https:\/\/i0.wp.com\/www.shqiperia.com\/blog\/wp-content\/uploads\/2018\/03\/Qyteti-Orl%C3%A9ans.jpg?fit=282%2C178&amp;ssl=1\" data-orig-size=\"282,178\" data-comments-opened=\"1\" data-image-meta=\"{&quot;aperture&quot;:&quot;0&quot;,&quot;credit&quot;:&quot;&quot;,&quot;camera&quot;:&quot;&quot;,&quot;caption&quot;:&quot;&quot;,&quot;created_timestamp&quot;:&quot;0&quot;,&quot;copyright&quot;:&quot;&quot;,&quot;focal_length&quot;:&quot;0&quot;,&quot;iso&quot;:&quot;0&quot;,&quot;shutter_speed&quot;:&quot;0&quot;,&quot;title&quot;:&quot;&quot;,&quot;orientation&quot;:&quot;0&quot;}\" data-image-title=\"Qyteti Orl\u00e9ans\" data-image-description=\"\" data-image-caption=\"\" data-medium-file=\"https:\/\/i0.wp.com\/www.shqiperia.com\/blog\/wp-content\/uploads\/2018\/03\/Qyteti-Orl%C3%A9ans.jpg?fit=282%2C178&amp;ssl=1\" data-large-file=\"https:\/\/i0.wp.com\/www.shqiperia.com\/blog\/wp-content\/uploads\/2018\/03\/Qyteti-Orl%C3%A9ans.jpg?fit=282%2C178&amp;ssl=1\" class=\"alignnone wp-image-5346\" alt=\"\" src=\"https:\/\/i0.wp.com\/www.shqiperia.com\/blog\/wp-content\/uploads\/2018\/03\/Qyteti-Orl%C3%A9ans.jpg?resize=627%2C396\" width=\"627\" height=\"396\" \/><\/p>\n<p><em>Qyteti Orl\u00e9ans.<\/em><\/p>\n<p>Ky em\u00ebr ngjall kujtimin e kontigjentit t\u00eb luft\u00ebtar\u00ebve t\u00eb guximsh\u00ebm q\u00eb erdh\u00ebn, n\u00eb vitin 1429, p\u00ebrmes brigjeve t\u00eb Adriatikut, t\u00eb ndihmonin Jeanne d\u2019Arc me q\u00ebllim \u00e7lirimin e qytetit. Fitimtar\u00eb, shqiptar\u00ebt u vendos\u00ebn dhe krijuan familjet e tyre n\u00eb Orl\u00e9ans, n\u00eb lagjen q\u00eb ka ruajtur emrin e tyre.<\/p>\n<p><img data-recalc-dims=\"1\" loading=\"lazy\" decoding=\"async\" data-attachment-id=\"5344\" data-permalink=\"https:\/\/www.shqiperia.com\/blog\/gazeta-franceze-shqiptaret-ndihmuan-jeanne-darc-ne-1429-qe-te-clironte-qytetin\/zhan-dark\/\" data-orig-file=\"https:\/\/i0.wp.com\/www.shqiperia.com\/blog\/wp-content\/uploads\/2018\/03\/Zhan-DArk.jpg?fit=199%2C253&amp;ssl=1\" data-orig-size=\"199,253\" data-comments-opened=\"1\" data-image-meta=\"{&quot;aperture&quot;:&quot;0&quot;,&quot;credit&quot;:&quot;&quot;,&quot;camera&quot;:&quot;&quot;,&quot;caption&quot;:&quot;&quot;,&quot;created_timestamp&quot;:&quot;0&quot;,&quot;copyright&quot;:&quot;&quot;,&quot;focal_length&quot;:&quot;0&quot;,&quot;iso&quot;:&quot;0&quot;,&quot;shutter_speed&quot;:&quot;0&quot;,&quot;title&quot;:&quot;&quot;,&quot;orientation&quot;:&quot;0&quot;}\" data-image-title=\"Zhan D&#8217;Ark\" data-image-description=\"\" data-image-caption=\"\" data-medium-file=\"https:\/\/i0.wp.com\/www.shqiperia.com\/blog\/wp-content\/uploads\/2018\/03\/Zhan-DArk.jpg?fit=199%2C253&amp;ssl=1\" data-large-file=\"https:\/\/i0.wp.com\/www.shqiperia.com\/blog\/wp-content\/uploads\/2018\/03\/Zhan-DArk.jpg?fit=199%2C253&amp;ssl=1\" class=\"alignnone wp-image-5344\" alt=\"\" src=\"https:\/\/i0.wp.com\/www.shqiperia.com\/blog\/wp-content\/uploads\/2018\/03\/Zhan-DArk.jpg?resize=535%2C680\" width=\"535\" height=\"680\" \/><\/p>\n<p>Ndoshta n\u00eb damar\u00ebt e shqiptar\u00ebve t\u00eb dikursh\u00ebm ka rrjedhur gjak francez, sepse askush nuk mund ta mohoj\u00eb se n\u00eb shekullin e tremb\u00ebdhjet\u00eb, Bohemond, princ i Tarantos dhe mbret i Napolit, ishte djali i t\u00eb famshmit Robert Guiscard, q\u00eb rrethoi Janin\u00ebn dhe largoi t\u00eb pabes\u00ebt nga Shqip\u00ebria. Shum\u00eb nga shok\u00ebt e tij u vendos\u00ebn atje.<\/p>\n<p><img data-recalc-dims=\"1\" loading=\"lazy\" decoding=\"async\" data-attachment-id=\"5347\" data-permalink=\"https:\/\/www.shqiperia.com\/blog\/gazeta-franceze-shqiptaret-ndihmuan-jeanne-darc-ne-1429-qe-te-clironte-qytetin\/image\/\" data-orig-file=\"https:\/\/i0.wp.com\/www.shqiperia.com\/blog\/wp-content\/uploads\/2018\/03\/image.jpg?fit=683%2C460&amp;ssl=1\" data-orig-size=\"683,460\" data-comments-opened=\"1\" data-image-meta=\"{&quot;aperture&quot;:&quot;0&quot;,&quot;credit&quot;:&quot;&quot;,&quot;camera&quot;:&quot;&quot;,&quot;caption&quot;:&quot;&quot;,&quot;created_timestamp&quot;:&quot;0&quot;,&quot;copyright&quot;:&quot;&quot;,&quot;focal_length&quot;:&quot;0&quot;,&quot;iso&quot;:&quot;0&quot;,&quot;shutter_speed&quot;:&quot;0&quot;,&quot;title&quot;:&quot;&quot;,&quot;orientation&quot;:&quot;0&quot;}\" data-image-title=\"image\" data-image-description=\"\" data-image-caption=\"\" data-medium-file=\"https:\/\/i0.wp.com\/www.shqiperia.com\/blog\/wp-content\/uploads\/2018\/03\/image.jpg?fit=300%2C202&amp;ssl=1\" data-large-file=\"https:\/\/i0.wp.com\/www.shqiperia.com\/blog\/wp-content\/uploads\/2018\/03\/image.jpg?fit=683%2C460&amp;ssl=1\" class=\"alignnone wp-image-5347\" alt=\"\" src=\"https:\/\/i0.wp.com\/www.shqiperia.com\/blog\/wp-content\/uploads\/2018\/03\/image-300x202.jpg?resize=414%2C279\" width=\"414\" height=\"279\" srcset=\"https:\/\/i0.wp.com\/www.shqiperia.com\/blog\/wp-content\/uploads\/2018\/03\/image.jpg?resize=300%2C202&amp;ssl=1 300w, https:\/\/i0.wp.com\/www.shqiperia.com\/blog\/wp-content\/uploads\/2018\/03\/image.jpg?w=683&amp;ssl=1 683w\" sizes=\"auto, (max-width: 414px) 100vw, 414px\" \/><\/p>\n<p>Pra, k\u00ebto jan\u00eb kujtimet e m\u00ebdha historike q\u00eb na mund\u00ebson pamja e nj\u00eb rruge t\u00eb vog\u00ebl \u201cRruga e Shqiptar\u00ebve \u2013 Rue des Albanais\u201d, e humbur n\u00eb nj\u00eb cep piktoresk t\u00eb nj\u00eb qyteti t\u00eb vjet\u00ebr provincial.\u201d\/<\/p>\n","protected":false},"excerpt":{"rendered":"<p>Gazeta franceze, \u201cLe Gaulois\u201d, ka botuar, t\u00eb shtun\u00ebn e 25 janarit 1913, n\u00eb ballin\u00eb, nj\u00eb shkrim p\u00ebr marr\u00ebdh\u00ebniet mes popullit shqiptar dhe atij francez duke u mb\u00ebshtetur n\u00eb dy shembuj konkret\u00eb. Nga Aurenc Bebja \u201cShqiptar\u00ebt dje dhe sot.\u201d Po flitet shum\u00eb p\u00ebr Shqip\u00ebrin\u00eb n\u00eb k\u00ebt\u00eb moment dhe simpatit\u00eb q\u00eb ekzistojn\u00eb midis k\u00ebtij vendi t\u00eb vog\u00ebl [&hellip;]<\/p>\n","protected":false},"author":9,"featured_media":5344,"comment_status":"open","ping_status":"open","sticky":false,"template":"","format":"standard","meta":{"jetpack_post_was_ever_published":false,"_jetpack_newsletter_access":"","_jetpack_dont_email_post_to_subs":false,"_jetpack_newsletter_tier_id":0,"_jetpack_memberships_contains_paywalled_content":false,"_jetpack_memberships_contains_paid_content":false,"footnotes":"","jetpack_publicize_message":"","jetpack_publicize_feature_enabled":true,"jetpack_social_post_already_shared":true,"jetpack_social_options":{"image_generator_settings":{"template":"highway","default_image_id":0,"font":"","enabled":false},"version":2}},"categories":[85],"tags":[],"class_list":["post-5343","post","type-post","status-publish","format-standard","has-post-thumbnail","hentry","category-histori"],"jetpack_publicize_connections":[],"jetpack_featured_media_url":"https:\/\/i0.wp.com\/www.shqiperia.com\/blog\/wp-content\/uploads\/2018\/03\/Zhan-DArk.jpg?fit=199%2C253&ssl=1","jetpack_sharing_enabled":true,"jetpack_shortlink":"https:\/\/wp.me\/p5Z6wp-1ob","jetpack-related-posts":[{"id":23104,"url":"https:\/\/www.shqiperia.com\/blog\/zgjedhjet-30-qershorit-te-cuditshme-ambasadorja-franceze-shume-te-rinj-duan-te-ikin-pergjithmone-kryeministri-thote\/","url_meta":{"origin":5343,"position":0},"title":"\u201cZgjedhjet 30 qershorit t\u00eb \u00e7uditshme\u201d, Ambasadorja franceze: Shum\u00eb t\u00eb rinj duan t\u00eb ikin p\u00ebrgjithmon\u00eb, kryeministri thot\u00eb\u2026","author":"Kurt Farka","date":"July 15, 2019","format":false,"excerpt":"\u201cZgjedhjet 30 qershorit t\u00eb \u00e7uditshme\u201d, Ambasadorja franceze: Shum\u00eb t\u00eb rinj duan t\u00eb ikin p\u00ebrgjithmon\u00eb, kryeministri thot\u00eb\u2026 \u00a014 korrik 2019 N\u00eb dit\u00ebn e Fest\u00ebs Komb\u00ebtare t\u00eb Franc\u00ebs, ambasada franceze n\u00eb Tiran\u00eb ka organizuar nj\u00eb pritje me k\u00ebt\u00eb rast, ku i pranish\u00ebm ka qen\u00eb presidenti i vendit Ilir Meta, por ka munguar\u2026","rel":"","context":"In &quot;Blogu i Udh\u00ebtarit&quot;","block_context":{"text":"Blogu i Udh\u00ebtarit","link":"https:\/\/www.shqiperia.com\/blog\/category\/blogu-i-udhetarit\/"},"img":{"alt_text":"","src":"https:\/\/i0.wp.com\/www.shqiperia.com\/blog\/wp-content\/uploads\/2019\/07\/1f94475d-f55f-42a5-8bd5-e4ff7b88e03f.jpg?fit=1024%2C531&ssl=1&resize=350%2C200","width":350,"height":200,"srcset":"https:\/\/i0.wp.com\/www.shqiperia.com\/blog\/wp-content\/uploads\/2019\/07\/1f94475d-f55f-42a5-8bd5-e4ff7b88e03f.jpg?fit=1024%2C531&ssl=1&resize=350%2C200 1x, https:\/\/i0.wp.com\/www.shqiperia.com\/blog\/wp-content\/uploads\/2019\/07\/1f94475d-f55f-42a5-8bd5-e4ff7b88e03f.jpg?fit=1024%2C531&ssl=1&resize=525%2C300 1.5x, https:\/\/i0.wp.com\/www.shqiperia.com\/blog\/wp-content\/uploads\/2019\/07\/1f94475d-f55f-42a5-8bd5-e4ff7b88e03f.jpg?fit=1024%2C531&ssl=1&resize=700%2C400 2x"},"classes":[]},{"id":24170,"url":"https:\/\/www.shqiperia.com\/blog\/ushtaret-shqiptare-me-fustanelle-qe-i-sherbenin-napoleonit\/","url_meta":{"origin":5343,"position":1},"title":"Ushtar\u00ebt shqiptar\u00eb me fustanelle q\u00eb i sh\u00ebrbenin Napoleonit. &#8211;","author":"Kurt Farka","date":"August 2, 2019","format":false,"excerpt":"Ushtar\u00ebt shqiptar\u00eb me fustanelle q\u00eb i sh\u00ebrbenin Napoleonit. - Kjo \u00ebsht\u00eb nj\u00eb gravur\u00eb e ushtar\u00ebve shqiptar\u00eb q\u00eb sh\u00ebrbenin n\u00eb trupat e Napoelonit n\u00eb Ishujt Joniane. Ata kishin krijuar nj\u00eb regjiment q\u00eb p\u00ebrve\u00e7se p\u00ebrvoj\u00ebs shum\u00eb t\u00eb \u00e7muar ushtarake q\u00eb afronte, mori nga administrata franceze dhe principet e Revolucionit. Intelektual\u00ebt dhe udh\u00ebheq\u00ebsit\u2026","rel":"","context":"In &quot;Histori&quot;","block_context":{"text":"Histori","link":"https:\/\/www.shqiperia.com\/blog\/category\/histori\/"},"img":{"alt_text":"","src":"https:\/\/i0.wp.com\/www.shqiperia.com\/blog\/wp-content\/uploads\/2019\/08\/alen.jpg?fit=471%2C276&ssl=1&resize=350%2C200","width":350,"height":200},"classes":[]},{"id":46066,"url":"https:\/\/www.shqiperia.com\/blog\/politika-i-ka-ndare-shqiptaret-por-kurre-me-pare-skane-qene-kaq-te-bashkuar-sa-sot-basha-pritet-nga-qindra-mbeshtetes-ne-malesine-e-madhe\/","url_meta":{"origin":5343,"position":2},"title":"\u201cPolitika i ka ndar\u00eb shqiptar\u00ebt, por kurr\u00eb m\u00eb par\u00eb s\u2019kan\u00eb qen\u00eb kaq t\u00eb bashkuar sa sot\u201d, Basha pritet nga qindra mb\u00ebshtet\u00ebs n\u00eb Mal\u00ebsin\u00eb e Madhe","author":"Kurt Farka","date":"April 5, 2021","format":false,"excerpt":"\u201cPolitika i ka ndar\u00eb shqiptar\u00ebt, por kurr\u00eb m\u00eb par\u00eb s\u2019kan\u00eb qen\u00eb kaq t\u00eb bashkuar sa sot\u201d, Basha pritet nga qindra mb\u00ebshtet\u00ebs n\u00eb Mal\u00ebsin\u00eb e Madhe - 05.04.21 Kryetari i Partis\u00eb Demokratike, Lulzim Basha ka zhvilluar nj\u00eb vizit\u00eb n\u00eb Mal\u00ebsin\u00eb e Madhe ku \u00ebsht\u00eb pritur nga mb\u00ebshtet\u00ebsit dhe simpatizant\u00ebt demokrat\u00eb. Basha\u2026","rel":"","context":"In &quot;Blogu i Udh\u00ebtarit&quot;","block_context":{"text":"Blogu i Udh\u00ebtarit","link":"https:\/\/www.shqiperia.com\/blog\/category\/blogu-i-udhetarit\/"},"img":{"alt_text":"","src":"https:\/\/i0.wp.com\/www.shqiperia.com\/blog\/wp-content\/uploads\/2021\/04\/basha.jpg?fit=770%2C393&ssl=1&resize=350%2C200","width":350,"height":200,"srcset":"https:\/\/i0.wp.com\/www.shqiperia.com\/blog\/wp-content\/uploads\/2021\/04\/basha.jpg?fit=770%2C393&ssl=1&resize=350%2C200 1x, https:\/\/i0.wp.com\/www.shqiperia.com\/blog\/wp-content\/uploads\/2021\/04\/basha.jpg?fit=770%2C393&ssl=1&resize=525%2C300 1.5x, https:\/\/i0.wp.com\/www.shqiperia.com\/blog\/wp-content\/uploads\/2021\/04\/basha.jpg?fit=770%2C393&ssl=1&resize=700%2C400 2x"},"classes":[]},{"id":95638,"url":"https:\/\/www.shqiperia.com\/blog\/dosja-e-porto-romanos-qe-fundos-ballukun-dhe-vengun-nje-port-5-here-me-i-vogel-se-i-durresit-mbi-pllaka-tektonike\/","url_meta":{"origin":5343,"position":3},"title":"Dosja e Porto Romanos q\u00eb fundos Ballukun dhe Vengun, nj\u00eb port 5 her\u00eb m\u00eb i vog\u00ebl se i Durr\u00ebsit, mbi pllaka tektonike\u2026","author":"Kurt Farka","date":"December 17, 2025","format":false,"excerpt":"17 Dhjetor 2025 Dosja e Porto Romanos q\u00eb fundos Ballukun dhe Vengun, nj\u00eb port 5 her\u00eb m\u00eb i vog\u00ebl se i Durr\u00ebsit, mbi pllaka tektonike aktive dhe llum q\u00eb favorizon interesat private mbi ato komb\u00ebtare dhe rrezikon marr\u00ebdh\u00ebniet me NATO dhe BE Gazeta \u201cSOT\u201d ka raportuar n\u00eb artikujt e kaluar\u2026","rel":"","context":"In &quot;Blogu i Udh\u00ebtarit&quot;","block_context":{"text":"Blogu i Udh\u00ebtarit","link":"https:\/\/www.shqiperia.com\/blog\/category\/blogu-i-udhetarit\/"},"img":{"alt_text":"","src":"https:\/\/i0.wp.com\/www.shqiperia.com\/blog\/wp-content\/uploads\/2025\/12\/r.jpg?fit=898%2C512&ssl=1&resize=350%2C200","width":350,"height":200,"srcset":"https:\/\/i0.wp.com\/www.shqiperia.com\/blog\/wp-content\/uploads\/2025\/12\/r.jpg?fit=898%2C512&ssl=1&resize=350%2C200 1x, https:\/\/i0.wp.com\/www.shqiperia.com\/blog\/wp-content\/uploads\/2025\/12\/r.jpg?fit=898%2C512&ssl=1&resize=525%2C300 1.5x, https:\/\/i0.wp.com\/www.shqiperia.com\/blog\/wp-content\/uploads\/2025\/12\/r.jpg?fit=898%2C512&ssl=1&resize=700%2C400 2x"},"classes":[]},{"id":27029,"url":"https:\/\/www.shqiperia.com\/blog\/bllokada-franceze-ja-cndodhi-sot-dhe-skenari-i-shpreses-se-fundit\/","url_meta":{"origin":5343,"position":4},"title":"Bllokada franceze: &#8211; Ja \u00e7\u2019ndodhi sot dhe skenari i shpres\u00ebs s\u00eb fundit. &#8211;","author":"Kurt Farka","date":"October 15, 2019","format":false,"excerpt":"Bllokada franceze: - Ja \u00e7\u2019ndodhi sot dhe skenari i shpres\u00ebs s\u00eb fundit 15.10.19 Nga: mapo.al Franca bllokoi t\u00eb mart\u00ebn nj\u00eb p\u00ebrpjekje t\u00eb Bashkimit Europian p\u00ebr t\u00eb miratuar nisjen e negociatave t\u00eb an\u00ebtar\u00ebsimit me Shqip\u00ebrin\u00eb dhe Maqedonin\u00eb e Veriut, raporton agjencia Bloomberg. Takimi i ministrave t\u00eb Jasht\u00ebm t\u00eb BE p\u00ebrfundoi pa\u2026","rel":"","context":"In &quot;Blogu i Udh\u00ebtarit&quot;","block_context":{"text":"Blogu i Udh\u00ebtarit","link":"https:\/\/www.shqiperia.com\/blog\/category\/blogu-i-udhetarit\/"},"img":{"alt_text":"","src":"https:\/\/i0.wp.com\/www.shqiperia.com\/blog\/wp-content\/uploads\/2019\/10\/EU.jpg?fit=1200%2C574&ssl=1&resize=350%2C200","width":350,"height":200,"srcset":"https:\/\/i0.wp.com\/www.shqiperia.com\/blog\/wp-content\/uploads\/2019\/10\/EU.jpg?fit=1200%2C574&ssl=1&resize=350%2C200 1x, https:\/\/i0.wp.com\/www.shqiperia.com\/blog\/wp-content\/uploads\/2019\/10\/EU.jpg?fit=1200%2C574&ssl=1&resize=525%2C300 1.5x, https:\/\/i0.wp.com\/www.shqiperia.com\/blog\/wp-content\/uploads\/2019\/10\/EU.jpg?fit=1200%2C574&ssl=1&resize=700%2C400 2x, https:\/\/i0.wp.com\/www.shqiperia.com\/blog\/wp-content\/uploads\/2019\/10\/EU.jpg?fit=1200%2C574&ssl=1&resize=1050%2C600 3x"},"classes":[]},{"id":22641,"url":"https:\/\/www.shqiperia.com\/blog\/30-qershori-ose-braktisja-masive-e-votimeve-si-e-ndeshkuan-shqiptaret-pa-dhune-eliten-politike-te-korruptuar\/","url_meta":{"origin":5343,"position":5},"title":"\u201d30 qershori ose braktisja masive e votimeve, si e nd\u00ebshkuan shqiptar\u00ebt pa dhun\u00eb elit\u00ebn politike t\u00eb korruptuar\u201d","author":"Kurt Farka","date":"July 1, 2019","format":false,"excerpt":"\u201d30 qershori ose braktisja masive e votimeve, si e nd\u00ebshkuan shqiptar\u00ebt pa dhun\u00eb elit\u00ebn politike t\u00eb korruptuar\u201d Jul 1, 2019 JONILA GODOLE\/\u00a0 Nj\u00ebra pal\u00eb u fut n\u00eb zgjedhje e vetme, me kredon zyrtare p\u00ebr t\u2019i dh\u00ebn\u00eb fund spirales s\u00eb kriz\u00ebs politike pas largimit t\u00eb opozit\u00ebs nga Parlamenti, por de facto\u2026","rel":"","context":"In &quot;Blogu i Udh\u00ebtarit&quot;","block_context":{"text":"Blogu i Udh\u00ebtarit","link":"https:\/\/www.shqiperia.com\/blog\/category\/blogu-i-udhetarit\/"},"img":{"alt_text":"","src":"https:\/\/i0.wp.com\/www.shqiperia.com\/blog\/wp-content\/uploads\/2019\/07\/votime.jpg?fit=940%2C529&ssl=1&resize=350%2C200","width":350,"height":200,"srcset":"https:\/\/i0.wp.com\/www.shqiperia.com\/blog\/wp-content\/uploads\/2019\/07\/votime.jpg?fit=940%2C529&ssl=1&resize=350%2C200 1x, https:\/\/i0.wp.com\/www.shqiperia.com\/blog\/wp-content\/uploads\/2019\/07\/votime.jpg?fit=940%2C529&ssl=1&resize=525%2C300 1.5x, https:\/\/i0.wp.com\/www.shqiperia.com\/blog\/wp-content\/uploads\/2019\/07\/votime.jpg?fit=940%2C529&ssl=1&resize=700%2C400 2x"},"classes":[]}],"_links":{"self":[{"href":"https:\/\/www.shqiperia.com\/blog\/wp-json\/wp\/v2\/posts\/5343","targetHints":{"allow":["GET"]}}],"collection":[{"href":"https:\/\/www.shqiperia.com\/blog\/wp-json\/wp\/v2\/posts"}],"about":[{"href":"https:\/\/www.shqiperia.com\/blog\/wp-json\/wp\/v2\/types\/post"}],"author":[{"embeddable":true,"href":"https:\/\/www.shqiperia.com\/blog\/wp-json\/wp\/v2\/users\/9"}],"replies":[{"embeddable":true,"href":"https:\/\/www.shqiperia.com\/blog\/wp-json\/wp\/v2\/comments?post=5343"}],"version-history":[{"count":1,"href":"https:\/\/www.shqiperia.com\/blog\/wp-json\/wp\/v2\/posts\/5343\/revisions"}],"predecessor-version":[{"id":5348,"href":"https:\/\/www.shqiperia.com\/blog\/wp-json\/wp\/v2\/posts\/5343\/revisions\/5348"}],"wp:featuredmedia":[{"embeddable":true,"href":"https:\/\/www.shqiperia.com\/blog\/wp-json\/wp\/v2\/media\/5344"}],"wp:attachment":[{"href":"https:\/\/www.shqiperia.com\/blog\/wp-json\/wp\/v2\/media?parent=5343"}],"wp:term":[{"taxonomy":"category","embeddable":true,"href":"https:\/\/www.shqiperia.com\/blog\/wp-json\/wp\/v2\/categories?post=5343"},{"taxonomy":"post_tag","embeddable":true,"href":"https:\/\/www.shqiperia.com\/blog\/wp-json\/wp\/v2\/tags?post=5343"}],"curies":[{"name":"wp","href":"https:\/\/api.w.org\/{rel}","templated":true}]}}