{"id":527,"date":"2018-01-06T15:17:47","date_gmt":"2018-01-06T15:17:47","guid":{"rendered":"http:\/\/www.shqiperia.com\/blog\/?p=527"},"modified":"2018-01-06T15:17:47","modified_gmt":"2018-01-06T15:17:47","slug":"flet-antropologu-nderkombetar-gjate-luftes-ne-kosove-serbet-ua-kane-nxjerre-organet-qindra-shqiptareve","status":"publish","type":"post","link":"https:\/\/www.shqiperia.com\/blog\/flet-antropologu-nderkombetar-gjate-luftes-ne-kosove-serbet-ua-kane-nxjerre-organet-qindra-shqiptareve\/","title":{"rendered":"Flet antropologu nd\u00ebrkomb\u00ebtar: Gjat\u00eb luft\u00ebs n\u00eb Kosov\u00eb, serb\u00ebt ua kan\u00eb nxjerr\u00eb organet qindra shqiptar\u00ebve"},"content":{"rendered":"<p class=\"shorText\"><img data-recalc-dims=\"1\" loading=\"lazy\" decoding=\"async\" data-attachment-id=\"528\" data-permalink=\"https:\/\/www.shqiperia.com\/blog\/flet-antropologu-nderkombetar-gjate-luftes-ne-kosove-serbet-ua-kane-nxjerre-organet-qindra-shqiptareve\/skinner\/\" data-orig-file=\"https:\/\/i0.wp.com\/www.shqiperia.com\/blog\/wp-content\/uploads\/2018\/01\/skinner.jpg?fit=400%2C260&amp;ssl=1\" data-orig-size=\"400,260\" data-comments-opened=\"1\" data-image-meta=\"{&quot;aperture&quot;:&quot;0&quot;,&quot;credit&quot;:&quot;&quot;,&quot;camera&quot;:&quot;&quot;,&quot;caption&quot;:&quot;&quot;,&quot;created_timestamp&quot;:&quot;0&quot;,&quot;copyright&quot;:&quot;&quot;,&quot;focal_length&quot;:&quot;0&quot;,&quot;iso&quot;:&quot;0&quot;,&quot;shutter_speed&quot;:&quot;0&quot;,&quot;title&quot;:&quot;&quot;,&quot;orientation&quot;:&quot;0&quot;}\" data-image-title=\"skinner\" data-image-description=\"\" data-image-caption=\"\" data-medium-file=\"https:\/\/i0.wp.com\/www.shqiperia.com\/blog\/wp-content\/uploads\/2018\/01\/skinner.jpg?fit=300%2C195&amp;ssl=1\" data-large-file=\"https:\/\/i0.wp.com\/www.shqiperia.com\/blog\/wp-content\/uploads\/2018\/01\/skinner.jpg?fit=400%2C260&amp;ssl=1\" class=\"alignnone  wp-image-528\" alt=\"\" src=\"https:\/\/i0.wp.com\/www.shqiperia.com\/blog\/wp-content\/uploads\/2018\/01\/skinner-300x195.jpg?resize=498%2C324\" width=\"498\" height=\"324\" srcset=\"https:\/\/i0.wp.com\/www.shqiperia.com\/blog\/wp-content\/uploads\/2018\/01\/skinner.jpg?resize=300%2C195&amp;ssl=1 300w, https:\/\/i0.wp.com\/www.shqiperia.com\/blog\/wp-content\/uploads\/2018\/01\/skinner.jpg?w=400&amp;ssl=1 400w\" sizes=\"auto, (max-width: 498px) 100vw, 498px\" \/><\/p>\n<p class=\"shorText\">Dr.<strong>Mark Skinner<\/strong><\/p>\n<p class=\"shorText\">N\u00eb raportin e Komisionit Nd\u00ebrkomb\u00ebtar p\u00ebr Persona t\u00eb Zhdukur, thuhet se gjat\u00eb luft\u00ebs n\u00eb Kosov\u00eb, n\u00eb mesin e viktimave civile, t\u00eb cilat\u00a0 jan\u00eb gjetur n\u00eb varrezat e masive n\u00eb Serbi, jan\u00eb ngritur dyshime serioze p\u00ebr heqjen e organeve t\u00eb civil\u00ebve shqiptar\u00eb, q\u00eb ishin marr\u00eb peng nga forcat serbe n\u00eb Kosov\u00eb.<\/p>\n<div class=\"content-holder\">\n<div class=\"inner-content\">\n<div class=\"social-txtSize-wrap\">\n<div class=\"social-media\">Ky raport \u00ebsht\u00eb hartuar nga antropologu i lart\u00eb i ICMP-s\u00eb, p\u00ebr mjek\u00ebsi ligjore Dr.Mark Skinner, sipas t\u00eb cilit k\u00ebto dyshime jan\u00eb p\u00ebrqendruar tek 82 persona, t\u00eb cil\u00ebt ishin transportuar t\u00eb gjall\u00eb deri n\u00eb Serbi, ku t\u00eb nj\u00ebjtit m\u00eb pas ishin varrosur me arkivole dhe qese t\u00eb etiketuara n\u00eb varrezat e Rashk\u00ebs, Batanjic\u00ebs dhe Petrovosell\u00ebs.<\/div>\n<\/div>\n<div class=\"content-wrap content\">\n<p>Espertiza ka v\u00ebrtetuar se k\u00ebta trupa nuk ishin ekzekutuar me plumba apo mbytur me mjete tjera, vdekja e tyre \u00ebsht\u00eb krejt\u00ebsisht e nj\u00eb natyre tjet\u00ebr, ka shkruar ne raport Dr. Skinner, i cili potencon se n\u00eb Batajnice kishte 8 lokacione ku jan\u00eb bere k\u00ebto zhvarrime.<\/p>\n<p>T\u00eb gjitha lokacionet n\u00eb k\u00ebt\u00eb raport jan\u00eb sh\u00ebnuar me shkurtesa si, BA 1, BA 2, Deri ne BA 8.<\/p>\n<p>Nga zhvarrimet e k\u00ebtyre lokacioneve jan\u00eb 705 kufoma te plota. Serbia nuk ka qen\u00eb aq humane q\u00eb ti d\u00ebrgoj viktimat p\u00ebr pushkatim e m\u00eb pas t\u00eb p\u00ebrkujdeset p\u00ebr varrimin e tyre n\u00eb m\u00ebnyr\u00eb t\u00eb rregullt.<\/p>\n<p>N\u00eb mesin e k\u00ebtyre viktimave q\u00eb dyshohet se iu jan\u00eb nxjerr\u00eb organet, kan\u00eb qen\u00eb 13 meshkuj, 14 femra dhe 9 f\u00ebmij\u00eb.<\/p>\n<\/div>\n<\/div>\n<\/div>\n","protected":false},"excerpt":{"rendered":"<p>Dr.Mark Skinner N\u00eb raportin e Komisionit Nd\u00ebrkomb\u00ebtar p\u00ebr Persona t\u00eb Zhdukur, thuhet se gjat\u00eb luft\u00ebs n\u00eb Kosov\u00eb, n\u00eb mesin e viktimave civile, t\u00eb cilat\u00a0 jan\u00eb gjetur n\u00eb varrezat e masive n\u00eb Serbi, jan\u00eb ngritur dyshime serioze p\u00ebr heqjen e organeve t\u00eb civil\u00ebve shqiptar\u00eb, q\u00eb ishin marr\u00eb peng nga forcat serbe n\u00eb Kosov\u00eb. Ky raport \u00ebsht\u00eb [&hellip;]<\/p>\n","protected":false},"author":9,"featured_media":528,"comment_status":"open","ping_status":"open","sticky":false,"template":"","format":"standard","meta":{"jetpack_post_was_ever_published":false,"_jetpack_newsletter_access":"","_jetpack_dont_email_post_to_subs":false,"_jetpack_newsletter_tier_id":0,"_jetpack_memberships_contains_paywalled_content":false,"_jetpack_memberships_contains_paid_content":false,"footnotes":"","jetpack_publicize_message":"","jetpack_publicize_feature_enabled":true,"jetpack_social_post_already_shared":true,"jetpack_social_options":{"image_generator_settings":{"template":"highway","default_image_id":0,"font":"","enabled":false},"version":2}},"categories":[1],"tags":[],"class_list":["post-527","post","type-post","status-publish","format-standard","has-post-thumbnail","hentry","category-njoftime-shtypi"],"jetpack_publicize_connections":[],"jetpack_featured_media_url":"https:\/\/i0.wp.com\/www.shqiperia.com\/blog\/wp-content\/uploads\/2018\/01\/skinner.jpg?fit=400%2C260&ssl=1","jetpack_sharing_enabled":true,"jetpack_shortlink":"https:\/\/wp.me\/p5Z6wp-8v","jetpack-related-posts":[{"id":84140,"url":"https:\/\/www.shqiperia.com\/blog\/eshtrat-e-viktimave-te-luftes-ne-kosove-te-bllokuar-poshte-plehrave-gjithe-keto-vite-dyshime-per-varr-masiv-serbia-konfirmon-kerkimet-nje-pike-grumbullimi-mbeturinash\/","url_meta":{"origin":527,"position":0},"title":"Eshtrat e viktimave t\u00eb luft\u00ebs n\u00eb Kosov\u00eb t\u00eb bllokuar posht\u00eb plehrave gjith\u00eb k\u00ebto vite? &#8211; Dyshime p\u00ebr varr masiv. &#8211; Serbia konfirmon k\u00ebrkimet nj\u00eb pik\u00eb grumbullimi mbeturinash","author":"Kurt Farka","date":"September 6, 2024","format":false,"excerpt":"6 Shtator 2026 Vend grumbullimi i mbetjeve pran\u00eb fshatit Kozhle n\u00eb jugper\u00ebndim t\u00eb Serbis\u00eb \u00ebsht\u00eb nj\u00eb nga lokacionet q\u00eb, sipas autoriteteve t\u00eb Kosov\u00ebs, mund t\u2019i fsheh\u00eb krimet e kryera nga forcat serbe kund\u00ebr civil\u00ebve shqiptar\u00eb n\u00eb Kosov\u00eb, gjat\u00eb luft\u00ebs s\u00eb viteve 1998\/99. Komisioni p\u00ebr t\u00eb Pagjeturit i Qeveris\u00eb s\u00eb Serbis\u00eb\u2026","rel":"","context":"In &quot;Blogu i Udh\u00ebtarit&quot;","block_context":{"text":"Blogu i Udh\u00ebtarit","link":"https:\/\/www.shqiperia.com\/blog\/category\/blogu-i-udhetarit\/"},"img":{"alt_text":"","src":"https:\/\/i0.wp.com\/www.shqiperia.com\/blog\/wp-content\/uploads\/2024\/09\/Capture-106-760x450-1.jpg?fit=760%2C450&ssl=1&resize=350%2C200","width":350,"height":200,"srcset":"https:\/\/i0.wp.com\/www.shqiperia.com\/blog\/wp-content\/uploads\/2024\/09\/Capture-106-760x450-1.jpg?fit=760%2C450&ssl=1&resize=350%2C200 1x, https:\/\/i0.wp.com\/www.shqiperia.com\/blog\/wp-content\/uploads\/2024\/09\/Capture-106-760x450-1.jpg?fit=760%2C450&ssl=1&resize=525%2C300 1.5x, https:\/\/i0.wp.com\/www.shqiperia.com\/blog\/wp-content\/uploads\/2024\/09\/Capture-106-760x450-1.jpg?fit=760%2C450&ssl=1&resize=700%2C400 2x"},"classes":[]},{"id":18852,"url":"https:\/\/www.shqiperia.com\/blog\/shkrimtari-serb-per-krimet-e-serbise-ne-kosove-flasin-varrezat-masive-rreth-beogradit\/","url_meta":{"origin":527,"position":1},"title":"Shkrimtari serb: P\u00ebr krimet e Serbis\u00eb n\u00eb Kosov\u00eb flasin varrezat masive rreth Beogradit. &#8211;","author":"Kurt Farka","date":"March 28, 2019","format":false,"excerpt":"Shkrimtari serb: P\u00ebr krimet e Serbis\u00eb n\u00eb Kosov\u00eb flasin varrezat masive rreth Beogradit. - 22\/03\/2019. Shkrimtari serb, Vladimir Arsenijeviq, thot\u00eb se nuk arrin ta kuptoj\u00eb se si konlfikti i ngrir\u00eb do t\u00eb ishte m\u00eb i mir\u00eb se arritja e nj\u00eb marr\u00ebveshje.Sipas tij Kosova dhe Serbia do t\u00eb duhet t\u00eb nd\u00ebrtojn\u00eb\u2026","rel":"","context":"In &quot;Blogu i Udh\u00ebtarit&quot;","block_context":{"text":"Blogu i Udh\u00ebtarit","link":"https:\/\/www.shqiperia.com\/blog\/category\/blogu-i-udhetarit\/"},"img":{"alt_text":"","src":"https:\/\/i0.wp.com\/www.shqiperia.com\/blog\/wp-content\/uploads\/2019\/03\/Shkrimtari-serb-Vladimir-Arsenijeviq.jpg?fit=552%2C283&ssl=1&resize=350%2C200","width":350,"height":200,"srcset":"https:\/\/i0.wp.com\/www.shqiperia.com\/blog\/wp-content\/uploads\/2019\/03\/Shkrimtari-serb-Vladimir-Arsenijeviq.jpg?fit=552%2C283&ssl=1&resize=350%2C200 1x, https:\/\/i0.wp.com\/www.shqiperia.com\/blog\/wp-content\/uploads\/2019\/03\/Shkrimtari-serb-Vladimir-Arsenijeviq.jpg?fit=552%2C283&ssl=1&resize=525%2C300 1.5x"},"classes":[]},{"id":64371,"url":"https:\/\/www.shqiperia.com\/blog\/serbet-jane-pro-luftes-karamuco-ngre-alarmin-pas-dates-21-nentor-ne-kosove-po-pergatiten-skenare\/","url_meta":{"origin":527,"position":2},"title":"\u201cSerb\u00ebt jan\u00eb pro luft\u00ebs\u201d\/ Karamu\u00e7o ngre alarmin: &#8211; Pas dat\u00ebs 21 n\u00ebntor n\u00eb Kosov\u00eb po p\u00ebrgatiten skenar\u00eb&#8230;","author":"Kurt Farka","date":"November 15, 2022","format":false,"excerpt":"15 Nentor 2022 Eksperti i kriminalistik\u00ebs Ervin Karamu\u00e7o ka ngritur alarmin, se n\u00eb veri t\u00eb Kosov\u00ebs po p\u00ebrgatiten skenar\u00eb t\u00eb mundsh\u00ebm p\u00ebr p\u00ebrplasje pas dat\u00ebs 21 n\u00ebntor. Duke iu referuar sondazheve dhe p\u00ebrgatitjeve t\u00eb brendshme nga ana e Serbis\u00eb por edhe serb\u00ebve t\u00eb Kosov\u00ebs, Karamu\u00e7o tha 70% e qytetar\u00ebve serb\u00eb\u2026","rel":"","context":"In &quot;Blogu i Udh\u00ebtarit&quot;","block_context":{"text":"Blogu i Udh\u00ebtarit","link":"https:\/\/www.shqiperia.com\/blog\/category\/blogu-i-udhetarit\/"},"img":{"alt_text":"","src":"https:\/\/i0.wp.com\/www.shqiperia.com\/blog\/wp-content\/uploads\/2022\/11\/800-0-ed4bbefe8b9615f8d2a15206b205cb95.jpg?fit=800%2C569&ssl=1&resize=350%2C200","width":350,"height":200,"srcset":"https:\/\/i0.wp.com\/www.shqiperia.com\/blog\/wp-content\/uploads\/2022\/11\/800-0-ed4bbefe8b9615f8d2a15206b205cb95.jpg?fit=800%2C569&ssl=1&resize=350%2C200 1x, https:\/\/i0.wp.com\/www.shqiperia.com\/blog\/wp-content\/uploads\/2022\/11\/800-0-ed4bbefe8b9615f8d2a15206b205cb95.jpg?fit=800%2C569&ssl=1&resize=525%2C300 1.5x, https:\/\/i0.wp.com\/www.shqiperia.com\/blog\/wp-content\/uploads\/2022\/11\/800-0-ed4bbefe8b9615f8d2a15206b205cb95.jpg?fit=800%2C569&ssl=1&resize=700%2C400 2x"},"classes":[]},{"id":72127,"url":"https:\/\/www.shqiperia.com\/blog\/ngjarjet-ne-kosove-dhe-serbi-escobar-del-me-njoftimin-e-fundit\/","url_meta":{"origin":527,"position":3},"title":"Ngjarjet n\u00eb Kosov\u00eb dhe Serbi, Escobar del me njoftimin e fundit","author":"Kurt Farka","date":"June 15, 2023","format":false,"excerpt":"15 Qershor 2023 I d\u00ebrguari i Shteteve t\u00eb Bashkuara t\u00eb Amerik\u00ebs p\u00ebr Ballkanin Per\u00ebndimor, Gabriel Escobar, nes\u00ebr m\u00eb 16 Qershor, do t\u00eb mbaj\u00eb nj\u00eb konferenc\u00eb online me gazetar\u00eb. Konferenca mbahet nga ora 15:00. Escobar do t\u00eb bisedoj\u00eb me gazetar\u00ebt rreth zhvillimeve t\u00eb fundit n\u00eb Kosov\u00eb dhe Serbi. T\u00eb mart\u00ebn, n\u00eb\u2026","rel":"","context":"In &quot;Blogu i Udh\u00ebtarit&quot;","block_context":{"text":"Blogu i Udh\u00ebtarit","link":"https:\/\/www.shqiperia.com\/blog\/category\/blogu-i-udhetarit\/"},"img":{"alt_text":"","src":"https:\/\/i0.wp.com\/www.shqiperia.com\/blog\/wp-content\/uploads\/2023\/06\/800-0-d82f83c0594ff1094fa14fa8877bc9bc.jpg?fit=800%2C540&ssl=1&resize=350%2C200","width":350,"height":200,"srcset":"https:\/\/i0.wp.com\/www.shqiperia.com\/blog\/wp-content\/uploads\/2023\/06\/800-0-d82f83c0594ff1094fa14fa8877bc9bc.jpg?fit=800%2C540&ssl=1&resize=350%2C200 1x, https:\/\/i0.wp.com\/www.shqiperia.com\/blog\/wp-content\/uploads\/2023\/06\/800-0-d82f83c0594ff1094fa14fa8877bc9bc.jpg?fit=800%2C540&ssl=1&resize=525%2C300 1.5x, https:\/\/i0.wp.com\/www.shqiperia.com\/blog\/wp-content\/uploads\/2023\/06\/800-0-d82f83c0594ff1094fa14fa8877bc9bc.jpg?fit=800%2C540&ssl=1&resize=700%2C400 2x"},"classes":[]},{"id":69552,"url":"https:\/\/www.shqiperia.com\/blog\/pakt-mes-republikaneve-kosove-serbi-kreret-e-partive-zotohen-per-njohjen-reciproke-dhe-zbardhjen-e-krimeve\/","url_meta":{"origin":527,"position":4},"title":"Pakt mes republikan\u00ebve Kosov\u00eb-Serbi\/ Krer\u00ebt e partive zotohen p\u00ebr njohjen reciproke dhe zbardhjen e krimeve","author":"Kurt Farka","date":"March 13, 2023","format":false,"excerpt":"13 Mars 2023 Republikan\u00ebt e Kosov\u00ebs dhe t\u00eb Serbis\u00eb zotohen p\u00ebr zbardhjen e krimeve t\u00eb luft\u00ebs dhe njohjen reciproke. Dy krer\u00ebt e partive Faton Kurti dhe Sandulovi\u00e7 kan\u00eb n\u00ebnshkruar nj\u00eb marr\u00ebveshje bashk\u00ebpunimi me synimin p\u00ebr t\u00eb ndihmuar n\u00eb normalizimin e marr\u00ebdh\u00ebnive mes dy vendeve. Partia Republikane e Kosov\u00ebs dhe ajo\u2026","rel":"","context":"In &quot;Blogu i Udh\u00ebtarit&quot;","block_context":{"text":"Blogu i Udh\u00ebtarit","link":"https:\/\/www.shqiperia.com\/blog\/category\/blogu-i-udhetarit\/"},"img":{"alt_text":"","src":"https:\/\/i0.wp.com\/www.shqiperia.com\/blog\/wp-content\/uploads\/2023\/03\/640-0-republikanet-1678715416.jpg?fit=640%2C360&ssl=1&resize=350%2C200","width":350,"height":200,"srcset":"https:\/\/i0.wp.com\/www.shqiperia.com\/blog\/wp-content\/uploads\/2023\/03\/640-0-republikanet-1678715416.jpg?fit=640%2C360&ssl=1&resize=350%2C200 1x, https:\/\/i0.wp.com\/www.shqiperia.com\/blog\/wp-content\/uploads\/2023\/03\/640-0-republikanet-1678715416.jpg?fit=640%2C360&ssl=1&resize=525%2C300 1.5x"},"classes":[]},{"id":22254,"url":"https:\/\/www.shqiperia.com\/blog\/katedralja-e-artanes-kosove\/","url_meta":{"origin":527,"position":5},"title":"Katedralja e Artanes, Kosove. &#8211;","author":"Kurt Farka","date":"June 25, 2019","format":false,"excerpt":"Katedralja e Artanes, Kosove. - Kisha me p\u00ebrmasa m\u00eb t\u00eb m\u00ebdha n\u00eb Artan\u00eb \u00ebsht\u00eb e ashtuquajtur Katedralja e cila mendohet t\u00eb ket\u00eb qen\u00eb Katedrale Katolike. G\u00ebrmadhat e Katedrales s\u00eb Artan\u00ebs gjenden n\u00eb veri-lindje t\u00eb kompleksit t\u00eb Kalas\u00eb s\u00eb Artan\u00ebs dhe i takon koh\u00ebs s\u00eb Mesjet\u00ebs, p\u00ebrkat\u00ebsisht shek. t\u00eb XV. Ky\u2026","rel":"","context":"In &quot;Blogu i Udh\u00ebtarit&quot;","block_context":{"text":"Blogu i Udh\u00ebtarit","link":"https:\/\/www.shqiperia.com\/blog\/category\/blogu-i-udhetarit\/"},"img":{"alt_text":"","src":"https:\/\/i0.wp.com\/www.shqiperia.com\/blog\/wp-content\/uploads\/2019\/06\/65254708_838949389824482_848017717519712256_n.jpg?fit=815%2C453&ssl=1&resize=350%2C200","width":350,"height":200,"srcset":"https:\/\/i0.wp.com\/www.shqiperia.com\/blog\/wp-content\/uploads\/2019\/06\/65254708_838949389824482_848017717519712256_n.jpg?fit=815%2C453&ssl=1&resize=350%2C200 1x, https:\/\/i0.wp.com\/www.shqiperia.com\/blog\/wp-content\/uploads\/2019\/06\/65254708_838949389824482_848017717519712256_n.jpg?fit=815%2C453&ssl=1&resize=525%2C300 1.5x, https:\/\/i0.wp.com\/www.shqiperia.com\/blog\/wp-content\/uploads\/2019\/06\/65254708_838949389824482_848017717519712256_n.jpg?fit=815%2C453&ssl=1&resize=700%2C400 2x"},"classes":[]}],"_links":{"self":[{"href":"https:\/\/www.shqiperia.com\/blog\/wp-json\/wp\/v2\/posts\/527","targetHints":{"allow":["GET"]}}],"collection":[{"href":"https:\/\/www.shqiperia.com\/blog\/wp-json\/wp\/v2\/posts"}],"about":[{"href":"https:\/\/www.shqiperia.com\/blog\/wp-json\/wp\/v2\/types\/post"}],"author":[{"embeddable":true,"href":"https:\/\/www.shqiperia.com\/blog\/wp-json\/wp\/v2\/users\/9"}],"replies":[{"embeddable":true,"href":"https:\/\/www.shqiperia.com\/blog\/wp-json\/wp\/v2\/comments?post=527"}],"version-history":[{"count":1,"href":"https:\/\/www.shqiperia.com\/blog\/wp-json\/wp\/v2\/posts\/527\/revisions"}],"predecessor-version":[{"id":529,"href":"https:\/\/www.shqiperia.com\/blog\/wp-json\/wp\/v2\/posts\/527\/revisions\/529"}],"wp:featuredmedia":[{"embeddable":true,"href":"https:\/\/www.shqiperia.com\/blog\/wp-json\/wp\/v2\/media\/528"}],"wp:attachment":[{"href":"https:\/\/www.shqiperia.com\/blog\/wp-json\/wp\/v2\/media?parent=527"}],"wp:term":[{"taxonomy":"category","embeddable":true,"href":"https:\/\/www.shqiperia.com\/blog\/wp-json\/wp\/v2\/categories?post=527"},{"taxonomy":"post_tag","embeddable":true,"href":"https:\/\/www.shqiperia.com\/blog\/wp-json\/wp\/v2\/tags?post=527"}],"curies":[{"name":"wp","href":"https:\/\/api.w.org\/{rel}","templated":true}]}}