{"id":52531,"date":"2021-12-20T13:15:10","date_gmt":"2021-12-20T13:15:10","guid":{"rendered":"https:\/\/www.shqiperia.com\/blog\/?p=52531"},"modified":"2021-12-20T13:15:10","modified_gmt":"2021-12-20T13:15:10","slug":"kryeministri-francez-ben-paralajmerimin-e-forte-per-variantin-omicron","status":"publish","type":"post","link":"https:\/\/www.shqiperia.com\/blog\/kryeministri-francez-ben-paralajmerimin-e-forte-per-variantin-omicron\/","title":{"rendered":"Kryeministri francez b\u00ebn paralajm\u00ebrimin e fort\u00eb p\u00ebr variantin Omicron"},"content":{"rendered":"<p><img data-recalc-dims=\"1\" loading=\"lazy\" decoding=\"async\" data-attachment-id=\"52532\" data-permalink=\"https:\/\/www.shqiperia.com\/blog\/kryeministri-francez-ben-paralajmerimin-e-forte-per-variantin-omicron\/unnamed-74\/\" data-orig-file=\"https:\/\/i0.wp.com\/www.shqiperia.com\/blog\/wp-content\/uploads\/2021\/12\/unnamed-2.jpg?fit=446%2C223&amp;ssl=1\" data-orig-size=\"446,223\" data-comments-opened=\"1\" data-image-meta=\"{&quot;aperture&quot;:&quot;0&quot;,&quot;credit&quot;:&quot;&quot;,&quot;camera&quot;:&quot;&quot;,&quot;caption&quot;:&quot;&quot;,&quot;created_timestamp&quot;:&quot;0&quot;,&quot;copyright&quot;:&quot;&quot;,&quot;focal_length&quot;:&quot;0&quot;,&quot;iso&quot;:&quot;0&quot;,&quot;shutter_speed&quot;:&quot;0&quot;,&quot;title&quot;:&quot;&quot;,&quot;orientation&quot;:&quot;0&quot;}\" data-image-title=\"unnamed\" data-image-description=\"\" data-image-caption=\"\" data-medium-file=\"https:\/\/i0.wp.com\/www.shqiperia.com\/blog\/wp-content\/uploads\/2021\/12\/unnamed-2.jpg?fit=300%2C150&amp;ssl=1\" data-large-file=\"https:\/\/i0.wp.com\/www.shqiperia.com\/blog\/wp-content\/uploads\/2021\/12\/unnamed-2.jpg?fit=446%2C223&amp;ssl=1\" class=\"alignnone  wp-image-52532\" alt=\"\" src=\"https:\/\/i0.wp.com\/www.shqiperia.com\/blog\/wp-content\/uploads\/2021\/12\/unnamed-2.jpg?resize=542%2C271&#038;ssl=1\" width=\"542\" height=\"271\" srcset=\"https:\/\/i0.wp.com\/www.shqiperia.com\/blog\/wp-content\/uploads\/2021\/12\/unnamed-2.jpg?resize=300%2C150&amp;ssl=1 300w, https:\/\/i0.wp.com\/www.shqiperia.com\/blog\/wp-content\/uploads\/2021\/12\/unnamed-2.jpg?resize=400%2C200&amp;ssl=1 400w, https:\/\/i0.wp.com\/www.shqiperia.com\/blog\/wp-content\/uploads\/2021\/12\/unnamed-2.jpg?w=446&amp;ssl=1 446w\" sizes=\"auto, (max-width: 542px) 100vw, 542px\" \/><\/p>\n<p>Kryeministri francez b\u00ebn paralajm\u00ebrimin e fort\u00eb p\u00ebr variantin Omicron<\/p>\n<p>18 Dhjetor 2021<\/p>\n<p>Kryeministri francez b\u00ebn paralajm\u00ebrimin e fort\u00eb p\u00ebr variantin Omicron<\/p>\n<p>Varianti i ri i koronavirusit, Omicron po \u201cp\u00ebrhapet me shpejt\u00ebsi rrufe\u201d n\u00eb Evrop\u00eb dhe ka shum\u00eb mund\u00ebsi t\u00eb b\u00ebhet dominues n\u00eb Franc\u00eb nga fillimi i vitit t\u00eb ardhsh\u00ebm, ka paralajm\u00ebruar kryeministri francez, Jean Castex.<\/p>\n<p>Si\u00e7 raporton BBC, deklarata e Castex u b\u00eb t\u00eb Premten, disa or\u00eb p\u00ebrpara se Franca t\u00eb vendoste kufizime t\u00eb ashpra udh\u00ebtimi p\u00ebr ata q\u00eb hyjn\u00eb n\u00eb vend nga Mbret\u00ebria e Bashkuar.<\/p>\n<p>Mbret\u00ebria e Bashkuar deri m\u00eb tani ka qen\u00eb vendi m\u00eb i goditur nga mutacioni i ri, me afro 15,000 raste t\u00eb konfirmuara t\u00eb Omicron t\u00eb Premten.<\/p>\n<p>N\u00eb t\u00eb gjith\u00eb kontinentin, zyrtar\u00ebt sh\u00ebndet\u00ebsor\u00eb po p\u00ebrgatiten p\u00ebr nj\u00eb val\u00eb t\u00eb re infeksionesh.<\/p>\n<p>Kufizime shtes\u00eb u njoftuan n\u00eb Gjermani, Republik\u00ebn e Irland\u00ebs dhe Holand\u00eb t\u00eb Premten, nd\u00ebrsa qeverit\u00eb po k\u00ebrkojn\u00eb medoemos t\u00eb frenojn\u00eb val\u00ebn e re.<\/p>\n<p>Evropa ka regjistruar deri tani m\u00eb shum\u00eb se 89 milion\u00eb raste dhe 1.5 milion\u00eb vdekje p\u00ebr shkak t\u00eb Covid, sipas shifrave t\u00eb fundit t\u00eb BE-s\u00eb.<\/p>\n<p>Gazeta Dita<\/p>\n","protected":false},"excerpt":{"rendered":"<p>Kryeministri francez b\u00ebn paralajm\u00ebrimin e fort\u00eb p\u00ebr variantin Omicron 18 Dhjetor 2021 Kryeministri francez b\u00ebn paralajm\u00ebrimin e fort\u00eb p\u00ebr variantin Omicron Varianti i ri i koronavirusit, Omicron po \u201cp\u00ebrhapet me shpejt\u00ebsi rrufe\u201d n\u00eb Evrop\u00eb dhe ka shum\u00eb mund\u00ebsi t\u00eb b\u00ebhet dominues n\u00eb Franc\u00eb nga fillimi i vitit t\u00eb ardhsh\u00ebm, ka paralajm\u00ebruar kryeministri francez, Jean Castex. [&hellip;]<\/p>\n","protected":false},"author":9,"featured_media":52532,"comment_status":"open","ping_status":"open","sticky":false,"template":"","format":"standard","meta":{"jetpack_post_was_ever_published":false,"_jetpack_newsletter_access":"","_jetpack_dont_email_post_to_subs":false,"_jetpack_newsletter_tier_id":0,"_jetpack_memberships_contains_paywalled_content":false,"_jetpack_memberships_contains_paid_content":false,"footnotes":"","jetpack_publicize_message":"","jetpack_publicize_feature_enabled":true,"jetpack_social_post_already_shared":true,"jetpack_social_options":{"image_generator_settings":{"template":"highway","default_image_id":0,"font":"","enabled":false},"version":2}},"categories":[27,35],"tags":[],"class_list":["post-52531","post","type-post","status-publish","format-standard","has-post-thumbnail","hentry","category-blogu-i-udhetarit","category-shoqerore"],"jetpack_publicize_connections":[],"jetpack_featured_media_url":"https:\/\/i0.wp.com\/www.shqiperia.com\/blog\/wp-content\/uploads\/2021\/12\/unnamed-2.jpg?fit=446%2C223&ssl=1","jetpack_sharing_enabled":true,"jetpack_shortlink":"https:\/\/wp.me\/p5Z6wp-dFh","jetpack-related-posts":[{"id":102375,"url":"https:\/\/www.shqiperia.com\/blog\/dw-kryeministri-shqiptar-mbron-koncertin-4-milione-eurosh-te-ye-pse-vendet-po-e-ndalojne-kanye-westin\/","url_meta":{"origin":52531,"position":0},"title":"DW: &#8211; Kryeministri shqiptar mbron koncertin 4 milion\u00eb eurosh t\u00eb Ye, pse vendet po e ndalojn\u00eb Kanye Westin?","author":"Kurt Farka","date":"July 9, 2026","format":false,"excerpt":"9 Korrik 2026 ...Reperi, i cili s\u00eb fundmi njihet si YE, \u00ebsht\u00eb p\u00ebrjashtuar p\u00ebr shkak t\u00eb komenteve t\u00eb tij provokuese n\u00eb t\u00eb kaluar\u00ebn, t\u00eb cilat kan\u00eb p\u00ebrfshir\u00eb v\u00ebrejtje antisemite, l\u00ebvdata p\u00ebr Adolf Hitlerin dhe p\u00ebrmbajtje me imazhe naziste. Kryeministri i Shqip\u00ebris\u00eb Edi Rama mbrojti vendimin p\u00ebr t\u00eb mb\u00ebshtetur financiarisht nj\u00eb\u2026","rel":"","context":"In &quot;Blogu i Udh\u00ebtarit&quot;","block_context":{"text":"Blogu i Udh\u00ebtarit","link":"https:\/\/www.shqiperia.com\/blog\/category\/blogu-i-udhetarit\/"},"img":{"alt_text":"","src":"https:\/\/i0.wp.com\/www.shqiperia.com\/blog\/wp-content\/uploads\/2026\/07\/IMG_0184-1140x525-1.jpg?fit=833%2C484&ssl=1&resize=350%2C200","width":350,"height":200,"srcset":"https:\/\/i0.wp.com\/www.shqiperia.com\/blog\/wp-content\/uploads\/2026\/07\/IMG_0184-1140x525-1.jpg?fit=833%2C484&ssl=1&resize=350%2C200 1x, https:\/\/i0.wp.com\/www.shqiperia.com\/blog\/wp-content\/uploads\/2026\/07\/IMG_0184-1140x525-1.jpg?fit=833%2C484&ssl=1&resize=525%2C300 1.5x, https:\/\/i0.wp.com\/www.shqiperia.com\/blog\/wp-content\/uploads\/2026\/07\/IMG_0184-1140x525-1.jpg?fit=833%2C484&ssl=1&resize=700%2C400 2x"},"classes":[]},{"id":104682,"url":"https:\/\/www.shqiperia.com\/blog\/ngaterrohet-identiteti-i-viktimes-ne-ksamil-nga-francez-ne-portugez-policia-zbardh-te-dhena-te-reja-per-ngjarjen\/","url_meta":{"origin":52531,"position":1},"title":"Ngat\u00ebrrohet identiteti i viktim\u00ebs n\u00eb Ksamil\/ Nga francez n\u00eb portugez, policia zbardh t\u00eb dh\u00ebna t\u00eb reja p\u00ebr ngjarjen","author":"Kurt Farka","date":"August 18, 2026","format":false,"excerpt":"18 Gusht 2026 Policia ka zbuluar t\u00eb dh\u00ebna t\u00eb reja mbi identitetin e viktim\u00ebs. Fillimisht u njoftua se i riu ishte shtetas francez, po pas verifikimeve ka rezultuar se ai \u00ebsht\u00eb portugez dhe quhet Luis Miguel Varela Mendes. Identifikimi i tij \u00ebsht\u00eb b\u00ebr\u00eb nga mjeti i identifikimit. Sipas autoriteteve hetimet\u2026","rel":"","context":"In &quot;Blogu i Udh\u00ebtarit&quot;","block_context":{"text":"Blogu i Udh\u00ebtarit","link":"https:\/\/www.shqiperia.com\/blog\/category\/blogu-i-udhetarit\/"},"img":{"alt_text":"","src":"https:\/\/i0.wp.com\/www.shqiperia.com\/blog\/wp-content\/uploads\/2026\/08\/ksamil-1-1-1-6a843dd1823f6.jpg?fit=752%2C430&ssl=1&resize=350%2C200","width":350,"height":200,"srcset":"https:\/\/i0.wp.com\/www.shqiperia.com\/blog\/wp-content\/uploads\/2026\/08\/ksamil-1-1-1-6a843dd1823f6.jpg?fit=752%2C430&ssl=1&resize=350%2C200 1x, https:\/\/i0.wp.com\/www.shqiperia.com\/blog\/wp-content\/uploads\/2026\/08\/ksamil-1-1-1-6a843dd1823f6.jpg?fit=752%2C430&ssl=1&resize=525%2C300 1.5x, https:\/\/i0.wp.com\/www.shqiperia.com\/blog\/wp-content\/uploads\/2026\/08\/ksamil-1-1-1-6a843dd1823f6.jpg?fit=752%2C430&ssl=1&resize=700%2C400 2x"},"classes":[]},{"id":101734,"url":"https:\/\/www.shqiperia.com\/blog\/eurodeputetja-franceze-kritikon-macron-per-takimin-me-ramen-dhe-mbeshtet-protestat-ne-tirane\/","url_meta":{"origin":52531,"position":2},"title":"Eurodeputetja franceze kritikon Macron p\u00ebr takimin me Ram\u00ebn dhe mb\u00ebshtet protestat n\u00eb Tiran\u00eb","author":"Kurt Farka","date":"June 23, 2026","format":false,"excerpt":"23 Qershor 2026 Eurodeputetja franceze Manon Aubry ka reaguar publikisht p\u00ebr zhvillimet e fundit politike n\u00eb Shqip\u00ebri, duke kritikuar presidentin francez Emmanuel Macron p\u00ebr takimin me kryeministrin Edi Rama dhe duke shprehur hapur mb\u00ebshtetjen p\u00ebr protestat qytetare q\u00eb po zhvillohen n\u00eb vend. N\u00eb q\u00ebndrimin e saj, Aubry shfaqet kund\u00ebr asaj\u2026","rel":"","context":"In &quot;Blogu i Udh\u00ebtarit&quot;","block_context":{"text":"Blogu i Udh\u00ebtarit","link":"https:\/\/www.shqiperia.com\/blog\/category\/blogu-i-udhetarit\/"},"img":{"alt_text":"","src":"https:\/\/i0.wp.com\/www.shqiperia.com\/blog\/wp-content\/uploads\/2026\/06\/IMG_3892-1.jpeg?fit=696%2C464&ssl=1&resize=350%2C200","width":350,"height":200,"srcset":"https:\/\/i0.wp.com\/www.shqiperia.com\/blog\/wp-content\/uploads\/2026\/06\/IMG_3892-1.jpeg?fit=696%2C464&ssl=1&resize=350%2C200 1x, https:\/\/i0.wp.com\/www.shqiperia.com\/blog\/wp-content\/uploads\/2026\/06\/IMG_3892-1.jpeg?fit=696%2C464&ssl=1&resize=525%2C300 1.5x"},"classes":[]},{"id":105547,"url":"https:\/\/www.shqiperia.com\/blog\/qeveria-kater-dite-pa-kryeminister-arratisja-e-mistershme-e-edi-rames-jashte-vendit-pa-njoftim-zyrtar-kush-e-thirri-me-urgjence-kryeministrin\/","url_meta":{"origin":52531,"position":3},"title":"Qeveria kat\u00ebr dit\u00eb pa kryeminist\u00ebr, arratisja e mistershme e Edi Ram\u00ebs jasht\u00eb vendit pa njoftim zyrtar, kush e thirri me urgjenc\u00eb kryeministrin?","author":"Kurt Farka","date":"August 31, 2026","format":false,"excerpt":"31 Gusht 2026 Kat\u00ebr dit\u00eb t\u00eb axhend\u00ebs s\u00eb Edi Ram\u00ebs kan\u00eb mbetur n\u00eb nj\u00eb pik\u00ebpyetje t\u00eb madhe. B\u00ebhet fjal\u00eb p\u00ebr dit\u00ebt nga e marta deri t\u00eb premten e jav\u00ebs q\u00eb lam\u00eb pas. N\u00eb publik, gjat\u00eb k\u00ebsaj periudhe, \u00ebsht\u00eb krijuar p\u00ebrshtypja se kryeministri ka vijuar normalisht aktivitetin politik n\u00eb Tiran\u00eb, me\u2026","rel":"","context":"In &quot;Blogu i Udh\u00ebtarit&quot;","block_context":{"text":"Blogu i Udh\u00ebtarit","link":"https:\/\/www.shqiperia.com\/blog\/category\/blogu-i-udhetarit\/"},"img":{"alt_text":"","src":"https:\/\/i0.wp.com\/www.shqiperia.com\/blog\/wp-content\/uploads\/2026\/08\/Edi-Rama-2.jpg?fit=1068%2C712&ssl=1&resize=350%2C200","width":350,"height":200,"srcset":"https:\/\/i0.wp.com\/www.shqiperia.com\/blog\/wp-content\/uploads\/2026\/08\/Edi-Rama-2.jpg?fit=1068%2C712&ssl=1&resize=350%2C200 1x, https:\/\/i0.wp.com\/www.shqiperia.com\/blog\/wp-content\/uploads\/2026\/08\/Edi-Rama-2.jpg?fit=1068%2C712&ssl=1&resize=525%2C300 1.5x, https:\/\/i0.wp.com\/www.shqiperia.com\/blog\/wp-content\/uploads\/2026\/08\/Edi-Rama-2.jpg?fit=1068%2C712&ssl=1&resize=700%2C400 2x, https:\/\/i0.wp.com\/www.shqiperia.com\/blog\/wp-content\/uploads\/2026\/08\/Edi-Rama-2.jpg?fit=1068%2C712&ssl=1&resize=1050%2C600 3x"},"classes":[]},{"id":100598,"url":"https:\/\/www.shqiperia.com\/blog\/franca-i-ndalon-hyrjen-ministrit-izraelit-itamar-ben-gvir-i-ben-thirrje-be-per-sanksione\/","url_meta":{"origin":52531,"position":4},"title":"Franca i ndalon hyrjen ministrit izraelit Itamar Ben-Gvir, i b\u00ebn thirrje BE p\u00ebr sanksione","author":"Kurt Farka","date":"May 23, 2026","format":false,"excerpt":"23 Maji 2026 Franca ka vendosur t\u2019i ndaloj\u00eb ministrit izraelit t\u00eb Siguris\u00eb Komb\u00ebtare, Itamar Ben-Gvir, hyrjen n\u00eb territorin francez, tha t\u00eb shtun\u00ebn Ministri i Jasht\u00ebm Jean-Noel Barrot. Ai b\u00ebri me dije se ky vendim vjen pas veprimeve t\u00eb tij ndaj qytetar\u00ebve francez\u00eb dhe evropian\u00eb q\u00eb ishin pasagjer\u00eb n\u00eb flotiljen Global\u2026","rel":"","context":"In &quot;Njoftime Shtypi&quot;","block_context":{"text":"Njoftime Shtypi","link":"https:\/\/www.shqiperia.com\/blog\/category\/njoftime-shtypi\/"},"img":{"alt_text":"","src":"https:\/\/i0.wp.com\/www.shqiperia.com\/blog\/wp-content\/uploads\/2026\/05\/ministri-izraelit1.jpg?fit=754%2C504&ssl=1&resize=350%2C200","width":350,"height":200,"srcset":"https:\/\/i0.wp.com\/www.shqiperia.com\/blog\/wp-content\/uploads\/2026\/05\/ministri-izraelit1.jpg?fit=754%2C504&ssl=1&resize=350%2C200 1x, https:\/\/i0.wp.com\/www.shqiperia.com\/blog\/wp-content\/uploads\/2026\/05\/ministri-izraelit1.jpg?fit=754%2C504&ssl=1&resize=525%2C300 1.5x, https:\/\/i0.wp.com\/www.shqiperia.com\/blog\/wp-content\/uploads\/2026\/05\/ministri-izraelit1.jpg?fit=754%2C504&ssl=1&resize=700%2C400 2x"},"classes":[]},{"id":53167,"url":"https:\/\/www.shqiperia.com\/blog\/shkencetaret-dalin-me-paralajmerimin-e-frikshem-ja-cfare-pritet-pas-omicron\/","url_meta":{"origin":52531,"position":5},"title":"Shkenc\u00ebtar\u00ebt dalin me paralajm\u00ebrimin e friksh\u00ebm: &#8211; Ja \u00e7far\u00eb pritet pas Omicron","author":"Kurt Farka","date":"January 16, 2022","format":false,"excerpt":"Shkenc\u00ebtar\u00ebt dalin me paralajm\u00ebrimin e friksh\u00ebm: - Ja \u00e7far\u00eb pritet pas Omicron 16 JANAR 2022 Omicron si duket nuk do t\u00eb jet\u00eb varianti i fundit i Covid-19. Ekspert\u00ebt po paralajm\u00ebrojn\u00eb se mund t\u00eb dalin variante t\u00eb tjera t\u00eb Covid-19. \u201cSa m\u00eb shpejt t\u00eb p\u00ebrhapet Omicron, aq m\u00eb shum\u00eb mund\u00ebsi ka\u2026","rel":"","context":"In &quot;Njoftime Shtypi&quot;","block_context":{"text":"Njoftime Shtypi","link":"https:\/\/www.shqiperia.com\/blog\/category\/njoftime-shtypi\/"},"img":{"alt_text":"","src":"https:\/\/i0.wp.com\/www.shqiperia.com\/blog\/wp-content\/uploads\/2022\/01\/800-0-61e3f13b640ab.jpg?fit=800%2C427&ssl=1&resize=350%2C200","width":350,"height":200,"srcset":"https:\/\/i0.wp.com\/www.shqiperia.com\/blog\/wp-content\/uploads\/2022\/01\/800-0-61e3f13b640ab.jpg?fit=800%2C427&ssl=1&resize=350%2C200 1x, https:\/\/i0.wp.com\/www.shqiperia.com\/blog\/wp-content\/uploads\/2022\/01\/800-0-61e3f13b640ab.jpg?fit=800%2C427&ssl=1&resize=525%2C300 1.5x, https:\/\/i0.wp.com\/www.shqiperia.com\/blog\/wp-content\/uploads\/2022\/01\/800-0-61e3f13b640ab.jpg?fit=800%2C427&ssl=1&resize=700%2C400 2x"},"classes":[]}],"_links":{"self":[{"href":"https:\/\/www.shqiperia.com\/blog\/wp-json\/wp\/v2\/posts\/52531","targetHints":{"allow":["GET"]}}],"collection":[{"href":"https:\/\/www.shqiperia.com\/blog\/wp-json\/wp\/v2\/posts"}],"about":[{"href":"https:\/\/www.shqiperia.com\/blog\/wp-json\/wp\/v2\/types\/post"}],"author":[{"embeddable":true,"href":"https:\/\/www.shqiperia.com\/blog\/wp-json\/wp\/v2\/users\/9"}],"replies":[{"embeddable":true,"href":"https:\/\/www.shqiperia.com\/blog\/wp-json\/wp\/v2\/comments?post=52531"}],"version-history":[{"count":1,"href":"https:\/\/www.shqiperia.com\/blog\/wp-json\/wp\/v2\/posts\/52531\/revisions"}],"predecessor-version":[{"id":52533,"href":"https:\/\/www.shqiperia.com\/blog\/wp-json\/wp\/v2\/posts\/52531\/revisions\/52533"}],"wp:featuredmedia":[{"embeddable":true,"href":"https:\/\/www.shqiperia.com\/blog\/wp-json\/wp\/v2\/media\/52532"}],"wp:attachment":[{"href":"https:\/\/www.shqiperia.com\/blog\/wp-json\/wp\/v2\/media?parent=52531"}],"wp:term":[{"taxonomy":"category","embeddable":true,"href":"https:\/\/www.shqiperia.com\/blog\/wp-json\/wp\/v2\/categories?post=52531"},{"taxonomy":"post_tag","embeddable":true,"href":"https:\/\/www.shqiperia.com\/blog\/wp-json\/wp\/v2\/tags?post=52531"}],"curies":[{"name":"wp","href":"https:\/\/api.w.org\/{rel}","templated":true}]}}