{"id":52524,"date":"2021-12-19T18:17:24","date_gmt":"2021-12-19T18:17:24","guid":{"rendered":"https:\/\/www.shqiperia.com\/blog\/?p=52524"},"modified":"2021-12-19T18:17:24","modified_gmt":"2021-12-19T18:17:24","slug":"cfare-po-pergatit-sali-berisha-edita-tahiri-paralajmeron-zhvillime-te-forta-neser-ne-tirane","status":"publish","type":"post","link":"https:\/\/www.shqiperia.com\/blog\/cfare-po-pergatit-sali-berisha-edita-tahiri-paralajmeron-zhvillime-te-forta-neser-ne-tirane\/","title":{"rendered":"\u00c7far\u00eb po p\u00ebrgatit Sali Berisha? Edita Tahiri paralajm\u00ebron zhvillime t\u00eb forta nes\u00ebr n\u00eb Tiran\u00eb"},"content":{"rendered":"<p><img data-recalc-dims=\"1\" loading=\"lazy\" decoding=\"async\" data-attachment-id=\"52526\" data-permalink=\"https:\/\/www.shqiperia.com\/blog\/cfare-po-pergatit-sali-berisha-edita-tahiri-paralajmeron-zhvillime-te-forta-neser-ne-tirane\/edita-tahiri-5\/\" data-orig-file=\"https:\/\/i0.wp.com\/www.shqiperia.com\/blog\/wp-content\/uploads\/2021\/12\/Edita-Tahiri.jpg?fit=800%2C455&amp;ssl=1\" data-orig-size=\"800,455\" data-comments-opened=\"1\" data-image-meta=\"{&quot;aperture&quot;:&quot;0&quot;,&quot;credit&quot;:&quot;&quot;,&quot;camera&quot;:&quot;&quot;,&quot;caption&quot;:&quot;&quot;,&quot;created_timestamp&quot;:&quot;0&quot;,&quot;copyright&quot;:&quot;&quot;,&quot;focal_length&quot;:&quot;0&quot;,&quot;iso&quot;:&quot;0&quot;,&quot;shutter_speed&quot;:&quot;0&quot;,&quot;title&quot;:&quot;&quot;,&quot;orientation&quot;:&quot;0&quot;}\" data-image-title=\"Edita Tahiri\" data-image-description=\"\" data-image-caption=\"\" data-medium-file=\"https:\/\/i0.wp.com\/www.shqiperia.com\/blog\/wp-content\/uploads\/2021\/12\/Edita-Tahiri.jpg?fit=300%2C171&amp;ssl=1\" data-large-file=\"https:\/\/i0.wp.com\/www.shqiperia.com\/blog\/wp-content\/uploads\/2021\/12\/Edita-Tahiri.jpg?fit=800%2C455&amp;ssl=1\" class=\"alignnone  wp-image-52526\" alt=\"\" src=\"https:\/\/i0.wp.com\/www.shqiperia.com\/blog\/wp-content\/uploads\/2021\/12\/Edita-Tahiri.jpg?resize=539%2C307&#038;ssl=1\" width=\"539\" height=\"307\" srcset=\"https:\/\/i0.wp.com\/www.shqiperia.com\/blog\/wp-content\/uploads\/2021\/12\/Edita-Tahiri.jpg?resize=300%2C171&amp;ssl=1 300w, https:\/\/i0.wp.com\/www.shqiperia.com\/blog\/wp-content\/uploads\/2021\/12\/Edita-Tahiri.jpg?resize=768%2C437&amp;ssl=1 768w, https:\/\/i0.wp.com\/www.shqiperia.com\/blog\/wp-content\/uploads\/2021\/12\/Edita-Tahiri.jpg?resize=450%2C256&amp;ssl=1 450w, https:\/\/i0.wp.com\/www.shqiperia.com\/blog\/wp-content\/uploads\/2021\/12\/Edita-Tahiri.jpg?resize=600%2C341&amp;ssl=1 600w, https:\/\/i0.wp.com\/www.shqiperia.com\/blog\/wp-content\/uploads\/2021\/12\/Edita-Tahiri.jpg?resize=400%2C228&amp;ssl=1 400w, https:\/\/i0.wp.com\/www.shqiperia.com\/blog\/wp-content\/uploads\/2021\/12\/Edita-Tahiri.jpg?w=800&amp;ssl=1 800w\" sizes=\"auto, (max-width: 539px) 100vw, 539px\" \/><\/p>\n<p>\u00c7far\u00eb po p\u00ebrgatit Sali Berisha? Edita Tahiri paralajm\u00ebron zhvillime t\u00eb forta nes\u00ebr n\u00eb Tiran\u00eb<\/p>\n<p>19 DHJETOR 2021<\/p>\n<p>Protestat nes\u00ebr n\u00eb Tiran\u00eb jan\u00eb edhe n\u00eb mbrojtje t\u00eb Kosov\u00ebs dhe duhet t\u00eb p\u00ebrkrahen nga gjith\u00eb shqiptar\u00ebt\u201d, tha ajo.<\/p>\n<p>Ish-kryenegociatorja e dialogut Kosov\u00eb-Serbi, Edita Tahiri \u00ebsht\u00eb shprehur pro protest\u00ebs s\u00eb nes\u00ebrme n\u00eb Shqip\u00ebri t\u00eb thirrur nga ish-kryeministri Sali Berisha, n\u00eb kuad\u00ebr t\u00eb vizit\u00ebs s\u00eb presidentit serb Aleksand\u00ebr Vu\u00e7i\u00e7.<\/p>\n<p>Me an\u00eb t\u00eb nj\u00eb postimi n\u00eb Facebook, Tahiri tha se nisma e Ballkanit t\u00eb Hapur ka p\u00ebr synim t\u2019i vendos popujt n\u00eb hegjenonin\u00eb serbe.<\/p>\n<p>\u201cBallkani i Hapur\u201d do t\u00eb vendos popujt\u00eb n\u00eb hegjemonin\u00eb serbe\u2026k\u00ebshtu \u00ebnd\u00ebrron Vu\u00e7i\u00e7i n\u00eb prag t\u00eb arritjes n\u00eb Tiran\u00eb nes\u00ebr\u201d, shkroi fillimisht Tahiri.<\/p>\n<p>\u201cMir\u00ebpo, opozita e ringjallur e Shqip\u00ebris\u00eb nes\u00ebr do ti tregoj se ai vet\u00ebm mund t\u00eb \u00ebnd\u00ebrroj. Protestat nes\u00ebr n\u00eb Tiran\u00eb jan\u00eb edhe n\u00eb mbrojtje t\u00eb Kosov\u00ebs dhe duhet t\u00eb p\u00ebrkrahen nga gjith\u00eb shqiptar\u00ebt\u201d, tha ajo.<\/p>\n<p>Gazeta Sot<\/p>\n","protected":false},"excerpt":{"rendered":"<p>\u00c7far\u00eb po p\u00ebrgatit Sali Berisha? Edita Tahiri paralajm\u00ebron zhvillime t\u00eb forta nes\u00ebr n\u00eb Tiran\u00eb 19 DHJETOR 2021 Protestat nes\u00ebr n\u00eb Tiran\u00eb jan\u00eb edhe n\u00eb mbrojtje t\u00eb Kosov\u00ebs dhe duhet t\u00eb p\u00ebrkrahen nga gjith\u00eb shqiptar\u00ebt\u201d, tha ajo. Ish-kryenegociatorja e dialogut Kosov\u00eb-Serbi, Edita Tahiri \u00ebsht\u00eb shprehur pro protest\u00ebs s\u00eb nes\u00ebrme n\u00eb Shqip\u00ebri t\u00eb thirrur nga ish-kryeministri Sali [&hellip;]<\/p>\n","protected":false},"author":9,"featured_media":52526,"comment_status":"open","ping_status":"open","sticky":false,"template":"","format":"standard","meta":{"jetpack_post_was_ever_published":false,"_jetpack_newsletter_access":"","_jetpack_dont_email_post_to_subs":false,"_jetpack_newsletter_tier_id":0,"_jetpack_memberships_contains_paywalled_content":false,"_jetpack_memberships_contains_paid_content":false,"footnotes":"","jetpack_publicize_message":"","jetpack_publicize_feature_enabled":true,"jetpack_social_post_already_shared":true,"jetpack_social_options":{"image_generator_settings":{"template":"highway","default_image_id":0,"font":"","enabled":false},"version":2}},"categories":[2,35],"tags":[],"class_list":["post-52524","post","type-post","status-publish","format-standard","has-post-thumbnail","hentry","category-politika","category-shoqerore"],"jetpack_publicize_connections":[],"jetpack_featured_media_url":"https:\/\/i0.wp.com\/www.shqiperia.com\/blog\/wp-content\/uploads\/2021\/12\/Edita-Tahiri.jpg?fit=800%2C455&ssl=1","jetpack_sharing_enabled":true,"jetpack_shortlink":"https:\/\/wp.me\/p5Z6wp-dFa","jetpack-related-posts":[{"id":103604,"url":"https:\/\/www.shqiperia.com\/blog\/neser-proteste-ne-shkoder-kunder-ngritjes-se-konsullates-serbe\/","url_meta":{"origin":52524,"position":0},"title":"Nes\u00ebr protest\u00eb n\u00eb Shkod\u00ebr kund\u00ebr ngritjes s\u00eb Konsullat\u00ebs serbe","author":"Kurt Farka","date":"August 1, 2026","format":false,"excerpt":"1 Gusht 2026 Mesazhe nga bulevardi kund\u00ebr klas\u00ebs politike u dhan\u00eb dhe nga diaspora, nd\u00ebrsa njoftuan se nes\u00ebr do t\u00eb mbahet nj\u00eb protest\u00eb n\u00eb Shkod\u00ebr kund\u00ebr ngritjes s\u00eb konsullat\u00ebs serbe n\u00eb qytet. K\u00ebrkesa e protest\u00ebs komb\u00ebtare n\u00eb Tiran\u00eb ishte e nj\u00ebjta, si 62 dit\u00ebt e m\u00ebparshme, dor\u00ebheqje e kryeministrit Edi\u2026","rel":"","context":"In &quot;Blogu i Udh\u00ebtarit&quot;","block_context":{"text":"Blogu i Udh\u00ebtarit","link":"https:\/\/www.shqiperia.com\/blog\/category\/blogu-i-udhetarit\/"},"img":{"alt_text":"","src":"https:\/\/i0.wp.com\/www.shqiperia.com\/blog\/wp-content\/uploads\/2026\/08\/Shkodra.jpg?fit=1080%2C720&ssl=1&resize=350%2C200","width":350,"height":200,"srcset":"https:\/\/i0.wp.com\/www.shqiperia.com\/blog\/wp-content\/uploads\/2026\/08\/Shkodra.jpg?fit=1080%2C720&ssl=1&resize=350%2C200 1x, https:\/\/i0.wp.com\/www.shqiperia.com\/blog\/wp-content\/uploads\/2026\/08\/Shkodra.jpg?fit=1080%2C720&ssl=1&resize=525%2C300 1.5x, https:\/\/i0.wp.com\/www.shqiperia.com\/blog\/wp-content\/uploads\/2026\/08\/Shkodra.jpg?fit=1080%2C720&ssl=1&resize=700%2C400 2x, https:\/\/i0.wp.com\/www.shqiperia.com\/blog\/wp-content\/uploads\/2026\/08\/Shkodra.jpg?fit=1080%2C720&ssl=1&resize=1050%2C600 3x"},"classes":[]},{"id":105358,"url":"https:\/\/www.shqiperia.com\/blog\/dita-e-89-te-e-tubimit-ne-tirane-neser-para-ps-kemi-mesazhe-me-veze\/","url_meta":{"origin":52524,"position":1},"title":"Dita e 89-t\u00eb e tubimit n\u00eb Tiran\u00eb: &#8211; Nes\u00ebr para PS, kemi mesazhe me\u2026 vez\u00eb","author":"Kurt Farka","date":"August 28, 2026","format":false,"excerpt":"28 Gusht 2026 Tubimi kund\u00ebr klasave politike ka hyr\u00eb n\u00eb dit\u00ebn e 89-t\u00eb. Protestuesit, ashtu si \u00e7do dit\u00eb, marshuan nga sheshi \u201cSk\u00ebnderbej\u201d drejt Kryeministris\u00eb, aty ku mbajt\u00ebn fjalime n\u00eb podium. Ata u shpreh\u00ebn se nuk do t\u00eb l\u00ebvizin nga aty deri sa k\u00ebrkesat e tyre t\u00eb plot\u00ebsohen. Aktivisti Edison Lika,\u2026","rel":"","context":"In &quot;Blogu i Udh\u00ebtarit&quot;","block_context":{"text":"Blogu i Udh\u00ebtarit","link":"https:\/\/www.shqiperia.com\/blog\/category\/blogu-i-udhetarit\/"},"img":{"alt_text":"","src":"https:\/\/i0.wp.com\/www.shqiperia.com\/blog\/wp-content\/uploads\/2026\/08\/protesta_sd-3-800x450-1.webp?fit=800%2C450&ssl=1&resize=350%2C200","width":350,"height":200,"srcset":"https:\/\/i0.wp.com\/www.shqiperia.com\/blog\/wp-content\/uploads\/2026\/08\/protesta_sd-3-800x450-1.webp?fit=800%2C450&ssl=1&resize=350%2C200 1x, https:\/\/i0.wp.com\/www.shqiperia.com\/blog\/wp-content\/uploads\/2026\/08\/protesta_sd-3-800x450-1.webp?fit=800%2C450&ssl=1&resize=525%2C300 1.5x, https:\/\/i0.wp.com\/www.shqiperia.com\/blog\/wp-content\/uploads\/2026\/08\/protesta_sd-3-800x450-1.webp?fit=800%2C450&ssl=1&resize=700%2C400 2x"},"classes":[]},{"id":105361,"url":"https:\/\/www.shqiperia.com\/blog\/vucic-kercenon-rajonin-sulmon-serish-paktin-tirane-prishtine-zagreb-forcojme-ushtrine-perballe-cdo-aleance\/","url_meta":{"origin":52524,"position":2},"title":"Vu\u00e7i\u00e7 \u201ck\u00ebrc\u00ebnon\u201d rajonin, sulmon s\u00ebrish paktin Tiran\u00eb-Prishtin\u00eb-Zagreb: &#8211; Forcojm\u00eb ushtrin\u00eb p\u00ebrball\u00eb \u00e7do aleance","author":"Kurt Farka","date":"August 28, 2026","format":false,"excerpt":"18 Gusht 2026 Presidenti i Serbis\u00eb, Aleksandar Vu\u00e7i\u00e7, deklaroi se vendi i tij do t\u00eb vazhdoj\u00eb t\u00eb forcoj\u00eb kapacitetet ushtarake p\u00ebr t\u00eb penguar \u00e7do agresion t\u00eb mundsh\u00ebm. Deklarata vjen pak dit\u00eb pas alarmit t\u00eb ngritur nga Kroacia p\u00ebr armatosjen e ushtris\u00eb serbe, n\u00eb nj\u00eb koh\u00eb kur Serbia prej m\u00eb shum\u00eb\u2026","rel":"","context":"In &quot;Blogu i Udh\u00ebtarit&quot;","block_context":{"text":"Blogu i Udh\u00ebtarit","link":"https:\/\/www.shqiperia.com\/blog\/category\/blogu-i-udhetarit\/"},"img":{"alt_text":"","src":"https:\/\/i0.wp.com\/www.shqiperia.com\/blog\/wp-content\/uploads\/2026\/08\/images_sd-26-800x450-1.webp?fit=800%2C450&ssl=1&resize=350%2C200","width":350,"height":200,"srcset":"https:\/\/i0.wp.com\/www.shqiperia.com\/blog\/wp-content\/uploads\/2026\/08\/images_sd-26-800x450-1.webp?fit=800%2C450&ssl=1&resize=350%2C200 1x, https:\/\/i0.wp.com\/www.shqiperia.com\/blog\/wp-content\/uploads\/2026\/08\/images_sd-26-800x450-1.webp?fit=800%2C450&ssl=1&resize=525%2C300 1.5x, https:\/\/i0.wp.com\/www.shqiperia.com\/blog\/wp-content\/uploads\/2026\/08\/images_sd-26-800x450-1.webp?fit=800%2C450&ssl=1&resize=700%2C400 2x"},"classes":[]},{"id":101378,"url":"https:\/\/www.shqiperia.com\/blog\/marshimi-i-pandalshem-gazetari-protesta-do-te-zgjase-deri-naten-vone-dhe-mund-te-zhvillohet-edhe-neser-para\/","url_meta":{"origin":52524,"position":3},"title":"Marshimi i pandalsh\u00ebm\/ Gazetari: &#8211; Protesta do t\u00eb zgjas\u00eb deri nat\u00ebn von\u00eb dhe mund t\u00eb zhvillohet edhe nes\u00ebr para\u2026","author":"Kurt Farka","date":"June 10, 2026","format":false,"excerpt":"10 Qershor 2026 Duke folur live nga dita e 11-t\u00eb e protest\u00ebs n\u00eb Tiran\u00eb, gazetari Eni Ferhati solli dy detaje t\u00eb reja mbi zhvillimet e sotme. Sipas tij, \u00ebsht\u00eb th\u00ebn\u00eb se organizimi i protest\u00ebs mund t\u00eb zgjas\u00eb deri pas mesnat\u00ebs, me marshime t\u00eb mundshme n\u00eb rrug\u00ebt e kryeqytetit. Nd\u00ebrkoh\u00eb, detaji\u2026","rel":"","context":"In &quot;Blogu i Udh\u00ebtarit&quot;","block_context":{"text":"Blogu i Udh\u00ebtarit","link":"https:\/\/www.shqiperia.com\/blog\/category\/blogu-i-udhetarit\/"},"img":{"alt_text":"","src":"https:\/\/i0.wp.com\/www.shqiperia.com\/blog\/wp-content\/uploads\/2026\/06\/IMG_9876.png?fit=640%2C426&ssl=1&resize=350%2C200","width":350,"height":200,"srcset":"https:\/\/i0.wp.com\/www.shqiperia.com\/blog\/wp-content\/uploads\/2026\/06\/IMG_9876.png?fit=640%2C426&ssl=1&resize=350%2C200 1x, https:\/\/i0.wp.com\/www.shqiperia.com\/blog\/wp-content\/uploads\/2026\/06\/IMG_9876.png?fit=640%2C426&ssl=1&resize=525%2C300 1.5x"},"classes":[]},{"id":101285,"url":"https:\/\/www.shqiperia.com\/blog\/me-10-qershor-te-gjithe-ne-tirane-mijera-protestues-ngrene-tiranen-ne-kembe-permbyllin-tubimin-ne-sheshin-skenderbej-rama-ik\/","url_meta":{"origin":52524,"position":4},"title":"Me 10 Qershor te gjithe ne Tirane. &#8211; Mij\u00ebra protestues ngren\u00eb Tiran\u00ebn n\u00eb k\u00ebmb\u00eb, p\u00ebrmbyllin tubimin n\u00eb Sheshin Sk\u00ebnderbej: \u2018Rama ik!\u2019","author":"Kurt Farka","date":"June 9, 2026","format":false,"excerpt":"9 Qershor 2026 Me thirrje t\u00eb forta kund\u00ebr qeveris\u00eb dhe premtimin p\u00ebr t\u2019u rikthyer s\u00ebrish n\u00eb shesh, mij\u00ebra qytetar\u00eb kan\u00eb p\u00ebrmbyllur mbr\u00ebmjen e sotme protest\u00ebn e n\u00ebnt\u00eb radhazi n\u00eb Tiran\u00eb, e cila zgjati rreth pes\u00eb or\u00eb. Pas marshimit n\u00eb rrug\u00ebt kryesore t\u00eb kryeqytetit dhe ndalesave para institucioneve shtet\u00ebrore, protestuesit jan\u00eb\u2026","rel":"","context":"In &quot;Blogu i Udh\u00ebtarit&quot;","block_context":{"text":"Blogu i Udh\u00ebtarit","link":"https:\/\/www.shqiperia.com\/blog\/category\/blogu-i-udhetarit\/"},"img":{"alt_text":"","src":"https:\/\/i0.wp.com\/www.shqiperia.com\/blog\/wp-content\/uploads\/2026\/06\/Pamjet-me-dron-1.jpg?fit=1200%2C732&ssl=1&resize=350%2C200","width":350,"height":200,"srcset":"https:\/\/i0.wp.com\/www.shqiperia.com\/blog\/wp-content\/uploads\/2026\/06\/Pamjet-me-dron-1.jpg?fit=1200%2C732&ssl=1&resize=350%2C200 1x, https:\/\/i0.wp.com\/www.shqiperia.com\/blog\/wp-content\/uploads\/2026\/06\/Pamjet-me-dron-1.jpg?fit=1200%2C732&ssl=1&resize=525%2C300 1.5x, https:\/\/i0.wp.com\/www.shqiperia.com\/blog\/wp-content\/uploads\/2026\/06\/Pamjet-me-dron-1.jpg?fit=1200%2C732&ssl=1&resize=700%2C400 2x, https:\/\/i0.wp.com\/www.shqiperia.com\/blog\/wp-content\/uploads\/2026\/06\/Pamjet-me-dron-1.jpg?fit=1200%2C732&ssl=1&resize=1050%2C600 3x"},"classes":[]},{"id":103263,"url":"https:\/\/www.shqiperia.com\/blog\/neser-te-parlamenti-dita-e-57-te-e-revoltes-qytetaret-mbushen-serish-sheshin-dhe-iu-pergjigjen-rames-te-japim-besen-nuk-ikim-pa-te-te-larguar\/","url_meta":{"origin":52524,"position":5},"title":"\u201cNes\u00ebr te Parlamenti!\u201d \u2013 Dita e 57-t\u00eb e revolt\u00ebs, qytetar\u00ebt mbush\u00ebn s\u00ebrish sheshin dhe iu p\u00ebrgjigj\u00ebn Ram\u00ebs: &#8211; T\u00eb japim bes\u00ebn, nuk ikim pa t\u00eb t\u00eb larguar!","author":"Kurt Farka","date":"July 26, 2026","format":false,"excerpt":"26 Korrik 2026 Qytetar\u00ebt u mblodh\u00ebn p\u00ebrpara Kryeministris\u00eb n\u00eb dit\u00ebn e 57-t\u00eb t\u00eb revolt\u00ebs s\u00eb tyre ndaj kryeministrit Edi Rama dhe qeveris\u00eb s\u00eb tij. Ata iu p\u00ebrgjigjen kryeministrit edhe p\u00ebr dokumentin e tij q\u00eb nxori, t\u00eb titulluar \u201cBesa\u201d. Nd\u00ebrsa artikuluan problemet me t\u00eb cilat p\u00ebrballen, qytetar\u00ebt ritheksuan se ata nuk\u2026","rel":"","context":"In &quot;Blogu i Udh\u00ebtarit&quot;","block_context":{"text":"Blogu i Udh\u00ebtarit","link":"https:\/\/www.shqiperia.com\/blog\/category\/blogu-i-udhetarit\/"},"img":{"alt_text":"","src":"https:\/\/i0.wp.com\/www.shqiperia.com\/blog\/wp-content\/uploads\/2026\/07\/WhatsApp-Image-2026-07-26-at-19.30.01.jpeg?fit=1200%2C740&ssl=1&resize=350%2C200","width":350,"height":200,"srcset":"https:\/\/i0.wp.com\/www.shqiperia.com\/blog\/wp-content\/uploads\/2026\/07\/WhatsApp-Image-2026-07-26-at-19.30.01.jpeg?fit=1200%2C740&ssl=1&resize=350%2C200 1x, https:\/\/i0.wp.com\/www.shqiperia.com\/blog\/wp-content\/uploads\/2026\/07\/WhatsApp-Image-2026-07-26-at-19.30.01.jpeg?fit=1200%2C740&ssl=1&resize=525%2C300 1.5x, https:\/\/i0.wp.com\/www.shqiperia.com\/blog\/wp-content\/uploads\/2026\/07\/WhatsApp-Image-2026-07-26-at-19.30.01.jpeg?fit=1200%2C740&ssl=1&resize=700%2C400 2x, https:\/\/i0.wp.com\/www.shqiperia.com\/blog\/wp-content\/uploads\/2026\/07\/WhatsApp-Image-2026-07-26-at-19.30.01.jpeg?fit=1200%2C740&ssl=1&resize=1050%2C600 3x"},"classes":[]}],"_links":{"self":[{"href":"https:\/\/www.shqiperia.com\/blog\/wp-json\/wp\/v2\/posts\/52524","targetHints":{"allow":["GET"]}}],"collection":[{"href":"https:\/\/www.shqiperia.com\/blog\/wp-json\/wp\/v2\/posts"}],"about":[{"href":"https:\/\/www.shqiperia.com\/blog\/wp-json\/wp\/v2\/types\/post"}],"author":[{"embeddable":true,"href":"https:\/\/www.shqiperia.com\/blog\/wp-json\/wp\/v2\/users\/9"}],"replies":[{"embeddable":true,"href":"https:\/\/www.shqiperia.com\/blog\/wp-json\/wp\/v2\/comments?post=52524"}],"version-history":[{"count":1,"href":"https:\/\/www.shqiperia.com\/blog\/wp-json\/wp\/v2\/posts\/52524\/revisions"}],"predecessor-version":[{"id":52527,"href":"https:\/\/www.shqiperia.com\/blog\/wp-json\/wp\/v2\/posts\/52524\/revisions\/52527"}],"wp:featuredmedia":[{"embeddable":true,"href":"https:\/\/www.shqiperia.com\/blog\/wp-json\/wp\/v2\/media\/52526"}],"wp:attachment":[{"href":"https:\/\/www.shqiperia.com\/blog\/wp-json\/wp\/v2\/media?parent=52524"}],"wp:term":[{"taxonomy":"category","embeddable":true,"href":"https:\/\/www.shqiperia.com\/blog\/wp-json\/wp\/v2\/categories?post=52524"},{"taxonomy":"post_tag","embeddable":true,"href":"https:\/\/www.shqiperia.com\/blog\/wp-json\/wp\/v2\/tags?post=52524"}],"curies":[{"name":"wp","href":"https:\/\/api.w.org\/{rel}","templated":true}]}}