{"id":52331,"date":"2021-12-13T16:48:42","date_gmt":"2021-12-13T16:48:42","guid":{"rendered":"https:\/\/www.shqiperia.com\/blog\/?p=52331"},"modified":"2021-12-13T16:48:42","modified_gmt":"2021-12-13T16:48:42","slug":"basha-akuza-ndaj-berishes-ska-lene-ish-kryetar-pa-rrahur-dhe-thyer-kembet","status":"publish","type":"post","link":"https:\/\/www.shqiperia.com\/blog\/basha-akuza-ndaj-berishes-ska-lene-ish-kryetar-pa-rrahur-dhe-thyer-kembet\/","title":{"rendered":"Basha akuza ndaj Berish\u00ebs: S\u2019ka l\u00ebn\u00eb ish-kryetar pa rrahur dhe thyer k\u00ebmb\u00ebt"},"content":{"rendered":"<p><img data-recalc-dims=\"1\" loading=\"lazy\" decoding=\"async\" data-attachment-id=\"52332\" data-permalink=\"https:\/\/www.shqiperia.com\/blog\/basha-akuza-ndaj-berishes-ska-lene-ish-kryetar-pa-rrahur-dhe-thyer-kembet\/lulzim-basha-8\/\" data-orig-file=\"https:\/\/i0.wp.com\/www.shqiperia.com\/blog\/wp-content\/uploads\/2021\/12\/Lulzim-Basha-2.jpg?fit=590%2C354&amp;ssl=1\" data-orig-size=\"590,354\" data-comments-opened=\"1\" data-image-meta=\"{&quot;aperture&quot;:&quot;0&quot;,&quot;credit&quot;:&quot;&quot;,&quot;camera&quot;:&quot;&quot;,&quot;caption&quot;:&quot;&quot;,&quot;created_timestamp&quot;:&quot;0&quot;,&quot;copyright&quot;:&quot;&quot;,&quot;focal_length&quot;:&quot;0&quot;,&quot;iso&quot;:&quot;0&quot;,&quot;shutter_speed&quot;:&quot;0&quot;,&quot;title&quot;:&quot;&quot;,&quot;orientation&quot;:&quot;0&quot;}\" data-image-title=\"Lulzim Basha\" data-image-description=\"\" data-image-caption=\"\" data-medium-file=\"https:\/\/i0.wp.com\/www.shqiperia.com\/blog\/wp-content\/uploads\/2021\/12\/Lulzim-Basha-2.jpg?fit=300%2C180&amp;ssl=1\" data-large-file=\"https:\/\/i0.wp.com\/www.shqiperia.com\/blog\/wp-content\/uploads\/2021\/12\/Lulzim-Basha-2.jpg?fit=590%2C354&amp;ssl=1\" class=\"alignnone  wp-image-52332\" alt=\"\" src=\"https:\/\/i0.wp.com\/www.shqiperia.com\/blog\/wp-content\/uploads\/2021\/12\/Lulzim-Basha-2.jpg?resize=647%2C388&#038;ssl=1\" width=\"647\" height=\"388\" srcset=\"https:\/\/i0.wp.com\/www.shqiperia.com\/blog\/wp-content\/uploads\/2021\/12\/Lulzim-Basha-2.jpg?resize=300%2C180&amp;ssl=1 300w, https:\/\/i0.wp.com\/www.shqiperia.com\/blog\/wp-content\/uploads\/2021\/12\/Lulzim-Basha-2.jpg?resize=450%2C270&amp;ssl=1 450w, https:\/\/i0.wp.com\/www.shqiperia.com\/blog\/wp-content\/uploads\/2021\/12\/Lulzim-Basha-2.jpg?resize=400%2C240&amp;ssl=1 400w, https:\/\/i0.wp.com\/www.shqiperia.com\/blog\/wp-content\/uploads\/2021\/12\/Lulzim-Basha-2.jpg?w=590&amp;ssl=1 590w\" sizes=\"auto, (max-width: 647px) 100vw, 647px\" \/><\/p>\n<p>Basha akuza ndaj Berish\u00ebs: S\u2019ka l\u00ebn\u00eb ish-kryetar pa rrahur dhe thyer k\u00ebmb\u00ebt<\/p>\n<p>13 DHJETOR 2021<\/p>\n<p>&#8220;\u00cbsht\u00eb komunist n\u00eb zell&#8221;\/ Basha akuza ndaj Berish\u00ebs: S\u2019ka l\u00ebn\u00eb ish-kryetar pa rrahur dhe thyer k\u00ebmb\u00ebt<\/p>\n<p>Tiran\u00eb- Kryetari i Partis\u00eb Demokratike, Lulzim Basha ka dal\u00eb sot n\u00eb nj\u00eb konferenc\u00eb p\u00ebr mediat, ku ka sqaruar situat\u00ebn q\u00eb ndodhi pasditen e sotme n\u00eb selin\u00eb e demokrat\u00ebve. Kreu i PD-s\u00eb e ka cil\u00ebsuar\u00a0 t\u00eb paprecedent\u00eb hyrjen e Berish\u00ebs dhe t\u00eb p\u00ebrfaq\u00ebsuesve t\u00eb tij n\u00eb selin\u00eb e PD.<\/p>\n<p>&#8220;Ka zellin e pangordhur t\u00eb nj\u00eb ish-komunisti. Apo t\u2019i kthej\u00eb n\u00eb nj\u00eb departament non grata nj\u00ebsoj si familjen e tij. Shkaku i k\u00ebsaj sjellje dihet fare mir\u00eb. Dje \u00ebsht\u00eb mbledhur K\u00ebshilli Komb\u00ebtar. Berisha s\u2019ka l\u00ebn\u00eb ish-kryetar pa rrahur, pa i thyer dh\u00ebmb\u00ebt, tha Basha.<\/p>\n<p>Gazeta Shqip<\/p>\n","protected":false},"excerpt":{"rendered":"<p>Basha akuza ndaj Berish\u00ebs: S\u2019ka l\u00ebn\u00eb ish-kryetar pa rrahur dhe thyer k\u00ebmb\u00ebt 13 DHJETOR 2021 &#8220;\u00cbsht\u00eb komunist n\u00eb zell&#8221;\/ Basha akuza ndaj Berish\u00ebs: S\u2019ka l\u00ebn\u00eb ish-kryetar pa rrahur dhe thyer k\u00ebmb\u00ebt Tiran\u00eb- Kryetari i Partis\u00eb Demokratike, Lulzim Basha ka dal\u00eb sot n\u00eb nj\u00eb konferenc\u00eb p\u00ebr mediat, ku ka sqaruar situat\u00ebn q\u00eb ndodhi pasditen e sotme [&hellip;]<\/p>\n","protected":false},"author":9,"featured_media":52332,"comment_status":"open","ping_status":"open","sticky":false,"template":"","format":"standard","meta":{"jetpack_post_was_ever_published":false,"_jetpack_newsletter_access":"","_jetpack_dont_email_post_to_subs":false,"_jetpack_newsletter_tier_id":0,"_jetpack_memberships_contains_paywalled_content":false,"_jetpack_memberships_contains_paid_content":false,"footnotes":"","jetpack_publicize_message":"","jetpack_publicize_feature_enabled":true,"jetpack_social_post_already_shared":true,"jetpack_social_options":{"image_generator_settings":{"template":"highway","default_image_id":0,"font":"","enabled":false},"version":2}},"categories":[27,14,35],"tags":[],"class_list":["post-52331","post","type-post","status-publish","format-standard","has-post-thumbnail","hentry","category-blogu-i-udhetarit","category-press-releases","category-shoqerore"],"jetpack_publicize_connections":[],"jetpack_featured_media_url":"https:\/\/i0.wp.com\/www.shqiperia.com\/blog\/wp-content\/uploads\/2021\/12\/Lulzim-Basha-2.jpg?fit=590%2C354&ssl=1","jetpack_sharing_enabled":true,"jetpack_shortlink":"https:\/\/wp.me\/p5Z6wp-dC3","jetpack-related-posts":[{"id":52211,"url":"https:\/\/www.shqiperia.com\/blog\/basha-tenton-te-sfumoje-kuvendin-e-berishes-organizon-aktivitet-paralel-ne-seline-e-pd\/","url_meta":{"origin":52331,"position":0},"title":"Basha tenton t\u00eb sfumoj\u00eb Kuvendin e Berish\u00ebs, organizon aktivitet paralel n\u00eb selin\u00eb e PD","author":"Kurt Farka","date":"December 10, 2021","format":false,"excerpt":"Basha tenton t\u00eb sfumoj\u00eb Kuvendin e Berish\u00ebs, organizon aktivitet paralel n\u00eb selin\u00eb e PD - Kryetari i PD-s\u00eb, Lulzim Basha do t\u00eb organizoj\u00eb nes\u00ebr nj\u00eb aktivitet paralel me Kuvendin e thirrur nga Sali Berisha. Nd\u00ebrsa \u201ctubimi\u201d i ish-kryeministrit Sali Berisha do t\u00eb mbahet n\u00eb stadiumin \u201cAir Albania\u201d, Basha ka zgjedhur\u2026","rel":"","context":"In &quot;Blogu i Udh\u00ebtarit&quot;","block_context":{"text":"Blogu i Udh\u00ebtarit","link":"https:\/\/www.shqiperia.com\/blog\/category\/blogu-i-udhetarit\/"},"img":{"alt_text":"","src":"https:\/\/i0.wp.com\/www.shqiperia.com\/blog\/wp-content\/uploads\/2021\/12\/640-0-61b3983083f84.jpg?fit=629%2C340&ssl=1&resize=350%2C200","width":350,"height":200,"srcset":"https:\/\/i0.wp.com\/www.shqiperia.com\/blog\/wp-content\/uploads\/2021\/12\/640-0-61b3983083f84.jpg?fit=629%2C340&ssl=1&resize=350%2C200 1x, https:\/\/i0.wp.com\/www.shqiperia.com\/blog\/wp-content\/uploads\/2021\/12\/640-0-61b3983083f84.jpg?fit=629%2C340&ssl=1&resize=525%2C300 1.5x"},"classes":[]},{"id":47820,"url":"https:\/\/www.shqiperia.com\/blog\/eshte-teze-e-forte-kjo-berisha-paralajmeroi-rikthimin-ne-krye-te-pd-se-zheji-dhe-gazetari-i-njohur-zbulojne-cfare-pritet-te-ndodhe-te-dielen-ne-seline-blu\/","url_meta":{"origin":52331,"position":1},"title":"\u201c\u00cbsht\u00eb tez\u00eb e fort\u00eb kjo\u201d. &#8211; Berisha paralajm\u00ebroi rikthimin n\u00eb krye t\u00eb PD-s\u00eb, Zheji dhe gazetari i njohur zbulojn\u00eb \u00e7far\u00eb pritet t\u00eb ndodh\u00eb t\u00eb diel\u00ebn n\u00eb selin\u00eb blu","author":"Kurt Farka","date":"June 11, 2021","format":false,"excerpt":"\u201c\u00cbsht\u00eb tez\u00eb e fort\u00eb kjo\u201d. -\u00a0 Berisha paralajm\u00ebroi rikthimin n\u00eb krye t\u00eb PD-s\u00eb, Zheji dhe gazetari i njohur zbulojn\u00eb \u00e7far\u00eb pritet t\u00eb ndodh\u00eb t\u00eb diel\u00ebn n\u00eb selin\u00eb blu 11 QERSHOR 2021 Gazetari Arion Sulo dhe analisti Artur Zhjeji komentuan sot n\u00eb emisionin \u2018Pikat mbi i\u2019, deklarat\u00ebn \u00a0e Berish\u00ebs se mund\u2026","rel":"","context":"In &quot;Blogu i Udh\u00ebtarit&quot;","block_context":{"text":"Blogu i Udh\u00ebtarit","link":"https:\/\/www.shqiperia.com\/blog\/category\/blogu-i-udhetarit\/"},"img":{"alt_text":"","src":"https:\/\/i0.wp.com\/www.shqiperia.com\/blog\/wp-content\/uploads\/2021\/06\/800-0-60c363d0a147d.jpg?fit=800%2C368&ssl=1&resize=350%2C200","width":350,"height":200,"srcset":"https:\/\/i0.wp.com\/www.shqiperia.com\/blog\/wp-content\/uploads\/2021\/06\/800-0-60c363d0a147d.jpg?fit=800%2C368&ssl=1&resize=350%2C200 1x, https:\/\/i0.wp.com\/www.shqiperia.com\/blog\/wp-content\/uploads\/2021\/06\/800-0-60c363d0a147d.jpg?fit=800%2C368&ssl=1&resize=525%2C300 1.5x, https:\/\/i0.wp.com\/www.shqiperia.com\/blog\/wp-content\/uploads\/2021\/06\/800-0-60c363d0a147d.jpg?fit=800%2C368&ssl=1&resize=700%2C400 2x"},"classes":[]},{"id":52890,"url":"https:\/\/www.shqiperia.com\/blog\/basha-sot-e-ndihmoi-berishen-spartak-ngjela-zbulon-cfare-ndodhi-ne-seline-blu-zheji-ben-parashikimin-e-rendesishem-nese-deri-ne-oren\/","url_meta":{"origin":52331,"position":2},"title":"\u201cBasha sot e ndihmoi Berish\u00ebn\u201d, Spartak Ngjela zbulon \u00e7far\u00eb ndodhi n\u00eb selin\u00eb blu, Zheji b\u00ebn parashikimin e r\u00ebnd\u00ebsish\u00ebm: N\u00ebse deri n\u00eb or\u00ebn&#8230;","author":"Kurt Farka","date":"January 5, 2022","format":false,"excerpt":"\u201cBasha sot e ndihmoi Berish\u00ebn\u201d, Spartak Ngjela zbulon \u00e7far\u00eb ndodhi n\u00eb selin\u00eb blu, Zheji b\u00ebn parashikimin e r\u00ebnd\u00ebsish\u00ebm: N\u00ebse deri n\u00eb or\u00ebn... 5 JANAR 2022 Avokati Spartak Ngjela dhe analisti Artur Zheji komentuan sot n\u00eb emisionin \u2018Pikat mbi i\u2019 p\u00ebrplasjet brenda PD-s\u00eb. Sipas avokatit Ngjela, ish-kryeministri Sali Berisha \u00ebsht\u00eb i\u2026","rel":"","context":"In &quot;Blogu i Udh\u00ebtarit&quot;","block_context":{"text":"Blogu i Udh\u00ebtarit","link":"https:\/\/www.shqiperia.com\/blog\/category\/blogu-i-udhetarit\/"},"img":{"alt_text":"","src":"https:\/\/i0.wp.com\/www.shqiperia.com\/blog\/wp-content\/uploads\/2022\/01\/800-0-61d5a27cba6c0-300x162.png?resize=350%2C200&ssl=1","width":350,"height":200,"srcset":"https:\/\/i0.wp.com\/www.shqiperia.com\/blog\/wp-content\/uploads\/2022\/01\/800-0-61d5a27cba6c0-300x162.png?resize=350%2C200&ssl=1 1x, https:\/\/i0.wp.com\/www.shqiperia.com\/blog\/wp-content\/uploads\/2022\/01\/800-0-61d5a27cba6c0-300x162.png?resize=525%2C300&ssl=1 1.5x"},"classes":[]},{"id":51628,"url":"https:\/\/www.shqiperia.com\/blog\/sondazhi-i-noto-s-rtv-ora-hoxha-kundershtia-ndaj-bashes-ne-shifra-alarmante-mbi-80-e-votuesve-pro-berishes\/","url_meta":{"origin":52331,"position":3},"title":"Sondazhi i Noto-s &amp; RTV Ora\/ Hoxha: &#8211; Kund\u00ebrshtia ndaj Bash\u00ebs n\u00eb shifra alarmante, mbi 80% e votuesve pro Berish\u00ebs","author":"Kurt Farka","date":"November 23, 2021","format":false,"excerpt":"Sondazhi i Noto-s & RTV Ora\/ Hoxha: - Kund\u00ebrshtia ndaj Bash\u00ebs n\u00eb shifra alarmante, mbi 80% e votuesve pro Berish\u00ebs 23 N\u00ebntor 2021 Gazetari Ervis Iljazaj dhe dhe analisti Artan Hoxha kan\u00eb komentuar sondazhin e RTV Ora Neto, sesa besim kan\u00eb shqiptar\u00ebt te ish-Kryeministri Sali Berisha dhe Kryedemokratit Lulzim Basha.\u2026","rel":"","context":"In &quot;Blogu i Udh\u00ebtarit&quot;","block_context":{"text":"Blogu i Udh\u00ebtarit","link":"https:\/\/www.shqiperia.com\/blog\/category\/blogu-i-udhetarit\/"},"img":{"alt_text":"","src":"https:\/\/i0.wp.com\/www.shqiperia.com\/blog\/wp-content\/uploads\/2021\/11\/Berisha-Basha-1.jpg?fit=640%2C379&ssl=1&resize=350%2C200","width":350,"height":200,"srcset":"https:\/\/i0.wp.com\/www.shqiperia.com\/blog\/wp-content\/uploads\/2021\/11\/Berisha-Basha-1.jpg?fit=640%2C379&ssl=1&resize=350%2C200 1x, https:\/\/i0.wp.com\/www.shqiperia.com\/blog\/wp-content\/uploads\/2021\/11\/Berisha-Basha-1.jpg?fit=640%2C379&ssl=1&resize=525%2C300 1.5x"},"classes":[]},{"id":6599,"url":"https:\/\/www.shqiperia.com\/blog\/topalli-basha-nje-rrogetar-i-rames-duhet-rrezuar\/","url_meta":{"origin":52331,"position":4},"title":"Topalli: Basha, nj\u00eb rrog\u00ebtar i Ram\u00ebs. Duhet rr\u00ebzuar. &#8211;","author":"Kurt Farka","date":"April 18, 2018","format":false,"excerpt":"\u201cT\u00eb sqarohet \u00e7far\u00eb do t\u00eb thot\u00eb mosbindje civile, se nuk shkon; pjes\u00ebmarrja n\u00eb Parlament dhe mosbindja civile bashk\u00eb. Pas ndryshimeve statutore q\u00eb pritet t\u00eb miratohen n\u00eb Kuvendin Komb\u00ebtar t\u00eb fund Prillit, ish-n\u00ebnkryetarja e Partis\u00eb Demokratike, Jozefina Topalli sheh fars\u00ebn e radh\u00ebs s\u00eb Lulzim Bash\u00ebs, p\u00ebr t\u00eb mbajtur karrigen e kryetarit.\u2026","rel":"","context":"In &quot;Politika&quot;","block_context":{"text":"Politika","link":"https:\/\/www.shqiperia.com\/blog\/category\/politika\/"},"img":{"alt_text":"","src":"https:\/\/i0.wp.com\/www.shqiperia.com\/blog\/wp-content\/uploads\/2018\/04\/Jozefina-Topalli.png?fit=500%2C386&ssl=1&resize=350%2C200","width":350,"height":200},"classes":[]},{"id":51186,"url":"https:\/\/www.shqiperia.com\/blog\/foltorja-e-berishes-ish-ministri-gjallerimi-i-fuqishem-i-opozites-basha-duhet-te-kishte-dhene-doreheqjen\/","url_meta":{"origin":52331,"position":5},"title":"\u2018Foltorja\u2019 e Berish\u00ebs, ish-ministri: &#8211; Gjall\u00ebrimi i fuqish\u00ebm i opozit\u00ebs, Basha duhet t\u00eb kishte dh\u00ebn\u00eb dor\u00ebheqjen","author":"Kurt Farka","date":"November 8, 2021","format":false,"excerpt":"\u2018Foltorja\u2019 e Berish\u00ebs, ish-ministri: Gjall\u00ebrimi i fuqish\u00ebm i opozit\u00ebs, Basha duhet t\u00eb kishte dh\u00ebn\u00eb dor\u00ebheqjen 8 N\u00cbNTOR 2021 Arian Starova, ish-minist\u00ebr i Pun\u00ebve t\u00eb Jashtme t\u00eb Shqip\u00ebris\u00eb u shpreh se Foltorja \u00ebsht\u00eb nj\u00eb gjall\u00ebrim i fuqish\u00ebm i nd\u00ebrmarr\u00eb nga ish-kryeministri Berisha p\u00ebr opozit\u00ebn. Ai theksoi se \u00ebsht\u00eb gj\u00ebja m\u00eb qesharake\u2026","rel":"","context":"In &quot;Blogu i Udh\u00ebtarit&quot;","block_context":{"text":"Blogu i Udh\u00ebtarit","link":"https:\/\/www.shqiperia.com\/blog\/category\/blogu-i-udhetarit\/"},"img":{"alt_text":"","src":"https:\/\/i0.wp.com\/www.shqiperia.com\/blog\/wp-content\/uploads\/2021\/11\/800-0-61893dd54ab52.jpg?fit=800%2C451&ssl=1&resize=350%2C200","width":350,"height":200,"srcset":"https:\/\/i0.wp.com\/www.shqiperia.com\/blog\/wp-content\/uploads\/2021\/11\/800-0-61893dd54ab52.jpg?fit=800%2C451&ssl=1&resize=350%2C200 1x, https:\/\/i0.wp.com\/www.shqiperia.com\/blog\/wp-content\/uploads\/2021\/11\/800-0-61893dd54ab52.jpg?fit=800%2C451&ssl=1&resize=525%2C300 1.5x, https:\/\/i0.wp.com\/www.shqiperia.com\/blog\/wp-content\/uploads\/2021\/11\/800-0-61893dd54ab52.jpg?fit=800%2C451&ssl=1&resize=700%2C400 2x"},"classes":[]}],"_links":{"self":[{"href":"https:\/\/www.shqiperia.com\/blog\/wp-json\/wp\/v2\/posts\/52331","targetHints":{"allow":["GET"]}}],"collection":[{"href":"https:\/\/www.shqiperia.com\/blog\/wp-json\/wp\/v2\/posts"}],"about":[{"href":"https:\/\/www.shqiperia.com\/blog\/wp-json\/wp\/v2\/types\/post"}],"author":[{"embeddable":true,"href":"https:\/\/www.shqiperia.com\/blog\/wp-json\/wp\/v2\/users\/9"}],"replies":[{"embeddable":true,"href":"https:\/\/www.shqiperia.com\/blog\/wp-json\/wp\/v2\/comments?post=52331"}],"version-history":[{"count":1,"href":"https:\/\/www.shqiperia.com\/blog\/wp-json\/wp\/v2\/posts\/52331\/revisions"}],"predecessor-version":[{"id":52333,"href":"https:\/\/www.shqiperia.com\/blog\/wp-json\/wp\/v2\/posts\/52331\/revisions\/52333"}],"wp:featuredmedia":[{"embeddable":true,"href":"https:\/\/www.shqiperia.com\/blog\/wp-json\/wp\/v2\/media\/52332"}],"wp:attachment":[{"href":"https:\/\/www.shqiperia.com\/blog\/wp-json\/wp\/v2\/media?parent=52331"}],"wp:term":[{"taxonomy":"category","embeddable":true,"href":"https:\/\/www.shqiperia.com\/blog\/wp-json\/wp\/v2\/categories?post=52331"},{"taxonomy":"post_tag","embeddable":true,"href":"https:\/\/www.shqiperia.com\/blog\/wp-json\/wp\/v2\/tags?post=52331"}],"curies":[{"name":"wp","href":"https:\/\/api.w.org\/{rel}","templated":true}]}}