{"id":52328,"date":"2021-12-13T16:09:05","date_gmt":"2021-12-13T16:09:05","guid":{"rendered":"https:\/\/www.shqiperia.com\/blog\/?p=52328"},"modified":"2021-12-13T16:09:05","modified_gmt":"2021-12-13T16:09:05","slug":"arber-brahaj-qytetaret-e-shohin-si-nje-prej-formave-me-te-mira-per-te-investuar-tregu-i-qirase-rriti-blerjet-e-apartamenteve","status":"publish","type":"post","link":"https:\/\/www.shqiperia.com\/blog\/arber-brahaj-qytetaret-e-shohin-si-nje-prej-formave-me-te-mira-per-te-investuar-tregu-i-qirase-rriti-blerjet-e-apartamenteve\/","title":{"rendered":"Arb\u00ebr Brahaj: Qytetar\u00ebt e shohin si nj\u00eb prej formave m\u00eb t\u00eb mira p\u00ebr t\u00eb investuar. &#8211; Tregu i qiras\u00eb rriti blerjet e apartamenteve"},"content":{"rendered":"<p><img data-recalc-dims=\"1\" loading=\"lazy\" decoding=\"async\" data-attachment-id=\"52329\" data-permalink=\"https:\/\/www.shqiperia.com\/blog\/arber-brahaj-qytetaret-e-shohin-si-nje-prej-formave-me-te-mira-per-te-investuar-tregu-i-qirase-rriti-blerjet-e-apartamenteve\/foto-ilustruese-11\/\" data-orig-file=\"https:\/\/i0.wp.com\/www.shqiperia.com\/blog\/wp-content\/uploads\/2021\/12\/Foto-ilustruese.jpg?fit=765%2C383&amp;ssl=1\" data-orig-size=\"765,383\" data-comments-opened=\"1\" data-image-meta=\"{&quot;aperture&quot;:&quot;0&quot;,&quot;credit&quot;:&quot;&quot;,&quot;camera&quot;:&quot;&quot;,&quot;caption&quot;:&quot;&quot;,&quot;created_timestamp&quot;:&quot;0&quot;,&quot;copyright&quot;:&quot;&quot;,&quot;focal_length&quot;:&quot;0&quot;,&quot;iso&quot;:&quot;0&quot;,&quot;shutter_speed&quot;:&quot;0&quot;,&quot;title&quot;:&quot;&quot;,&quot;orientation&quot;:&quot;0&quot;}\" data-image-title=\"Foto ilustruese\" data-image-description=\"\" data-image-caption=\"\" data-medium-file=\"https:\/\/i0.wp.com\/www.shqiperia.com\/blog\/wp-content\/uploads\/2021\/12\/Foto-ilustruese.jpg?fit=300%2C150&amp;ssl=1\" data-large-file=\"https:\/\/i0.wp.com\/www.shqiperia.com\/blog\/wp-content\/uploads\/2021\/12\/Foto-ilustruese.jpg?fit=765%2C383&amp;ssl=1\" class=\"alignnone  wp-image-52329\" alt=\"\" src=\"https:\/\/i0.wp.com\/www.shqiperia.com\/blog\/wp-content\/uploads\/2021\/12\/Foto-ilustruese.jpg?resize=522%2C261&#038;ssl=1\" width=\"522\" height=\"261\" srcset=\"https:\/\/i0.wp.com\/www.shqiperia.com\/blog\/wp-content\/uploads\/2021\/12\/Foto-ilustruese.jpg?resize=300%2C150&amp;ssl=1 300w, https:\/\/i0.wp.com\/www.shqiperia.com\/blog\/wp-content\/uploads\/2021\/12\/Foto-ilustruese.jpg?resize=450%2C225&amp;ssl=1 450w, https:\/\/i0.wp.com\/www.shqiperia.com\/blog\/wp-content\/uploads\/2021\/12\/Foto-ilustruese.jpg?resize=600%2C300&amp;ssl=1 600w, https:\/\/i0.wp.com\/www.shqiperia.com\/blog\/wp-content\/uploads\/2021\/12\/Foto-ilustruese.jpg?resize=400%2C200&amp;ssl=1 400w, https:\/\/i0.wp.com\/www.shqiperia.com\/blog\/wp-content\/uploads\/2021\/12\/Foto-ilustruese.jpg?w=765&amp;ssl=1 765w\" sizes=\"auto, (max-width: 522px) 100vw, 522px\" \/><\/p>\n<p>Arb\u00ebr Brahaj: Qytetar\u00ebt e shohin si nj\u00eb prej formave m\u00eb t\u00eb mira p\u00ebr t\u00eb investuar. Tregu i qiras\u00eb rriti blerjet e apartamenteve<\/p>\n<p>&#8211; 12\/12\/2021<\/p>\n<p>I ftuar n\u00eb Emisionin Vetting.al, Eksperti i pasurive t\u00eb paluajtshme Arb\u00ebr Brahaj tregu n\u00eb rritje i qiras\u00eb n\u00eb kryeqytet, por jo vet\u00ebm, ka ndikuar ndjesh\u00ebm n\u00eb shtimin e k\u00ebrkes\u00ebs p\u00ebr blerje apartamentesh t\u00eb reja si dhe n\u00eb \u00e7mimin e tyre. Sipas tij, qytetar\u00ebt e shohin si nj\u00eb form\u00eb t\u00eb mir\u00eb p\u00ebr t\u00eb investuar p\u00ebr shkak t\u00eb t\u00eb ardhurave t\u00eb larta q\u00eb siguron tregu i qiras\u00eb<\/p>\n<p>Tregu n\u00eb rritje i qiras\u00eb n\u00eb kryeqytet ka ndikuar ndjesh\u00ebm n\u00eb shtimin e k\u00ebrkes\u00ebs p\u00ebr blerje apartamentesh t\u00eb reja si dhe n\u00eb \u00e7mimin e tyre. Eksperti i pasurive t\u00eb paluajtshme Arb\u00ebr Brahaj sqaron n\u00eb nj\u00eb intervist\u00eb p\u00ebr emisionin Vetting.al se qytetar\u00ebt i shohin si nj\u00eb prej formave m\u00eb t\u00eb mira t\u00eb investimit p\u00ebr shkak t\u00eb k\u00ebrkes\u00ebs s\u00eb lart\u00eb p\u00ebr qiramarrje n\u00eb Tiran\u00eb.<\/p>\n<p>Rritjen e \u00e7mimeve t\u00eb apartamenteve n\u00eb kryqytet, Brahaj e sheh si nj\u00eb zhvillim t\u00eb natyrsh\u00ebm t\u00eb tregut, i ndikuar kryesish nga shtimi i kostove t\u00eb nd\u00ebrtimit.<\/p>\n<p>Nga: Lorenc Rabeta \/ SCAN<\/p>\n","protected":false},"excerpt":{"rendered":"<p>Arb\u00ebr Brahaj: Qytetar\u00ebt e shohin si nj\u00eb prej formave m\u00eb t\u00eb mira p\u00ebr t\u00eb investuar. Tregu i qiras\u00eb rriti blerjet e apartamenteve &#8211; 12\/12\/2021 I ftuar n\u00eb Emisionin Vetting.al, Eksperti i pasurive t\u00eb paluajtshme Arb\u00ebr Brahaj tregu n\u00eb rritje i qiras\u00eb n\u00eb kryeqytet, por jo vet\u00ebm, ka ndikuar ndjesh\u00ebm n\u00eb shtimin e k\u00ebrkes\u00ebs p\u00ebr blerje [&hellip;]<\/p>\n","protected":false},"author":9,"featured_media":52329,"comment_status":"open","ping_status":"open","sticky":false,"template":"","format":"standard","meta":{"jetpack_post_was_ever_published":false,"_jetpack_newsletter_access":"","_jetpack_dont_email_post_to_subs":false,"_jetpack_newsletter_tier_id":0,"_jetpack_memberships_contains_paywalled_content":false,"_jetpack_memberships_contains_paid_content":false,"footnotes":"","jetpack_publicize_message":"","jetpack_publicize_feature_enabled":true,"jetpack_social_post_already_shared":true,"jetpack_social_options":{"image_generator_settings":{"template":"highway","default_image_id":0,"font":"","enabled":false},"version":2}},"categories":[27,35],"tags":[],"class_list":["post-52328","post","type-post","status-publish","format-standard","has-post-thumbnail","hentry","category-blogu-i-udhetarit","category-shoqerore"],"jetpack_publicize_connections":[],"jetpack_featured_media_url":"https:\/\/i0.wp.com\/www.shqiperia.com\/blog\/wp-content\/uploads\/2021\/12\/Foto-ilustruese.jpg?fit=765%2C383&ssl=1","jetpack_sharing_enabled":true,"jetpack_shortlink":"https:\/\/wp.me\/p5Z6wp-dC0","jetpack-related-posts":[{"id":54097,"url":"https:\/\/www.shqiperia.com\/blog\/arber-brahaj-ekspert-i-pasurive-te-paluajtshme-qirate-e-apartamenteve-ne-tirane-jane-rritur-deri-20\/","url_meta":{"origin":52328,"position":0},"title":"Arber Brahaj Ekspert i Pasurive t\u00eb Paluajtshme: &#8211; Qirat\u00eb e apartamenteve n\u00eb Tiran\u00eb jan\u00eb rritur deri 20%,","author":"Kurt Farka","date":"February 16, 2022","format":false,"excerpt":"Arber Brahaj Ekspert i Pasurive t\u00eb Paluajtshme: - Qirat\u00eb e apartamenteve n\u00eb Tiran\u00eb jan\u00eb rritur deri 20%, 16 Shkurt 2022 T\u00eb gjesh sht\u00ebpi me qira ekonomike n\u00eb Tiran\u00eb \u00ebsht\u00eb e pamundur dhe sipas ekspert\u00ebve t\u00eb pasurive t\u00eb paluajtshme shtrenjtimi deri n\u00eb 20 % m\u00eb shum\u00eb ka ndodhur p\u00ebr shkak t\u00eb\u2026","rel":"","context":"In &quot;Blogu i Udh\u00ebtarit&quot;","block_context":{"text":"Blogu i Udh\u00ebtarit","link":"https:\/\/www.shqiperia.com\/blog\/category\/blogu-i-udhetarit\/"},"img":{"alt_text":"","src":"https:\/\/i0.wp.com\/www.shqiperia.com\/blog\/wp-content\/uploads\/2022\/02\/Arber-Brahaj-eksperti-i-pasurive-te-paluajtshme.jpg?fit=747%2C397&ssl=1&resize=350%2C200","width":350,"height":200,"srcset":"https:\/\/i0.wp.com\/www.shqiperia.com\/blog\/wp-content\/uploads\/2022\/02\/Arber-Brahaj-eksperti-i-pasurive-te-paluajtshme.jpg?fit=747%2C397&ssl=1&resize=350%2C200 1x, https:\/\/i0.wp.com\/www.shqiperia.com\/blog\/wp-content\/uploads\/2022\/02\/Arber-Brahaj-eksperti-i-pasurive-te-paluajtshme.jpg?fit=747%2C397&ssl=1&resize=525%2C300 1.5x, https:\/\/i0.wp.com\/www.shqiperia.com\/blog\/wp-content\/uploads\/2022\/02\/Arber-Brahaj-eksperti-i-pasurive-te-paluajtshme.jpg?fit=747%2C397&ssl=1&resize=700%2C400 2x"},"classes":[]},{"id":81148,"url":"https:\/\/www.shqiperia.com\/blog\/projektligji-i-ri-per-rivleresimin-e-pronave-a-do-te-rriten-cmimet-e-apartamenteve-ne-tirane\/","url_meta":{"origin":52328,"position":1},"title":"Projektligji i ri p\u00ebr rivler\u00ebsimin e pronave: &#8211; A do t\u00eb rriten \u00e7mimet e apartamenteve n\u00eb Tiran\u00eb?","author":"Kurt Farka","date":"May 18, 2024","format":false,"excerpt":"18 Maji 2024 Nj\u00eb rivler\u00ebsim tjet\u00ebr i pronave, por me nj\u00eb norm\u00eb tatimi 5-fish m\u00eb t\u00eb vog\u00ebl ka ngritur aludimet e nj\u00eb l\u00ebvizje t\u00eb mundshme t\u00eb \u00e7mimeve p\u00ebr tregun e pasurive t\u00eb paluajtshme. Ekspert\u00ebt e tregut imobiliar\u00eb tregojn\u00eb se ky proces mund t\u00eb prek vet\u00ebm nj\u00eb kategori apartamentesh. \u201cNe mendojm\u00eb\u2026","rel":"","context":"In &quot;Blogu i Udh\u00ebtarit&quot;","block_context":{"text":"Blogu i Udh\u00ebtarit","link":"https:\/\/www.shqiperia.com\/blog\/category\/blogu-i-udhetarit\/"},"img":{"alt_text":"","src":"https:\/\/i0.wp.com\/www.shqiperia.com\/blog\/wp-content\/uploads\/2024\/05\/IMG_0306-jpeg.jpg?fit=672%2C375&ssl=1&resize=350%2C200","width":350,"height":200,"srcset":"https:\/\/i0.wp.com\/www.shqiperia.com\/blog\/wp-content\/uploads\/2024\/05\/IMG_0306-jpeg.jpg?fit=672%2C375&ssl=1&resize=350%2C200 1x, https:\/\/i0.wp.com\/www.shqiperia.com\/blog\/wp-content\/uploads\/2024\/05\/IMG_0306-jpeg.jpg?fit=672%2C375&ssl=1&resize=525%2C300 1.5x"},"classes":[]},{"id":70120,"url":"https:\/\/www.shqiperia.com\/blog\/a-eshte-2023-nje-kohe-e-mire-per-te-investuar-ne-pasuri-te-paluajtshme\/","url_meta":{"origin":52328,"position":2},"title":"A \u00ebsht\u00eb 2023 nj\u00eb koh\u00eb e mir\u00eb p\u00ebr t\u00eb investuar n\u00eb pasuri t\u00eb paluajtshme?!","author":"Kurt Farka","date":"March 26, 2023","format":false,"excerpt":"26 Mars 2023 Investimi n\u00eb pasuri t\u00eb paluajtshme mund t\u00eb jet\u00eb nj\u00eb metod\u00eb e shk\u00eblqyer p\u00ebr t\u00eb nd\u00ebrtuar shum\u00eb pasuri pik\u00ebrisht tani n\u00eb vitin 2023. Mendoni p\u00ebr pasurit\u00eb e paluajtshme si nj\u00eb investim afatgjat\u00eb pasi tregu i banesave \u00ebsht\u00eb aktualisht jasht\u00eb kontrollit. Jo vet\u00ebm q\u00eb \u00e7mimet e pronave po rriten\u2026","rel":"","context":"In &quot;Blogu i Udh\u00ebtarit&quot;","block_context":{"text":"Blogu i Udh\u00ebtarit","link":"https:\/\/www.shqiperia.com\/blog\/category\/blogu-i-udhetarit\/"},"img":{"alt_text":"","src":"https:\/\/i0.wp.com\/www.shqiperia.com\/blog\/wp-content\/uploads\/2023\/03\/shtepi-scaled-e1675259325443-765x383-1.jpg?fit=765%2C383&ssl=1&resize=350%2C200","width":350,"height":200,"srcset":"https:\/\/i0.wp.com\/www.shqiperia.com\/blog\/wp-content\/uploads\/2023\/03\/shtepi-scaled-e1675259325443-765x383-1.jpg?fit=765%2C383&ssl=1&resize=350%2C200 1x, https:\/\/i0.wp.com\/www.shqiperia.com\/blog\/wp-content\/uploads\/2023\/03\/shtepi-scaled-e1675259325443-765x383-1.jpg?fit=765%2C383&ssl=1&resize=525%2C300 1.5x, https:\/\/i0.wp.com\/www.shqiperia.com\/blog\/wp-content\/uploads\/2023\/03\/shtepi-scaled-e1675259325443-765x383-1.jpg?fit=765%2C383&ssl=1&resize=700%2C400 2x"},"classes":[]},{"id":48321,"url":"https:\/\/www.shqiperia.com\/blog\/qe-nga-muaj-maji-i-ketij-viti-20-deputete-kane-hequr-dore-ne-menyre-te-befasishme-nga-perfitimi-i-rimbursimit-te-qirase-deputetet-kishin-paraqitur-kontrata-sikur-jetonin-me-qira-ne-tirane-pasi-moren\/","url_meta":{"origin":52328,"position":3},"title":"Q\u00eb nga muaj maji i k\u00ebtij viti 20 deputet\u00eb kan\u00eb hequr dor\u00eb n\u00eb m\u00ebnyr\u00eb t\u00eb befasishme nga p\u00ebrfitimi i rimbursimit t\u00eb qiras\u00eb. Deputet\u00ebt kishin paraqitur kontrata sikur jetonin me qira n\u00eb Tiran\u00eb pasi mor\u00ebn mandatin. Disa prej tyre kan\u00eb banuar n\u00eb kryeqytet para se t\u00eb b\u00ebheshin pjes\u00eb e Kuvendit. Kishin n\u00eb pron\u00ebsi disa pasuri t\u00eb paluajtshme","author":"Kurt Farka","date":"July 7, 2021","format":false,"excerpt":"Q\u00eb nga muaj maji i k\u00ebtij viti 20 deputet\u00eb kan\u00eb hequr dor\u00eb n\u00eb m\u00ebnyr\u00eb t\u00eb befasishme nga p\u00ebrfitimi i rimbursimit t\u00eb qiras\u00eb. Deputet\u00ebt kishin paraqitur kontrata sikur jetonin me qira n\u00eb Tiran\u00eb pasi mor\u00ebn mandatin. Disa prej tyre kan\u00eb banuar n\u00eb kryeqytet para se t\u00eb b\u00ebheshin pjes\u00eb e Kuvendit. Kishin\u2026","rel":"","context":"In &quot;Blogu i Udh\u00ebtarit&quot;","block_context":{"text":"Blogu i Udh\u00ebtarit","link":"https:\/\/www.shqiperia.com\/blog\/category\/blogu-i-udhetarit\/"},"img":{"alt_text":"","src":"https:\/\/i0.wp.com\/www.shqiperia.com\/blog\/wp-content\/uploads\/2021\/07\/1625584851_Screenshot1.jpg?fit=780%2C440&ssl=1&resize=350%2C200","width":350,"height":200,"srcset":"https:\/\/i0.wp.com\/www.shqiperia.com\/blog\/wp-content\/uploads\/2021\/07\/1625584851_Screenshot1.jpg?fit=780%2C440&ssl=1&resize=350%2C200 1x, https:\/\/i0.wp.com\/www.shqiperia.com\/blog\/wp-content\/uploads\/2021\/07\/1625584851_Screenshot1.jpg?fit=780%2C440&ssl=1&resize=525%2C300 1.5x, https:\/\/i0.wp.com\/www.shqiperia.com\/blog\/wp-content\/uploads\/2021\/07\/1625584851_Screenshot1.jpg?fit=780%2C440&ssl=1&resize=700%2C400 2x"},"classes":[]},{"id":96239,"url":"https:\/\/www.shqiperia.com\/blog\/merr-fund-epoka-e-qirave-te-lira-arsyet-e-shtrenjtimit-sa-shume-duhet-te-paguani-ne-nje-muaj\/","url_meta":{"origin":52328,"position":4},"title":"Merr fund epoka e qirave t\u00eb lira, arsyet e shtrenjtimit, sa (shum\u00eb) duhet t\u00eb paguani n\u00eb nj\u00eb muaj","author":"Kurt Farka","date":"January 1, 2026","format":false,"excerpt":"1 Janar 2025 Qirat\u00eb ishin grupi me rritjen m\u00eb t\u00eb lart\u00eb t\u00eb \u00e7mimeve n\u00eb muajin n\u00ebntor 2025, me 6.7 p\u00ebr qind duke forcuar m\u00eb tej tendenc\u00ebn q\u00eb nisi nga vera e k\u00ebtij viti. Ato ishin\u00a0 p\u00ebrb\u00ebr\u00ebsi kryesor i inflacionit n\u00eb n\u00ebntor, duke zhvendosur ushqimet. T\u00eb dh\u00ebnat zyrtare t\u00eb INSTAT tregojn\u00eb\u2026","rel":"","context":"In &quot;Blogu i Udh\u00ebtarit&quot;","block_context":{"text":"Blogu i Udh\u00ebtarit","link":"https:\/\/www.shqiperia.com\/blog\/category\/blogu-i-udhetarit\/"},"img":{"alt_text":"","src":"https:\/\/i0.wp.com\/www.shqiperia.com\/blog\/wp-content\/uploads\/2026\/01\/Apartament-shtepi-me-qira-1-1186.jpg?fit=1181%2C886&ssl=1&resize=350%2C200","width":350,"height":200,"srcset":"https:\/\/i0.wp.com\/www.shqiperia.com\/blog\/wp-content\/uploads\/2026\/01\/Apartament-shtepi-me-qira-1-1186.jpg?fit=1181%2C886&ssl=1&resize=350%2C200 1x, https:\/\/i0.wp.com\/www.shqiperia.com\/blog\/wp-content\/uploads\/2026\/01\/Apartament-shtepi-me-qira-1-1186.jpg?fit=1181%2C886&ssl=1&resize=525%2C300 1.5x, https:\/\/i0.wp.com\/www.shqiperia.com\/blog\/wp-content\/uploads\/2026\/01\/Apartament-shtepi-me-qira-1-1186.jpg?fit=1181%2C886&ssl=1&resize=700%2C400 2x, https:\/\/i0.wp.com\/www.shqiperia.com\/blog\/wp-content\/uploads\/2026\/01\/Apartament-shtepi-me-qira-1-1186.jpg?fit=1181%2C886&ssl=1&resize=1050%2C600 3x"},"classes":[]},{"id":78823,"url":"https:\/\/www.shqiperia.com\/blog\/cmimet-e-apartamenteve-ne-kryeqytet-shtrenjtohen-deri-ne-30-brenda-nje-viti-kryeson-periferia\/","url_meta":{"origin":52328,"position":5},"title":"\u00c7mimet e apartamenteve n\u00eb kryeqytet shtrenjtohen deri n\u00eb 30% brenda nj\u00eb viti, kryeson periferia","author":"Kurt Farka","date":"March 3, 2024","format":false,"excerpt":"3 Shkurt 2024 \u00c7mimet e apartamenteve n\u00eb Tiran\u00eb vet\u00ebm po shtrenjtohen. Nga v\u00ebzhgimi i \u201cMonitor\u201d n\u00eb terren, \u00e7mimet n\u00eb periferi jan\u00eb mbi 1,000 euro p\u00ebr met\u00ebr katror dhe af\u00ebr qendr\u00ebs, mbi 2,000 euro met\u00ebr katror. Te banesat e zonave periferike \u00e7mimet jan\u00eb rritur me 11-31%. Af\u00ebr qendr\u00ebs, rritja shkon rreth\u2026","rel":"","context":"In &quot;Blogu i Udh\u00ebtarit&quot;","block_context":{"text":"Blogu i Udh\u00ebtarit","link":"https:\/\/www.shqiperia.com\/blog\/category\/blogu-i-udhetarit\/"},"img":{"alt_text":"","src":"https:\/\/i0.wp.com\/www.shqiperia.com\/blog\/wp-content\/uploads\/2024\/03\/640-0-f9a5cba646fe6cfa9af78525c59fca99.jpg?fit=640%2C407&ssl=1&resize=350%2C200","width":350,"height":200,"srcset":"https:\/\/i0.wp.com\/www.shqiperia.com\/blog\/wp-content\/uploads\/2024\/03\/640-0-f9a5cba646fe6cfa9af78525c59fca99.jpg?fit=640%2C407&ssl=1&resize=350%2C200 1x, https:\/\/i0.wp.com\/www.shqiperia.com\/blog\/wp-content\/uploads\/2024\/03\/640-0-f9a5cba646fe6cfa9af78525c59fca99.jpg?fit=640%2C407&ssl=1&resize=525%2C300 1.5x"},"classes":[]}],"_links":{"self":[{"href":"https:\/\/www.shqiperia.com\/blog\/wp-json\/wp\/v2\/posts\/52328","targetHints":{"allow":["GET"]}}],"collection":[{"href":"https:\/\/www.shqiperia.com\/blog\/wp-json\/wp\/v2\/posts"}],"about":[{"href":"https:\/\/www.shqiperia.com\/blog\/wp-json\/wp\/v2\/types\/post"}],"author":[{"embeddable":true,"href":"https:\/\/www.shqiperia.com\/blog\/wp-json\/wp\/v2\/users\/9"}],"replies":[{"embeddable":true,"href":"https:\/\/www.shqiperia.com\/blog\/wp-json\/wp\/v2\/comments?post=52328"}],"version-history":[{"count":1,"href":"https:\/\/www.shqiperia.com\/blog\/wp-json\/wp\/v2\/posts\/52328\/revisions"}],"predecessor-version":[{"id":52330,"href":"https:\/\/www.shqiperia.com\/blog\/wp-json\/wp\/v2\/posts\/52328\/revisions\/52330"}],"wp:featuredmedia":[{"embeddable":true,"href":"https:\/\/www.shqiperia.com\/blog\/wp-json\/wp\/v2\/media\/52329"}],"wp:attachment":[{"href":"https:\/\/www.shqiperia.com\/blog\/wp-json\/wp\/v2\/media?parent=52328"}],"wp:term":[{"taxonomy":"category","embeddable":true,"href":"https:\/\/www.shqiperia.com\/blog\/wp-json\/wp\/v2\/categories?post=52328"},{"taxonomy":"post_tag","embeddable":true,"href":"https:\/\/www.shqiperia.com\/blog\/wp-json\/wp\/v2\/tags?post=52328"}],"curies":[{"name":"wp","href":"https:\/\/api.w.org\/{rel}","templated":true}]}}