{"id":52325,"date":"2021-12-13T14:42:26","date_gmt":"2021-12-13T14:42:26","guid":{"rendered":"https:\/\/www.shqiperia.com\/blog\/?p=52325"},"modified":"2021-12-13T14:42:26","modified_gmt":"2021-12-13T14:42:26","slug":"lajm-i-fundit-ne-jemi-ne-shtepine-tone-berisha-jashte-selise-blu-edi-rama-do-te-dorezoje-pushtetin-sa-me-pare","status":"publish","type":"post","link":"https:\/\/www.shqiperia.com\/blog\/lajm-i-fundit-ne-jemi-ne-shtepine-tone-berisha-jashte-selise-blu-edi-rama-do-te-dorezoje-pushtetin-sa-me-pare\/","title":{"rendered":"LAJM I FUNDIT\/ \u201cNe jemi n\u00eb sht\u00ebpin\u00eb ton\u00eb\u201d. \u00a0Berisha jasht\u00eb selis\u00eb blu: &#8211; Edi Rama do t\u00eb dor\u00ebzoj\u00eb pushtetin sa m\u00eb par\u00eb"},"content":{"rendered":"<p><img data-recalc-dims=\"1\" loading=\"lazy\" decoding=\"async\" data-attachment-id=\"52326\" data-permalink=\"https:\/\/www.shqiperia.com\/blog\/lajm-i-fundit-ne-jemi-ne-shtepine-tone-berisha-jashte-selise-blu-edi-rama-do-te-dorezoje-pushtetin-sa-me-pare\/sali-berisha-ne-seline-e-pd\/\" data-orig-file=\"https:\/\/i0.wp.com\/www.shqiperia.com\/blog\/wp-content\/uploads\/2021\/12\/Sali-Berisha-ne-seline-e-PD..png?fit=819%2C537&amp;ssl=1\" data-orig-size=\"819,537\" data-comments-opened=\"1\" data-image-meta=\"{&quot;aperture&quot;:&quot;0&quot;,&quot;credit&quot;:&quot;&quot;,&quot;camera&quot;:&quot;&quot;,&quot;caption&quot;:&quot;&quot;,&quot;created_timestamp&quot;:&quot;0&quot;,&quot;copyright&quot;:&quot;&quot;,&quot;focal_length&quot;:&quot;0&quot;,&quot;iso&quot;:&quot;0&quot;,&quot;shutter_speed&quot;:&quot;0&quot;,&quot;title&quot;:&quot;&quot;,&quot;orientation&quot;:&quot;0&quot;}\" data-image-title=\"Sali Berisha ne seline e PD.\" data-image-description=\"\" data-image-caption=\"\" data-medium-file=\"https:\/\/i0.wp.com\/www.shqiperia.com\/blog\/wp-content\/uploads\/2021\/12\/Sali-Berisha-ne-seline-e-PD..png?fit=300%2C197&amp;ssl=1\" data-large-file=\"https:\/\/i0.wp.com\/www.shqiperia.com\/blog\/wp-content\/uploads\/2021\/12\/Sali-Berisha-ne-seline-e-PD..png?fit=819%2C537&amp;ssl=1\" class=\"alignnone  wp-image-52326\" alt=\"\" src=\"https:\/\/i0.wp.com\/www.shqiperia.com\/blog\/wp-content\/uploads\/2021\/12\/Sali-Berisha-ne-seline-e-PD..png?resize=608%2C399&#038;ssl=1\" width=\"608\" height=\"399\" srcset=\"https:\/\/i0.wp.com\/www.shqiperia.com\/blog\/wp-content\/uploads\/2021\/12\/Sali-Berisha-ne-seline-e-PD..png?resize=300%2C197&amp;ssl=1 300w, https:\/\/i0.wp.com\/www.shqiperia.com\/blog\/wp-content\/uploads\/2021\/12\/Sali-Berisha-ne-seline-e-PD..png?resize=768%2C504&amp;ssl=1 768w, https:\/\/i0.wp.com\/www.shqiperia.com\/blog\/wp-content\/uploads\/2021\/12\/Sali-Berisha-ne-seline-e-PD..png?resize=450%2C295&amp;ssl=1 450w, https:\/\/i0.wp.com\/www.shqiperia.com\/blog\/wp-content\/uploads\/2021\/12\/Sali-Berisha-ne-seline-e-PD..png?resize=600%2C393&amp;ssl=1 600w, https:\/\/i0.wp.com\/www.shqiperia.com\/blog\/wp-content\/uploads\/2021\/12\/Sali-Berisha-ne-seline-e-PD..png?resize=400%2C262&amp;ssl=1 400w, https:\/\/i0.wp.com\/www.shqiperia.com\/blog\/wp-content\/uploads\/2021\/12\/Sali-Berisha-ne-seline-e-PD..png?w=819&amp;ssl=1 819w\" sizes=\"auto, (max-width: 608px) 100vw, 608px\" \/><\/p>\n<p>LAJM I FUNDIT\/ \u201cNe jemi n\u00eb sht\u00ebpin\u00eb ton\u00eb\u201d. \u00a0Berisha jasht\u00eb selis\u00eb blu: &#8211; Edi Rama do t\u00eb dor\u00ebzoj\u00eb pushtetin sa m\u00eb par\u00eb<\/p>\n<p>13 Dhjetor 2021<\/p>\n<p>Ish-kryeministri Sali Berisha pasi doli nga selia blu, n\u00eb p\u00ebrfundim t\u00eb konferenc\u00ebs p\u00ebr mediat ka folur s\u00ebrish dhe tha se PD \u00ebsht\u00eb shnd\u00ebrruar k\u00ebt\u00eb dhjetor \u201cn\u00eb fuqin\u00eb m\u00eb t\u00eb madhe morale dhe s\u00eb shpejti t\u00eb gjithanshme t\u00eb k\u00ebtij vendi\u201d.<\/p>\n<p>Sipas Berish\u00ebs, Rama \u201cdo t\u00eb dor\u00ebzoj\u00eb pushtetin sa m\u00eb par\u00eb\u201d.<\/p>\n<p>\u201c\u00c7do demokrat e demokrate shqiptar\u00eb, t\u00eb cil\u00ebt e shnd\u00ebrruan k\u00ebt\u00eb dhjetor n\u00eb nj\u00eb dhjetor t\u00eb ri t\u00eb cil\u00ebt me vendosm\u00ebri guxim e trim\u00ebri e vizion rithemeluan PD, e shnd\u00ebrruan at\u00eb sot n\u00eb fuqin\u00eb m\u00eb t\u00eb madhe morale dhe s\u00eb shpejti t\u00eb gjithanshme t\u00eb k\u00ebtij vendi.<\/p>\n<p>Mbyllni p\u00ebr nj\u00eb \u00e7ast syt\u00eb imagjinoni forc\u00ebn tjet\u00ebr politke t\u00eb Edi Ram\u00ebs q\u00eb \u00ebsht\u00eb mykur, \u00ebsht\u00eb mylkur nga kamb\u00ebt tek koka, padiskutim do t\u00eb dor\u00ebzoj\u00eb pushtetin sa m\u00eb par\u00eb\u201d, tha Berisha.<\/p>\n<p>Pyetje: A do ket\u00eb presion p\u00ebr t\u00eb votuar m\u00eb 18 dhjetor?<\/p>\n<p>Berisha: Asnj\u00eb presion, s\u2019ka presion n\u00eb familjen demokrate ne jemi n\u00eb asnj\u00eb m\u00ebnyr\u00eb. P\u00ebrkundrazi jan\u00eb t\u00eb ftuar t\u00eb gjith\u00eb t\u00eb vijn\u00eb por s\u2019ka presione e ska pasur kurr\u00eb ndaj asnj\u00eb njeriu.<\/p>\n<p>\u201cNe jemi n\u00eb sht\u00ebpin\u00eb ton\u00eb, kur je n\u00eb sht\u00ebpin\u00eb t\u00ebnde, s\u2019ke ngut!\u201d, shtoi Berisha p\u00ebr mediat.<\/p>\n<p>Gazeta Panorama<\/p>\n","protected":false},"excerpt":{"rendered":"<p>LAJM I FUNDIT\/ \u201cNe jemi n\u00eb sht\u00ebpin\u00eb ton\u00eb\u201d. \u00a0Berisha jasht\u00eb selis\u00eb blu: &#8211; Edi Rama do t\u00eb dor\u00ebzoj\u00eb pushtetin sa m\u00eb par\u00eb 13 Dhjetor 2021 Ish-kryeministri Sali Berisha pasi doli nga selia blu, n\u00eb p\u00ebrfundim t\u00eb konferenc\u00ebs p\u00ebr mediat ka folur s\u00ebrish dhe tha se PD \u00ebsht\u00eb shnd\u00ebrruar k\u00ebt\u00eb dhjetor \u201cn\u00eb fuqin\u00eb m\u00eb t\u00eb madhe [&hellip;]<\/p>\n","protected":false},"author":9,"featured_media":52326,"comment_status":"open","ping_status":"open","sticky":false,"template":"","format":"standard","meta":{"jetpack_post_was_ever_published":false,"_jetpack_newsletter_access":"","_jetpack_dont_email_post_to_subs":false,"_jetpack_newsletter_tier_id":0,"_jetpack_memberships_contains_paywalled_content":false,"_jetpack_memberships_contains_paid_content":false,"footnotes":"","jetpack_publicize_message":"","jetpack_publicize_feature_enabled":true,"jetpack_social_post_already_shared":true,"jetpack_social_options":{"image_generator_settings":{"template":"highway","default_image_id":0,"font":"","enabled":false},"version":2}},"categories":[27,2,35],"tags":[],"class_list":["post-52325","post","type-post","status-publish","format-standard","has-post-thumbnail","hentry","category-blogu-i-udhetarit","category-politika","category-shoqerore"],"jetpack_publicize_connections":[],"jetpack_featured_media_url":"https:\/\/i0.wp.com\/www.shqiperia.com\/blog\/wp-content\/uploads\/2021\/12\/Sali-Berisha-ne-seline-e-PD..png?fit=819%2C537&ssl=1","jetpack_sharing_enabled":true,"jetpack_shortlink":"https:\/\/wp.me\/p5Z6wp-dBX","jetpack-related-posts":[{"id":52953,"url":"https:\/\/www.shqiperia.com\/blog\/sali-berisha-niset-drejt-selise-blu-thirrje-demokrateve-ruani-gjakftohtesine\/","url_meta":{"origin":52325,"position":0},"title":"Sali Berisha niset drejt selis\u00eb blu, thirrje demokrat\u00ebve: Ruani gjakftoht\u00ebsin\u00eb!","author":"Kurt Farka","date":"January 8, 2022","format":false,"excerpt":"Sali Berisha niset drejt selis\u00eb blu, thirrje demokrat\u00ebve: Ruani gjakftoht\u00ebsin\u00eb! Nga OraNews 8 Janar 2022 Sali Berisha \u00ebsht\u00eb nisur drejt selis\u00eb blu, aty ku po e presin demokrat\u00ebt. Berisha u shpreh se protesta \u00ebsht\u00eb dhe do mbetet protest\u00eb paq\u00ebsore. Berisha: Ftoj t\u00eb gjith\u00eb demokrat\u00ebt t\u00eb cil\u00ebt sot do shnd\u00ebrrojn\u00eb bunkerin\u2026","rel":"","context":"In &quot;Blogu i Udh\u00ebtarit&quot;","block_context":{"text":"Blogu i Udh\u00ebtarit","link":"https:\/\/www.shqiperia.com\/blog\/category\/blogu-i-udhetarit\/"},"img":{"alt_text":"","src":"https:\/\/i0.wp.com\/www.shqiperia.com\/blog\/wp-content\/uploads\/2022\/01\/640-0-612d03d8ee971.png?fit=640%2C383&ssl=1&resize=350%2C200","width":350,"height":200,"srcset":"https:\/\/i0.wp.com\/www.shqiperia.com\/blog\/wp-content\/uploads\/2022\/01\/640-0-612d03d8ee971.png?fit=640%2C383&ssl=1&resize=350%2C200 1x, https:\/\/i0.wp.com\/www.shqiperia.com\/blog\/wp-content\/uploads\/2022\/01\/640-0-612d03d8ee971.png?fit=640%2C383&ssl=1&resize=525%2C300 1.5x"},"classes":[]},{"id":35533,"url":"https:\/\/www.shqiperia.com\/blog\/ps-gati-te-leshoje-pushtetin-vendor-se-shpejti-zgjedhje-lokale-ndoshta\/","url_meta":{"origin":52325,"position":1},"title":"PS gati t\u00eb l\u00ebshoj\u00eb pushtetin vendor. &#8211; Se shpejti Zgjedhje Lokale, ndoshta &#8230;","author":"Kurt Farka","date":"June 8, 2020","format":false,"excerpt":"PS gati t\u00eb l\u00ebshoj\u00eb pushtetin vendor. - Se shpejti Zgjedhje Lokale, ndoshta ... 8 QERSHOR 2020 Partia Demokratike ka ndezur motor\u00ebt p\u00ebr zgjedhje. Dje kryedemokrati Lulzim Basha zhvilloi nj\u00eb mbledhje me kryesin\u00eb e partis\u00eb, ku propozoi nisjen e procesit t\u00eb p\u00ebrzgjedhjes, konsultimit dhe seleksionimit t\u00eb kandidaturave p\u00ebr zgjedhjet parlamentare dhe\u2026","rel":"","context":"In &quot;Blogu i Udh\u00ebtarit&quot;","block_context":{"text":"Blogu i Udh\u00ebtarit","link":"https:\/\/www.shqiperia.com\/blog\/category\/blogu-i-udhetarit\/"},"img":{"alt_text":"","src":"https:\/\/i0.wp.com\/www.shqiperia.com\/blog\/wp-content\/uploads\/2020\/06\/Rama-Dako.jpg?fit=539%2C305&ssl=1&resize=350%2C200","width":350,"height":200,"srcset":"https:\/\/i0.wp.com\/www.shqiperia.com\/blog\/wp-content\/uploads\/2020\/06\/Rama-Dako.jpg?fit=539%2C305&ssl=1&resize=350%2C200 1x, https:\/\/i0.wp.com\/www.shqiperia.com\/blog\/wp-content\/uploads\/2020\/06\/Rama-Dako.jpg?fit=539%2C305&ssl=1&resize=525%2C300 1.5x"},"classes":[]},{"id":64843,"url":"https:\/\/www.shqiperia.com\/blog\/tubimi-i-6-dhjetorit-berisha-nuk-stepet-pas-refuzimit-te-lejes-nga-policia\/","url_meta":{"origin":52325,"position":2},"title":"Tubimi i 6 dhjetorit, Berisha nuk \u2018stepet\u2019 pas refuzimit t\u00eb lejes nga policia","author":"Kurt Farka","date":"November 27, 2022","format":false,"excerpt":"27 Nentor 2022 Kryetari i PD-se Sali Berisha deklaroi k\u00ebt\u00eb t\u00eb diel se protesta e lajm\u00ebruar nga Partia Demokratike m\u00eb 6 dhjetor do t\u00eb mbahet n\u00eb ambientet p\u00ebrpara kryeministris\u00eb, pavar\u00ebsisht se policia nuk e ka miratuar nj\u00eb leje t\u00eb till\u00eb. N\u00eb nj\u00eb prononcim p\u00ebr media n\u00eb p\u00ebrfundim t\u00eb mbledhjes s\u00eb\u2026","rel":"","context":"In &quot;Blogu i Udh\u00ebtarit&quot;","block_context":{"text":"Blogu i Udh\u00ebtarit","link":"https:\/\/www.shqiperia.com\/blog\/category\/blogu-i-udhetarit\/"},"img":{"alt_text":"","src":"https:\/\/i0.wp.com\/www.shqiperia.com\/blog\/wp-content\/uploads\/2022\/11\/berisha-555-770x433-1.jpg?fit=770%2C433&ssl=1&resize=350%2C200","width":350,"height":200,"srcset":"https:\/\/i0.wp.com\/www.shqiperia.com\/blog\/wp-content\/uploads\/2022\/11\/berisha-555-770x433-1.jpg?fit=770%2C433&ssl=1&resize=350%2C200 1x, https:\/\/i0.wp.com\/www.shqiperia.com\/blog\/wp-content\/uploads\/2022\/11\/berisha-555-770x433-1.jpg?fit=770%2C433&ssl=1&resize=525%2C300 1.5x, https:\/\/i0.wp.com\/www.shqiperia.com\/blog\/wp-content\/uploads\/2022\/11\/berisha-555-770x433-1.jpg?fit=770%2C433&ssl=1&resize=700%2C400 2x"},"classes":[]},{"id":51634,"url":"https:\/\/www.shqiperia.com\/blog\/mblidhet-kryesia-e-deges-se-pd-ne-tirane-e-cila-miraton-kuvendin-e-thirrur-nga-berisha-procesverbali\/","url_meta":{"origin":52325,"position":3},"title":"Mblidhet kryesia e Deg\u00ebs s\u00eb PD n\u00eb Tiran\u00eb e cila miraton kuvendin e thirrur nga Berisha (Procesverbali)","author":"Kurt Farka","date":"November 24, 2021","format":false,"excerpt":"Mblidhet kryesia e Deg\u00ebs s\u00eb PD n\u00eb Tiran\u00eb e cila miraton kuvendin e thirrur nga Berisha (Procesverbali) 22\/11\/2021 Dit\u00ebn e sotme date 22\/11\/2021 u zhvillua mbledhja e kryesis\u00eb s\u00eb Partis\u00eb Demokratike, Dega 3, Tiran\u00eb ku moren pjese 20 anetare nga 29 anetare te kryesise. Mbledhja u zhvillua n\u00eb nj\u00eb klim\u00eb\u2026","rel":"","context":"In &quot;Blogu i Udh\u00ebtarit&quot;","block_context":{"text":"Blogu i Udh\u00ebtarit","link":"https:\/\/www.shqiperia.com\/blog\/category\/blogu-i-udhetarit\/"},"img":{"alt_text":"","src":"https:\/\/i0.wp.com\/www.shqiperia.com\/blog\/wp-content\/uploads\/2021\/11\/477D97C3-43E0-4E43-9FA0-6B6F04ED83E4.jpeg?fit=1104%2C506&ssl=1&resize=350%2C200","width":350,"height":200,"srcset":"https:\/\/i0.wp.com\/www.shqiperia.com\/blog\/wp-content\/uploads\/2021\/11\/477D97C3-43E0-4E43-9FA0-6B6F04ED83E4.jpeg?fit=1104%2C506&ssl=1&resize=350%2C200 1x, https:\/\/i0.wp.com\/www.shqiperia.com\/blog\/wp-content\/uploads\/2021\/11\/477D97C3-43E0-4E43-9FA0-6B6F04ED83E4.jpeg?fit=1104%2C506&ssl=1&resize=525%2C300 1.5x, https:\/\/i0.wp.com\/www.shqiperia.com\/blog\/wp-content\/uploads\/2021\/11\/477D97C3-43E0-4E43-9FA0-6B6F04ED83E4.jpeg?fit=1104%2C506&ssl=1&resize=700%2C400 2x, https:\/\/i0.wp.com\/www.shqiperia.com\/blog\/wp-content\/uploads\/2021\/11\/477D97C3-43E0-4E43-9FA0-6B6F04ED83E4.jpeg?fit=1104%2C506&ssl=1&resize=1050%2C600 3x"},"classes":[]},{"id":95855,"url":"https:\/\/www.shqiperia.com\/blog\/qeveri-teknike-protesta-kombetare-e-pd-opozita-kerkon-largimin-e-edi-rames\/","url_meta":{"origin":52325,"position":4},"title":"\u201cQeveri teknike\u201d, protesta komb\u00ebtare e PD, opozita k\u00ebrkon largimin e Edi Ram\u00ebs","author":"Kurt Farka","date":"December 22, 2025","format":false,"excerpt":"22 Dhjetor 2025 Nga: Top Channel Pasditen e sotme po zhvillohet protesta komb\u00ebtare e thirrur nga PD-ja, teksa kreu i demokrat\u00ebve Sali Berisha, ka dal\u00eb nga selia dhe \u00ebsht\u00eb nisur drejt Kryeministris\u00eb. Q\u00eb n\u00eb nisje ka pasur hedhje shashkash dhe brohoritma, t\u00eb cilat e shoq\u00ebruan Berish\u00ebn gjat\u00eb gjith\u00eb rrug\u00ebs. Krah\u2026","rel":"","context":"In &quot;Blogu i Udh\u00ebtarit&quot;","block_context":{"text":"Blogu i Udh\u00ebtarit","link":"https:\/\/www.shqiperia.com\/blog\/category\/blogu-i-udhetarit\/"},"img":{"alt_text":"","src":"https:\/\/i0.wp.com\/www.shqiperia.com\/blog\/wp-content\/uploads\/2025\/12\/WhatsApp-Image-2025-12-22-at-19_sd-800x450-1.webp?fit=800%2C450&ssl=1&resize=350%2C200","width":350,"height":200,"srcset":"https:\/\/i0.wp.com\/www.shqiperia.com\/blog\/wp-content\/uploads\/2025\/12\/WhatsApp-Image-2025-12-22-at-19_sd-800x450-1.webp?fit=800%2C450&ssl=1&resize=350%2C200 1x, https:\/\/i0.wp.com\/www.shqiperia.com\/blog\/wp-content\/uploads\/2025\/12\/WhatsApp-Image-2025-12-22-at-19_sd-800x450-1.webp?fit=800%2C450&ssl=1&resize=525%2C300 1.5x, https:\/\/i0.wp.com\/www.shqiperia.com\/blog\/wp-content\/uploads\/2025\/12\/WhatsApp-Image-2025-12-22-at-19_sd-800x450-1.webp?fit=800%2C450&ssl=1&resize=700%2C400 2x"},"classes":[]},{"id":52950,"url":"https:\/\/www.shqiperia.com\/blog\/lajm-i-fundit-protestuesit-hapin-deren-kryesore-hyjne-ne-kat-te-pare-te-selise-pd-se-basha-ne-kat-te-dyte-me-dyer-te\/","url_meta":{"origin":52325,"position":5},"title":"LAJM I FUNDIT\/ Protestuesit hapin der\u00ebn kryesore, hyjn\u00eb n\u00eb kat t\u00eb par\u00eb t\u00eb selis\u00eb PD-s\u00eb, Basha n\u00eb kat t\u00eb dyt\u00eb me dyer t\u00eb","author":"Kurt Farka","date":"January 8, 2022","format":false,"excerpt":"LAJM I FUNDIT\/ Protestuesit hapin der\u00ebn kryesore, hyjn\u00eb n\u00eb kat t\u00eb par\u00eb t\u00eb selis\u00eb PD-s\u00eb, Basha n\u00eb kat t\u00eb dyt\u00eb me dyer t\u00eb blinduara Nga OraNews P\u00ebrdit\u00ebsimi i fundit 8 Janar 2022, 11:29 Protestuesit hapin der\u00ebn kryesore t\u00eb selis\u00eb s\u00eb PD-s\u00eb dhe therrasin Berisha Berisha! Protestuesit kan\u00eb hyr\u00eb n\u00eb kat\u2026","rel":"","context":"In &quot;Blogu i Udh\u00ebtarit&quot;","block_context":{"text":"Blogu i Udh\u00ebtarit","link":"https:\/\/www.shqiperia.com\/blog\/category\/blogu-i-udhetarit\/"},"img":{"alt_text":"","src":"https:\/\/i0.wp.com\/www.shqiperia.com\/blog\/wp-content\/uploads\/2022\/01\/640-0-f8e2503fac5e950f87e989c3f1a682a7.jpg?fit=640%2C364&ssl=1&resize=350%2C200","width":350,"height":200,"srcset":"https:\/\/i0.wp.com\/www.shqiperia.com\/blog\/wp-content\/uploads\/2022\/01\/640-0-f8e2503fac5e950f87e989c3f1a682a7.jpg?fit=640%2C364&ssl=1&resize=350%2C200 1x, https:\/\/i0.wp.com\/www.shqiperia.com\/blog\/wp-content\/uploads\/2022\/01\/640-0-f8e2503fac5e950f87e989c3f1a682a7.jpg?fit=640%2C364&ssl=1&resize=525%2C300 1.5x"},"classes":[]}],"_links":{"self":[{"href":"https:\/\/www.shqiperia.com\/blog\/wp-json\/wp\/v2\/posts\/52325","targetHints":{"allow":["GET"]}}],"collection":[{"href":"https:\/\/www.shqiperia.com\/blog\/wp-json\/wp\/v2\/posts"}],"about":[{"href":"https:\/\/www.shqiperia.com\/blog\/wp-json\/wp\/v2\/types\/post"}],"author":[{"embeddable":true,"href":"https:\/\/www.shqiperia.com\/blog\/wp-json\/wp\/v2\/users\/9"}],"replies":[{"embeddable":true,"href":"https:\/\/www.shqiperia.com\/blog\/wp-json\/wp\/v2\/comments?post=52325"}],"version-history":[{"count":1,"href":"https:\/\/www.shqiperia.com\/blog\/wp-json\/wp\/v2\/posts\/52325\/revisions"}],"predecessor-version":[{"id":52327,"href":"https:\/\/www.shqiperia.com\/blog\/wp-json\/wp\/v2\/posts\/52325\/revisions\/52327"}],"wp:featuredmedia":[{"embeddable":true,"href":"https:\/\/www.shqiperia.com\/blog\/wp-json\/wp\/v2\/media\/52326"}],"wp:attachment":[{"href":"https:\/\/www.shqiperia.com\/blog\/wp-json\/wp\/v2\/media?parent=52325"}],"wp:term":[{"taxonomy":"category","embeddable":true,"href":"https:\/\/www.shqiperia.com\/blog\/wp-json\/wp\/v2\/categories?post=52325"},{"taxonomy":"post_tag","embeddable":true,"href":"https:\/\/www.shqiperia.com\/blog\/wp-json\/wp\/v2\/tags?post=52325"}],"curies":[{"name":"wp","href":"https:\/\/api.w.org\/{rel}","templated":true}]}}