{"id":52322,"date":"2021-12-13T14:36:08","date_gmt":"2021-12-13T14:36:08","guid":{"rendered":"https:\/\/www.shqiperia.com\/blog\/?p=52322"},"modified":"2021-12-13T14:36:08","modified_gmt":"2021-12-13T14:36:08","slug":"u-riktheva-berisha-i-emocionuar-ne-seline-e-pd-se-paralajmeron-protesta-kombetare-revolucionin-nuk-e-ndal-askush","status":"publish","type":"post","link":"https:\/\/www.shqiperia.com\/blog\/u-riktheva-berisha-i-emocionuar-ne-seline-e-pd-se-paralajmeron-protesta-kombetare-revolucionin-nuk-e-ndal-askush\/","title":{"rendered":"&#8220;U riktheva!&#8221; Berisha i emocionuar n\u00eb selin\u00eb e PD-s\u00eb. Paralajm\u00ebron protesta komb\u00ebtare: &#8211; Revolucionin nuk e ndal askush"},"content":{"rendered":"<p><img data-recalc-dims=\"1\" loading=\"lazy\" decoding=\"async\" data-attachment-id=\"52323\" data-permalink=\"https:\/\/www.shqiperia.com\/blog\/u-riktheva-berisha-i-emocionuar-ne-seline-e-pd-se-paralajmeron-protesta-kombetare-revolucionin-nuk-e-ndal-askush\/640-0-c9a407d2-c0cf-43ee-8eee-30d8e760dab9-1639405282\/\" data-orig-file=\"https:\/\/i0.wp.com\/www.shqiperia.com\/blog\/wp-content\/uploads\/2021\/12\/640-0-c9a407d2-c0cf-43ee-8eee-30d8e760dab9-1639405282.jpg?fit=640%2C360&amp;ssl=1\" data-orig-size=\"640,360\" data-comments-opened=\"1\" data-image-meta=\"{&quot;aperture&quot;:&quot;0&quot;,&quot;credit&quot;:&quot;&quot;,&quot;camera&quot;:&quot;&quot;,&quot;caption&quot;:&quot;&quot;,&quot;created_timestamp&quot;:&quot;0&quot;,&quot;copyright&quot;:&quot;&quot;,&quot;focal_length&quot;:&quot;0&quot;,&quot;iso&quot;:&quot;0&quot;,&quot;shutter_speed&quot;:&quot;0&quot;,&quot;title&quot;:&quot;&quot;,&quot;orientation&quot;:&quot;0&quot;}\" data-image-title=\"-640-0-c9a407d2-c0cf-43ee-8eee-30d8e760dab9-1639405282\" data-image-description=\"\" data-image-caption=\"\" data-medium-file=\"https:\/\/i0.wp.com\/www.shqiperia.com\/blog\/wp-content\/uploads\/2021\/12\/640-0-c9a407d2-c0cf-43ee-8eee-30d8e760dab9-1639405282.jpg?fit=300%2C169&amp;ssl=1\" data-large-file=\"https:\/\/i0.wp.com\/www.shqiperia.com\/blog\/wp-content\/uploads\/2021\/12\/640-0-c9a407d2-c0cf-43ee-8eee-30d8e760dab9-1639405282.jpg?fit=640%2C360&amp;ssl=1\" class=\"alignnone  wp-image-52323\" alt=\"\" src=\"https:\/\/i0.wp.com\/www.shqiperia.com\/blog\/wp-content\/uploads\/2021\/12\/640-0-c9a407d2-c0cf-43ee-8eee-30d8e760dab9-1639405282.jpg?resize=572%2C322&#038;ssl=1\" width=\"572\" height=\"322\" srcset=\"https:\/\/i0.wp.com\/www.shqiperia.com\/blog\/wp-content\/uploads\/2021\/12\/640-0-c9a407d2-c0cf-43ee-8eee-30d8e760dab9-1639405282.jpg?resize=300%2C169&amp;ssl=1 300w, https:\/\/i0.wp.com\/www.shqiperia.com\/blog\/wp-content\/uploads\/2021\/12\/640-0-c9a407d2-c0cf-43ee-8eee-30d8e760dab9-1639405282.jpg?resize=450%2C253&amp;ssl=1 450w, https:\/\/i0.wp.com\/www.shqiperia.com\/blog\/wp-content\/uploads\/2021\/12\/640-0-c9a407d2-c0cf-43ee-8eee-30d8e760dab9-1639405282.jpg?resize=600%2C338&amp;ssl=1 600w, https:\/\/i0.wp.com\/www.shqiperia.com\/blog\/wp-content\/uploads\/2021\/12\/640-0-c9a407d2-c0cf-43ee-8eee-30d8e760dab9-1639405282.jpg?resize=400%2C225&amp;ssl=1 400w, https:\/\/i0.wp.com\/www.shqiperia.com\/blog\/wp-content\/uploads\/2021\/12\/640-0-c9a407d2-c0cf-43ee-8eee-30d8e760dab9-1639405282.jpg?w=640&amp;ssl=1 640w\" sizes=\"auto, (max-width: 572px) 100vw, 572px\" \/><\/p>\n<p>&#8220;U riktheva!&#8221; Berisha i emocionuar n\u00eb selin\u00eb e PD-s\u00eb. Paralajm\u00ebron protesta komb\u00ebtare: &#8211; Revolucionin nuk e ndal askush<\/p>\n<p>Nga OraNews<\/p>\n<p>13 Dhjetor 2021, ora: 15:25<\/p>\n<p>\u201cU riktheva!\u201d ish kryeministri Sali Berisha nuk e fshehu dot emocionet n\u00eb konferenc\u00ebn e par\u00eb n\u00eb selin\u00eb PD, 8 vite pas dor\u00ebheqjes s\u00eb tij si kryetar i PD-s\u00eb.<\/p>\n<p>Para gazetar\u00ebve Basha shprehu hapur se do t\u00eb rikandidoj\u00eb p\u00ebr kryetar t\u00eb PD-s\u00eb.<\/p>\n<p>Sali Berisha: \u201cKryetar\u00ebt e rinj do ta zgjedhin an\u00ebtar\u00ebt e PD-s\u00eb, mes disa kandidaturave. Kush do t\u00eb d\u00ebshiroj\u00eb t\u00eb kandidoj\u00eb. Padiskutim do t\u00eb jem dhe un\u00eb. Nj\u00eb nga momentet m\u00eb t\u00eb ve\u00e7anta t\u00eb k\u00ebsaj konference \u00ebsht\u00eb dhe \u201ccameback\u201d im, po rikthimi im n\u00eb k\u00ebt\u00eb vend. Natyrisht jo si kryetar por n\u00eb rrug\u00eb e sip\u00ebr\u201d<\/p>\n<p>Kuvendi i 11 dhjetorit, Berisha: Do t\u00eb b\u00ebhet transparente \u00e7do qindark\u00eb. Ja pse gazetar\u00ebt s&#8217;u lejuan n\u00eb &#8220;Air Albania&#8221;<\/p>\n<p>Protesta Komb\u00ebtare?<\/p>\n<p>Berisha tha se revolucioni I nisur nuk mund ta ndal\u00eb askush dhe zbuloi dhe planin q\u00eb kishte pasur p\u00ebr nj\u00eb protest\u00eb komb\u00ebtare m\u00eb 18 dhjetor.<\/p>\n<p>Sali Berisha: \u201cNj\u00eb opsion ishte m\u00eb dat\u00ebn 18. Por problem \u00ebsht\u00eb q\u00eb referendumi duhej b\u00ebr\u00eb p\u00ebr shkak t\u00eb festave q\u00eb vijn\u00eb. Edvin Kristaq Ram\u00ebn e shp\u00ebtoi referendum i pengBash\u00ebs se do t\u00eb kishte pasur t\u00eb gjith\u00eb Shqip\u00ebrin\u00eb n\u00eb Tiran\u00eb. Revolucionin nuk e ndalon dot kush. Mjer\u00eb ai q\u00eb mendon se mund ta ndaloj\u00eb. Nj\u00eb her\u00eb t\u00eb drejton, nj\u00eb her\u00eb e drejton ti por t\u00eb ndalur nuk ka.\u201d<\/p>\n<p>Berisha i b\u00ebri thirrje dhe kryetar\u00ebve t\u00eb deg\u00ebve t\u00eb v\u00ebn\u00eb n\u00eb dispozicion t\u00eb referendumit t\u00eb 18 dhjetorit selit\u00eb e tyre dhe garantoi se nuk do t\u00eb ket\u00eb asnj\u00eb incident mes demokrat\u00ebve.<\/p>\n<p>Sali Berisha: \u201dAsnj\u00eb incident mes demokrat\u00ebve nuk ka. Thirrja ime \u00ebsht\u00eb q\u00eb kryetar\u00ebt e deg\u00ebve t\u00eb cil\u00ebt ende nuk e kan\u00eb ndar\u00eb mendjen t\u00eb v\u00ebn\u00eb n\u00eb dispozicion selit\u00eb p\u00ebr referendumin. Kurr\u00eb nuk mund t\u00eb mendoj\u00eb njeri se selit\u00eb e partis\u00eb jan\u00eb apartamentet private t\u00eb drejtuesve. Miq\u00ebsisht i ftoj ta organizojn\u00eb vet\u00eb referendumin, por qoft\u00eb p\u00ebr nj\u00eb motiv apo tjet\u00ebr nuk e kan\u00eb ndar\u00eb mendjen selit\u00eb t\u00eb jen\u00eb n\u00eb dispozicion t\u00eb an\u00ebtar\u00ebsis\u00eb.\u201d<\/p>\n","protected":false},"excerpt":{"rendered":"<p>&#8220;U riktheva!&#8221; Berisha i emocionuar n\u00eb selin\u00eb e PD-s\u00eb. Paralajm\u00ebron protesta komb\u00ebtare: &#8211; Revolucionin nuk e ndal askush Nga OraNews 13 Dhjetor 2021, ora: 15:25 \u201cU riktheva!\u201d ish kryeministri Sali Berisha nuk e fshehu dot emocionet n\u00eb konferenc\u00ebn e par\u00eb n\u00eb selin\u00eb PD, 8 vite pas dor\u00ebheqjes s\u00eb tij si kryetar i PD-s\u00eb. Para gazetar\u00ebve [&hellip;]<\/p>\n","protected":false},"author":9,"featured_media":52323,"comment_status":"open","ping_status":"open","sticky":false,"template":"","format":"standard","meta":{"jetpack_post_was_ever_published":false,"_jetpack_newsletter_access":"","_jetpack_dont_email_post_to_subs":false,"_jetpack_newsletter_tier_id":0,"_jetpack_memberships_contains_paywalled_content":false,"_jetpack_memberships_contains_paid_content":false,"footnotes":"","jetpack_publicize_message":"","jetpack_publicize_feature_enabled":true,"jetpack_social_post_already_shared":true,"jetpack_social_options":{"image_generator_settings":{"template":"highway","default_image_id":0,"font":"","enabled":false},"version":2}},"categories":[27,1],"tags":[],"class_list":["post-52322","post","type-post","status-publish","format-standard","has-post-thumbnail","hentry","category-blogu-i-udhetarit","category-njoftime-shtypi"],"jetpack_publicize_connections":[],"jetpack_featured_media_url":"https:\/\/i0.wp.com\/www.shqiperia.com\/blog\/wp-content\/uploads\/2021\/12\/640-0-c9a407d2-c0cf-43ee-8eee-30d8e760dab9-1639405282.jpg?fit=640%2C360&ssl=1","jetpack_sharing_enabled":true,"jetpack_shortlink":"https:\/\/wp.me\/p5Z6wp-dBU","jetpack-related-posts":[{"id":95855,"url":"https:\/\/www.shqiperia.com\/blog\/qeveri-teknike-protesta-kombetare-e-pd-opozita-kerkon-largimin-e-edi-rames\/","url_meta":{"origin":52322,"position":0},"title":"\u201cQeveri teknike\u201d, protesta komb\u00ebtare e PD, opozita k\u00ebrkon largimin e Edi Ram\u00ebs","author":"Kurt Farka","date":"December 22, 2025","format":false,"excerpt":"22 Dhjetor 2025 Nga: Top Channel Pasditen e sotme po zhvillohet protesta komb\u00ebtare e thirrur nga PD-ja, teksa kreu i demokrat\u00ebve Sali Berisha, ka dal\u00eb nga selia dhe \u00ebsht\u00eb nisur drejt Kryeministris\u00eb. Q\u00eb n\u00eb nisje ka pasur hedhje shashkash dhe brohoritma, t\u00eb cilat e shoq\u00ebruan Berish\u00ebn gjat\u00eb gjith\u00eb rrug\u00ebs. Krah\u2026","rel":"","context":"In &quot;Blogu i Udh\u00ebtarit&quot;","block_context":{"text":"Blogu i Udh\u00ebtarit","link":"https:\/\/www.shqiperia.com\/blog\/category\/blogu-i-udhetarit\/"},"img":{"alt_text":"","src":"https:\/\/i0.wp.com\/www.shqiperia.com\/blog\/wp-content\/uploads\/2025\/12\/WhatsApp-Image-2025-12-22-at-19_sd-800x450-1.webp?fit=800%2C450&ssl=1&resize=350%2C200","width":350,"height":200,"srcset":"https:\/\/i0.wp.com\/www.shqiperia.com\/blog\/wp-content\/uploads\/2025\/12\/WhatsApp-Image-2025-12-22-at-19_sd-800x450-1.webp?fit=800%2C450&ssl=1&resize=350%2C200 1x, https:\/\/i0.wp.com\/www.shqiperia.com\/blog\/wp-content\/uploads\/2025\/12\/WhatsApp-Image-2025-12-22-at-19_sd-800x450-1.webp?fit=800%2C450&ssl=1&resize=525%2C300 1.5x, https:\/\/i0.wp.com\/www.shqiperia.com\/blog\/wp-content\/uploads\/2025\/12\/WhatsApp-Image-2025-12-22-at-19_sd-800x450-1.webp?fit=800%2C450&ssl=1&resize=700%2C400 2x"},"classes":[]},{"id":52515,"url":"https:\/\/www.shqiperia.com\/blog\/sali-berisha-publikon-foto-montazhin-me-gardistet-e-2019-thirrje-rames-edvin-larg-duart-nga-selia-e-pd\/","url_meta":{"origin":52322,"position":1},"title":"Sali Berisha publikon foto-montazhin me gardist\u00ebt e 2019, thirrje Ram\u00ebs: &#8211; Edvin larg duart nga selia e PD!","author":"Kurt Farka","date":"December 19, 2021","format":false,"excerpt":"Sali Berisha publikon foto-montazhin me gardist\u00ebt e 2019, thirrje Ram\u00ebs: - Edvin larg duart nga selia e PD! 19 Dhjetor 2021 Nj\u00eb dit\u00eb pasi shkoi n\u00eb selin\u00eb e PD-s\u00eb nga ku deklari shkarkimin e Lulzim Bash\u00ebs, Ish-kryeministri Berisha ka postuar n\u00eb rrjetet sociale nj\u00eb fotomontazh, me nj\u00eb mesazh drejtuar kryeministrit\u2026","rel":"","context":"In &quot;Blogu i Udh\u00ebtarit&quot;","block_context":{"text":"Blogu i Udh\u00ebtarit","link":"https:\/\/www.shqiperia.com\/blog\/category\/blogu-i-udhetarit\/"},"img":{"alt_text":"","src":"https:\/\/i0.wp.com\/www.shqiperia.com\/blog\/wp-content\/uploads\/2021\/12\/Blindohet-kryeministria.jpg?fit=1025%2C508&ssl=1&resize=350%2C200","width":350,"height":200,"srcset":"https:\/\/i0.wp.com\/www.shqiperia.com\/blog\/wp-content\/uploads\/2021\/12\/Blindohet-kryeministria.jpg?fit=1025%2C508&ssl=1&resize=350%2C200 1x, https:\/\/i0.wp.com\/www.shqiperia.com\/blog\/wp-content\/uploads\/2021\/12\/Blindohet-kryeministria.jpg?fit=1025%2C508&ssl=1&resize=525%2C300 1.5x, https:\/\/i0.wp.com\/www.shqiperia.com\/blog\/wp-content\/uploads\/2021\/12\/Blindohet-kryeministria.jpg?fit=1025%2C508&ssl=1&resize=700%2C400 2x"},"classes":[]},{"id":51424,"url":"https:\/\/www.shqiperia.com\/blog\/basha-shpalli-mbajtjen-e-kuvendit-me-18-dhjetor-ta-harrojne-se-mund-te-luajne-me-revolucionin-berisha-nuk-terhiqet-do-te-mbahet-me-11-dhjetor\/","url_meta":{"origin":52322,"position":2},"title":"Basha shpalli mbajtjen e Kuvendit m\u00eb 18 dhjetor. \u201cTa harrojn\u00eb se mund t\u00eb luajn\u00eb me revolucionin\u201d, Berisha nuk t\u00ebrhiqet: &#8211; Do t\u00eb mbahet m\u00eb 11 dhjetor.","author":"Kurt Farka","date":"November 16, 2021","format":false,"excerpt":"Basha shpalli mbajtjen e Kuvendit m\u00eb 18 dhjetor. \u201cTa harrojn\u00eb se mund t\u00eb luajn\u00eb me revolucionin\u201d, Berisha nuk t\u00ebrhiqet: - Do t\u00eb mbahet m\u00eb 11 dhjetor. 15 N\u00ebntor 2021 Ish-kryeministri Sali Berisha nuk \u00ebsht\u00eb t\u00ebrhequr nga vendimi i tij, duke konfirmuar se Kuvendi Komb\u00ebtar i PD-s\u00eb do t\u00eb mbahet m\u00eb\u2026","rel":"","context":"In &quot;Politika&quot;","block_context":{"text":"Politika","link":"https:\/\/www.shqiperia.com\/blog\/category\/politika\/"},"img":{"alt_text":"","src":"https:\/\/i0.wp.com\/www.shqiperia.com\/blog\/wp-content\/uploads\/2021\/11\/sali-berishaa.png?fit=770%2C435&ssl=1&resize=350%2C200","width":350,"height":200,"srcset":"https:\/\/i0.wp.com\/www.shqiperia.com\/blog\/wp-content\/uploads\/2021\/11\/sali-berishaa.png?fit=770%2C435&ssl=1&resize=350%2C200 1x, https:\/\/i0.wp.com\/www.shqiperia.com\/blog\/wp-content\/uploads\/2021\/11\/sali-berishaa.png?fit=770%2C435&ssl=1&resize=525%2C300 1.5x, https:\/\/i0.wp.com\/www.shqiperia.com\/blog\/wp-content\/uploads\/2021\/11\/sali-berishaa.png?fit=770%2C435&ssl=1&resize=700%2C400 2x"},"classes":[]},{"id":47820,"url":"https:\/\/www.shqiperia.com\/blog\/eshte-teze-e-forte-kjo-berisha-paralajmeroi-rikthimin-ne-krye-te-pd-se-zheji-dhe-gazetari-i-njohur-zbulojne-cfare-pritet-te-ndodhe-te-dielen-ne-seline-blu\/","url_meta":{"origin":52322,"position":3},"title":"\u201c\u00cbsht\u00eb tez\u00eb e fort\u00eb kjo\u201d. &#8211; Berisha paralajm\u00ebroi rikthimin n\u00eb krye t\u00eb PD-s\u00eb, Zheji dhe gazetari i njohur zbulojn\u00eb \u00e7far\u00eb pritet t\u00eb ndodh\u00eb t\u00eb diel\u00ebn n\u00eb selin\u00eb blu","author":"Kurt Farka","date":"June 11, 2021","format":false,"excerpt":"\u201c\u00cbsht\u00eb tez\u00eb e fort\u00eb kjo\u201d. -\u00a0 Berisha paralajm\u00ebroi rikthimin n\u00eb krye t\u00eb PD-s\u00eb, Zheji dhe gazetari i njohur zbulojn\u00eb \u00e7far\u00eb pritet t\u00eb ndodh\u00eb t\u00eb diel\u00ebn n\u00eb selin\u00eb blu 11 QERSHOR 2021 Gazetari Arion Sulo dhe analisti Artur Zhjeji komentuan sot n\u00eb emisionin \u2018Pikat mbi i\u2019, deklarat\u00ebn \u00a0e Berish\u00ebs se mund\u2026","rel":"","context":"In &quot;Blogu i Udh\u00ebtarit&quot;","block_context":{"text":"Blogu i Udh\u00ebtarit","link":"https:\/\/www.shqiperia.com\/blog\/category\/blogu-i-udhetarit\/"},"img":{"alt_text":"","src":"https:\/\/i0.wp.com\/www.shqiperia.com\/blog\/wp-content\/uploads\/2021\/06\/800-0-60c363d0a147d.jpg?fit=800%2C368&ssl=1&resize=350%2C200","width":350,"height":200,"srcset":"https:\/\/i0.wp.com\/www.shqiperia.com\/blog\/wp-content\/uploads\/2021\/06\/800-0-60c363d0a147d.jpg?fit=800%2C368&ssl=1&resize=350%2C200 1x, https:\/\/i0.wp.com\/www.shqiperia.com\/blog\/wp-content\/uploads\/2021\/06\/800-0-60c363d0a147d.jpg?fit=800%2C368&ssl=1&resize=525%2C300 1.5x, https:\/\/i0.wp.com\/www.shqiperia.com\/blog\/wp-content\/uploads\/2021\/06\/800-0-60c363d0a147d.jpg?fit=800%2C368&ssl=1&resize=700%2C400 2x"},"classes":[]},{"id":50828,"url":"https:\/\/www.shqiperia.com\/blog\/a-do-te-mblidhet-kuvendi-kombetar-basha-sali-berisha-nuk-ka-mbifuqi-nuk-ka-per-te-pasur-sa-te-jem-une-kryetar\/","url_meta":{"origin":52322,"position":4},"title":"A do t\u00eb mblidhet Kuvendi Komb\u00ebtar? Basha: &#8211; Sali Berisha nuk ka mbifuqi. Nuk ka p\u00ebr t\u00eb pasur, sa t\u00eb jem un\u00eb kryetar","author":"Kurt Farka","date":"October 23, 2021","format":false,"excerpt":"A do t\u00eb mblidhet Kuvendi Komb\u00ebtar? Basha: - Sali Berisha nuk ka mbifuqi. Nuk ka p\u00ebr t\u00eb pasur, sa t\u00eb jem un\u00eb kryetar 23 Tetor 2021 Kryetari i PD-se i d\u00ebrgon Berish\u00ebs mesazhin se nuk do ta mbledh\u00eb Kuvendin. Lulzim Basha: Un\u00eb kam th\u00ebn\u00eb q\u00eb detyra e kryetarit t\u00eb PD\u2026","rel":"","context":"In &quot;Blogu i Udh\u00ebtarit&quot;","block_context":{"text":"Blogu i Udh\u00ebtarit","link":"https:\/\/www.shqiperia.com\/blog\/category\/blogu-i-udhetarit\/"},"img":{"alt_text":"","src":"https:\/\/i0.wp.com\/www.shqiperia.com\/blog\/wp-content\/uploads\/2021\/10\/Lulzim-Basha-1.jpg?fit=770%2C433&ssl=1&resize=350%2C200","width":350,"height":200,"srcset":"https:\/\/i0.wp.com\/www.shqiperia.com\/blog\/wp-content\/uploads\/2021\/10\/Lulzim-Basha-1.jpg?fit=770%2C433&ssl=1&resize=350%2C200 1x, https:\/\/i0.wp.com\/www.shqiperia.com\/blog\/wp-content\/uploads\/2021\/10\/Lulzim-Basha-1.jpg?fit=770%2C433&ssl=1&resize=525%2C300 1.5x, https:\/\/i0.wp.com\/www.shqiperia.com\/blog\/wp-content\/uploads\/2021\/10\/Lulzim-Basha-1.jpg?fit=770%2C433&ssl=1&resize=700%2C400 2x"},"classes":[]},{"id":51906,"url":"https:\/\/www.shqiperia.com\/blog\/foltorja-ne-has-berisha-ju-ftoj-ne-kuvendin-e-rithemelimit-te-pd\/","url_meta":{"origin":52322,"position":5},"title":"Foltorja n\u00eb Has, Berisha: Ju ftoj n\u00eb Kuvendin e rithemelimit t\u00eb PD","author":"Kurt Farka","date":"December 1, 2021","format":false,"excerpt":"Foltorja n\u00eb Has, Berisha: Ju ftoj n\u00eb Kuvendin e rithemelimit t\u00eb PD 1 dhjetor 2021 Rrug\u00ebs p\u00ebr n\u00eb Tropoj\u00eb, lideri historik demokrat, Sali Berisha, u ndal edhe n\u00eb Has. N\u00eb qytetin e Krum\u00ebs ai u prit me entuziaz\u00ebm nga qindra demokrat\u00eb. Duke improvizuar Foltoren p\u00ebrpara tyre, Berisha tha se Hasi\u2026","rel":"","context":"In &quot;Blogu i Udh\u00ebtarit&quot;","block_context":{"text":"Blogu i Udh\u00ebtarit","link":"https:\/\/www.shqiperia.com\/blog\/category\/blogu-i-udhetarit\/"},"img":{"alt_text":"","src":"https:\/\/i0.wp.com\/www.shqiperia.com\/blog\/wp-content\/uploads\/2021\/12\/brhas.jpg?fit=619%2C299&ssl=1&resize=350%2C200","width":350,"height":200,"srcset":"https:\/\/i0.wp.com\/www.shqiperia.com\/blog\/wp-content\/uploads\/2021\/12\/brhas.jpg?fit=619%2C299&ssl=1&resize=350%2C200 1x, https:\/\/i0.wp.com\/www.shqiperia.com\/blog\/wp-content\/uploads\/2021\/12\/brhas.jpg?fit=619%2C299&ssl=1&resize=525%2C300 1.5x"},"classes":[]}],"_links":{"self":[{"href":"https:\/\/www.shqiperia.com\/blog\/wp-json\/wp\/v2\/posts\/52322","targetHints":{"allow":["GET"]}}],"collection":[{"href":"https:\/\/www.shqiperia.com\/blog\/wp-json\/wp\/v2\/posts"}],"about":[{"href":"https:\/\/www.shqiperia.com\/blog\/wp-json\/wp\/v2\/types\/post"}],"author":[{"embeddable":true,"href":"https:\/\/www.shqiperia.com\/blog\/wp-json\/wp\/v2\/users\/9"}],"replies":[{"embeddable":true,"href":"https:\/\/www.shqiperia.com\/blog\/wp-json\/wp\/v2\/comments?post=52322"}],"version-history":[{"count":1,"href":"https:\/\/www.shqiperia.com\/blog\/wp-json\/wp\/v2\/posts\/52322\/revisions"}],"predecessor-version":[{"id":52324,"href":"https:\/\/www.shqiperia.com\/blog\/wp-json\/wp\/v2\/posts\/52322\/revisions\/52324"}],"wp:featuredmedia":[{"embeddable":true,"href":"https:\/\/www.shqiperia.com\/blog\/wp-json\/wp\/v2\/media\/52323"}],"wp:attachment":[{"href":"https:\/\/www.shqiperia.com\/blog\/wp-json\/wp\/v2\/media?parent=52322"}],"wp:term":[{"taxonomy":"category","embeddable":true,"href":"https:\/\/www.shqiperia.com\/blog\/wp-json\/wp\/v2\/categories?post=52322"},{"taxonomy":"post_tag","embeddable":true,"href":"https:\/\/www.shqiperia.com\/blog\/wp-json\/wp\/v2\/tags?post=52322"}],"curies":[{"name":"wp","href":"https:\/\/api.w.org\/{rel}","templated":true}]}}