{"id":52316,"date":"2021-12-13T14:33:05","date_gmt":"2021-12-13T14:33:05","guid":{"rendered":"https:\/\/www.shqiperia.com\/blog\/?p=52316"},"modified":"2021-12-13T14:33:05","modified_gmt":"2021-12-13T14:33:05","slug":"studiuesi-i-fotografise-shqiptare-qerim-vrioni-me-nje-botim-te-ri","status":"publish","type":"post","link":"https:\/\/www.shqiperia.com\/blog\/studiuesi-i-fotografise-shqiptare-qerim-vrioni-me-nje-botim-te-ri\/","title":{"rendered":"Studiuesi i fotografis\u00eb shqiptare, Qerim Vrioni, me nj\u00eb botim t\u00eb ri"},"content":{"rendered":"<p><img data-recalc-dims=\"1\" loading=\"lazy\" decoding=\"async\" data-attachment-id=\"52318\" data-permalink=\"https:\/\/www.shqiperia.com\/blog\/studiuesi-i-fotografise-shqiptare-qerim-vrioni-me-nje-botim-te-ri\/qerim-vrioni-2\/\" data-orig-file=\"https:\/\/i0.wp.com\/www.shqiperia.com\/blog\/wp-content\/uploads\/2021\/12\/qerim-vrioni.jpg?fit=827%2C485&amp;ssl=1\" data-orig-size=\"827,485\" data-comments-opened=\"1\" data-image-meta=\"{&quot;aperture&quot;:&quot;0&quot;,&quot;credit&quot;:&quot;Sk\\u00ebnder Bu\\u00e7papaj&quot;,&quot;camera&quot;:&quot;&quot;,&quot;caption&quot;:&quot;&quot;,&quot;created_timestamp&quot;:&quot;1638788439&quot;,&quot;copyright&quot;:&quot;&quot;,&quot;focal_length&quot;:&quot;0&quot;,&quot;iso&quot;:&quot;0&quot;,&quot;shutter_speed&quot;:&quot;0&quot;,&quot;title&quot;:&quot;&quot;,&quot;orientation&quot;:&quot;0&quot;}\" data-image-title=\"qerim vrioni\" data-image-description=\"\" data-image-caption=\"\" data-medium-file=\"https:\/\/i0.wp.com\/www.shqiperia.com\/blog\/wp-content\/uploads\/2021\/12\/qerim-vrioni.jpg?fit=300%2C176&amp;ssl=1\" data-large-file=\"https:\/\/i0.wp.com\/www.shqiperia.com\/blog\/wp-content\/uploads\/2021\/12\/qerim-vrioni.jpg?fit=827%2C485&amp;ssl=1\" class=\"alignnone  wp-image-52318\" alt=\"\" src=\"https:\/\/i0.wp.com\/www.shqiperia.com\/blog\/wp-content\/uploads\/2021\/12\/qerim-vrioni.jpg?resize=656%2C385&#038;ssl=1\" width=\"656\" height=\"385\" srcset=\"https:\/\/i0.wp.com\/www.shqiperia.com\/blog\/wp-content\/uploads\/2021\/12\/qerim-vrioni.jpg?resize=300%2C176&amp;ssl=1 300w, https:\/\/i0.wp.com\/www.shqiperia.com\/blog\/wp-content\/uploads\/2021\/12\/qerim-vrioni.jpg?resize=768%2C450&amp;ssl=1 768w, https:\/\/i0.wp.com\/www.shqiperia.com\/blog\/wp-content\/uploads\/2021\/12\/qerim-vrioni.jpg?resize=450%2C264&amp;ssl=1 450w, https:\/\/i0.wp.com\/www.shqiperia.com\/blog\/wp-content\/uploads\/2021\/12\/qerim-vrioni.jpg?resize=600%2C352&amp;ssl=1 600w, https:\/\/i0.wp.com\/www.shqiperia.com\/blog\/wp-content\/uploads\/2021\/12\/qerim-vrioni.jpg?resize=400%2C235&amp;ssl=1 400w, https:\/\/i0.wp.com\/www.shqiperia.com\/blog\/wp-content\/uploads\/2021\/12\/qerim-vrioni.jpg?w=827&amp;ssl=1 827w\" sizes=\"auto, (max-width: 656px) 100vw, 656px\" \/><\/p>\n<p>Studiuesi i fotografis\u00eb shqiptare, Qerim Vrioni, me nj\u00eb botim t\u00eb ri<\/p>\n<p>6 Dhjetor 2021<\/p>\n<p>Nga Ilirian Agolli<\/p>\n<p>N\u00eb Tiran\u00eb, studiuesi i njohur i fotografis\u00eb shqiptare, Qerim Vrioni, sapo ka botuar nj\u00eb album me foto portrete t\u00eb autor\u00ebve t\u00eb njohur t\u00eb kultur\u00ebs shqiptare.<\/p>\n<p>Zoti Vrioni \u00ebsht\u00eb i njohur p\u00ebr nj\u00eb seri botimesh me studime mbi historin\u00eb e fotografis\u00eb shqiptare dhe mbi krijimtarin\u00eb e autor\u00ebve m\u00eb t\u00eb shquar t\u00eb k\u00ebsaj fushe.<\/p>\n<p>Libri m\u00eb i ri i studiuesit Qerim Vrioni titullohet \u201cMiq n\u00eb 50 foto\u201d, megjithat\u00eb ata nuk jan\u00eb thjesht miq t\u00eb autorit, por disa nga personalitetet e arteve dhe kultur\u00ebs shqiptare, me t\u00eb cil\u00ebt ai takohej shpesh dhe bisedonte gjat\u00eb.<\/p>\n<p>Ata jan\u00eb fotografuar n\u00eb hap\u00ebsirat e zakonshme t\u00eb jet\u00ebs dhe pun\u00ebs s\u00eb tyre, sipas stilit t\u00eb fotos mjedisore, shoq\u00ebruar me pak jet\u00ebshkrim dhe me mbresat e autorit.<\/p>\n<p>\u201cLibri hapet me nj\u00eb foto portret t\u00eb profesor Ramadan Sokolit, studiues i muzikologjis\u00eb. \u00cbsht\u00eb foto nga nj\u00eb dit\u00eb ku ai flet, hesht edhe mendohet, dhe \u00ebsht\u00eb nj\u00eb nga fotot q\u00eb m\u00eb p\u00eblqen m\u00eb shum\u00eb. N\u00eb nj\u00eb tjet\u00ebr foto portret \u00ebsht\u00eb piktorja Lume Blloshmi n\u00eb nj\u00eb dit\u00eb, q\u00eb po p\u00ebrcillnim studiuesin G\u00ebzim Qendro p\u00ebr n\u00eb banes\u00ebn e fundit. Uran Kostreci \u00ebsht\u00eb n\u00eb nj\u00eb foto tjet\u00ebr duke pir\u00eb cigare i zhytur n\u00eb mendime. Po ashtu Ali Podrimja dhe Pano Ta\u00e7i. Jan\u00eb foto q\u00eb nuk mund t\u00eb b\u00ebhen m\u00eb, ashtu si m\u00eb ka mbetur merak q\u00eb nuk fotografova piktorin Besim Tula\u201d \u2013 thot\u00eb autori Vrioni.<\/p>\n<p><img data-recalc-dims=\"1\" loading=\"lazy\" decoding=\"async\" data-attachment-id=\"52319\" data-permalink=\"https:\/\/www.shqiperia.com\/blog\/studiuesi-i-fotografise-shqiptare-qerim-vrioni-me-nje-botim-te-ri\/qerim-vrioni-2-2\/\" data-orig-file=\"https:\/\/i0.wp.com\/www.shqiperia.com\/blog\/wp-content\/uploads\/2021\/12\/Qerim-Vrioni-2.jpg?fit=420%2C631&amp;ssl=1\" data-orig-size=\"420,631\" data-comments-opened=\"1\" data-image-meta=\"{&quot;aperture&quot;:&quot;0&quot;,&quot;credit&quot;:&quot;&quot;,&quot;camera&quot;:&quot;&quot;,&quot;caption&quot;:&quot;&quot;,&quot;created_timestamp&quot;:&quot;0&quot;,&quot;copyright&quot;:&quot;&quot;,&quot;focal_length&quot;:&quot;0&quot;,&quot;iso&quot;:&quot;0&quot;,&quot;shutter_speed&quot;:&quot;0&quot;,&quot;title&quot;:&quot;&quot;,&quot;orientation&quot;:&quot;0&quot;}\" data-image-title=\"Qerim Vrioni (2)\" data-image-description=\"\" data-image-caption=\"\" data-medium-file=\"https:\/\/i0.wp.com\/www.shqiperia.com\/blog\/wp-content\/uploads\/2021\/12\/Qerim-Vrioni-2.jpg?fit=200%2C300&amp;ssl=1\" data-large-file=\"https:\/\/i0.wp.com\/www.shqiperia.com\/blog\/wp-content\/uploads\/2021\/12\/Qerim-Vrioni-2.jpg?fit=420%2C631&amp;ssl=1\" class=\"alignnone  wp-image-52319\" alt=\"\" src=\"https:\/\/i0.wp.com\/www.shqiperia.com\/blog\/wp-content\/uploads\/2021\/12\/Qerim-Vrioni-2.jpg?resize=481%2C722&#038;ssl=1\" width=\"481\" height=\"722\" srcset=\"https:\/\/i0.wp.com\/www.shqiperia.com\/blog\/wp-content\/uploads\/2021\/12\/Qerim-Vrioni-2.jpg?resize=200%2C300&amp;ssl=1 200w, https:\/\/i0.wp.com\/www.shqiperia.com\/blog\/wp-content\/uploads\/2021\/12\/Qerim-Vrioni-2.jpg?resize=400%2C601&amp;ssl=1 400w, https:\/\/i0.wp.com\/www.shqiperia.com\/blog\/wp-content\/uploads\/2021\/12\/Qerim-Vrioni-2.jpg?w=420&amp;ssl=1 420w\" sizes=\"auto, (max-width: 481px) 100vw, 481px\" \/><\/p>\n<p>N\u00eb foto-portretet mjedisore shihen Kas\u00ebm Trebeshina e Gjergj Vlashi dhe nj\u00eb seri artist\u00ebsh t\u00eb njohur n\u00eb \u00e7astet e tyre t\u00eb sinqerta, duke qeshur apo duke menduar, duke shkruar apo pikturuar, pa pozime t\u00eb ngrira artificiale.<\/p>\n<p>Fotot jan\u00eb shkrepur koh\u00eb pas kohe n\u00eb shum\u00eb vite pa q\u00ebllimin se dikur mund t\u00eb p\u00ebrb\u00ebnin nj\u00eb album p\u00ebr t\u2019u botuar, por tani jan\u00eb b\u00ebr\u00eb v\u00ebrtet shum\u00eb dhe mund t\u00eb ndahen n\u00eb disa v\u00ebllime.<\/p>\n<p>\u201cNatyrisht q\u00eb kam shum\u00eb her\u00eb m\u00eb tep\u00ebr se sa 50 foto dhe mund t\u00eb b\u00ebhet edhe nj\u00eb v\u00ebllim i dyt\u00eb me portrete. Fotot nuk jan\u00eb b\u00ebr\u00eb me q\u00ebllimin p\u00ebr t\u00eb b\u00ebr\u00eb sa m\u00eb shpejt nj\u00eb lib\u00ebr. Ato jan\u00eb shkrepur rast\u00ebsisht n\u00eb koh\u00eb t\u00eb lira pushimi dhe jan\u00eb shum\u00eb pran\u00eb natyr\u00ebs s\u00eb personave miq\u00ebsor\u00eb t\u00eb p\u00ebrzgjedhur. Jan\u00eb foto mjedisore, n\u00eb studiot e pun\u00ebs s\u00eb krijuesve dhe n\u00eb mjedise meditimesh artistike\u201d \u2013 thot\u00eb autori Vrioni.<\/p>\n<p>Kjo \u00ebsht\u00eb hera e par\u00eb q\u00eb Qerim Vrioni publikon n\u00eb nj\u00eb album krijimtarin\u00eb e tij shum\u00ebvje\u00e7are, sepse me modestin\u00eb e tij dhe me pun\u00ebn k\u00ebmb\u00ebngul\u00ebse i \u00ebsht\u00eb p\u00ebrkushtuar zbulimit dhe studimit t\u00eb autor\u00ebve t\u00eb shquar nga historia e fotografis\u00eb shqiptare.<\/p>\n<p>Ai ka botuar m\u00eb her\u00ebt librat me studime \u201cFotografia nj\u00eb grusht diell\u201d, \u201c150 vjet fotografi shqiptare\u201d, \u201cFjalor i Fotografis\u00eb\u201d, si dhe \u201cPik\u00ebllim n\u00eb nj\u00eb foto t\u00eb vjet\u00ebr\u201d, kushtuar artistit Kol Maca.<\/p>\n<p>Vrioni thot\u00eb se, ashtu si Kol Maca, historia e fotografis\u00eb shqiptare ka shum\u00eb autor\u00eb ende t\u00eb panjohur, q\u00eb iu hiqej emri nga veprat p\u00ebr shum\u00eb arsye n\u00eb periudha t\u00eb ndryshme historike.<\/p>\n<p>\u201cNj\u00eb shembull i ve\u00e7ant\u00eb \u00ebsht\u00eb Thimi Ra\u00e7i, nj\u00eb fotograf fshati n\u00eb Dardh\u00eb. Tani termi \u201cfotograf fshati\u201d ting\u00ebllon n\u00eb m\u00ebnyr\u00eb t\u00eb \u00e7uditshme, por at\u00ebher\u00eb ishte nj\u00eb ngjarje e r\u00ebnd\u00ebsishme. Se kur kishte Dardha fotograf, kishte qytete t\u00eb m\u00ebdha q\u00eb nuk kishin fotograf. Atje nisi Papa Jani Zengo pun\u00ebn e fotografit, e<\/p>\n<p>vazhdoi Pero Ka\u00e7auni, i cili iku n\u00eb SHBA m\u00eb 1910, dhe ia la Thimi Ra\u00e7it, i cili kishte nj\u00eb studio\u201d \u2013 theksoi studiuesi Vrioni.<\/p>\n<p>Tani Qerim Vrioni ka nisur pun\u00ebn p\u00ebr nj\u00eb lib\u00ebr t\u00eb ri me studime p\u00ebr disa nga perlat apo ikonat e fotografis\u00eb shqiptare, si\u00e7 i quan ai, nj\u00eb p\u00ebrzgjedhje me jo m\u00eb shum\u00eb 12 foto t\u00eb autor\u00ebve dhe fotove m\u00eb t\u00eb bukura nga historia e fotografis\u00eb shqiptare.<\/p>\n<p>Nj\u00eb prej studimeve mbi fotot ikona Vrioni ve\u00e7on foton e Ismail Qemalit me flamur komb\u00ebtar mbi ballkon n\u00eb nj\u00ebvjetorin e shpalljes s\u00eb pavar\u00ebsis\u00eb.<\/p>\n<p>Po ashtu n\u00eb koleksionin e p\u00ebrzgjedhur \u00ebsht\u00eb edhe fotoja \u201cDor\u00ebzimi i arm\u00ebve\u201d. Po ashtu \u00ebsht\u00eb nj\u00eb foto pejzazh nga Ilia Xhimitiku si dhe autor\u00eb t\u00eb tjer\u00eb.<\/p>\n<p>\u201cNj\u00eb tjet\u00ebr fotograf i r\u00ebnd\u00ebsish\u00ebm \u00ebsht\u00eb Stefan Ka\u00e7ulini i Durr\u00ebsit. Ai ka disa foto shum\u00eb t\u00eb bukura, midis edhe nj\u00eb varka q\u00eb kthehet n\u00eb port. At\u00eb foto ia dha mendja, syri dhe shpirti i artistit q\u00eb ta b\u00ebnte at\u00eb foto. Zakonisht fotograf\u00ebt e siguronin jetes\u00ebn me foto portrete, por Stefani ka fotografuar shum\u00eb natyr\u00ebn dhe pamjet e Durr\u00ebsit. Mendoj ta p\u00ebrfshij edhe at\u00eb si autor tek libri i ri. Po ashtu shum\u00eb interasant \u00ebsht\u00eb edhe Filip Vito i Gjirokastr\u00ebs, i cili ka shum\u00eb foto dokumentare\u201d \u2013 thot\u00eb studiuesi Vrioni.<\/p>\n<p>Qerim Vrioni \u00ebsht\u00eb nj\u00eb nga studiuesit m\u00eb t\u00eb r\u00ebnd\u00ebsish\u00ebm t\u00eb arteve figurative shqiptare.<\/p>\n<p>Ai shquhet p\u00ebr k\u00ebrkimin e gjat\u00eb dhe t\u00eb detajuar n\u00eb arkiva shtet\u00ebrore e private, n\u00eb biblioteka dhe koleksione shtypi e librash brenda e jasht\u00eb Shqip\u00ebris\u00eb, ku zbulon her\u00eb pas here autor\u00eb dhe vepra t\u00eb panjohura t\u00eb fotografis\u00eb shqiptare.<\/p>\n<p>Si rrall\u00eb autor\u00eb t\u00eb tjer\u00eb, Vrioni bashkon n\u00eb nj\u00eb zbulimin fizik t\u00eb fotografis\u00eb, historin\u00eb e krijimit t\u00eb saj, shtjellimin e ngjarjes apo heroit q\u00eb ajo p\u00ebrmban si dhe jet\u00ebshkrimin e autorit t\u00eb vepr\u00ebs.<\/p>\n<p><img data-recalc-dims=\"1\" loading=\"lazy\" decoding=\"async\" data-attachment-id=\"52320\" data-permalink=\"https:\/\/www.shqiperia.com\/blog\/studiuesi-i-fotografise-shqiptare-qerim-vrioni-me-nje-botim-te-ri\/qerim-vrioni-2-copy\/\" data-orig-file=\"https:\/\/i0.wp.com\/www.shqiperia.com\/blog\/wp-content\/uploads\/2021\/12\/Qerim-Vrioni-2-Copy.jpg?fit=420%2C369&amp;ssl=1\" data-orig-size=\"420,369\" data-comments-opened=\"1\" data-image-meta=\"{&quot;aperture&quot;:&quot;0&quot;,&quot;credit&quot;:&quot;&quot;,&quot;camera&quot;:&quot;&quot;,&quot;caption&quot;:&quot;&quot;,&quot;created_timestamp&quot;:&quot;0&quot;,&quot;copyright&quot;:&quot;&quot;,&quot;focal_length&quot;:&quot;0&quot;,&quot;iso&quot;:&quot;0&quot;,&quot;shutter_speed&quot;:&quot;0&quot;,&quot;title&quot;:&quot;&quot;,&quot;orientation&quot;:&quot;0&quot;}\" data-image-title=\"Qerim Vrioni (2) &#8211; Copy\" data-image-description=\"\" data-image-caption=\"\" data-medium-file=\"https:\/\/i0.wp.com\/www.shqiperia.com\/blog\/wp-content\/uploads\/2021\/12\/Qerim-Vrioni-2-Copy.jpg?fit=300%2C264&amp;ssl=1\" data-large-file=\"https:\/\/i0.wp.com\/www.shqiperia.com\/blog\/wp-content\/uploads\/2021\/12\/Qerim-Vrioni-2-Copy.jpg?fit=420%2C369&amp;ssl=1\" class=\"alignnone  wp-image-52320\" alt=\"\" src=\"https:\/\/i0.wp.com\/www.shqiperia.com\/blog\/wp-content\/uploads\/2021\/12\/Qerim-Vrioni-2-Copy.jpg?resize=592%2C521&#038;ssl=1\" width=\"592\" height=\"521\" srcset=\"https:\/\/i0.wp.com\/www.shqiperia.com\/blog\/wp-content\/uploads\/2021\/12\/Qerim-Vrioni-2-Copy.jpg?resize=300%2C264&amp;ssl=1 300w, https:\/\/i0.wp.com\/www.shqiperia.com\/blog\/wp-content\/uploads\/2021\/12\/Qerim-Vrioni-2-Copy.jpg?resize=400%2C351&amp;ssl=1 400w, https:\/\/i0.wp.com\/www.shqiperia.com\/blog\/wp-content\/uploads\/2021\/12\/Qerim-Vrioni-2-Copy.jpg?w=420&amp;ssl=1 420w\" sizes=\"auto, (max-width: 592px) 100vw, 592px\" \/><\/p>\n<p>Kjo e b\u00ebn at\u00eb nj\u00eb studiues t\u00eb ve\u00e7ant\u00eb, botimet e t\u00eb cilit priten me mjaft interes n\u00eb qarqet kulturore shqiptare.<\/p>\n<p>Nga: www. VOAL.ch<\/p>\n","protected":false},"excerpt":{"rendered":"<p>Studiuesi i fotografis\u00eb shqiptare, Qerim Vrioni, me nj\u00eb botim t\u00eb ri 6 Dhjetor 2021 Nga Ilirian Agolli N\u00eb Tiran\u00eb, studiuesi i njohur i fotografis\u00eb shqiptare, Qerim Vrioni, sapo ka botuar nj\u00eb album me foto portrete t\u00eb autor\u00ebve t\u00eb njohur t\u00eb kultur\u00ebs shqiptare. Zoti Vrioni \u00ebsht\u00eb i njohur p\u00ebr nj\u00eb seri botimesh me studime mbi historin\u00eb [&hellip;]<\/p>\n","protected":false},"author":9,"featured_media":52318,"comment_status":"open","ping_status":"open","sticky":false,"template":"","format":"standard","meta":{"jetpack_post_was_ever_published":false,"_jetpack_newsletter_access":"","_jetpack_dont_email_post_to_subs":false,"_jetpack_newsletter_tier_id":0,"_jetpack_memberships_contains_paywalled_content":false,"_jetpack_memberships_contains_paid_content":false,"footnotes":"","jetpack_publicize_message":"","jetpack_publicize_feature_enabled":true,"jetpack_social_post_already_shared":true,"jetpack_social_options":{"image_generator_settings":{"template":"highway","default_image_id":0,"font":"","enabled":false},"version":2}},"categories":[87,10,86],"tags":[],"class_list":["post-52316","post","type-post","status-publish","format-standard","has-post-thumbnail","hentry","category-arte","category-kultura","category-trashegimi-kulturore"],"jetpack_publicize_connections":[],"jetpack_featured_media_url":"https:\/\/i0.wp.com\/www.shqiperia.com\/blog\/wp-content\/uploads\/2021\/12\/qerim-vrioni.jpg?fit=827%2C485&ssl=1","jetpack_sharing_enabled":true,"jetpack_shortlink":"https:\/\/wp.me\/p5Z6wp-dBO","jetpack-related-posts":[{"id":51326,"url":"https:\/\/www.shqiperia.com\/blog\/nentori-muaji-i-flamurit-jane-5-ribotime-te-monografise-studimore-flamuri-i-kombit-shqiptar-origjina-lashtesia-te-studiuesit-jaho-brahaj\/","url_meta":{"origin":52316,"position":0},"title":"Nentori &#8211;  Muaji i Flamurit: &#8211; Jane 5 ribotime te monografise studimore &#8220;Flamuri i Kombit Shqiptar &#8211; origjina, lashtesia&#8221;, te studiuesit Jaho Brahaj","author":"Kurt Farka","date":"November 13, 2021","format":false,"excerpt":"Nentori - muaji i Flamurit: - Jane 5 ribotime te monografise studimore \"Flamuri i Kombit Shqiptar - origjina, lashtesia\", te studiuesit Jaho Brahaj - Po publikojme kopertinat dhe ne nderim e mirnjohje te Prof. Ramadan Sokolit - personalitet i studimeve albanologjike, po ribotojme recensen e tij per kete studim. Nga:\u2026","rel":"","context":"In &quot;Histori&quot;","block_context":{"text":"Histori","link":"https:\/\/www.shqiperia.com\/blog\/category\/histori\/"},"img":{"alt_text":"","src":"https:\/\/i0.wp.com\/www.shqiperia.com\/blog\/wp-content\/uploads\/2021\/11\/Jaho-Brahaj-Flamuri-i-Kombit-Shqiptar.jpg?fit=783%2C526&ssl=1&resize=350%2C200","width":350,"height":200,"srcset":"https:\/\/i0.wp.com\/www.shqiperia.com\/blog\/wp-content\/uploads\/2021\/11\/Jaho-Brahaj-Flamuri-i-Kombit-Shqiptar.jpg?fit=783%2C526&ssl=1&resize=350%2C200 1x, https:\/\/i0.wp.com\/www.shqiperia.com\/blog\/wp-content\/uploads\/2021\/11\/Jaho-Brahaj-Flamuri-i-Kombit-Shqiptar.jpg?fit=783%2C526&ssl=1&resize=525%2C300 1.5x, https:\/\/i0.wp.com\/www.shqiperia.com\/blog\/wp-content\/uploads\/2021\/11\/Jaho-Brahaj-Flamuri-i-Kombit-Shqiptar.jpg?fit=783%2C526&ssl=1&resize=700%2C400 2x"},"classes":[]},{"id":1630,"url":"https:\/\/www.shqiperia.com\/blog\/eruditi-ramadan-sokoli-dhe-nje-cyle-dyjare\/","url_meta":{"origin":52316,"position":1},"title":"Eruditi Ramadan Sokoli dhe nj\u00eb cyl\u00eb dyjare. &#8211;","author":"Kurt Farka","date":"January 21, 2018","format":false,"excerpt":"Ne foto:Prof.Ramadan Sokoli Nga: Qerim Vrioni. Kjo fotografi e studiuesit t\u00eb njohur t\u00eb muzik\u00ebs popullore shqiptare (por jo vet\u00ebm t\u00eb saj), nj\u00ebkoh\u00ebsisht edhe mikut tim t\u00eb ndjer\u00eb, prof. Ramadan Sokoli, \u00ebsht\u00eb b\u00ebr\u00eb n\u00eb vitin 2001. Fotoja \u00ebsht\u00eb realizuar n\u00eb studion e tij t\u00eb madhe, q\u00eb p\u00ebr hir t\u00eb s\u00eb v\u00ebrtet\u00ebs,\u2026","rel":"","context":"In &quot;Blogu i Udh\u00ebtarit&quot;","block_context":{"text":"Blogu i Udh\u00ebtarit","link":"https:\/\/www.shqiperia.com\/blog\/category\/blogu-i-udhetarit\/"},"img":{"alt_text":"","src":"https:\/\/i0.wp.com\/www.shqiperia.com\/blog\/wp-content\/uploads\/2018\/01\/Ramadan-Sikoli.jpg?fit=720%2C960&ssl=1&resize=350%2C200","width":350,"height":200,"srcset":"https:\/\/i0.wp.com\/www.shqiperia.com\/blog\/wp-content\/uploads\/2018\/01\/Ramadan-Sikoli.jpg?fit=720%2C960&ssl=1&resize=350%2C200 1x, https:\/\/i0.wp.com\/www.shqiperia.com\/blog\/wp-content\/uploads\/2018\/01\/Ramadan-Sikoli.jpg?fit=720%2C960&ssl=1&resize=525%2C300 1.5x, https:\/\/i0.wp.com\/www.shqiperia.com\/blog\/wp-content\/uploads\/2018\/01\/Ramadan-Sikoli.jpg?fit=720%2C960&ssl=1&resize=700%2C400 2x"},"classes":[]},{"id":12044,"url":"https:\/\/www.shqiperia.com\/blog\/kole-maca-artisti-qe-u-tregoi-nje-shekull-me-pare-italianeve-imazhin-e-shqiptarit\/","url_meta":{"origin":52316,"position":2},"title":"Kol\u00eb Maca, artisti q\u00eb u tregoi nj\u00eb shekull m\u00eb par\u00eb italian\u00ebve imazhin e shqiptarit.-","author":"Kurt Farka","date":"September 29, 2018","format":false,"excerpt":"Kol\u00eb Maca, artisti q\u00eb u tregoi nj\u00eb shekull m\u00eb par\u00eb italian\u00ebve imazhin e shqiptarit.- Nga Qerim Vrioni \u2013 Nj\u00eb nga fotograf\u00ebt m\u00eb t\u00eb shquar shqiptar t\u00eb gjysm\u00ebs s\u00eb par\u00eb t\u00eb shekullit t\u00eb kaluar, mbetet pa dyshim Kol\u00eb Maca (1882-1945). M\u00ebsimet e para n\u00eb l\u00ebm t\u00eb \u201cdhom\u00ebs s\u00eb err\u00ebt\u201d, ai i\u2026","rel":"","context":"In &quot;Blogu i Udh\u00ebtarit&quot;","block_context":{"text":"Blogu i Udh\u00ebtarit","link":"https:\/\/www.shqiperia.com\/blog\/category\/blogu-i-udhetarit\/"},"img":{"alt_text":"","src":"https:\/\/i0.wp.com\/www.shqiperia.com\/blog\/wp-content\/uploads\/2018\/09\/13-2sasasa0-2.jpg?fit=1123%2C619&ssl=1&resize=350%2C200","width":350,"height":200,"srcset":"https:\/\/i0.wp.com\/www.shqiperia.com\/blog\/wp-content\/uploads\/2018\/09\/13-2sasasa0-2.jpg?fit=1123%2C619&ssl=1&resize=350%2C200 1x, https:\/\/i0.wp.com\/www.shqiperia.com\/blog\/wp-content\/uploads\/2018\/09\/13-2sasasa0-2.jpg?fit=1123%2C619&ssl=1&resize=525%2C300 1.5x, https:\/\/i0.wp.com\/www.shqiperia.com\/blog\/wp-content\/uploads\/2018\/09\/13-2sasasa0-2.jpg?fit=1123%2C619&ssl=1&resize=700%2C400 2x, https:\/\/i0.wp.com\/www.shqiperia.com\/blog\/wp-content\/uploads\/2018\/09\/13-2sasasa0-2.jpg?fit=1123%2C619&ssl=1&resize=1050%2C600 3x"},"classes":[]},{"id":99299,"url":"https:\/\/www.shqiperia.com\/blog\/rrok-zojzi-ekspedita-etnografike-te-marubi-jaho-brahaj-pasqyron-jeten-e-perditshme-te-shqiptareve-nder-vite\/","url_meta":{"origin":52316,"position":3},"title":"\u201cRrok Zojzi: Ekspedita Etnografike\u201d te \u201cMarubi\u201d, Jaho Brahaj: &#8211; Pasqyron jet\u00ebn e p\u00ebrditshme t\u00eb shqiptar\u00ebve nd\u00ebr vite","author":"Kurt Farka","date":"April 11, 2026","format":false,"excerpt":"13 Prill 2026 Nga Julia Vrapi Nga: Gazeta Sot. Nj\u00eb p\u00ebrzgjedhje t\u00eb fotografive etnografike t\u00eb Rrok Zojzit jan\u00eb pjes\u00eb e ekspozit\u00ebs, q\u00eb u \u00e7el k\u00ebto dit\u00eb te muzeu \u201cMarubi\u201d n\u00eb Shkod\u00ebr. K\u00ebto imazhe n\u00eb ekspozit\u00ebn \u201cRrok Zojzi: Ekspedita Etnografike\u201d dokumentojn\u00eb kultur\u00ebn tradicionale shqiptare p\u00ebrmes veshjeve, banesave, mjeteve t\u00eb pun\u00ebs, ritualeve\u2026","rel":"","context":"In &quot;Arte&quot;","block_context":{"text":"Arte","link":"https:\/\/www.shqiperia.com\/blog\/category\/arte\/"},"img":{"alt_text":"","src":"https:\/\/i0.wp.com\/www.shqiperia.com\/blog\/wp-content\/uploads\/2026\/04\/669806008_4535316116691656_4331892994016633947_n-Copy.jpg?fit=1200%2C768&ssl=1&resize=350%2C200","width":350,"height":200,"srcset":"https:\/\/i0.wp.com\/www.shqiperia.com\/blog\/wp-content\/uploads\/2026\/04\/669806008_4535316116691656_4331892994016633947_n-Copy.jpg?fit=1200%2C768&ssl=1&resize=350%2C200 1x, https:\/\/i0.wp.com\/www.shqiperia.com\/blog\/wp-content\/uploads\/2026\/04\/669806008_4535316116691656_4331892994016633947_n-Copy.jpg?fit=1200%2C768&ssl=1&resize=525%2C300 1.5x, https:\/\/i0.wp.com\/www.shqiperia.com\/blog\/wp-content\/uploads\/2026\/04\/669806008_4535316116691656_4331892994016633947_n-Copy.jpg?fit=1200%2C768&ssl=1&resize=700%2C400 2x, https:\/\/i0.wp.com\/www.shqiperia.com\/blog\/wp-content\/uploads\/2026\/04\/669806008_4535316116691656_4331892994016633947_n-Copy.jpg?fit=1200%2C768&ssl=1&resize=1050%2C600 3x"},"classes":[]},{"id":47446,"url":"https:\/\/www.shqiperia.com\/blog\/kendi-i-fotografise-nje-pale-corape-gruaje-te-veshjeve-tradicionale-shqiptare\/","url_meta":{"origin":52316,"position":4},"title":"Kendi i Fotografise: &#8211; Nje pale \u00e7orape gruaje te veshjeve tradicionale shqiptare.","author":"Kurt Farka","date":"May 13, 2021","format":false,"excerpt":"Kendi i Fotografise: - Nje pale \u00e7orape gruaje te veshjeve tradicionale shqiptare. Jane te nderthurura disa simbole me permbajtje kulti te realizuara mjeshterisht dhe me art. Foto Jaho Brahaj","rel":"","context":"In &quot;Histori&quot;","block_context":{"text":"Histori","link":"https:\/\/www.shqiperia.com\/blog\/category\/histori\/"},"img":{"alt_text":"","src":"https:\/\/i0.wp.com\/www.shqiperia.com\/blog\/wp-content\/uploads\/2021\/05\/186525570_3027162204173729_8199188584456901698_n.jpg?fit=1200%2C784&ssl=1&resize=350%2C200","width":350,"height":200,"srcset":"https:\/\/i0.wp.com\/www.shqiperia.com\/blog\/wp-content\/uploads\/2021\/05\/186525570_3027162204173729_8199188584456901698_n.jpg?fit=1200%2C784&ssl=1&resize=350%2C200 1x, https:\/\/i0.wp.com\/www.shqiperia.com\/blog\/wp-content\/uploads\/2021\/05\/186525570_3027162204173729_8199188584456901698_n.jpg?fit=1200%2C784&ssl=1&resize=525%2C300 1.5x, https:\/\/i0.wp.com\/www.shqiperia.com\/blog\/wp-content\/uploads\/2021\/05\/186525570_3027162204173729_8199188584456901698_n.jpg?fit=1200%2C784&ssl=1&resize=700%2C400 2x, https:\/\/i0.wp.com\/www.shqiperia.com\/blog\/wp-content\/uploads\/2021\/05\/186525570_3027162204173729_8199188584456901698_n.jpg?fit=1200%2C784&ssl=1&resize=1050%2C600 3x"},"classes":[]},{"id":45029,"url":"https:\/\/www.shqiperia.com\/blog\/kendi-i-fotografise-nga-pasuria-e-xhubletes-shqiptare\/","url_meta":{"origin":52316,"position":5},"title":"Kendi i Fotografise: &#8211; Nga pasuria e Xhubletes Shqiptare","author":"Kurt Farka","date":"March 6, 2021","format":false,"excerpt":"Kendi i Fotografise: - Nga pasuria e Xhubletes Shqiptare Po publikoime nje foto nga publikimet e shumta nga njohesi i kesaj Pasurie Jaho Brahaj Ne foto: - Corape me motive te Malesise se Shkodres - simbole interesante dhe te lashta te pasurise te etnise tone. Aktuale dhe Emergjente pyetja: A\u2026","rel":"","context":"In &quot;Arte&quot;","block_context":{"text":"Arte","link":"https:\/\/www.shqiperia.com\/blog\/category\/arte\/"},"img":{"alt_text":"","src":"https:\/\/i0.wp.com\/www.shqiperia.com\/blog\/wp-content\/uploads\/2021\/03\/119090681_3331699283591771_3415195966340734820_n-Copy.jpg?fit=927%2C634&ssl=1&resize=350%2C200","width":350,"height":200,"srcset":"https:\/\/i0.wp.com\/www.shqiperia.com\/blog\/wp-content\/uploads\/2021\/03\/119090681_3331699283591771_3415195966340734820_n-Copy.jpg?fit=927%2C634&ssl=1&resize=350%2C200 1x, https:\/\/i0.wp.com\/www.shqiperia.com\/blog\/wp-content\/uploads\/2021\/03\/119090681_3331699283591771_3415195966340734820_n-Copy.jpg?fit=927%2C634&ssl=1&resize=525%2C300 1.5x, https:\/\/i0.wp.com\/www.shqiperia.com\/blog\/wp-content\/uploads\/2021\/03\/119090681_3331699283591771_3415195966340734820_n-Copy.jpg?fit=927%2C634&ssl=1&resize=700%2C400 2x"},"classes":[]}],"_links":{"self":[{"href":"https:\/\/www.shqiperia.com\/blog\/wp-json\/wp\/v2\/posts\/52316","targetHints":{"allow":["GET"]}}],"collection":[{"href":"https:\/\/www.shqiperia.com\/blog\/wp-json\/wp\/v2\/posts"}],"about":[{"href":"https:\/\/www.shqiperia.com\/blog\/wp-json\/wp\/v2\/types\/post"}],"author":[{"embeddable":true,"href":"https:\/\/www.shqiperia.com\/blog\/wp-json\/wp\/v2\/users\/9"}],"replies":[{"embeddable":true,"href":"https:\/\/www.shqiperia.com\/blog\/wp-json\/wp\/v2\/comments?post=52316"}],"version-history":[{"count":1,"href":"https:\/\/www.shqiperia.com\/blog\/wp-json\/wp\/v2\/posts\/52316\/revisions"}],"predecessor-version":[{"id":52321,"href":"https:\/\/www.shqiperia.com\/blog\/wp-json\/wp\/v2\/posts\/52316\/revisions\/52321"}],"wp:featuredmedia":[{"embeddable":true,"href":"https:\/\/www.shqiperia.com\/blog\/wp-json\/wp\/v2\/media\/52318"}],"wp:attachment":[{"href":"https:\/\/www.shqiperia.com\/blog\/wp-json\/wp\/v2\/media?parent=52316"}],"wp:term":[{"taxonomy":"category","embeddable":true,"href":"https:\/\/www.shqiperia.com\/blog\/wp-json\/wp\/v2\/categories?post=52316"},{"taxonomy":"post_tag","embeddable":true,"href":"https:\/\/www.shqiperia.com\/blog\/wp-json\/wp\/v2\/tags?post=52316"}],"curies":[{"name":"wp","href":"https:\/\/api.w.org\/{rel}","templated":true}]}}