{"id":52313,"date":"2021-12-13T10:32:36","date_gmt":"2021-12-13T10:32:36","guid":{"rendered":"https:\/\/www.shqiperia.com\/blog\/?p=52313"},"modified":"2021-12-13T10:32:36","modified_gmt":"2021-12-13T10:32:36","slug":"pas-shiut-i-ftohti-siberian-mberthen-shqiperine-dhe-rajonin","status":"publish","type":"post","link":"https:\/\/www.shqiperia.com\/blog\/pas-shiut-i-ftohti-siberian-mberthen-shqiperine-dhe-rajonin\/","title":{"rendered":"Pas shiut, i ftohti siberian mb\u00ebrthen Shqip\u00ebrin\u00eb dhe rajonin"},"content":{"rendered":"<p><img data-recalc-dims=\"1\" loading=\"lazy\" decoding=\"async\" data-attachment-id=\"52314\" data-permalink=\"https:\/\/www.shqiperia.com\/blog\/pas-shiut-i-ftohti-siberian-mberthen-shqiperine-dhe-rajonin\/640-0-6-1639378409\/\" data-orig-file=\"https:\/\/i0.wp.com\/www.shqiperia.com\/blog\/wp-content\/uploads\/2021\/12\/640-0-6-1639378409.jpg?fit=640%2C386&amp;ssl=1\" data-orig-size=\"640,386\" data-comments-opened=\"1\" data-image-meta=\"{&quot;aperture&quot;:&quot;0&quot;,&quot;credit&quot;:&quot;&quot;,&quot;camera&quot;:&quot;&quot;,&quot;caption&quot;:&quot;&quot;,&quot;created_timestamp&quot;:&quot;0&quot;,&quot;copyright&quot;:&quot;&quot;,&quot;focal_length&quot;:&quot;0&quot;,&quot;iso&quot;:&quot;0&quot;,&quot;shutter_speed&quot;:&quot;0&quot;,&quot;title&quot;:&quot;&quot;,&quot;orientation&quot;:&quot;0&quot;}\" data-image-title=\"-640-0-6-1639378409\" data-image-description=\"\" data-image-caption=\"\" data-medium-file=\"https:\/\/i0.wp.com\/www.shqiperia.com\/blog\/wp-content\/uploads\/2021\/12\/640-0-6-1639378409.jpg?fit=300%2C181&amp;ssl=1\" data-large-file=\"https:\/\/i0.wp.com\/www.shqiperia.com\/blog\/wp-content\/uploads\/2021\/12\/640-0-6-1639378409.jpg?fit=640%2C386&amp;ssl=1\" class=\"alignnone  wp-image-52314\" alt=\"\" src=\"https:\/\/i0.wp.com\/www.shqiperia.com\/blog\/wp-content\/uploads\/2021\/12\/640-0-6-1639378409.jpg?resize=554%2C334&#038;ssl=1\" width=\"554\" height=\"334\" srcset=\"https:\/\/i0.wp.com\/www.shqiperia.com\/blog\/wp-content\/uploads\/2021\/12\/640-0-6-1639378409.jpg?resize=300%2C181&amp;ssl=1 300w, https:\/\/i0.wp.com\/www.shqiperia.com\/blog\/wp-content\/uploads\/2021\/12\/640-0-6-1639378409.jpg?resize=450%2C271&amp;ssl=1 450w, https:\/\/i0.wp.com\/www.shqiperia.com\/blog\/wp-content\/uploads\/2021\/12\/640-0-6-1639378409.jpg?resize=600%2C362&amp;ssl=1 600w, https:\/\/i0.wp.com\/www.shqiperia.com\/blog\/wp-content\/uploads\/2021\/12\/640-0-6-1639378409.jpg?resize=400%2C241&amp;ssl=1 400w, https:\/\/i0.wp.com\/www.shqiperia.com\/blog\/wp-content\/uploads\/2021\/12\/640-0-6-1639378409.jpg?w=640&amp;ssl=1 640w\" sizes=\"auto, (max-width: 554px) 100vw, 554px\" \/><\/p>\n<p>Pas shiut, i ftohti siberian mb\u00ebrthen Shqip\u00ebrin\u00eb dhe rajonin<\/p>\n<p>Nga OraNews<\/p>\n<p>13 Dhjetor 2021<\/p>\n<p>I ftohti siberian mb\u00ebrthen s\u00ebrish Ballkanin duke diktuar edhe n\u00eb vendin ton\u00eb mot t\u00eb kthjell\u00ebt por t\u00eb ftoht\u00eb.<\/p>\n<p>Gjat\u00eb or\u00ebve t\u00eb mesdit\u00ebs do t\u00eb ket\u00eb vran\u00ebsira t\u00eb shpeshta n\u00ebp\u00ebr t\u00eb gjith\u00eb vendin dhe zonat juglindore rrezikojn\u00eb t\u00eb ken\u00eb reshje t\u00eb izoluara d\u00ebbore.<\/p>\n<p>Sipas MeteoAlb, parashikohet q\u00eb or\u00ebt e vona t\u00eb mbr\u00ebmjes t\u00eb largojn\u00eb gradualisht vran\u00ebsirat nga i gjith\u00eb territori, duke b\u00ebr\u00eb q\u00eb moti i kthjell\u00ebt dhe i ftoht\u00eb t\u00eb jet\u00eb dominant.<\/p>\n<p>Temperaturat e ajrit do t\u00eb p\u00ebsojne r\u00ebnie t\u00eb ndjeshme n\u00eb m\u00ebngjes por nj\u00eb rritje t\u00eb lehte do t\u00eb ket\u00eb n\u00eb mesdit\u00eb duke luhatur vlerat ditore nga -7\u00b0C deri n\u00eb 11\u00b0C.<\/p>\n<p>Era do t\u00eb fryj\u00eb mesatare deri e forte me shpejt\u00ebsi 50 km\/h verior &#8211; verilindor duke gjeneruar ne brigjet e Adriatikut dhe Jonit dallg\u00ebzim mbi 4 ball\u00eb.<\/p>\n","protected":false},"excerpt":{"rendered":"<p>Pas shiut, i ftohti siberian mb\u00ebrthen Shqip\u00ebrin\u00eb dhe rajonin Nga OraNews 13 Dhjetor 2021 I ftohti siberian mb\u00ebrthen s\u00ebrish Ballkanin duke diktuar edhe n\u00eb vendin ton\u00eb mot t\u00eb kthjell\u00ebt por t\u00eb ftoht\u00eb. Gjat\u00eb or\u00ebve t\u00eb mesdit\u00ebs do t\u00eb ket\u00eb vran\u00ebsira t\u00eb shpeshta n\u00ebp\u00ebr t\u00eb gjith\u00eb vendin dhe zonat juglindore rrezikojn\u00eb t\u00eb ken\u00eb reshje t\u00eb izoluara [&hellip;]<\/p>\n","protected":false},"author":9,"featured_media":52314,"comment_status":"open","ping_status":"open","sticky":false,"template":"","format":"standard","meta":{"jetpack_post_was_ever_published":false,"_jetpack_newsletter_access":"","_jetpack_dont_email_post_to_subs":false,"_jetpack_newsletter_tier_id":0,"_jetpack_memberships_contains_paywalled_content":false,"_jetpack_memberships_contains_paid_content":false,"footnotes":"","jetpack_publicize_message":"","jetpack_publicize_feature_enabled":true,"jetpack_social_post_already_shared":true,"jetpack_social_options":{"image_generator_settings":{"template":"highway","default_image_id":0,"font":"","enabled":false},"version":2}},"categories":[27,35],"tags":[],"class_list":["post-52313","post","type-post","status-publish","format-standard","has-post-thumbnail","hentry","category-blogu-i-udhetarit","category-shoqerore"],"jetpack_publicize_connections":[],"jetpack_featured_media_url":"https:\/\/i0.wp.com\/www.shqiperia.com\/blog\/wp-content\/uploads\/2021\/12\/640-0-6-1639378409.jpg?fit=640%2C386&ssl=1","jetpack_sharing_enabled":true,"jetpack_shortlink":"https:\/\/wp.me\/p5Z6wp-dBL","jetpack-related-posts":[{"id":77037,"url":"https:\/\/www.shqiperia.com\/blog\/cikloni-befana-mberthen-italine-reshjet-e-dendura-dhe-i-ftohti-polar-qe-pritet-te-godase-te-gjithe-ballkanin\/","url_meta":{"origin":52313,"position":0},"title":"Cikloni Befana &#8220;mb\u00ebrthen&#8221; Italin\u00eb, reshjet e dendura dhe i ftohti polar q\u00eb pritet t\u00eb godas\u00eb t\u00eb gjith\u00eb Ballkanin","author":"Kurt Farka","date":"January 5, 2024","format":false,"excerpt":"5 Janar 2024 Nga kjo e premte Italia do t\u00eb p\u00ebrfshihet nga moti i keq, nd\u00ebrsa temperaturat do t\u00eb ulen ndjesh\u00ebm,\u00a0 Andrea Garbinato nga uebsajti iLMeteo.it u shpreh se vala anormale e t\u00eb nxehtit q\u00eb ka sh\u00ebnuar periudh\u00ebn e Krishtlindjeve do p\u00ebrfundoj\u00eb dit\u00ebt e para t\u00eb janarit, ku u shpreh\u2026","rel":"","context":"In &quot;Blogu i Udh\u00ebtarit&quot;","block_context":{"text":"Blogu i Udh\u00ebtarit","link":"https:\/\/www.shqiperia.com\/blog\/category\/blogu-i-udhetarit\/"},"img":{"alt_text":"","src":"https:\/\/i0.wp.com\/www.shqiperia.com\/blog\/wp-content\/uploads\/2024\/01\/800-0-659822b1ef6c8.jpg?fit=800%2C473&ssl=1&resize=350%2C200","width":350,"height":200,"srcset":"https:\/\/i0.wp.com\/www.shqiperia.com\/blog\/wp-content\/uploads\/2024\/01\/800-0-659822b1ef6c8.jpg?fit=800%2C473&ssl=1&resize=350%2C200 1x, https:\/\/i0.wp.com\/www.shqiperia.com\/blog\/wp-content\/uploads\/2024\/01\/800-0-659822b1ef6c8.jpg?fit=800%2C473&ssl=1&resize=525%2C300 1.5x, https:\/\/i0.wp.com\/www.shqiperia.com\/blog\/wp-content\/uploads\/2024\/01\/800-0-659822b1ef6c8.jpg?fit=800%2C473&ssl=1&resize=700%2C400 2x"},"classes":[]},{"id":97526,"url":"https:\/\/www.shqiperia.com\/blog\/i-ftohti-ekstrem-mberthen-new-york-temperaturat-me-te-uleta-se-ne-antarktide\/","url_meta":{"origin":52313,"position":1},"title":"I ftohti ekstrem \u2018mb\u00ebrthen\u2019 New York, temperaturat m\u00eb t\u00eb ul\u00ebta se n\u00eb Antarktid\u00eb","author":"Kurt Farka","date":"February 9, 2026","format":false,"excerpt":"9 Shkurt 2026 T\u00eb diel\u00ebn, qyteti regjistroi nj\u00eb temperatur\u00eb prej rreth -16 grad\u00eb Celsius deri n\u00eb -26 grad\u00eb. Nju Jorkut po p\u00ebrjeton nj\u00eb t\u00eb ftoht\u00eb ekstrem q\u00eb madje i tejkalon t\u00eb ftohtit polar. Vendi ka regjistruar temperatura n\u00eb disa zona m\u00eb t\u00eb ul\u00ebta se pjes\u00eb t\u00eb caktuara t\u00eb Antarktid\u00ebs. Sh\u00ebrbimi\u2026","rel":"","context":"In &quot;Njoftime Shtypi&quot;","block_context":{"text":"Njoftime Shtypi","link":"https:\/\/www.shqiperia.com\/blog\/category\/njoftime-shtypi\/"},"img":{"alt_text":"","src":"https:\/\/i0.wp.com\/www.shqiperia.com\/blog\/wp-content\/uploads\/2026\/02\/1734ddb7-new-york-cold.jpg?fit=1200%2C720&ssl=1&resize=350%2C200","width":350,"height":200,"srcset":"https:\/\/i0.wp.com\/www.shqiperia.com\/blog\/wp-content\/uploads\/2026\/02\/1734ddb7-new-york-cold.jpg?fit=1200%2C720&ssl=1&resize=350%2C200 1x, https:\/\/i0.wp.com\/www.shqiperia.com\/blog\/wp-content\/uploads\/2026\/02\/1734ddb7-new-york-cold.jpg?fit=1200%2C720&ssl=1&resize=525%2C300 1.5x, https:\/\/i0.wp.com\/www.shqiperia.com\/blog\/wp-content\/uploads\/2026\/02\/1734ddb7-new-york-cold.jpg?fit=1200%2C720&ssl=1&resize=700%2C400 2x, https:\/\/i0.wp.com\/www.shqiperia.com\/blog\/wp-content\/uploads\/2026\/02\/1734ddb7-new-york-cold.jpg?fit=1200%2C720&ssl=1&resize=1050%2C600 3x"},"classes":[]},{"id":94791,"url":"https:\/\/www.shqiperia.com\/blog\/i-ftohti-polar-godet-shba-ne-zonat-ku-priten-temperatura-rekord\/","url_meta":{"origin":52313,"position":2},"title":"I ftohti polar godet SHBA-n\u00eb, zonat ku priten temperatura rekord","author":"Kurt Farka","date":"November 9, 2025","format":false,"excerpt":"9 Nentor 2025 SHBA \u00ebsht\u00eb prekur nga nj\u00eb val\u00eb e fort\u00eb t\u00eb ftohti polar, duke i sjell\u00eb temperaturat af\u00ebr niveleve m\u00eb t\u00eb ul\u00ebta rekord. M\u00eb shum\u00eb se 170 milion\u00eb njer\u00ebz nga Bostoni n\u00eb Florida po p\u00ebrjetojn\u00eb dimrin m\u00eb t\u00eb hersh\u00ebm n\u00eb vite, nd\u00ebrsa ajri i ftoht\u00eb nga Kanadaja p\u00ebrshkon t\u00eb\u2026","rel":"","context":"In &quot;Blogu i Udh\u00ebtarit&quot;","block_context":{"text":"Blogu i Udh\u00ebtarit","link":"https:\/\/www.shqiperia.com\/blog\/category\/blogu-i-udhetarit\/"},"img":{"alt_text":"","src":"https:\/\/i0.wp.com\/www.shqiperia.com\/blog\/wp-content\/uploads\/2025\/11\/640-0-39b21ebbd40ce7e809be62d05f1c6838.jpg?fit=640%2C361&ssl=1&resize=350%2C200","width":350,"height":200,"srcset":"https:\/\/i0.wp.com\/www.shqiperia.com\/blog\/wp-content\/uploads\/2025\/11\/640-0-39b21ebbd40ce7e809be62d05f1c6838.jpg?fit=640%2C361&ssl=1&resize=350%2C200 1x, https:\/\/i0.wp.com\/www.shqiperia.com\/blog\/wp-content\/uploads\/2025\/11\/640-0-39b21ebbd40ce7e809be62d05f1c6838.jpg?fit=640%2C361&ssl=1&resize=525%2C300 1.5x"},"classes":[]},{"id":51910,"url":"https:\/\/www.shqiperia.com\/blog\/ja-sa-pritet-te-zgjase-i-ftohti-polar-ne-shqiperi\/","url_meta":{"origin":52313,"position":3},"title":"Ja sa pritet t\u00eb zgjas\u00eb i ftohti polar n\u00eb Shqip\u00ebri","author":"Kurt Farka","date":"December 1, 2021","format":false,"excerpt":"Ja sa pritet t\u00eb zgjas\u00eb i ftohti polar n\u00eb Shqip\u00ebri 30 N\u00cbNTOR 2021 I ftohti polar pritet t\u00eb mbizot\u00ebroj\u00eb deri t\u00eb enjten. Pas reshjeve t\u00eb dendura t\u00eb shiut dhe d\u00ebbor\u00ebs, n\u00eb fillimjav\u00eb, e m\u00ebrkura do t\u00eb karakterizohet nga mot me diell, por me temperatura t\u00eb ul\u00ebta q\u00eb shkojn\u00eb deri n\u00eb\u2026","rel":"","context":"In &quot;Shoqerore&quot;","block_context":{"text":"Shoqerore","link":"https:\/\/www.shqiperia.com\/blog\/category\/shoqerore\/"},"img":{"alt_text":"","src":"https:\/\/i0.wp.com\/www.shqiperia.com\/blog\/wp-content\/uploads\/2021\/12\/800-0-61a64d4281680.jpg?fit=800%2C450&ssl=1&resize=350%2C200","width":350,"height":200,"srcset":"https:\/\/i0.wp.com\/www.shqiperia.com\/blog\/wp-content\/uploads\/2021\/12\/800-0-61a64d4281680.jpg?fit=800%2C450&ssl=1&resize=350%2C200 1x, https:\/\/i0.wp.com\/www.shqiperia.com\/blog\/wp-content\/uploads\/2021\/12\/800-0-61a64d4281680.jpg?fit=800%2C450&ssl=1&resize=525%2C300 1.5x, https:\/\/i0.wp.com\/www.shqiperia.com\/blog\/wp-content\/uploads\/2021\/12\/800-0-61a64d4281680.jpg?fit=800%2C450&ssl=1&resize=700%2C400 2x"},"classes":[]},{"id":84864,"url":"https:\/\/www.shqiperia.com\/blog\/cfare-ka-rezervuar-moti-per-javen-e-ardhshme-rikthehet-i-ftohti-temperaturat-do-te-arrijne\/","url_meta":{"origin":52313,"position":4},"title":"\u00c7far\u00eb ka rezervuar moti p\u00ebr jav\u00ebn e ardhshme? Rikthehet i ftohti, temperaturat do t\u00eb arrijn\u00eb\u2026","author":"Kurt Farka","date":"September 22, 2024","format":false,"excerpt":"22 Shtator 2024 P\u00ebr jav\u00ebn q\u00eb presim p\u00ebrpara vendi yn\u00eb pritet t\u00eb p\u00ebrjetoj\u00eb nj\u00eb jav\u00eb \u201cnormale\u201d vjeshte. Kalimi i nj\u00eb fronti t\u00eb ftoht\u00eb pritet t\u00eb sjell\u00eb mot t\u00eb vran\u00ebt dhe reshje shiu p\u00ebr disa dit\u00eb nd\u00ebrsa dep\u00ebrtimi i masave ajrore t\u00eb thata dhe t\u00eb ngrohta do t\u00eb sjelli mot t\u00eb\u2026","rel":"","context":"In &quot;Blogu i Udh\u00ebtarit&quot;","block_context":{"text":"Blogu i Udh\u00ebtarit","link":"https:\/\/www.shqiperia.com\/blog\/category\/blogu-i-udhetarit\/"},"img":{"alt_text":"","src":"https:\/\/i0.wp.com\/www.shqiperia.com\/blog\/wp-content\/uploads\/2024\/09\/shiu-1.jpg?fit=640%2C360&ssl=1&resize=350%2C200","width":350,"height":200,"srcset":"https:\/\/i0.wp.com\/www.shqiperia.com\/blog\/wp-content\/uploads\/2024\/09\/shiu-1.jpg?fit=640%2C360&ssl=1&resize=350%2C200 1x, https:\/\/i0.wp.com\/www.shqiperia.com\/blog\/wp-content\/uploads\/2024\/09\/shiu-1.jpg?fit=640%2C360&ssl=1&resize=525%2C300 1.5x"},"classes":[]},{"id":53331,"url":"https:\/\/www.shqiperia.com\/blog\/pritet-bore-ne-tirane-qytetet-qe-goditen-nga-i-ftohti-arktik-qe-mbylli-shkollat\/","url_meta":{"origin":52313,"position":5},"title":"Pritet bor\u00eb n\u00eb Tiran\u00eb. &#8211; Qytetet q\u00eb goditen nga i ftohti arktik, q\u00eb mbylli shkollat","author":"Kurt Farka","date":"January 21, 2022","format":false,"excerpt":"Pritet bor\u00eb n\u00eb Tiran\u00eb. - Qytetet q\u00eb goditen nga i ftohti arktik, q\u00eb mbylli shkollat - 20.01.22 Mbyllja e shkollave p\u00ebr fillimin e jav\u00ebs s\u00eb ardhshme ishte nj\u00eb mas\u00eb paraprake q\u00eb nx\u00ebn\u00ebsit t\u00eb mos ekspozohen ndaj temperaturave t\u00eb ulta q\u00eb pritet t\u00eb p\u00ebrfshijn\u00eb t\u00eb gjith\u00eb vendin. M\u00ebsimi do t\u00eb nd\u00ebrpritet\u2026","rel":"","context":"In &quot;Blogu i Udh\u00ebtarit&quot;","block_context":{"text":"Blogu i Udh\u00ebtarit","link":"https:\/\/www.shqiperia.com\/blog\/category\/blogu-i-udhetarit\/"},"img":{"alt_text":"","src":"https:\/\/i0.wp.com\/www.shqiperia.com\/blog\/wp-content\/uploads\/2022\/01\/bore-1-770x433-1.jpg?fit=770%2C433&ssl=1&resize=350%2C200","width":350,"height":200,"srcset":"https:\/\/i0.wp.com\/www.shqiperia.com\/blog\/wp-content\/uploads\/2022\/01\/bore-1-770x433-1.jpg?fit=770%2C433&ssl=1&resize=350%2C200 1x, https:\/\/i0.wp.com\/www.shqiperia.com\/blog\/wp-content\/uploads\/2022\/01\/bore-1-770x433-1.jpg?fit=770%2C433&ssl=1&resize=525%2C300 1.5x, https:\/\/i0.wp.com\/www.shqiperia.com\/blog\/wp-content\/uploads\/2022\/01\/bore-1-770x433-1.jpg?fit=770%2C433&ssl=1&resize=700%2C400 2x"},"classes":[]}],"_links":{"self":[{"href":"https:\/\/www.shqiperia.com\/blog\/wp-json\/wp\/v2\/posts\/52313","targetHints":{"allow":["GET"]}}],"collection":[{"href":"https:\/\/www.shqiperia.com\/blog\/wp-json\/wp\/v2\/posts"}],"about":[{"href":"https:\/\/www.shqiperia.com\/blog\/wp-json\/wp\/v2\/types\/post"}],"author":[{"embeddable":true,"href":"https:\/\/www.shqiperia.com\/blog\/wp-json\/wp\/v2\/users\/9"}],"replies":[{"embeddable":true,"href":"https:\/\/www.shqiperia.com\/blog\/wp-json\/wp\/v2\/comments?post=52313"}],"version-history":[{"count":1,"href":"https:\/\/www.shqiperia.com\/blog\/wp-json\/wp\/v2\/posts\/52313\/revisions"}],"predecessor-version":[{"id":52315,"href":"https:\/\/www.shqiperia.com\/blog\/wp-json\/wp\/v2\/posts\/52313\/revisions\/52315"}],"wp:featuredmedia":[{"embeddable":true,"href":"https:\/\/www.shqiperia.com\/blog\/wp-json\/wp\/v2\/media\/52314"}],"wp:attachment":[{"href":"https:\/\/www.shqiperia.com\/blog\/wp-json\/wp\/v2\/media?parent=52313"}],"wp:term":[{"taxonomy":"category","embeddable":true,"href":"https:\/\/www.shqiperia.com\/blog\/wp-json\/wp\/v2\/categories?post=52313"},{"taxonomy":"post_tag","embeddable":true,"href":"https:\/\/www.shqiperia.com\/blog\/wp-json\/wp\/v2\/tags?post=52313"}],"curies":[{"name":"wp","href":"https:\/\/api.w.org\/{rel}","templated":true}]}}