{"id":52306,"date":"2021-12-13T00:09:45","date_gmt":"2021-12-13T00:09:45","guid":{"rendered":"https:\/\/www.shqiperia.com\/blog\/?p=52306"},"modified":"2021-12-13T00:10:56","modified_gmt":"2021-12-13T00:10:56","slug":"skandali-numerimi-kompjuterik-dekonspiron-deputetin-basha-ne-salle-156-persona-ne-kuti-257-vota","status":"publish","type":"post","link":"https:\/\/www.shqiperia.com\/blog\/skandali-numerimi-kompjuterik-dekonspiron-deputetin-basha-ne-salle-156-persona-ne-kuti-257-vota\/","title":{"rendered":"Skandali \u2013 Num\u00ebrimi kompjuterik dekonspiron deputetin Basha. &#8211; N\u00eb sall\u00eb 156 persona, n\u00eb kuti 257 vota"},"content":{"rendered":"<p><img data-recalc-dims=\"1\" loading=\"lazy\" decoding=\"async\" data-attachment-id=\"52307\" data-permalink=\"https:\/\/www.shqiperia.com\/blog\/skandali-numerimi-kompjuterik-dekonspiron-deputetin-basha-ne-salle-156-persona-ne-kuti-257-vota\/ne-salle-156-persona-ne-kuti-257-vota\/\" data-orig-file=\"https:\/\/i0.wp.com\/www.shqiperia.com\/blog\/wp-content\/uploads\/2021\/12\/Ne-salle-156-persona-ne-kuti-257-vota.jpg?fit=900%2C569&amp;ssl=1\" data-orig-size=\"900,569\" data-comments-opened=\"1\" data-image-meta=\"{&quot;aperture&quot;:&quot;0&quot;,&quot;credit&quot;:&quot;&quot;,&quot;camera&quot;:&quot;&quot;,&quot;caption&quot;:&quot;&quot;,&quot;created_timestamp&quot;:&quot;0&quot;,&quot;copyright&quot;:&quot;&quot;,&quot;focal_length&quot;:&quot;0&quot;,&quot;iso&quot;:&quot;0&quot;,&quot;shutter_speed&quot;:&quot;0&quot;,&quot;title&quot;:&quot;&quot;,&quot;orientation&quot;:&quot;0&quot;}\" data-image-title=\"N\u00eb sall\u00eb 156 persona, n\u00eb kuti 257 vota\" data-image-description=\"\" data-image-caption=\"\" data-medium-file=\"https:\/\/i0.wp.com\/www.shqiperia.com\/blog\/wp-content\/uploads\/2021\/12\/Ne-salle-156-persona-ne-kuti-257-vota.jpg?fit=300%2C190&amp;ssl=1\" data-large-file=\"https:\/\/i0.wp.com\/www.shqiperia.com\/blog\/wp-content\/uploads\/2021\/12\/Ne-salle-156-persona-ne-kuti-257-vota.jpg?fit=900%2C569&amp;ssl=1\" class=\"alignnone wp-image-52307\" alt=\"\" src=\"https:\/\/i0.wp.com\/www.shqiperia.com\/blog\/wp-content\/uploads\/2021\/12\/Ne-salle-156-persona-ne-kuti-257-vota.jpg?resize=632%2C400&#038;ssl=1\" width=\"632\" height=\"400\" srcset=\"https:\/\/i0.wp.com\/www.shqiperia.com\/blog\/wp-content\/uploads\/2021\/12\/Ne-salle-156-persona-ne-kuti-257-vota.jpg?resize=300%2C190&amp;ssl=1 300w, https:\/\/i0.wp.com\/www.shqiperia.com\/blog\/wp-content\/uploads\/2021\/12\/Ne-salle-156-persona-ne-kuti-257-vota.jpg?resize=768%2C486&amp;ssl=1 768w, https:\/\/i0.wp.com\/www.shqiperia.com\/blog\/wp-content\/uploads\/2021\/12\/Ne-salle-156-persona-ne-kuti-257-vota.jpg?resize=450%2C285&amp;ssl=1 450w, https:\/\/i0.wp.com\/www.shqiperia.com\/blog\/wp-content\/uploads\/2021\/12\/Ne-salle-156-persona-ne-kuti-257-vota.jpg?resize=600%2C379&amp;ssl=1 600w, https:\/\/i0.wp.com\/www.shqiperia.com\/blog\/wp-content\/uploads\/2021\/12\/Ne-salle-156-persona-ne-kuti-257-vota.jpg?resize=400%2C253&amp;ssl=1 400w, https:\/\/i0.wp.com\/www.shqiperia.com\/blog\/wp-content\/uploads\/2021\/12\/Ne-salle-156-persona-ne-kuti-257-vota.jpg?w=900&amp;ssl=1 900w\" sizes=\"auto, (max-width: 632px) 100vw, 632px\" \/><\/p>\n<p>Skandali \u2013 Num\u00ebrimi kompjuterik dekonspiron deputetin Basha. &#8211; N\u00eb sall\u00eb 156 persona, n\u00eb kuti 257 vota<\/p>\n<p>Nga Gazeta Telegraf<\/p>\n<p>-12 Dhjetor 2021<\/p>\n<p>Zyra e shtypit e deputetit Lulzim Basha njoftoi se n\u00eb mbledhjen e pretenduar t\u00eb K\u00ebshillit Komb\u00ebtar kishin marr\u00eb pjes\u00eb 291 an\u00ebtar\u00eb dhe votuan 257 prej tyre.<\/p>\n<p>Nj\u00eb media ka denoncuar n\u00eb \u00e7do moment k\u00ebt\u00eb mbledhje fars\u00eb t\u00eb deputetit n\u00eb fjal\u00eb, ku rezulton se t\u00eb pranish\u00ebm nuk kan\u00eb qen\u00eb as 1\/3 e trup\u00ebs p\u00ebrb\u00ebr\u00ebse t\u00eb k\u00ebtij forumi.<\/p>\n<p>Ata q\u00eb deputetit Basha i paraqet si an\u00ebtar\u00eb t\u00eb KK, jan\u00eb n\u00eb fakt punonj\u00ebs t\u00eb godin\u00ebs dhe pjesa tjet\u00ebr nj\u00eb grusht mb\u00ebshtet\u00ebs t\u00eb ish-kryetarit t\u00eb PD.<\/p>\n<p>N\u00eb k\u00ebt\u00eb proces verifikimi me q\u00ebllim b\u00ebrjen transparente t\u00eb asaj q\u00eb po ndodh n\u00eb PD, zbulohet edhe mashtrimi i madh i deputetit Basha.<\/p>\n<p>Nga num\u00ebrimi elektronik rezulton se t\u00eb pranish\u00ebm n\u00eb mbledhje kan\u00eb qen\u00eb vet\u00ebm 156 persona, si\u00e7 mund ta shihni edhe n\u00eb foton m\u00eb posht\u00eb. Nd\u00ebrsa n\u00eb kutit\u00eb e votimit u gjet\u00ebn 257 vota. Manipulimi \u00ebsht\u00eb plot me 101 vota m\u00eb shum\u00eb t\u00eb cilat nuk figurojn\u00eb n\u00eb sall\u00eb.<\/p>\n<p><img data-recalc-dims=\"1\" loading=\"lazy\" decoding=\"async\" data-attachment-id=\"52308\" data-permalink=\"https:\/\/www.shqiperia.com\/blog\/skandali-numerimi-kompjuterik-dekonspiron-deputetin-basha-ne-salle-156-persona-ne-kuti-257-vota\/ne-salle-156-persona-ne-kuti-257-vota-2\/\" data-orig-file=\"https:\/\/i0.wp.com\/www.shqiperia.com\/blog\/wp-content\/uploads\/2021\/12\/Ne-salle-156-persona-ne-kuti-257-vota-2.jpg?fit=900%2C569&amp;ssl=1\" data-orig-size=\"900,569\" data-comments-opened=\"1\" data-image-meta=\"{&quot;aperture&quot;:&quot;0&quot;,&quot;credit&quot;:&quot;&quot;,&quot;camera&quot;:&quot;&quot;,&quot;caption&quot;:&quot;&quot;,&quot;created_timestamp&quot;:&quot;0&quot;,&quot;copyright&quot;:&quot;&quot;,&quot;focal_length&quot;:&quot;0&quot;,&quot;iso&quot;:&quot;0&quot;,&quot;shutter_speed&quot;:&quot;0&quot;,&quot;title&quot;:&quot;&quot;,&quot;orientation&quot;:&quot;0&quot;}\" data-image-title=\"N\u00eb sall\u00eb 156 persona, n\u00eb kuti 257 vota (2)\" data-image-description=\"\" data-image-caption=\"\" data-medium-file=\"https:\/\/i0.wp.com\/www.shqiperia.com\/blog\/wp-content\/uploads\/2021\/12\/Ne-salle-156-persona-ne-kuti-257-vota-2.jpg?fit=300%2C190&amp;ssl=1\" data-large-file=\"https:\/\/i0.wp.com\/www.shqiperia.com\/blog\/wp-content\/uploads\/2021\/12\/Ne-salle-156-persona-ne-kuti-257-vota-2.jpg?fit=900%2C569&amp;ssl=1\" class=\"alignnone wp-image-52308\" alt=\"\" src=\"https:\/\/i0.wp.com\/www.shqiperia.com\/blog\/wp-content\/uploads\/2021\/12\/Ne-salle-156-persona-ne-kuti-257-vota-2.jpg?resize=867%2C549&#038;ssl=1\" width=\"867\" height=\"549\" srcset=\"https:\/\/i0.wp.com\/www.shqiperia.com\/blog\/wp-content\/uploads\/2021\/12\/Ne-salle-156-persona-ne-kuti-257-vota-2.jpg?resize=300%2C190&amp;ssl=1 300w, https:\/\/i0.wp.com\/www.shqiperia.com\/blog\/wp-content\/uploads\/2021\/12\/Ne-salle-156-persona-ne-kuti-257-vota-2.jpg?resize=768%2C486&amp;ssl=1 768w, https:\/\/i0.wp.com\/www.shqiperia.com\/blog\/wp-content\/uploads\/2021\/12\/Ne-salle-156-persona-ne-kuti-257-vota-2.jpg?resize=450%2C285&amp;ssl=1 450w, https:\/\/i0.wp.com\/www.shqiperia.com\/blog\/wp-content\/uploads\/2021\/12\/Ne-salle-156-persona-ne-kuti-257-vota-2.jpg?resize=600%2C379&amp;ssl=1 600w, https:\/\/i0.wp.com\/www.shqiperia.com\/blog\/wp-content\/uploads\/2021\/12\/Ne-salle-156-persona-ne-kuti-257-vota-2.jpg?resize=400%2C253&amp;ssl=1 400w, https:\/\/i0.wp.com\/www.shqiperia.com\/blog\/wp-content\/uploads\/2021\/12\/Ne-salle-156-persona-ne-kuti-257-vota-2.jpg?w=900&amp;ssl=1 900w\" sizes=\"auto, (max-width: 867px) 100vw, 867px\" \/><\/p>\n<p>\u00c7\u2019ka flet qart\u00eb se jo vet\u00ebm q\u00eb kuorumi nuk \u00ebsht\u00eb arritur, por q\u00eb ka d\u00ebshtuar \u00e7do p\u00ebrpjekje e deputetit Basha p\u00ebr ta mbushur sall\u00ebn me njer\u00ebz t\u00eb tjer\u00eb.<\/p>\n<p>Shkarkimi i djesh\u00ebm me votat e 4446 delegat\u00ebve t\u00eb Kuvendit Komb\u00ebtar ka b\u00ebr\u00eb q\u00eb Lulzim Basha t\u00eb mos ket\u00eb m\u00eb asnj\u00eb funksion n\u00eb PD, p\u00ebrve\u00e7 mandatit t\u00eb deputetit.<\/p>\n<p>Ndaj dhe me hyrjen n\u00eb fuqi t\u00eb statutit t\u00eb ri \u00e7do veprim apo dhe vendim, qoft\u00eb edhe i tentuar nga deputeti Basha, \u00ebsht\u00eb i paligjsh\u00ebm dhe nul.<\/p>\n<p>Drejtimi i PD-s\u00eb me vendim t\u00eb Kuvendit Komb\u00ebtar i ka kaluar Komisionit t\u00eb Rithemelimit me 29 an\u00ebtar\u00eb t\u00eb cil\u00ebt do t\u00eb p\u00ebrgatitin infrastruktur\u00ebn e nevojshme p\u00ebr zgjedhjet e reja p\u00ebr kryetar partie deri n\u00eb 22 mars 2022.<\/p>\n","protected":false},"excerpt":{"rendered":"<p>Skandali \u2013 Num\u00ebrimi kompjuterik dekonspiron deputetin Basha. &#8211; N\u00eb sall\u00eb 156 persona, n\u00eb kuti 257 vota Nga Gazeta Telegraf -12 Dhjetor 2021 Zyra e shtypit e deputetit Lulzim Basha njoftoi se n\u00eb mbledhjen e pretenduar t\u00eb K\u00ebshillit Komb\u00ebtar kishin marr\u00eb pjes\u00eb 291 an\u00ebtar\u00eb dhe votuan 257 prej tyre. Nj\u00eb media ka denoncuar n\u00eb \u00e7do moment [&hellip;]<\/p>\n","protected":false},"author":9,"featured_media":52307,"comment_status":"open","ping_status":"open","sticky":false,"template":"","format":"standard","meta":{"jetpack_post_was_ever_published":false,"_jetpack_newsletter_access":"","_jetpack_dont_email_post_to_subs":false,"_jetpack_newsletter_tier_id":0,"_jetpack_memberships_contains_paywalled_content":false,"_jetpack_memberships_contains_paid_content":false,"footnotes":"","jetpack_publicize_message":"","jetpack_publicize_feature_enabled":true,"jetpack_social_post_already_shared":true,"jetpack_social_options":{"image_generator_settings":{"template":"highway","default_image_id":0,"font":"","enabled":false},"version":2}},"categories":[27,2,35],"tags":[],"class_list":["post-52306","post","type-post","status-publish","format-standard","has-post-thumbnail","hentry","category-blogu-i-udhetarit","category-politika","category-shoqerore"],"jetpack_publicize_connections":[],"jetpack_featured_media_url":"https:\/\/i0.wp.com\/www.shqiperia.com\/blog\/wp-content\/uploads\/2021\/12\/Ne-salle-156-persona-ne-kuti-257-vota.jpg?fit=900%2C569&ssl=1","jetpack_sharing_enabled":true,"jetpack_shortlink":"https:\/\/wp.me\/p5Z6wp-dBE","jetpack-related-posts":[{"id":46941,"url":"https:\/\/www.shqiperia.com\/blog\/vazhdon-numerimi-i-votave-ne-shqiperi\/","url_meta":{"origin":52306,"position":0},"title":"Vazhdon num\u00ebrimi i votave n\u00eb Shqip\u00ebri","author":"shqiperia","date":"April 26, 2021","format":false,"excerpt":"Zgjedhjet Parlamentare 2021: Parashikohet diferenc\u00eb e ul\u00ebt votash mes pal\u00ebve n\u00eb gar\u00eb. Nd\u00ebrkoh\u00eb Tom Doshi nga PSD t\u00ebrhiqet nga gara dhe mandati i deputetit. Kryetari i Partis\u00eb Social Demokrate t\u00eb Shqip\u00ebris\u00eb, (PSD) Tom Doshi dha t\u00eb h\u00ebn\u00ebn, (26.04) dor\u00ebheqjen e parevokueshme nga kandidimi n\u00eb Zgjedhjet Parlamentare t\u00eb s\u00eb diel\u00ebs si\u2026","rel":"","context":"In &quot;Politika&quot;","block_context":{"text":"Politika","link":"https:\/\/www.shqiperia.com\/blog\/category\/politika\/"},"img":{"alt_text":"","src":"https:\/\/i0.wp.com\/www.shqiperia.com\/blog\/wp-content\/uploads\/2021\/04\/celibashi7.jpg?fit=577%2C317&ssl=1&resize=350%2C200","width":350,"height":200,"srcset":"https:\/\/i0.wp.com\/www.shqiperia.com\/blog\/wp-content\/uploads\/2021\/04\/celibashi7.jpg?fit=577%2C317&ssl=1&resize=350%2C200 1x, https:\/\/i0.wp.com\/www.shqiperia.com\/blog\/wp-content\/uploads\/2021\/04\/celibashi7.jpg?fit=577%2C317&ssl=1&resize=525%2C300 1.5x"},"classes":[]},{"id":77340,"url":"https:\/\/www.shqiperia.com\/blog\/mentor-nazarko-lulzim-basha-ka-nje-humbje-te-madhe-ne-kuotat-e-tij-politike\/","url_meta":{"origin":52306,"position":1},"title":"Mentor Nazarko &#8211; Lulzim Basha ka nj\u00eb humbje t\u00eb madhe n\u00eb kuotat e tij politike.","author":"Kurt Farka","date":"January 16, 2024","format":false,"excerpt":"16 Janar 2024 Analisti Mentor Nazarko, i pranish\u00ebm n\u00eb \u201cReal Story\u201d tha se Lulzim Basha ka nj\u00eb humbje t\u00eb madhe n\u00eb kuotat e tij politike. Sipas tij, r\u00ebnien drastike t\u00eb besimit Basha e ka pasur pas veprimeve kur bojkotoi zgjedhjet dhe dogji mandatin e deputetit. I pyetur nga gazetari Sokol\u2026","rel":"","context":"In &quot;Blogu i Udh\u00ebtarit&quot;","block_context":{"text":"Blogu i Udh\u00ebtarit","link":"https:\/\/www.shqiperia.com\/blog\/category\/blogu-i-udhetarit\/"},"img":{"alt_text":"","src":"https:\/\/i0.wp.com\/www.shqiperia.com\/blog\/wp-content\/uploads\/2024\/01\/640-0-622658dc12224-1.jpg?fit=640%2C384&ssl=1&resize=350%2C200","width":350,"height":200,"srcset":"https:\/\/i0.wp.com\/www.shqiperia.com\/blog\/wp-content\/uploads\/2024\/01\/640-0-622658dc12224-1.jpg?fit=640%2C384&ssl=1&resize=350%2C200 1x, https:\/\/i0.wp.com\/www.shqiperia.com\/blog\/wp-content\/uploads\/2024\/01\/640-0-622658dc12224-1.jpg?fit=640%2C384&ssl=1&resize=525%2C300 1.5x"},"classes":[]},{"id":34320,"url":"https:\/\/www.shqiperia.com\/blog\/spartak-ngjela-flet-per-nje-nga-levizjet-qe-pritet-te-ndodhe-ne-skenen-politike-dhe-ben-deklaraten-e-papritur-rama-dhe-basha-nuk-marrin-mandatin-e-deputetit-nese\/","url_meta":{"origin":52306,"position":2},"title":"Spartak Ngjela flet p\u00ebr nj\u00eb nga l\u00ebvizjet q\u00eb pritet t\u00eb ndodh\u00eb n\u00eb sken\u00ebn politike dhe b\u00ebn deklarat\u00ebn e papritur: Rama dhe Basha nuk marrin mandatin e deputetit, n\u00ebse&#8230;","author":"Kurt Farka","date":"May 6, 2020","format":false,"excerpt":"Spartak Ngjela flet p\u00ebr nj\u00eb nga l\u00ebvizjet q\u00eb pritet t\u00eb ndodh\u00eb n\u00eb sken\u00ebn politike dhe b\u00ebn deklarat\u00ebn e papritur: Rama dhe Basha nuk marrin mandatin e deputetit, n\u00ebse... 6 MAJ 2020 Avokati Spartak Ngjela deklaroi \u00a0p\u00ebr Ora Ne\u00ebs q\u00eb nuk mund t\u00eb ket\u00eb nj\u00eb reform\u00eb zgjedhore reale n\u00ebse nuk p\u00ebrfundon\u2026","rel":"","context":"In &quot;Blogu i Udh\u00ebtarit&quot;","block_context":{"text":"Blogu i Udh\u00ebtarit","link":"https:\/\/www.shqiperia.com\/blog\/category\/blogu-i-udhetarit\/"},"img":{"alt_text":"","src":"https:\/\/i0.wp.com\/www.shqiperia.com\/blog\/wp-content\/uploads\/2020\/05\/800-0-5eb3089e77876.jpg?fit=782%2C387&ssl=1&resize=350%2C200","width":350,"height":200,"srcset":"https:\/\/i0.wp.com\/www.shqiperia.com\/blog\/wp-content\/uploads\/2020\/05\/800-0-5eb3089e77876.jpg?fit=782%2C387&ssl=1&resize=350%2C200 1x, https:\/\/i0.wp.com\/www.shqiperia.com\/blog\/wp-content\/uploads\/2020\/05\/800-0-5eb3089e77876.jpg?fit=782%2C387&ssl=1&resize=525%2C300 1.5x, https:\/\/i0.wp.com\/www.shqiperia.com\/blog\/wp-content\/uploads\/2020\/05\/800-0-5eb3089e77876.jpg?fit=782%2C387&ssl=1&resize=700%2C400 2x"},"classes":[]},{"id":53015,"url":"https:\/\/www.shqiperia.com\/blog\/me-vendimin-e-kryesise-basha-perjashtoi-4-deputete-dhe-pezulloi-6-te-tjere\/","url_meta":{"origin":52306,"position":3},"title":"Me vendimin e kryesis\u00eb, Basha p\u00ebrjashtoi 4 deputet\u00eb dhe pezulloi 6 t\u00eb tjer\u00eb","author":"Kurt Farka","date":"January 11, 2022","format":false,"excerpt":"Me vendimin e kryesis\u00eb, Basha p\u00ebrjashtoi 4 deputet\u00eb dhe pezulloi 6 t\u00eb tjer\u00eb Nga OraNews 11 Janar 2022 N\u00eb list\u00ebn e 9 emrave t\u00eb p\u00ebrjashtuar nga PD me vendim t\u00eb kryesis\u00eb PD mbr\u00ebm\u00eb ndodhen dhe emrat e 4 demokrat\u00ebve q\u00eb kan\u00eb mandat deputeti. Ata jan\u00eb Sali Berisha, Flamur Noka, Albana\u2026","rel":"","context":"In &quot;Politika&quot;","block_context":{"text":"Politika","link":"https:\/\/www.shqiperia.com\/blog\/category\/politika\/"},"img":{"alt_text":"","src":"https:\/\/i0.wp.com\/www.shqiperia.com\/blog\/wp-content\/uploads\/2022\/01\/640-0-cf360b11-da33-49bc-8d12-6d86112044a8-1641890919.jpg?fit=625%2C327&ssl=1&resize=350%2C200","width":350,"height":200,"srcset":"https:\/\/i0.wp.com\/www.shqiperia.com\/blog\/wp-content\/uploads\/2022\/01\/640-0-cf360b11-da33-49bc-8d12-6d86112044a8-1641890919.jpg?fit=625%2C327&ssl=1&resize=350%2C200 1x, https:\/\/i0.wp.com\/www.shqiperia.com\/blog\/wp-content\/uploads\/2022\/01\/640-0-cf360b11-da33-49bc-8d12-6d86112044a8-1641890919.jpg?fit=625%2C327&ssl=1&resize=525%2C300 1.5x"},"classes":[]},{"id":45915,"url":"https:\/\/www.shqiperia.com\/blog\/lulzim-basha-rruges-per-ne-fier-simpatizantet-i-dalin-para-ne-rrethrrotullimin-e-kolonjes-varg-makinash-dhe-flamuj-te-pd-se\/","url_meta":{"origin":52306,"position":4},"title":"Lulzim Basha rrug\u00ebs p\u00ebr n\u00eb Fier\/ Simpatizant\u00ebt i dalin para n\u00eb rrethrrotullimin e Kolonj\u00ebs, varg makinash dhe flamuj t\u00eb PD-s\u00eb","author":"Kurt Farka","date":"March 30, 2021","format":false,"excerpt":"Lulzim Basha rrug\u00ebs p\u00ebr n\u00eb Fier\/ Simpatizant\u00ebt i dalin para n\u00eb rrethrrotullimin e Kolonj\u00ebs, varg makinash dhe flamuj t\u00eb PD-s\u00eb 30 mars 2021 Kreu i Partis\u00eb Demokratike Lulzim Basha \u00ebsht\u00eb nisur n\u00eb drejtim t\u00eb Fierit, qytet ku do t\u00eb zhvilloj\u00eb takime n\u00eb kuad\u00ebr t\u00eb fushat\u00ebs elektorale p\u00ebr zgjedhjet e 25\u2026","rel":"","context":"In &quot;Blogu i Udh\u00ebtarit&quot;","block_context":{"text":"Blogu i Udh\u00ebtarit","link":"https:\/\/www.shqiperia.com\/blog\/category\/blogu-i-udhetarit\/"},"img":{"alt_text":"","src":"https:\/\/i0.wp.com\/www.shqiperia.com\/blog\/wp-content\/uploads\/2021\/03\/unnamed-1-1.jpg?resize=350%2C200&ssl=1","width":350,"height":200},"classes":[]},{"id":73109,"url":"https:\/\/www.shqiperia.com\/blog\/basha-une-kete-e-bera-kastile-basha-u-rizgjodh-ne-krye-te-pd-se-se-vules-por-pa-vule-rrjeti-shperthen-ne-meme\/","url_meta":{"origin":52306,"position":5},"title":"Basha: -\u201cUn\u00eb k\u00ebt\u00eb e b\u00ebra kastile\u201d! Basha u &#8220;rizgjodh&#8221; n\u00eb krye t\u00eb PD-s\u00eb, s\u00eb vul\u00ebs, por pa vul\u00eb. Rrjeti shp\u00ebrthen n\u00eb meme","author":"Kurt Farka","date":"July 30, 2023","format":false,"excerpt":"Lulzim Basha u rizgjodh p\u00ebr her\u00eb t\u00eb tret\u00eb n\u00eb krye t\u00eb Partis\u00eb Demokratike, me nj\u00eb p\u00ebrqindje d\u00ebrrmuese votash. N\u00eb nj\u00eb proces shum\u00eb t\u00eb kontestuar nga shumica e deputet\u00ebve t\u00eb PD-s\u00eb, t\u00eb cil\u00ebt kund\u00ebrshtuan hapur zgjedhjet dhe i konsideruan n\u00eb shkelje t\u00eb statutit t\u00eb PD-s\u00eb, Basha mori 16196 vota, nd\u00ebrsa kandidati\u2026","rel":"","context":"In &quot;Blogu i Udh\u00ebtarit&quot;","block_context":{"text":"Blogu i Udh\u00ebtarit","link":"https:\/\/www.shqiperia.com\/blog\/category\/blogu-i-udhetarit\/"},"img":{"alt_text":"","src":"https:\/\/i0.wp.com\/www.shqiperia.com\/blog\/wp-content\/uploads\/2023\/07\/640-0-ba2e067368b85fa7ddb0884c9732a192.jpg?fit=640%2C482&ssl=1&resize=350%2C200","width":350,"height":200,"srcset":"https:\/\/i0.wp.com\/www.shqiperia.com\/blog\/wp-content\/uploads\/2023\/07\/640-0-ba2e067368b85fa7ddb0884c9732a192.jpg?fit=640%2C482&ssl=1&resize=350%2C200 1x, https:\/\/i0.wp.com\/www.shqiperia.com\/blog\/wp-content\/uploads\/2023\/07\/640-0-ba2e067368b85fa7ddb0884c9732a192.jpg?fit=640%2C482&ssl=1&resize=525%2C300 1.5x"},"classes":[]}],"_links":{"self":[{"href":"https:\/\/www.shqiperia.com\/blog\/wp-json\/wp\/v2\/posts\/52306","targetHints":{"allow":["GET"]}}],"collection":[{"href":"https:\/\/www.shqiperia.com\/blog\/wp-json\/wp\/v2\/posts"}],"about":[{"href":"https:\/\/www.shqiperia.com\/blog\/wp-json\/wp\/v2\/types\/post"}],"author":[{"embeddable":true,"href":"https:\/\/www.shqiperia.com\/blog\/wp-json\/wp\/v2\/users\/9"}],"replies":[{"embeddable":true,"href":"https:\/\/www.shqiperia.com\/blog\/wp-json\/wp\/v2\/comments?post=52306"}],"version-history":[{"count":2,"href":"https:\/\/www.shqiperia.com\/blog\/wp-json\/wp\/v2\/posts\/52306\/revisions"}],"predecessor-version":[{"id":52310,"href":"https:\/\/www.shqiperia.com\/blog\/wp-json\/wp\/v2\/posts\/52306\/revisions\/52310"}],"wp:featuredmedia":[{"embeddable":true,"href":"https:\/\/www.shqiperia.com\/blog\/wp-json\/wp\/v2\/media\/52307"}],"wp:attachment":[{"href":"https:\/\/www.shqiperia.com\/blog\/wp-json\/wp\/v2\/media?parent=52306"}],"wp:term":[{"taxonomy":"category","embeddable":true,"href":"https:\/\/www.shqiperia.com\/blog\/wp-json\/wp\/v2\/categories?post=52306"},{"taxonomy":"post_tag","embeddable":true,"href":"https:\/\/www.shqiperia.com\/blog\/wp-json\/wp\/v2\/tags?post=52306"}],"curies":[{"name":"wp","href":"https:\/\/api.w.org\/{rel}","templated":true}]}}