{"id":52302,"date":"2021-12-12T22:17:17","date_gmt":"2021-12-12T22:17:17","guid":{"rendered":"https:\/\/www.shqiperia.com\/blog\/?p=52302"},"modified":"2021-12-13T00:17:51","modified_gmt":"2021-12-13T00:17:51","slug":"kosova-i-ofron-ndihme-shqiperise","status":"publish","type":"post","link":"https:\/\/www.shqiperia.com\/blog\/kosova-i-ofron-ndihme-shqiperise\/","title":{"rendered":"Kosova i ofron ndihm\u00eb Shqip\u00ebris\u00eb."},"content":{"rendered":"<p><img data-recalc-dims=\"1\" loading=\"lazy\" decoding=\"async\" data-attachment-id=\"52303\" data-permalink=\"https:\/\/www.shqiperia.com\/blog\/kosova-i-ofron-ndihme-shqiperise\/785-0-61b614d948b56-905x450-1\/\" data-orig-file=\"https:\/\/i0.wp.com\/www.shqiperia.com\/blog\/wp-content\/uploads\/2021\/12\/785-0-61b614d948b56-905x450-1.jpeg?fit=836%2C450&amp;ssl=1\" data-orig-size=\"836,450\" data-comments-opened=\"1\" data-image-meta=\"{&quot;aperture&quot;:&quot;0&quot;,&quot;credit&quot;:&quot;&quot;,&quot;camera&quot;:&quot;&quot;,&quot;caption&quot;:&quot;&quot;,&quot;created_timestamp&quot;:&quot;0&quot;,&quot;copyright&quot;:&quot;&quot;,&quot;focal_length&quot;:&quot;0&quot;,&quot;iso&quot;:&quot;0&quot;,&quot;shutter_speed&quot;:&quot;0&quot;,&quot;title&quot;:&quot;&quot;,&quot;orientation&quot;:&quot;0&quot;}\" data-image-title=\"785-0-61b614d948b56-905&#215;450 (1)\" data-image-description=\"\" data-image-caption=\"\" data-medium-file=\"https:\/\/i0.wp.com\/www.shqiperia.com\/blog\/wp-content\/uploads\/2021\/12\/785-0-61b614d948b56-905x450-1.jpeg?fit=300%2C161&amp;ssl=1\" data-large-file=\"https:\/\/i0.wp.com\/www.shqiperia.com\/blog\/wp-content\/uploads\/2021\/12\/785-0-61b614d948b56-905x450-1.jpeg?fit=836%2C450&amp;ssl=1\" class=\"alignnone wp-image-52303\" alt=\"\" src=\"https:\/\/i0.wp.com\/www.shqiperia.com\/blog\/wp-content\/uploads\/2021\/12\/785-0-61b614d948b56-905x450-1.jpeg?resize=699%2C375&#038;ssl=1\" width=\"699\" height=\"375\" srcset=\"https:\/\/i0.wp.com\/www.shqiperia.com\/blog\/wp-content\/uploads\/2021\/12\/785-0-61b614d948b56-905x450-1.jpeg?resize=300%2C161&amp;ssl=1 300w, https:\/\/i0.wp.com\/www.shqiperia.com\/blog\/wp-content\/uploads\/2021\/12\/785-0-61b614d948b56-905x450-1.jpeg?resize=768%2C413&amp;ssl=1 768w, https:\/\/i0.wp.com\/www.shqiperia.com\/blog\/wp-content\/uploads\/2021\/12\/785-0-61b614d948b56-905x450-1.jpeg?resize=450%2C242&amp;ssl=1 450w, https:\/\/i0.wp.com\/www.shqiperia.com\/blog\/wp-content\/uploads\/2021\/12\/785-0-61b614d948b56-905x450-1.jpeg?resize=600%2C323&amp;ssl=1 600w, https:\/\/i0.wp.com\/www.shqiperia.com\/blog\/wp-content\/uploads\/2021\/12\/785-0-61b614d948b56-905x450-1.jpeg?resize=400%2C215&amp;ssl=1 400w, https:\/\/i0.wp.com\/www.shqiperia.com\/blog\/wp-content\/uploads\/2021\/12\/785-0-61b614d948b56-905x450-1.jpeg?w=836&amp;ssl=1 836w\" sizes=\"auto, (max-width: 699px) 100vw, 699px\" \/><\/p>\n<p>Kosova i ofron ndihm\u00eb Shqip\u00ebris\u00eb.<\/p>\n<p>\u201cI telefonova ministrit, n\u00eb dit\u00eb t\u00eb mira e dit\u00eb t\u00eb v\u00ebshtira jemi bashk\u00eb\u201d, situata e r\u00ebnduar nga p\u00ebrmbytjet n\u00eb Shqiperi.<\/p>\n<p>12 Dhjetor 2021 \u201cI telefonova ministrit, n\u00eb dit\u00eb t\u00eb mira e dit\u00eb t\u00eb v\u00ebshtira jemi bashk\u00eb\u201d, situata e r\u00ebnduar nga p\u00ebrmbytjet n\u00eb vend, Kosova i ofron ndihm\u00eb Shqip\u00ebris\u00eb<\/p>\n<p>Ministri i Mbrojtjes i Kosov\u00ebs, Armend Mehaj, p\u00ebrmes nj\u00eb postimi n\u00eb rrjetin e tij social Facebook ka th\u00ebn\u00eb se Kosova \u00ebsht\u00eb e gatshme ta ndihmoj\u00eb Shqip\u00ebrin\u00eb gjat\u00eb dhe pas p\u00ebrmbytjeve.<\/p>\n<p>Mehaj ka treguar se sot ka telefonuar ministrin e Mbrojtjes t\u00eb Shqip\u00ebris\u00eb, t\u00eb cilit i ka shprehur gatishm\u00ebrin\u00eb p\u00ebr mb\u00ebshtetje.<\/p>\n<p>Ai ka shkruar se n\u00eb dit\u00eb t\u00eb mira dhe t\u00eb v\u00ebshtira shqiptar\u00eb do t\u00eb jen\u00eb bashk\u00eb.<\/p>\n<p>Postimi i tij:<\/p>\n<p>N\u00eb dit\u00eb t\u00eb mira e dit\u00eb t\u00eb v\u00ebshtira jemi bashk\u00eb me v\u00ebllez\u00ebrit tan\u00eb n\u00eb Shqip\u00ebri.<\/p>\n<p>Pas p\u00ebrmbytjeve n\u00eb zon\u00ebn e Fierit dhe zona t\u00eb tjera t\u00eb Shqip\u00ebris\u00eb, i kam telefonuar Ministrit t\u00eb Mbrojtjes s\u00eb Republik\u00ebs s\u00eb Shqip\u00ebris\u00eb, Niko Peleshi, t\u00eb cilit i kam shprehur gatishm\u00ebrin\u00eb ton\u00eb t\u00eb plot\u00eb p\u00ebr mb\u00ebshtetje me aft\u00ebsit\u00eb dhe kapacitetet tona t\u00eb k\u00ebrkim-shp\u00ebtimit p\u00ebr reagim, menaxhim dhe sanim t\u00eb pasojave.<\/p>\n<p>Gazeta Dita<\/p>\n","protected":false},"excerpt":{"rendered":"<p>Kosova i ofron ndihm\u00eb Shqip\u00ebris\u00eb. \u201cI telefonova ministrit, n\u00eb dit\u00eb t\u00eb mira e dit\u00eb t\u00eb v\u00ebshtira jemi bashk\u00eb\u201d, situata e r\u00ebnduar nga p\u00ebrmbytjet n\u00eb Shqiperi. 12 Dhjetor 2021 \u201cI telefonova ministrit, n\u00eb dit\u00eb t\u00eb mira e dit\u00eb t\u00eb v\u00ebshtira jemi bashk\u00eb\u201d, situata e r\u00ebnduar nga p\u00ebrmbytjet n\u00eb vend, Kosova i ofron ndihm\u00eb Shqip\u00ebris\u00eb Ministri i [&hellip;]<\/p>\n","protected":false},"author":9,"featured_media":52303,"comment_status":"open","ping_status":"open","sticky":false,"template":"","format":"standard","meta":{"jetpack_post_was_ever_published":false,"_jetpack_newsletter_access":"","_jetpack_dont_email_post_to_subs":false,"_jetpack_newsletter_tier_id":0,"_jetpack_memberships_contains_paywalled_content":false,"_jetpack_memberships_contains_paid_content":false,"footnotes":"","jetpack_publicize_message":"","jetpack_publicize_feature_enabled":true,"jetpack_social_post_already_shared":true,"jetpack_social_options":{"image_generator_settings":{"template":"highway","default_image_id":0,"font":"","enabled":false},"version":2}},"categories":[27,1,35],"tags":[],"class_list":["post-52302","post","type-post","status-publish","format-standard","has-post-thumbnail","hentry","category-blogu-i-udhetarit","category-njoftime-shtypi","category-shoqerore"],"jetpack_publicize_connections":[],"jetpack_featured_media_url":"https:\/\/i0.wp.com\/www.shqiperia.com\/blog\/wp-content\/uploads\/2021\/12\/785-0-61b614d948b56-905x450-1.jpeg?fit=836%2C450&ssl=1","jetpack_sharing_enabled":true,"jetpack_shortlink":"https:\/\/wp.me\/p5Z6wp-dBA","jetpack-related-posts":[{"id":30470,"url":"https:\/\/www.shqiperia.com\/blog\/majko-kerkon-paqe-ne-kosove-pas-padise-se-rames-per-haradinaj-vllau-edhe-te-merzit\/","url_meta":{"origin":52302,"position":0},"title":"Majko k\u00ebrkon paqe n\u00eb Kosov\u00eb pas padis\u00eb s\u00eb Ram\u00ebs p\u00ebr Haradinaj: &#8211; Vllau edhe t\u00eb m\u00ebrzit!","author":"Kurt Farka","date":"January 19, 2020","format":false,"excerpt":"Majko k\u00ebrkon paqe n\u00eb Kosov\u00eb pas padis\u00eb s\u00eb Ram\u00ebs p\u00ebr Haradinaj: - Vllau edhe t\u00eb m\u00ebrzit! 18\/01\/2020 Ish-kryeministri i Shqip\u00ebris\u00eb gjat\u00eb Luft\u00ebs s\u00eb Kosov\u00ebs dhe ministri aktual i Diaspor\u00ebs, Pandeli Majko ka marr\u00eb pjes\u00eb sot n\u00eb takimin fal\u00ebnderues t\u00eb Kosov\u00ebs ndaj kontributit t\u00eb Shqip\u00ebris\u00eb gjat\u00eb Luft\u00ebs s\u00eb viteve 1998-1999. Majko\u2026","rel":"","context":"In &quot;Kultura&quot;","block_context":{"text":"Kultura","link":"https:\/\/www.shqiperia.com\/blog\/category\/kultura\/"},"img":{"alt_text":"","src":"https:\/\/i0.wp.com\/www.shqiperia.com\/blog\/wp-content\/uploads\/2020\/01\/Meta-Kosove-3-750x375-1.jpeg?fit=750%2C375&ssl=1&resize=350%2C200","width":350,"height":200,"srcset":"https:\/\/i0.wp.com\/www.shqiperia.com\/blog\/wp-content\/uploads\/2020\/01\/Meta-Kosove-3-750x375-1.jpeg?fit=750%2C375&ssl=1&resize=350%2C200 1x, https:\/\/i0.wp.com\/www.shqiperia.com\/blog\/wp-content\/uploads\/2020\/01\/Meta-Kosove-3-750x375-1.jpeg?fit=750%2C375&ssl=1&resize=525%2C300 1.5x, https:\/\/i0.wp.com\/www.shqiperia.com\/blog\/wp-content\/uploads\/2020\/01\/Meta-Kosove-3-750x375-1.jpeg?fit=750%2C375&ssl=1&resize=700%2C400 2x"},"classes":[]},{"id":14680,"url":"https:\/\/www.shqiperia.com\/blog\/pas-studenteve-nje-grupim-tjeter-paralajmeron-protesta-behuni-gati-do-jemi-te-gjithe-bashke\/","url_meta":{"origin":52302,"position":1},"title":"Pas student\u00ebve nj\u00eb grupim tjet\u00ebr paralajm\u00ebron protesta: B\u00ebhuni gati, do jemi t\u00eb gjith\u00eb bashk\u00eb. &#8211;","author":"Kurt Farka","date":"December 12, 2018","format":false,"excerpt":"Pas student\u00ebve nj\u00eb grupim tjet\u00ebr paralajm\u00ebron protesta: B\u00ebhuni gati, do jemi t\u00eb gjith\u00eb bashk\u00eb. - 12\/12\/2018 Pas protest\u00ebs 8 ditore t\u00eb student\u00ebve edhe nj\u00eb grupim tjet\u00ebr ka paralajm\u00ebruar se do t\u00eb nisin protestat. Shoqata e Infermier\u00ebve n\u00eb Shqip\u00ebri ka paralajm\u00ebruar se do zhvillojn\u00eb protesta. Bluzat e bardha do protestojn\u00eb para\u2026","rel":"","context":"In &quot;Blogu i Udh\u00ebtarit&quot;","block_context":{"text":"Blogu i Udh\u00ebtarit","link":"https:\/\/www.shqiperia.com\/blog\/category\/blogu-i-udhetarit\/"},"img":{"alt_text":"","src":"https:\/\/i0.wp.com\/www.shqiperia.com\/blog\/wp-content\/uploads\/2018\/12\/mjeket12-587x396-640x358-640x358.jpg?fit=640%2C358&ssl=1&resize=350%2C200","width":350,"height":200,"srcset":"https:\/\/i0.wp.com\/www.shqiperia.com\/blog\/wp-content\/uploads\/2018\/12\/mjeket12-587x396-640x358-640x358.jpg?fit=640%2C358&ssl=1&resize=350%2C200 1x, https:\/\/i0.wp.com\/www.shqiperia.com\/blog\/wp-content\/uploads\/2018\/12\/mjeket12-587x396-640x358-640x358.jpg?fit=640%2C358&ssl=1&resize=525%2C300 1.5x"},"classes":[]},{"id":49024,"url":"https:\/\/www.shqiperia.com\/blog\/dokumenti-ne-fletoren-zyrtare-bledi-cuci-nis-pushimet-ministri-nga-kosova-shuan-flaket-ne-kalimash\/","url_meta":{"origin":52302,"position":2},"title":"Dokumenti ne Fletoren Zyrtare: &#8211; Bledi \u00c7u\u00e7i nis pushimet, ministri nga Kosova &#8216;shuan&#8217; flak\u00ebt n\u00eb Kalimash.","author":"Kurt Farka","date":"August 10, 2021","format":false,"excerpt":"Dokumenti ne Fletoren Zyrtare: - Bledi \u00c7u\u00e7i nis pushimet, ministri nga Kosova 'shuan' flak\u00ebt n\u00eb Kalimash. 10 GUSHT 2021 Por edhe pse situata paraqitet e r\u00ebnd\u00eb edhe n\u00eb Shqip\u00ebri, me disa vatra aktive nga veriu n\u00eb jug, q\u00ebndrimi i politikan\u00ebve tan\u00eb nuk \u00ebsht\u00eb i nj\u00ebjti. Situata kritike nuk e ka\u2026","rel":"","context":"In &quot;Njoftime Shtypi&quot;","block_context":{"text":"Njoftime Shtypi","link":"https:\/\/www.shqiperia.com\/blog\/category\/njoftime-shtypi\/"},"img":{"alt_text":"","src":"https:\/\/i0.wp.com\/www.shqiperia.com\/blog\/wp-content\/uploads\/2021\/08\/Blendi-Cuci.jpg?fit=640%2C361&ssl=1&resize=350%2C200","width":350,"height":200,"srcset":"https:\/\/i0.wp.com\/www.shqiperia.com\/blog\/wp-content\/uploads\/2021\/08\/Blendi-Cuci.jpg?fit=640%2C361&ssl=1&resize=350%2C200 1x, https:\/\/i0.wp.com\/www.shqiperia.com\/blog\/wp-content\/uploads\/2021\/08\/Blendi-Cuci.jpg?fit=640%2C361&ssl=1&resize=525%2C300 1.5x"},"classes":[]},{"id":72406,"url":"https:\/\/www.shqiperia.com\/blog\/nena-dhe-femija-i-saj-5-vjec-humbin-jeten-si-pasoje-e-permbytjeve-ne-peje\/","url_meta":{"origin":52302,"position":3},"title":"N\u00ebna dhe f\u00ebmija i saj 5 vje\u00e7 humbin jet\u00ebn si pasoj\u00eb e p\u00ebrmbytjeve n\u00eb Pej\u00eb","author":"Kurt Farka","date":"June 25, 2023","format":false,"excerpt":"25 Qershor 2023 Nj\u00eb n\u00ebn\u00eb dhe f\u00ebmija i saj 5 vje\u00e7 kan\u00eb humbur jet\u00ebn n\u00eb Pej\u00eb t\u00eb Kosov\u00ebs si pasoj\u00eb e p\u00ebrmbytjeve t\u00eb m\u00ebdha q\u00eb p\u00ebrfshin\u00eb vendin. Sipas policis\u00eb s\u00eb Kosov\u00ebs, fillimisht u raportua p\u00ebr f\u00ebmij\u00ebn, vdekja e t\u00eb cilit u konstatua edhe nga ekipi mjek\u00ebsor i spitalit t\u00eb Pej\u00ebs.\u2026","rel":"","context":"In &quot;Blogu i Udh\u00ebtarit&quot;","block_context":{"text":"Blogu i Udh\u00ebtarit","link":"https:\/\/www.shqiperia.com\/blog\/category\/blogu-i-udhetarit\/"},"img":{"alt_text":"","src":"https:\/\/i0.wp.com\/www.shqiperia.com\/blog\/wp-content\/uploads\/2023\/06\/veturat1-1130x635-transformed.png?fit=1130%2C635&ssl=1&resize=350%2C200","width":350,"height":200,"srcset":"https:\/\/i0.wp.com\/www.shqiperia.com\/blog\/wp-content\/uploads\/2023\/06\/veturat1-1130x635-transformed.png?fit=1130%2C635&ssl=1&resize=350%2C200 1x, https:\/\/i0.wp.com\/www.shqiperia.com\/blog\/wp-content\/uploads\/2023\/06\/veturat1-1130x635-transformed.png?fit=1130%2C635&ssl=1&resize=525%2C300 1.5x, https:\/\/i0.wp.com\/www.shqiperia.com\/blog\/wp-content\/uploads\/2023\/06\/veturat1-1130x635-transformed.png?fit=1130%2C635&ssl=1&resize=700%2C400 2x, https:\/\/i0.wp.com\/www.shqiperia.com\/blog\/wp-content\/uploads\/2023\/06\/veturat1-1130x635-transformed.png?fit=1130%2C635&ssl=1&resize=1050%2C600 3x"},"classes":[]},{"id":28705,"url":"https:\/\/www.shqiperia.com\/blog\/kosova-e-me-pas-shqiperia-shpallin-27-nentorin-dite-zie-kombetare\/","url_meta":{"origin":52302,"position":4},"title":"Kosova e m\u00eb pas Shqip\u00ebria shpallin 27 n\u00ebntorin dit\u00eb zie komb\u00ebtare","author":"Kurt Farka","date":"November 27, 2019","format":false,"excerpt":"Kosova e m\u00eb pas Shqip\u00ebria shpallin 27 n\u00ebntorin dit\u00eb zie komb\u00ebtare 26 Nentor 2019. Qeveria e Shqip\u00ebris\u00eb ka shpallur dit\u00eb zie komb\u00ebtare dit\u00ebn e nes\u00ebrme, 27 n\u00ebntorin. Vendimi \u00ebsht\u00eb marr\u00eb pak or\u00eb pasi organet qeveritare n\u00eb Kosov\u00eb e mor\u00ebn nj\u00eb vendim t\u00eb nj\u00ebjt\u00eb. Flamuri shqiptar do t\u00eb ulet n\u00eb gjysm\u00eb\u2026","rel":"","context":"In &quot;Blogu i Udh\u00ebtarit&quot;","block_context":{"text":"Blogu i Udh\u00ebtarit","link":"https:\/\/www.shqiperia.com\/blog\/category\/blogu-i-udhetarit\/"},"img":{"alt_text":"","src":"https:\/\/i0.wp.com\/www.shqiperia.com\/blog\/wp-content\/uploads\/2019\/11\/flamur.jpg?fit=1020%2C572&ssl=1&resize=350%2C200","width":350,"height":200,"srcset":"https:\/\/i0.wp.com\/www.shqiperia.com\/blog\/wp-content\/uploads\/2019\/11\/flamur.jpg?fit=1020%2C572&ssl=1&resize=350%2C200 1x, https:\/\/i0.wp.com\/www.shqiperia.com\/blog\/wp-content\/uploads\/2019\/11\/flamur.jpg?fit=1020%2C572&ssl=1&resize=525%2C300 1.5x, https:\/\/i0.wp.com\/www.shqiperia.com\/blog\/wp-content\/uploads\/2019\/11\/flamur.jpg?fit=1020%2C572&ssl=1&resize=700%2C400 2x"},"classes":[]},{"id":26460,"url":"https:\/\/www.shqiperia.com\/blog\/avioni-ushtarak-grek-zbarkon-ne-rinas-sjell-ndihma-per-demet-nga-termeti-i-fuqishem\/","url_meta":{"origin":52302,"position":5},"title":"Avioni ushtarak grek zbarkon n\u00eb Rinas, sjell ndihma p\u00ebr d\u00ebmet nga t\u00ebrmeti i fuqish\u00ebm. &#8211;","author":"Kurt Farka","date":"September 29, 2019","format":false,"excerpt":"Avioni ushtarak grek zbarkon n\u00eb Rinas, sjell ndihma p\u00ebr d\u00ebmet nga t\u00ebrmeti i fuqish\u00ebm. - 29 shtator 2019 Mb\u00ebrrijn\u00eb n\u00eb Shqip\u00ebri ndihmat e par\u00eb t\u00eb Bashkimit Evropian p\u00ebr familjet e prekura nga t\u00ebrmeti i 21 shtatorit. Pas aktivizimit t\u00eb Mekanizmit t\u00eb Mbrojtjes Civile t\u00eb BE-s\u00eb, n\u00eb Drejtorin\u00eb rajonale t\u00eb rezervave\u2026","rel":"","context":"In &quot;Blogu i Udh\u00ebtarit&quot;","block_context":{"text":"Blogu i Udh\u00ebtarit","link":"https:\/\/www.shqiperia.com\/blog\/category\/blogu-i-udhetarit\/"},"img":{"alt_text":"","src":"https:\/\/i0.wp.com\/www.shqiperia.com\/blog\/wp-content\/uploads\/2019\/09\/b92e3d30-fb00-41c1-bf51-38db96345470.jpg?fit=1200%2C563&ssl=1&resize=350%2C200","width":350,"height":200,"srcset":"https:\/\/i0.wp.com\/www.shqiperia.com\/blog\/wp-content\/uploads\/2019\/09\/b92e3d30-fb00-41c1-bf51-38db96345470.jpg?fit=1200%2C563&ssl=1&resize=350%2C200 1x, https:\/\/i0.wp.com\/www.shqiperia.com\/blog\/wp-content\/uploads\/2019\/09\/b92e3d30-fb00-41c1-bf51-38db96345470.jpg?fit=1200%2C563&ssl=1&resize=525%2C300 1.5x, https:\/\/i0.wp.com\/www.shqiperia.com\/blog\/wp-content\/uploads\/2019\/09\/b92e3d30-fb00-41c1-bf51-38db96345470.jpg?fit=1200%2C563&ssl=1&resize=700%2C400 2x, https:\/\/i0.wp.com\/www.shqiperia.com\/blog\/wp-content\/uploads\/2019\/09\/b92e3d30-fb00-41c1-bf51-38db96345470.jpg?fit=1200%2C563&ssl=1&resize=1050%2C600 3x"},"classes":[]}],"_links":{"self":[{"href":"https:\/\/www.shqiperia.com\/blog\/wp-json\/wp\/v2\/posts\/52302","targetHints":{"allow":["GET"]}}],"collection":[{"href":"https:\/\/www.shqiperia.com\/blog\/wp-json\/wp\/v2\/posts"}],"about":[{"href":"https:\/\/www.shqiperia.com\/blog\/wp-json\/wp\/v2\/types\/post"}],"author":[{"embeddable":true,"href":"https:\/\/www.shqiperia.com\/blog\/wp-json\/wp\/v2\/users\/9"}],"replies":[{"embeddable":true,"href":"https:\/\/www.shqiperia.com\/blog\/wp-json\/wp\/v2\/comments?post=52302"}],"version-history":[{"count":4,"href":"https:\/\/www.shqiperia.com\/blog\/wp-json\/wp\/v2\/posts\/52302\/revisions"}],"predecessor-version":[{"id":52312,"href":"https:\/\/www.shqiperia.com\/blog\/wp-json\/wp\/v2\/posts\/52302\/revisions\/52312"}],"wp:featuredmedia":[{"embeddable":true,"href":"https:\/\/www.shqiperia.com\/blog\/wp-json\/wp\/v2\/media\/52303"}],"wp:attachment":[{"href":"https:\/\/www.shqiperia.com\/blog\/wp-json\/wp\/v2\/media?parent=52302"}],"wp:term":[{"taxonomy":"category","embeddable":true,"href":"https:\/\/www.shqiperia.com\/blog\/wp-json\/wp\/v2\/categories?post=52302"},{"taxonomy":"post_tag","embeddable":true,"href":"https:\/\/www.shqiperia.com\/blog\/wp-json\/wp\/v2\/tags?post=52302"}],"curies":[{"name":"wp","href":"https:\/\/api.w.org\/{rel}","templated":true}]}}