{"id":52298,"date":"2021-12-12T20:17:42","date_gmt":"2021-12-12T20:17:42","guid":{"rendered":"https:\/\/www.shqiperia.com\/blog\/?p=52298"},"modified":"2021-12-12T20:17:42","modified_gmt":"2021-12-12T20:17:42","slug":"moti-i-keq-godet-vendin-disa-qytete-mbeten-pa-energji-elektrike","status":"publish","type":"post","link":"https:\/\/www.shqiperia.com\/blog\/moti-i-keq-godet-vendin-disa-qytete-mbeten-pa-energji-elektrike\/","title":{"rendered":"Moti i keq godet vendin, disa qytete mbeten pa energji elektrike"},"content":{"rendered":"<p><img data-recalc-dims=\"1\" loading=\"lazy\" decoding=\"async\" data-attachment-id=\"52299\" data-permalink=\"https:\/\/www.shqiperia.com\/blog\/moti-i-keq-godet-vendin-disa-qytete-mbeten-pa-energji-elektrike\/800-0-61b649bb8fc58\/\" data-orig-file=\"https:\/\/i0.wp.com\/www.shqiperia.com\/blog\/wp-content\/uploads\/2021\/12\/800-0-61b649bb8fc58.jpg?fit=800%2C448&amp;ssl=1\" data-orig-size=\"800,448\" data-comments-opened=\"1\" data-image-meta=\"{&quot;aperture&quot;:&quot;0&quot;,&quot;credit&quot;:&quot;&quot;,&quot;camera&quot;:&quot;&quot;,&quot;caption&quot;:&quot;&quot;,&quot;created_timestamp&quot;:&quot;0&quot;,&quot;copyright&quot;:&quot;&quot;,&quot;focal_length&quot;:&quot;0&quot;,&quot;iso&quot;:&quot;0&quot;,&quot;shutter_speed&quot;:&quot;0&quot;,&quot;title&quot;:&quot;&quot;,&quot;orientation&quot;:&quot;0&quot;}\" data-image-title=\"-800-0-61b649bb8fc58\" data-image-description=\"\" data-image-caption=\"\" data-medium-file=\"https:\/\/i0.wp.com\/www.shqiperia.com\/blog\/wp-content\/uploads\/2021\/12\/800-0-61b649bb8fc58.jpg?fit=300%2C168&amp;ssl=1\" data-large-file=\"https:\/\/i0.wp.com\/www.shqiperia.com\/blog\/wp-content\/uploads\/2021\/12\/800-0-61b649bb8fc58.jpg?fit=800%2C448&amp;ssl=1\" class=\"alignnone  wp-image-52299\" alt=\"\" src=\"https:\/\/i0.wp.com\/www.shqiperia.com\/blog\/wp-content\/uploads\/2021\/12\/800-0-61b649bb8fc58.jpg?resize=602%2C337&#038;ssl=1\" width=\"602\" height=\"337\" srcset=\"https:\/\/i0.wp.com\/www.shqiperia.com\/blog\/wp-content\/uploads\/2021\/12\/800-0-61b649bb8fc58.jpg?resize=300%2C168&amp;ssl=1 300w, https:\/\/i0.wp.com\/www.shqiperia.com\/blog\/wp-content\/uploads\/2021\/12\/800-0-61b649bb8fc58.jpg?resize=768%2C430&amp;ssl=1 768w, https:\/\/i0.wp.com\/www.shqiperia.com\/blog\/wp-content\/uploads\/2021\/12\/800-0-61b649bb8fc58.jpg?resize=450%2C252&amp;ssl=1 450w, https:\/\/i0.wp.com\/www.shqiperia.com\/blog\/wp-content\/uploads\/2021\/12\/800-0-61b649bb8fc58.jpg?resize=600%2C336&amp;ssl=1 600w, https:\/\/i0.wp.com\/www.shqiperia.com\/blog\/wp-content\/uploads\/2021\/12\/800-0-61b649bb8fc58.jpg?resize=400%2C224&amp;ssl=1 400w, https:\/\/i0.wp.com\/www.shqiperia.com\/blog\/wp-content\/uploads\/2021\/12\/800-0-61b649bb8fc58.jpg?w=800&amp;ssl=1 800w\" sizes=\"auto, (max-width: 602px) 100vw, 602px\" \/><\/p>\n<p>Moti i keq godet vendin, disa qytete mbeten pa energji elektrike<\/p>\n<p>12 DHJETOR 2021<\/p>\n<p>Reshjet e d\u00ebbor\u00ebs kan\u00eb sjell\u00eb probleme me furnizimin me energji elektrike n\u00eb disa zona t\u00eb Dibr\u00ebs, Bulqiz\u00ebs dhe Matit.<\/p>\n<p>M\u00ebsohet se 11 fidera q\u00eb furnizojn\u00eb k\u00ebto rrethe, kan\u00eb p\u00ebsuar defekte p\u00ebr shkak t\u00eb reshjeve t\u00eb d\u00ebbor\u00ebs.<\/p>\n<p>Burime pran\u00eb Operatorit t\u00eb Sistemit t\u00eb Shp\u00ebrndarjes n\u00eb Rajonin e Burrelit b\u00ebn\u00eb me dije se ekipet e t\u00eb gjitha agjencive jan\u00eb n\u00eb terren prej or\u00ebve t\u00eb m\u00ebngjesit p\u00ebr t\u00eb riparuar defektet e shumta q\u00eb kan\u00eb ndodhur, sidomos n\u00eb zonat e thella t\u00eb Qarkut Dib\u00ebr.<\/p>\n<p>\u201cKemi riparuar 6 nga 11 fiderat q\u00eb kishin defekte, than\u00eb zyrtar\u00eb t\u00eb OSSH Burrel. Me kritike paraqitet gjendja n\u00eb Sllov\u00eb, Zall\u00eb Dardh\u00eb, Arras e Gollobord\u00eb. 5 fidera nuk jan\u00eb rikthyer ende n\u00eb pun\u00eb. Ekipet po punojn\u00eb kudo p\u00ebr t\u00eb mund\u00ebsuar rikthimin e energjis\u00eb, por d\u00ebmet e shkaktuara jan\u00eb t\u00eb m\u00ebdha\u201d, shtuan drejtuesit e OSSH-s\u00eb.<\/p>\n<p>Gazeta Sot<\/p>\n","protected":false},"excerpt":{"rendered":"<p>Moti i keq godet vendin, disa qytete mbeten pa energji elektrike 12 DHJETOR 2021 Reshjet e d\u00ebbor\u00ebs kan\u00eb sjell\u00eb probleme me furnizimin me energji elektrike n\u00eb disa zona t\u00eb Dibr\u00ebs, Bulqiz\u00ebs dhe Matit. M\u00ebsohet se 11 fidera q\u00eb furnizojn\u00eb k\u00ebto rrethe, kan\u00eb p\u00ebsuar defekte p\u00ebr shkak t\u00eb reshjeve t\u00eb d\u00ebbor\u00ebs. Burime pran\u00eb Operatorit t\u00eb Sistemit [&hellip;]<\/p>\n","protected":false},"author":9,"featured_media":52299,"comment_status":"open","ping_status":"open","sticky":false,"template":"","format":"standard","meta":{"jetpack_post_was_ever_published":false,"_jetpack_newsletter_access":"","_jetpack_dont_email_post_to_subs":false,"_jetpack_newsletter_tier_id":0,"_jetpack_memberships_contains_paywalled_content":false,"_jetpack_memberships_contains_paid_content":false,"footnotes":"","jetpack_publicize_message":"","jetpack_publicize_feature_enabled":true,"jetpack_social_post_already_shared":true,"jetpack_social_options":{"image_generator_settings":{"template":"highway","default_image_id":0,"font":"","enabled":false},"version":2}},"categories":[27,35],"tags":[],"class_list":["post-52298","post","type-post","status-publish","format-standard","has-post-thumbnail","hentry","category-blogu-i-udhetarit","category-shoqerore"],"jetpack_publicize_connections":[],"jetpack_featured_media_url":"https:\/\/i0.wp.com\/www.shqiperia.com\/blog\/wp-content\/uploads\/2021\/12\/800-0-61b649bb8fc58.jpg?fit=800%2C448&ssl=1","jetpack_sharing_enabled":true,"jetpack_shortlink":"https:\/\/wp.me\/p5Z6wp-dBw","jetpack-related-posts":[{"id":96254,"url":"https:\/\/www.shqiperia.com\/blog\/rreshqitje-guresh-ne-kukes-nga-moti-i-keq-disa-zona-pa-energji-elektrike\/","url_meta":{"origin":52298,"position":0},"title":"Rr\u00ebshqitje gur\u00ebsh n\u00eb Kuk\u00ebs nga moti i keq, disa zona pa energji elektrike","author":"Kurt Farka","date":"January 3, 2026","format":false,"excerpt":"3 Janar 2025 Reshjet e shiut dhe era kan\u00eb sjell\u00eb rr\u00ebshqitje gur\u00ebsh dhe inertesh n\u00eb disa akse rrugore nacionale n\u00eb Qarkun Kuk\u00ebs. Sipas raportimeve zyrtare, subjektet kontraktore kan\u00eb qen\u00eb n\u00eb terren gjat\u00eb gjith\u00eb koh\u00ebs duke kryer pastrimin dhe kriposjen e rrug\u00ebve, pa penguar qarkullimin. Aktualisht, t\u00eb gjitha akset rrugore nacionale\u2026","rel":"","context":"In &quot;Blogu i Udh\u00ebtarit&quot;","block_context":{"text":"Blogu i Udh\u00ebtarit","link":"https:\/\/www.shqiperia.com\/blog\/category\/blogu-i-udhetarit\/"},"img":{"alt_text":"","src":"https:\/\/i0.wp.com\/www.shqiperia.com\/blog\/wp-content\/uploads\/2026\/01\/mm.jpg?fit=800%2C508&ssl=1&resize=350%2C200","width":350,"height":200,"srcset":"https:\/\/i0.wp.com\/www.shqiperia.com\/blog\/wp-content\/uploads\/2026\/01\/mm.jpg?fit=800%2C508&ssl=1&resize=350%2C200 1x, https:\/\/i0.wp.com\/www.shqiperia.com\/blog\/wp-content\/uploads\/2026\/01\/mm.jpg?fit=800%2C508&ssl=1&resize=525%2C300 1.5x, https:\/\/i0.wp.com\/www.shqiperia.com\/blog\/wp-content\/uploads\/2026\/01\/mm.jpg?fit=800%2C508&ssl=1&resize=700%2C400 2x"},"classes":[]},{"id":42735,"url":"https:\/\/www.shqiperia.com\/blog\/moti-i-keq-reshjet-shkaktojne-permbytje-ne-lezhe-vlore-dhe-shkoder-mbi-20-fshatra-pa-energji-elektrike-drini-dhe-osumi-rrezik-per-dalje-nga-shtrati\/","url_meta":{"origin":52298,"position":1},"title":"MOTI I KEQ: Reshjet shkaktojn\u00eb p\u00ebrmbytje n\u00eb Lezh\u00eb, Vlor\u00eb dhe Shkod\u00ebr, mbi 20 fshatra pa energji elektrike. Drini dhe Osumi, rrezik p\u00ebr dalje nga shtrati","author":"Kurt Farka","date":"January 8, 2021","format":false,"excerpt":"MOTI I KEQ: Reshjet shkaktojn\u00eb p\u00ebrmbytje n\u00eb Lezh\u00eb, Vlor\u00eb dhe Shkod\u00ebr, mbi 20 fshatra pa energji elektrike. Drini dhe Osumi, rrezik p\u00ebr dalje nga shtrati. 8 janar 2021 Moti i keq ka pushtuar vendin duke shkaktuar p\u00ebrmbytje, dalje t\u00eb lumenjve nga shtrati dhe izolimin total t\u00eb fshatrave t\u00eb t\u00ebra p\u00ebr\u2026","rel":"","context":"In &quot;Blogu i Udh\u00ebtarit&quot;","block_context":{"text":"Blogu i Udh\u00ebtarit","link":"https:\/\/www.shqiperia.com\/blog\/category\/blogu-i-udhetarit\/"},"img":{"alt_text":"","src":"https:\/\/i0.wp.com\/www.shqiperia.com\/blog\/wp-content\/uploads\/2021\/01\/unnamed-11-905x450-1.jpg?fit=905%2C450&ssl=1&resize=350%2C200","width":350,"height":200,"srcset":"https:\/\/i0.wp.com\/www.shqiperia.com\/blog\/wp-content\/uploads\/2021\/01\/unnamed-11-905x450-1.jpg?fit=905%2C450&ssl=1&resize=350%2C200 1x, https:\/\/i0.wp.com\/www.shqiperia.com\/blog\/wp-content\/uploads\/2021\/01\/unnamed-11-905x450-1.jpg?fit=905%2C450&ssl=1&resize=525%2C300 1.5x, https:\/\/i0.wp.com\/www.shqiperia.com\/blog\/wp-content\/uploads\/2021\/01\/unnamed-11-905x450-1.jpg?fit=905%2C450&ssl=1&resize=700%2C400 2x"},"classes":[]},{"id":50560,"url":"https:\/\/www.shqiperia.com\/blog\/moti-i-keq-era-e-forte-shkakton-probleme-ne-qarkun-e-lezhes-veshtiresi-ne-qarkullimin-e-automjeteve-dhe-fshatra-pa-energji-elektrike\/","url_meta":{"origin":52298,"position":2},"title":"Moti i keq, era e fort\u00eb shkakton probleme n\u00eb qarkun e Lezh\u00ebs, v\u00ebshtir\u00ebsi n\u00eb qarkullimin e automjeteve dhe fshatra pa energji elektrike","author":"Kurt Farka","date":"October 15, 2021","format":false,"excerpt":"Moti i keq, era e fort\u00eb shkakton probleme n\u00eb qarkun e Lezh\u00ebs, v\u00ebshtir\u00ebsi n\u00eb qarkullimin e automjeteve dhe fshatra pa energji elektrike 15 tetor 2021 Prej 24 or\u00ebsh, rajoni i Lezh\u00ebs \u00ebsht\u00eb p\u00ebrfshire nga moti i keq ku mbizot\u00ebron era e fort\u00eb, e cila ka shkaktuar edhe probleme n\u00eb disa\u2026","rel":"","context":"In &quot;Shoqerore&quot;","block_context":{"text":"Shoqerore","link":"https:\/\/www.shqiperia.com\/blog\/category\/shoqerore\/"},"img":{"alt_text":"","src":"https:\/\/i0.wp.com\/www.shqiperia.com\/blog\/wp-content\/uploads\/2021\/10\/auto_unnamed1633675525-768x576-1.jpg?fit=768%2C480&ssl=1&resize=350%2C200","width":350,"height":200,"srcset":"https:\/\/i0.wp.com\/www.shqiperia.com\/blog\/wp-content\/uploads\/2021\/10\/auto_unnamed1633675525-768x576-1.jpg?fit=768%2C480&ssl=1&resize=350%2C200 1x, https:\/\/i0.wp.com\/www.shqiperia.com\/blog\/wp-content\/uploads\/2021\/10\/auto_unnamed1633675525-768x576-1.jpg?fit=768%2C480&ssl=1&resize=525%2C300 1.5x, https:\/\/i0.wp.com\/www.shqiperia.com\/blog\/wp-content\/uploads\/2021\/10\/auto_unnamed1633675525-768x576-1.jpg?fit=768%2C480&ssl=1&resize=700%2C400 2x"},"classes":[]},{"id":53813,"url":"https:\/\/www.shqiperia.com\/blog\/reshjet-e-dendura-te-shiut-dhe-debores-dhjetera-fshatra-pa-energji-elektrike-dhe-te-bllokuar\/","url_meta":{"origin":52298,"position":3},"title":"Reshjet e dendura t\u00eb shiut dhe d\u00ebbor\u00ebs. &#8211; \u00a0Dhjet\u00ebra fshatra pa energji elektrike dhe t\u00eb bllokuar","author":"Kurt Farka","date":"February 8, 2022","format":false,"excerpt":"Reshjet e dendura t\u00eb shiut dhe d\u00ebbor\u00ebs. - \u00a0Dhjet\u00ebra fshatra pa energji elektrike dhe t\u00eb bllokuar 8 SHKURT 2022 Situata n\u00eb disa zona t\u00eb vendit nuk paraqitet e mir\u00eb, pas uljes s\u00eb temperaturave dhe reshjeve t\u00eb shiut dhe bor\u00ebs. Dhjet\u00ebra fshatra n\u00eb disa qarqe jan\u00eb pa energji elektrike p\u00ebr shkak\u2026","rel":"","context":"In &quot;Blogu i Udh\u00ebtarit&quot;","block_context":{"text":"Blogu i Udh\u00ebtarit","link":"https:\/\/www.shqiperia.com\/blog\/category\/blogu-i-udhetarit\/"},"img":{"alt_text":"","src":"https:\/\/i0.wp.com\/www.shqiperia.com\/blog\/wp-content\/uploads\/2022\/02\/640-0-620256f97fdb0.jpg?fit=640%2C360&ssl=1&resize=350%2C200","width":350,"height":200,"srcset":"https:\/\/i0.wp.com\/www.shqiperia.com\/blog\/wp-content\/uploads\/2022\/02\/640-0-620256f97fdb0.jpg?fit=640%2C360&ssl=1&resize=350%2C200 1x, https:\/\/i0.wp.com\/www.shqiperia.com\/blog\/wp-content\/uploads\/2022\/02\/640-0-620256f97fdb0.jpg?fit=640%2C360&ssl=1&resize=525%2C300 1.5x"},"classes":[]},{"id":39373,"url":"https:\/\/www.shqiperia.com\/blog\/sot-8-qytete-pa-energji-elektrike\/","url_meta":{"origin":52298,"position":4},"title":"Sot 8 qytete pa energji elektrike","author":"Kurt Farka","date":"October 8, 2020","format":false,"excerpt":"Sot 8 qytete pa energji elektrike Nj\u00eb avari n\u00eb Sistemin e Transmetimit t\u00eb OST ka l\u00ebn\u00eb pa energji elektrike disa qytete. 8 Tetor 2020, 10:33 - Nj\u00eb avari n\u00eb Sistemin e Transmetimit t\u00eb OST ka l\u00ebn\u00eb pa energji elektrike disa qytete. N\u00eb njoftimin zyrtar, m\u00ebsohet se kan\u00eb mbetur pa dritat\u2026","rel":"","context":"In &quot;Blogu i Udh\u00ebtarit&quot;","block_context":{"text":"Blogu i Udh\u00ebtarit","link":"https:\/\/www.shqiperia.com\/blog\/category\/blogu-i-udhetarit\/"},"img":{"alt_text":"","src":"https:\/\/i0.wp.com\/www.shqiperia.com\/blog\/wp-content\/uploads\/2020\/10\/1602146116_ost.jpg?fit=780%2C440&ssl=1&resize=350%2C200","width":350,"height":200,"srcset":"https:\/\/i0.wp.com\/www.shqiperia.com\/blog\/wp-content\/uploads\/2020\/10\/1602146116_ost.jpg?fit=780%2C440&ssl=1&resize=350%2C200 1x, https:\/\/i0.wp.com\/www.shqiperia.com\/blog\/wp-content\/uploads\/2020\/10\/1602146116_ost.jpg?fit=780%2C440&ssl=1&resize=525%2C300 1.5x, https:\/\/i0.wp.com\/www.shqiperia.com\/blog\/wp-content\/uploads\/2020\/10\/1602146116_ost.jpg?fit=780%2C440&ssl=1&resize=700%2C400 2x"},"classes":[]},{"id":61653,"url":"https:\/\/www.shqiperia.com\/blog\/dimer-ne-kryeqytetin-e-maqedonise-se-veriut-cmendet-moti-shkulen-pemet-dhe-bllokohen-makinat-apokalips-i-klimes-skemi-pare-bresher-te-tille\/","url_meta":{"origin":52298,"position":5},"title":"Dim\u00ebr n\u00eb kryeqytetin e Maqedonis\u00eb s\u00eb Veriut: &#8211; &#8220;\u00c7mendet&#8221; moti. &#8211; Shkulen pem\u00ebt dhe bllokohen makinat, apokalips i klim\u00ebs. &#8211;  S&#8217;kemi par\u00eb bresh\u00ebr t\u00eb till\u00eb","author":"Kurt Farka","date":"August 31, 2022","format":false,"excerpt":"31 Gusht 2022 Stuhi me er\u00ebra q\u00eb i ngjajn\u00eb uraganeve, shkruajn\u00eb mediat vendase, shira t\u00eb rr\u00ebmbyer, bubullima e bresh\u00ebr: Moti i keq pushtoi Shkupin duke mbjell\u00eb kaos n\u00eb kryeqytetin e Maqedonis\u00eb s\u00eb Veriut. Rrug\u00eb, parkingje dhe bodrume t\u00eb p\u00ebrmbytura, shum\u00eb pem\u00eb t\u00eb rr\u00ebzuara dhe njer\u00ebz t\u00eb bllokuar n\u00eb makinat e\u2026","rel":"","context":"In &quot;Blogu i Udh\u00ebtarit&quot;","block_context":{"text":"Blogu i Udh\u00ebtarit","link":"https:\/\/www.shqiperia.com\/blog\/category\/blogu-i-udhetarit\/"},"img":{"alt_text":"","src":"https:\/\/i0.wp.com\/www.shqiperia.com\/blog\/wp-content\/uploads\/2022\/08\/800-0-4a82f5e83a3d2ff0bc9c3b0d11eb9d0d.png?fit=800%2C450&ssl=1&resize=350%2C200","width":350,"height":200,"srcset":"https:\/\/i0.wp.com\/www.shqiperia.com\/blog\/wp-content\/uploads\/2022\/08\/800-0-4a82f5e83a3d2ff0bc9c3b0d11eb9d0d.png?fit=800%2C450&ssl=1&resize=350%2C200 1x, https:\/\/i0.wp.com\/www.shqiperia.com\/blog\/wp-content\/uploads\/2022\/08\/800-0-4a82f5e83a3d2ff0bc9c3b0d11eb9d0d.png?fit=800%2C450&ssl=1&resize=525%2C300 1.5x, https:\/\/i0.wp.com\/www.shqiperia.com\/blog\/wp-content\/uploads\/2022\/08\/800-0-4a82f5e83a3d2ff0bc9c3b0d11eb9d0d.png?fit=800%2C450&ssl=1&resize=700%2C400 2x"},"classes":[]}],"_links":{"self":[{"href":"https:\/\/www.shqiperia.com\/blog\/wp-json\/wp\/v2\/posts\/52298","targetHints":{"allow":["GET"]}}],"collection":[{"href":"https:\/\/www.shqiperia.com\/blog\/wp-json\/wp\/v2\/posts"}],"about":[{"href":"https:\/\/www.shqiperia.com\/blog\/wp-json\/wp\/v2\/types\/post"}],"author":[{"embeddable":true,"href":"https:\/\/www.shqiperia.com\/blog\/wp-json\/wp\/v2\/users\/9"}],"replies":[{"embeddable":true,"href":"https:\/\/www.shqiperia.com\/blog\/wp-json\/wp\/v2\/comments?post=52298"}],"version-history":[{"count":1,"href":"https:\/\/www.shqiperia.com\/blog\/wp-json\/wp\/v2\/posts\/52298\/revisions"}],"predecessor-version":[{"id":52300,"href":"https:\/\/www.shqiperia.com\/blog\/wp-json\/wp\/v2\/posts\/52298\/revisions\/52300"}],"wp:featuredmedia":[{"embeddable":true,"href":"https:\/\/www.shqiperia.com\/blog\/wp-json\/wp\/v2\/media\/52299"}],"wp:attachment":[{"href":"https:\/\/www.shqiperia.com\/blog\/wp-json\/wp\/v2\/media?parent=52298"}],"wp:term":[{"taxonomy":"category","embeddable":true,"href":"https:\/\/www.shqiperia.com\/blog\/wp-json\/wp\/v2\/categories?post=52298"},{"taxonomy":"post_tag","embeddable":true,"href":"https:\/\/www.shqiperia.com\/blog\/wp-json\/wp\/v2\/tags?post=52298"}],"curies":[{"name":"wp","href":"https:\/\/api.w.org\/{rel}","templated":true}]}}