{"id":52294,"date":"2021-12-12T12:31:41","date_gmt":"2021-12-12T12:31:41","guid":{"rendered":"https:\/\/www.shqiperia.com\/blog\/?p=52294"},"modified":"2021-12-12T12:31:41","modified_gmt":"2021-12-12T12:31:41","slug":"eposi-i-gilgameshit-kthehet-ne-irak-pllaka-e-vjedhur-3500-vjecare-ekspozohet-ne-atdhe-pas-tre-dekadash","status":"publish","type":"post","link":"https:\/\/www.shqiperia.com\/blog\/eposi-i-gilgameshit-kthehet-ne-irak-pllaka-e-vjedhur-3500-vjecare-ekspozohet-ne-atdhe-pas-tre-dekadash\/","title":{"rendered":"\u201cEposi i Gilgameshit&#8221; kthehet n\u00eb Irak, pllaka e vjedhur 3500-vje\u00e7are ekspozohet n\u00eb atdhe pas tre dekadash"},"content":{"rendered":"<div id=\"attachment_52295\" style=\"width: 610px\" class=\"wp-caption alignnone\"><img data-recalc-dims=\"1\" loading=\"lazy\" decoding=\"async\" aria-describedby=\"caption-attachment-52295\" data-attachment-id=\"52295\" data-permalink=\"https:\/\/www.shqiperia.com\/blog\/eposi-i-gilgameshit-kthehet-ne-irak-pllaka-e-vjedhur-3500-vjecare-ekspozohet-ne-atdhe-pas-tre-dekadash\/eposi-i-gilgameshit\/\" data-orig-file=\"https:\/\/i0.wp.com\/www.shqiperia.com\/blog\/wp-content\/uploads\/2021\/12\/Eposi-i-Gilgameshit.jpg?fit=640%2C335&amp;ssl=1\" data-orig-size=\"640,335\" data-comments-opened=\"1\" data-image-meta=\"{&quot;aperture&quot;:&quot;0&quot;,&quot;credit&quot;:&quot;&quot;,&quot;camera&quot;:&quot;&quot;,&quot;caption&quot;:&quot;&quot;,&quot;created_timestamp&quot;:&quot;0&quot;,&quot;copyright&quot;:&quot;&quot;,&quot;focal_length&quot;:&quot;0&quot;,&quot;iso&quot;:&quot;0&quot;,&quot;shutter_speed&quot;:&quot;0&quot;,&quot;title&quot;:&quot;&quot;,&quot;orientation&quot;:&quot;0&quot;}\" data-image-title=\"Eposi i Gilgameshit\" data-image-description=\"\" data-image-caption=\"&lt;p&gt;\u201cEposi i Gilgameshit&#8221; kthehet n\u00eb Irak, pllaka e vjedhur 3500-vje\u00e7are ekspozohet n\u00eb atdhe pas tre dekadash&lt;\/p&gt;\n\" data-medium-file=\"https:\/\/i0.wp.com\/www.shqiperia.com\/blog\/wp-content\/uploads\/2021\/12\/Eposi-i-Gilgameshit.jpg?fit=300%2C157&amp;ssl=1\" data-large-file=\"https:\/\/i0.wp.com\/www.shqiperia.com\/blog\/wp-content\/uploads\/2021\/12\/Eposi-i-Gilgameshit.jpg?fit=640%2C335&amp;ssl=1\" class=\" wp-image-52295\" alt=\"\" src=\"https:\/\/i0.wp.com\/www.shqiperia.com\/blog\/wp-content\/uploads\/2021\/12\/Eposi-i-Gilgameshit.jpg?resize=600%2C314&#038;ssl=1\" width=\"600\" height=\"314\" srcset=\"https:\/\/i0.wp.com\/www.shqiperia.com\/blog\/wp-content\/uploads\/2021\/12\/Eposi-i-Gilgameshit.jpg?resize=300%2C157&amp;ssl=1 300w, https:\/\/i0.wp.com\/www.shqiperia.com\/blog\/wp-content\/uploads\/2021\/12\/Eposi-i-Gilgameshit.jpg?resize=450%2C236&amp;ssl=1 450w, https:\/\/i0.wp.com\/www.shqiperia.com\/blog\/wp-content\/uploads\/2021\/12\/Eposi-i-Gilgameshit.jpg?resize=600%2C314&amp;ssl=1 600w, https:\/\/i0.wp.com\/www.shqiperia.com\/blog\/wp-content\/uploads\/2021\/12\/Eposi-i-Gilgameshit.jpg?resize=400%2C209&amp;ssl=1 400w, https:\/\/i0.wp.com\/www.shqiperia.com\/blog\/wp-content\/uploads\/2021\/12\/Eposi-i-Gilgameshit.jpg?w=640&amp;ssl=1 640w\" sizes=\"auto, (max-width: 600px) 100vw, 600px\" \/><p id=\"caption-attachment-52295\" class=\"wp-caption-text\">\u201cEposi i Gilgameshit&#8221; kthehet n\u00eb Irak, pllaka e vjedhur 3500-vje\u00e7are ekspozohet n\u00eb atdhe pas tre dekadash<\/p><\/div>\n<p>\u201cEposi i Gilgameshit&#8221; kthehet n\u00eb Irak, pllaka e vjedhur 3500-vje\u00e7are ekspozohet n\u00eb atdhe pas tre dekadash<\/p>\n<p>Nga Besmira Pelushaj<\/p>\n<p>8 Dhjetor 2021<\/p>\n<p>Nj\u00eb pllak\u00eb e lasht\u00eb 3500-vje\u00e7are q\u00eb paraqet Eposin Mesopotamian t\u00eb Gilgameshit \u00ebsht\u00eb kthyer n\u00eb Irak tre dekada pasi ishte vjedhur dhe importuar ilegalisht n\u00eb SHBA.<\/p>\n<p>Artefakti u ekspozua p\u00ebr mediet n\u00eb Irak t\u00eb mart\u00ebn nga autoritetet q\u00eb e mir\u00ebprit\u00ebn kthimin si nj\u00eb &#8220;fitore&#8221; mbi ata q\u00eb vodh\u00ebn &#8220;historin\u00eb&#8221; e vendit.<\/p>\n<p>Pllaka prej balte p\u00ebrmban karaktere n\u00eb form\u00eb kuneiforme dhe besohet se \u00ebsht\u00eb vjedhur nga nj\u00eb muze i Irakut n\u00eb vitin 1991, nd\u00ebrsa vendi ishte p\u00ebrfshir\u00eb n\u00eb Luft\u00ebn e par\u00eb t\u00eb Gjirit.<\/p>\n<p>Eposi i Gilgameshit konsiderohet si nj\u00eb nga veprat m\u00eb t\u00eb vjetra t\u00eb let\u00ebrsis\u00eb n\u00eb bot\u00eb, q\u00eb tregon historin\u00eb e nj\u00eb mbreti mesopotamian n\u00eb k\u00ebrkim t\u00eb p\u00ebrjet\u00ebsis\u00eb.<\/p>\n<p>N\u00eb nj\u00eb konferenc\u00eb shtypi t\u00eb mart\u00ebn n\u00eb Bagdad, ministri i jasht\u00ebm irakian i dor\u00ebzoi ministrit t\u00eb Kultur\u00ebs tre artefakte t\u00eb gjetura nga SHBA dhe Britania e Madhe: pllak\u00ebn e Gilgameshit, kok\u00ebn e nj\u00eb dashi sumerian dhe nj\u00eb pllakat\u00eb sumeriane.<\/p>\n<p>Eposi i Gilgameshit &#8220;ka nj\u00eb r\u00ebnd\u00ebsi t\u00eb madhe, pasi \u00ebsht\u00eb nj\u00eb nga tekstet letrare m\u00eb t\u00eb vjetra t\u00eb historis\u00eb s\u00eb Irakut&#8221;, tha p\u00ebr AFP Ministri i Kultur\u00ebs dhe Antikiteteve Hassan Nazim.<\/p>\n<div id=\"attachment_52296\" style=\"width: 634px\" class=\"wp-caption alignnone\"><img data-recalc-dims=\"1\" loading=\"lazy\" decoding=\"async\" aria-describedby=\"caption-attachment-52296\" data-attachment-id=\"52296\" data-permalink=\"https:\/\/www.shqiperia.com\/blog\/eposi-i-gilgameshit-kthehet-ne-irak-pllaka-e-vjedhur-3500-vjecare-ekspozohet-ne-atdhe-pas-tre-dekadash\/eposi-i-gilgameshit-2\/\" data-orig-file=\"https:\/\/i0.wp.com\/www.shqiperia.com\/blog\/wp-content\/uploads\/2021\/12\/Eposi-i-Gilgameshit-2.jpg?fit=640%2C428&amp;ssl=1\" data-orig-size=\"640,428\" data-comments-opened=\"1\" data-image-meta=\"{&quot;aperture&quot;:&quot;0&quot;,&quot;credit&quot;:&quot;&quot;,&quot;camera&quot;:&quot;&quot;,&quot;caption&quot;:&quot;&quot;,&quot;created_timestamp&quot;:&quot;0&quot;,&quot;copyright&quot;:&quot;&quot;,&quot;focal_length&quot;:&quot;0&quot;,&quot;iso&quot;:&quot;0&quot;,&quot;shutter_speed&quot;:&quot;0&quot;,&quot;title&quot;:&quot;&quot;,&quot;orientation&quot;:&quot;0&quot;}\" data-image-title=\"Eposi i Gilgameshit (2)\" data-image-description=\"\" data-image-caption=\"&lt;p&gt;\u201cEposi i Gilgameshit&#8221; kthehet n\u00eb Irak, pllaka e vjedhur 3500-vje\u00e7are ekspozohet n\u00eb atdhe pas tre dekadash&lt;\/p&gt;\n\" data-medium-file=\"https:\/\/i0.wp.com\/www.shqiperia.com\/blog\/wp-content\/uploads\/2021\/12\/Eposi-i-Gilgameshit-2.jpg?fit=300%2C201&amp;ssl=1\" data-large-file=\"https:\/\/i0.wp.com\/www.shqiperia.com\/blog\/wp-content\/uploads\/2021\/12\/Eposi-i-Gilgameshit-2.jpg?fit=640%2C428&amp;ssl=1\" class=\" wp-image-52296\" alt=\"\" src=\"https:\/\/i0.wp.com\/www.shqiperia.com\/blog\/wp-content\/uploads\/2021\/12\/Eposi-i-Gilgameshit-2.jpg?resize=624%2C418&#038;ssl=1\" width=\"624\" height=\"418\" srcset=\"https:\/\/i0.wp.com\/www.shqiperia.com\/blog\/wp-content\/uploads\/2021\/12\/Eposi-i-Gilgameshit-2.jpg?resize=300%2C201&amp;ssl=1 300w, https:\/\/i0.wp.com\/www.shqiperia.com\/blog\/wp-content\/uploads\/2021\/12\/Eposi-i-Gilgameshit-2.jpg?resize=450%2C301&amp;ssl=1 450w, https:\/\/i0.wp.com\/www.shqiperia.com\/blog\/wp-content\/uploads\/2021\/12\/Eposi-i-Gilgameshit-2.jpg?resize=600%2C401&amp;ssl=1 600w, https:\/\/i0.wp.com\/www.shqiperia.com\/blog\/wp-content\/uploads\/2021\/12\/Eposi-i-Gilgameshit-2.jpg?resize=400%2C268&amp;ssl=1 400w, https:\/\/i0.wp.com\/www.shqiperia.com\/blog\/wp-content\/uploads\/2021\/12\/Eposi-i-Gilgameshit-2.jpg?w=640&amp;ssl=1 640w\" sizes=\"auto, (max-width: 624px) 100vw, 624px\" \/><p id=\"caption-attachment-52296\" class=\"wp-caption-text\">\u201cEposi i Gilgameshit&#8221; kthehet n\u00eb Irak, pllaka e vjedhur 3500-vje\u00e7are ekspozohet n\u00eb atdhe pas tre dekadash<\/p><\/div>\n<p>N\u00eb nj\u00eb vit, Iraku ka gjetur rreth 18,000 artefakte, duke p\u00ebrfshir\u00eb 17,899 pjes\u00eb t\u00eb kthyera nga SHBA gjat\u00eb ver\u00ebs.<\/p>\n","protected":false},"excerpt":{"rendered":"<p>\u201cEposi i Gilgameshit&#8221; kthehet n\u00eb Irak, pllaka e vjedhur 3500-vje\u00e7are ekspozohet n\u00eb atdhe pas tre dekadash Nga Besmira Pelushaj 8 Dhjetor 2021 Nj\u00eb pllak\u00eb e lasht\u00eb 3500-vje\u00e7are q\u00eb paraqet Eposin Mesopotamian t\u00eb Gilgameshit \u00ebsht\u00eb kthyer n\u00eb Irak tre dekada pasi ishte vjedhur dhe importuar ilegalisht n\u00eb SHBA. Artefakti u ekspozua p\u00ebr mediet n\u00eb Irak t\u00eb [&hellip;]<\/p>\n","protected":false},"author":9,"featured_media":52295,"comment_status":"open","ping_status":"open","sticky":false,"template":"","format":"standard","meta":{"jetpack_post_was_ever_published":false,"_jetpack_newsletter_access":"","_jetpack_dont_email_post_to_subs":false,"_jetpack_newsletter_tier_id":0,"_jetpack_memberships_contains_paywalled_content":false,"_jetpack_memberships_contains_paid_content":false,"footnotes":"","jetpack_publicize_message":"","jetpack_publicize_feature_enabled":true,"jetpack_social_post_already_shared":true,"jetpack_social_options":{"image_generator_settings":{"template":"highway","default_image_id":0,"font":"","enabled":false},"version":2}},"categories":[10],"tags":[],"class_list":["post-52294","post","type-post","status-publish","format-standard","has-post-thumbnail","hentry","category-kultura"],"jetpack_publicize_connections":[],"jetpack_featured_media_url":"https:\/\/i0.wp.com\/www.shqiperia.com\/blog\/wp-content\/uploads\/2021\/12\/Eposi-i-Gilgameshit.jpg?fit=640%2C335&ssl=1","jetpack_sharing_enabled":true,"jetpack_shortlink":"https:\/\/wp.me\/p5Z6wp-dBs","jetpack-related-posts":[{"id":94611,"url":"https:\/\/www.shqiperia.com\/blog\/holanda-do-ti-ktheje-egjiptit-nje-skulpture-3500-vjecare\/","url_meta":{"origin":52294,"position":0},"title":"Holanda do t\u2019i kthej\u00eb Egjiptit nj\u00eb skulptur\u00eb 3500-vje\u00e7are.","author":"Kurt Farka","date":"November 3, 2025","format":false,"excerpt":"3 Nentor 2025 Nj\u00eb skulptur\u00eb 3.500-vje\u00e7are do t\u2019i kthehet Egjiptit nga Holanda, njoftoi kryeministri holandez, Dick Soub, gjat\u00eb nj\u00eb takimi me Abdel Fattah al-Sisi. Sipas burimeve, b\u00ebhet fjal\u00eb p\u00ebr nj\u00eb skulptur\u00eb q\u00eb paraqet nj\u00eb zyrtar t\u00eb lart\u00eb nga periudha e faraonit Thutmose III (1479-1425 p.e.s.). Mendohet se ky artefakt \u00ebsht\u00eb\u2026","rel":"","context":"In &quot;Arte&quot;","block_context":{"text":"Arte","link":"https:\/\/www.shqiperia.com\/blog\/category\/arte\/"},"img":{"alt_text":"","src":"https:\/\/i0.wp.com\/www.shqiperia.com\/blog\/wp-content\/uploads\/2025\/11\/640-0-d9389efe6583f11e3e9fe0417da275e9.jpg?fit=640%2C420&ssl=1&resize=350%2C200","width":350,"height":200,"srcset":"https:\/\/i0.wp.com\/www.shqiperia.com\/blog\/wp-content\/uploads\/2025\/11\/640-0-d9389efe6583f11e3e9fe0417da275e9.jpg?fit=640%2C420&ssl=1&resize=350%2C200 1x, https:\/\/i0.wp.com\/www.shqiperia.com\/blog\/wp-content\/uploads\/2025\/11\/640-0-d9389efe6583f11e3e9fe0417da275e9.jpg?fit=640%2C420&ssl=1&resize=525%2C300 1.5x"},"classes":[]},{"id":49317,"url":"https:\/\/www.shqiperia.com\/blog\/irakut-i-kthehen-17-mije-artefakte-arkeologjike\/","url_meta":{"origin":52294,"position":1},"title":"Irakut i kthehen 17 mij\u00eb artefakte arkeologjike","author":"Kurt Farka","date":"August 25, 2021","format":false,"excerpt":"Irakut i kthehen 17 mij\u00eb artefakte arkeologjike Poema sumeriane \u201cEpi i Gilgameshit\u201d konsiderohet si nj\u00eb nga veprat m\u00eb t\u00eb vjetra t\u00eb let\u00ebrsis\u00eb, dhe s\u00eb bashku me disa mij\u00ebra objekte t\u00eb tjera, p\u00ebrfshin nj\u00eb nga arkat m\u00eb t\u00eb m\u00ebdha t\u00eb objekteve t\u00eb r\u00ebnd\u00ebsishme arkeologjike t\u00eb vjedhura nga Iraku pas pushtimit t\u00eb\u2026","rel":"","context":"In &quot;Histori&quot;","block_context":{"text":"Histori","link":"https:\/\/www.shqiperia.com\/blog\/category\/histori\/"},"img":{"alt_text":"","src":"https:\/\/i0.wp.com\/www.shqiperia.com\/blog\/wp-content\/uploads\/2021\/08\/auto_Iraku1627849474.jpg?fit=900%2C506&ssl=1&resize=350%2C200","width":350,"height":200,"srcset":"https:\/\/i0.wp.com\/www.shqiperia.com\/blog\/wp-content\/uploads\/2021\/08\/auto_Iraku1627849474.jpg?fit=900%2C506&ssl=1&resize=350%2C200 1x, https:\/\/i0.wp.com\/www.shqiperia.com\/blog\/wp-content\/uploads\/2021\/08\/auto_Iraku1627849474.jpg?fit=900%2C506&ssl=1&resize=525%2C300 1.5x, https:\/\/i0.wp.com\/www.shqiperia.com\/blog\/wp-content\/uploads\/2021\/08\/auto_Iraku1627849474.jpg?fit=900%2C506&ssl=1&resize=700%2C400 2x"},"classes":[]},{"id":47638,"url":"https:\/\/www.shqiperia.com\/blog\/anija-e-plackitur-do-te-ekspozohet-ne-berlin-a-eshte-anija-luf-nje-tjeter-artefakt-i-vjedhur-kolonial\/","url_meta":{"origin":52294,"position":2},"title":"Anija e \u201cpla\u00e7kitur\u201d do t\u00eb ekspozohet n\u00eb Berlin. &#8211; A \u00ebsht\u00eb anija Luf nj\u00eb tjet\u00ebr artefakt i vjedhur kolonial?","author":"Kurt Farka","date":"June 6, 2021","format":false,"excerpt":"Anija e \u201cpla\u00e7kitur\u201d do t\u00eb ekspozohet n\u00eb Berlin. A \u00ebsht\u00eb anija Luf nj\u00eb tjet\u00ebr artefakt i vjedhur kolonial? N\u00eb librin e ri, historiani gjerman, G\u00f6tz Aly, tregon se si nj\u00eb anije u mor nga Paq\u00ebsori Jugor dhe p\u00ebrfundoi n\u00eb nj\u00eb muze gjerman. A do t\u00eb nxis\u00eb nj\u00eb debat t\u00eb ri\u2026","rel":"","context":"In &quot;Blogu i Udh\u00ebtarit&quot;","block_context":{"text":"Blogu i Udh\u00ebtarit","link":"https:\/\/www.shqiperia.com\/blog\/category\/blogu-i-udhetarit\/"},"img":{"alt_text":"","src":"https:\/\/i0.wp.com\/www.shqiperia.com\/blog\/wp-content\/uploads\/2021\/06\/Anija-e-plackitur-qe-do-te-ekspozohet-ne-Berlin-2.jpg?fit=900%2C507&ssl=1&resize=350%2C200","width":350,"height":200,"srcset":"https:\/\/i0.wp.com\/www.shqiperia.com\/blog\/wp-content\/uploads\/2021\/06\/Anija-e-plackitur-qe-do-te-ekspozohet-ne-Berlin-2.jpg?fit=900%2C507&ssl=1&resize=350%2C200 1x, https:\/\/i0.wp.com\/www.shqiperia.com\/blog\/wp-content\/uploads\/2021\/06\/Anija-e-plackitur-qe-do-te-ekspozohet-ne-Berlin-2.jpg?fit=900%2C507&ssl=1&resize=525%2C300 1.5x, https:\/\/i0.wp.com\/www.shqiperia.com\/blog\/wp-content\/uploads\/2021\/06\/Anija-e-plackitur-qe-do-te-ekspozohet-ne-Berlin-2.jpg?fit=900%2C507&ssl=1&resize=700%2C400 2x"},"classes":[]},{"id":60077,"url":"https:\/\/www.shqiperia.com\/blog\/shqiperia-i-kthen-italise-clavikorden-e-shekullit-xviii-ishte-vjedhur-ne-konservatorin-e-parmes\/","url_meta":{"origin":52294,"position":3},"title":"Shqip\u00ebria i kthen Italis\u00eb Clavikord\u00ebn e shekullit XVIII. &#8211; Ishte vjedhur n\u00eb konservatorin e Parmes","author":"Kurt Farka","date":"July 26, 2022","format":false,"excerpt":"26 Korrik 2022 Clavikorda, nj\u00eb instrument muzikor e shekullit t\u00eb XVIII e cila ishte vjedhur n\u00eb konservatorin e Parm\u00ebs \u00a0do i kthehet s\u00ebrish Italis\u00eb. Instrumenti muzikor \u00ebsht\u00eb gjetur n\u00eb nj\u00eb dyqan instrumentesh muzikore n\u00eb Shqip\u00ebri dhe sot paradite pritet q\u00eb p\u00ebrmes nj\u00eb ceremonie t\u00eb b\u00ebhet dor\u00ebzimi tek autoritetet italiane. N\u00eb\u2026","rel":"","context":"In &quot;Blogu i Udh\u00ebtarit&quot;","block_context":{"text":"Blogu i Udh\u00ebtarit","link":"https:\/\/www.shqiperia.com\/blog\/category\/blogu-i-udhetarit\/"},"img":{"alt_text":"","src":"https:\/\/i0.wp.com\/www.shqiperia.com\/blog\/wp-content\/uploads\/2022\/07\/Clavikorda-e-shekullit-XVIII.-e-vjedhur-i-kthehet-Italise.jpg?fit=640%2C378&ssl=1&resize=350%2C200","width":350,"height":200,"srcset":"https:\/\/i0.wp.com\/www.shqiperia.com\/blog\/wp-content\/uploads\/2022\/07\/Clavikorda-e-shekullit-XVIII.-e-vjedhur-i-kthehet-Italise.jpg?fit=640%2C378&ssl=1&resize=350%2C200 1x, https:\/\/i0.wp.com\/www.shqiperia.com\/blog\/wp-content\/uploads\/2022\/07\/Clavikorda-e-shekullit-XVIII.-e-vjedhur-i-kthehet-Italise.jpg?fit=640%2C378&ssl=1&resize=525%2C300 1.5x"},"classes":[]},{"id":12859,"url":"https:\/\/www.shqiperia.com\/blog\/xhamia-monument-e-vokopoles-berat-drejt-shkaterrimit-banoret-eshte-350-vjecare\/","url_meta":{"origin":52294,"position":4},"title":"Xhamia monument e Vokopol\u00ebs (Berat) drejt shkat\u00ebrrimit, banor\u00ebt: \u00cbsht\u00eb 350 vje\u00e7are.-","author":"Kurt Farka","date":"October 22, 2018","format":false,"excerpt":"Xhamia monument e Vokopol\u00ebs drejt shkat\u00ebrrimit, banor\u00ebt: \u00cbsht\u00eb 350 vje\u00e7are.- Xhamia e fshatit Vokopol\u00eb n\u00eb bashkin\u00eb e Poli\u00e7anit edhe pse \u00ebsht\u00eb nj\u00eb objekt muzeal po shkon drejt\u00a0shkat\u00ebrrimit. Mungesa e p\u00ebrkujdesjes ka b\u00ebr\u00eb q\u00eb ajo tashm\u00eb t\u00eb kthehet n\u00eb nj\u00eb g\u00ebrmadh\u00eb e mbuluar nga ferrat dhe shkurret. Banor t\u00eb pap\u00ebrgjegjsh\u00ebm i\u2026","rel":"","context":"In &quot;Histori&quot;","block_context":{"text":"Histori","link":"https:\/\/www.shqiperia.com\/blog\/category\/histori\/"},"img":{"alt_text":"","src":"https:\/\/i0.wp.com\/www.shqiperia.com\/blog\/wp-content\/uploads\/2018\/10\/1540125338_Screenshot5.jpg?fit=780%2C440&ssl=1&resize=350%2C200","width":350,"height":200,"srcset":"https:\/\/i0.wp.com\/www.shqiperia.com\/blog\/wp-content\/uploads\/2018\/10\/1540125338_Screenshot5.jpg?fit=780%2C440&ssl=1&resize=350%2C200 1x, https:\/\/i0.wp.com\/www.shqiperia.com\/blog\/wp-content\/uploads\/2018\/10\/1540125338_Screenshot5.jpg?fit=780%2C440&ssl=1&resize=525%2C300 1.5x, https:\/\/i0.wp.com\/www.shqiperia.com\/blog\/wp-content\/uploads\/2018\/10\/1540125338_Screenshot5.jpg?fit=780%2C440&ssl=1&resize=700%2C400 2x"},"classes":[]},{"id":7053,"url":"https:\/\/www.shqiperia.com\/blog\/gjendet-zemra-800-vjecare-e-shenjtorit-6-vjet-pas-vjedhjes\/","url_meta":{"origin":52294,"position":5},"title":"Gjendet zemra 800-vje\u00e7are e shenjtorit &#8211; 6 vjet pas vjedhjes. &#8211;","author":"Kurt Farka","date":"May 4, 2018","format":false,"excerpt":"Gjendet zemra 800-vje\u00e7are e shenjtorit - 6 vjet pas vjedhjes. Zemra 800-vje\u00e7are e nj\u00eb shenjti irlandez \u00ebsht\u00eb gjetur gjasht\u00eb vjet pasi ishte vjedhur nga nj\u00eb katedrale e Dublinit. Zemra e St Laurence O\u2019Toole u gjet e pad\u00ebmtuar n\u00eb Parkun Phoenix t\u00eb qytetit nga policia irlandeze pas nj\u00eb hetimi t\u00eb gjat\u00eb.\u2026","rel":"","context":"In &quot;Blogu i Udh\u00ebtarit&quot;","block_context":{"text":"Blogu i Udh\u00ebtarit","link":"https:\/\/www.shqiperia.com\/blog\/category\/blogu-i-udhetarit\/"},"img":{"alt_text":"","src":"https:\/\/i0.wp.com\/www.shqiperia.com\/blog\/wp-content\/uploads\/2018\/05\/Zemra-e-shejtorit-irlandez-Copy.jpg?fit=780%2C440&ssl=1&resize=350%2C200","width":350,"height":200,"srcset":"https:\/\/i0.wp.com\/www.shqiperia.com\/blog\/wp-content\/uploads\/2018\/05\/Zemra-e-shejtorit-irlandez-Copy.jpg?fit=780%2C440&ssl=1&resize=350%2C200 1x, https:\/\/i0.wp.com\/www.shqiperia.com\/blog\/wp-content\/uploads\/2018\/05\/Zemra-e-shejtorit-irlandez-Copy.jpg?fit=780%2C440&ssl=1&resize=525%2C300 1.5x, https:\/\/i0.wp.com\/www.shqiperia.com\/blog\/wp-content\/uploads\/2018\/05\/Zemra-e-shejtorit-irlandez-Copy.jpg?fit=780%2C440&ssl=1&resize=700%2C400 2x"},"classes":[]}],"_links":{"self":[{"href":"https:\/\/www.shqiperia.com\/blog\/wp-json\/wp\/v2\/posts\/52294","targetHints":{"allow":["GET"]}}],"collection":[{"href":"https:\/\/www.shqiperia.com\/blog\/wp-json\/wp\/v2\/posts"}],"about":[{"href":"https:\/\/www.shqiperia.com\/blog\/wp-json\/wp\/v2\/types\/post"}],"author":[{"embeddable":true,"href":"https:\/\/www.shqiperia.com\/blog\/wp-json\/wp\/v2\/users\/9"}],"replies":[{"embeddable":true,"href":"https:\/\/www.shqiperia.com\/blog\/wp-json\/wp\/v2\/comments?post=52294"}],"version-history":[{"count":1,"href":"https:\/\/www.shqiperia.com\/blog\/wp-json\/wp\/v2\/posts\/52294\/revisions"}],"predecessor-version":[{"id":52297,"href":"https:\/\/www.shqiperia.com\/blog\/wp-json\/wp\/v2\/posts\/52294\/revisions\/52297"}],"wp:featuredmedia":[{"embeddable":true,"href":"https:\/\/www.shqiperia.com\/blog\/wp-json\/wp\/v2\/media\/52295"}],"wp:attachment":[{"href":"https:\/\/www.shqiperia.com\/blog\/wp-json\/wp\/v2\/media?parent=52294"}],"wp:term":[{"taxonomy":"category","embeddable":true,"href":"https:\/\/www.shqiperia.com\/blog\/wp-json\/wp\/v2\/categories?post=52294"},{"taxonomy":"post_tag","embeddable":true,"href":"https:\/\/www.shqiperia.com\/blog\/wp-json\/wp\/v2\/tags?post=52294"}],"curies":[{"name":"wp","href":"https:\/\/api.w.org\/{rel}","templated":true}]}}