{"id":52281,"date":"2021-12-12T09:24:13","date_gmt":"2021-12-12T09:24:13","guid":{"rendered":"https:\/\/www.shqiperia.com\/blog\/?p=52281"},"modified":"2021-12-12T09:36:50","modified_gmt":"2021-12-12T09:36:50","slug":"moti-i-keq-gjunjezon-disa-shtete-te-amerikes-raportohet-per-30-tornado-te-pakten-80-te-vdekur-guvernatori-i-kentakit-ishte-nje-prej-neteve-me-te-veshtira-ne-histori","status":"publish","type":"post","link":"https:\/\/www.shqiperia.com\/blog\/moti-i-keq-gjunjezon-disa-shtete-te-amerikes-raportohet-per-30-tornado-te-pakten-80-te-vdekur-guvernatori-i-kentakit-ishte-nje-prej-neteve-me-te-veshtira-ne-histori\/","title":{"rendered":"Moti i keq \u201cgjunj\u00ebzon\u201d disa shtete t\u00eb Amerik\u00ebs\/ Raportohet p\u00ebr 30 tornado, t\u00eb pakt\u00ebn 80 t\u00eb vdekur. Guvernatori i Kentakit: Ishte nj\u00eb prej net\u00ebve m\u00eb t\u00eb v\u00ebshtira n\u00eb histori!"},"content":{"rendered":"<p><img data-recalc-dims=\"1\" loading=\"lazy\" decoding=\"async\" data-attachment-id=\"52289\" data-permalink=\"https:\/\/www.shqiperia.com\/blog\/moti-i-keq-gjunjezon-disa-shtete-te-amerikes-raportohet-per-30-tornado-te-pakten-80-te-vdekur-guvernatori-i-kentakit-ishte-nje-prej-neteve-me-te-veshtira-ne-histori\/kentaki-4\/\" data-orig-file=\"https:\/\/i0.wp.com\/www.shqiperia.com\/blog\/wp-content\/uploads\/2021\/12\/kentaki-1.jpg?fit=780%2C438&amp;ssl=1\" data-orig-size=\"780,438\" data-comments-opened=\"1\" data-image-meta=\"{&quot;aperture&quot;:&quot;0&quot;,&quot;credit&quot;:&quot;&quot;,&quot;camera&quot;:&quot;&quot;,&quot;caption&quot;:&quot;&quot;,&quot;created_timestamp&quot;:&quot;0&quot;,&quot;copyright&quot;:&quot;&quot;,&quot;focal_length&quot;:&quot;0&quot;,&quot;iso&quot;:&quot;0&quot;,&quot;shutter_speed&quot;:&quot;0&quot;,&quot;title&quot;:&quot;&quot;,&quot;orientation&quot;:&quot;0&quot;}\" data-image-title=\"kentaki\" data-image-description=\"\" data-image-caption=\"\" data-medium-file=\"https:\/\/i0.wp.com\/www.shqiperia.com\/blog\/wp-content\/uploads\/2021\/12\/kentaki-1.jpg?fit=300%2C168&amp;ssl=1\" data-large-file=\"https:\/\/i0.wp.com\/www.shqiperia.com\/blog\/wp-content\/uploads\/2021\/12\/kentaki-1.jpg?fit=780%2C438&amp;ssl=1\" class=\"alignnone wp-image-52289\" alt=\"\" src=\"https:\/\/i0.wp.com\/www.shqiperia.com\/blog\/wp-content\/uploads\/2021\/12\/kentaki-1.jpg?resize=564%2C316&#038;ssl=1\" width=\"564\" height=\"316\" srcset=\"https:\/\/i0.wp.com\/www.shqiperia.com\/blog\/wp-content\/uploads\/2021\/12\/kentaki-1.jpg?resize=300%2C168&amp;ssl=1 300w, https:\/\/i0.wp.com\/www.shqiperia.com\/blog\/wp-content\/uploads\/2021\/12\/kentaki-1.jpg?resize=768%2C431&amp;ssl=1 768w, https:\/\/i0.wp.com\/www.shqiperia.com\/blog\/wp-content\/uploads\/2021\/12\/kentaki-1.jpg?resize=450%2C253&amp;ssl=1 450w, https:\/\/i0.wp.com\/www.shqiperia.com\/blog\/wp-content\/uploads\/2021\/12\/kentaki-1.jpg?resize=600%2C337&amp;ssl=1 600w, https:\/\/i0.wp.com\/www.shqiperia.com\/blog\/wp-content\/uploads\/2021\/12\/kentaki-1.jpg?resize=400%2C225&amp;ssl=1 400w, https:\/\/i0.wp.com\/www.shqiperia.com\/blog\/wp-content\/uploads\/2021\/12\/kentaki-1.jpg?w=780&amp;ssl=1 780w\" sizes=\"auto, (max-width: 564px) 100vw, 564px\" \/><\/p>\n<p>Moti i keq \u201cgjunj\u00ebzon\u201d disa shtete t\u00eb Amerik\u00ebs\/ Raportohet p\u00ebr 30 tornado, t\u00eb pakt\u00ebn 80 t\u00eb vdekur. Guvernatori i Kentakit: Ishte nj\u00eb prej net\u00ebve m\u00eb t\u00eb v\u00ebshtira n\u00eb histori!<\/p>\n<p>12 dhjetor 2021<\/p>\n<p>Moti i keq i shoq\u00ebruar me stuhi dhe tornado goditi dje disa shtete t\u00eb Amerik\u00ebs Qendrore dhe Jugore, duke rrafshuar dhjet\u00ebra banesa, nd\u00ebrkoh\u00eb q\u00eb zyrtar\u00ebt b\u00ebjn\u00eb me dije se t\u00eb pakt\u00ebn 80 persona kan\u00eb humbur jet\u00ebn.<\/p>\n<p>Zyrtar\u00ebt lokal\u00eb i frik\u00ebsohen n\u00eb or\u00ebt n\u00eb vijim thellimit t\u00eb bilancit t\u00eb viktimave, q\u00eb pritet t\u00eb kaloj\u00eb mbi 100 t\u00eb vdekur.<\/p>\n<p><img data-recalc-dims=\"1\" loading=\"lazy\" decoding=\"async\" data-attachment-id=\"52291\" data-permalink=\"https:\/\/www.shqiperia.com\/blog\/moti-i-keq-gjunjezon-disa-shtete-te-amerikes-raportohet-per-30-tornado-te-pakten-80-te-vdekur-guvernatori-i-kentakit-ishte-nje-prej-neteve-me-te-veshtira-ne-histori\/kentaki-3-2\/\" data-orig-file=\"https:\/\/i0.wp.com\/www.shqiperia.com\/blog\/wp-content\/uploads\/2021\/12\/kentaki-3-1.jpg?fit=780%2C438&amp;ssl=1\" data-orig-size=\"780,438\" data-comments-opened=\"1\" data-image-meta=\"{&quot;aperture&quot;:&quot;0&quot;,&quot;credit&quot;:&quot;&quot;,&quot;camera&quot;:&quot;&quot;,&quot;caption&quot;:&quot;&quot;,&quot;created_timestamp&quot;:&quot;0&quot;,&quot;copyright&quot;:&quot;&quot;,&quot;focal_length&quot;:&quot;0&quot;,&quot;iso&quot;:&quot;0&quot;,&quot;shutter_speed&quot;:&quot;0&quot;,&quot;title&quot;:&quot;&quot;,&quot;orientation&quot;:&quot;0&quot;}\" data-image-title=\"kentaki-3\" data-image-description=\"\" data-image-caption=\"\" data-medium-file=\"https:\/\/i0.wp.com\/www.shqiperia.com\/blog\/wp-content\/uploads\/2021\/12\/kentaki-3-1.jpg?fit=300%2C168&amp;ssl=1\" data-large-file=\"https:\/\/i0.wp.com\/www.shqiperia.com\/blog\/wp-content\/uploads\/2021\/12\/kentaki-3-1.jpg?fit=780%2C438&amp;ssl=1\" class=\"alignnone wp-image-52291\" alt=\"\" src=\"https:\/\/i0.wp.com\/www.shqiperia.com\/blog\/wp-content\/uploads\/2021\/12\/kentaki-3-1.jpg?resize=748%2C419&#038;ssl=1\" width=\"748\" height=\"419\" srcset=\"https:\/\/i0.wp.com\/www.shqiperia.com\/blog\/wp-content\/uploads\/2021\/12\/kentaki-3-1.jpg?resize=300%2C168&amp;ssl=1 300w, https:\/\/i0.wp.com\/www.shqiperia.com\/blog\/wp-content\/uploads\/2021\/12\/kentaki-3-1.jpg?resize=768%2C431&amp;ssl=1 768w, https:\/\/i0.wp.com\/www.shqiperia.com\/blog\/wp-content\/uploads\/2021\/12\/kentaki-3-1.jpg?resize=450%2C253&amp;ssl=1 450w, https:\/\/i0.wp.com\/www.shqiperia.com\/blog\/wp-content\/uploads\/2021\/12\/kentaki-3-1.jpg?resize=600%2C337&amp;ssl=1 600w, https:\/\/i0.wp.com\/www.shqiperia.com\/blog\/wp-content\/uploads\/2021\/12\/kentaki-3-1.jpg?resize=400%2C225&amp;ssl=1 400w, https:\/\/i0.wp.com\/www.shqiperia.com\/blog\/wp-content\/uploads\/2021\/12\/kentaki-3-1.jpg?w=780&amp;ssl=1 780w\" sizes=\"auto, (max-width: 748px) 100vw, 748px\" \/><\/p>\n<p>Vet\u00ebm n\u00eb Kentaki, guvernatori i shtetit thot\u00eb se m\u00eb shum\u00eb se 70 njer\u00ebz raportohet t\u00eb ken\u00eb humbur jet\u00ebn n\u00eb at\u00eb q\u00eb e konsideroi si \u201cnj\u00eb prej net\u00ebve m\u00eb t\u00eb v\u00ebshtira n\u00eb historin\u00eb e Kentakit\u201d.<\/p>\n<p>Tornadot shemb\u00ebn nj\u00eb fabrik\u00eb n\u00eb Kentaki, nj\u00eb magazin\u00eb t\u00eb Amazon n\u00eb Illinoisin per\u00ebndimor dhe nj\u00eb azil t\u00eb moshuarish n\u00eb Arkansas, duke l\u00ebn\u00eb dhjet\u00ebra viktima.<\/p>\n<p>M\u00eb shum\u00eb se 30 tornado jan\u00eb raportuar n\u00eb t\u00eb pakt\u00ebn gjasht\u00eb shtete, duke p\u00ebrfshir\u00eb Missouri, Tenesi dhe Mississippi.<\/p>\n<p><img data-recalc-dims=\"1\" loading=\"lazy\" decoding=\"async\" data-attachment-id=\"52292\" data-permalink=\"https:\/\/www.shqiperia.com\/blog\/moti-i-keq-gjunjezon-disa-shtete-te-amerikes-raportohet-per-30-tornado-te-pakten-80-te-vdekur-guvernatori-i-kentakit-ishte-nje-prej-neteve-me-te-veshtira-ne-histori\/kentaki-2-2\/\" data-orig-file=\"https:\/\/i0.wp.com\/www.shqiperia.com\/blog\/wp-content\/uploads\/2021\/12\/kentaki-2-1.jpg?fit=780%2C438&amp;ssl=1\" data-orig-size=\"780,438\" data-comments-opened=\"1\" data-image-meta=\"{&quot;aperture&quot;:&quot;5&quot;,&quot;credit&quot;:&quot;Timothy D. Easley&quot;,&quot;camera&quot;:&quot;NIKON Z 6&quot;,&quot;caption&quot;:&quot;Emergency response workers dig through the rubble of the Mayfield Consumer Products candle factory in Mayfield, Ky., Saturday, Dec. 11, 2021. Tornadoes and severe weather caused catastrophic damage across multiple states late Friday, killing several people overnight. (AP Photo\\\/Timothy D. Easley)&quot;,&quot;created_timestamp&quot;:&quot;1639221977&quot;,&quot;copyright&quot;:&quot;Copyright 2021 The Associated Press. All Rights Reserved.&quot;,&quot;focal_length&quot;:&quot;300&quot;,&quot;iso&quot;:&quot;100&quot;,&quot;shutter_speed&quot;:&quot;0.00125&quot;,&quot;title&quot;:&quot;&quot;,&quot;orientation&quot;:&quot;0&quot;}\" data-image-title=\"kentaki-2\" data-image-description=\"\" data-image-caption=\"&lt;p&gt;Emergency response workers dig through the rubble of the Mayfield Consumer Products candle factory in Mayfield, Ky., Saturday, Dec. 11, 2021. Tornadoes and severe weather caused catastrophic damage across multiple states late Friday, killing several people overnight. (AP Photo\/Timothy D. Easley)&lt;\/p&gt;\n\" data-medium-file=\"https:\/\/i0.wp.com\/www.shqiperia.com\/blog\/wp-content\/uploads\/2021\/12\/kentaki-2-1.jpg?fit=300%2C168&amp;ssl=1\" data-large-file=\"https:\/\/i0.wp.com\/www.shqiperia.com\/blog\/wp-content\/uploads\/2021\/12\/kentaki-2-1.jpg?fit=780%2C438&amp;ssl=1\" class=\" wp-image-52292\" alt=\"\" src=\"https:\/\/i0.wp.com\/www.shqiperia.com\/blog\/wp-content\/uploads\/2021\/12\/kentaki-2-1.jpg?resize=589%2C330&#038;ssl=1\" width=\"589\" height=\"330\" srcset=\"https:\/\/i0.wp.com\/www.shqiperia.com\/blog\/wp-content\/uploads\/2021\/12\/kentaki-2-1.jpg?resize=300%2C168&amp;ssl=1 300w, https:\/\/i0.wp.com\/www.shqiperia.com\/blog\/wp-content\/uploads\/2021\/12\/kentaki-2-1.jpg?resize=768%2C431&amp;ssl=1 768w, https:\/\/i0.wp.com\/www.shqiperia.com\/blog\/wp-content\/uploads\/2021\/12\/kentaki-2-1.jpg?resize=450%2C253&amp;ssl=1 450w, https:\/\/i0.wp.com\/www.shqiperia.com\/blog\/wp-content\/uploads\/2021\/12\/kentaki-2-1.jpg?resize=600%2C337&amp;ssl=1 600w, https:\/\/i0.wp.com\/www.shqiperia.com\/blog\/wp-content\/uploads\/2021\/12\/kentaki-2-1.jpg?resize=400%2C225&amp;ssl=1 400w, https:\/\/i0.wp.com\/www.shqiperia.com\/blog\/wp-content\/uploads\/2021\/12\/kentaki-2-1.jpg?w=780&amp;ssl=1 780w\" sizes=\"auto, (max-width: 589px) 100vw, 589px\" \/><\/p>\n<p>Presidenti amerikan Joe Biden ka th\u00ebn\u00eb se qeveria do t\u00eb b\u00ebj\u00eb gjith\u00e7ka q\u00eb mundet p\u00ebr t\u00eb ndihmuar zonat qendrore t\u00eb vendit t\u00eb shkat\u00ebrruara nga tornadot. Ai tha se stuhit\u00eb ishin nd\u00ebr m\u00eb t\u00eb m\u00ebdhat\u00eb n\u00eb historin\u00eb e SHBA.<\/p>\n<p>Gazeta Panorama<\/p>\n","protected":false},"excerpt":{"rendered":"<p>Moti i keq \u201cgjunj\u00ebzon\u201d disa shtete t\u00eb Amerik\u00ebs\/ Raportohet p\u00ebr 30 tornado, t\u00eb pakt\u00ebn 80 t\u00eb vdekur. Guvernatori i Kentakit: Ishte nj\u00eb prej net\u00ebve m\u00eb t\u00eb v\u00ebshtira n\u00eb histori! 12 dhjetor 2021 Moti i keq i shoq\u00ebruar me stuhi dhe tornado goditi dje disa shtete t\u00eb Amerik\u00ebs Qendrore dhe Jugore, duke rrafshuar dhjet\u00ebra banesa, nd\u00ebrkoh\u00eb [&hellip;]<\/p>\n","protected":false},"author":9,"featured_media":52283,"comment_status":"open","ping_status":"open","sticky":false,"template":"","format":"standard","meta":{"jetpack_post_was_ever_published":false,"_jetpack_newsletter_access":"","_jetpack_dont_email_post_to_subs":false,"_jetpack_newsletter_tier_id":0,"_jetpack_memberships_contains_paywalled_content":false,"_jetpack_memberships_contains_paid_content":false,"footnotes":"","jetpack_publicize_message":"","jetpack_publicize_feature_enabled":true,"jetpack_social_post_already_shared":true,"jetpack_social_options":{"image_generator_settings":{"template":"highway","default_image_id":0,"font":"","enabled":false},"version":2}},"categories":[1,35],"tags":[],"class_list":["post-52281","post","type-post","status-publish","format-standard","has-post-thumbnail","hentry","category-njoftime-shtypi","category-shoqerore"],"jetpack_publicize_connections":[],"jetpack_featured_media_url":"https:\/\/i0.wp.com\/www.shqiperia.com\/blog\/wp-content\/uploads\/2021\/12\/kentaki-2.jpg?fit=780%2C438&ssl=1","jetpack_sharing_enabled":true,"jetpack_shortlink":"https:\/\/wp.me\/p5Z6wp-dBf","jetpack-related-posts":[{"id":76247,"url":"https:\/\/www.shqiperia.com\/blog\/moti-i-keq-mberthen-shba-ne-tornado-dhe-stuhi-raportohet-per-6-te-vdekur\/","url_meta":{"origin":52281,"position":0},"title":"Moti i keq \u2018mb\u00ebrthen\u2019 SHBA-n\u00eb\/ Tornado dhe stuhi, raportohet p\u00ebr 6 t\u00eb vdekur","author":"Kurt Farka","date":"December 10, 2023","format":false,"excerpt":"10 Dhjetor 2023 Moti i keq ka \u2018mb\u00ebrthyer\u2019 SHBA-n\u00eb. Raportohet se 6 persona humb\u00ebn jet\u00ebn pasi tornadot dhe stuhit\u00eb e forta shp\u00ebrthyen disa pjes\u00eb t\u00eb Tenesit t\u00eb shtun\u00ebn. Nd\u00ebrtesat u shnd\u00ebrruan n\u00eb rr\u00ebnoja dhe komunitetet u zhyt\u00ebn n\u00eb err\u00ebsir\u00eb kur moti ekstrem goditi pjes\u00eb t\u00eb shtetit jugor t\u00eb SHBA, raporton\u2026","rel":"","context":"In &quot;Blogu i Udh\u00ebtarit&quot;","block_context":{"text":"Blogu i Udh\u00ebtarit","link":"https:\/\/www.shqiperia.com\/blog\/category\/blogu-i-udhetarit\/"},"img":{"alt_text":"","src":"https:\/\/i0.wp.com\/www.shqiperia.com\/blog\/wp-content\/uploads\/2023\/12\/800-0-dedee9b90ccd1ffd7fd02c03e6cb4f5e.jpg?fit=800%2C483&ssl=1&resize=350%2C200","width":350,"height":200,"srcset":"https:\/\/i0.wp.com\/www.shqiperia.com\/blog\/wp-content\/uploads\/2023\/12\/800-0-dedee9b90ccd1ffd7fd02c03e6cb4f5e.jpg?fit=800%2C483&ssl=1&resize=350%2C200 1x, https:\/\/i0.wp.com\/www.shqiperia.com\/blog\/wp-content\/uploads\/2023\/12\/800-0-dedee9b90ccd1ffd7fd02c03e6cb4f5e.jpg?fit=800%2C483&ssl=1&resize=525%2C300 1.5x, https:\/\/i0.wp.com\/www.shqiperia.com\/blog\/wp-content\/uploads\/2023\/12\/800-0-dedee9b90ccd1ffd7fd02c03e6cb4f5e.jpg?fit=800%2C483&ssl=1&resize=700%2C400 2x"},"classes":[]},{"id":65648,"url":"https:\/\/www.shqiperia.com\/blog\/dhjetera-viktima-dhe-mijera-fluturime-te-anuluara-moti-ekstrem-mberthen-13-shtete\/","url_meta":{"origin":52281,"position":1},"title":"Dhjet\u00ebra viktima dhe mij\u00ebra fluturime t\u00eb anuluara. &#8211; Moti ekstrem \u2018mb\u00ebrthen\u2019 13 shtete","author":"Kurt Farka","date":"December 25, 2022","format":false,"excerpt":"25 Dhjetor 2022 Nj\u00eb stuhi bore vazhdon t\u00eb godas\u00eb disa shtet t\u00eb SHA-s\u00eb, duke shkaktuar humbje jet\u00ebsh dhe anulime t\u00eb udh\u00ebtimeve. T\u00eb pakt\u00ebn 28 ??persona kan\u00eb humbur jet\u00ebn n\u00eb\u00a0SHBA, dhe pothuajse 300000 sht\u00ebpi dhe biznese pa energji eklektike, asi temperatura prej dit\u00ebsh jan\u00eb n\u00eb zero grad\u00eb. 13 shtete jan\u00eb duke\u2026","rel":"","context":"In &quot;Blogu i Udh\u00ebtarit&quot;","block_context":{"text":"Blogu i Udh\u00ebtarit","link":"https:\/\/www.shqiperia.com\/blog\/category\/blogu-i-udhetarit\/"},"img":{"alt_text":"","src":"https:\/\/i0.wp.com\/www.shqiperia.com\/blog\/wp-content\/uploads\/2022\/12\/800-0-bfe64ca3b99a89cf34554d46d41374e6-2-300x176.jpg?resize=350%2C200&ssl=1","width":350,"height":200,"srcset":"https:\/\/i0.wp.com\/www.shqiperia.com\/blog\/wp-content\/uploads\/2022\/12\/800-0-bfe64ca3b99a89cf34554d46d41374e6-2-300x176.jpg?resize=350%2C200&ssl=1 1x, https:\/\/i0.wp.com\/www.shqiperia.com\/blog\/wp-content\/uploads\/2022\/12\/800-0-bfe64ca3b99a89cf34554d46d41374e6-2-300x176.jpg?resize=525%2C300&ssl=1 1.5x"},"classes":[]},{"id":88090,"url":"https:\/\/www.shqiperia.com\/blog\/shba-nen-pushtimin-e-motit-te-keq-mbyllen-shkollat-dhe-institucionet-qeveritare-ne-disa-shtete\/","url_meta":{"origin":52281,"position":2},"title":"SHBA n\u00ebn \u201cpushtimin\u201d e motit t\u00eb keq, mbyllen shkollat dhe institucionet qeveritare n\u00eb disa shtete","author":"Kurt Farka","date":"January 7, 2025","format":false,"excerpt":"7 Janar 2025 Nj\u00eb val\u00eb d\u00ebbore, akulli, er\u00ebrash dhe temperaturat n\u00eb r\u00ebnie krijuan kushte t\u00eb rrezikshme udh\u00ebtimi n\u00eb shtetet qendrore dhe jugore amerikane deri n\u00eb brigjet lindore t\u00eb vendit, duke detyruar mbylljen e shkollave dhe institucioneve qeveritare n\u00eb disa shtete. Bora dhe akulli mbuluan rrug\u00ebt kryesore n\u00eb Kansas, Nebrask\u00ebn per\u00ebndimore\u2026","rel":"","context":"In &quot;Blogu i Udh\u00ebtarit&quot;","block_context":{"text":"Blogu i Udh\u00ebtarit","link":"https:\/\/www.shqiperia.com\/blog\/category\/blogu-i-udhetarit\/"},"img":{"alt_text":"","src":"https:\/\/i0.wp.com\/www.shqiperia.com\/blog\/wp-content\/uploads\/2025\/01\/moti-i-keq-shba-663x433-1.jpg?fit=663%2C433&ssl=1&resize=350%2C200","width":350,"height":200,"srcset":"https:\/\/i0.wp.com\/www.shqiperia.com\/blog\/wp-content\/uploads\/2025\/01\/moti-i-keq-shba-663x433-1.jpg?fit=663%2C433&ssl=1&resize=350%2C200 1x, https:\/\/i0.wp.com\/www.shqiperia.com\/blog\/wp-content\/uploads\/2025\/01\/moti-i-keq-shba-663x433-1.jpg?fit=663%2C433&ssl=1&resize=525%2C300 1.5x"},"classes":[]},{"id":82191,"url":"https:\/\/www.shqiperia.com\/blog\/moti-i-keq-mberthen-italine-permbytje-dhe-lumenj-te-dale-nga-shtrati-nje-i-vdekur\/","url_meta":{"origin":52281,"position":3},"title":"Moti i keq \u201cmb\u00ebrthen\u201d Italin\u00eb, p\u00ebrmbytje dhe lumenj t\u00eb dal\u00eb nga shtrati, nj\u00eb i vdekur","author":"Kurt Farka","date":"June 26, 2024","format":false,"excerpt":"26 Qershor 2024 Moti i keq ka mb\u00ebrthyer disa zona n\u00eb Itali, duke shkaktuar nj\u00eb viktim\u00eb. Si pasoj\u00eb e reshjeve t\u00eb dendura t\u00eb shiut n\u00eb zon\u00ebn e Parm\u00ebs, nj\u00eb 85-vje\u00e7ar humbi jet\u00ebn pas v\u00ebrshimit t\u00eb p\u00ebrroit t\u00eb Termin\u00ebs. Trupi i tij u gjet nga zjarrfik\u00ebsit rreth or\u00ebs 20:00 n\u00eb Lido\u2026","rel":"","context":"In &quot;Blogu i Udh\u00ebtarit&quot;","block_context":{"text":"Blogu i Udh\u00ebtarit","link":"https:\/\/www.shqiperia.com\/blog\/category\/blogu-i-udhetarit\/"},"img":{"alt_text":"","src":"https:\/\/i0.wp.com\/www.shqiperia.com\/blog\/wp-content\/uploads\/2024\/06\/images-2.jpg?resize=350%2C200&ssl=1","width":350,"height":200,"srcset":"https:\/\/i0.wp.com\/www.shqiperia.com\/blog\/wp-content\/uploads\/2024\/06\/images-2.jpg?resize=350%2C200&ssl=1 1x, https:\/\/i0.wp.com\/www.shqiperia.com\/blog\/wp-content\/uploads\/2024\/06\/images-2.jpg?resize=525%2C300&ssl=1 1.5x"},"classes":[]},{"id":72823,"url":"https:\/\/www.shqiperia.com\/blog\/moti-i-keq-dhe-shi-ne-kroaci-slloveni-bosnje-dhe-serbi-6-te-vdekur-dhe-qindra-te-lenduar-nga-stuhite\/","url_meta":{"origin":52281,"position":4},"title":"Moti i keq dhe shi n\u00eb Kroaci, Slloveni, Bosnje dhe Serbi, 6 t\u00eb vdekur dhe qindra t\u00eb l\u00ebnduar nga stuhit\u00eb","author":"Kurt Farka","date":"July 20, 2023","format":false,"excerpt":"20 Korrik 2023 Nj\u00eb zjarrfik\u00ebs kroat ka vdekur gjat\u00eb stuhis\u00eb vdekjeprur\u00ebse q\u00eb p\u00ebrfshiu Ballkanin pas nj\u00eb vale t\u00eb t\u00eb nxehtit, duke e \u00e7uar numrin e t\u00eb vdekurve n\u00eb gjasht\u00eb, than\u00eb zyrtar\u00ebt m\u00eb 20 korrik. N\u00eb t\u00eb gjith\u00eb Ballkanin, autoritetet raportuan qindra t\u00eb l\u00ebnduar, duke p\u00ebrfshir\u00eb disa n\u00eb gjendje m\u00eb t\u00eb\u2026","rel":"","context":"In &quot;Blogu i Udh\u00ebtarit&quot;","block_context":{"text":"Blogu i Udh\u00ebtarit","link":"https:\/\/www.shqiperia.com\/blog\/category\/blogu-i-udhetarit\/"},"img":{"alt_text":"","src":"https:\/\/i0.wp.com\/www.shqiperia.com\/blog\/wp-content\/uploads\/2023\/07\/Kroaci_Moti_lig-780x388-1.jpg?fit=780%2C388&ssl=1&resize=350%2C200","width":350,"height":200,"srcset":"https:\/\/i0.wp.com\/www.shqiperia.com\/blog\/wp-content\/uploads\/2023\/07\/Kroaci_Moti_lig-780x388-1.jpg?fit=780%2C388&ssl=1&resize=350%2C200 1x, https:\/\/i0.wp.com\/www.shqiperia.com\/blog\/wp-content\/uploads\/2023\/07\/Kroaci_Moti_lig-780x388-1.jpg?fit=780%2C388&ssl=1&resize=525%2C300 1.5x, https:\/\/i0.wp.com\/www.shqiperia.com\/blog\/wp-content\/uploads\/2023\/07\/Kroaci_Moti_lig-780x388-1.jpg?fit=780%2C388&ssl=1&resize=700%2C400 2x"},"classes":[]},{"id":94342,"url":"https:\/\/www.shqiperia.com\/blog\/tornado-e-fuqishme-ne-veri-te-parisit-nje-i-vdekur-dhe-disa-te-plagosur-rrezohen-vinca-dhe-shkaterrohen-ndertesa\/","url_meta":{"origin":52281,"position":5},"title":"Tornado e fuqishme n\u00eb veri t\u00eb Parisit\/ Nj\u00eb i vdekur dhe disa t\u00eb plagosur, rr\u00ebzohen vin\u00e7a dhe shkat\u00ebrrohen nd\u00ebrtesa","author":"Kurt Farka","date":"October 21, 2025","format":false,"excerpt":"21 Tetor 025 N\u00eb rajonin Val d\u2019Oise, n\u00eb veri t\u00eb Parisit, nj\u00eb tornado e rrall\u00eb, por e fuqishme goditi zon\u00ebn pasditen e sotme, duke l\u00ebn\u00eb pas nj\u00eb person t\u00eb vdekur dhe disa t\u00eb tjer\u00eb t\u00eb plagosur r\u00ebnd\u00eb. Sipas t\u00eb dh\u00ebnave nga ministri i Brendsh\u00ebm i Franc\u00ebs, Laurent Nunez, tornadoja shkat\u00ebrruese\u2026","rel":"","context":"In &quot;Blogu i Udh\u00ebtarit&quot;","block_context":{"text":"Blogu i Udh\u00ebtarit","link":"https:\/\/www.shqiperia.com\/blog\/category\/blogu-i-udhetarit\/"},"img":{"alt_text":"","src":"https:\/\/i0.wp.com\/www.shqiperia.com\/blog\/wp-content\/uploads\/2025\/10\/tornado_paris1.jpg?fit=1200%2C806&ssl=1&resize=350%2C200","width":350,"height":200,"srcset":"https:\/\/i0.wp.com\/www.shqiperia.com\/blog\/wp-content\/uploads\/2025\/10\/tornado_paris1.jpg?fit=1200%2C806&ssl=1&resize=350%2C200 1x, https:\/\/i0.wp.com\/www.shqiperia.com\/blog\/wp-content\/uploads\/2025\/10\/tornado_paris1.jpg?fit=1200%2C806&ssl=1&resize=525%2C300 1.5x, https:\/\/i0.wp.com\/www.shqiperia.com\/blog\/wp-content\/uploads\/2025\/10\/tornado_paris1.jpg?fit=1200%2C806&ssl=1&resize=700%2C400 2x, https:\/\/i0.wp.com\/www.shqiperia.com\/blog\/wp-content\/uploads\/2025\/10\/tornado_paris1.jpg?fit=1200%2C806&ssl=1&resize=1050%2C600 3x"},"classes":[]}],"_links":{"self":[{"href":"https:\/\/www.shqiperia.com\/blog\/wp-json\/wp\/v2\/posts\/52281","targetHints":{"allow":["GET"]}}],"collection":[{"href":"https:\/\/www.shqiperia.com\/blog\/wp-json\/wp\/v2\/posts"}],"about":[{"href":"https:\/\/www.shqiperia.com\/blog\/wp-json\/wp\/v2\/types\/post"}],"author":[{"embeddable":true,"href":"https:\/\/www.shqiperia.com\/blog\/wp-json\/wp\/v2\/users\/9"}],"replies":[{"embeddable":true,"href":"https:\/\/www.shqiperia.com\/blog\/wp-json\/wp\/v2\/comments?post=52281"}],"version-history":[{"count":4,"href":"https:\/\/www.shqiperia.com\/blog\/wp-json\/wp\/v2\/posts\/52281\/revisions"}],"predecessor-version":[{"id":52293,"href":"https:\/\/www.shqiperia.com\/blog\/wp-json\/wp\/v2\/posts\/52281\/revisions\/52293"}],"wp:featuredmedia":[{"embeddable":true,"href":"https:\/\/www.shqiperia.com\/blog\/wp-json\/wp\/v2\/media\/52283"}],"wp:attachment":[{"href":"https:\/\/www.shqiperia.com\/blog\/wp-json\/wp\/v2\/media?parent=52281"}],"wp:term":[{"taxonomy":"category","embeddable":true,"href":"https:\/\/www.shqiperia.com\/blog\/wp-json\/wp\/v2\/categories?post=52281"},{"taxonomy":"post_tag","embeddable":true,"href":"https:\/\/www.shqiperia.com\/blog\/wp-json\/wp\/v2\/tags?post=52281"}],"curies":[{"name":"wp","href":"https:\/\/api.w.org\/{rel}","templated":true}]}}