{"id":52278,"date":"2021-12-12T09:03:44","date_gmt":"2021-12-12T09:03:44","guid":{"rendered":"https:\/\/www.shqiperia.com\/blog\/?p=52278"},"modified":"2021-12-12T09:03:44","modified_gmt":"2021-12-12T09:03:44","slug":"moti-i-keq-arrsh-tregon-situaten-ne-akset-kryesore-te-vendit-apel-drejtuesve-te-mjeteve-pajisuni-me-zinxhire-dhe-goma-dimerore","status":"publish","type":"post","link":"https:\/\/www.shqiperia.com\/blog\/moti-i-keq-arrsh-tregon-situaten-ne-akset-kryesore-te-vendit-apel-drejtuesve-te-mjeteve-pajisuni-me-zinxhire-dhe-goma-dimerore\/","title":{"rendered":"Moti i keq \/ ARRSH tregon situat\u00ebn n\u00eb akset kryesore t\u00eb vendit, apel drejtuesve t\u00eb mjeteve: Pajisuni me zinxhir\u00eb dhe goma dim\u00ebrore!"},"content":{"rendered":"<p><img data-recalc-dims=\"1\" loading=\"lazy\" decoding=\"async\" data-attachment-id=\"52279\" data-permalink=\"https:\/\/www.shqiperia.com\/blog\/moti-i-keq-arrsh-tregon-situaten-ne-akset-kryesore-te-vendit-apel-drejtuesve-te-mjeteve-pajisuni-me-zinxhire-dhe-goma-dimerore\/800-0-c592e408a2d4458158783ee82469204c\/\" data-orig-file=\"https:\/\/i0.wp.com\/www.shqiperia.com\/blog\/wp-content\/uploads\/2021\/12\/800-0-c592e408a2d4458158783ee82469204c.jpg?fit=800%2C436&amp;ssl=1\" data-orig-size=\"800,436\" data-comments-opened=\"1\" data-image-meta=\"{&quot;aperture&quot;:&quot;0&quot;,&quot;credit&quot;:&quot;&quot;,&quot;camera&quot;:&quot;&quot;,&quot;caption&quot;:&quot;&quot;,&quot;created_timestamp&quot;:&quot;0&quot;,&quot;copyright&quot;:&quot;&quot;,&quot;focal_length&quot;:&quot;0&quot;,&quot;iso&quot;:&quot;0&quot;,&quot;shutter_speed&quot;:&quot;0&quot;,&quot;title&quot;:&quot;&quot;,&quot;orientation&quot;:&quot;0&quot;}\" data-image-title=\"-800-0-c592e408a2d4458158783ee82469204c\" data-image-description=\"\" data-image-caption=\"\" data-medium-file=\"https:\/\/i0.wp.com\/www.shqiperia.com\/blog\/wp-content\/uploads\/2021\/12\/800-0-c592e408a2d4458158783ee82469204c.jpg?fit=300%2C164&amp;ssl=1\" data-large-file=\"https:\/\/i0.wp.com\/www.shqiperia.com\/blog\/wp-content\/uploads\/2021\/12\/800-0-c592e408a2d4458158783ee82469204c.jpg?fit=800%2C436&amp;ssl=1\" class=\"alignnone  wp-image-52279\" alt=\"\" src=\"https:\/\/i0.wp.com\/www.shqiperia.com\/blog\/wp-content\/uploads\/2021\/12\/800-0-c592e408a2d4458158783ee82469204c.jpg?resize=569%2C311&#038;ssl=1\" width=\"569\" height=\"311\" srcset=\"https:\/\/i0.wp.com\/www.shqiperia.com\/blog\/wp-content\/uploads\/2021\/12\/800-0-c592e408a2d4458158783ee82469204c.jpg?resize=300%2C164&amp;ssl=1 300w, https:\/\/i0.wp.com\/www.shqiperia.com\/blog\/wp-content\/uploads\/2021\/12\/800-0-c592e408a2d4458158783ee82469204c.jpg?resize=768%2C419&amp;ssl=1 768w, https:\/\/i0.wp.com\/www.shqiperia.com\/blog\/wp-content\/uploads\/2021\/12\/800-0-c592e408a2d4458158783ee82469204c.jpg?resize=450%2C245&amp;ssl=1 450w, https:\/\/i0.wp.com\/www.shqiperia.com\/blog\/wp-content\/uploads\/2021\/12\/800-0-c592e408a2d4458158783ee82469204c.jpg?resize=600%2C327&amp;ssl=1 600w, https:\/\/i0.wp.com\/www.shqiperia.com\/blog\/wp-content\/uploads\/2021\/12\/800-0-c592e408a2d4458158783ee82469204c.jpg?resize=400%2C218&amp;ssl=1 400w, https:\/\/i0.wp.com\/www.shqiperia.com\/blog\/wp-content\/uploads\/2021\/12\/800-0-c592e408a2d4458158783ee82469204c.jpg?w=800&amp;ssl=1 800w\" sizes=\"auto, (max-width: 569px) 100vw, 569px\" \/><\/p>\n<p>Moti i keq \/ ARRSH tregon situat\u00ebn n\u00eb akset kryesore t\u00eb vendit, apel drejtuesve t\u00eb mjeteve: Pajisuni me zinxhir\u00eb dhe goma dim\u00ebrore!<\/p>\n<p>12 DHJETOR 2021<\/p>\n<p>Autoriteti Rrugor Shqiptar b\u00ebn me dije se qarkullimi vazhdon normalisht n\u00eb t\u00eb gjitha akset nacionale. Po ashtu k\u00ebshillohen drejtuesit e mjeteve t\u00eb b\u00ebjn\u00eb kujdes n\u00eb l\u00ebvizje, t\u00eb reduktojn\u00eb shpejt\u00ebsin\u00eb dhe t\u00eb pajisen me zinxhir\u00eb dhe goma dim\u00ebrore.<\/p>\n<p>NJOFTIMI<\/p>\n<p>N\u00eb Rajonin Jugor dhen\u00eb Rajonin Qendror reshjet kan\u00eb pushuar kontraktor\u00ebt kan\u00eb punuar me mjete bor\u00ebpastruese dhe kan\u00eb b\u00ebr\u00eb shp\u00ebrndarjen e krip\u00ebs n\u00eb ato segmente ku ka pasur prezenc\u00eb bore<\/p>\n<p>N\u00eb Rajonin Verior gjat\u00eb nat\u00ebs ka pasur kryesisht reshje shiu, pa sjell\u00eb probleme me qarkullimim e mjeteve, \u00ebsht\u00eb punuar n\u00eb Qaf\u00eb Mali-Fierz\u00eb p\u00ebr pastrimin e aksit<\/p>\n<p>Qarkullimi vazhdon normalisht n\u00eb t\u00eb gjitha akset nacionale.<\/p>\n<p>Drejtuesit e mjeteve t\u00eb b\u00ebjn\u00eb kujdes n\u00eb l\u00ebvizje dhe t\u00eb respektojn\u00eb sinjalistik\u00ebn rrugore t\u00eb reduktojn\u00eb shpejt\u00ebsin\u00eb, t\u00eb pajisen me zinxhir\u00eb dhe goma dim\u00ebrore t\u00eb ndjekin udh\u00ebzimet e Policis\u00eb Rrugore.<\/p>\n<p>Gazeta Sot<\/p>\n","protected":false},"excerpt":{"rendered":"<p>Moti i keq \/ ARRSH tregon situat\u00ebn n\u00eb akset kryesore t\u00eb vendit, apel drejtuesve t\u00eb mjeteve: Pajisuni me zinxhir\u00eb dhe goma dim\u00ebrore! 12 DHJETOR 2021 Autoriteti Rrugor Shqiptar b\u00ebn me dije se qarkullimi vazhdon normalisht n\u00eb t\u00eb gjitha akset nacionale. Po ashtu k\u00ebshillohen drejtuesit e mjeteve t\u00eb b\u00ebjn\u00eb kujdes n\u00eb l\u00ebvizje, t\u00eb reduktojn\u00eb shpejt\u00ebsin\u00eb dhe [&hellip;]<\/p>\n","protected":false},"author":9,"featured_media":52279,"comment_status":"open","ping_status":"open","sticky":false,"template":"","format":"standard","meta":{"jetpack_post_was_ever_published":false,"_jetpack_newsletter_access":"","_jetpack_dont_email_post_to_subs":false,"_jetpack_newsletter_tier_id":0,"_jetpack_memberships_contains_paywalled_content":false,"_jetpack_memberships_contains_paid_content":false,"footnotes":"","jetpack_publicize_message":"","jetpack_publicize_feature_enabled":true,"jetpack_social_post_already_shared":true,"jetpack_social_options":{"image_generator_settings":{"template":"highway","default_image_id":0,"font":"","enabled":false},"version":2}},"categories":[1,35],"tags":[],"class_list":["post-52278","post","type-post","status-publish","format-standard","has-post-thumbnail","hentry","category-njoftime-shtypi","category-shoqerore"],"jetpack_publicize_connections":[],"jetpack_featured_media_url":"https:\/\/i0.wp.com\/www.shqiperia.com\/blog\/wp-content\/uploads\/2021\/12\/800-0-c592e408a2d4458158783ee82469204c.jpg?fit=800%2C436&ssl=1","jetpack_sharing_enabled":true,"jetpack_shortlink":"https:\/\/wp.me\/p5Z6wp-dBc","jetpack-related-posts":[{"id":44248,"url":"https:\/\/www.shqiperia.com\/blog\/moti-i-keq-arrsh-informon-mbi-gjendjen-e-akseve-levizni-me-goma-dimerore-ja-rruget-ende-te-bllokuara\/","url_meta":{"origin":52278,"position":0},"title":"Moti i keq &#8211; \u00a0ARRSH informon mbi gjendjen e akseve: L\u00ebvizni me goma dim\u00ebrore, ja rrug\u00ebt ende t\u00eb bllokuara","author":"Kurt Farka","date":"February 14, 2021","format":false,"excerpt":"Moti i keq - \u00a0ARRSH informon mbi gjendjen e akseve: L\u00ebvizni me goma dim\u00ebrore, ja rrug\u00ebt ende t\u00eb bllokuara 14 SHKURT 2021 Moti i keq me ngrica dhe reshje t\u00eb dendura d\u00ebbore ka sjell\u00eb nj\u00eb s\u00ebr\u00eb problematikash n\u00eb vend, ku shum\u00eb akse kryesore kan\u00eb qen\u00eb t\u00eb bllokuara. Nd\u00ebrkoh\u00eb, me nj\u00eb\u2026","rel":"","context":"In &quot;Blogu i Udh\u00ebtarit&quot;","block_context":{"text":"Blogu i Udh\u00ebtarit","link":"https:\/\/www.shqiperia.com\/blog\/category\/blogu-i-udhetarit\/"},"img":{"alt_text":"","src":"https:\/\/i0.wp.com\/www.shqiperia.com\/blog\/wp-content\/uploads\/2021\/02\/640-0-60297e2910d98.jpg?fit=597%2C351&ssl=1&resize=350%2C200","width":350,"height":200,"srcset":"https:\/\/i0.wp.com\/www.shqiperia.com\/blog\/wp-content\/uploads\/2021\/02\/640-0-60297e2910d98.jpg?fit=597%2C351&ssl=1&resize=350%2C200 1x, https:\/\/i0.wp.com\/www.shqiperia.com\/blog\/wp-content\/uploads\/2021\/02\/640-0-60297e2910d98.jpg?fit=597%2C351&ssl=1&resize=525%2C300 1.5x"},"classes":[]},{"id":53335,"url":"https:\/\/www.shqiperia.com\/blog\/vendi-jone-pushtohet-nga-acari-gjate-oreve-ne-vijim-priten-temperatura-te-uleta-deri-17-grade-arrsh-del-me-thirrjen-urgjente-per-te-gjithe-shoferet\/","url_meta":{"origin":52278,"position":1},"title":"Vendi jon\u00eb \u2018pushtohet\u2019 nga acari. Gjat\u00eb or\u00ebve n\u00eb vijim priten temperatura t\u00eb ul\u00ebta deri -17 grad\u00eb, ARRSH del me thirrjen urgjente p\u00ebr t\u00eb gjith\u00eb shofer\u00ebt","author":"Kurt Farka","date":"January 21, 2022","format":false,"excerpt":"Vendi jon\u00eb \u2018pushtohet\u2019 nga acari. Gjat\u00eb or\u00ebve n\u00eb vijim priten temperatura t\u00eb ul\u00ebta deri -17 grad\u00eb, ARRSH del me thirrjen urgjente p\u00ebr t\u00eb gjith\u00eb shofer\u00ebt 21 JANAR 2022 Reshje d\u00ebbore ka pasur n\u00eb: Boboshtic\u00eb-Dardh\u00eb, Qaf\u00eb Than\u00eb-Kapshtic\u00eb, Fush\u00eb Stude-Klenj\u00eb, Bajram Curri-Valbon\u00eb, Kuk\u00ebs-Ura e Zapodit, Qaf\u00eb Mali-Fierz\u00eb, Dedaj-Raz\u00ebm-Bog\u00eb, Kuben-Vasije, Qaf\u00eb Qel\u00eb-Puk\u00eb-Fush\u00eb Arr\u00ebz-Fush\u00eb\u2026","rel":"","context":"In &quot;Blogu i Udh\u00ebtarit&quot;","block_context":{"text":"Blogu i Udh\u00ebtarit","link":"https:\/\/www.shqiperia.com\/blog\/category\/blogu-i-udhetarit\/"},"img":{"alt_text":"","src":"https:\/\/i0.wp.com\/www.shqiperia.com\/blog\/wp-content\/uploads\/2022\/01\/640-0-61ea72668d430-1.jpg?fit=640%2C339&ssl=1&resize=350%2C200","width":350,"height":200,"srcset":"https:\/\/i0.wp.com\/www.shqiperia.com\/blog\/wp-content\/uploads\/2022\/01\/640-0-61ea72668d430-1.jpg?fit=640%2C339&ssl=1&resize=350%2C200 1x, https:\/\/i0.wp.com\/www.shqiperia.com\/blog\/wp-content\/uploads\/2022\/01\/640-0-61ea72668d430-1.jpg?fit=640%2C339&ssl=1&resize=525%2C300 1.5x"},"classes":[]},{"id":77459,"url":"https:\/\/www.shqiperia.com\/blog\/moti-i-keq-ne-vend\/","url_meta":{"origin":52278,"position":2},"title":"Moti i keq n\u00eb vend","author":"Kurt Farka","date":"January 20, 2024","format":false,"excerpt":"20 Janar 2024 Policia e Shtetit ka shtuar prezenc\u00ebn e saj n\u00eb t\u00eb gjitha akset rrugore n\u00eb zon\u00ebn e Dibr\u00ebs p\u00ebr shkak t\u00eb p\u00ebrkeq\u00ebsimit t\u00eb moti dhe reshjeve t\u00eb dendura t\u00eb d\u00ebbor\u00ebs q\u00eb kan\u00eb p\u00ebrfshir\u00eb nj\u00eb pjes\u00eb t\u00eb madhe t\u00eb territorit. M\u00ebsohet se rruga e Arbrit, pjesa e aksit t\u00eb\u2026","rel":"","context":"In &quot;Blogu i Udh\u00ebtarit&quot;","block_context":{"text":"Blogu i Udh\u00ebtarit","link":"https:\/\/www.shqiperia.com\/blog\/category\/blogu-i-udhetarit\/"},"img":{"alt_text":"","src":"https:\/\/i0.wp.com\/www.shqiperia.com\/blog\/wp-content\/uploads\/2024\/01\/800-0-11fa73606c6b6003fe2e81b8763f65d9.png?fit=800%2C469&ssl=1&resize=350%2C200","width":350,"height":200,"srcset":"https:\/\/i0.wp.com\/www.shqiperia.com\/blog\/wp-content\/uploads\/2024\/01\/800-0-11fa73606c6b6003fe2e81b8763f65d9.png?fit=800%2C469&ssl=1&resize=350%2C200 1x, https:\/\/i0.wp.com\/www.shqiperia.com\/blog\/wp-content\/uploads\/2024\/01\/800-0-11fa73606c6b6003fe2e81b8763f65d9.png?fit=800%2C469&ssl=1&resize=525%2C300 1.5x, https:\/\/i0.wp.com\/www.shqiperia.com\/blog\/wp-content\/uploads\/2024\/01\/800-0-11fa73606c6b6003fe2e81b8763f65d9.png?fit=800%2C469&ssl=1&resize=700%2C400 2x"},"classes":[]},{"id":53475,"url":"https:\/\/www.shqiperia.com\/blog\/ngrica-dhe-acar-temperaturat-deri-ne-20-grade\/","url_meta":{"origin":52278,"position":3},"title":"Ngrica dhe acar, temperaturat deri n\u00eb -20 grad\u00eb.","author":"Kurt Farka","date":"January 25, 2022","format":false,"excerpt":"Ngrica dhe acar, temperaturat deri n\u00eb -20 grad\u00eb. - \u00a0ARRSH jep informacion mbi gjendjen e rrug\u00ebve. Ja apeli p\u00ebr drejtuesit e mjeteve. 25 Janar 2022 I gjith\u00eb vendi yn\u00eb \u00ebsht\u00eb mb\u00ebrthyer nga nj\u00eb i ftoht\u00eb i acart\u00eb me temperatura shum\u00eb t\u00eb ul\u00ebta. Gjat\u00eb nat\u00ebs ka pasur temperatura n\u00ebn 0\u00b0C, nd\u00ebrsa\u2026","rel":"","context":"In &quot;Blogu i Udh\u00ebtarit&quot;","block_context":{"text":"Blogu i Udh\u00ebtarit","link":"https:\/\/www.shqiperia.com\/blog\/category\/blogu-i-udhetarit\/"},"img":{"alt_text":"","src":"https:\/\/i0.wp.com\/www.shqiperia.com\/blog\/wp-content\/uploads\/2022\/01\/800-0-61eab238ca38e-1.jpg?fit=744%2C450&ssl=1&resize=350%2C200","width":350,"height":200,"srcset":"https:\/\/i0.wp.com\/www.shqiperia.com\/blog\/wp-content\/uploads\/2022\/01\/800-0-61eab238ca38e-1.jpg?fit=744%2C450&ssl=1&resize=350%2C200 1x, https:\/\/i0.wp.com\/www.shqiperia.com\/blog\/wp-content\/uploads\/2022\/01\/800-0-61eab238ca38e-1.jpg?fit=744%2C450&ssl=1&resize=525%2C300 1.5x, https:\/\/i0.wp.com\/www.shqiperia.com\/blog\/wp-content\/uploads\/2022\/01\/800-0-61eab238ca38e-1.jpg?fit=744%2C450&ssl=1&resize=700%2C400 2x"},"classes":[]},{"id":87261,"url":"https:\/\/www.shqiperia.com\/blog\/reshjet-e-debores-ne-veri-te-vendit-policia-pajisuni-me-zinxhire-dhe-goma-dimerore\/","url_meta":{"origin":52278,"position":4},"title":"Reshjet e d\u00ebbor\u00ebs n\u00eb veri t\u00eb vendit! Policia: &#8211; Pajisuni me zinxhir\u00eb dhe goma dim\u00ebrore","author":"Kurt Farka","date":"December 9, 2024","format":false,"excerpt":"9 Dhjetor 2024 Reshjet e d\u00ebbor\u00ebs vazhdojn\u00eb pa nd\u00ebrprerje n\u00eb disa zona t\u00eb Shkodr\u00ebs. Policia e Shkodr\u00ebs b\u00ebn me dije se aktualisht n\u00eb akset rrugore Tamar\u00eb \u2013 Selc\u00eb \u2013 Vermosh, Bog\u00eb \u2013 Qaf\u00eb Thor\u00eb \u2013 Theth, Puk\u00eb \u2013 Fush\u00eb Ar\u00ebz \u2013 Qaf\u00eb Mali, ka prezenc\u00eb t\u00eb d\u00ebbor\u00ebs pasi vijojn\u00eb pa\u2026","rel":"","context":"In &quot;Blogu i Udh\u00ebtarit&quot;","block_context":{"text":"Blogu i Udh\u00ebtarit","link":"https:\/\/www.shqiperia.com\/blog\/category\/blogu-i-udhetarit\/"},"img":{"alt_text":"","src":"https:\/\/i0.wp.com\/www.shqiperia.com\/blog\/wp-content\/uploads\/2024\/12\/Screenshot_53.png?fit=1030%2C563&ssl=1&resize=350%2C200","width":350,"height":200,"srcset":"https:\/\/i0.wp.com\/www.shqiperia.com\/blog\/wp-content\/uploads\/2024\/12\/Screenshot_53.png?fit=1030%2C563&ssl=1&resize=350%2C200 1x, https:\/\/i0.wp.com\/www.shqiperia.com\/blog\/wp-content\/uploads\/2024\/12\/Screenshot_53.png?fit=1030%2C563&ssl=1&resize=525%2C300 1.5x, https:\/\/i0.wp.com\/www.shqiperia.com\/blog\/wp-content\/uploads\/2024\/12\/Screenshot_53.png?fit=1030%2C563&ssl=1&resize=700%2C400 2x"},"classes":[]},{"id":44258,"url":"https:\/\/www.shqiperia.com\/blog\/qytetaret-kaluan-naten-ne-temperatura-12-grade-zhbllokohet-qafe-thana-si-paraqitet-situata-ne-akset-nacionale-te-vendit\/","url_meta":{"origin":52278,"position":5},"title":"Qytetar\u00ebt kaluan nat\u00ebn n\u00eb temperatura -12 grad\u00eb, zhbllokohet Qaf\u00eb-Thana. Si paraqitet situata n\u00eb akset nacionale t\u00eb vendit","author":"Kurt Farka","date":"February 15, 2021","format":false,"excerpt":"Qytetar\u00ebt kaluan nat\u00ebn n\u00eb temperatura -12 grad\u00eb, zhbllokohet Qaf\u00eb-Thana. Si paraqitet situata n\u00eb akset nacionale t\u00eb vendit 15 shkurt 2021 Zhbllokohet pika kufitare e Qaf\u00eb-Than\u00eb pas bllokimit prej dit\u00ebs s\u00eb djeshme. Si\u00e7 raportojn\u00eb mediat, qytetar\u00ebt e kane kaluar nat\u00ebn mes t\u00eb ftohtit dhe temperatura -12 grad\u00eb. Prej or\u00ebsh t\u00eb bllokuar\u2026","rel":"","context":"In &quot;Blogu i Udh\u00ebtarit&quot;","block_context":{"text":"Blogu i Udh\u00ebtarit","link":"https:\/\/www.shqiperia.com\/blog\/category\/blogu-i-udhetarit\/"},"img":{"alt_text":"","src":"https:\/\/i0.wp.com\/www.shqiperia.com\/blog\/wp-content\/uploads\/2021\/02\/bora3-1-905x450-1.jpg?fit=672%2C322&ssl=1&resize=350%2C200","width":350,"height":200,"srcset":"https:\/\/i0.wp.com\/www.shqiperia.com\/blog\/wp-content\/uploads\/2021\/02\/bora3-1-905x450-1.jpg?fit=672%2C322&ssl=1&resize=350%2C200 1x, https:\/\/i0.wp.com\/www.shqiperia.com\/blog\/wp-content\/uploads\/2021\/02\/bora3-1-905x450-1.jpg?fit=672%2C322&ssl=1&resize=525%2C300 1.5x"},"classes":[]}],"_links":{"self":[{"href":"https:\/\/www.shqiperia.com\/blog\/wp-json\/wp\/v2\/posts\/52278","targetHints":{"allow":["GET"]}}],"collection":[{"href":"https:\/\/www.shqiperia.com\/blog\/wp-json\/wp\/v2\/posts"}],"about":[{"href":"https:\/\/www.shqiperia.com\/blog\/wp-json\/wp\/v2\/types\/post"}],"author":[{"embeddable":true,"href":"https:\/\/www.shqiperia.com\/blog\/wp-json\/wp\/v2\/users\/9"}],"replies":[{"embeddable":true,"href":"https:\/\/www.shqiperia.com\/blog\/wp-json\/wp\/v2\/comments?post=52278"}],"version-history":[{"count":1,"href":"https:\/\/www.shqiperia.com\/blog\/wp-json\/wp\/v2\/posts\/52278\/revisions"}],"predecessor-version":[{"id":52280,"href":"https:\/\/www.shqiperia.com\/blog\/wp-json\/wp\/v2\/posts\/52278\/revisions\/52280"}],"wp:featuredmedia":[{"embeddable":true,"href":"https:\/\/www.shqiperia.com\/blog\/wp-json\/wp\/v2\/media\/52279"}],"wp:attachment":[{"href":"https:\/\/www.shqiperia.com\/blog\/wp-json\/wp\/v2\/media?parent=52278"}],"wp:term":[{"taxonomy":"category","embeddable":true,"href":"https:\/\/www.shqiperia.com\/blog\/wp-json\/wp\/v2\/categories?post=52278"},{"taxonomy":"post_tag","embeddable":true,"href":"https:\/\/www.shqiperia.com\/blog\/wp-json\/wp\/v2\/tags?post=52278"}],"curies":[{"name":"wp","href":"https:\/\/api.w.org\/{rel}","templated":true}]}}