{"id":52267,"date":"2021-12-11T19:00:54","date_gmt":"2021-12-11T19:00:54","guid":{"rendered":"https:\/\/www.shqiperia.com\/blog\/?p=52267"},"modified":"2021-12-11T19:00:54","modified_gmt":"2021-12-11T19:00:54","slug":"nuk-mund-ti-mbash-shpresat-te-amerika-lubonja-njerezit-kane-nevoje-per-opozitarizem-te-forte","status":"publish","type":"post","link":"https:\/\/www.shqiperia.com\/blog\/nuk-mund-ti-mbash-shpresat-te-amerika-lubonja-njerezit-kane-nevoje-per-opozitarizem-te-forte\/","title":{"rendered":"\u201cNuk mund t\u2019i mbash shpresat te Amerika\u201d\/ Lubonja: &#8211;\u00a0 Njer\u00ebzit kan\u00eb nevoj\u00eb p\u00ebr opozitariz\u00ebm t\u00eb fort\u00eb\u00a0\u00a0"},"content":{"rendered":"<p><img data-recalc-dims=\"1\" loading=\"lazy\" decoding=\"async\" data-attachment-id=\"52268\" data-permalink=\"https:\/\/www.shqiperia.com\/blog\/nuk-mund-ti-mbash-shpresat-te-amerika-lubonja-njerezit-kane-nevoje-per-opozitarizem-te-forte\/fatos-lubonja-23\/\" data-orig-file=\"https:\/\/i0.wp.com\/www.shqiperia.com\/blog\/wp-content\/uploads\/2021\/12\/Fatos-Lubonja.jpg?fit=770%2C433&amp;ssl=1\" data-orig-size=\"770,433\" data-comments-opened=\"1\" data-image-meta=\"{&quot;aperture&quot;:&quot;0&quot;,&quot;credit&quot;:&quot;&quot;,&quot;camera&quot;:&quot;&quot;,&quot;caption&quot;:&quot;&quot;,&quot;created_timestamp&quot;:&quot;0&quot;,&quot;copyright&quot;:&quot;&quot;,&quot;focal_length&quot;:&quot;0&quot;,&quot;iso&quot;:&quot;0&quot;,&quot;shutter_speed&quot;:&quot;0&quot;,&quot;title&quot;:&quot;&quot;,&quot;orientation&quot;:&quot;0&quot;}\" data-image-title=\"Fatos Lubonja\" data-image-description=\"\" data-image-caption=\"\" data-medium-file=\"https:\/\/i0.wp.com\/www.shqiperia.com\/blog\/wp-content\/uploads\/2021\/12\/Fatos-Lubonja.jpg?fit=300%2C169&amp;ssl=1\" data-large-file=\"https:\/\/i0.wp.com\/www.shqiperia.com\/blog\/wp-content\/uploads\/2021\/12\/Fatos-Lubonja.jpg?fit=770%2C433&amp;ssl=1\" class=\"alignnone  wp-image-52268\" alt=\"\" src=\"https:\/\/i0.wp.com\/www.shqiperia.com\/blog\/wp-content\/uploads\/2021\/12\/Fatos-Lubonja.jpg?resize=518%2C292&#038;ssl=1\" width=\"518\" height=\"292\" srcset=\"https:\/\/i0.wp.com\/www.shqiperia.com\/blog\/wp-content\/uploads\/2021\/12\/Fatos-Lubonja.jpg?resize=300%2C169&amp;ssl=1 300w, https:\/\/i0.wp.com\/www.shqiperia.com\/blog\/wp-content\/uploads\/2021\/12\/Fatos-Lubonja.jpg?resize=768%2C432&amp;ssl=1 768w, https:\/\/i0.wp.com\/www.shqiperia.com\/blog\/wp-content\/uploads\/2021\/12\/Fatos-Lubonja.jpg?resize=450%2C253&amp;ssl=1 450w, https:\/\/i0.wp.com\/www.shqiperia.com\/blog\/wp-content\/uploads\/2021\/12\/Fatos-Lubonja.jpg?resize=600%2C337&amp;ssl=1 600w, https:\/\/i0.wp.com\/www.shqiperia.com\/blog\/wp-content\/uploads\/2021\/12\/Fatos-Lubonja.jpg?resize=400%2C225&amp;ssl=1 400w, https:\/\/i0.wp.com\/www.shqiperia.com\/blog\/wp-content\/uploads\/2021\/12\/Fatos-Lubonja.jpg?w=770&amp;ssl=1 770w\" sizes=\"auto, (max-width: 518px) 100vw, 518px\" \/><\/p>\n<p>\u201cNuk mund t\u2019i mbash shpresat te Amerika\u201d\/ Lubonja: &#8211;\u00a0 Njer\u00ebzit kan\u00eb nevoj\u00eb p\u00ebr opozitariz\u00ebm t\u00eb fort\u00eb<\/p>\n<p>&#8211; 11.12.21<\/p>\n<p>P\u00ebr analistin Fatos Lubonja\u00a0 situata n\u00eb Partin\u00eb Demokratike \u00ebsht\u00eb e r\u00ebnd\u00eb dhe e v\u00ebshtir\u00eb.<\/p>\n<p>I ftuar n\u00eb emisionin \u201cKjo Jav\u00eb\u201d me gazetaren Nisida Tufa, ku ka komentuar at\u00eb ccfar\u00eb po ndodh sot me Kuvendin e thirrur nga ish-kryeministri Berisha dhe delegat\u00ebt,\u00a0 Lubonja u shpreh se njer\u00ebzit kan\u00eb nevoj\u00eb p\u00ebr opozitariz\u00ebm t\u00eb fort\u00eb dhe Basha nuk e ofron nj\u00eb gj\u00eb t\u00eb till\u00eb.<\/p>\n<p>\u201cNj\u00eb fjalim i gjat\u00eb ku ishte problemi i numrave. Ku \u00ebsht\u00eb partia? Ne stadium apo me ty? Ishte nj\u00eb kryetar i mbetur vet\u00ebm me nj\u00eb grusht njer\u00ebzish. Ajo q\u00eb duket qart\u00eb \u00ebsht\u00eb q\u00eb Basha nuk ka legjitimitet n\u00eb k\u00ebt\u00eb parti. Padyshim q\u00eb nisma e Berish\u00ebs \u00ebsht\u00eb personale padiskutim. Lidhur me kritikat qe hedhin p\u00ebr njeri-tjetrin \u00ebsht\u00eb mjerimi i politik\u00ebs s\u00eb PD-s\u00eb dhe flet p\u00ebr kultur\u00ebn ton\u00eb t\u00eb bashkimit ku del se ata njer\u00ebz nuk i bashkon nj\u00eb ideal i lart\u00eb por interesat personale te tij. K\u00ebtu o i n\u00ebnshtrohesh ose ke interesa personale.<\/p>\n<p>Basha tani problem m\u00eb t\u00eb madh ka se do t\u00eb mbaj\u00eb partin\u00eb me iden\u00eb se \u00ebsht\u00eb m\u00eb i forti dhe ka mb\u00ebshtetjen e amerikaneve. Kjo parti \u00ebsht\u00eb n\u00eb nj\u00eb gjendje shum\u00eb t\u00eb r\u00ebnd\u00eb, Berisha ka probleme t\u00eb s\u00eb kaluar\u00ebs por ka m\u00eb shum\u00eb njer\u00ebz af\u00ebr. Basha \u00ebsht\u00eb n\u00eb pozit\u00eb shum\u00eb m\u00eb t\u00eb v\u00ebshtir\u00eb se kur i \u00ebsht\u00eb n\u00ebnshtruar ambasadores amerikane p\u00ebr p\u00ebrjashtimin e Berish\u00ebs. Kur je pjes\u00eb e nj\u00eb partie,\u00a0 ke p\u00ebrgjegj\u00ebsi kaq t\u00eb madhe ndaj k\u00ebtyre njer\u00ebzve kur e shikon q\u00eb je n\u00eb pakic\u00eb p\u00ebr vendimin q\u00eb ke marr\u00eb vet\u00eb. P\u00ebrpara k\u00ebtij d\u00ebshtimi ka dy rrug\u00eb: t\u00eb k\u00ebmb\u00ebngul\u00ebsh ose t\u00eb reflektosh. Basha nuk ka rrug\u00eb tjet\u00ebr p\u00ebrve\u00e7 dor\u00ebheqjes.\u00a0 Nuk mund t\u2019i mbyll\u00ebsh syt\u00eb n\u00eb at\u00eb q\u00eb ka ndodhur n\u00eb stadium. T\u2019i mbash shpresat tek guvernatorja Yuri Kim nuk huhet n\u00eb k\u00ebto loj\u00ebra. \u00c7far\u00eb ka ndodhur n\u00eb Shqip\u00ebri q\u00eb njer\u00ebzit presin akoma shp\u00ebtim nga Sali Berisha? Njer\u00ebzit kan\u00eb nevoj\u00eb p\u00ebr opozitariz\u00ebm m\u00eb t\u00eb fort\u00eb\u201d- tha ai.<\/p>\n<p>Gazeta Shqiptare<\/p>\n","protected":false},"excerpt":{"rendered":"<p>\u201cNuk mund t\u2019i mbash shpresat te Amerika\u201d\/ Lubonja: &#8211;\u00a0 Njer\u00ebzit kan\u00eb nevoj\u00eb p\u00ebr opozitariz\u00ebm t\u00eb fort\u00eb &#8211; 11.12.21 P\u00ebr analistin Fatos Lubonja\u00a0 situata n\u00eb Partin\u00eb Demokratike \u00ebsht\u00eb e r\u00ebnd\u00eb dhe e v\u00ebshtir\u00eb. I ftuar n\u00eb emisionin \u201cKjo Jav\u00eb\u201d me gazetaren Nisida Tufa, ku ka komentuar at\u00eb ccfar\u00eb po ndodh sot me Kuvendin e thirrur nga [&hellip;]<\/p>\n","protected":false},"author":9,"featured_media":52268,"comment_status":"open","ping_status":"open","sticky":false,"template":"","format":"standard","meta":{"jetpack_post_was_ever_published":false,"_jetpack_newsletter_access":"","_jetpack_dont_email_post_to_subs":false,"_jetpack_newsletter_tier_id":0,"_jetpack_memberships_contains_paywalled_content":false,"_jetpack_memberships_contains_paid_content":false,"footnotes":"","jetpack_publicize_message":"","jetpack_publicize_feature_enabled":true,"jetpack_social_post_already_shared":true,"jetpack_social_options":{"image_generator_settings":{"template":"highway","default_image_id":0,"font":"","enabled":false},"version":2}},"categories":[27,2,35],"tags":[],"class_list":["post-52267","post","type-post","status-publish","format-standard","has-post-thumbnail","hentry","category-blogu-i-udhetarit","category-politika","category-shoqerore"],"jetpack_publicize_connections":[],"jetpack_featured_media_url":"https:\/\/i0.wp.com\/www.shqiperia.com\/blog\/wp-content\/uploads\/2021\/12\/Fatos-Lubonja.jpg?fit=770%2C433&ssl=1","jetpack_sharing_enabled":true,"jetpack_shortlink":"https:\/\/wp.me\/p5Z6wp-dB1","jetpack-related-posts":[{"id":57317,"url":"https:\/\/www.shqiperia.com\/blog\/debati-per-butrintin-lubonja-te-ruhet-sic-eshte-ka-nevoje-vetem-per-mirembajtje\/","url_meta":{"origin":52267,"position":0},"title":"Debati p\u00ebr Butrintin, Lubonja: &#8211; T\u00eb ruhet si\u00e7 \u00ebsht\u00eb, ka nevoj\u00eb vet\u00ebm p\u00ebr mir\u00ebmbajtje","author":"Kurt Farka","date":"April 28, 2022","format":false,"excerpt":"Debati p\u00ebr Butrintin, Lubonja: - T\u00eb ruhet si\u00e7 \u00ebsht\u00eb, ka nevoj\u00eb vet\u00ebm p\u00ebr mir\u00ebmbajtje 28 Prill 2022 \u2026 \u201cpo tentojn\u00eb ta rr\u00ebmbejn\u00eb p\u00ebr t\u00eb vjedhur disa para m\u00eb shum\u00eb\u201d. Debati p\u00ebr Parkun Komb\u00ebtar t\u00eb Butrintit ishte n\u00eb qend\u00ebr te v\u00ebmendjes mbr\u00ebmjen e sotme n\u00eb rubrik\u00ebn \u201cOpinion\u201d n\u00eb News24. I ftuar\u2026","rel":"","context":"In &quot;Histori&quot;","block_context":{"text":"Histori","link":"https:\/\/www.shqiperia.com\/blog\/category\/histori\/"},"img":{"alt_text":"","src":"https:\/\/i0.wp.com\/www.shqiperia.com\/blog\/wp-content\/uploads\/2022\/04\/Fatos-Lubonja-1.jpg?fit=604%2C360&ssl=1&resize=350%2C200","width":350,"height":200,"srcset":"https:\/\/i0.wp.com\/www.shqiperia.com\/blog\/wp-content\/uploads\/2022\/04\/Fatos-Lubonja-1.jpg?fit=604%2C360&ssl=1&resize=350%2C200 1x, https:\/\/i0.wp.com\/www.shqiperia.com\/blog\/wp-content\/uploads\/2022\/04\/Fatos-Lubonja-1.jpg?fit=604%2C360&ssl=1&resize=525%2C300 1.5x"},"classes":[]},{"id":29380,"url":"https:\/\/www.shqiperia.com\/blog\/paketa-antishpifje-fatos-lubonja-rama-eshte-rende-ti-thone-shame-on-you-borchardt-dhe-ambasades-amerikane-qe-mbeshteten-kete-dictator\/","url_meta":{"origin":52267,"position":1},"title":"Paketa antishpifje\/ Fatos Lubonja: Rama \u00ebsht\u00eb r\u00ebnd\u00eb! T\u2019i thon\u00eb \u2018shame on you\u2019 Borchardt dhe ambasad\u00ebs amerikane q\u00eb mb\u00ebshtet\u00ebn k\u00ebt\u00eb dictator. &#8211;","author":"Kurt Farka","date":"December 16, 2019","format":false,"excerpt":"Paketa antishpifje\/ Fatos Lubonja: Rama \u00ebsht\u00eb r\u00ebnd\u00eb! T\u2019i thon\u00eb \u2018shame on you\u2019 Borchardt dhe ambasad\u00ebs amerikane q\u00eb mb\u00ebshtet\u00ebn k\u00ebt\u00eb dictator. - 16 Dhjetor 2019 Nj\u00eb tendenc\u00eb t\u00eb shfrenuar p\u00ebr t\u00eb kontrolluar \u00e7do institucion. K\u00ebshtu e sheh analisti Fatos Lubonja ligjin p\u00ebr mediat online, ose t\u00eb njohur ndryshe si paketa antishpifje\u2026","rel":"","context":"In &quot;Blogu i Udh\u00ebtarit&quot;","block_context":{"text":"Blogu i Udh\u00ebtarit","link":"https:\/\/www.shqiperia.com\/blog\/category\/blogu-i-udhetarit\/"},"img":{"alt_text":"","src":"https:\/\/i0.wp.com\/www.shqiperia.com\/blog\/wp-content\/uploads\/2019\/12\/80692690_2558386800926070_3738657752860327936_n-Copy.jpg?fit=681%2C366&ssl=1&resize=350%2C200","width":350,"height":200,"srcset":"https:\/\/i0.wp.com\/www.shqiperia.com\/blog\/wp-content\/uploads\/2019\/12\/80692690_2558386800926070_3738657752860327936_n-Copy.jpg?fit=681%2C366&ssl=1&resize=350%2C200 1x, https:\/\/i0.wp.com\/www.shqiperia.com\/blog\/wp-content\/uploads\/2019\/12\/80692690_2558386800926070_3738657752860327936_n-Copy.jpg?fit=681%2C366&ssl=1&resize=525%2C300 1.5x"},"classes":[]},{"id":47463,"url":"https:\/\/www.shqiperia.com\/blog\/holokausti-ndodhi-njerezit-benin-sikur-lubonja-drejtesia-dhe-policia-asnjehere-nuk-kane-qene-kaq-te-kapura-rreth-nje-partie-cila-eshte-prova-qe-anulon-zgjedhjet\/","url_meta":{"origin":52267,"position":2},"title":"\u201cHolokausti ndodhi njer\u00ebzit b\u00ebnin sikur\u2026\u201d\/ Lubonja: Drejt\u00ebsia dhe policia asnj\u00ebher\u00eb nuk kan\u00eb qen\u00eb kaq t\u00eb kapura rreth nj\u00eb partie. &#8211; Cila \u00ebsht\u00eb prova q\u00eb anulon zgjedhjet?","author":"Kurt Farka","date":"May 13, 2021","format":false,"excerpt":"\u201cHolokausti ndodhi njer\u00ebzit b\u00ebnin sikur\u2026\u201d\/ Lubonja: Drejt\u00ebsia dhe policia asnj\u00ebher\u00eb nuk kan\u00eb qen\u00eb kaq t\u00eb kapura rreth nj\u00eb partie. Cila \u00ebsht\u00eb prova q\u00eb anulon zgjedhjet? 13 maji 2021 Analisti Fatos Lubonja e sheh situat\u00ebn n\u00eb vend drejt nj\u00eb p\u00ebrshkall\u00ebzimi t\u00eb friksh\u00ebm p\u00ebr t\u00eb gjith\u00eb shqiptar\u00ebt. Lubonja tha n\u00eb \u201cReal Story\u201d\u2026","rel":"","context":"In &quot;Blogu i Udh\u00ebtarit&quot;","block_context":{"text":"Blogu i Udh\u00ebtarit","link":"https:\/\/www.shqiperia.com\/blog\/category\/blogu-i-udhetarit\/"},"img":{"alt_text":"","src":"https:\/\/i0.wp.com\/www.shqiperia.com\/blog\/wp-content\/uploads\/2021\/05\/Fatos-lubonja.png?fit=770%2C444&ssl=1&resize=350%2C200","width":350,"height":200,"srcset":"https:\/\/i0.wp.com\/www.shqiperia.com\/blog\/wp-content\/uploads\/2021\/05\/Fatos-lubonja.png?fit=770%2C444&ssl=1&resize=350%2C200 1x, https:\/\/i0.wp.com\/www.shqiperia.com\/blog\/wp-content\/uploads\/2021\/05\/Fatos-lubonja.png?fit=770%2C444&ssl=1&resize=525%2C300 1.5x, https:\/\/i0.wp.com\/www.shqiperia.com\/blog\/wp-content\/uploads\/2021\/05\/Fatos-lubonja.png?fit=770%2C444&ssl=1&resize=700%2C400 2x"},"classes":[]},{"id":52376,"url":"https:\/\/www.shqiperia.com\/blog\/lubonja-arrestimi-i-lefter-kokes-skenar-i-pergatitur-kryeministri-eshte-ne-regji-me-amerikanet-apo-shba-eshte-e-pavarur\/","url_meta":{"origin":52267,"position":3},"title":"Lubonja: &#8211; Arrestimi i Lefter Kok\u00ebs, skenar i p\u00ebrgatitur! Kryeministri \u00ebsht\u00eb n\u00eb regji me amerikan\u00ebt apo SHBA \u00ebsht\u00eb e pavarur!?","author":"Kurt Farka","date":"December 14, 2021","format":false,"excerpt":"Lubonja: - Arrestimi i Lefter Kok\u00ebs, skenar i p\u00ebrgatitur! Kryeministri \u00ebsht\u00eb n\u00eb regji me amerikan\u00ebt apo SHBA \u00ebsht\u00eb e pavarur!? 14 Dhjetor 2021 Analisti Fatos Lubonja n\u00eb rubrik\u00ebn \u2018Opinion\u2019 n\u00eb \u2018News24\u2019 foli p\u00ebr zhvillimet e fundit q\u00eb kan\u00eb p\u00ebrfshir\u00eb vendin, nd\u00ebrsa u ndal edhe tek arrestimi i ish-ministrit t\u00eb Mjedisit\u2026","rel":"","context":"In &quot;Blogu i Udh\u00ebtarit&quot;","block_context":{"text":"Blogu i Udh\u00ebtarit","link":"https:\/\/www.shqiperia.com\/blog\/category\/blogu-i-udhetarit\/"},"img":{"alt_text":"","src":"https:\/\/i0.wp.com\/www.shqiperia.com\/blog\/wp-content\/uploads\/2021\/12\/Fatos-Lubonja.png?fit=770%2C433&ssl=1&resize=350%2C200","width":350,"height":200,"srcset":"https:\/\/i0.wp.com\/www.shqiperia.com\/blog\/wp-content\/uploads\/2021\/12\/Fatos-Lubonja.png?fit=770%2C433&ssl=1&resize=350%2C200 1x, https:\/\/i0.wp.com\/www.shqiperia.com\/blog\/wp-content\/uploads\/2021\/12\/Fatos-Lubonja.png?fit=770%2C433&ssl=1&resize=525%2C300 1.5x, https:\/\/i0.wp.com\/www.shqiperia.com\/blog\/wp-content\/uploads\/2021\/12\/Fatos-Lubonja.png?fit=770%2C433&ssl=1&resize=700%2C400 2x"},"classes":[]},{"id":49746,"url":"https:\/\/www.shqiperia.com\/blog\/poshterim-i-opozites-analiza-e-fatos-lubonjes-per-perjashtimin-e-berishes-nga-pd-basha-duhet-te-jape-doreheqjen-vendimi-i-tij-fuqizon-pushtetin-e-rames\/","url_meta":{"origin":52267,"position":4},"title":"\u201cPosht\u00ebrim i opozit\u00ebs\u201d. \u00a0Analiza e Fatos Lubonj\u00ebs p\u00ebr p\u00ebrjashtimin e Berish\u00ebs nga PD: &#8211; Basha duhet t\u00eb jap\u00eb dor\u00ebheqjen, vendimi i tij fuqizon pushtetin e Ram\u00ebs.","author":"Kurt Farka","date":"September 10, 2021","format":false,"excerpt":"\u201cPosht\u00ebrim i opozit\u00ebs\u201d. \u00a0Analiza e Fatos Lubonj\u00ebs p\u00ebr p\u00ebrjashtimin e Berish\u00ebs nga PD: - Basha duhet t\u00eb jap\u00eb dor\u00ebheqjen, vendimi i tij fuqizon pushtetin e Ram\u00ebs. 10 shtator \u00a02021 \u201cP\u00ebrjashtimi i Sali Berish\u00ebs nga Partia Demokratike posht\u00ebron opozit\u00ebn dhe fuqizon Ram\u00ebn\u201d. K\u00ebshtu e analizon Fatos Lubonja vendimin e Lulzim Bash\u00ebs,\u2026","rel":"","context":"In &quot;Blogu i Udh\u00ebtarit&quot;","block_context":{"text":"Blogu i Udh\u00ebtarit","link":"https:\/\/www.shqiperia.com\/blog\/category\/blogu-i-udhetarit\/"},"img":{"alt_text":"","src":"https:\/\/i0.wp.com\/www.shqiperia.com\/blog\/wp-content\/uploads\/2021\/09\/lubonja-rama-basha-berisha.jpg?fit=600%2C343&ssl=1&resize=350%2C200","width":350,"height":200,"srcset":"https:\/\/i0.wp.com\/www.shqiperia.com\/blog\/wp-content\/uploads\/2021\/09\/lubonja-rama-basha-berisha.jpg?fit=600%2C343&ssl=1&resize=350%2C200 1x, https:\/\/i0.wp.com\/www.shqiperia.com\/blog\/wp-content\/uploads\/2021\/09\/lubonja-rama-basha-berisha.jpg?fit=600%2C343&ssl=1&resize=525%2C300 1.5x"},"classes":[]},{"id":31092,"url":"https:\/\/www.shqiperia.com\/blog\/kck-per-te-vene-ne-rresht-gjyqtaret-fatos-lubonja-spak-u-dhe-gjykatat-i-con-ne-duart-e-ministrit-te-brendshem-pamja-me-e-tmerrshme-ishte\/","url_meta":{"origin":52267,"position":5},"title":"\u201cK\u00c7K p\u00ebr t\u00eb v\u00ebn\u00eb n\u00eb rresht gjyqtar\u00ebt\u201d- Fatos Lubonja: SPAK-u dhe gjykatat i \u00e7on n\u00eb duart e ministrit t\u00eb Brendsh\u00ebm. Pamja m\u00eb e tmerrshme ishte\u2026","author":"Kurt Farka","date":"February 5, 2020","format":false,"excerpt":"\u201cK\u00c7K p\u00ebr t\u00eb v\u00ebn\u00eb n\u00eb rresht gjyqtar\u00ebt\u201d- Fatos Lubonja: SPAK-u dhe gjykatat i \u00e7on n\u00eb duart e ministrit t\u00eb Brendsh\u00ebm. Pamja m\u00eb e tmerrshme ishte\u2026 3 shkurt 2020 Analisti Fatos Lubonja duke komentuar prezantimin gjat\u00eb s\u00eb diel\u00ebs t\u00eb paket\u00ebs s\u00eb quajtur \u201cAnti-K\u00c7K\u201d, thot\u00eb se kjo b\u00ebhet nga qeveria p\u00ebr t\u00eb\u2026","rel":"","context":"In &quot;Blogu i Udh\u00ebtarit&quot;","block_context":{"text":"Blogu i Udh\u00ebtarit","link":"https:\/\/www.shqiperia.com\/blog\/category\/blogu-i-udhetarit\/"},"img":{"alt_text":"","src":"https:\/\/i0.wp.com\/www.shqiperia.com\/blog\/wp-content\/uploads\/2020\/02\/Fatos-Lubonja.jpg?fit=700%2C401&ssl=1&resize=350%2C200","width":350,"height":200,"srcset":"https:\/\/i0.wp.com\/www.shqiperia.com\/blog\/wp-content\/uploads\/2020\/02\/Fatos-Lubonja.jpg?fit=700%2C401&ssl=1&resize=350%2C200 1x, https:\/\/i0.wp.com\/www.shqiperia.com\/blog\/wp-content\/uploads\/2020\/02\/Fatos-Lubonja.jpg?fit=700%2C401&ssl=1&resize=525%2C300 1.5x, https:\/\/i0.wp.com\/www.shqiperia.com\/blog\/wp-content\/uploads\/2020\/02\/Fatos-Lubonja.jpg?fit=700%2C401&ssl=1&resize=700%2C400 2x"},"classes":[]}],"_links":{"self":[{"href":"https:\/\/www.shqiperia.com\/blog\/wp-json\/wp\/v2\/posts\/52267","targetHints":{"allow":["GET"]}}],"collection":[{"href":"https:\/\/www.shqiperia.com\/blog\/wp-json\/wp\/v2\/posts"}],"about":[{"href":"https:\/\/www.shqiperia.com\/blog\/wp-json\/wp\/v2\/types\/post"}],"author":[{"embeddable":true,"href":"https:\/\/www.shqiperia.com\/blog\/wp-json\/wp\/v2\/users\/9"}],"replies":[{"embeddable":true,"href":"https:\/\/www.shqiperia.com\/blog\/wp-json\/wp\/v2\/comments?post=52267"}],"version-history":[{"count":1,"href":"https:\/\/www.shqiperia.com\/blog\/wp-json\/wp\/v2\/posts\/52267\/revisions"}],"predecessor-version":[{"id":52269,"href":"https:\/\/www.shqiperia.com\/blog\/wp-json\/wp\/v2\/posts\/52267\/revisions\/52269"}],"wp:featuredmedia":[{"embeddable":true,"href":"https:\/\/www.shqiperia.com\/blog\/wp-json\/wp\/v2\/media\/52268"}],"wp:attachment":[{"href":"https:\/\/www.shqiperia.com\/blog\/wp-json\/wp\/v2\/media?parent=52267"}],"wp:term":[{"taxonomy":"category","embeddable":true,"href":"https:\/\/www.shqiperia.com\/blog\/wp-json\/wp\/v2\/categories?post=52267"},{"taxonomy":"post_tag","embeddable":true,"href":"https:\/\/www.shqiperia.com\/blog\/wp-json\/wp\/v2\/tags?post=52267"}],"curies":[{"name":"wp","href":"https:\/\/api.w.org\/{rel}","templated":true}]}}