{"id":52264,"date":"2021-12-11T15:17:40","date_gmt":"2021-12-11T15:17:40","guid":{"rendered":"https:\/\/www.shqiperia.com\/blog\/?p=52264"},"modified":"2021-12-11T15:17:40","modified_gmt":"2021-12-11T15:17:40","slug":"frike-per-trazira-policia-rrethon-seline-e-pd-se-pas-votimit-per-shkarkimin-e-bashes","status":"publish","type":"post","link":"https:\/\/www.shqiperia.com\/blog\/frike-per-trazira-policia-rrethon-seline-e-pd-se-pas-votimit-per-shkarkimin-e-bashes\/","title":{"rendered":"Frik\u00eb p\u00ebr trazira? Policia rrethon selin\u00eb e PD-s\u00eb pas votimit p\u00ebr shkarkimin e Bash\u00ebs"},"content":{"rendered":"<p><img data-recalc-dims=\"1\" loading=\"lazy\" decoding=\"async\" data-attachment-id=\"52265\" data-permalink=\"https:\/\/www.shqiperia.com\/blog\/frike-per-trazira-policia-rrethon-seline-e-pd-se-pas-votimit-per-shkarkimin-e-bashes\/rrethohet-me-polic-selia-e-pd-11-dhjetor-2021\/\" data-orig-file=\"https:\/\/i0.wp.com\/www.shqiperia.com\/blog\/wp-content\/uploads\/2021\/12\/Rrethohet-me-polic-selia-e-PD.-11-dhjetor-2021.jpg?fit=552%2C323&amp;ssl=1\" data-orig-size=\"552,323\" data-comments-opened=\"1\" data-image-meta=\"{&quot;aperture&quot;:&quot;0&quot;,&quot;credit&quot;:&quot;&quot;,&quot;camera&quot;:&quot;&quot;,&quot;caption&quot;:&quot;&quot;,&quot;created_timestamp&quot;:&quot;0&quot;,&quot;copyright&quot;:&quot;&quot;,&quot;focal_length&quot;:&quot;0&quot;,&quot;iso&quot;:&quot;0&quot;,&quot;shutter_speed&quot;:&quot;0&quot;,&quot;title&quot;:&quot;&quot;,&quot;orientation&quot;:&quot;0&quot;}\" data-image-title=\"Rrethohet me polic selia e PD. 11 dhjetor 2021\" data-image-description=\"\" data-image-caption=\"\" data-medium-file=\"https:\/\/i0.wp.com\/www.shqiperia.com\/blog\/wp-content\/uploads\/2021\/12\/Rrethohet-me-polic-selia-e-PD.-11-dhjetor-2021.jpg?fit=300%2C176&amp;ssl=1\" data-large-file=\"https:\/\/i0.wp.com\/www.shqiperia.com\/blog\/wp-content\/uploads\/2021\/12\/Rrethohet-me-polic-selia-e-PD.-11-dhjetor-2021.jpg?fit=552%2C323&amp;ssl=1\" class=\"alignnone  wp-image-52265\" alt=\"\" src=\"https:\/\/i0.wp.com\/www.shqiperia.com\/blog\/wp-content\/uploads\/2021\/12\/Rrethohet-me-polic-selia-e-PD.-11-dhjetor-2021.jpg?resize=602%2C353&#038;ssl=1\" width=\"602\" height=\"353\" srcset=\"https:\/\/i0.wp.com\/www.shqiperia.com\/blog\/wp-content\/uploads\/2021\/12\/Rrethohet-me-polic-selia-e-PD.-11-dhjetor-2021.jpg?resize=300%2C176&amp;ssl=1 300w, https:\/\/i0.wp.com\/www.shqiperia.com\/blog\/wp-content\/uploads\/2021\/12\/Rrethohet-me-polic-selia-e-PD.-11-dhjetor-2021.jpg?resize=450%2C263&amp;ssl=1 450w, https:\/\/i0.wp.com\/www.shqiperia.com\/blog\/wp-content\/uploads\/2021\/12\/Rrethohet-me-polic-selia-e-PD.-11-dhjetor-2021.jpg?resize=400%2C234&amp;ssl=1 400w, https:\/\/i0.wp.com\/www.shqiperia.com\/blog\/wp-content\/uploads\/2021\/12\/Rrethohet-me-polic-selia-e-PD.-11-dhjetor-2021.jpg?w=552&amp;ssl=1 552w\" sizes=\"auto, (max-width: 602px) 100vw, 602px\" \/><\/p>\n<p>Frik\u00eb p\u00ebr trazira? Policia rrethon selin\u00eb e PD-s\u00eb pas votimit p\u00ebr shkarkimin e Bash\u00ebs<\/p>\n<p>11 DHJETOR 2021<\/p>\n<p>Forca t\u00eb shumta policie kan\u00eb rrethuar n\u00eb nj\u00eb perimet\u00ebr t\u00eb gjer\u00eb selin\u00eb e Partis\u00eb Demokratike n\u00eb Tiran\u00eb.<\/p>\n<p>Ato jan\u00eb vendosur pik\u00ebrisht pran\u00eb selis\u00eb s\u00eb PD-s\u00eb, dhe furgonat kan\u00eb l\u00ebvizur pik\u00ebrisht momentin kur k nisur votimi p\u00ebr shkarkimin e Lulzim Basha nga posti i kryetarit t\u00eb PD-s\u00eb.<\/p>\n<p>Video dhe foto te siguruara nga Top News, v\u00ebrehet vet\u00ebm n\u00eb hyrjen e godin\u00ebs s\u00eb Parlamentit q\u00eb \u00ebsht\u00eb ngjitur me godin\u00ebn e PD, ndodh\u00ebn shtat\u00eb furgona policie, nd\u00ebrsa prani e madhe efektiv\u00ebsh v\u00ebrehet n\u00eb t\u00eb gjith\u00eb zon\u00ebn p\u00ebrreth k\u00ebtij objekti.<\/p>\n<p>Nd\u00ebrkoh\u00eb q\u00eb nj\u00eb dit\u00eb m\u00eb par\u00eb drejtori i P\u00ebrgjiths\u00ebm i Policis\u00eb, Gledis Nano pati paralajm\u00ebruar se policia ka marr\u00eb masat p\u00ebr siguruar rendin dhe sigurin\u00eb.<\/p>\n<p>Gazeta Shqip<\/p>\n","protected":false},"excerpt":{"rendered":"<p>Frik\u00eb p\u00ebr trazira? Policia rrethon selin\u00eb e PD-s\u00eb pas votimit p\u00ebr shkarkimin e Bash\u00ebs 11 DHJETOR 2021 Forca t\u00eb shumta policie kan\u00eb rrethuar n\u00eb nj\u00eb perimet\u00ebr t\u00eb gjer\u00eb selin\u00eb e Partis\u00eb Demokratike n\u00eb Tiran\u00eb. Ato jan\u00eb vendosur pik\u00ebrisht pran\u00eb selis\u00eb s\u00eb PD-s\u00eb, dhe furgonat kan\u00eb l\u00ebvizur pik\u00ebrisht momentin kur k nisur votimi p\u00ebr shkarkimin e [&hellip;]<\/p>\n","protected":false},"author":9,"featured_media":52265,"comment_status":"open","ping_status":"open","sticky":false,"template":"","format":"standard","meta":{"jetpack_post_was_ever_published":false,"_jetpack_newsletter_access":"","_jetpack_dont_email_post_to_subs":false,"_jetpack_newsletter_tier_id":0,"_jetpack_memberships_contains_paywalled_content":false,"_jetpack_memberships_contains_paid_content":false,"footnotes":"","jetpack_publicize_message":"","jetpack_publicize_feature_enabled":true,"jetpack_social_post_already_shared":true,"jetpack_social_options":{"image_generator_settings":{"template":"highway","default_image_id":0,"font":"","enabled":false},"version":2}},"categories":[1,35],"tags":[],"class_list":["post-52264","post","type-post","status-publish","format-standard","has-post-thumbnail","hentry","category-njoftime-shtypi","category-shoqerore"],"jetpack_publicize_connections":[],"jetpack_featured_media_url":"https:\/\/i0.wp.com\/www.shqiperia.com\/blog\/wp-content\/uploads\/2021\/12\/Rrethohet-me-polic-selia-e-PD.-11-dhjetor-2021.jpg?fit=552%2C323&ssl=1","jetpack_sharing_enabled":true,"jetpack_shortlink":"https:\/\/wp.me\/p5Z6wp-dAY","jetpack-related-posts":[{"id":52515,"url":"https:\/\/www.shqiperia.com\/blog\/sali-berisha-publikon-foto-montazhin-me-gardistet-e-2019-thirrje-rames-edvin-larg-duart-nga-selia-e-pd\/","url_meta":{"origin":52264,"position":0},"title":"Sali Berisha publikon foto-montazhin me gardist\u00ebt e 2019, thirrje Ram\u00ebs: &#8211; Edvin larg duart nga selia e PD!","author":"Kurt Farka","date":"December 19, 2021","format":false,"excerpt":"Sali Berisha publikon foto-montazhin me gardist\u00ebt e 2019, thirrje Ram\u00ebs: - Edvin larg duart nga selia e PD! 19 Dhjetor 2021 Nj\u00eb dit\u00eb pasi shkoi n\u00eb selin\u00eb e PD-s\u00eb nga ku deklari shkarkimin e Lulzim Bash\u00ebs, Ish-kryeministri Berisha ka postuar n\u00eb rrjetet sociale nj\u00eb fotomontazh, me nj\u00eb mesazh drejtuar kryeministrit\u2026","rel":"","context":"In &quot;Blogu i Udh\u00ebtarit&quot;","block_context":{"text":"Blogu i Udh\u00ebtarit","link":"https:\/\/www.shqiperia.com\/blog\/category\/blogu-i-udhetarit\/"},"img":{"alt_text":"","src":"https:\/\/i0.wp.com\/www.shqiperia.com\/blog\/wp-content\/uploads\/2021\/12\/Blindohet-kryeministria.jpg?fit=1025%2C508&ssl=1&resize=350%2C200","width":350,"height":200,"srcset":"https:\/\/i0.wp.com\/www.shqiperia.com\/blog\/wp-content\/uploads\/2021\/12\/Blindohet-kryeministria.jpg?fit=1025%2C508&ssl=1&resize=350%2C200 1x, https:\/\/i0.wp.com\/www.shqiperia.com\/blog\/wp-content\/uploads\/2021\/12\/Blindohet-kryeministria.jpg?fit=1025%2C508&ssl=1&resize=525%2C300 1.5x, https:\/\/i0.wp.com\/www.shqiperia.com\/blog\/wp-content\/uploads\/2021\/12\/Blindohet-kryeministria.jpg?fit=1025%2C508&ssl=1&resize=700%2C400 2x"},"classes":[]},{"id":52346,"url":"https:\/\/www.shqiperia.com\/blog\/kishte-futur-njerez-te-armatosur-ne-seline-e-pd-akuza-e-forte-ndaj-bashes-ne-breaking\/","url_meta":{"origin":52264,"position":1},"title":"&#8220;Kishte futur njer\u00ebz t\u00eb armatosur n\u00eb selin\u00eb e PD&#8221;\/ Akuza e fort\u00eb ndaj Bash\u00ebs n\u00eb &#8216;Breaking&#8217;","author":"Kurt Farka","date":"December 14, 2021","format":false,"excerpt":"\"Kishte futur njer\u00ebz t\u00eb armatosur n\u00eb selin\u00eb e PD\"\/ Akuza e fort\u00eb ndaj Bash\u00ebs n\u00eb 'Breaking' 14 DHJETOR 2021 Indrit Hoxha ka folur sot n\u00eb Breaking n\u00eb Top News p\u00ebr kaosin e krijuar dit\u00ebn e djeshme n\u00eb selin\u00eb e PD. Hoxha tha se ata nuk kan\u00eb aspak frik\u00eb t\u00eb shkojn\u00eb\u2026","rel":"","context":"In &quot;Blogu i Udh\u00ebtarit&quot;","block_context":{"text":"Blogu i Udh\u00ebtarit","link":"https:\/\/www.shqiperia.com\/blog\/category\/blogu-i-udhetarit\/"},"img":{"alt_text":"","src":"https:\/\/i0.wp.com\/www.shqiperia.com\/blog\/wp-content\/uploads\/2021\/12\/640-0-61b872574da41.png?fit=640%2C367&ssl=1&resize=350%2C200","width":350,"height":200,"srcset":"https:\/\/i0.wp.com\/www.shqiperia.com\/blog\/wp-content\/uploads\/2021\/12\/640-0-61b872574da41.png?fit=640%2C367&ssl=1&resize=350%2C200 1x, https:\/\/i0.wp.com\/www.shqiperia.com\/blog\/wp-content\/uploads\/2021\/12\/640-0-61b872574da41.png?fit=640%2C367&ssl=1&resize=525%2C300 1.5x"},"classes":[]},{"id":52255,"url":"https:\/\/www.shqiperia.com\/blog\/kuvendi-i-berishes-voton-sot-per-shkarkimin-e-bashes-si-kryetar-i-pd-me-18-dhjetor-referendum\/","url_meta":{"origin":52264,"position":2},"title":"Kuvendi i Berish\u00ebs voton sot p\u00ebr shkarkimin e Bash\u00ebs si kryetar i PD, me 18 dhjetor referendum","author":"Kurt Farka","date":"December 11, 2021","format":false,"excerpt":"Kuvendi i Berish\u00ebs voton sot p\u00ebr shkarkimin e Bash\u00ebs si kryetar i PD, me 18 dhjetor referendum Nga OraNews 11 Dhjetor 2021 Kuvendi i Foltores do t\u00eb votoj\u00eb sot p\u00ebr shkarkimin e kreut t\u00eb Partis\u00eb Demokratike, Lulzim Basha, p\u00ebr thyerje t\u00eb r\u00ebnda t\u00eb statutit t\u00eb PD. Votimi do jet\u00eb i\u2026","rel":"","context":"In &quot;Blogu i Udh\u00ebtarit&quot;","block_context":{"text":"Blogu i Udh\u00ebtarit","link":"https:\/\/www.shqiperia.com\/blog\/category\/blogu-i-udhetarit\/"},"img":{"alt_text":"","src":"https:\/\/i0.wp.com\/www.shqiperia.com\/blog\/wp-content\/uploads\/2021\/12\/1604996702_basha12.jpg?fit=780%2C440&ssl=1&resize=350%2C200","width":350,"height":200,"srcset":"https:\/\/i0.wp.com\/www.shqiperia.com\/blog\/wp-content\/uploads\/2021\/12\/1604996702_basha12.jpg?fit=780%2C440&ssl=1&resize=350%2C200 1x, https:\/\/i0.wp.com\/www.shqiperia.com\/blog\/wp-content\/uploads\/2021\/12\/1604996702_basha12.jpg?fit=780%2C440&ssl=1&resize=525%2C300 1.5x, https:\/\/i0.wp.com\/www.shqiperia.com\/blog\/wp-content\/uploads\/2021\/12\/1604996702_basha12.jpg?fit=780%2C440&ssl=1&resize=700%2C400 2x"},"classes":[]},{"id":54991,"url":"https:\/\/www.shqiperia.com\/blog\/mbyllet-pas-4-oresh-mbledhja-e-grupit-pd-kerkohet-doreheqja-e-bashes-dhe-rihapjen-e-gares-per-kryetar\/","url_meta":{"origin":52264,"position":3},"title":"Mbyllet pas 4 or\u00ebsh mbledhja e grupit PD: &#8211; K\u00ebrkohet dor\u00ebheqja e Bash\u00ebs dhe rihapjen e gar\u00ebs p\u00ebr kryetar.","author":"Kurt Farka","date":"March 8, 2022","format":false,"excerpt":"Mbyllet pas 4 or\u00ebsh mbledhja e grupit PD: - K\u00ebrkohet dor\u00ebheqja e Bash\u00ebs dhe rihapjen e gar\u00ebs p\u00ebr kryetar. 8 Mars 2022 Mbledhja e cila nisi rreth or\u00ebs 20:30 (7 Mars 2022) n\u00eb selin\u00eb e PD-s\u00eb u mbyll 30 minuta pas mesnat\u00ebs te dates 8 mars. Ka p\u00ebrfunduar pas gati\u2026","rel":"","context":"In &quot;Blogu i Udh\u00ebtarit&quot;","block_context":{"text":"Blogu i Udh\u00ebtarit","link":"https:\/\/www.shqiperia.com\/blog\/category\/blogu-i-udhetarit\/"},"img":{"alt_text":"","src":"https:\/\/i0.wp.com\/www.shqiperia.com\/blog\/wp-content\/uploads\/2022\/03\/Bardhi-basha-.jpg?fit=640%2C375&ssl=1&resize=350%2C200","width":350,"height":200,"srcset":"https:\/\/i0.wp.com\/www.shqiperia.com\/blog\/wp-content\/uploads\/2022\/03\/Bardhi-basha-.jpg?fit=640%2C375&ssl=1&resize=350%2C200 1x, https:\/\/i0.wp.com\/www.shqiperia.com\/blog\/wp-content\/uploads\/2022\/03\/Bardhi-basha-.jpg?fit=640%2C375&ssl=1&resize=525%2C300 1.5x"},"classes":[]},{"id":52363,"url":"https:\/\/www.shqiperia.com\/blog\/takimi-i-bashes-me-6-ambasadoret-ne-seline-blu-zbardhen-detaje\/","url_meta":{"origin":52264,"position":4},"title":"Takimi i Bash\u00ebs me 6 ambasador\u00ebt n\u00eb selin\u00eb blu, zbardhen detaje","author":"Kurt Farka","date":"December 14, 2021","format":false,"excerpt":"Takimi i Bash\u00ebs me 6 ambasador\u00ebt n\u00eb selin\u00eb blu, zbardhen detaje 14 DHJETOR 2021 Nj\u00eb dit\u00eb pas kaosit n\u00eb selin\u00eb e PD, ambasador\u00ebt e disa vendeve ishin n\u00eb takim me Lulzim Bash\u00ebn. Ftes\u00ebn e kishin nga Lulzim Basha. I priti n\u00eb t\u00eb nj\u00ebjt\u00ebn zyr\u00eb nga ku Sali Berisha, shpalosi avancimin\u2026","rel":"","context":"In &quot;Blogu i Udh\u00ebtarit&quot;","block_context":{"text":"Blogu i Udh\u00ebtarit","link":"https:\/\/www.shqiperia.com\/blog\/category\/blogu-i-udhetarit\/"},"img":{"alt_text":"","src":"https:\/\/i0.wp.com\/www.shqiperia.com\/blog\/wp-content\/uploads\/2021\/12\/800-0-61b8b6449a85b-Copy.jpg?fit=431%2C257&ssl=1&resize=350%2C200","width":350,"height":200},"classes":[]},{"id":52343,"url":"https:\/\/www.shqiperia.com\/blog\/ambasadoret-i-shkojne-lulzim-bashes-ne-zyre\/","url_meta":{"origin":52264,"position":5},"title":"Ambasador\u00ebt i shkojn\u00eb Lulzim Bash\u00ebs n\u00eb zyr\u00eb","author":"Kurt Farka","date":"December 14, 2021","format":false,"excerpt":"Ambasador\u00ebt i shkojn\u00eb Lulzim Bash\u00ebs n\u00eb zyr\u00eb 14 DHJETOR 2021 Selia e partis\u00eb m\u00eb t\u00eb madhe opozitare, dit\u00ebn e djeshme, pa t\u00eb ndodhte nj\u00eb situat\u00eb kaotike. Sali Berisha me mb\u00ebshtet\u00ebsit e tij u fut brenda selis\u00eb me argumentimin se do t\u00eb organizoj\u00eb nj\u00eb mbledhje. N\u00eb fund t\u00eb mbledhjes, zhvilloi nj\u00eb\u2026","rel":"","context":"In &quot;Blogu i Udh\u00ebtarit&quot;","block_context":{"text":"Blogu i Udh\u00ebtarit","link":"https:\/\/www.shqiperia.com\/blog\/category\/blogu-i-udhetarit\/"},"img":{"alt_text":"","src":"https:\/\/i0.wp.com\/www.shqiperia.com\/blog\/wp-content\/uploads\/2021\/12\/264855823_3185694171653864_2500720597343833895_n.jpg?fit=534%2C345&ssl=1&resize=350%2C200","width":350,"height":200,"srcset":"https:\/\/i0.wp.com\/www.shqiperia.com\/blog\/wp-content\/uploads\/2021\/12\/264855823_3185694171653864_2500720597343833895_n.jpg?fit=534%2C345&ssl=1&resize=350%2C200 1x, https:\/\/i0.wp.com\/www.shqiperia.com\/blog\/wp-content\/uploads\/2021\/12\/264855823_3185694171653864_2500720597343833895_n.jpg?fit=534%2C345&ssl=1&resize=525%2C300 1.5x"},"classes":[]}],"_links":{"self":[{"href":"https:\/\/www.shqiperia.com\/blog\/wp-json\/wp\/v2\/posts\/52264","targetHints":{"allow":["GET"]}}],"collection":[{"href":"https:\/\/www.shqiperia.com\/blog\/wp-json\/wp\/v2\/posts"}],"about":[{"href":"https:\/\/www.shqiperia.com\/blog\/wp-json\/wp\/v2\/types\/post"}],"author":[{"embeddable":true,"href":"https:\/\/www.shqiperia.com\/blog\/wp-json\/wp\/v2\/users\/9"}],"replies":[{"embeddable":true,"href":"https:\/\/www.shqiperia.com\/blog\/wp-json\/wp\/v2\/comments?post=52264"}],"version-history":[{"count":1,"href":"https:\/\/www.shqiperia.com\/blog\/wp-json\/wp\/v2\/posts\/52264\/revisions"}],"predecessor-version":[{"id":52266,"href":"https:\/\/www.shqiperia.com\/blog\/wp-json\/wp\/v2\/posts\/52264\/revisions\/52266"}],"wp:featuredmedia":[{"embeddable":true,"href":"https:\/\/www.shqiperia.com\/blog\/wp-json\/wp\/v2\/media\/52265"}],"wp:attachment":[{"href":"https:\/\/www.shqiperia.com\/blog\/wp-json\/wp\/v2\/media?parent=52264"}],"wp:term":[{"taxonomy":"category","embeddable":true,"href":"https:\/\/www.shqiperia.com\/blog\/wp-json\/wp\/v2\/categories?post=52264"},{"taxonomy":"post_tag","embeddable":true,"href":"https:\/\/www.shqiperia.com\/blog\/wp-json\/wp\/v2\/tags?post=52264"}],"curies":[{"name":"wp","href":"https:\/\/api.w.org\/{rel}","templated":true}]}}