{"id":519,"date":"2018-01-06T14:39:27","date_gmt":"2018-01-06T14:39:27","guid":{"rendered":"http:\/\/www.shqiperia.com\/blog\/?p=519"},"modified":"2018-01-06T14:39:27","modified_gmt":"2018-01-06T14:39:27","slug":"vendimi-per-varrezat-e-ushtareve-greke-nje-akt-turpshem","status":"publish","type":"post","link":"https:\/\/www.shqiperia.com\/blog\/vendimi-per-varrezat-e-ushtareve-greke-nje-akt-turpshem\/","title":{"rendered":"VENDIMI P\u00cbR VARREZAT E USHTAR\u00cbVE GREK\u00cb, NJ\u00cb AKT I TURPSH\u00cbM"},"content":{"rendered":"<p><img data-recalc-dims=\"1\" loading=\"lazy\" decoding=\"async\" data-attachment-id=\"520\" data-permalink=\"https:\/\/www.shqiperia.com\/blog\/vendimi-per-varrezat-e-ushtareve-greke-nje-akt-turpshem\/ngjela\/\" data-orig-file=\"https:\/\/i0.wp.com\/www.shqiperia.com\/blog\/wp-content\/uploads\/2018\/01\/ngjela.jpg?fit=528%2C529&amp;ssl=1\" data-orig-size=\"528,529\" data-comments-opened=\"1\" data-image-meta=\"{&quot;aperture&quot;:&quot;0&quot;,&quot;credit&quot;:&quot;&quot;,&quot;camera&quot;:&quot;&quot;,&quot;caption&quot;:&quot;&quot;,&quot;created_timestamp&quot;:&quot;0&quot;,&quot;copyright&quot;:&quot;&quot;,&quot;focal_length&quot;:&quot;0&quot;,&quot;iso&quot;:&quot;0&quot;,&quot;shutter_speed&quot;:&quot;0&quot;,&quot;title&quot;:&quot;&quot;,&quot;orientation&quot;:&quot;0&quot;}\" data-image-title=\"ngjela\" data-image-description=\"\" data-image-caption=\"\" data-medium-file=\"https:\/\/i0.wp.com\/www.shqiperia.com\/blog\/wp-content\/uploads\/2018\/01\/ngjela.jpg?fit=300%2C300&amp;ssl=1\" data-large-file=\"https:\/\/i0.wp.com\/www.shqiperia.com\/blog\/wp-content\/uploads\/2018\/01\/ngjela.jpg?fit=528%2C529&amp;ssl=1\" class=\"alignnone  wp-image-520\" alt=\"\" src=\"https:\/\/i0.wp.com\/www.shqiperia.com\/blog\/wp-content\/uploads\/2018\/01\/ngjela-300x300.jpg?resize=440%2C440\" width=\"440\" height=\"440\" srcset=\"https:\/\/i0.wp.com\/www.shqiperia.com\/blog\/wp-content\/uploads\/2018\/01\/ngjela.jpg?resize=300%2C300&amp;ssl=1 300w, https:\/\/i0.wp.com\/www.shqiperia.com\/blog\/wp-content\/uploads\/2018\/01\/ngjela.jpg?resize=150%2C150&amp;ssl=1 150w, https:\/\/i0.wp.com\/www.shqiperia.com\/blog\/wp-content\/uploads\/2018\/01\/ngjela.jpg?w=528&amp;ssl=1 528w\" sizes=\"auto, (max-width: 440px) 100vw, 440px\" \/><\/p>\n<p>Nga: <strong>Spartak Ngjela.<\/strong><\/p>\n<p>Pranohen varre ushtar\u00ebsh grek\u00eb t\u00eb r\u00ebn\u00eb n\u00eb luft\u00eb n\u00eb Shqip\u00ebri, n\u00eb nj\u00eb koh\u00eb q\u00eb nuk i ka ftuar p\u00ebr ndihm\u00eb asnj\u00eb autoritet shqiptar?<br \/>\nPyetje \u00ebsht\u00eb: pse kan\u00eb Ardhur?<\/p>\n<p>Si mund t\u00eb lejohet p\u00ebr t\u00eb pasur varreza n\u00eb Shqip\u00ebri, nj\u00eb ushtri shoviniste q\u00eb ka pushtuar me dhun\u00eb qytetin shqiptar t\u00eb Janin\u00ebs, n\u00eb vitin 1913; dhe e detyroi Konferenc\u00ebn e Ambasador\u00ebve q\u00eb t\u00eb linte jasht\u00eb Shqip\u00ebris\u00eb nj\u00eb qytet krejt\u00ebsisht me popullsi shqiptar\u00eb?<br \/>\n\u00c7\u2019jan\u00eb k\u00ebto varreza t\u00eb nj\u00eb ushtrie q\u00eb e ka p\u00ebrdorur truallin shqiptar si shesh luftimi me pushtuesit e Shqip\u00ebris\u00eb; sepse, ashtu si\u00e7 pushtoi Janin\u00ebn n\u00eb vitin 1913, ushtria greke deshi t\u00eb pushtonte Kor\u00e7\u00ebn dhe Gjirokastr\u00ebn n\u00eb vitin 1940?<br \/>\nPse varre p\u00ebr pushtues t\u00eb paskrupullt do ngrem\u00eb n\u00eb k\u00ebtu?<\/p>\n<p>******<br \/>\nQeverit\u00eb shqiptar\u00eb, jo q\u00eb nuk duhet ta pranojn\u00eb, por as q\u00eb kan\u00eb t\u00eb drejt\u00eb t\u00eb ulen n\u00eb bisedime p\u00ebr k\u00ebt\u00eb \u00e7\u00ebshtje, sepse ky \u00ebsht\u00eb krim kund\u00ebr pavar\u00ebsis\u00eb territoriale dhe historike t\u00eb Shqip\u00ebris\u00eb.<\/p>\n<p>P\u00ebr k\u00ebt\u00eb arsye:<br \/>\nQeveria Rama, urgjent duhet t\u00eb t\u00ebrhiqet nga vendimi i saj p\u00ebr varrezat e ushtar\u00ebve grek\u00eb n\u00eb Shqip\u00ebri; sepse ndryshe duhet menj\u00ebher\u00eb t\u00eb akuzohet p\u00ebr tradhti komb\u00ebtare.<\/p>\n<p>Pse, varre ushtar\u00ebsh pushtues t\u00eb paskrupullt do ngrem\u00eb ne k\u00ebtu?<\/p>\n<p>Qeverit\u00eb shqiptar\u00eb, jo q\u00eb t\u00eb pranojn\u00eb, por as q\u00eb t\u00eb ulen n\u00eb bisedime p\u00ebr k\u00ebt\u00eb \u00e7\u00ebshtje, nuk duhet t\u00eb lejohen.<\/p>\n<p>Qeveria Rama, urgjent duhet akuzuar si bashk\u00ebpunuese me histerin\u00eb antishqiptare greke, n\u00ebse vet\u00eb nuk e shfuqizon vendimin e para ca dit\u00ebve n\u00eb lidhje me k\u00ebt\u00eb \u00e7\u00ebshtje.<\/p>\n<p>Po ajo dit\u00eb feste q\u00eb i paskeni lejuar Athin\u00ebs, e dini se p\u00ebrse \u00ebsht\u00eb k\u00ebrkuar nga grek\u00ebt?<\/p>\n<p>Zoti kryeminist\u00ebr! a e dini ju se dita e fest\u00ebs q\u00eb i paskeni lejuar Athin\u00ebs shoviniste, do t\u00eb quhet nga Athina politike si festa e t\u00eb r\u00ebn\u00ebve grek\u00eb p\u00ebr \u00e7lirimin e Vorio-Epirit?<\/p>\n<p>Q\u00eb Rama nuk e njeh historin\u00eb e Shqip\u00ebris\u00eb, kjo kuptohet nga formimi mediok\u00ebr i tij, por q\u00eb t\u00eb mos kuptosh as kaq, do t\u00eb thot\u00eb q\u00eb ky individ duhet eliminuar n\u00eb \u00e7ast si kryeminist\u00ebr.<\/p>\n<p>Gjithsesi, vendimi i marr\u00eb nga qeveria p\u00ebr varrezat e ushtar\u00ebve grek\u00eb t\u00eb vrar\u00eb n\u00eb Shqip\u00ebri, duhet shfuqizuar n\u00eb \u00e7ast.<br \/>\nN\u00eb t\u00eb kund\u00ebrt; ai vendim do t\u00eb jet\u00eb nj\u00eb akuz\u00eb p\u00ebr tradhti komb\u00ebtare, e ngritur kund\u00ebr t\u00eb gjith\u00eb an\u00ebtar\u00ebve t\u00eb qeveris\u00eb Rama 2 q\u00eb e kan\u00eb votuar.<\/p>\n<p>Qeveria shqiptare Rama 2 ose \u00ebsht\u00eb krejt\u00ebsisht amatore, si vet\u00eb kryetari i saj; ose ka hyr\u00eb si e shitur n\u00eb hullin\u00eb e shitjes s\u00eb interesit komb\u00ebtar, si t\u00eb gjitha qeverit\u00eb antishqiptare q\u00eb jan\u00eb bler\u00eb n\u00eb 100 vjet nga Athina dhe Beogradi.<\/p>\n<p>20 dhjetor 2017<\/p>\n","protected":false},"excerpt":{"rendered":"<p>Nga: Spartak Ngjela. Pranohen varre ushtar\u00ebsh grek\u00eb t\u00eb r\u00ebn\u00eb n\u00eb luft\u00eb n\u00eb Shqip\u00ebri, n\u00eb nj\u00eb koh\u00eb q\u00eb nuk i ka ftuar p\u00ebr ndihm\u00eb asnj\u00eb autoritet shqiptar? Pyetje \u00ebsht\u00eb: pse kan\u00eb Ardhur? Si mund t\u00eb lejohet p\u00ebr t\u00eb pasur varreza n\u00eb Shqip\u00ebri, nj\u00eb ushtri shoviniste q\u00eb ka pushtuar me dhun\u00eb qytetin shqiptar t\u00eb Janin\u00ebs, n\u00eb vitin [&hellip;]<\/p>\n","protected":false},"author":9,"featured_media":520,"comment_status":"open","ping_status":"open","sticky":false,"template":"","format":"standard","meta":{"jetpack_post_was_ever_published":false,"_jetpack_newsletter_access":"","_jetpack_dont_email_post_to_subs":false,"_jetpack_newsletter_tier_id":0,"_jetpack_memberships_contains_paywalled_content":false,"_jetpack_memberships_contains_paid_content":false,"footnotes":"","jetpack_publicize_message":"","jetpack_publicize_feature_enabled":true,"jetpack_social_post_already_shared":true,"jetpack_social_options":{"image_generator_settings":{"template":"highway","default_image_id":0,"font":"","enabled":false},"version":2}},"categories":[1],"tags":[],"class_list":["post-519","post","type-post","status-publish","format-standard","has-post-thumbnail","hentry","category-njoftime-shtypi"],"jetpack_publicize_connections":[],"jetpack_featured_media_url":"https:\/\/i0.wp.com\/www.shqiperia.com\/blog\/wp-content\/uploads\/2018\/01\/ngjela.jpg?fit=528%2C529&ssl=1","jetpack_sharing_enabled":true,"jetpack_shortlink":"https:\/\/wp.me\/p5Z6wp-8n","jetpack-related-posts":[{"id":13200,"url":"https:\/\/www.shqiperia.com\/blog\/skandal-ne-gjirokaster-universiteti-ben-dokumentar-pro-vorio-epirit\/","url_meta":{"origin":519,"position":0},"title":"Skandal n\u00eb Gjirokast\u00ebr, Universiteti   b\u00ebn dokumentar pro Vorio Epirit. &#8211;","author":"Kurt Farka","date":"October 30, 2018","format":false,"excerpt":"Skandal n\u00eb Gjirokast\u00ebr, Universiteti b\u00ebn dokumentar pro Vorio Epirit. - Universiteti i Gjirokastr\u00ebs \u00ebsht\u00eb p\u00ebrfshir\u00eb n\u00eb nj\u00eb skandal, pasi ai ka prodhuar e promovuar nj\u00eb dokumentar i cili lart\u00ebson ushtar\u00ebt grek\u00eb dhe Vorio Epirin. K\u00ebt\u00eb dokumentar, me titull \"Heronjt\u00eb luftojn\u00eb...si grek\u00eb\" e ka prodhuar Departamenti i Gjuh\u00ebs, Let\u00ebrsis\u00eb dhe Qytet\u00ebrimit\u2026","rel":"","context":"In &quot;Blogu i Udh\u00ebtarit&quot;","block_context":{"text":"Blogu i Udh\u00ebtarit","link":"https:\/\/www.shqiperia.com\/blog\/category\/blogu-i-udhetarit\/"},"img":{"alt_text":"","src":"https:\/\/i0.wp.com\/www.shqiperia.com\/blog\/wp-content\/uploads\/2018\/10\/greqish-300x232.jpg?resize=350%2C200","width":350,"height":200},"classes":[]},{"id":1872,"url":"https:\/\/www.shqiperia.com\/blog\/mesila-doda-ushtari-italian-po-lexohet-si-grek-po-perdoren-te-vdekurit\/","url_meta":{"origin":519,"position":1},"title":"Mesila Doda: Ushtari italian po lexohet si grek, po p\u00ebrdoren t\u00eb vdekurit. &#8211;","author":"Kurt Farka","date":"January 23, 2018","format":false,"excerpt":"Sekretarja e P\u00ebrgjithshme e Partis\u00eb Drejt\u00ebsi, Integrim dhe Unitet, Mesila Doda gjat\u00eb nj\u00eb interviste n\u00eb Ora News ka deklaruar se sipas studiuesve\u00a0nj\u00eb medalion i gjetur sot, i cili pretendohet se i p\u00ebrket ushtar\u00ebve grek\u00eb,\u00a0\u00ebsht\u00eb i ushtar\u00ebve italian\u00eb. Sipas Dod\u00ebs ushtar\u00ebt e vdekur po p\u00ebrdoren, nd\u00ebrsa shton se\u00a0ky rast ngjan me\u2026","rel":"","context":"In &quot;Blogu i Udh\u00ebtarit&quot;","block_context":{"text":"Blogu i Udh\u00ebtarit","link":"https:\/\/www.shqiperia.com\/blog\/category\/blogu-i-udhetarit\/"},"img":{"alt_text":"","src":"https:\/\/i0.wp.com\/www.shqiperia.com\/blog\/wp-content\/uploads\/2018\/01\/Mesila-Doda.jpg?resize=350%2C200","width":350,"height":200},"classes":[]},{"id":60119,"url":"https:\/\/www.shqiperia.com\/blog\/kufiri-detar-prove-e-re-e-gabimit-te-shqiperise-per-te-shkuar-ne-hage\/","url_meta":{"origin":519,"position":2},"title":"Kufiri Detar: &#8211; Prov\u00eb e re e gabimit te Shqip\u00ebris\u00eb p\u00ebr t\u00eb shkuar n\u00eb Hag\u00eb","author":"Kurt Farka","date":"July 27, 2022","format":false,"excerpt":"27 Korrik 2022 Nga Shaban Murati Nj\u00eb prove e re e gabimit t\u00eb qeveris\u00eb s\u00eb Shqip\u00ebris\u00eb, q\u00eb pranoi k\u00ebrkes\u00ebn e Greqis\u00eb p\u00ebr t\u00eb shkuar s\u00ebbashku n\u00eb Gjykat\u00ebn Nd\u00ebrkomb\u00ebtare t\u00eb Drejt\u00ebsis\u00eb n\u00eb Hag\u00eb p\u00ebr mosmarreveshjet detare, e solli personalisht ministri i jasht\u00ebm grek Dendias. N\u00eb nj\u00eb intervist\u00eb me shtypin grek n\u00eb\u2026","rel":"","context":"In &quot;Blogu i Udh\u00ebtarit&quot;","block_context":{"text":"Blogu i Udh\u00ebtarit","link":"https:\/\/www.shqiperia.com\/blog\/category\/blogu-i-udhetarit\/"},"img":{"alt_text":"","src":"https:\/\/i0.wp.com\/www.shqiperia.com\/blog\/wp-content\/uploads\/2022\/07\/IMG-20220727-WA0000.jpg?fit=798%2C582&ssl=1&resize=350%2C200","width":350,"height":200,"srcset":"https:\/\/i0.wp.com\/www.shqiperia.com\/blog\/wp-content\/uploads\/2022\/07\/IMG-20220727-WA0000.jpg?fit=798%2C582&ssl=1&resize=350%2C200 1x, https:\/\/i0.wp.com\/www.shqiperia.com\/blog\/wp-content\/uploads\/2022\/07\/IMG-20220727-WA0000.jpg?fit=798%2C582&ssl=1&resize=525%2C300 1.5x, https:\/\/i0.wp.com\/www.shqiperia.com\/blog\/wp-content\/uploads\/2022\/07\/IMG-20220727-WA0000.jpg?fit=798%2C582&ssl=1&resize=700%2C400 2x"},"classes":[]},{"id":60321,"url":"https:\/\/www.shqiperia.com\/blog\/deklaratat-bombe-te-arkeologut-britanik-per-shqiperine-reagon-blendi-fevziu-dhe-ia-numeron-nje-per-nje-uleritese\/","url_meta":{"origin":519,"position":3},"title":"Deklaratat \u2018bomb\u00eb\u2019 t\u00eb arkeologut britanik p\u00ebr Shqip\u00ebrin\u00eb, reagon Blendi Fevziu dhe ia num\u00ebron \u2018nj\u00eb p\u00ebr nj\u00eb\u2019: Ul\u00ebrit\u00ebse!","author":"Kurt Farka","date":"July 30, 2022","format":false,"excerpt":"30 Korrik 2022 Richard Hodges, arkeolog britanik dhe an\u00ebtar i bordit t\u00eb menaxhimit te Butrintit iu ka dh\u00ebn\u00eb nj\u00eb leksion student\u00ebve t\u00eb huaj, ku thuhej se Shqip\u00ebria \u00ebsht\u00eb \u201cshtet artificial\u201d. Shtet \u201cartificial\u201d i krijuar jo nga p\u00ebrpjekjet tona p\u00ebr pavar\u00ebsi, por nga Britanik\u00ebt e Fuqit\u00eb e M\u00ebdha. P\u00ebr k\u00ebt\u00eb deklarat\u00eb\u2026","rel":"","context":"In &quot;Blogu i Udh\u00ebtarit&quot;","block_context":{"text":"Blogu i Udh\u00ebtarit","link":"https:\/\/www.shqiperia.com\/blog\/category\/blogu-i-udhetarit\/"},"img":{"alt_text":"","src":"https:\/\/i0.wp.com\/www.shqiperia.com\/blog\/wp-content\/uploads\/2022\/07\/800-0-62e5263e1c171.jpg?fit=769%2C393&ssl=1&resize=350%2C200","width":350,"height":200,"srcset":"https:\/\/i0.wp.com\/www.shqiperia.com\/blog\/wp-content\/uploads\/2022\/07\/800-0-62e5263e1c171.jpg?fit=769%2C393&ssl=1&resize=350%2C200 1x, https:\/\/i0.wp.com\/www.shqiperia.com\/blog\/wp-content\/uploads\/2022\/07\/800-0-62e5263e1c171.jpg?fit=769%2C393&ssl=1&resize=525%2C300 1.5x, https:\/\/i0.wp.com\/www.shqiperia.com\/blog\/wp-content\/uploads\/2022\/07\/800-0-62e5263e1c171.jpg?fit=769%2C393&ssl=1&resize=700%2C400 2x"},"classes":[]},{"id":43918,"url":"https:\/\/www.shqiperia.com\/blog\/edvin-lidhe-gjuhen-se-pastaj-shpetim-idrizi-paralajmeron-ramen-cjapi-qe-po-i-vjen-ngordhja-dje-e-leshoi-gojen\/","url_meta":{"origin":519,"position":4},"title":"\u201cEdvin lidhe gjuh\u00ebn se pastaj\u2026\u201d\/ Shp\u00ebtim Idrizi paralajm\u00ebron Ram\u00ebn: Cjapi q\u00eb po i vjen ngordhja dje e l\u00ebshoi goj\u00ebn","author":"Kurt Farka","date":"February 8, 2021","format":false,"excerpt":"\u201cEdvin lidhe gjuh\u00ebn se pastaj\u2026\u201d\/ Shp\u00ebtim Idrizi paralajm\u00ebron Ram\u00ebn: Cjapi q\u00eb po i vjen ngordhja dje e l\u00ebshoi goj\u00ebn 8 shkurt 2021 Kreu i PDIU, Shp\u00ebtim Idrizi, ka reaguar pas deklaratave t\u00eb nj\u00eb dit\u00eb m\u00eb par\u00eb t\u00eb Kryeministrit Edi Rama nga Saranda. Idrizi thekson se dje\u00a0\u201cRama e l\u00ebshoi goj\u00ebn jo\u2026","rel":"","context":"In &quot;Blogu i Udh\u00ebtarit&quot;","block_context":{"text":"Blogu i Udh\u00ebtarit","link":"https:\/\/www.shqiperia.com\/blog\/category\/blogu-i-udhetarit\/"},"img":{"alt_text":"","src":"https:\/\/i0.wp.com\/www.shqiperia.com\/blog\/wp-content\/uploads\/2021\/02\/rama-idrizi1.jpg?fit=1200%2C650&ssl=1&resize=350%2C200","width":350,"height":200,"srcset":"https:\/\/i0.wp.com\/www.shqiperia.com\/blog\/wp-content\/uploads\/2021\/02\/rama-idrizi1.jpg?fit=1200%2C650&ssl=1&resize=350%2C200 1x, https:\/\/i0.wp.com\/www.shqiperia.com\/blog\/wp-content\/uploads\/2021\/02\/rama-idrizi1.jpg?fit=1200%2C650&ssl=1&resize=525%2C300 1.5x, https:\/\/i0.wp.com\/www.shqiperia.com\/blog\/wp-content\/uploads\/2021\/02\/rama-idrizi1.jpg?fit=1200%2C650&ssl=1&resize=700%2C400 2x, https:\/\/i0.wp.com\/www.shqiperia.com\/blog\/wp-content\/uploads\/2021\/02\/rama-idrizi1.jpg?fit=1200%2C650&ssl=1&resize=1050%2C600 3x"},"classes":[]},{"id":42384,"url":"https:\/\/www.shqiperia.com\/blog\/shqiperia-ne-vitin-1990-perdori-dheun-kontinental-per-tu-ngushtuar-nga-15-ne-12-milje-greqia-po-perdor-ishujt-per-tu-zgjeruar-nga-6-ne-12-milje\/","url_meta":{"origin":519,"position":5},"title":"\u201cShqip\u00ebria n\u00eb vitin 1990 p\u00ebrdori dheun kontinental p\u00ebr t\u2019u ngushtuar nga 15 n\u00eb 12 milje, Greqia po p\u00ebrdor ishujt p\u00ebr t\u2019u zgjeruar nga 6 n\u00eb 12 milje\u201d","author":"Kurt Farka","date":"December 28, 2020","format":false,"excerpt":"\u201cShqip\u00ebria n\u00eb vitin 1990 p\u00ebrdori dheun kontinental p\u00ebr t\u2019u ngushtuar nga 15 n\u00eb 12 milje, Greqia po p\u00ebrdor ishujt p\u00ebr t\u2019u zgjeruar nga 6 n\u00eb 12 milje\u201d 27 dhjetor\u00a0 2020 L\u00ebvizja Vet\u00ebvendosje dega Shqip\u00ebri ka b\u00ebr\u00eb nj\u00eb deklarat\u00eb t\u00eb zgjeruar mbi debatin publik p\u00ebr at\u00eb q\u00eb njihet si \u201c\u00e7\u00ebshtja e\u2026","rel":"","context":"In &quot;Blogu i Udh\u00ebtarit&quot;","block_context":{"text":"Blogu i Udh\u00ebtarit","link":"https:\/\/www.shqiperia.com\/blog\/category\/blogu-i-udhetarit\/"},"img":{"alt_text":"","src":"https:\/\/i0.wp.com\/www.shqiperia.com\/blog\/wp-content\/uploads\/2020\/12\/20201227_235031-905x450-1.png?fit=905%2C450&ssl=1&resize=350%2C200","width":350,"height":200,"srcset":"https:\/\/i0.wp.com\/www.shqiperia.com\/blog\/wp-content\/uploads\/2020\/12\/20201227_235031-905x450-1.png?fit=905%2C450&ssl=1&resize=350%2C200 1x, https:\/\/i0.wp.com\/www.shqiperia.com\/blog\/wp-content\/uploads\/2020\/12\/20201227_235031-905x450-1.png?fit=905%2C450&ssl=1&resize=525%2C300 1.5x, https:\/\/i0.wp.com\/www.shqiperia.com\/blog\/wp-content\/uploads\/2020\/12\/20201227_235031-905x450-1.png?fit=905%2C450&ssl=1&resize=700%2C400 2x"},"classes":[]}],"_links":{"self":[{"href":"https:\/\/www.shqiperia.com\/blog\/wp-json\/wp\/v2\/posts\/519","targetHints":{"allow":["GET"]}}],"collection":[{"href":"https:\/\/www.shqiperia.com\/blog\/wp-json\/wp\/v2\/posts"}],"about":[{"href":"https:\/\/www.shqiperia.com\/blog\/wp-json\/wp\/v2\/types\/post"}],"author":[{"embeddable":true,"href":"https:\/\/www.shqiperia.com\/blog\/wp-json\/wp\/v2\/users\/9"}],"replies":[{"embeddable":true,"href":"https:\/\/www.shqiperia.com\/blog\/wp-json\/wp\/v2\/comments?post=519"}],"version-history":[{"count":1,"href":"https:\/\/www.shqiperia.com\/blog\/wp-json\/wp\/v2\/posts\/519\/revisions"}],"predecessor-version":[{"id":521,"href":"https:\/\/www.shqiperia.com\/blog\/wp-json\/wp\/v2\/posts\/519\/revisions\/521"}],"wp:featuredmedia":[{"embeddable":true,"href":"https:\/\/www.shqiperia.com\/blog\/wp-json\/wp\/v2\/media\/520"}],"wp:attachment":[{"href":"https:\/\/www.shqiperia.com\/blog\/wp-json\/wp\/v2\/media?parent=519"}],"wp:term":[{"taxonomy":"category","embeddable":true,"href":"https:\/\/www.shqiperia.com\/blog\/wp-json\/wp\/v2\/categories?post=519"},{"taxonomy":"post_tag","embeddable":true,"href":"https:\/\/www.shqiperia.com\/blog\/wp-json\/wp\/v2\/tags?post=519"}],"curies":[{"name":"wp","href":"https:\/\/api.w.org\/{rel}","templated":true}]}}