{"id":51752,"date":"2021-11-26T23:20:39","date_gmt":"2021-11-26T23:20:39","guid":{"rendered":"https:\/\/www.shqiperia.com\/blog\/?p=51752"},"modified":"2021-11-27T05:17:18","modified_gmt":"2021-11-27T05:17:18","slug":"zbulim-arkeologjik-ngjarje-e-vitit-ne-kosove","status":"publish","type":"post","link":"https:\/\/www.shqiperia.com\/blog\/zbulim-arkeologjik-ngjarje-e-vitit-ne-kosove\/","title":{"rendered":"Zbulim Arkeologjik- Ngjarje e Vitit ne Kosove."},"content":{"rendered":"<p><img data-recalc-dims=\"1\" loading=\"lazy\" decoding=\"async\" data-attachment-id=\"51753\" data-permalink=\"https:\/\/www.shqiperia.com\/blog\/zbulim-arkeologjik-ngjarje-e-vitit-ne-kosove\/zbulim-arkeologjik-ngjarje-e-vitit-ne-kosove-2\/\" data-orig-file=\"https:\/\/i0.wp.com\/www.shqiperia.com\/blog\/wp-content\/uploads\/2021\/11\/Zbulim-Arkeologjik-Ngjarje-e-Vitit-ne-Kosove.-2.jpg?fit=2048%2C996&amp;ssl=1\" data-orig-size=\"2048,996\" data-comments-opened=\"1\" data-image-meta=\"{&quot;aperture&quot;:&quot;0&quot;,&quot;credit&quot;:&quot;&quot;,&quot;camera&quot;:&quot;&quot;,&quot;caption&quot;:&quot;&quot;,&quot;created_timestamp&quot;:&quot;0&quot;,&quot;copyright&quot;:&quot;&quot;,&quot;focal_length&quot;:&quot;0&quot;,&quot;iso&quot;:&quot;0&quot;,&quot;shutter_speed&quot;:&quot;0&quot;,&quot;title&quot;:&quot;&quot;,&quot;orientation&quot;:&quot;0&quot;}\" data-image-title=\"Zbulim Arkeologjik- Ngjarje e Vitit ne Kosove. (2)\" data-image-description=\"\" data-image-caption=\"\" data-medium-file=\"https:\/\/i0.wp.com\/www.shqiperia.com\/blog\/wp-content\/uploads\/2021\/11\/Zbulim-Arkeologjik-Ngjarje-e-Vitit-ne-Kosove.-2.jpg?fit=300%2C146&amp;ssl=1\" data-large-file=\"https:\/\/i0.wp.com\/www.shqiperia.com\/blog\/wp-content\/uploads\/2021\/11\/Zbulim-Arkeologjik-Ngjarje-e-Vitit-ne-Kosove.-2.jpg?fit=1024%2C498&amp;ssl=1\" class=\"alignnone wp-image-51753\" alt=\"\" src=\"https:\/\/i0.wp.com\/www.shqiperia.com\/blog\/wp-content\/uploads\/2021\/11\/Zbulim-Arkeologjik-Ngjarje-e-Vitit-ne-Kosove.-2.jpg?resize=586%2C285&#038;ssl=1\" width=\"586\" height=\"285\" srcset=\"https:\/\/i0.wp.com\/www.shqiperia.com\/blog\/wp-content\/uploads\/2021\/11\/Zbulim-Arkeologjik-Ngjarje-e-Vitit-ne-Kosove.-2.jpg?resize=300%2C146&amp;ssl=1 300w, https:\/\/i0.wp.com\/www.shqiperia.com\/blog\/wp-content\/uploads\/2021\/11\/Zbulim-Arkeologjik-Ngjarje-e-Vitit-ne-Kosove.-2.jpg?resize=1024%2C498&amp;ssl=1 1024w, https:\/\/i0.wp.com\/www.shqiperia.com\/blog\/wp-content\/uploads\/2021\/11\/Zbulim-Arkeologjik-Ngjarje-e-Vitit-ne-Kosove.-2.jpg?resize=768%2C374&amp;ssl=1 768w, https:\/\/i0.wp.com\/www.shqiperia.com\/blog\/wp-content\/uploads\/2021\/11\/Zbulim-Arkeologjik-Ngjarje-e-Vitit-ne-Kosove.-2.jpg?resize=1536%2C747&amp;ssl=1 1536w, https:\/\/i0.wp.com\/www.shqiperia.com\/blog\/wp-content\/uploads\/2021\/11\/Zbulim-Arkeologjik-Ngjarje-e-Vitit-ne-Kosove.-2.jpg?resize=2000%2C973&amp;ssl=1 2000w, https:\/\/i0.wp.com\/www.shqiperia.com\/blog\/wp-content\/uploads\/2021\/11\/Zbulim-Arkeologjik-Ngjarje-e-Vitit-ne-Kosove.-2.jpg?resize=450%2C219&amp;ssl=1 450w, https:\/\/i0.wp.com\/www.shqiperia.com\/blog\/wp-content\/uploads\/2021\/11\/Zbulim-Arkeologjik-Ngjarje-e-Vitit-ne-Kosove.-2.jpg?resize=600%2C292&amp;ssl=1 600w, https:\/\/i0.wp.com\/www.shqiperia.com\/blog\/wp-content\/uploads\/2021\/11\/Zbulim-Arkeologjik-Ngjarje-e-Vitit-ne-Kosove.-2.jpg?resize=1500%2C729&amp;ssl=1 1500w, https:\/\/i0.wp.com\/www.shqiperia.com\/blog\/wp-content\/uploads\/2021\/11\/Zbulim-Arkeologjik-Ngjarje-e-Vitit-ne-Kosove.-2.jpg?resize=1300%2C632&amp;ssl=1 1300w, https:\/\/i0.wp.com\/www.shqiperia.com\/blog\/wp-content\/uploads\/2021\/11\/Zbulim-Arkeologjik-Ngjarje-e-Vitit-ne-Kosove.-2.jpg?resize=400%2C195&amp;ssl=1 400w, https:\/\/i0.wp.com\/www.shqiperia.com\/blog\/wp-content\/uploads\/2021\/11\/Zbulim-Arkeologjik-Ngjarje-e-Vitit-ne-Kosove.-2.jpg?w=2048&amp;ssl=1 2048w\" sizes=\"auto, (max-width: 586px) 100vw, 586px\" \/><\/p>\n<p>Zbulim Arkeologjik- Ngjarje e Vitit ne Kosove.<\/p>\n<p>Qe sot Arkeologjia e Kosoves pasurohet me artefakte arkeologjike me vlere te jashtezakonshme.<\/p>\n<p><span>Objektet jane qjetur nga qytetari Haxhi Krasniqi ne fshatin Zhillovode te Vuhtrrise<\/span><\/p>\n<p>26 Nentor 2021<\/p>\n<p>Shenim nga Jaho Brahaj<\/p>\n<p>Nga veshtrimi i pare ne emisionin (video) qe jep RTK3 Kosove, artefaktet jane te periudhes se bronzit ose me te hershme, por cdo vleresim (saktesim) do e bejne specialistet arkeolog. Ne nje prej figurave dallohet kryqi i vendosur (gdhenur) ne ballin e nje figure antropomorfe ndoshta mijravecare me vone i eshte gdhendur kryqi, qe te kujton edhe raste te tjera kur ne periudhen e krishterimit vendoseshin keto shenja per ti shenjteruar ne besimin e ri te fese tone keto objekte para ilire e ilire.<\/p>\n<div id=\"attachment_51754\" style=\"width: 623px\" class=\"wp-caption alignnone\"><img data-recalc-dims=\"1\" loading=\"lazy\" decoding=\"async\" aria-describedby=\"caption-attachment-51754\" data-attachment-id=\"51754\" data-permalink=\"https:\/\/www.shqiperia.com\/blog\/zbulim-arkeologjik-ngjarje-e-vitit-ne-kosove\/zbulim-arkeologjik-ngjarje-e-vitit-ne-kosove-3\/\" data-orig-file=\"https:\/\/i0.wp.com\/www.shqiperia.com\/blog\/wp-content\/uploads\/2021\/11\/Zbulim-Arkeologjik-Ngjarje-e-Vitit-ne-Kosove.-3.jpg?fit=2048%2C1125&amp;ssl=1\" data-orig-size=\"2048,1125\" data-comments-opened=\"1\" data-image-meta=\"{&quot;aperture&quot;:&quot;0&quot;,&quot;credit&quot;:&quot;&quot;,&quot;camera&quot;:&quot;&quot;,&quot;caption&quot;:&quot;&quot;,&quot;created_timestamp&quot;:&quot;0&quot;,&quot;copyright&quot;:&quot;&quot;,&quot;focal_length&quot;:&quot;0&quot;,&quot;iso&quot;:&quot;0&quot;,&quot;shutter_speed&quot;:&quot;0&quot;,&quot;title&quot;:&quot;&quot;,&quot;orientation&quot;:&quot;0&quot;}\" data-image-title=\"Zbulim Arkeologjik- Ngjarje e Vitit ne Kosove. (3)\" data-image-description=\"\" data-image-caption=\"&lt;p&gt;Zbulim Arkeologjik- Ngjarje e Vitit ne Kosove. &lt;\/p&gt;\n\" data-medium-file=\"https:\/\/i0.wp.com\/www.shqiperia.com\/blog\/wp-content\/uploads\/2021\/11\/Zbulim-Arkeologjik-Ngjarje-e-Vitit-ne-Kosove.-3.jpg?fit=300%2C165&amp;ssl=1\" data-large-file=\"https:\/\/i0.wp.com\/www.shqiperia.com\/blog\/wp-content\/uploads\/2021\/11\/Zbulim-Arkeologjik-Ngjarje-e-Vitit-ne-Kosove.-3.jpg?fit=1024%2C563&amp;ssl=1\" class=\" wp-image-51754\" alt=\"\" src=\"https:\/\/i0.wp.com\/www.shqiperia.com\/blog\/wp-content\/uploads\/2021\/11\/Zbulim-Arkeologjik-Ngjarje-e-Vitit-ne-Kosove.-3.jpg?resize=613%2C339&#038;ssl=1\" width=\"613\" height=\"339\" srcset=\"https:\/\/i0.wp.com\/www.shqiperia.com\/blog\/wp-content\/uploads\/2021\/11\/Zbulim-Arkeologjik-Ngjarje-e-Vitit-ne-Kosove.-3.jpg?resize=300%2C165&amp;ssl=1 300w, https:\/\/i0.wp.com\/www.shqiperia.com\/blog\/wp-content\/uploads\/2021\/11\/Zbulim-Arkeologjik-Ngjarje-e-Vitit-ne-Kosove.-3.jpg?resize=400%2C220&amp;ssl=1 400w, https:\/\/i0.wp.com\/www.shqiperia.com\/blog\/wp-content\/uploads\/2021\/11\/Zbulim-Arkeologjik-Ngjarje-e-Vitit-ne-Kosove.-3.jpg?zoom=2&amp;resize=613%2C339&amp;ssl=1 1226w, https:\/\/i0.wp.com\/www.shqiperia.com\/blog\/wp-content\/uploads\/2021\/11\/Zbulim-Arkeologjik-Ngjarje-e-Vitit-ne-Kosove.-3.jpg?zoom=3&amp;resize=613%2C339&amp;ssl=1 1839w\" sizes=\"auto, (max-width: 613px) 100vw, 613px\" \/><p id=\"caption-attachment-51754\" class=\"wp-caption-text\">Zbulim Arkeologjik- Ngjarje e Vitit ne Kosove.<\/p><\/div>\n<div id=\"attachment_51755\" style=\"width: 632px\" class=\"wp-caption alignnone\"><img data-recalc-dims=\"1\" loading=\"lazy\" decoding=\"async\" aria-describedby=\"caption-attachment-51755\" data-attachment-id=\"51755\" data-permalink=\"https:\/\/www.shqiperia.com\/blog\/zbulim-arkeologjik-ngjarje-e-vitit-ne-kosove\/zbulim-arkeologjik-ngjarje-e-vitit-ne-kosove\/\" data-orig-file=\"https:\/\/i0.wp.com\/www.shqiperia.com\/blog\/wp-content\/uploads\/2021\/11\/Zbulim-Arkeologjik-Ngjarje-e-Vitit-ne-Kosove..jpg?fit=1563%2C1306&amp;ssl=1\" data-orig-size=\"1563,1306\" data-comments-opened=\"1\" data-image-meta=\"{&quot;aperture&quot;:&quot;0&quot;,&quot;credit&quot;:&quot;&quot;,&quot;camera&quot;:&quot;&quot;,&quot;caption&quot;:&quot;&quot;,&quot;created_timestamp&quot;:&quot;0&quot;,&quot;copyright&quot;:&quot;&quot;,&quot;focal_length&quot;:&quot;0&quot;,&quot;iso&quot;:&quot;0&quot;,&quot;shutter_speed&quot;:&quot;0&quot;,&quot;title&quot;:&quot;&quot;,&quot;orientation&quot;:&quot;0&quot;}\" data-image-title=\"Zbulim Arkeologjik- Ngjarje e Vitit ne Kosove.\" data-image-description=\"\" data-image-caption=\"&lt;p&gt;Zbulim Arkeologjik- Ngjarje e Vitit ne Kosove. &lt;\/p&gt;\n\" data-medium-file=\"https:\/\/i0.wp.com\/www.shqiperia.com\/blog\/wp-content\/uploads\/2021\/11\/Zbulim-Arkeologjik-Ngjarje-e-Vitit-ne-Kosove..jpg?fit=300%2C251&amp;ssl=1\" data-large-file=\"https:\/\/i0.wp.com\/www.shqiperia.com\/blog\/wp-content\/uploads\/2021\/11\/Zbulim-Arkeologjik-Ngjarje-e-Vitit-ne-Kosove..jpg?fit=1024%2C856&amp;ssl=1\" class=\" wp-image-51755\" alt=\"\" src=\"https:\/\/i0.wp.com\/www.shqiperia.com\/blog\/wp-content\/uploads\/2021\/11\/Zbulim-Arkeologjik-Ngjarje-e-Vitit-ne-Kosove..jpg?resize=622%2C520&#038;ssl=1\" width=\"622\" height=\"520\" srcset=\"https:\/\/i0.wp.com\/www.shqiperia.com\/blog\/wp-content\/uploads\/2021\/11\/Zbulim-Arkeologjik-Ngjarje-e-Vitit-ne-Kosove..jpg?resize=300%2C251&amp;ssl=1 300w, https:\/\/i0.wp.com\/www.shqiperia.com\/blog\/wp-content\/uploads\/2021\/11\/Zbulim-Arkeologjik-Ngjarje-e-Vitit-ne-Kosove..jpg?resize=1024%2C856&amp;ssl=1 1024w, https:\/\/i0.wp.com\/www.shqiperia.com\/blog\/wp-content\/uploads\/2021\/11\/Zbulim-Arkeologjik-Ngjarje-e-Vitit-ne-Kosove..jpg?resize=768%2C642&amp;ssl=1 768w, https:\/\/i0.wp.com\/www.shqiperia.com\/blog\/wp-content\/uploads\/2021\/11\/Zbulim-Arkeologjik-Ngjarje-e-Vitit-ne-Kosove..jpg?resize=1536%2C1283&amp;ssl=1 1536w, https:\/\/i0.wp.com\/www.shqiperia.com\/blog\/wp-content\/uploads\/2021\/11\/Zbulim-Arkeologjik-Ngjarje-e-Vitit-ne-Kosove..jpg?resize=450%2C376&amp;ssl=1 450w, https:\/\/i0.wp.com\/www.shqiperia.com\/blog\/wp-content\/uploads\/2021\/11\/Zbulim-Arkeologjik-Ngjarje-e-Vitit-ne-Kosove..jpg?resize=600%2C501&amp;ssl=1 600w, https:\/\/i0.wp.com\/www.shqiperia.com\/blog\/wp-content\/uploads\/2021\/11\/Zbulim-Arkeologjik-Ngjarje-e-Vitit-ne-Kosove..jpg?resize=1500%2C1253&amp;ssl=1 1500w, https:\/\/i0.wp.com\/www.shqiperia.com\/blog\/wp-content\/uploads\/2021\/11\/Zbulim-Arkeologjik-Ngjarje-e-Vitit-ne-Kosove..jpg?resize=1300%2C1086&amp;ssl=1 1300w, https:\/\/i0.wp.com\/www.shqiperia.com\/blog\/wp-content\/uploads\/2021\/11\/Zbulim-Arkeologjik-Ngjarje-e-Vitit-ne-Kosove..jpg?resize=400%2C334&amp;ssl=1 400w, https:\/\/i0.wp.com\/www.shqiperia.com\/blog\/wp-content\/uploads\/2021\/11\/Zbulim-Arkeologjik-Ngjarje-e-Vitit-ne-Kosove..jpg?w=1563&amp;ssl=1 1563w\" sizes=\"auto, (max-width: 622px) 100vw, 622px\" \/><p id=\"caption-attachment-51755\" class=\"wp-caption-text\">Zbulim Arkeologjik- Ngjarje e Vitit ne Kosove.<\/p><\/div>\n<p>Fotot jane nga video e paraqitur nga RTK3. Objektet jane qjetur nga qytetari Haxhi Krasniqi ne fshatin Zhillovode te Vushtrrise. Zbulm I rastesishem dhe i dorzon ne institucionet shteterore te Kosoves.<\/p>\n<div id=\"attachment_51757\" style=\"width: 830px\" class=\"wp-caption alignnone\"><img data-recalc-dims=\"1\" loading=\"lazy\" decoding=\"async\" aria-describedby=\"caption-attachment-51757\" data-attachment-id=\"51757\" data-permalink=\"https:\/\/www.shqiperia.com\/blog\/zbulim-arkeologjik-ngjarje-e-vitit-ne-kosove\/qytetari-haxhi-krasniqi-zbuloi-ne-fshatin-zhillovode-te-vuhtrrise-artefakte-te-jashtezakonshme-arkeologjike\/\" data-orig-file=\"https:\/\/i0.wp.com\/www.shqiperia.com\/blog\/wp-content\/uploads\/2021\/11\/Qytetari-Haxhi-Krasniqi-zbuloi-ne-fshatin-Zhillovode-te-Vuhtrrise-Artefakte-te-jashtezakonshme-Arkeologjike.jpg?fit=960%2C530&amp;ssl=1\" data-orig-size=\"960,530\" data-comments-opened=\"1\" data-image-meta=\"{&quot;aperture&quot;:&quot;0&quot;,&quot;credit&quot;:&quot;&quot;,&quot;camera&quot;:&quot;&quot;,&quot;caption&quot;:&quot;&quot;,&quot;created_timestamp&quot;:&quot;0&quot;,&quot;copyright&quot;:&quot;&quot;,&quot;focal_length&quot;:&quot;0&quot;,&quot;iso&quot;:&quot;0&quot;,&quot;shutter_speed&quot;:&quot;0&quot;,&quot;title&quot;:&quot;&quot;,&quot;orientation&quot;:&quot;0&quot;}\" data-image-title=\"Qytetari Haxhi Krasniqi zbuloi ne fshatin Zhillovode te Vuhtrrise Artefakte te jashtezakonshme Arkeologjike\" data-image-description=\"\" data-image-caption=\"&lt;p&gt;Qytetari Haxhi Krasniqi zbuloi ne fshatin Zhillovode te Vuhtrrise Artefakte te jashtezakonshme Arkeologjike&lt;\/p&gt;\n\" data-medium-file=\"https:\/\/i0.wp.com\/www.shqiperia.com\/blog\/wp-content\/uploads\/2021\/11\/Qytetari-Haxhi-Krasniqi-zbuloi-ne-fshatin-Zhillovode-te-Vuhtrrise-Artefakte-te-jashtezakonshme-Arkeologjike.jpg?fit=300%2C166&amp;ssl=1\" data-large-file=\"https:\/\/i0.wp.com\/www.shqiperia.com\/blog\/wp-content\/uploads\/2021\/11\/Qytetari-Haxhi-Krasniqi-zbuloi-ne-fshatin-Zhillovode-te-Vuhtrrise-Artefakte-te-jashtezakonshme-Arkeologjike.jpg?fit=960%2C530&amp;ssl=1\" class=\" wp-image-51757\" alt=\"\" src=\"https:\/\/i0.wp.com\/www.shqiperia.com\/blog\/wp-content\/uploads\/2021\/11\/Qytetari-Haxhi-Krasniqi-zbuloi-ne-fshatin-Zhillovode-te-Vuhtrrise-Artefakte-te-jashtezakonshme-Arkeologjike.jpg?resize=820%2C454&#038;ssl=1\" width=\"820\" height=\"454\" srcset=\"https:\/\/i0.wp.com\/www.shqiperia.com\/blog\/wp-content\/uploads\/2021\/11\/Qytetari-Haxhi-Krasniqi-zbuloi-ne-fshatin-Zhillovode-te-Vuhtrrise-Artefakte-te-jashtezakonshme-Arkeologjike.jpg?resize=300%2C166&amp;ssl=1 300w, https:\/\/i0.wp.com\/www.shqiperia.com\/blog\/wp-content\/uploads\/2021\/11\/Qytetari-Haxhi-Krasniqi-zbuloi-ne-fshatin-Zhillovode-te-Vuhtrrise-Artefakte-te-jashtezakonshme-Arkeologjike.jpg?resize=768%2C424&amp;ssl=1 768w, https:\/\/i0.wp.com\/www.shqiperia.com\/blog\/wp-content\/uploads\/2021\/11\/Qytetari-Haxhi-Krasniqi-zbuloi-ne-fshatin-Zhillovode-te-Vuhtrrise-Artefakte-te-jashtezakonshme-Arkeologjike.jpg?resize=450%2C248&amp;ssl=1 450w, https:\/\/i0.wp.com\/www.shqiperia.com\/blog\/wp-content\/uploads\/2021\/11\/Qytetari-Haxhi-Krasniqi-zbuloi-ne-fshatin-Zhillovode-te-Vuhtrrise-Artefakte-te-jashtezakonshme-Arkeologjike.jpg?resize=600%2C331&amp;ssl=1 600w, https:\/\/i0.wp.com\/www.shqiperia.com\/blog\/wp-content\/uploads\/2021\/11\/Qytetari-Haxhi-Krasniqi-zbuloi-ne-fshatin-Zhillovode-te-Vuhtrrise-Artefakte-te-jashtezakonshme-Arkeologjike.jpg?resize=400%2C221&amp;ssl=1 400w, https:\/\/i0.wp.com\/www.shqiperia.com\/blog\/wp-content\/uploads\/2021\/11\/Qytetari-Haxhi-Krasniqi-zbuloi-ne-fshatin-Zhillovode-te-Vuhtrrise-Artefakte-te-jashtezakonshme-Arkeologjike.jpg?w=960&amp;ssl=1 960w\" sizes=\"auto, (max-width: 820px) 100vw, 820px\" \/><p id=\"caption-attachment-51757\" class=\"wp-caption-text\">Qytetari Haxhi Krasniqi zbuloi ne fshatin Zhillovode te Vuhtrrise Artefakte te jashtezakonshme Arkeologjike<\/p><\/div>\n<p>Nje ngjarje e tille duhet te vleresoj aktin qytetar nga Institucionet me te larta shteterore dhe shkencore te Kosoves. Nuk kemi besim.<\/p>\n","protected":false},"excerpt":{"rendered":"<p>Zbulim Arkeologjik- Ngjarje e Vitit ne Kosove. Qe sot Arkeologjia e Kosoves pasurohet me artefakte arkeologjike me vlere te jashtezakonshme. Objektet jane qjetur nga qytetari Haxhi Krasniqi ne fshatin Zhillovode te Vuhtrrise 26 Nentor 2021 Shenim nga Jaho Brahaj Nga veshtrimi i pare ne emisionin (video) qe jep RTK3 Kosove, artefaktet jane te periudhes se [&hellip;]<\/p>\n","protected":false},"author":9,"featured_media":51753,"comment_status":"open","ping_status":"open","sticky":false,"template":"","format":"standard","meta":{"jetpack_post_was_ever_published":false,"_jetpack_newsletter_access":"","_jetpack_dont_email_post_to_subs":false,"_jetpack_newsletter_tier_id":0,"_jetpack_memberships_contains_paywalled_content":false,"_jetpack_memberships_contains_paid_content":false,"footnotes":"","jetpack_publicize_message":"","jetpack_publicize_feature_enabled":true,"jetpack_social_post_already_shared":true,"jetpack_social_options":{"image_generator_settings":{"template":"highway","default_image_id":0,"font":"","enabled":false},"version":2}},"categories":[87,85,10,1,86],"tags":[],"class_list":["post-51752","post","type-post","status-publish","format-standard","has-post-thumbnail","hentry","category-arte","category-histori","category-kultura","category-njoftime-shtypi","category-trashegimi-kulturore"],"jetpack_publicize_connections":[],"jetpack_featured_media_url":"https:\/\/i0.wp.com\/www.shqiperia.com\/blog\/wp-content\/uploads\/2021\/11\/Zbulim-Arkeologjik-Ngjarje-e-Vitit-ne-Kosove.-2.jpg?fit=2048%2C996&ssl=1","jetpack_sharing_enabled":true,"jetpack_shortlink":"https:\/\/wp.me\/p5Z6wp-dsI","jetpack-related-posts":[{"id":105625,"url":"https:\/\/www.shqiperia.com\/blog\/resorti-tek-gjiri-i-manastirit-shkaterroi-potencialin-arkeologjik-te-parkut-te-butrintit\/","url_meta":{"origin":51752,"position":0},"title":"Resorti tek Gjiri i Manastirit shkat\u00ebrroi potencialin arkeologjik t\u00eb Parkut t\u00eb Butrintit","author":"Kurt Farka","date":"September 1, 2026","format":false,"excerpt":"1 Shtator 2026 Nd\u00ebrtimi i nj\u00eb resorti e transformoi p\u00ebrgjithmon\u00eb Gjirin e Manastirit, q\u00eb ndan Detin Jon me Liqenin e Butrintit dhe nga ana tjet\u00ebr shkat\u00ebrroi potencialin arkeologjik t\u00eb zon\u00ebs, p\u00ebrfshir\u00eb nj\u00eb zbulim t\u00eb vitit 2010. Kompania nuk respektoi monitorimin arkeologjik dhe u gjet n\u00eb shkelje nga nj\u00eb vler\u00ebsim i\u2026","rel":"","context":"In &quot;Histori&quot;","block_context":{"text":"Histori","link":"https:\/\/www.shqiperia.com\/blog\/category\/histori\/"},"img":{"alt_text":"","src":"https:\/\/i0.wp.com\/www.shqiperia.com\/blog\/wp-content\/uploads\/2026\/09\/Gjurma-e-zbulimit-arkeologjik-te%CC%88-vitit-2010.-Foto-nga-raporti-i-ish-Agjencise%CC%88-se%CC%88-She%CC%88rbimit-Arkeologjik-1.png?fit=1200%2C800&ssl=1&resize=350%2C200","width":350,"height":200,"srcset":"https:\/\/i0.wp.com\/www.shqiperia.com\/blog\/wp-content\/uploads\/2026\/09\/Gjurma-e-zbulimit-arkeologjik-te%CC%88-vitit-2010.-Foto-nga-raporti-i-ish-Agjencise%CC%88-se%CC%88-She%CC%88rbimit-Arkeologjik-1.png?fit=1200%2C800&ssl=1&resize=350%2C200 1x, https:\/\/i0.wp.com\/www.shqiperia.com\/blog\/wp-content\/uploads\/2026\/09\/Gjurma-e-zbulimit-arkeologjik-te%CC%88-vitit-2010.-Foto-nga-raporti-i-ish-Agjencise%CC%88-se%CC%88-She%CC%88rbimit-Arkeologjik-1.png?fit=1200%2C800&ssl=1&resize=525%2C300 1.5x, https:\/\/i0.wp.com\/www.shqiperia.com\/blog\/wp-content\/uploads\/2026\/09\/Gjurma-e-zbulimit-arkeologjik-te%CC%88-vitit-2010.-Foto-nga-raporti-i-ish-Agjencise%CC%88-se%CC%88-She%CC%88rbimit-Arkeologjik-1.png?fit=1200%2C800&ssl=1&resize=700%2C400 2x, https:\/\/i0.wp.com\/www.shqiperia.com\/blog\/wp-content\/uploads\/2026\/09\/Gjurma-e-zbulimit-arkeologjik-te%CC%88-vitit-2010.-Foto-nga-raporti-i-ish-Agjencise%CC%88-se%CC%88-She%CC%88rbimit-Arkeologjik-1.png?fit=1200%2C800&ssl=1&resize=1050%2C600 3x"},"classes":[]},{"id":100728,"url":"https:\/\/www.shqiperia.com\/blog\/shpella-ilire-ne-kroaci-nxjerr-masken-teatrore-rreth-2400-vjecare\/","url_meta":{"origin":51752,"position":1},"title":"Shpella ilire n\u00eb Kroaci nxjerr mask\u00ebn teatrore rreth 2400-vje\u00e7are","author":"Kurt Farka","date":"May 29, 2026","format":false,"excerpt":"29 Maji 2026 Lokaliteti i njohur arkeologjik i periudh\u00ebs ilire, i njohur si shpella \u201cLiqeni i zi\u201d af\u00ebr Dobrovnikut, ka nxjerr\u00eb nj\u00eb mask\u00eb prej terrakote e cila daton nga shekulli IV deri n\u00eb shekullin III para er\u00ebs son\u00eb. Sipas autoriteteve kroate, paraqet nj\u00eb mask\u00eb teatrale greke. N\u00eb pjes\u00ebn e sip\u00ebrme\u2026","rel":"","context":"In &quot;Arte&quot;","block_context":{"text":"Arte","link":"https:\/\/www.shqiperia.com\/blog\/category\/arte\/"},"img":{"alt_text":"","src":"https:\/\/i0.wp.com\/www.shqiperia.com\/blog\/wp-content\/uploads\/2026\/05\/Maska-Ilire-zbulohet-ne-Kroaci.webp?fit=768%2C870&ssl=1&resize=350%2C200","width":350,"height":200,"srcset":"https:\/\/i0.wp.com\/www.shqiperia.com\/blog\/wp-content\/uploads\/2026\/05\/Maska-Ilire-zbulohet-ne-Kroaci.webp?fit=768%2C870&ssl=1&resize=350%2C200 1x, https:\/\/i0.wp.com\/www.shqiperia.com\/blog\/wp-content\/uploads\/2026\/05\/Maska-Ilire-zbulohet-ne-Kroaci.webp?fit=768%2C870&ssl=1&resize=525%2C300 1.5x, https:\/\/i0.wp.com\/www.shqiperia.com\/blog\/wp-content\/uploads\/2026\/05\/Maska-Ilire-zbulohet-ne-Kroaci.webp?fit=768%2C870&ssl=1&resize=700%2C400 2x"},"classes":[]},{"id":104965,"url":"https:\/\/www.shqiperia.com\/blog\/zbulim-i-rralle-ne-nju-jork-5-5-milione-blete-fshiheshin-nen-token-e-nje-varreze\/","url_meta":{"origin":51752,"position":2},"title":"Zbulim i rrall\u00eb n\u00eb Nju Jork, 5.5 milion\u00eb blet\u00eb fshiheshin n\u00ebn tok\u00ebn e nj\u00eb varreze","author":"Kurt Farka","date":"August 22, 2026","format":false,"excerpt":"22 Gusht 2026 Rachel Fordyce dikur kursente para duke parkuar n\u00eb East Hill Plaza t\u00eb Ithaca-s dhe duke kaluar n\u00eb k\u00ebmb\u00eb p\u00ebrmes East Lawn Cemetery, gjat\u00eb rrug\u00ebs p\u00ebr n\u00eb pun\u00eb n\u00eb nj\u00eb laborator t\u00eb entomologjis\u00eb n\u00eb Universitetin Cornell. Gjat\u00eb nj\u00eb sh\u00ebtitjeje n\u00eb pranver\u00ebn e vitit 2022, ajo vuri re di\u00e7ka\u2026","rel":"","context":"In &quot;Blogu i Udh\u00ebtarit&quot;","block_context":{"text":"Blogu i Udh\u00ebtarit","link":"https:\/\/www.shqiperia.com\/blog\/category\/blogu-i-udhetarit\/"},"img":{"alt_text":"","src":"https:\/\/i0.wp.com\/www.shqiperia.com\/blog\/wp-content\/uploads\/2026\/08\/a-e-dini-se-bletet-komunikojne-permes-nje-vallezimi-te-vecante-per-te-treguar-vendndodhjen-e-luleve.webp?fit=1200%2C800&ssl=1&resize=350%2C200","width":350,"height":200,"srcset":"https:\/\/i0.wp.com\/www.shqiperia.com\/blog\/wp-content\/uploads\/2026\/08\/a-e-dini-se-bletet-komunikojne-permes-nje-vallezimi-te-vecante-per-te-treguar-vendndodhjen-e-luleve.webp?fit=1200%2C800&ssl=1&resize=350%2C200 1x, https:\/\/i0.wp.com\/www.shqiperia.com\/blog\/wp-content\/uploads\/2026\/08\/a-e-dini-se-bletet-komunikojne-permes-nje-vallezimi-te-vecante-per-te-treguar-vendndodhjen-e-luleve.webp?fit=1200%2C800&ssl=1&resize=525%2C300 1.5x, https:\/\/i0.wp.com\/www.shqiperia.com\/blog\/wp-content\/uploads\/2026\/08\/a-e-dini-se-bletet-komunikojne-permes-nje-vallezimi-te-vecante-per-te-treguar-vendndodhjen-e-luleve.webp?fit=1200%2C800&ssl=1&resize=700%2C400 2x, https:\/\/i0.wp.com\/www.shqiperia.com\/blog\/wp-content\/uploads\/2026\/08\/a-e-dini-se-bletet-komunikojne-permes-nje-vallezimi-te-vecante-per-te-treguar-vendndodhjen-e-luleve.webp?fit=1200%2C800&ssl=1&resize=1050%2C600 3x"},"classes":[]},{"id":103253,"url":"https:\/\/www.shqiperia.com\/blog\/poloni-po-ecte-ne-pyll-dhe-gjeti-nje-shpate-2700-vjecare-te-ngulur-drejt-ne-toke\/","url_meta":{"origin":51752,"position":3},"title":"Poloni &#8211; Po ecte n\u00eb pyll dhe gjeti nj\u00eb shpat\u00eb 2,700-vje\u00e7are t\u00eb ngulur drejt n\u00eb tok\u00eb","author":"Kurt Farka","date":"July 26, 2026","format":false,"excerpt":"]26 Korrik 2026 Nj\u00eb zbulim i jasht\u00ebzakonsh\u00ebm arkeologjik ka habitur studiuesit n\u00eb Poloni, pasi nj\u00eb burr\u00eb q\u00eb po k\u00ebrkonte me detektor metalesh n\u00eb nj\u00eb pyll pran\u00eb Gdanskut zbuloi nj\u00eb shpat\u00eb bronzi rreth 2700-vje\u00e7are, t\u00eb vendosur n\u00eb m\u00ebnyr\u00eb t\u00eb pazakont\u00eb drejt n\u00eb tok\u00eb. Zbuluesi amator po kryente nj\u00eb k\u00ebrkim rutin\u00eb kur\u2026","rel":"","context":"In &quot;Blogu i Udh\u00ebtarit&quot;","block_context":{"text":"Blogu i Udh\u00ebtarit","link":"https:\/\/www.shqiperia.com\/blog\/category\/blogu-i-udhetarit\/"},"img":{"alt_text":"","src":"https:\/\/i0.wp.com\/www.shqiperia.com\/blog\/wp-content\/uploads\/2026\/07\/shpata-1.jpg?fit=782%2C430&ssl=1&resize=350%2C200","width":350,"height":200,"srcset":"https:\/\/i0.wp.com\/www.shqiperia.com\/blog\/wp-content\/uploads\/2026\/07\/shpata-1.jpg?fit=782%2C430&ssl=1&resize=350%2C200 1x, https:\/\/i0.wp.com\/www.shqiperia.com\/blog\/wp-content\/uploads\/2026\/07\/shpata-1.jpg?fit=782%2C430&ssl=1&resize=525%2C300 1.5x, https:\/\/i0.wp.com\/www.shqiperia.com\/blog\/wp-content\/uploads\/2026\/07\/shpata-1.jpg?fit=782%2C430&ssl=1&resize=700%2C400 2x"},"classes":[]},{"id":103066,"url":"https:\/\/www.shqiperia.com\/blog\/stuhia-e-fuqishme-mberthen-shqiperine-pushuesit-largohen-me-vrap-nga-lungomarja-ne-vlore-situate-e-veshtire-edhe-ne-kosove-e-maqedonine-e-veriut\/","url_meta":{"origin":51752,"position":4},"title":"Stuhia e fuqishme \u201cmb\u00ebrthen\u201d Shqip\u00ebrin\u00eb, pushuesit largohen me vrap nga Lungomarja n\u00eb Vlor\u00eb. Situat\u00eb e v\u00ebshtir\u00eb edhe n\u00eb Kosov\u00eb e Maqedonin\u00eb e Veriut","author":"Kurt Farka","date":"July 22, 2026","format":false,"excerpt":"22 Korrik 2026 Ashtu si\u00e7 ishte paralajm\u00ebruar, nj\u00eb stuhi e fuqishme ka mb\u00ebrritur n\u00eb Shqip\u00ebri dhe vendet fqinje. Era e fort\u00eb p\u00ebrfshiu mbr\u00ebmjen e t\u00eb mart\u00ebs qytetin e Vlor\u00ebs, duke shkaktuar probleme n\u00eb zona t\u00eb ndryshme, nd\u00ebrsa qytetar\u00ebt dhe pushuesit u larguan me shpejt\u00ebsi nga bregdeti, p\u00ebr shkak t\u00eb rrezikut\u2026","rel":"","context":"In &quot;Blogu i Udh\u00ebtarit&quot;","block_context":{"text":"Blogu i Udh\u00ebtarit","link":"https:\/\/www.shqiperia.com\/blog\/category\/blogu-i-udhetarit\/"},"img":{"alt_text":"","src":"https:\/\/i0.wp.com\/www.shqiperia.com\/blog\/wp-content\/uploads\/2026\/07\/01468870-f736-44ea-9dcc-9011430808c9_sd-800x450-1.webp?fit=800%2C450&ssl=1&resize=350%2C200","width":350,"height":200,"srcset":"https:\/\/i0.wp.com\/www.shqiperia.com\/blog\/wp-content\/uploads\/2026\/07\/01468870-f736-44ea-9dcc-9011430808c9_sd-800x450-1.webp?fit=800%2C450&ssl=1&resize=350%2C200 1x, https:\/\/i0.wp.com\/www.shqiperia.com\/blog\/wp-content\/uploads\/2026\/07\/01468870-f736-44ea-9dcc-9011430808c9_sd-800x450-1.webp?fit=800%2C450&ssl=1&resize=525%2C300 1.5x, https:\/\/i0.wp.com\/www.shqiperia.com\/blog\/wp-content\/uploads\/2026\/07\/01468870-f736-44ea-9dcc-9011430808c9_sd-800x450-1.webp?fit=800%2C450&ssl=1&resize=700%2C400 2x"},"classes":[]},{"id":103358,"url":"https:\/\/www.shqiperia.com\/blog\/varreze-masive-ne-zubin-potok-germime-ne-fshatin-kalluder-ne-kosove-policia-ndalon-dy-persona\/","url_meta":{"origin":51752,"position":5},"title":"Varrez\u00eb masive n\u00eb Zubin Potok? G\u00ebrmime n\u00eb fshatin Kallud\u00ebr n\u00eb Kosov\u00eb, policia ndalon dy persona","author":"Kurt Farka","date":"July 28, 2026","format":false,"excerpt":"28 Korrik 2026 N\u00eb fshatin Kallud\u00ebr t\u00eb Zubin Potokut, autoritetet kan\u00eb nisur g\u00ebrmimet pas ngritjes s\u00eb dyshimeve p\u00ebr varrez\u00eb masive nga lufta n\u00eb Kosov\u00eb. N\u00eb terren jan\u00eb angazhuar ekipet e Institutit t\u00eb Mjek\u00ebsis\u00eb Ligjore q\u00eb kan\u00eb kryer g\u00ebrmimet dhe ekzaminimet forenzike. Nd\u00ebrkoh\u00eb p\u00ebr shkaqe sigurie n\u00eb vendngjarje jan\u00eb paraqitur edhe\u2026","rel":"","context":"In &quot;Blogu i Udh\u00ebtarit&quot;","block_context":{"text":"Blogu i Udh\u00ebtarit","link":"https:\/\/www.shqiperia.com\/blog\/category\/blogu-i-udhetarit\/"},"img":{"alt_text":"","src":"https:\/\/i0.wp.com\/www.shqiperia.com\/blog\/wp-content\/uploads\/2026\/07\/germime-800x450-1.webp?fit=800%2C450&ssl=1&resize=350%2C200","width":350,"height":200,"srcset":"https:\/\/i0.wp.com\/www.shqiperia.com\/blog\/wp-content\/uploads\/2026\/07\/germime-800x450-1.webp?fit=800%2C450&ssl=1&resize=350%2C200 1x, https:\/\/i0.wp.com\/www.shqiperia.com\/blog\/wp-content\/uploads\/2026\/07\/germime-800x450-1.webp?fit=800%2C450&ssl=1&resize=525%2C300 1.5x, https:\/\/i0.wp.com\/www.shqiperia.com\/blog\/wp-content\/uploads\/2026\/07\/germime-800x450-1.webp?fit=800%2C450&ssl=1&resize=700%2C400 2x"},"classes":[]}],"_links":{"self":[{"href":"https:\/\/www.shqiperia.com\/blog\/wp-json\/wp\/v2\/posts\/51752","targetHints":{"allow":["GET"]}}],"collection":[{"href":"https:\/\/www.shqiperia.com\/blog\/wp-json\/wp\/v2\/posts"}],"about":[{"href":"https:\/\/www.shqiperia.com\/blog\/wp-json\/wp\/v2\/types\/post"}],"author":[{"embeddable":true,"href":"https:\/\/www.shqiperia.com\/blog\/wp-json\/wp\/v2\/users\/9"}],"replies":[{"embeddable":true,"href":"https:\/\/www.shqiperia.com\/blog\/wp-json\/wp\/v2\/comments?post=51752"}],"version-history":[{"count":6,"href":"https:\/\/www.shqiperia.com\/blog\/wp-json\/wp\/v2\/posts\/51752\/revisions"}],"predecessor-version":[{"id":51766,"href":"https:\/\/www.shqiperia.com\/blog\/wp-json\/wp\/v2\/posts\/51752\/revisions\/51766"}],"wp:featuredmedia":[{"embeddable":true,"href":"https:\/\/www.shqiperia.com\/blog\/wp-json\/wp\/v2\/media\/51753"}],"wp:attachment":[{"href":"https:\/\/www.shqiperia.com\/blog\/wp-json\/wp\/v2\/media?parent=51752"}],"wp:term":[{"taxonomy":"category","embeddable":true,"href":"https:\/\/www.shqiperia.com\/blog\/wp-json\/wp\/v2\/categories?post=51752"},{"taxonomy":"post_tag","embeddable":true,"href":"https:\/\/www.shqiperia.com\/blog\/wp-json\/wp\/v2\/tags?post=51752"}],"curies":[{"name":"wp","href":"https:\/\/api.w.org\/{rel}","templated":true}]}}