{"id":514,"date":"2018-01-06T14:33:58","date_gmt":"2018-01-06T14:33:58","guid":{"rendered":"http:\/\/www.shqiperia.com\/blog\/?p=514"},"modified":"2018-01-06T14:33:58","modified_gmt":"2018-01-06T14:33:58","slug":"kush-shperdoron-ne-menyre-kriminale-pasurite-tona","status":"publish","type":"post","link":"https:\/\/www.shqiperia.com\/blog\/kush-shperdoron-ne-menyre-kriminale-pasurite-tona\/","title":{"rendered":"KUSH I SHP\u00cbRDORON N\u00cb M\u00cbNYR\u00cb KRIMINALE PASURIT\u00cb TONA?"},"content":{"rendered":"<p><strong> <img data-recalc-dims=\"1\" loading=\"lazy\" decoding=\"async\" data-attachment-id=\"517\" data-permalink=\"https:\/\/www.shqiperia.com\/blog\/kush-shperdoron-ne-menyre-kriminale-pasurite-tona\/fuga-1\/\" data-orig-file=\"https:\/\/i0.wp.com\/www.shqiperia.com\/blog\/wp-content\/uploads\/2018\/01\/fuga-1.jpg?fit=1280%2C720&amp;ssl=1\" data-orig-size=\"1280,720\" data-comments-opened=\"1\" data-image-meta=\"{&quot;aperture&quot;:&quot;0&quot;,&quot;credit&quot;:&quot;&quot;,&quot;camera&quot;:&quot;&quot;,&quot;caption&quot;:&quot;&quot;,&quot;created_timestamp&quot;:&quot;0&quot;,&quot;copyright&quot;:&quot;&quot;,&quot;focal_length&quot;:&quot;0&quot;,&quot;iso&quot;:&quot;0&quot;,&quot;shutter_speed&quot;:&quot;0&quot;,&quot;title&quot;:&quot;&quot;,&quot;orientation&quot;:&quot;0&quot;}\" data-image-title=\"fuga-1\" data-image-description=\"\" data-image-caption=\"\" data-medium-file=\"https:\/\/i0.wp.com\/www.shqiperia.com\/blog\/wp-content\/uploads\/2018\/01\/fuga-1.jpg?fit=300%2C169&amp;ssl=1\" data-large-file=\"https:\/\/i0.wp.com\/www.shqiperia.com\/blog\/wp-content\/uploads\/2018\/01\/fuga-1.jpg?fit=1024%2C576&amp;ssl=1\" class=\"alignnone  wp-image-517\" alt=\"\" src=\"https:\/\/i0.wp.com\/www.shqiperia.com\/blog\/wp-content\/uploads\/2018\/01\/fuga-1-300x169.jpg?resize=676%2C381\" width=\"676\" height=\"381\" srcset=\"https:\/\/i0.wp.com\/www.shqiperia.com\/blog\/wp-content\/uploads\/2018\/01\/fuga-1.jpg?resize=300%2C169&amp;ssl=1 300w, https:\/\/i0.wp.com\/www.shqiperia.com\/blog\/wp-content\/uploads\/2018\/01\/fuga-1.jpg?resize=768%2C432&amp;ssl=1 768w, https:\/\/i0.wp.com\/www.shqiperia.com\/blog\/wp-content\/uploads\/2018\/01\/fuga-1.jpg?resize=1024%2C576&amp;ssl=1 1024w, https:\/\/i0.wp.com\/www.shqiperia.com\/blog\/wp-content\/uploads\/2018\/01\/fuga-1.jpg?w=1280&amp;ssl=1 1280w\" sizes=\"auto, (max-width: 676px) 100vw, 676px\" \/><\/strong><\/p>\n<p><strong>Nga Artan FUGA<\/strong><\/p>\n<p>Ne themi se jemi popull i varf\u00ebr??? Ju g\u00ebnjejn\u00eb budallenj! Hapim syt\u00eb mos b\u00ebhemi debila!<\/p>\n<p>Ne shp\u00ebrdorojm\u00eb t\u00eb gjitha pasurit\u00eb tona si t\u00eb ishim ostrogot\u00ebt q\u00eb rrafshuan perandorin\u00eb romake, si t\u00eb ishim karakaleca q\u00eb rr\u00ebnojm\u00eb drith\u00ebrat n\u00eb fusha, si t\u00eb ishim t\u00eb dehur q\u00eb kthehemi n\u00eb sht\u00ebpi dhe thyejm\u00eb televizorin, lavatri\u00e7en, frigoriferin\u2026<\/p>\n<div class=\"text_exposed_show\">\n<p>Kush paguan qindra miliona euro gjoja p\u00ebr arsimim dhe nxjerr t\u00eb papun\u00eb q\u00eb sipas t\u00eb gjitha eksperimenteve i harrojn\u00eb brenda shtat\u00eb ose tet\u00eb vjet\u00ebsh gjith\u00e7ka kan\u00eb m\u00ebsuar? Apo nuk len\u00eb lubit\u00eb private q\u00eb kan\u00eb kapur p\u00ebr fyti politik\u00ebn, edhe shumic\u00ebn edhe opozit\u00ebn?<\/p>\n<p>Kush paguan miliarda p\u00ebr t\u2019u ngrohur me elektrik individual dhe folur vet\u00ebm n\u00eb telefona celular\u00eb kur fare mir\u00eb mund t\u00eb b\u00ebhet t\u00eb ngrohemi me naft\u00eb a gaz dhe t\u00eb flasim 70 p\u00ebrqind t\u00eb koh\u00ebs me telefoni fikse si kombet e p\u00ebrparuar? Apo nuk na l\u00ebn\u00eb kompanit\u00eb e celular\u00ebve?<\/p>\n<p>Kush humbet qindra milion\u00eb n\u00eb vit p\u00ebr frekuenca televizive q\u00eb transmetojn\u00eb intoks politik dhe reklama me seks n\u00eb vend t\u2019ua japi me qira telekomunikacioneve t\u00eb huaja p\u00ebr t\u00eb grir\u00eb par\u00e0?<\/p>\n<p>Kush e le ujin e maleve t\u00eb derdhet kot dhe diellin t\u00eb shkoj\u00eb kot n\u00eb vend t\u00eb prodhoj\u00eb ngrohje dhe pastaj harxhojm\u00eb miliona kilovator\u00eb p\u00ebr ta sjell\u00eb ujin me motopompa?<\/p>\n<p>Kush i le arat pa punuar sepse nuk ka mb\u00ebshtetje nga shteti, kush i l\u00eb kullotat pa bag\u00ebti, kush e le detin pa kapur peshk q\u00eb mendon shyqyr sa budallenj jan\u00eb shqiptar\u00ebt?<\/p>\n<p>Kush b\u00ebn investime milona eurosh\u00ebshe p\u00ebr t\u00eb rregulluar zyra, korridore dikasteresh pa asnj\u00eb transparenc\u00eb a thua se nuk jan\u00eb zyra sh\u00ebrbimesh, por kabare?<\/p>\n<p>Kush harxhon miliarda p\u00ebr karburante me \u00e7mime stratosferike sepse e ka l\u00ebn\u00eb transportin hekurudhor dhe detar n\u00eb pik\u00eb t\u00eb hallit?<\/p>\n<p>Kush harxhon miliona euro p\u00ebr fushata elektorale n\u00eb media dhe n\u00eb rrug\u00eb dhe nd\u00ebrkoh\u00eb radiotelevizioni publik qendron kot duke marr\u00eb rroga e paguar ne taksa p\u00ebr televizione q\u00eb nuk i shohim?<\/p>\n<p>Pa fund.<\/p>\n<p>Dhe nuk kemi medikamente p\u00ebr njer\u00ebzit me tumore duke i l\u00ebn\u00eb t\u00eb vdesin !<\/p>\n<p>K\u00ebtij i thoni administrim ju mo?<\/p>\n<p>Ose ne shqiptar\u00ebt jemi budallenj!\u00a0 Ose n\u00eb vend t\u00eb kemi administrator\u00eb n\u00eb krye ne kemi mitingash\u00eb dhe orator\u00eb grek\u00eb t\u00eb lasht\u00eb q\u00eb b\u00ebjn\u00eb sillogjizma idiote me njeri tjetrin?<\/p>\n<p>Ose ka interesa private q\u00eb na shtrydhin dhe na kan\u00eb kthyer n\u00eb skllev\u00ebr!\u00a0 Ose jemi n\u00eb Luft\u00ebn e Tret\u00eb Bot\u00ebrore apo n\u00eb koh\u00ebn e Tanzimatit dhe fuqi t\u00eb huaja na kan\u00eb sulmuar dhe ne nuk e kuptojm\u00eb!\u00a0 Ose jemi psikopata mazokist\u00eb!<\/p>\n<p>22 dhjetor 2017 (gazeta-Shqip.com)<\/p>\n<\/div>\n","protected":false},"excerpt":{"rendered":"<p>Nga Artan FUGA Ne themi se jemi popull i varf\u00ebr??? Ju g\u00ebnjejn\u00eb budallenj! Hapim syt\u00eb mos b\u00ebhemi debila! Ne shp\u00ebrdorojm\u00eb t\u00eb gjitha pasurit\u00eb tona si t\u00eb ishim ostrogot\u00ebt q\u00eb rrafshuan perandorin\u00eb romake, si t\u00eb ishim karakaleca q\u00eb rr\u00ebnojm\u00eb drith\u00ebrat n\u00eb fusha, si t\u00eb ishim t\u00eb dehur q\u00eb kthehemi n\u00eb sht\u00ebpi dhe thyejm\u00eb televizorin, lavatri\u00e7en, frigoriferin\u2026 [&hellip;]<\/p>\n","protected":false},"author":9,"featured_media":515,"comment_status":"open","ping_status":"open","sticky":false,"template":"","format":"standard","meta":{"jetpack_post_was_ever_published":false,"_jetpack_newsletter_access":"","_jetpack_dont_email_post_to_subs":false,"_jetpack_newsletter_tier_id":0,"_jetpack_memberships_contains_paywalled_content":false,"_jetpack_memberships_contains_paid_content":false,"footnotes":"","jetpack_publicize_message":"","jetpack_publicize_feature_enabled":true,"jetpack_social_post_already_shared":true,"jetpack_social_options":{"image_generator_settings":{"template":"highway","default_image_id":0,"font":"","enabled":false},"version":2}},"categories":[1],"tags":[],"class_list":["post-514","post","type-post","status-publish","format-standard","has-post-thumbnail","hentry","category-njoftime-shtypi"],"jetpack_publicize_connections":[],"jetpack_featured_media_url":"https:\/\/i0.wp.com\/www.shqiperia.com\/blog\/wp-content\/uploads\/2018\/01\/Artan-Fuga.png?fit=640%2C391&ssl=1","jetpack_sharing_enabled":true,"jetpack_shortlink":"https:\/\/wp.me\/p5Z6wp-8i","jetpack-related-posts":[{"id":55417,"url":"https:\/\/www.shqiperia.com\/blog\/rama-sulmon-serish-protesten-turp-kombetar-si-mund-te-jemi-kaq-pa-moral-dhe-dinjitet-kjo-i-pelqen-rusise\/","url_meta":{"origin":514,"position":0},"title":"Rama sulmon s\u00ebrish protest\u00ebn: &#8211; Turp komb\u00ebtar! &#8211; Si mund t\u00eb jemi kaq pa moral dhe dinjitet? Kjo i p\u00eblqen Rusis\u00eb","author":"Kurt Farka","date":"March 14, 2022","format":false,"excerpt":"Rama sulmon s\u00ebrish protest\u00ebn: - Turp komb\u00ebtar! - Si mund t\u00eb jemi kaq pa moral dhe dinjitet? Kjo i p\u00eblqen Rusis\u00eb 14 Mars 2022 N\u00eb takimin me pensionist\u00eb ku prezantoi paket\u00ebn e rezistenc\u00ebs sociale, Rama zgjodhi q\u00eb p\u00ebrmes p\u00ebrgjigjes n\u00eb adres\u00eb t\u00eb Fatos Tarif\u00ebs q\u00eb e kritikonte p\u00ebr sjelljen ndaj\u2026","rel":"","context":"In &quot;Blogu i Udh\u00ebtarit&quot;","block_context":{"text":"Blogu i Udh\u00ebtarit","link":"https:\/\/www.shqiperia.com\/blog\/category\/blogu-i-udhetarit\/"},"img":{"alt_text":"","src":"https:\/\/i0.wp.com\/www.shqiperia.com\/blog\/wp-content\/uploads\/2022\/03\/Edi-Rama.jpeg?fit=640%2C382&ssl=1&resize=350%2C200","width":350,"height":200,"srcset":"https:\/\/i0.wp.com\/www.shqiperia.com\/blog\/wp-content\/uploads\/2022\/03\/Edi-Rama.jpeg?fit=640%2C382&ssl=1&resize=350%2C200 1x, https:\/\/i0.wp.com\/www.shqiperia.com\/blog\/wp-content\/uploads\/2022\/03\/Edi-Rama.jpeg?fit=640%2C382&ssl=1&resize=525%2C300 1.5x"},"classes":[]},{"id":90220,"url":"https:\/\/www.shqiperia.com\/blog\/do-ta-pastrojme-edhe-ne-shtepine-tone-me-ke-e-ka-rama-kush-do-te-haje-te-tjeret-pas-shpine-do\/","url_meta":{"origin":514,"position":1},"title":"\u201cDo ta pastrojm\u00eb edhe ne sht\u00ebpin\u00eb ton\u00eb\u201d\/ Me k\u00eb e ka Rama? \u201cKush do t\u00eb haj\u00eb t\u00eb tjer\u00ebt pas shpine, do\u2026\u201d","author":"Kurt Farka","date":"March 8, 2025","format":false,"excerpt":"8 Mars 2025 N\u00eb aktivitetin me grat\u00eb dhe vajzat nga i gjith\u00eb vendi, kryeministri Rama ka konfirmuar edhe nj\u00ebher\u00eb mb\u00ebshtetjen p\u00ebr strukturat e drejt\u00ebsis\u00eb, duke th\u00ebn\u00eb se 11 maji do t\u00eb jet\u00eb vot\u00eb kund\u00ebr atyre q\u00eb k\u00ebrkojn\u00eb shkrirjen e SPAK-ut. N\u00eb t\u00eb nj\u00ebjt\u00ebn koh\u00eb ai dha nj\u00eb mesazh edhe p\u00ebr\u2026","rel":"","context":"In &quot;Blogu i Udh\u00ebtarit&quot;","block_context":{"text":"Blogu i Udh\u00ebtarit","link":"https:\/\/www.shqiperia.com\/blog\/category\/blogu-i-udhetarit\/"},"img":{"alt_text":"","src":"https:\/\/i0.wp.com\/www.shqiperia.com\/blog\/wp-content\/uploads\/2025\/03\/600-388-sfdhfdshdfshdfshdfsh-1740244478.png?fit=600%2C388&ssl=1&resize=350%2C200","width":350,"height":200,"srcset":"https:\/\/i0.wp.com\/www.shqiperia.com\/blog\/wp-content\/uploads\/2025\/03\/600-388-sfdhfdshdfshdfshdfsh-1740244478.png?fit=600%2C388&ssl=1&resize=350%2C200 1x, https:\/\/i0.wp.com\/www.shqiperia.com\/blog\/wp-content\/uploads\/2025\/03\/600-388-sfdhfdshdfshdfshdfsh-1740244478.png?fit=600%2C388&ssl=1&resize=525%2C300 1.5x"},"classes":[]},{"id":52649,"url":"https:\/\/www.shqiperia.com\/blog\/lajm-arkiv-a-i-di-keto-edi-rama-spartak-ngjela-plas-bomben-dhe-tregon-cfare-rrezikon-kryeministri-i-shqiperise\/","url_meta":{"origin":514,"position":2},"title":"Lajm Arkiv: &#8211; \u201cA i di k\u00ebto Edi Rama?\u201d, Spartak Ngjela plas \u2018bomb\u00ebn\u2019 dhe tregon \u00e7far\u00eb rrezikon kryeministri i Shqip\u00ebris\u00eb","author":"Kurt Farka","date":"December 23, 2021","format":false,"excerpt":"Lajm Arkiv: - \u201cA i di k\u00ebto Edi Rama?\u201d, Spartak Ngjela plas \u2018bomb\u00ebn\u2019 dhe tregon \u00e7far\u00eb rrezikon kryeministri i Shqip\u00ebris\u00eb NGA \u00a0Gazeta Sot 12 GUSHT 2021 \"... Bashk\u00eb me Mosk\u00ebn, Beogradi ka bler\u00eb dhe po paguan tre stacione televizive n\u00eb Shqip\u00ebri, nga stacionet me em\u00ebr, por, dhe mbi 60 p\u00ebrqind\u2026","rel":"","context":"In &quot;Blogu i Udh\u00ebtarit&quot;","block_context":{"text":"Blogu i Udh\u00ebtarit","link":"https:\/\/www.shqiperia.com\/blog\/category\/blogu-i-udhetarit\/"},"img":{"alt_text":"","src":"https:\/\/i0.wp.com\/www.shqiperia.com\/blog\/wp-content\/uploads\/2021\/12\/Spartk-Ngjela.jpg?fit=800%2C483&ssl=1&resize=350%2C200","width":350,"height":200,"srcset":"https:\/\/i0.wp.com\/www.shqiperia.com\/blog\/wp-content\/uploads\/2021\/12\/Spartk-Ngjela.jpg?fit=800%2C483&ssl=1&resize=350%2C200 1x, https:\/\/i0.wp.com\/www.shqiperia.com\/blog\/wp-content\/uploads\/2021\/12\/Spartk-Ngjela.jpg?fit=800%2C483&ssl=1&resize=525%2C300 1.5x, https:\/\/i0.wp.com\/www.shqiperia.com\/blog\/wp-content\/uploads\/2021\/12\/Spartk-Ngjela.jpg?fit=800%2C483&ssl=1&resize=700%2C400 2x"},"classes":[]},{"id":92797,"url":"https:\/\/www.shqiperia.com\/blog\/artan-hoxha-polumbaret-e-ushtrise-shqiptare-kane-shkuar-deri-ne-norvegji-per-te-nxjerre-kokainen-nga-anijet\/","url_meta":{"origin":514,"position":3},"title":"Artan Hoxha: &#8211; Polumbar\u00ebt e ushtris\u00eb shqiptare kan\u00eb shkuar deri n\u00eb Norvegji, p\u00ebr t\u00eb nxjerr\u00eb kokain\u00ebn nga anijet","author":"Kurt Farka","date":"June 27, 2025","format":false,"excerpt":"27 Qershor 2025 Gazetari Artan Hoxha ka b\u00ebr\u00eb nj\u00eb paraleliz\u00ebm mes regjimit t\u00eb Maduros n\u00eb Venezuel\u00eb dhe regjimit t\u00eb Ram\u00ebs n\u00eb Tiran\u00eb. Gjat\u00eb bised\u00ebs n\u00eb \u2018\u00c7im Peka LIVE\u2019 n\u00eb SYRI TV, Hoxha tregoi raste krahasuese, nd\u00ebrsa tregoi se struktura t\u00eb Forcave t\u00eb Armatosura q\u00eb kan\u00eb shkuar dhe kan\u00eb nxjerr\u00eb kokain\u00ebn\u2026","rel":"","context":"In &quot;Blogu i Udh\u00ebtarit&quot;","block_context":{"text":"Blogu i Udh\u00ebtarit","link":"https:\/\/www.shqiperia.com\/blog\/category\/blogu-i-udhetarit\/"},"img":{"alt_text":"","src":"https:\/\/i0.wp.com\/www.shqiperia.com\/blog\/wp-content\/uploads\/2025\/06\/shkoder-polumbaret-kerimet-renea-nena-me-tre-femije-jpg.webp?fit=1200%2C748&ssl=1&resize=350%2C200","width":350,"height":200,"srcset":"https:\/\/i0.wp.com\/www.shqiperia.com\/blog\/wp-content\/uploads\/2025\/06\/shkoder-polumbaret-kerimet-renea-nena-me-tre-femije-jpg.webp?fit=1200%2C748&ssl=1&resize=350%2C200 1x, https:\/\/i0.wp.com\/www.shqiperia.com\/blog\/wp-content\/uploads\/2025\/06\/shkoder-polumbaret-kerimet-renea-nena-me-tre-femije-jpg.webp?fit=1200%2C748&ssl=1&resize=525%2C300 1.5x, https:\/\/i0.wp.com\/www.shqiperia.com\/blog\/wp-content\/uploads\/2025\/06\/shkoder-polumbaret-kerimet-renea-nena-me-tre-femije-jpg.webp?fit=1200%2C748&ssl=1&resize=700%2C400 2x, https:\/\/i0.wp.com\/www.shqiperia.com\/blog\/wp-content\/uploads\/2025\/06\/shkoder-polumbaret-kerimet-renea-nena-me-tre-femije-jpg.webp?fit=1200%2C748&ssl=1&resize=1050%2C600 3x"},"classes":[]},{"id":72276,"url":"https:\/\/www.shqiperia.com\/blog\/miliardere-dhe-eksplorues-kush-jane-te-zhdukurit-qe-paguan-250-mije-dollare-per-te-pare-rrenojat-e-titanikut\/","url_meta":{"origin":514,"position":4},"title":"Miliarder\u00eb dhe eksplorues. &#8211; Kush jan\u00eb t\u00eb zhdukurit q\u00eb paguan 250 mij\u00eb dollar\u00eb p\u00ebr t\u00eb par\u00eb rr\u00ebnojat e Titanikut","author":"Kurt Farka","date":"June 20, 2023","format":false,"excerpt":"20 Qershor 2023 Ekipet e k\u00ebrkimit po garojn\u00eb me koh\u00ebn p\u00ebr t\u00eb gjetur nj\u00eb n\u00ebndet\u00ebse q\u00eb u zhduk gjat\u00eb nj\u00eb zhytjeje n\u00eb rr\u00ebnojat e Titanikut. Pes\u00eb persona ishin n\u00eb bord kur kontakti me n\u00ebndet\u00ebsen e vog\u00ebl humbi rreth nj\u00eb or\u00eb e 45 minuta pas zhytjes s\u00eb mjetit lundrues. Q\u00eb nga\u2026","rel":"","context":"In &quot;Blogu i Udh\u00ebtarit&quot;","block_context":{"text":"Blogu i Udh\u00ebtarit","link":"https:\/\/www.shqiperia.com\/blog\/category\/blogu-i-udhetarit\/"},"img":{"alt_text":"","src":"https:\/\/i0.wp.com\/www.shqiperia.com\/blog\/wp-content\/uploads\/2023\/06\/nendetesja-1536x864-1.jpg?fit=1200%2C832&ssl=1&resize=350%2C200","width":350,"height":200,"srcset":"https:\/\/i0.wp.com\/www.shqiperia.com\/blog\/wp-content\/uploads\/2023\/06\/nendetesja-1536x864-1.jpg?fit=1200%2C832&ssl=1&resize=350%2C200 1x, https:\/\/i0.wp.com\/www.shqiperia.com\/blog\/wp-content\/uploads\/2023\/06\/nendetesja-1536x864-1.jpg?fit=1200%2C832&ssl=1&resize=525%2C300 1.5x, https:\/\/i0.wp.com\/www.shqiperia.com\/blog\/wp-content\/uploads\/2023\/06\/nendetesja-1536x864-1.jpg?fit=1200%2C832&ssl=1&resize=700%2C400 2x, https:\/\/i0.wp.com\/www.shqiperia.com\/blog\/wp-content\/uploads\/2023\/06\/nendetesja-1536x864-1.jpg?fit=1200%2C832&ssl=1&resize=1050%2C600 3x"},"classes":[]},{"id":64151,"url":"https:\/\/www.shqiperia.com\/blog\/prifti-mesazh-nga-xhamia-te-ishim-sa-gjysma-e-muslimameve\/","url_meta":{"origin":514,"position":5},"title":"Prifti, mesazh nga xhamia: &#8211; T\u00eb ishim sa gjysma e muslimam\u00ebve!","author":"Kurt Farka","date":"November 10, 2022","format":false,"excerpt":"10 Nentor 2022 Kleriku ortodoks nga Elbasani, k\u00ebshill\u00eb grigj\u00ebs s\u00eb krishter\u00eb nga Prizreni e Tetova Nj\u00eb prift ortodoks nga Elbasani ka besuar me pohimet e tij nga nj\u00eb vizit\u00eb n\u00eb disa xhami t\u00eb njohura t\u00eb trojeve shqiptare, si n\u00eb Prizren apo Tetov\u00eb, duke vler\u00ebsuar besimin e qasht\u00ebrt t\u00eb musliman\u00ebve, si\u2026","rel":"","context":"In &quot;Blogu i Udh\u00ebtarit&quot;","block_context":{"text":"Blogu i Udh\u00ebtarit","link":"https:\/\/www.shqiperia.com\/blog\/category\/blogu-i-udhetarit\/"},"img":{"alt_text":"","src":"https:\/\/i0.wp.com\/www.shqiperia.com\/blog\/wp-content\/uploads\/2022\/11\/Screenshot_51-682x375-1.png?fit=682%2C375&ssl=1&resize=350%2C200","width":350,"height":200,"srcset":"https:\/\/i0.wp.com\/www.shqiperia.com\/blog\/wp-content\/uploads\/2022\/11\/Screenshot_51-682x375-1.png?fit=682%2C375&ssl=1&resize=350%2C200 1x, https:\/\/i0.wp.com\/www.shqiperia.com\/blog\/wp-content\/uploads\/2022\/11\/Screenshot_51-682x375-1.png?fit=682%2C375&ssl=1&resize=525%2C300 1.5x"},"classes":[]}],"_links":{"self":[{"href":"https:\/\/www.shqiperia.com\/blog\/wp-json\/wp\/v2\/posts\/514","targetHints":{"allow":["GET"]}}],"collection":[{"href":"https:\/\/www.shqiperia.com\/blog\/wp-json\/wp\/v2\/posts"}],"about":[{"href":"https:\/\/www.shqiperia.com\/blog\/wp-json\/wp\/v2\/types\/post"}],"author":[{"embeddable":true,"href":"https:\/\/www.shqiperia.com\/blog\/wp-json\/wp\/v2\/users\/9"}],"replies":[{"embeddable":true,"href":"https:\/\/www.shqiperia.com\/blog\/wp-json\/wp\/v2\/comments?post=514"}],"version-history":[{"count":1,"href":"https:\/\/www.shqiperia.com\/blog\/wp-json\/wp\/v2\/posts\/514\/revisions"}],"predecessor-version":[{"id":518,"href":"https:\/\/www.shqiperia.com\/blog\/wp-json\/wp\/v2\/posts\/514\/revisions\/518"}],"wp:featuredmedia":[{"embeddable":true,"href":"https:\/\/www.shqiperia.com\/blog\/wp-json\/wp\/v2\/media\/515"}],"wp:attachment":[{"href":"https:\/\/www.shqiperia.com\/blog\/wp-json\/wp\/v2\/media?parent=514"}],"wp:term":[{"taxonomy":"category","embeddable":true,"href":"https:\/\/www.shqiperia.com\/blog\/wp-json\/wp\/v2\/categories?post=514"},{"taxonomy":"post_tag","embeddable":true,"href":"https:\/\/www.shqiperia.com\/blog\/wp-json\/wp\/v2\/tags?post=514"}],"curies":[{"name":"wp","href":"https:\/\/api.w.org\/{rel}","templated":true}]}}