{"id":511,"date":"2018-01-06T14:28:20","date_gmt":"2018-01-06T14:28:20","guid":{"rendered":"http:\/\/www.shqiperia.com\/blog\/?p=511"},"modified":"2018-01-06T14:28:20","modified_gmt":"2018-01-06T14:28:20","slug":"shba-e-shqetesuar-per-ndikimin-rus-ne-ballkan","status":"publish","type":"post","link":"https:\/\/www.shqiperia.com\/blog\/shba-e-shqetesuar-per-ndikimin-rus-ne-ballkan\/","title":{"rendered":"SHBA, E SHQET\u00cbSUAR P\u00cbR NDIKIMIN RUS N\u00cb BALLKAN"},"content":{"rendered":"<p><img data-recalc-dims=\"1\" loading=\"lazy\" decoding=\"async\" data-attachment-id=\"512\" data-permalink=\"https:\/\/www.shqiperia.com\/blog\/shba-e-shqetesuar-per-ndikimin-rus-ne-ballkan\/okb-4-640x360\/\" data-orig-file=\"https:\/\/i0.wp.com\/www.shqiperia.com\/blog\/wp-content\/uploads\/2018\/01\/okb-4-640x360.jpg?fit=640%2C360&amp;ssl=1\" data-orig-size=\"640,360\" data-comments-opened=\"1\" data-image-meta=\"{&quot;aperture&quot;:&quot;0&quot;,&quot;credit&quot;:&quot;&quot;,&quot;camera&quot;:&quot;&quot;,&quot;caption&quot;:&quot;&quot;,&quot;created_timestamp&quot;:&quot;0&quot;,&quot;copyright&quot;:&quot;&quot;,&quot;focal_length&quot;:&quot;0&quot;,&quot;iso&quot;:&quot;0&quot;,&quot;shutter_speed&quot;:&quot;0&quot;,&quot;title&quot;:&quot;&quot;,&quot;orientation&quot;:&quot;0&quot;}\" data-image-title=\"okb-4-640&#215;360\" data-image-description=\"\" data-image-caption=\"\" data-medium-file=\"https:\/\/i0.wp.com\/www.shqiperia.com\/blog\/wp-content\/uploads\/2018\/01\/okb-4-640x360.jpg?fit=300%2C169&amp;ssl=1\" data-large-file=\"https:\/\/i0.wp.com\/www.shqiperia.com\/blog\/wp-content\/uploads\/2018\/01\/okb-4-640x360.jpg?fit=640%2C360&amp;ssl=1\" class=\"alignnone  wp-image-512\" alt=\"\" src=\"https:\/\/i0.wp.com\/www.shqiperia.com\/blog\/wp-content\/uploads\/2018\/01\/okb-4-640x360-300x169.jpg?resize=589%2C332\" width=\"589\" height=\"332\" srcset=\"https:\/\/i0.wp.com\/www.shqiperia.com\/blog\/wp-content\/uploads\/2018\/01\/okb-4-640x360.jpg?resize=300%2C169&amp;ssl=1 300w, https:\/\/i0.wp.com\/www.shqiperia.com\/blog\/wp-content\/uploads\/2018\/01\/okb-4-640x360.jpg?resize=640%2C360&amp;ssl=1 640w\" sizes=\"auto, (max-width: 589px) 100vw, 589px\" \/><\/p>\n<p>Mes shqet\u00ebsimeve rreth shtimit t\u00eb ndikimit rus, SHBA thon\u00eb se do t\u00eb hartojn\u00eb nj\u00eb raport q\u00eb analizon bashk\u00ebpunimin n\u00eb fush\u00ebn e siguris\u00eb midis vendeve t\u00eb ndryshme t\u00eb Ballkanit Per\u00ebndimor dhe Rusis\u00eb.<\/p>\n<p>Sekretari amerikan i Mbrojtjes, me p\u00eblqimin e Sekretarit t\u00eb Shtetit, do ta paraqes\u00eb raportin n\u00eb Kongres.<\/p>\n<p>Vendet e Ballkanit Per\u00ebndimor t\u00eb p\u00ebrfshira n\u00eb raport do t\u00eb jen\u00eb Bosnje-Herzegovina, Serbia, Kosova dhe Maqedonia.<\/p>\n<p>Sipas aktit p\u00ebr shpenzimet e mbrojtjes t\u00eb kthyer n\u00eb ligj k\u00ebt\u00eb muaj, vler\u00ebsimi do t\u00eb p\u00ebrfshij\u00eb nj\u00eb list\u00eb t\u00eb sistemeve t\u00eb arm\u00ebve ruse dhe pajisjeve e teknologjive t\u00eb tjera ushtarake me vler\u00eb 1 milion ose m\u00eb shum\u00eb dollar\u00eb, t\u00eb cilat u jan\u00eb ofruar k\u00ebtyre vendeve ose jan\u00eb bler\u00eb prej tyre q\u00eb nga viti 2012.<\/p>\n<p>Raporti duhet t\u00eb p\u00ebrmbaj\u00eb gjithashtu nj\u00eb p\u00ebrshkrim t\u00eb pjes\u00ebmarrjes s\u00eb forcave t\u00eb siguris\u00eb t\u00eb ndonj\u00ebrit prej k\u00ebtyre vendeve n\u00eb trajnime ose st\u00ebrvitje me Rusin\u00eb q\u00eb nga viti 2012 si dhe \u00e7do marr\u00ebveshje bashk\u00ebpunimi p\u00ebr sigurin\u00eb q\u00eb k\u00ebto vende mund t\u00eb ken\u00eb n\u00ebnshkruar me Mosk\u00ebn apo \u00e7do bashk\u00ebpunim n\u00eb fush\u00ebn e inteligjenc\u00ebs.<\/p>\n<p>Q\u00ebllimi \u00ebsht\u00eb q\u00eb t\u00eb krijohet nj\u00eb ide se n\u00eb \u00e7\u2019m\u00ebnyr\u00eb bashk\u00ebpunimi midis secilit vend t\u00eb Ballkanit Per\u00ebndimor dhe Federat\u00ebs Ruse ndikon n\u00eb interesat e siguris\u00eb t\u00eb Shteteve t\u00eb Bashkuara, NATO-s, vendeve t\u00eb Ballkanit Per\u00ebndimor dhe \u00e7do an\u00ebtari t\u00eb NATO-s q\u00eb kufizohet me k\u00ebto vende, thuhet n\u00eb dokument.<\/p>\n<p>Raporti duhet t\u00eb p\u00ebrfshij\u00eb edhe nj\u00eb vler\u00ebsim rreth bashk\u00ebpunimit t\u00eb siguris\u00eb nd\u00ebrmjet \u00e7do vendi t\u00eb Ballkanit Per\u00ebndimor dhe Shteteve t\u00eb Bashkuara, si dhe nj\u00eb vler\u00ebsim t\u00eb bashk\u00ebpunimit t\u00eb siguris\u00eb mes k\u00ebtyre shteteve dhe NATO-s.<\/p>\n<p>Vendet per\u00ebndimore, p\u00ebrfshir\u00eb SHBA, jan\u00eb gjithnj\u00eb e m\u00eb t\u00eb shqet\u00ebsuara p\u00ebr nj\u00eb rritje t\u00eb perceptuar t\u00eb ndikimit rus n\u00eb Ballkan dhe Europ\u00ebn Qendrore.<\/p>\n<p>N\u00eb muajin n\u00ebntor, K\u00ebshilli Atlantik me qend\u00ebr n\u00eb Uashington b\u00ebri thirrje p\u00ebr nj\u00eb prani ushtarake t\u00eb p\u00ebrhershme amerikane n\u00eb Ballkan n\u00eb klim\u00ebn e asaj q\u00eb e sheh si p\u00ebrpjekje n\u00eb rritje t\u00eb Rusis\u00eb p\u00ebr t\u00eb ushtruar ndikim politik n\u00eb t\u00eb gjith\u00eb rajonin.<\/p>\n<p>M\u00eb her\u00ebt, Senatori republikan John McCain, pas nj\u00eb turneu n\u00eb Ballkan, u ankua p\u00ebr nj\u00eb \u201cvakum\u201d t\u00eb pranis\u00eb amerikane, t\u00eb cilin ai tha se Rusia ishte e gatshme ta mbushte, dhe b\u00ebri thirrje p\u00ebr m\u00eb shum\u00eb vizita amerikane t\u00eb nivelit t\u00eb lart\u00eb n\u00eb rajon.<\/p>\n<p>N\u00eb gusht 2017, n\u00ebnpresidenti amerikan Mike Pence vizitoi Malin e Zi ku mori pjes\u00eb n\u00eb takimin e Kart\u00ebs s\u00eb Adriatikut duke u th\u00ebn\u00eb udh\u00ebheq\u00ebsve t\u00eb Ballkanit Per\u00ebndimor se Shtetet e Bashkuara do t\u00eb vazhdojn\u00eb ta mbajn\u00eb Rusin\u00eb \u201cp\u00ebrgjegj\u00ebse p\u00ebr veprimet e saj\u201d.<\/p>\n<p>\u201cNe duhet t\u00eb jemi t\u00eb vendosur dhe pa kompromis p\u00ebrball\u00eb agresionit nga nj\u00eb vend i paparashikuesh\u00ebm, q\u00eb hedh hije nga Lindja,\u201d tha zoti Pence.<\/p>\n<p>\u201cRusia, \u2013 tha ai, \u2013 vazhdon t\u00eb p\u00ebrpiqet t\u00eb ri-hartoj\u00eb kufijt\u00eb nd\u00ebrkomb\u00ebtar\u00eb me forc\u00eb dhe k\u00ebtu n\u00eb Ballkanin Per\u00ebndimor Rusia ka punuar p\u00ebr t\u00eb destabilizuar rajonin, p\u00ebr t\u00eb shkat\u00ebrruar demokracit\u00eb tuaja dhe p\u00ebr t\u2019ju ndar\u00eb nga nj\u00ebri-tjetri si dhe nga pjesa tjet\u00ebr e Evrop\u00ebs\u201d.<\/p>\n<p>\u201cShtetet e Bashkuara t\u00eb Amerik\u00ebs kund\u00ebrshtojn\u00eb \u00e7do p\u00ebrpjekje p\u00ebr t\u00eb p\u00ebrdorur forc\u00ebn, k\u00ebrc\u00ebnimet ose frik\u00ebsimet n\u00eb k\u00ebt\u00eb rajon apo m\u00eb gjer\u00eb,\u201d shtoi ai. \u201cBallkani Per\u00ebndimor ka t\u00eb drejt\u00ebn t\u00eb vendos\u00eb t\u00eb ardhmen e vet.\u201d<\/p>\n<p>N\u00eb Podgoric\u00eb mor\u00ebn pjes\u00eb edhe krer\u00ebt e shteteve dhe qeverive t\u00eb Shqip\u00ebris\u00eb, Bosnje-Hercegovin\u00ebs, Kroacis\u00eb, Kosov\u00ebs, Maqedonis\u00eb, Malit t\u00eb Zi, Serbis\u00eb dhe Sllovenis\u00eb.<\/p>\n<p>N\u00ebnpresidenti Pence tha se e ardhmja e Ballkanit Per\u00ebndimor \u00ebsht\u00eb \u201cn\u00eb Per\u00ebndim\u201d.<\/p>\n<p>27 dhjetor 2017 (gazeta-Shqip.com) \/ VOA.<\/p>\n","protected":false},"excerpt":{"rendered":"<p>Mes shqet\u00ebsimeve rreth shtimit t\u00eb ndikimit rus, SHBA thon\u00eb se do t\u00eb hartojn\u00eb nj\u00eb raport q\u00eb analizon bashk\u00ebpunimin n\u00eb fush\u00ebn e siguris\u00eb midis vendeve t\u00eb ndryshme t\u00eb Ballkanit Per\u00ebndimor dhe Rusis\u00eb. Sekretari amerikan i Mbrojtjes, me p\u00eblqimin e Sekretarit t\u00eb Shtetit, do ta paraqes\u00eb raportin n\u00eb Kongres. Vendet e Ballkanit Per\u00ebndimor t\u00eb p\u00ebrfshira n\u00eb raport [&hellip;]<\/p>\n","protected":false},"author":9,"featured_media":512,"comment_status":"open","ping_status":"open","sticky":false,"template":"","format":"standard","meta":{"jetpack_post_was_ever_published":false,"_jetpack_newsletter_access":"","_jetpack_dont_email_post_to_subs":false,"_jetpack_newsletter_tier_id":0,"_jetpack_memberships_contains_paywalled_content":false,"_jetpack_memberships_contains_paid_content":false,"footnotes":"","jetpack_publicize_message":"","jetpack_publicize_feature_enabled":true,"jetpack_social_post_already_shared":true,"jetpack_social_options":{"image_generator_settings":{"template":"highway","default_image_id":0,"font":"","enabled":false},"version":2}},"categories":[2],"tags":[],"class_list":["post-511","post","type-post","status-publish","format-standard","has-post-thumbnail","hentry","category-politika"],"jetpack_publicize_connections":[],"jetpack_featured_media_url":"https:\/\/i0.wp.com\/www.shqiperia.com\/blog\/wp-content\/uploads\/2018\/01\/okb-4-640x360.jpg?fit=640%2C360&ssl=1","jetpack_sharing_enabled":true,"jetpack_shortlink":"https:\/\/wp.me\/p5Z6wp-8f","jetpack-related-posts":[{"id":35988,"url":"https:\/\/www.shqiperia.com\/blog\/zbulohet-dokumenti-i-senatit-te-shba-per-dialogun-kosove-serbi-mbajtjen-e-trupave-dhe-rolin-e-rusise\/","url_meta":{"origin":511,"position":0},"title":"Zbulohet dokumenti i senatit t\u00eb ShBA p\u00ebr dialogun Kosov\u00eb-Serbi, mbajtjen e trupave dhe rolin e Rusis\u00eb","author":"Kurt Farka","date":"July 2, 2020","format":false,"excerpt":"Zbulohet dokumenti i senatit t\u00eb ShBA p\u00ebr dialogun Kosov\u00eb-Serbi, mbajtjen e trupave dhe rolin e Rusis\u00eb 2 korrik 2020 Komiteti i Senatit Amerikan p\u00ebr Forcat e Armatosura ka publikuar n\u00eb faqen e vet zyrtare\u00a0 nj\u00eb dokument ku theksohet se Shtetet e Bashkuara t\u00eb Amerik\u00ebs duhet t\u00eb vazhdojn\u00eb p\u00ebrkrahjen p\u00ebr Kosov\u00ebn\u2026","rel":"","context":"In &quot;Blogu i Udh\u00ebtarit&quot;","block_context":{"text":"Blogu i Udh\u00ebtarit","link":"https:\/\/www.shqiperia.com\/blog\/category\/blogu-i-udhetarit\/"},"img":{"alt_text":"","src":"https:\/\/i0.wp.com\/www.shqiperia.com\/blog\/wp-content\/uploads\/2020\/07\/senat.jpg?fit=650%2C434&ssl=1&resize=350%2C200","width":350,"height":200,"srcset":"https:\/\/i0.wp.com\/www.shqiperia.com\/blog\/wp-content\/uploads\/2020\/07\/senat.jpg?fit=650%2C434&ssl=1&resize=350%2C200 1x, https:\/\/i0.wp.com\/www.shqiperia.com\/blog\/wp-content\/uploads\/2020\/07\/senat.jpg?fit=650%2C434&ssl=1&resize=525%2C300 1.5x"},"classes":[]},{"id":95568,"url":"https:\/\/www.shqiperia.com\/blog\/analiza-e-rel-ballkani-ne-qender-te-gjeopolitikes-si-e-sheh-shba-ja-rajonin-ne-strategjine-e-sigurise\/","url_meta":{"origin":511,"position":1},"title":"Analiza e REL: Ballkani n\u00eb qend\u00ebr t\u00eb gjeopolitik\u00ebs! Si e sheh SHBA-ja rajonin n\u00eb Strategjin\u00eb e Siguris\u00eb?","author":"Kurt Farka","date":"December 14, 2025","format":false,"excerpt":"14 Dhjetor 2025 Dikur pjes\u00eb e vizionit strategjik t\u00eb SHBA-s\u00eb, sot Kosova gati se nuk figuron n\u00eb Strategjin\u00eb e saj Komb\u00ebtare. Prioritetet e Uashingtonit kan\u00eb ndryshuar, dhe Kosova nuk e ka kapitalizuar periudh\u00ebn e qet\u00ebsis\u00eb, duke mbetur e cenueshme. N\u00eb fillim t\u00eb k\u00ebtij muaji, Sht\u00ebpia e Bardh\u00eb e presidentit Donald\u2026","rel":"","context":"In &quot;Blogu i Udh\u00ebtarit&quot;","block_context":{"text":"Blogu i Udh\u00ebtarit","link":"https:\/\/www.shqiperia.com\/blog\/category\/blogu-i-udhetarit\/"},"img":{"alt_text":"","src":"https:\/\/i0.wp.com\/www.shqiperia.com\/blog\/wp-content\/uploads\/2025\/12\/kosova1.jpg?fit=1019%2C555&ssl=1&resize=350%2C200","width":350,"height":200,"srcset":"https:\/\/i0.wp.com\/www.shqiperia.com\/blog\/wp-content\/uploads\/2025\/12\/kosova1.jpg?fit=1019%2C555&ssl=1&resize=350%2C200 1x, https:\/\/i0.wp.com\/www.shqiperia.com\/blog\/wp-content\/uploads\/2025\/12\/kosova1.jpg?fit=1019%2C555&ssl=1&resize=525%2C300 1.5x, https:\/\/i0.wp.com\/www.shqiperia.com\/blog\/wp-content\/uploads\/2025\/12\/kosova1.jpg?fit=1019%2C555&ssl=1&resize=700%2C400 2x"},"classes":[]},{"id":54533,"url":"https:\/\/www.shqiperia.com\/blog\/shqiperia-konfirmon-dergimin-e-trupave-ne-kosove-perkrah-nato-s\/","url_meta":{"origin":511,"position":2},"title":"Shqip\u00ebria konfirmon d\u00ebrgimin e trupave n\u00eb Kosov\u00eb perkrah Nato-s","author":"Kurt Farka","date":"February 25, 2022","format":false,"excerpt":"Shqip\u00ebria konfirmon d\u00ebrgimin e trupave n\u00eb Kosov\u00eb perkrah Nato-s 25 Shkurt 2022 Ministria e Mbrojtjes s\u00eb Shqip\u00ebris\u00eb tha t\u00eb premten se ka nisur p\u00ebr n\u00eb Kosov\u00eb nj\u00eb grup prej 30 efektiv\u00ebs komando nga Forcat e Armatosura. Ky kontingjent do t\u2019i bashkohet forcave t\u00eb Misionit t\u00eb NATO-s n\u00eb Kosov\u00eb, KFOR. Ministri\u2026","rel":"","context":"In &quot;Blogu i Udh\u00ebtarit&quot;","block_context":{"text":"Blogu i Udh\u00ebtarit","link":"https:\/\/www.shqiperia.com\/blog\/category\/blogu-i-udhetarit\/"},"img":{"alt_text":"","src":"https:\/\/i0.wp.com\/www.shqiperia.com\/blog\/wp-content\/uploads\/2022\/02\/Kohe-te-reja-por-vazhdimsi.-Gjithmone-Bashke.jpg?fit=675%2C490&ssl=1&resize=350%2C200","width":350,"height":200,"srcset":"https:\/\/i0.wp.com\/www.shqiperia.com\/blog\/wp-content\/uploads\/2022\/02\/Kohe-te-reja-por-vazhdimsi.-Gjithmone-Bashke.jpg?fit=675%2C490&ssl=1&resize=350%2C200 1x, https:\/\/i0.wp.com\/www.shqiperia.com\/blog\/wp-content\/uploads\/2022\/02\/Kohe-te-reja-por-vazhdimsi.-Gjithmone-Bashke.jpg?fit=675%2C490&ssl=1&resize=525%2C300 1.5x"},"classes":[]},{"id":50199,"url":"https:\/\/www.shqiperia.com\/blog\/rikthim-vizash-per-shqiptaret-rtv-ora-siguron-kerkesen-e-bere-me-27-shtator-nga-gjermania-franca-dhe-italia\/","url_meta":{"origin":511,"position":3},"title":"Rikthim vizash p\u00ebr shqiptar\u00ebt!? &#8211; Rtv Ora siguron k\u00ebrkes\u00ebn e b\u00ebr\u00eb me 27 shtator nga Gjermania, Franca dhe Italia","author":"Kurt Farka","date":"September 30, 2021","format":false,"excerpt":"Rikthim vizash p\u00ebr shqiptar\u00ebt!? - Rtv Ora siguron k\u00ebrkes\u00ebn e b\u00ebr\u00eb me 27 shtator nga Gjermania, Franca dhe Italia Nga Alba Kepi Tashm\u00eb rikthimi i vizave p\u00ebr shqiptar\u00ebt me vendet e BE duket se nuk \u00ebsht\u00eb m\u00eb nj\u00eb k\u00ebrkes\u00eb apo nj\u00eb tek e ndonj\u00eb vendi t\u00eb BE. 3 vende t\u00eb\u2026","rel":"","context":"In &quot;Blogu i Udh\u00ebtarit&quot;","block_context":{"text":"Blogu i Udh\u00ebtarit","link":"https:\/\/www.shqiperia.com\/blog\/category\/blogu-i-udhetarit\/"},"img":{"alt_text":"","src":"https:\/\/i0.wp.com\/www.shqiperia.com\/blog\/wp-content\/uploads\/2021\/09\/640-0-6155aa80bd69c.jpg?fit=640%2C381&ssl=1&resize=350%2C200","width":350,"height":200,"srcset":"https:\/\/i0.wp.com\/www.shqiperia.com\/blog\/wp-content\/uploads\/2021\/09\/640-0-6155aa80bd69c.jpg?fit=640%2C381&ssl=1&resize=350%2C200 1x, https:\/\/i0.wp.com\/www.shqiperia.com\/blog\/wp-content\/uploads\/2021\/09\/640-0-6155aa80bd69c.jpg?fit=640%2C381&ssl=1&resize=525%2C300 1.5x"},"classes":[]},{"id":63410,"url":"https:\/\/www.shqiperia.com\/blog\/bombarduesit-rus-prane-shba-ve-2-avione-amerikane-i-vihen-ne-ndjekje-cfare-po-ndodh-ne-adiz\/","url_meta":{"origin":511,"position":4},"title":"Bombarduesit rus pran\u00eb SHBA-ve. &#8211; 2 avion\u00eb amerikan\u00eb i vihen n\u00eb ndjekje! &#8211; \u00c7far\u00eb po ndodh n\u00eb \u201cADIZ\u201d","author":"Kurt Farka","date":"October 19, 2022","format":false,"excerpt":"19 Tetor 2022 Dy bombardues rus\u00eb kan\u00eb fluturuar pran\u00eb Alaks\u00ebs, n\u00eb Shtetet e Bashkuara t\u00eb Amerik\u00ebs. Lajmin e b\u00ebjn\u00eb t\u00eb ditur mediat e huaja, sipas t\u00eb cilave, bombarduesi rus Tu-95 \u2018H\u2019 \u00ebsht\u00eb fotografuar nga nj\u00eb avion RAF Typhoon Quick Reaction Alert (QRA) me 6 skuadrilje nga RAF Leuchars n\u00eb Skoci.\u2026","rel":"","context":"In &quot;Blogu i Udh\u00ebtarit&quot;","block_context":{"text":"Blogu i Udh\u00ebtarit","link":"https:\/\/www.shqiperia.com\/blog\/category\/blogu-i-udhetarit\/"},"img":{"alt_text":"","src":"https:\/\/i0.wp.com\/www.shqiperia.com\/blog\/wp-content\/uploads\/2022\/10\/Bombarduesit-rus-prane-SHBA-ve.jpg?fit=973%2C545&ssl=1&resize=350%2C200","width":350,"height":200,"srcset":"https:\/\/i0.wp.com\/www.shqiperia.com\/blog\/wp-content\/uploads\/2022\/10\/Bombarduesit-rus-prane-SHBA-ve.jpg?fit=973%2C545&ssl=1&resize=350%2C200 1x, https:\/\/i0.wp.com\/www.shqiperia.com\/blog\/wp-content\/uploads\/2022\/10\/Bombarduesit-rus-prane-SHBA-ve.jpg?fit=973%2C545&ssl=1&resize=525%2C300 1.5x, https:\/\/i0.wp.com\/www.shqiperia.com\/blog\/wp-content\/uploads\/2022\/10\/Bombarduesit-rus-prane-SHBA-ve.jpg?fit=973%2C545&ssl=1&resize=700%2C400 2x"},"classes":[]},{"id":54554,"url":"https:\/\/www.shqiperia.com\/blog\/armiku-te-porta-sulmi-rusise-kunder-ukrainesdhe-pasojat-per-sigurine-e-ballkanit-perendimor\/","url_meta":{"origin":511,"position":5},"title":"Armiku te porta: &#8211; Sulmi Rusis\u00eb kund\u00ebr Ukrain\u00ebsdhe pasojat p\u00ebr sigurin\u00eb e Ballkanit Per\u00ebndimor","author":"Kurt Farka","date":"February 26, 2022","format":false,"excerpt":"Armiku te porta: - Sulmi Rusis\u00eb kund\u00ebr Ukrain\u00ebsdhe pasojat p\u00ebr sigurin\u00eb e Ballkanit Per\u00ebndimor NGA FLORION METOHU 25 SHKURT 2022 Trendi i viteve t\u00eb fundit, ai i trim\u00ebrimit t\u00eb diktator\u00ebve an\u00eb e mban bot\u00ebs, nuk mund t\u00eb mohoet. Nuk ka asnj\u00eb dyshim q\u00eb urdhri i Vladimir Putin, n\u00eb 24 shkurt2022,\u2026","rel":"","context":"In &quot;Blogu i Udh\u00ebtarit&quot;","block_context":{"text":"Blogu i Udh\u00ebtarit","link":"https:\/\/www.shqiperia.com\/blog\/category\/blogu-i-udhetarit\/"},"img":{"alt_text":"","src":"https:\/\/i0.wp.com\/www.shqiperia.com\/blog\/wp-content\/uploads\/2022\/02\/Ushtria-serbe-tregon-muskujt-Vucic-paralajmeron-blerje-te-armatimeve-te-tjera.png?fit=800%2C417&ssl=1&resize=350%2C200","width":350,"height":200,"srcset":"https:\/\/i0.wp.com\/www.shqiperia.com\/blog\/wp-content\/uploads\/2022\/02\/Ushtria-serbe-tregon-muskujt-Vucic-paralajmeron-blerje-te-armatimeve-te-tjera.png?fit=800%2C417&ssl=1&resize=350%2C200 1x, https:\/\/i0.wp.com\/www.shqiperia.com\/blog\/wp-content\/uploads\/2022\/02\/Ushtria-serbe-tregon-muskujt-Vucic-paralajmeron-blerje-te-armatimeve-te-tjera.png?fit=800%2C417&ssl=1&resize=525%2C300 1.5x, https:\/\/i0.wp.com\/www.shqiperia.com\/blog\/wp-content\/uploads\/2022\/02\/Ushtria-serbe-tregon-muskujt-Vucic-paralajmeron-blerje-te-armatimeve-te-tjera.png?fit=800%2C417&ssl=1&resize=700%2C400 2x"},"classes":[]}],"_links":{"self":[{"href":"https:\/\/www.shqiperia.com\/blog\/wp-json\/wp\/v2\/posts\/511","targetHints":{"allow":["GET"]}}],"collection":[{"href":"https:\/\/www.shqiperia.com\/blog\/wp-json\/wp\/v2\/posts"}],"about":[{"href":"https:\/\/www.shqiperia.com\/blog\/wp-json\/wp\/v2\/types\/post"}],"author":[{"embeddable":true,"href":"https:\/\/www.shqiperia.com\/blog\/wp-json\/wp\/v2\/users\/9"}],"replies":[{"embeddable":true,"href":"https:\/\/www.shqiperia.com\/blog\/wp-json\/wp\/v2\/comments?post=511"}],"version-history":[{"count":1,"href":"https:\/\/www.shqiperia.com\/blog\/wp-json\/wp\/v2\/posts\/511\/revisions"}],"predecessor-version":[{"id":513,"href":"https:\/\/www.shqiperia.com\/blog\/wp-json\/wp\/v2\/posts\/511\/revisions\/513"}],"wp:featuredmedia":[{"embeddable":true,"href":"https:\/\/www.shqiperia.com\/blog\/wp-json\/wp\/v2\/media\/512"}],"wp:attachment":[{"href":"https:\/\/www.shqiperia.com\/blog\/wp-json\/wp\/v2\/media?parent=511"}],"wp:term":[{"taxonomy":"category","embeddable":true,"href":"https:\/\/www.shqiperia.com\/blog\/wp-json\/wp\/v2\/categories?post=511"},{"taxonomy":"post_tag","embeddable":true,"href":"https:\/\/www.shqiperia.com\/blog\/wp-json\/wp\/v2\/tags?post=511"}],"curies":[{"name":"wp","href":"https:\/\/api.w.org\/{rel}","templated":true}]}}