{"id":50846,"date":"2021-10-24T10:40:56","date_gmt":"2021-10-24T10:40:56","guid":{"rendered":"https:\/\/www.shqiperia.com\/blog\/?p=50846"},"modified":"2021-10-24T10:40:56","modified_gmt":"2021-10-24T10:40:56","slug":"shetitorja-e-belshit-mban-emrin-e-lika-jankos-pikasoja-me-fustan-ministri-bullgar-i-kultures-minekov-nderon-artisten-me-rrenje-shqiptare","status":"publish","type":"post","link":"https:\/\/www.shqiperia.com\/blog\/shetitorja-e-belshit-mban-emrin-e-lika-jankos-pikasoja-me-fustan-ministri-bullgar-i-kultures-minekov-nderon-artisten-me-rrenje-shqiptare\/","title":{"rendered":"Sh\u00ebtitorja e Belshit mban emrin e Lika Jankos, \u2018Pikasoja me fustan\u2019! &#8211; Ministri bullgar i Kultur\u00ebs Minekov nderon artisten me rr\u00ebnj\u00eb shqiptare."},"content":{"rendered":"<p><img data-recalc-dims=\"1\" loading=\"lazy\" decoding=\"async\" data-attachment-id=\"50847\" data-permalink=\"https:\/\/www.shqiperia.com\/blog\/shetitorja-e-belshit-mban-emrin-e-lika-jankos-pikasoja-me-fustan-ministri-bullgar-i-kultures-minekov-nderon-artisten-me-rrenje-shqiptare\/lika-janko\/\" data-orig-file=\"https:\/\/i0.wp.com\/www.shqiperia.com\/blog\/wp-content\/uploads\/2021\/10\/Lika-Janko.jpg?fit=850%2C478&amp;ssl=1\" data-orig-size=\"850,478\" data-comments-opened=\"1\" data-image-meta=\"{&quot;aperture&quot;:&quot;0&quot;,&quot;credit&quot;:&quot;&quot;,&quot;camera&quot;:&quot;&quot;,&quot;caption&quot;:&quot;&quot;,&quot;created_timestamp&quot;:&quot;0&quot;,&quot;copyright&quot;:&quot;&quot;,&quot;focal_length&quot;:&quot;0&quot;,&quot;iso&quot;:&quot;0&quot;,&quot;shutter_speed&quot;:&quot;0&quot;,&quot;title&quot;:&quot;&quot;,&quot;orientation&quot;:&quot;0&quot;}\" data-image-title=\"Lika Janko\" data-image-description=\"\" data-image-caption=\"\" data-medium-file=\"https:\/\/i0.wp.com\/www.shqiperia.com\/blog\/wp-content\/uploads\/2021\/10\/Lika-Janko.jpg?fit=300%2C169&amp;ssl=1\" data-large-file=\"https:\/\/i0.wp.com\/www.shqiperia.com\/blog\/wp-content\/uploads\/2021\/10\/Lika-Janko.jpg?fit=850%2C478&amp;ssl=1\" class=\"alignnone  wp-image-50847\" alt=\"\" src=\"https:\/\/i0.wp.com\/www.shqiperia.com\/blog\/wp-content\/uploads\/2021\/10\/Lika-Janko.jpg?resize=552%2C311&#038;ssl=1\" width=\"552\" height=\"311\" srcset=\"https:\/\/i0.wp.com\/www.shqiperia.com\/blog\/wp-content\/uploads\/2021\/10\/Lika-Janko.jpg?resize=300%2C169&amp;ssl=1 300w, https:\/\/i0.wp.com\/www.shqiperia.com\/blog\/wp-content\/uploads\/2021\/10\/Lika-Janko.jpg?resize=768%2C432&amp;ssl=1 768w, https:\/\/i0.wp.com\/www.shqiperia.com\/blog\/wp-content\/uploads\/2021\/10\/Lika-Janko.jpg?resize=450%2C253&amp;ssl=1 450w, https:\/\/i0.wp.com\/www.shqiperia.com\/blog\/wp-content\/uploads\/2021\/10\/Lika-Janko.jpg?resize=600%2C337&amp;ssl=1 600w, https:\/\/i0.wp.com\/www.shqiperia.com\/blog\/wp-content\/uploads\/2021\/10\/Lika-Janko.jpg?resize=400%2C225&amp;ssl=1 400w, https:\/\/i0.wp.com\/www.shqiperia.com\/blog\/wp-content\/uploads\/2021\/10\/Lika-Janko.jpg?w=850&amp;ssl=1 850w\" sizes=\"auto, (max-width: 552px) 100vw, 552px\" \/><\/p>\n<p>Sh\u00ebtitorja e Belshit mban emrin e Lika Jankos, \u2018Pikasoja me fustan\u2019! &#8211; Ministri bullgar i Kultur\u00ebs Minekov nderon artisten me rr\u00ebnj\u00eb shqiptare.<\/p>\n<p>Nga Dhurata Hamzai<\/p>\n<p>22 Tetor 2021<\/p>\n<p>Sh\u00ebtitorja e Liqenit t\u00eb Belshit, e ndri\u00e7uar nga nj\u00eb projekt i qeveris\u00eb bullgare do t\u00eb mbaj\u00eb emrin e piktores s\u00eb famshme bullgare me rr\u00ebnj\u00eb shqiptare Lika Janko. P\u00ebr nderimin e artistes, t\u00eb cil\u00ebn kritika europiane e ka quajtur \u201cPikasoja me fustan\u201d n\u00eb Belsh ishte Ministri i Kultur\u00ebs s\u00eb Bullgaris\u00eb Velisllav Minekov, i cili ka folur p\u00ebr jet\u00ebn e v\u00ebshtir\u00eb t\u00eb piktores n\u00ebn regjimin komunist dhe vlerat e artit t\u00eb saj.<\/p>\n<p>Ministri i Kultur\u00ebs i Bullgaris\u00eb Velisllav Minekov ndodhet p\u00ebr nj\u00eb vizit\u00eb t\u00eb shkurt\u00ebr n\u00eb Shqip\u00ebri me ftes\u00eb t\u00eb ministres shqiptare Elva Margariti p\u00ebr aktivizimin e marr\u00ebdh\u00ebnieve dypal\u00ebshe mes dy vendeve.<\/p>\n<div id=\"attachment_50848\" style=\"width: 712px\" class=\"wp-caption alignnone\"><img data-recalc-dims=\"1\" loading=\"lazy\" decoding=\"async\" aria-describedby=\"caption-attachment-50848\" data-attachment-id=\"50848\" data-permalink=\"https:\/\/www.shqiperia.com\/blog\/shetitorja-e-belshit-mban-emrin-e-lika-jankos-pikasoja-me-fustan-ministri-bullgar-i-kultures-minekov-nderon-artisten-me-rrenje-shqiptare\/vepra-te-piktores-lika-janok\/\" data-orig-file=\"https:\/\/i0.wp.com\/www.shqiperia.com\/blog\/wp-content\/uploads\/2021\/10\/Vepra-te-piktores-Lika-Janok.jpg?fit=300%2C168&amp;ssl=1\" data-orig-size=\"300,168\" data-comments-opened=\"1\" data-image-meta=\"{&quot;aperture&quot;:&quot;0&quot;,&quot;credit&quot;:&quot;&quot;,&quot;camera&quot;:&quot;&quot;,&quot;caption&quot;:&quot;&quot;,&quot;created_timestamp&quot;:&quot;0&quot;,&quot;copyright&quot;:&quot;&quot;,&quot;focal_length&quot;:&quot;0&quot;,&quot;iso&quot;:&quot;0&quot;,&quot;shutter_speed&quot;:&quot;0&quot;,&quot;title&quot;:&quot;&quot;,&quot;orientation&quot;:&quot;0&quot;}\" data-image-title=\"Vepra te piktores Lika Janok\" data-image-description=\"\" data-image-caption=\"&lt;p&gt;Vepra te piktores Lika Janok&lt;\/p&gt;\n\" data-medium-file=\"https:\/\/i0.wp.com\/www.shqiperia.com\/blog\/wp-content\/uploads\/2021\/10\/Vepra-te-piktores-Lika-Janok.jpg?fit=300%2C168&amp;ssl=1\" data-large-file=\"https:\/\/i0.wp.com\/www.shqiperia.com\/blog\/wp-content\/uploads\/2021\/10\/Vepra-te-piktores-Lika-Janok.jpg?fit=300%2C168&amp;ssl=1\" class=\" wp-image-50848\" alt=\"\" src=\"https:\/\/i0.wp.com\/www.shqiperia.com\/blog\/wp-content\/uploads\/2021\/10\/Vepra-te-piktores-Lika-Janok.jpg?resize=702%2C393&#038;ssl=1\" width=\"702\" height=\"393\" \/><p id=\"caption-attachment-50848\" class=\"wp-caption-text\">Vepra te piktores Lika Janok<\/p><\/div>\n<p>N\u00eb or\u00ebt e para t\u00eb dit\u00ebs, z. Minekov nderoi piktoren e famshme bullgare me rr\u00ebnj\u00eb shqiptare Lika Janko, emri i s\u00eb cil\u00ebs iu vu sh\u00ebtitores n\u00eb Parkun e Liqenit t\u00eb Belshit n\u00eb Elbasan.<\/p>\n<p>Ministri bullgar preu shiritin e p\u00ebrurimit p\u00ebr projektin e ndri\u00e7imit t\u00eb rrug\u00ebs \u201cLika Janko\u201d me led\u00a0 &#8220;All-in One Solar LED Lights Street&#8221;, financuar nga Republika e Bullgaris\u00eb.<\/p>\n<p>\u201cN\u00eb kuad\u00ebr t\u00eb bashk\u00ebpunimeve tona, na erdhi ideja p\u00ebr projektin p\u00ebr ndri\u00e7imin modern sipas sistemit LED q\u00eb punon me diell, sepse \u00ebsht\u00eb shum\u00eb efektiv nga ana ekomomike. K\u00ebshtu ne jemi t\u00eb lumtur, sepse banor\u00ebt e Belshit do t\u00eb ken\u00eb diell edhe gjat\u00eb nat\u00ebs. Nd\u00ebrkoh\u00eb Bullgaria ka edhe projekte t\u00eb tjera ndihm\u00ebse p\u00ebr nxitjen e turizmit edhe n\u00eb Devoll, Elbasan, Bulqiz\u00eb e t\u00eb tjera\u201d, tha Mom\u00e7ill Raj\u00e7evski.<\/p>\n<p>Z.Minekov foli me adhurim e nostalgji p\u00ebr piktoren me origjin\u00eb shqiptare Lika Janko.<\/p>\n<p>\u201cP\u00ebr mua, emri Lika Jankos \u00ebsht\u00eb me r\u00ebnd\u00ebsi shum\u00eb t\u00eb madhe, jo vet\u00ebm se \u00ebsht\u00eb me r\u00ebnd\u00ebsi p\u00ebr artin ton\u00eb bullgar, por nj\u00eb arsye p\u00ebr t\u2019u emocionuar \u00ebsht\u00eb se ne kishim lidhje miq\u00ebsore me t\u00eb.<\/p>\n<p>Babai im ishte mik i ngusht\u00eb i Lik\u00ebs dhe ajo ishte nj\u00eb person q\u00eb kishte pak miq.\u00a0 P\u00ebr fat t\u00eb keq ajo jetonte n\u00eb rrethana t\u00eb trishtuara, sepse ajo nuk ishte n\u00eb p\u00ebrputhje me kanonin e artit t\u00eb koh\u00ebs. Artin e saj e quanin skandaloz dhe t\u00eb pad\u00ebshiruar p\u00ebr shoq\u00ebrin\u00eb komuniste.\u00a0 Ajo shpesh nuk kishte buk\u00eb t\u00eb hante, nd\u00ebrsa sot \u00ebsht\u00eb e v\u00ebshtir\u00eb t\u00eb blesh nj\u00eb piktur\u00eb t\u00eb saj, edhe p\u00ebr faktin se ajo nuk \u00ebsht\u00eb ngutur n\u00eb krijimtari. Veprat e saj tashm\u00eb shum\u00eb t\u00eb \u00e7muara jan\u00eb pron\u00eb e koleksionist\u00ebve dhe galerive t\u00eb bot\u00ebs\u201d, tha Velisllav Minekov.<\/p>\n<div id=\"attachment_50849\" style=\"width: 771px\" class=\"wp-caption alignnone\"><img data-recalc-dims=\"1\" loading=\"lazy\" decoding=\"async\" aria-describedby=\"caption-attachment-50849\" data-attachment-id=\"50849\" data-permalink=\"https:\/\/www.shqiperia.com\/blog\/shetitorja-e-belshit-mban-emrin-e-lika-jankos-pikasoja-me-fustan-ministri-bullgar-i-kultures-minekov-nderon-artisten-me-rrenje-shqiptare\/vepra-te-piktores-lika-janok-2\/\" data-orig-file=\"https:\/\/i0.wp.com\/www.shqiperia.com\/blog\/wp-content\/uploads\/2021\/10\/Vepra-te-piktores-Lika-Janok-2.jpg?fit=300%2C168&amp;ssl=1\" data-orig-size=\"300,168\" data-comments-opened=\"1\" data-image-meta=\"{&quot;aperture&quot;:&quot;0&quot;,&quot;credit&quot;:&quot;&quot;,&quot;camera&quot;:&quot;&quot;,&quot;caption&quot;:&quot;&quot;,&quot;created_timestamp&quot;:&quot;0&quot;,&quot;copyright&quot;:&quot;&quot;,&quot;focal_length&quot;:&quot;0&quot;,&quot;iso&quot;:&quot;0&quot;,&quot;shutter_speed&quot;:&quot;0&quot;,&quot;title&quot;:&quot;&quot;,&quot;orientation&quot;:&quot;0&quot;}\" data-image-title=\"Vepra te piktores Lika Janok (2)\" data-image-description=\"\" data-image-caption=\"&lt;p&gt;Vepra te piktores Lika Janok&lt;\/p&gt;\n\" data-medium-file=\"https:\/\/i0.wp.com\/www.shqiperia.com\/blog\/wp-content\/uploads\/2021\/10\/Vepra-te-piktores-Lika-Janok-2.jpg?fit=300%2C168&amp;ssl=1\" data-large-file=\"https:\/\/i0.wp.com\/www.shqiperia.com\/blog\/wp-content\/uploads\/2021\/10\/Vepra-te-piktores-Lika-Janok-2.jpg?fit=300%2C168&amp;ssl=1\" class=\" wp-image-50849\" alt=\"\" src=\"https:\/\/i0.wp.com\/www.shqiperia.com\/blog\/wp-content\/uploads\/2021\/10\/Vepra-te-piktores-Lika-Janok-2.jpg?resize=761%2C426&#038;ssl=1\" width=\"761\" height=\"426\" \/><p id=\"caption-attachment-50849\" class=\"wp-caption-text\">Vepra te piktores Lika Janok<\/p><\/div>\n<p>N\u00eb ceremonin\u00eb zyrtare t\u00eb p\u00ebrurimit ishin t\u00eb pranish\u00ebm kryetari i bashkis\u00eb s\u00eb Belshit, Arif Tafani, z\u00ebvend\u00ebsministrja e Kultur\u00ebs, znj. Meri Kumbe, ambasadori bullgar z. Mom\u00e7ill Raj\u00e7evski, Konsulli i Nderit t\u00eb Bullgaris\u00eb z.Selim Hoxhaj dhe ekipi i Ambasad\u00ebs Bullgare n\u00eb Tiran\u00eb.<\/p>\n<p>Artistja e talentuar bullgare Evangjelina Janko Grabova, me em\u00ebr arti Lika Janko, e cil\u00ebsuar nga kritika europiane si \u201cPikasoja me fustan\u201d, ka nd\u00ebrruar\u00a0 jet\u00eb n\u00eb vitin 2001.<\/p>\n<p>Punimet e saj jan\u00eb t\u00eb frym\u00ebzuara nga artist\u00ebt europian\u00eb, si dhe nga kultura bullgare dhe ajo shqiptare.<\/p>\n<p>Gazeta Shqiptarja.com<\/p>\n","protected":false},"excerpt":{"rendered":"<p>Sh\u00ebtitorja e Belshit mban emrin e Lika Jankos, \u2018Pikasoja me fustan\u2019! &#8211; Ministri bullgar i Kultur\u00ebs Minekov nderon artisten me rr\u00ebnj\u00eb shqiptare. Nga Dhurata Hamzai 22 Tetor 2021 Sh\u00ebtitorja e Liqenit t\u00eb Belshit, e ndri\u00e7uar nga nj\u00eb projekt i qeveris\u00eb bullgare do t\u00eb mbaj\u00eb emrin e piktores s\u00eb famshme bullgare me rr\u00ebnj\u00eb shqiptare Lika Janko. [&hellip;]<\/p>\n","protected":false},"author":9,"featured_media":50847,"comment_status":"open","ping_status":"open","sticky":false,"template":"","format":"standard","meta":{"jetpack_post_was_ever_published":false,"_jetpack_newsletter_access":"","_jetpack_dont_email_post_to_subs":false,"_jetpack_newsletter_tier_id":0,"_jetpack_memberships_contains_paywalled_content":false,"_jetpack_memberships_contains_paid_content":false,"footnotes":"","jetpack_publicize_message":"","jetpack_publicize_feature_enabled":true,"jetpack_social_post_already_shared":true,"jetpack_social_options":{"image_generator_settings":{"template":"highway","default_image_id":0,"font":"","enabled":false},"version":2}},"categories":[87,10,86],"tags":[],"class_list":["post-50846","post","type-post","status-publish","format-standard","has-post-thumbnail","hentry","category-arte","category-kultura","category-trashegimi-kulturore"],"jetpack_publicize_connections":[],"jetpack_featured_media_url":"https:\/\/i0.wp.com\/www.shqiperia.com\/blog\/wp-content\/uploads\/2021\/10\/Lika-Janko.jpg?fit=850%2C478&ssl=1","jetpack_sharing_enabled":true,"jetpack_shortlink":"https:\/\/wp.me\/p5Z6wp-de6","jetpack-related-posts":[{"id":3829,"url":"https:\/\/www.shqiperia.com\/blog\/si-e-njoha-artisten-e-madhe-origjine-shqiptare-lika-janko\/","url_meta":{"origin":50846,"position":0},"title":"Si e njoha artisten e madhe me origjin\u00eb shqiptare, Lika Janko. &#8211;","author":"Kurt Farka","date":"February 24, 2018","format":false,"excerpt":"Nga: Nadire Buzo. - Kritik\u00ebt e artit e quajn\u00eb \u201cPikasoja me fustan\u201d..! Nj\u00eb ftes\u00eb p\u00ebr takimin p\u00ebrkujtimor, q\u00eb organizohet sot n\u00eb or\u00ebn 18:00 nga Konsullata e Nderit e Republik\u00ebs s\u00eb Bullgaris\u00eb n\u00eb Shqip\u00ebri dhe Galeria Komb\u00ebtare e Arteve me rastin e 85 vjetorit t\u00eb lindjes s\u00eb piktores Lika Janko (1928\u2026","rel":"","context":"In &quot;Arte&quot;","block_context":{"text":"Arte","link":"https:\/\/www.shqiperia.com\/blog\/category\/arte\/"},"img":{"alt_text":"","src":"https:\/\/i0.wp.com\/www.shqiperia.com\/blog\/wp-content\/uploads\/2018\/02\/13-11-29-04147_1-241x300.jpg?resize=350%2C200","width":350,"height":200},"classes":[]},{"id":94194,"url":"https:\/\/www.shqiperia.com\/blog\/parisi-nderon-ismail-kadarene-pllake-perkujtimore-ne-zemer-te-kryeqytetit-francez\/","url_meta":{"origin":50846,"position":1},"title":"Parisi nderon Ismail Kadaren\u00eb, pllak\u00eb p\u00ebrkujtimore n\u00eb zem\u00ebr t\u00eb kryeqytetit francez","author":"Kurt Farka","date":"October 10, 2025","format":false,"excerpt":"10 Tetor 2025 Parisi nderon kolosin e let\u00ebrsis\u00eb shqiptare Ismail Kadare. Nj\u00eb pllak\u00eb p\u00ebrkujtimore n\u00eb nder t\u00eb tij n\u00eb kryeqytetin francez. Lajmin e b\u00ebri t\u00eb ditur n\u00eb nj\u00eb reagim n\u00eb rrjetet sociale, Ambasada e Republik\u00ebs s\u00eb Shqip\u00ebris\u00eb n\u00eb Franc\u00eb, duke e cil\u00ebsuar k\u00ebt\u00eb vendim si nj\u00eb akt nderimi jo vet\u00ebm\u2026","rel":"","context":"In &quot;Blogu i Udh\u00ebtarit&quot;","block_context":{"text":"Blogu i Udh\u00ebtarit","link":"https:\/\/www.shqiperia.com\/blog\/category\/blogu-i-udhetarit\/"},"img":{"alt_text":"","src":"https:\/\/i0.wp.com\/www.shqiperia.com\/blog\/wp-content\/uploads\/2025\/10\/ismail-kadare.jpeg?fit=1190%2C800&ssl=1&resize=350%2C200","width":350,"height":200,"srcset":"https:\/\/i0.wp.com\/www.shqiperia.com\/blog\/wp-content\/uploads\/2025\/10\/ismail-kadare.jpeg?fit=1190%2C800&ssl=1&resize=350%2C200 1x, https:\/\/i0.wp.com\/www.shqiperia.com\/blog\/wp-content\/uploads\/2025\/10\/ismail-kadare.jpeg?fit=1190%2C800&ssl=1&resize=525%2C300 1.5x, https:\/\/i0.wp.com\/www.shqiperia.com\/blog\/wp-content\/uploads\/2025\/10\/ismail-kadare.jpeg?fit=1190%2C800&ssl=1&resize=700%2C400 2x, https:\/\/i0.wp.com\/www.shqiperia.com\/blog\/wp-content\/uploads\/2025\/10\/ismail-kadare.jpeg?fit=1190%2C800&ssl=1&resize=1050%2C600 3x"},"classes":[]},{"id":5163,"url":"https:\/\/www.shqiperia.com\/blog\/ceshtja-shqiptare-1909-1912-permes-kendveshtrimit-te-studimit-bullgar\/","url_meta":{"origin":50846,"position":2},"title":"\u00c7\u00ebshtja shqiptare (1909-1912) p\u00ebrmes k\u00ebndv\u00ebshtrimit t\u00eb studimit bullgar. &#8211;","author":"Kurt Farka","date":"March 19, 2018","format":false,"excerpt":"Nga: Jordanka Ivnova. - Sh\u00ebnojm\u00eb 25 vjet nga n\u00ebnshkrimi i Traktatit p\u00ebr fqinj\u00ebsi dhe bashk\u00ebpunim nd\u00ebrmjet Bullgaris\u00eb dhe Shqip\u00ebris\u00eb. Minoriteti bullgar n\u00eb Bullgari u njoh zyrtarisht gjat\u00eb vitit t\u00eb kaluar. P\u00ebrpjekjet diplomatike nga ana e Bullgaris\u00eb n\u00eb p\u00ebrkrahje t\u00eb perspektiv\u00ebs evropiane t\u00eb shtetit t\u00eb Ballkanit Per\u00ebndimor jan\u00eb t\u00eb vazhdueshme. Tendencat\u2026","rel":"","context":"In &quot;Histori&quot;","block_context":{"text":"Histori","link":"https:\/\/www.shqiperia.com\/blog\/category\/histori\/"},"img":{"alt_text":"","src":"https:\/\/i0.wp.com\/www.shqiperia.com\/blog\/wp-content\/uploads\/2018\/03\/b3cd960eb611ee1ddcaedcf7f64bcce3.jpg?fit=850%2C478&ssl=1&resize=350%2C200","width":350,"height":200,"srcset":"https:\/\/i0.wp.com\/www.shqiperia.com\/blog\/wp-content\/uploads\/2018\/03\/b3cd960eb611ee1ddcaedcf7f64bcce3.jpg?fit=850%2C478&ssl=1&resize=350%2C200 1x, https:\/\/i0.wp.com\/www.shqiperia.com\/blog\/wp-content\/uploads\/2018\/03\/b3cd960eb611ee1ddcaedcf7f64bcce3.jpg?fit=850%2C478&ssl=1&resize=525%2C300 1.5x, https:\/\/i0.wp.com\/www.shqiperia.com\/blog\/wp-content\/uploads\/2018\/03\/b3cd960eb611ee1ddcaedcf7f64bcce3.jpg?fit=850%2C478&ssl=1&resize=700%2C400 2x"},"classes":[]},{"id":38884,"url":"https:\/\/www.shqiperia.com\/blog\/maqedonia-e-veriut-serish-ne-telashe-bullgaria-i-bllokon-negociatat-nuk-ka-komb-dhe-as-gjuhe-maqedonase\/","url_meta":{"origin":50846,"position":3},"title":"Maqedonia e Veriut s\u00ebrish n\u00eb telashe. Bullgaria i bllokon negociatat: Nuk ka komb dhe as gjuh\u00eb maqedonase","author":"Kurt Farka","date":"September 24, 2020","format":false,"excerpt":"Maqedonia e Veriut s\u00ebrish n\u00eb telashe. Bullgaria i bllokon negociatat: Nuk ka komb dhe as gjuh\u00eb maqedonase. 24 shtator 2020 Qeveria bullgare do q\u00eb BE-ja t\u2019i ndaloj\u00eb negociatat e pranimit me Maqedonin\u00eb e Veriut, derisa vendi kandidat t\u00eb pranoj\u00eb se \u00ebsht\u00eb historikisht dhe gjuh\u00ebsisht pjes\u00eb e Bullgaris\u00eb. Nj\u00eb mosmarr\u00ebveshje historike\u2026","rel":"","context":"In &quot;Blogu i Udh\u00ebtarit&quot;","block_context":{"text":"Blogu i Udh\u00ebtarit","link":"https:\/\/www.shqiperia.com\/blog\/category\/blogu-i-udhetarit\/"},"img":{"alt_text":"","src":"https:\/\/i0.wp.com\/www.shqiperia.com\/blog\/wp-content\/uploads\/2020\/09\/sheshi-Maqedonia-Shkup-1.jpg?fit=1200%2C662&ssl=1&resize=350%2C200","width":350,"height":200,"srcset":"https:\/\/i0.wp.com\/www.shqiperia.com\/blog\/wp-content\/uploads\/2020\/09\/sheshi-Maqedonia-Shkup-1.jpg?fit=1200%2C662&ssl=1&resize=350%2C200 1x, https:\/\/i0.wp.com\/www.shqiperia.com\/blog\/wp-content\/uploads\/2020\/09\/sheshi-Maqedonia-Shkup-1.jpg?fit=1200%2C662&ssl=1&resize=525%2C300 1.5x, https:\/\/i0.wp.com\/www.shqiperia.com\/blog\/wp-content\/uploads\/2020\/09\/sheshi-Maqedonia-Shkup-1.jpg?fit=1200%2C662&ssl=1&resize=700%2C400 2x, https:\/\/i0.wp.com\/www.shqiperia.com\/blog\/wp-content\/uploads\/2020\/09\/sheshi-Maqedonia-Shkup-1.jpg?fit=1200%2C662&ssl=1&resize=1050%2C600 3x"},"classes":[]},{"id":48638,"url":"https:\/\/www.shqiperia.com\/blog\/monumentet-kultures-po-i-demtojme-me-mire-do-ishim-pa-ministri-kulture\/","url_meta":{"origin":50846,"position":4},"title":"Monumentet Kultures po i demtojme. Me mire do ishim pa Ministri Kulture.","author":"Kurt Farka","date":"July 20, 2021","format":false,"excerpt":"Monumentet Kultures po i demtojme. Me mire do ishim pa Ministri Kulture. Vepret e artit ne kishat e Voskopojes jane konservuar, restauruar qe ne periudhen e Mbreterise Shqiptare. Epo atehere ne si shtet nuk kishim kremtuar as 25 vjetorin e Pavarsise. Nga media morem vesh se eshte demtuar catija e\u2026","rel":"","context":"In &quot;Arte&quot;","block_context":{"text":"Arte","link":"https:\/\/www.shqiperia.com\/blog\/category\/arte\/"},"img":{"alt_text":"","src":"https:\/\/i0.wp.com\/www.shqiperia.com\/blog\/wp-content\/uploads\/2021\/07\/medieval-frescoes-in-the-church-of-st-athanasius-the-apostolic-kisha-B6152F.jpg?fit=1122%2C531&ssl=1&resize=350%2C200","width":350,"height":200,"srcset":"https:\/\/i0.wp.com\/www.shqiperia.com\/blog\/wp-content\/uploads\/2021\/07\/medieval-frescoes-in-the-church-of-st-athanasius-the-apostolic-kisha-B6152F.jpg?fit=1122%2C531&ssl=1&resize=350%2C200 1x, https:\/\/i0.wp.com\/www.shqiperia.com\/blog\/wp-content\/uploads\/2021\/07\/medieval-frescoes-in-the-church-of-st-athanasius-the-apostolic-kisha-B6152F.jpg?fit=1122%2C531&ssl=1&resize=525%2C300 1.5x, https:\/\/i0.wp.com\/www.shqiperia.com\/blog\/wp-content\/uploads\/2021\/07\/medieval-frescoes-in-the-church-of-st-athanasius-the-apostolic-kisha-B6152F.jpg?fit=1122%2C531&ssl=1&resize=700%2C400 2x, https:\/\/i0.wp.com\/www.shqiperia.com\/blog\/wp-content\/uploads\/2021\/07\/medieval-frescoes-in-the-church-of-st-athanasius-the-apostolic-kisha-B6152F.jpg?fit=1122%2C531&ssl=1&resize=1050%2C600 3x"},"classes":[]},{"id":62286,"url":"https:\/\/www.shqiperia.com\/blog\/identiteti-ilir-arberor-i-kalabardhasve-nuk-eshte-placke-tregu-pjesa-e-pare\/","url_meta":{"origin":50846,"position":5},"title":"Identiteti ilir-arb\u00ebror i kalabardhasve nuk \u00ebsht\u00eb pla\u00e7k\u00eb tregu. (Pjesa e Pare).","author":"Kurt Farka","date":"September 15, 2022","format":false,"excerpt":"Nga: KADRI DAUTI 15 Shtator 2022. N\u00eb kuadrin e reform\u00ebs s\u00eb re administrative territoriale q\u00eb po nd\u00ebrmerret, muajt e fundit, disa shoqata kan\u00eb shprehur k\u00ebrkesat p\u00ebr t\u00eb shpallur bashki krahin\u00ebn e Kalabardh\u00eb (ish-Golloborda). Pretendimet ndahen n\u00eb tre grupe lidhur me etnin\u00eb. Shoqata Atdhetare \u00abHazis Lila\u00bb k\u00ebrkon shpalljen e bashkis\u00eb mbi\u2026","rel":"","context":"In &quot;Blogu i Udh\u00ebtarit&quot;","block_context":{"text":"Blogu i Udh\u00ebtarit","link":"https:\/\/www.shqiperia.com\/blog\/category\/blogu-i-udhetarit\/"},"img":{"alt_text":"","src":"https:\/\/i0.wp.com\/www.shqiperia.com\/blog\/wp-content\/uploads\/2022\/09\/KADRI-DAUTI-1.jpg?fit=800%2C876&ssl=1&resize=350%2C200","width":350,"height":200,"srcset":"https:\/\/i0.wp.com\/www.shqiperia.com\/blog\/wp-content\/uploads\/2022\/09\/KADRI-DAUTI-1.jpg?fit=800%2C876&ssl=1&resize=350%2C200 1x, https:\/\/i0.wp.com\/www.shqiperia.com\/blog\/wp-content\/uploads\/2022\/09\/KADRI-DAUTI-1.jpg?fit=800%2C876&ssl=1&resize=525%2C300 1.5x, https:\/\/i0.wp.com\/www.shqiperia.com\/blog\/wp-content\/uploads\/2022\/09\/KADRI-DAUTI-1.jpg?fit=800%2C876&ssl=1&resize=700%2C400 2x"},"classes":[]}],"_links":{"self":[{"href":"https:\/\/www.shqiperia.com\/blog\/wp-json\/wp\/v2\/posts\/50846","targetHints":{"allow":["GET"]}}],"collection":[{"href":"https:\/\/www.shqiperia.com\/blog\/wp-json\/wp\/v2\/posts"}],"about":[{"href":"https:\/\/www.shqiperia.com\/blog\/wp-json\/wp\/v2\/types\/post"}],"author":[{"embeddable":true,"href":"https:\/\/www.shqiperia.com\/blog\/wp-json\/wp\/v2\/users\/9"}],"replies":[{"embeddable":true,"href":"https:\/\/www.shqiperia.com\/blog\/wp-json\/wp\/v2\/comments?post=50846"}],"version-history":[{"count":1,"href":"https:\/\/www.shqiperia.com\/blog\/wp-json\/wp\/v2\/posts\/50846\/revisions"}],"predecessor-version":[{"id":50850,"href":"https:\/\/www.shqiperia.com\/blog\/wp-json\/wp\/v2\/posts\/50846\/revisions\/50850"}],"wp:featuredmedia":[{"embeddable":true,"href":"https:\/\/www.shqiperia.com\/blog\/wp-json\/wp\/v2\/media\/50847"}],"wp:attachment":[{"href":"https:\/\/www.shqiperia.com\/blog\/wp-json\/wp\/v2\/media?parent=50846"}],"wp:term":[{"taxonomy":"category","embeddable":true,"href":"https:\/\/www.shqiperia.com\/blog\/wp-json\/wp\/v2\/categories?post=50846"},{"taxonomy":"post_tag","embeddable":true,"href":"https:\/\/www.shqiperia.com\/blog\/wp-json\/wp\/v2\/tags?post=50846"}],"curies":[{"name":"wp","href":"https:\/\/api.w.org\/{rel}","templated":true}]}}