{"id":50842,"date":"2021-10-24T10:13:51","date_gmt":"2021-10-24T10:13:51","guid":{"rendered":"https:\/\/www.shqiperia.com\/blog\/?p=50842"},"modified":"2021-10-24T10:17:28","modified_gmt":"2021-10-24T10:17:28","slug":"1500-euro-me-ka-ofruar-45-vjecarja-shet-mbiemrin-tek-djemte-me-klecka-qe-kane-probleme-me-ligjin-ne-shqiperi","status":"publish","type":"post","link":"https:\/\/www.shqiperia.com\/blog\/1500-euro-me-ka-ofruar-45-vjecarja-shet-mbiemrin-tek-djemte-me-klecka-qe-kane-probleme-me-ligjin-ne-shqiperi\/","title":{"rendered":"\u201c1500 euro m\u00eb ka ofruar\u201d! &#8211; 45-vje\u00e7arja shet mbiemrin tek djemt\u00eb me \u2018kle\u00e7ka\u2019 q\u00eb kan\u00eb probleme me ligjin ne Shqip\u00ebri"},"content":{"rendered":"<p><img data-recalc-dims=\"1\" loading=\"lazy\" decoding=\"async\" data-attachment-id=\"50843\" data-permalink=\"https:\/\/www.shqiperia.com\/blog\/1500-euro-me-ka-ofruar-45-vjecarja-shet-mbiemrin-tek-djemte-me-klecka-qe-kane-probleme-me-ligjin-ne-shqiperi\/640-0-39ffd0a42bfbf6e4f5938775a802c680\/\" data-orig-file=\"https:\/\/i0.wp.com\/www.shqiperia.com\/blog\/wp-content\/uploads\/2021\/10\/640-0-39ffd0a42bfbf6e4f5938775a802c680.jpeg?fit=640%2C361&amp;ssl=1\" data-orig-size=\"640,361\" data-comments-opened=\"1\" data-image-meta=\"{&quot;aperture&quot;:&quot;0&quot;,&quot;credit&quot;:&quot;&quot;,&quot;camera&quot;:&quot;&quot;,&quot;caption&quot;:&quot;&quot;,&quot;created_timestamp&quot;:&quot;0&quot;,&quot;copyright&quot;:&quot;&quot;,&quot;focal_length&quot;:&quot;0&quot;,&quot;iso&quot;:&quot;0&quot;,&quot;shutter_speed&quot;:&quot;0&quot;,&quot;title&quot;:&quot;&quot;,&quot;orientation&quot;:&quot;0&quot;}\" data-image-title=\"-640-0-39ffd0a42bfbf6e4f5938775a802c680\" data-image-description=\"\" data-image-caption=\"\" data-medium-file=\"https:\/\/i0.wp.com\/www.shqiperia.com\/blog\/wp-content\/uploads\/2021\/10\/640-0-39ffd0a42bfbf6e4f5938775a802c680.jpeg?fit=300%2C169&amp;ssl=1\" data-large-file=\"https:\/\/i0.wp.com\/www.shqiperia.com\/blog\/wp-content\/uploads\/2021\/10\/640-0-39ffd0a42bfbf6e4f5938775a802c680.jpeg?fit=640%2C361&amp;ssl=1\" class=\"alignnone wp-image-50843\" alt=\"\" src=\"https:\/\/i0.wp.com\/www.shqiperia.com\/blog\/wp-content\/uploads\/2021\/10\/640-0-39ffd0a42bfbf6e4f5938775a802c680.jpeg?resize=577%2C325&#038;ssl=1\" width=\"577\" height=\"325\" srcset=\"https:\/\/i0.wp.com\/www.shqiperia.com\/blog\/wp-content\/uploads\/2021\/10\/640-0-39ffd0a42bfbf6e4f5938775a802c680.jpeg?resize=300%2C169&amp;ssl=1 300w, https:\/\/i0.wp.com\/www.shqiperia.com\/blog\/wp-content\/uploads\/2021\/10\/640-0-39ffd0a42bfbf6e4f5938775a802c680.jpeg?resize=450%2C254&amp;ssl=1 450w, https:\/\/i0.wp.com\/www.shqiperia.com\/blog\/wp-content\/uploads\/2021\/10\/640-0-39ffd0a42bfbf6e4f5938775a802c680.jpeg?resize=600%2C338&amp;ssl=1 600w, https:\/\/i0.wp.com\/www.shqiperia.com\/blog\/wp-content\/uploads\/2021\/10\/640-0-39ffd0a42bfbf6e4f5938775a802c680.jpeg?resize=400%2C226&amp;ssl=1 400w, https:\/\/i0.wp.com\/www.shqiperia.com\/blog\/wp-content\/uploads\/2021\/10\/640-0-39ffd0a42bfbf6e4f5938775a802c680.jpeg?w=640&amp;ssl=1 640w\" sizes=\"auto, (max-width: 577px) 100vw, 577px\" \/><\/p>\n<p>\u201c1500 euro m\u00eb ka ofruar\u201d! &#8211; 45-vje\u00e7arja shet mbiemrin tek djemt\u00eb me \u2018kle\u00e7ka\u2019 q\u00eb kan\u00eb probleme me ligjin ne Shqip\u00ebri<\/p>\n<p>23 tetor 2021<\/p>\n<p>&#8220;\u00cbsht\u00eb martuar p\u00ebr letra&#8221; \u00ebsht\u00eb nj\u00eb shprehje q\u00eb e kemi d\u00ebgjuar prej disa vitesh tashm\u00eb p\u00ebr t\u00eb rinjt\u00eb shqiptar\u00eb q\u00eb martohen jasht\u00eb vendit p\u00ebr t\u00eb marr\u00eb letrat dhe leje q\u00ebndrimin.<\/p>\n<p>Por, ka nj\u00eb tjet\u00ebr &#8216;lloj martese&#8217; q\u00eb \u00ebsht\u00eb b\u00ebr\u00eb trend n\u00eb vendin ton\u00eb. \u00cbsht\u00eb martesa me vajza shqiptare p\u00ebr t\u00eb ndryshuar mbiemrin.<\/p>\n<ol>\n<li>Xh \u00ebsht\u00eb 45-vjecare, beqare me nj\u00eb jet\u00eb normale n\u00eb periferi t\u00eb Tiran\u00ebs. Ajo jeton vet\u00ebm dhe si\u00e7 tregon jeta e saj ka qen\u00eb shum\u00eb e v\u00ebshtir\u00eb pasi m\u00eb shum\u00eb nuk punonte sesa punonte.<\/li>\n<\/ol>\n<p>Para tet\u00eb vitesh, nj\u00eb i af\u00ebrm i saj i b\u00ebri nj\u00eb propozim, t\u00eb martohej n\u00eb shk\u00ebmbim t\u00eb parave.<\/p>\n<p>Po, dikujt i duhej t\u00eb ndryshonte mbiemrin dhe ishte gati t\u00eb paguante p\u00ebr k\u00ebt\u00eb &#8220;sh\u00ebrbim&#8221;.<\/p>\n<ol>\n<li>Xh pranoi, m\u00eb s\u00eb shumti sepse pagesa ishte 1500\u20ac.<\/li>\n<\/ol>\n<p>&#8220;Nuk i njoh fare, m&#8217;i gjejn\u00eb t\u00eb tjer\u00ebt dhe un\u00eb thjesht\u00eb hedh firm\u00ebn se pranoj t\u00eb martohem e marr lek\u00ebt&#8221;, thot\u00eb duke qeshur L.Xh.<\/p>\n<p>Ajo tregon se deri m\u00eb tani \u00ebsht\u00eb martuar tre her\u00eb, pa asnj\u00eb problem.<\/p>\n<p>&#8220;Her\u00ebn e par\u00eb, si\u00e7 thash\u00eb, ma gjeti &#8220;burrin&#8221; nj\u00eb i af\u00ebrm. Her\u00ebn e dyt\u00eb dhe t\u00eb tret\u00eb erdh\u00ebn vet\u00eb dhe m\u00eb gjet\u00ebn&#8221;, tregon L.Xh e cila shton se n\u00eb t\u00eb v\u00ebrtet\u00eb nuk ka pasur asnj\u00eb kontakt me &#8216;bashk\u00ebshort\u00ebt&#8217; e saj dhe as nuk e di arsyen e v\u00ebrtet\u00eb pse ato kan\u00eb dashur t\u00eb ndryshojn\u00eb mbiem\u00ebr.<\/p>\n<p>&#8220;1500\u20ac m\u00eb ka ofruar burri i par\u00eb dhe pastaj vendosa t\u00eb mbaja k\u00ebt\u00eb \u00e7mim. N\u00eb fakt asnj\u00ebri nga dy t\u00eb tjer\u00ebt nuk m\u00eb kan\u00eb b\u00ebr\u00eb naze p\u00ebr \u00e7mimin&#8221;.<\/p>\n<p>Nj\u00eb p\u00ebrgjegj\u00ebs i gjendjes civile thot\u00eb p\u00ebr Gazetasi.al se ka disa vite q\u00eb martesa p\u00ebr t\u00eb ndryshuar mbiemrin \u00ebsht\u00eb kthyer n\u00eb nj\u00eb trend.<\/p>\n<p>&#8220;N\u00eb vitin 2019 kam b\u00ebr\u00eb af\u00ebrsisht 20 martesa t\u00eb tilla. Nuk ka nevoj\u00eb ta thot\u00eb njeri se \u00ebsht\u00eb nj\u00eb martes\u00eb interesi pasi jan\u00eb gjithmon\u00eb i nj\u00ebjti lloj \u00e7ifti. Djali \u00ebsht\u00eb rreth t\u00eb 22-30 dhe gruaja \u00ebsht\u00eb m\u00eb e madhe n\u00eb mosh\u00eb, ku duket fare mir\u00eb nga rrobat dhe m\u00ebnyra si shprehet se \u00ebsht\u00eb n\u00eb kushte jo t\u00eb mira ekonomike dhe nuk \u00ebsht\u00eb e arsimuar&#8221;.<\/p>\n<p>Punonj\u00ebsi i gjendjes civile thot\u00eb se shumica e djemve shkojn\u00eb tek ai m\u00eb par\u00eb q\u00eb t\u00eb &#8216;informohen&#8217; p\u00ebr martes\u00ebn dhe t\u00eb sigurohen se nuk do t\u00eb ken\u00eb asnj\u00eb problem.<\/p>\n<p>Th\u00ebn\u00eb kjo, duket se nj\u00eb martes\u00eb p\u00ebr t\u00eb ndryshuar mbiemrin ju kushton t\u00eb rinjve shqiptar\u00eb plot 2 mij\u00eb \u20ac pasi 500\u20ac jan\u00eb p\u00ebr punonj\u00ebsin e gjendjes civile, ai q\u00eb do i martoj\u00eb, q\u00eb dhe kujdeset q\u00eb mos t\u00eb ket\u00eb asnj\u00eb problem kuror\u00ebzimi edhe pse ai e ka p\u00ebr detyr\u00eb t\u00eb martoj\u00eb k\u00ebdo q\u00eb vjen me d\u00ebshir\u00eb t\u00eb plot\u00eb p\u00ebr t\u2019u martuar.<\/p>\n<p>Por, ka dhe t\u00eb rinj t\u00eb tjer\u00eb q\u00eb jan\u00eb me fat dhe kan\u00eb gjetur nj\u00eb &#8220;nuse&#8221; pa para.<\/p>\n<p>A.M (iniciale t\u00eb ndryshuara) para disa vitesh u arrestua n\u00eb Greqi ku q\u00ebndroi p\u00ebr disa jav\u00eb n\u00eb paraburgim. Pasi u lirua, u d\u00ebrgua n\u00eb Shqip\u00ebri dhe nuk i lejohej t\u00eb l\u00ebvizte m\u00eb jasht\u00eb vendit&#8230; me mbiemrin e tij.<\/p>\n<p>E vetmja m\u00ebnyr\u00eb q\u00eb kishte p\u00ebr t\u00eb dal\u00eb jasht\u00eb Shqip\u00ebris\u00eb ishte t\u00eb ndryshonte mbiemrin dhe k\u00ebt\u00eb mund ta b\u00ebnte n\u00ebse martohej me dik\u00eb dhe merrte mbiemrin e bashk\u00ebshortes.<\/p>\n<p>Si nj\u00eb martes\u00eb q\u00eb nuk ka asnj\u00eb vler\u00eb, ai martua me shoqen e tij t\u00eb f\u00ebmij\u00ebris\u00eb dhe k\u00ebshtu arriti t\u00eb shkonte n\u00eb Franc\u00eb ku dhe po jeton sot.<\/p>\n<p>A.M tregon se shum\u00eb shok\u00eb t\u00eb tij jan\u00eb martuar n\u00eb k\u00ebt\u00eb m\u00ebnyr\u00eb por duke dh\u00ebn\u00eb nj\u00eb shum\u00eb t\u00eb caktuar q\u00eb varion nga 1000\u20ac n\u00eb 2000\u20ac, n\u00eb var\u00ebsi t\u00eb vet\u00eb personit tjet\u00ebr q\u00eb vendos nj\u00eb \u00e7mim &#8220;merre ose lere&#8221;.\/ Gazeta Si<\/p>\n<p>Gazeta Shqip<\/p>\n","protected":false},"excerpt":{"rendered":"<p>\u201c1500 euro m\u00eb ka ofruar\u201d! &#8211; 45-vje\u00e7arja shet mbiemrin tek djemt\u00eb me \u2018kle\u00e7ka\u2019 q\u00eb kan\u00eb probleme me ligjin ne Shqip\u00ebri 23 tetor 2021 &#8220;\u00cbsht\u00eb martuar p\u00ebr letra&#8221; \u00ebsht\u00eb nj\u00eb shprehje q\u00eb e kemi d\u00ebgjuar prej disa vitesh tashm\u00eb p\u00ebr t\u00eb rinjt\u00eb shqiptar\u00eb q\u00eb martohen jasht\u00eb vendit p\u00ebr t\u00eb marr\u00eb letrat dhe leje q\u00ebndrimin. Por, ka [&hellip;]<\/p>\n","protected":false},"author":9,"featured_media":50843,"comment_status":"open","ping_status":"open","sticky":false,"template":"","format":"standard","meta":{"jetpack_post_was_ever_published":false,"_jetpack_newsletter_access":"","_jetpack_dont_email_post_to_subs":false,"_jetpack_newsletter_tier_id":0,"_jetpack_memberships_contains_paywalled_content":false,"_jetpack_memberships_contains_paid_content":false,"footnotes":"","jetpack_publicize_message":"","jetpack_publicize_feature_enabled":true,"jetpack_social_post_already_shared":true,"jetpack_social_options":{"image_generator_settings":{"template":"highway","default_image_id":0,"font":"","enabled":false},"version":2}},"categories":[27,35],"tags":[],"class_list":["post-50842","post","type-post","status-publish","format-standard","has-post-thumbnail","hentry","category-blogu-i-udhetarit","category-shoqerore"],"jetpack_publicize_connections":[],"jetpack_featured_media_url":"https:\/\/i0.wp.com\/www.shqiperia.com\/blog\/wp-content\/uploads\/2021\/10\/640-0-39ffd0a42bfbf6e4f5938775a802c680.jpeg?fit=640%2C361&ssl=1","jetpack_sharing_enabled":true,"jetpack_shortlink":"https:\/\/wp.me\/p5Z6wp-de2","jetpack-related-posts":[{"id":60901,"url":"https:\/\/www.shqiperia.com\/blog\/syte-e-moskes-ne-shqiperi-okb-cakton-nje-ruse-per-te-monitoruar-kufijte-shqiptare-alarmohen-sherbimet-inteligjente\/","url_meta":{"origin":50842,"position":0},"title":"\u201cSyt\u00eb\u201d e Mosk\u00ebs n\u00eb Shqip\u00ebri. &#8211; OKB cakton nj\u00eb ruse p\u00ebr t\u00eb monitoruar kufijt\u00eb shqiptar\u00eb. &#8211; Alarmohen sh\u00ebrbimet inteligjente","author":"Kurt Farka","date":"August 9, 2022","format":false,"excerpt":"9 Gusht 2022. Nuk \u00ebsht\u00eb sekret q\u00eb Ballkani Per\u00ebndimor ka qen\u00eb prej koh\u00ebsh nj\u00eb sken\u00eb e r\u00ebnd\u00ebsishme p\u00ebr sh\u00ebrbimet e siguris\u00eb s\u00eb Kremlinit. Megjith\u00ebse Rusia nuk ka trupa n\u00eb terren, ajo ka zhvilluar nj\u00eb luft\u00eb kund\u00ebr Per\u00ebndimit dhe ndikimit t\u00eb tij n\u00eb Ballkan me mjete t\u00eb tjera, q\u00eb nga propaganda\u2026","rel":"","context":"In &quot;Blogu i Udh\u00ebtarit&quot;","block_context":{"text":"Blogu i Udh\u00ebtarit","link":"https:\/\/www.shqiperia.com\/blog\/category\/blogu-i-udhetarit\/"},"img":{"alt_text":"","src":"https:\/\/i0.wp.com\/www.shqiperia.com\/blog\/wp-content\/uploads\/2022\/08\/flamuri-kombetar.png?fit=777%2C399&ssl=1&resize=350%2C200","width":350,"height":200,"srcset":"https:\/\/i0.wp.com\/www.shqiperia.com\/blog\/wp-content\/uploads\/2022\/08\/flamuri-kombetar.png?fit=777%2C399&ssl=1&resize=350%2C200 1x, https:\/\/i0.wp.com\/www.shqiperia.com\/blog\/wp-content\/uploads\/2022\/08\/flamuri-kombetar.png?fit=777%2C399&ssl=1&resize=525%2C300 1.5x, https:\/\/i0.wp.com\/www.shqiperia.com\/blog\/wp-content\/uploads\/2022\/08\/flamuri-kombetar.png?fit=777%2C399&ssl=1&resize=700%2C400 2x"},"classes":[]},{"id":62280,"url":"https:\/\/www.shqiperia.com\/blog\/82-vjecarja-qe-ndertoi-kotec-pa-leje-do-te-gjykohet-ne-tirane\/","url_meta":{"origin":50842,"position":1},"title":"82 vje\u00e7arja q\u00eb nd\u00ebrtoi kotec pulash pa leje do t\u00eb gjykohet n\u00eb Tiran\u00eb","author":"Kurt Farka","date":"September 15, 2022","format":false,"excerpt":"Nga LUTFI DERVISHI 15 Shtator 2022 ...\" Plaka u nxor zvarr\u00eb me furgon policie. Plaka jeton e vetme\". Plaka 82-vje\u00e7are, q\u00eb ka nd\u00ebrtuar nj\u00eb kotec pa leje n\u00eb Nart\u00eb t\u00eb Vlor\u00ebs, do t\u00eb p\u00ebrballet me t\u00eb gjith\u00eb forc\u00ebn e ligjit, por debati \u00ebsht\u00eb n\u00ebse duhet gjykuar n\u00eb Vlor\u00eb apo n\u00eb\u2026","rel":"","context":"In &quot;Blogu i Udh\u00ebtarit&quot;","block_context":{"text":"Blogu i Udh\u00ebtarit","link":"https:\/\/www.shqiperia.com\/blog\/category\/blogu-i-udhetarit\/"},"img":{"alt_text":"","src":"https:\/\/i0.wp.com\/www.shqiperia.com\/blog\/wp-content\/uploads\/2022\/09\/Foto-Ilustriese.jpeg?fit=900%2C448&ssl=1&resize=350%2C200","width":350,"height":200,"srcset":"https:\/\/i0.wp.com\/www.shqiperia.com\/blog\/wp-content\/uploads\/2022\/09\/Foto-Ilustriese.jpeg?fit=900%2C448&ssl=1&resize=350%2C200 1x, https:\/\/i0.wp.com\/www.shqiperia.com\/blog\/wp-content\/uploads\/2022\/09\/Foto-Ilustriese.jpeg?fit=900%2C448&ssl=1&resize=525%2C300 1.5x, https:\/\/i0.wp.com\/www.shqiperia.com\/blog\/wp-content\/uploads\/2022\/09\/Foto-Ilustriese.jpeg?fit=900%2C448&ssl=1&resize=700%2C400 2x"},"classes":[]},{"id":87582,"url":"https:\/\/www.shqiperia.com\/blog\/spak-zbulon-aferat-e-dritan-agollit-te-fshzh-se-gazetarja-ja-kompanite-dhe-pronat-e-perfshira-ne-skeme\/","url_meta":{"origin":50842,"position":2},"title":"SPAK zbulon aferat e Dritan Agollit t\u00eb FSHZH-s\u00eb, gazetarja: &#8211; Ja kompanit\u00eb dhe pronat e p\u00ebrfshira n\u00eb skem\u00eb","author":"Kurt Farka","date":"December 19, 2024","format":false,"excerpt":"19 Dhjetor 2024 Analistja Anduena Llabani ka konfirmuar se ndaj kreut t\u00eb FSHZH, Dritan Agolli, ka nj\u00eb hetim nga SPAK me dyshimet se ka p\u00ebrfituar para publike, p\u00ebrmes n\u00ebnkontraktimeve dhe kompanive q\u00eb u ka dh\u00ebn\u00eb tendera publik. Llabani theksoi se ka nj\u00eb dokumentacion ku nga nj\u00eb subjekt me mbiemrin \u201cFusha\u201d,\u2026","rel":"","context":"In &quot;Blogu i Udh\u00ebtarit&quot;","block_context":{"text":"Blogu i Udh\u00ebtarit","link":"https:\/\/www.shqiperia.com\/blog\/category\/blogu-i-udhetarit\/"},"img":{"alt_text":"","src":"https:\/\/i0.wp.com\/www.shqiperia.com\/blog\/wp-content\/uploads\/2024\/12\/640-0-7938f03b815c2dae6b257da4ba9e3ac9.png?fit=640%2C436&ssl=1&resize=350%2C200","width":350,"height":200,"srcset":"https:\/\/i0.wp.com\/www.shqiperia.com\/blog\/wp-content\/uploads\/2024\/12\/640-0-7938f03b815c2dae6b257da4ba9e3ac9.png?fit=640%2C436&ssl=1&resize=350%2C200 1x, https:\/\/i0.wp.com\/www.shqiperia.com\/blog\/wp-content\/uploads\/2024\/12\/640-0-7938f03b815c2dae6b257da4ba9e3ac9.png?fit=640%2C436&ssl=1&resize=525%2C300 1.5x"},"classes":[]},{"id":29809,"url":"https:\/\/www.shqiperia.com\/blog\/fshati-ne-kosove-ku-te-gjithe-banoret-kane-mbiemrin-gashi-por-kane-dy-fe\/","url_meta":{"origin":50842,"position":3},"title":"Fshati n\u00eb Kosov\u00eb ku t\u00eb gjith\u00eb banor\u00ebt kan\u00eb mbiemrin Gashi, por kan\u00eb dy fe. &#8211;","author":"Kurt Farka","date":"December 28, 2019","format":false,"excerpt":"Fshati n\u00eb Kosov\u00eb ku t\u00eb gjith\u00eb banor\u00ebt kan\u00eb mbiemrin Gashi, por kan\u00eb dy fe Fshati Brus, i cili gjendet n\u00eb zon\u00ebn m\u00eb t\u00eb thell\u00eb t\u00eb komun\u00ebs s\u00eb Lipjanit ka dy karakteristika shum\u00eb interesante. T\u00eb gjith\u00eb banor\u00ebt kan\u00eb mbiemrin Gashi, dhe kan\u00eb dy fe, islamin dhe krisht\u00ebrizmin. Fshati \u00ebsht\u00eb ngritur prej\u2026","rel":"","context":"In &quot;Blogu i Udh\u00ebtarit&quot;","block_context":{"text":"Blogu i Udh\u00ebtarit","link":"https:\/\/www.shqiperia.com\/blog\/category\/blogu-i-udhetarit\/"},"img":{"alt_text":"","src":"https:\/\/i0.wp.com\/www.shqiperia.com\/blog\/wp-content\/uploads\/2019\/12\/Fshati-Brus-1200x630-1.jpg?fit=1200%2C630&ssl=1&resize=350%2C200","width":350,"height":200,"srcset":"https:\/\/i0.wp.com\/www.shqiperia.com\/blog\/wp-content\/uploads\/2019\/12\/Fshati-Brus-1200x630-1.jpg?fit=1200%2C630&ssl=1&resize=350%2C200 1x, https:\/\/i0.wp.com\/www.shqiperia.com\/blog\/wp-content\/uploads\/2019\/12\/Fshati-Brus-1200x630-1.jpg?fit=1200%2C630&ssl=1&resize=525%2C300 1.5x, https:\/\/i0.wp.com\/www.shqiperia.com\/blog\/wp-content\/uploads\/2019\/12\/Fshati-Brus-1200x630-1.jpg?fit=1200%2C630&ssl=1&resize=700%2C400 2x, https:\/\/i0.wp.com\/www.shqiperia.com\/blog\/wp-content\/uploads\/2019\/12\/Fshati-Brus-1200x630-1.jpg?fit=1200%2C630&ssl=1&resize=1050%2C600 3x"},"classes":[]},{"id":53442,"url":"https:\/\/www.shqiperia.com\/blog\/nje-univers-mistik-dhe-magjik-e-bukura-e-dheut-dhe-perralla-te-tjera-shqiptare\/","url_meta":{"origin":50842,"position":4},"title":"Nj\u00eb univers mistik dhe magjik: \u201cE BUKURA E DHEUT DHE P\u00cbRRALLA T\u00cb TJERA SHQIPTARE\u2026\u201d","author":"Kurt Farka","date":"January 24, 2022","format":false,"excerpt":"Nj\u00eb univers mistik dhe magjik: \u201cE BUKURA E DHEUT DHE P\u00cbRRALLA T\u00cb TJERA SHQIPTARE\u2026\u201d - 19.01.22 Duke ndjekur rrug\u00ebn e bashk\u00ebshortit t\u00eb saj t\u00eb ndjer\u00eb, p\u00ebrkthyesit Ramon S\u00e1nchez Lizarralde, Maria Roces Gonzales nxorri n\u00eb drit\u00eb librin e saj t\u00eb ri, \u00cbsht\u00eb nj\u00eb antologji, me mbi nj\u00ebqint p\u00ebrralla popullore shqiptare t\u00eb\u2026","rel":"","context":"In &quot;Arte&quot;","block_context":{"text":"Arte","link":"https:\/\/www.shqiperia.com\/blog\/category\/arte\/"},"img":{"alt_text":"","src":"https:\/\/i0.wp.com\/www.shqiperia.com\/blog\/wp-content\/uploads\/2022\/01\/Maria-Roces-Gonzales.jpg?fit=480%2C270&ssl=1&resize=350%2C200","width":350,"height":200},"classes":[]},{"id":80182,"url":"https:\/\/www.shqiperia.com\/blog\/pampuri-akuza-ndaj-rames-ne-nje-vit-ka-shkaktuar-nje-dem-ekonomik-prej-709-milion-eurosh\/","url_meta":{"origin":50842,"position":5},"title":"Pampuri akuza ndaj Ram\u00ebs: N\u00eb nj\u00eb vit ka shkaktuar nj\u00eb d\u00ebm ekonomik prej 709 milion eurosh","author":"Kurt Farka","date":"April 17, 2024","format":false,"excerpt":"17 Prill 2024 N\u00ebnkryetarja e Partis\u00eb Demokratike zyrtare, Oriola Pampuri n\u00eb nj\u00eb deklarat\u00eb p\u00ebr mediat \u00ebsht\u00eb shprehur se qeveria Rama n\u00eb nj\u00eb vit ka shkaktuar nj\u00eb d\u00ebm ekonomik prej 709 milion eurosh. Po ashtu Pampuri shtoi se borxhi q\u00eb qeveria shqiptare ia ka kompanive t\u00eb ndryshme p\u00ebr shkak t\u00eb arbitrazhit\u2026","rel":"","context":"In &quot;Blogu i Udh\u00ebtarit&quot;","block_context":{"text":"Blogu i Udh\u00ebtarit","link":"https:\/\/www.shqiperia.com\/blog\/category\/blogu-i-udhetarit\/"},"img":{"alt_text":"","src":"https:\/\/i0.wp.com\/www.shqiperia.com\/blog\/wp-content\/uploads\/2024\/04\/auto_KOSOVA-HARTA-Kosovo-Karte_edi-rama1646733143.jpg?fit=850%2C638&ssl=1&resize=350%2C200","width":350,"height":200,"srcset":"https:\/\/i0.wp.com\/www.shqiperia.com\/blog\/wp-content\/uploads\/2024\/04\/auto_KOSOVA-HARTA-Kosovo-Karte_edi-rama1646733143.jpg?fit=850%2C638&ssl=1&resize=350%2C200 1x, https:\/\/i0.wp.com\/www.shqiperia.com\/blog\/wp-content\/uploads\/2024\/04\/auto_KOSOVA-HARTA-Kosovo-Karte_edi-rama1646733143.jpg?fit=850%2C638&ssl=1&resize=525%2C300 1.5x, https:\/\/i0.wp.com\/www.shqiperia.com\/blog\/wp-content\/uploads\/2024\/04\/auto_KOSOVA-HARTA-Kosovo-Karte_edi-rama1646733143.jpg?fit=850%2C638&ssl=1&resize=700%2C400 2x"},"classes":[]}],"_links":{"self":[{"href":"https:\/\/www.shqiperia.com\/blog\/wp-json\/wp\/v2\/posts\/50842","targetHints":{"allow":["GET"]}}],"collection":[{"href":"https:\/\/www.shqiperia.com\/blog\/wp-json\/wp\/v2\/posts"}],"about":[{"href":"https:\/\/www.shqiperia.com\/blog\/wp-json\/wp\/v2\/types\/post"}],"author":[{"embeddable":true,"href":"https:\/\/www.shqiperia.com\/blog\/wp-json\/wp\/v2\/users\/9"}],"replies":[{"embeddable":true,"href":"https:\/\/www.shqiperia.com\/blog\/wp-json\/wp\/v2\/comments?post=50842"}],"version-history":[{"count":2,"href":"https:\/\/www.shqiperia.com\/blog\/wp-json\/wp\/v2\/posts\/50842\/revisions"}],"predecessor-version":[{"id":50845,"href":"https:\/\/www.shqiperia.com\/blog\/wp-json\/wp\/v2\/posts\/50842\/revisions\/50845"}],"wp:featuredmedia":[{"embeddable":true,"href":"https:\/\/www.shqiperia.com\/blog\/wp-json\/wp\/v2\/media\/50843"}],"wp:attachment":[{"href":"https:\/\/www.shqiperia.com\/blog\/wp-json\/wp\/v2\/media?parent=50842"}],"wp:term":[{"taxonomy":"category","embeddable":true,"href":"https:\/\/www.shqiperia.com\/blog\/wp-json\/wp\/v2\/categories?post=50842"},{"taxonomy":"post_tag","embeddable":true,"href":"https:\/\/www.shqiperia.com\/blog\/wp-json\/wp\/v2\/tags?post=50842"}],"curies":[{"name":"wp","href":"https:\/\/api.w.org\/{rel}","templated":true}]}}