{"id":50838,"date":"2021-10-23T23:25:15","date_gmt":"2021-10-23T23:25:15","guid":{"rendered":"https:\/\/www.shqiperia.com\/blog\/?p=50838"},"modified":"2021-10-23T23:25:15","modified_gmt":"2021-10-23T23:25:15","slug":"duartrokitje-nga-ballkonet-ne-mesnate-hapet-pas-262-ditesh-qyteti-me-i-karantinuar-ne-bote-banoret-e-melburnit-qendronin-mbyllur-prej-marsit-2020","status":"publish","type":"post","link":"https:\/\/www.shqiperia.com\/blog\/duartrokitje-nga-ballkonet-ne-mesnate-hapet-pas-262-ditesh-qyteti-me-i-karantinuar-ne-bote-banoret-e-melburnit-qendronin-mbyllur-prej-marsit-2020\/","title":{"rendered":"Duartrokitje nga ballkonet n\u00eb mesnat\u00eb. Hapet pas 262 dit\u00ebsh qyteti m\u00eb i karantinuar n\u00eb bot\u00eb: Banor\u00ebt e Melburnit q\u00ebndronin mbyllur prej marsit 2020"},"content":{"rendered":"<p><img data-recalc-dims=\"1\" loading=\"lazy\" decoding=\"async\" data-attachment-id=\"50839\" data-permalink=\"https:\/\/www.shqiperia.com\/blog\/duartrokitje-nga-ballkonet-ne-mesnate-hapet-pas-262-ditesh-qyteti-me-i-karantinuar-ne-bote-banoret-e-melburnit-qendronin-mbyllur-prej-marsit-2020\/melburne-765x383-1-905x450\/\" data-orig-file=\"https:\/\/i0.wp.com\/www.shqiperia.com\/blog\/wp-content\/uploads\/2021\/10\/melburne-765x383-1-905x450-1.jpg?fit=905%2C450&amp;ssl=1\" data-orig-size=\"905,450\" data-comments-opened=\"1\" data-image-meta=\"{&quot;aperture&quot;:&quot;0&quot;,&quot;credit&quot;:&quot;&quot;,&quot;camera&quot;:&quot;&quot;,&quot;caption&quot;:&quot;&quot;,&quot;created_timestamp&quot;:&quot;0&quot;,&quot;copyright&quot;:&quot;&quot;,&quot;focal_length&quot;:&quot;0&quot;,&quot;iso&quot;:&quot;0&quot;,&quot;shutter_speed&quot;:&quot;0&quot;,&quot;title&quot;:&quot;&quot;,&quot;orientation&quot;:&quot;0&quot;}\" data-image-title=\"melburne-765&#215;383-1-905&#215;450\" data-image-description=\"\" data-image-caption=\"\" data-medium-file=\"https:\/\/i0.wp.com\/www.shqiperia.com\/blog\/wp-content\/uploads\/2021\/10\/melburne-765x383-1-905x450-1.jpg?fit=300%2C149&amp;ssl=1\" data-large-file=\"https:\/\/i0.wp.com\/www.shqiperia.com\/blog\/wp-content\/uploads\/2021\/10\/melburne-765x383-1-905x450-1.jpg?fit=905%2C450&amp;ssl=1\" class=\"alignnone  wp-image-50839\" alt=\"\" src=\"https:\/\/i0.wp.com\/www.shqiperia.com\/blog\/wp-content\/uploads\/2021\/10\/melburne-765x383-1-905x450-1.jpg?resize=534%2C265&#038;ssl=1\" width=\"534\" height=\"265\" srcset=\"https:\/\/i0.wp.com\/www.shqiperia.com\/blog\/wp-content\/uploads\/2021\/10\/melburne-765x383-1-905x450-1.jpg?resize=300%2C149&amp;ssl=1 300w, https:\/\/i0.wp.com\/www.shqiperia.com\/blog\/wp-content\/uploads\/2021\/10\/melburne-765x383-1-905x450-1.jpg?resize=768%2C382&amp;ssl=1 768w, https:\/\/i0.wp.com\/www.shqiperia.com\/blog\/wp-content\/uploads\/2021\/10\/melburne-765x383-1-905x450-1.jpg?resize=450%2C224&amp;ssl=1 450w, https:\/\/i0.wp.com\/www.shqiperia.com\/blog\/wp-content\/uploads\/2021\/10\/melburne-765x383-1-905x450-1.jpg?resize=600%2C298&amp;ssl=1 600w, https:\/\/i0.wp.com\/www.shqiperia.com\/blog\/wp-content\/uploads\/2021\/10\/melburne-765x383-1-905x450-1.jpg?resize=400%2C199&amp;ssl=1 400w, https:\/\/i0.wp.com\/www.shqiperia.com\/blog\/wp-content\/uploads\/2021\/10\/melburne-765x383-1-905x450-1.jpg?w=905&amp;ssl=1 905w\" sizes=\"auto, (max-width: 534px) 100vw, 534px\" \/><\/p>\n<p>Duartrokitje nga ballkonet n\u00eb mesnat\u00eb. Hapet pas 262 dit\u00ebsh qyteti m\u00eb i karantinuar n\u00eb bot\u00eb: Banor\u00ebt e Melburnit q\u00ebndronin mbyllur prej marsit 2020<\/p>\n<p>23 tetor 2021<\/p>\n<p>Duartrokitje nga ballkonet n\u00eb mesnat\u00eb, hapet pas 262 dit\u00ebsh qyteti m\u00eb i karantinuar n\u00eb bot\u00eb: Banor\u00ebt e Melburnit q\u00ebndronin mbyllur prej marsit 2020<\/p>\n<p>Banor\u00ebt e Melburnit kan\u00eb shijuar pub-et dhe restorantet dit\u00ebn e Premte, pasi qyteti m\u00eb i mbyllur n\u00eb bot\u00eb nga pandemia ka hequr masat e fundit t\u00eb karantin\u00ebs, q\u00eb synonin t\u00eb luftonin variantin Delta t\u00eb covid.<\/p>\n<p>Qyteti i dyt\u00eb m\u00eb i madh i Australis\u00eb ka kaluar 262 dit\u00eb, apo thuajse 9 muaj, n\u00eb kufizime gjat\u00eb 6 karantinave t\u00eb ndryshme q\u00eb prej Marsit 2020, \u00e7\u2019ka p\u00ebrfaq\u00ebson periudh\u00ebn m\u00eb t\u00eb gjat\u00eb p\u00ebr \u00e7do qytet n\u00eb bot\u00eb. Kryeqyteti i Argjentin\u00ebs, Buenos Aires, vitin e kaluar, kaloi 234 dit\u00eb radhazi t\u00eb karantin\u00ebs.<\/p>\n<p>N\u00eb Melburn, njer\u00ebzit shihen duke duartrokitur nga ballkoni, nd\u00ebrsa makinat i binin borive vazhdimisht n\u00eb or\u00ebn 11:59 dit\u00ebn e Enjte, kur p\u00ebrfunduan masat e karantin\u00ebs, n\u00eb fuqi q\u00eb prej muajit Gusht. Shum\u00eb qendra, p\u00ebrfshir\u00eb ushqimore dhe parukeri, jan\u00eb hapur n\u00eb or\u00ebn e pazakont\u00eb.<\/p>\n<p>Johsn Mihan, pronari i nj\u00eb parukerie n\u00eb Melburn, tha p\u00ebr Reuters se \u00ebsht\u00eb i prenotuar p\u00ebr muajin e ardhsh\u00ebm dhe se po inkurajon klient\u00ebt t\u00eb l\u00ebn\u00eb orare p\u00ebr Krishtlindje. Skena t\u00eb ngjashme t\u00eb g\u00ebzuara jan\u00eb v\u00ebzhguar n\u00eb qytetin m\u00eb t\u00eb madh t\u00eb vendit, Sidnei, 2 jav\u00eb m\u00eb par\u00eb, kur autoritetet nis\u00ebn t\u00eb zbusin masat prej rritjes s\u00eb vaksinimit.<\/p>\n<p>Mbi 70% e t\u00eb rriturve n\u00eb Australi jan\u00eb tashm\u00eb t\u00eb vaksinuar plot\u00ebsisht dhe shum\u00eb banor\u00eb po planifikojn\u00eb t\u00eb fluturojn\u00eb jasht\u00eb vendit, nd\u00ebrkoh\u00eb q\u00eb kufizimet n\u00eb kufijt\u00eb nd\u00ebrkomb\u00ebtar\u00eb do zbuten nga N\u00ebntori. Nga data 1 N\u00ebntor, udh\u00ebtuesit e vaksinuar plot\u00ebsisht q\u00eb mb\u00ebrrijn\u00eb n\u00eb Sideni dhe Melburn\u00eb, nuk kan\u00eb nevoj\u00eb t\u00eb karantinohen. Linja ajrore Qantas deklaroi se do p\u00ebrshpejtoj\u00eb planet p\u00ebr t\u00eb rinisur fluturimet n\u00eb shum\u00eb destinacione dhe t\u00eb rris\u00eb kapacitetin prej k\u00ebrkes\u00ebs gjigante.<\/p>\n<p>Gazeta Dita<\/p>\n","protected":false},"excerpt":{"rendered":"<p>Duartrokitje nga ballkonet n\u00eb mesnat\u00eb. Hapet pas 262 dit\u00ebsh qyteti m\u00eb i karantinuar n\u00eb bot\u00eb: Banor\u00ebt e Melburnit q\u00ebndronin mbyllur prej marsit 2020 23 tetor 2021 Duartrokitje nga ballkonet n\u00eb mesnat\u00eb, hapet pas 262 dit\u00ebsh qyteti m\u00eb i karantinuar n\u00eb bot\u00eb: Banor\u00ebt e Melburnit q\u00ebndronin mbyllur prej marsit 2020 Banor\u00ebt e Melburnit kan\u00eb shijuar pub-et [&hellip;]<\/p>\n","protected":false},"author":9,"featured_media":50839,"comment_status":"open","ping_status":"open","sticky":false,"template":"","format":"standard","meta":{"jetpack_post_was_ever_published":false,"_jetpack_newsletter_access":"","_jetpack_dont_email_post_to_subs":false,"_jetpack_newsletter_tier_id":0,"_jetpack_memberships_contains_paywalled_content":false,"_jetpack_memberships_contains_paid_content":false,"footnotes":"","jetpack_publicize_message":"","jetpack_publicize_feature_enabled":true,"jetpack_social_post_already_shared":true,"jetpack_social_options":{"image_generator_settings":{"template":"highway","default_image_id":0,"font":"","enabled":false},"version":2}},"categories":[27,14],"tags":[],"class_list":["post-50838","post","type-post","status-publish","format-standard","has-post-thumbnail","hentry","category-blogu-i-udhetarit","category-press-releases"],"jetpack_publicize_connections":[],"jetpack_featured_media_url":"https:\/\/i0.wp.com\/www.shqiperia.com\/blog\/wp-content\/uploads\/2021\/10\/melburne-765x383-1-905x450-1.jpg?fit=905%2C450&ssl=1","jetpack_sharing_enabled":true,"jetpack_shortlink":"https:\/\/wp.me\/p5Z6wp-ddY","jetpack-related-posts":[{"id":29645,"url":"https:\/\/www.shqiperia.com\/blog\/qyteti-me-i-ftohte-ne-bote-ja-cfare-bejne-banoret-ne-53-2c\/","url_meta":{"origin":50838,"position":0},"title":"Qyteti me i ftoht\u00eb n\u00eb bot\u00eb, ja \u00e7far\u00eb b\u00ebjn\u00eb banor\u00ebt n\u00eb -53.2\u00b0C","author":"Kurt Farka","date":"December 24, 2019","format":false,"excerpt":"Qyteti me i ftoht\u00eb n\u00eb bot\u00eb, ja \u00e7far\u00eb b\u00ebjn\u00eb banor\u00ebt n\u00eb -53.2\u00b0C Ka qen\u00eb nj\u00eb spektak\u00ebl i v\u00ebrtet\u00eb ai q\u00eb \u00ebsht\u00eb organizuar nga mij\u00ebra njer\u00ebz n\u00eb qytetin m\u00eb t\u00eb ftoht\u00eb n\u00eb bot\u00eb. B\u00ebhet fjal\u00eb p\u00ebr Hu Xhong n\u00eb Kin\u00eb, ku temperaturat kan\u00eb sh\u00ebnuar plot\u00eb -53.2 grad\u00eb Celsius. Sipas mediave bot\u00ebrore,\u2026","rel":"","context":"In &quot;Blogu i Udh\u00ebtarit&quot;","block_context":{"text":"Blogu i Udh\u00ebtarit","link":"https:\/\/www.shqiperia.com\/blog\/category\/blogu-i-udhetarit\/"},"img":{"alt_text":"","src":"https:\/\/i0.wp.com\/www.shqiperia.com\/blog\/wp-content\/uploads\/2019\/12\/680678-thumb-full-221219cinagiocofreddo-905x450-1.jpg?fit=905%2C450&ssl=1&resize=350%2C200","width":350,"height":200,"srcset":"https:\/\/i0.wp.com\/www.shqiperia.com\/blog\/wp-content\/uploads\/2019\/12\/680678-thumb-full-221219cinagiocofreddo-905x450-1.jpg?fit=905%2C450&ssl=1&resize=350%2C200 1x, https:\/\/i0.wp.com\/www.shqiperia.com\/blog\/wp-content\/uploads\/2019\/12\/680678-thumb-full-221219cinagiocofreddo-905x450-1.jpg?fit=905%2C450&ssl=1&resize=525%2C300 1.5x, https:\/\/i0.wp.com\/www.shqiperia.com\/blog\/wp-content\/uploads\/2019\/12\/680678-thumb-full-221219cinagiocofreddo-905x450-1.jpg?fit=905%2C450&ssl=1&resize=700%2C400 2x"},"classes":[]},{"id":8985,"url":"https:\/\/www.shqiperia.com\/blog\/ky-eshte-qyteti-me-i-pasur-ne-bote\/","url_meta":{"origin":50838,"position":1},"title":"Ky \u00ebsht\u00eb qyteti m\u00eb i pasur n\u00eb bot\u00eb. &#8211;","author":"Kurt Farka","date":"June 22, 2018","format":false,"excerpt":"Ky \u00ebsht\u00eb qyteti m\u00eb i pasur n\u00eb bot\u00eb. - Tokio \u00ebsht\u00eb qyteti m\u00eb i pasur n\u00eb bot\u00eb.\u00a0Ka t\u00eb ardhura prej 1.69 trilion\u00eb dollar\u00eb. \u00cbsht\u00eb qendra kryesore financiare nd\u00ebrkomb\u00ebtare q\u00eb nga vitet 1960 dhe \u00ebsht\u00eb e njohur si nj\u00eb nga tre qendrat komanduese p\u00ebr ekonomin\u00eb bot\u00ebrore, s\u00eb bashku me Nju Jorkun\u2026","rel":"","context":"In &quot;Blogu i Udh\u00ebtarit&quot;","block_context":{"text":"Blogu i Udh\u00ebtarit","link":"https:\/\/www.shqiperia.com\/blog\/category\/blogu-i-udhetarit\/"},"img":{"alt_text":"","src":"https:\/\/i0.wp.com\/www.shqiperia.com\/blog\/wp-content\/uploads\/2018\/06\/Qyteti-me-i-Pasur-Tokio.jpg?fit=654%2C365&ssl=1&resize=350%2C200","width":350,"height":200,"srcset":"https:\/\/i0.wp.com\/www.shqiperia.com\/blog\/wp-content\/uploads\/2018\/06\/Qyteti-me-i-Pasur-Tokio.jpg?fit=654%2C365&ssl=1&resize=350%2C200 1x, https:\/\/i0.wp.com\/www.shqiperia.com\/blog\/wp-content\/uploads\/2018\/06\/Qyteti-me-i-Pasur-Tokio.jpg?fit=654%2C365&ssl=1&resize=525%2C300 1.5x"},"classes":[]},{"id":76884,"url":"https:\/\/www.shqiperia.com\/blog\/nga-machu-picchu-te-troja-10-qytetet-e-pabesueshme-qe-humben-gjate-historise\/","url_meta":{"origin":50838,"position":2},"title":"Nga Machu Picchu te Troja, 10 qytetet e pabesueshme q\u00eb humb\u00ebn gjat\u00eb historis\u00eb\u2026","author":"Kurt Farka","date":"December 31, 2023","format":false,"excerpt":"31 Dhjetor 2023 Bota \u00ebsht\u00eb plot me qytete t\u00eb humbura, shum\u00eb prej t\u00eb cil\u00ebve u braktis\u00ebn duke mbetur nj\u00eb mister. K\u00ebrkimi p\u00ebr qytete t\u00eb tilla t\u00eb humbura t\u00ebrhoqi eksploruesit e aventurave q\u00eb n\u00eb shekullin e 15-t\u00eb, duke \u00e7uar n\u00eb zhvillimin e arkeologjis\u00eb. Nj\u00eb qytet i humbur nuk duhet t\u00eb ngat\u00ebrrohet\u2026","rel":"","context":"In &quot;Blogu i Udh\u00ebtarit&quot;","block_context":{"text":"Blogu i Udh\u00ebtarit","link":"https:\/\/www.shqiperia.com\/blog\/category\/blogu-i-udhetarit\/"},"img":{"alt_text":"","src":"https:\/\/i0.wp.com\/www.shqiperia.com\/blog\/wp-content\/uploads\/2023\/12\/76193B50-3B09-46D1-B727-F1D321AE286F-1.jpeg?fit=500%2C343&ssl=1&resize=350%2C200","width":350,"height":200},"classes":[]},{"id":59745,"url":"https:\/\/www.shqiperia.com\/blog\/muzeu-i-pallatit-te-hong-kongut-hapet-me-thesaret-e-qytetit-te-ndaluar-shikoni-disa-nga-veprat-e-artit\/","url_meta":{"origin":50838,"position":3},"title":"Muzeu i Pallatit t\u00eb Hong Kongut hapet me thesaret e Qytetit t\u00eb Ndaluar, shikoni disa nga veprat e artit","author":"Kurt Farka","date":"July 3, 2022","format":false,"excerpt":"2 Korrik 2022 Muzeu i Pallatit t\u00eb Pekinit, i vendosur n\u00eb zem\u00ebr t\u00eb Qytetit t\u00eb Ndaluar, p\u00ebrmban koleksionin m\u00eb t\u00eb madh n\u00eb bot\u00eb t\u00eb artit kinez, q\u00eb p\u00ebrfshin rreth 5000 vjet histori. Tani, m\u00eb shum\u00eb se 900 nga ato thesare jan\u00eb ekspozuar n\u00eb Muzeun e ri t\u00eb Pallatit t\u00eb Hong\u2026","rel":"","context":"In &quot;Arte&quot;","block_context":{"text":"Arte","link":"https:\/\/www.shqiperia.com\/blog\/category\/arte\/"},"img":{"alt_text":"","src":"https:\/\/i0.wp.com\/www.shqiperia.com\/blog\/wp-content\/uploads\/2022\/07\/Objekte-te-Muzeu-te-Pallatit-te-Hong-Kongut-qe-hapet-me-thesaret-e-Qytetit-te-Ndaluar-7.jpg?fit=727%2C405&ssl=1&resize=350%2C200","width":350,"height":200,"srcset":"https:\/\/i0.wp.com\/www.shqiperia.com\/blog\/wp-content\/uploads\/2022\/07\/Objekte-te-Muzeu-te-Pallatit-te-Hong-Kongut-qe-hapet-me-thesaret-e-Qytetit-te-Ndaluar-7.jpg?fit=727%2C405&ssl=1&resize=350%2C200 1x, https:\/\/i0.wp.com\/www.shqiperia.com\/blog\/wp-content\/uploads\/2022\/07\/Objekte-te-Muzeu-te-Pallatit-te-Hong-Kongut-qe-hapet-me-thesaret-e-Qytetit-te-Ndaluar-7.jpg?fit=727%2C405&ssl=1&resize=525%2C300 1.5x, https:\/\/i0.wp.com\/www.shqiperia.com\/blog\/wp-content\/uploads\/2022\/07\/Objekte-te-Muzeu-te-Pallatit-te-Hong-Kongut-qe-hapet-me-thesaret-e-Qytetit-te-Ndaluar-7.jpg?fit=727%2C405&ssl=1&resize=700%2C400 2x"},"classes":[]},{"id":3108,"url":"https:\/\/www.shqiperia.com\/blog\/10-fakte-gjeografike-qe-ngjallin-kureshtje\/","url_meta":{"origin":50838,"position":4},"title":"10 fakte gjeografike q\u00eb ngjallin kureshtje. &#8211;","author":"Kurt Farka","date":"February 14, 2018","format":false,"excerpt":"\u00a0 Gjeografia \u00ebsht\u00eb nj\u00eb shkenc\u00eb q\u00eb ndryshon vazhdimisht si nga efektet politike ashtu edhe nga shkaqe natyrore. N\u00eb bot\u00eb ekzistojn\u00eb shum\u00eb dukuri t\u00eb rralla, situata gjeografike t\u00eb \u00e7uditshme dhe t\u00eb dh\u00ebna kurioze q\u00eb me raste nuk kan\u00eb nj\u00eb origjin\u00eb t\u00eb qart\u00eb. Ja 10 faktet q\u00eb na kan\u00eb t\u00ebrhequr v\u00ebmendjen. Emri\u2026","rel":"","context":"In &quot;Blogu i Udh\u00ebtarit&quot;","block_context":{"text":"Blogu i Udh\u00ebtarit","link":"https:\/\/www.shqiperia.com\/blog\/category\/blogu-i-udhetarit\/"},"img":{"alt_text":"","src":"https:\/\/i0.wp.com\/www.shqiperia.com\/blog\/wp-content\/uploads\/2018\/02\/1.jpg?fit=633%2C347&ssl=1&resize=350%2C200","width":350,"height":200,"srcset":"https:\/\/i0.wp.com\/www.shqiperia.com\/blog\/wp-content\/uploads\/2018\/02\/1.jpg?fit=633%2C347&ssl=1&resize=350%2C200 1x, https:\/\/i0.wp.com\/www.shqiperia.com\/blog\/wp-content\/uploads\/2018\/02\/1.jpg?fit=633%2C347&ssl=1&resize=525%2C300 1.5x"},"classes":[]},{"id":31846,"url":"https:\/\/www.shqiperia.com\/blog\/brenda-wuhanit-te-italise-banoret-njesoj-sikur-te-ishim-ne-lufte\/","url_meta":{"origin":50838,"position":5},"title":"Brenda \u201cWuhanit\u201d t\u00eb Italis\u00eb, banor\u00ebt: Nj\u00ebsoj sikur t\u00eb ishim n\u00eb luft\u00eb","author":"Kurt Farka","date":"February 27, 2020","format":false,"excerpt":"Brenda \u201cWuhanit\u201d t\u00eb Italis\u00eb, banor\u00ebt: Nj\u00ebsoj sikur t\u00eb ishim n\u00eb luft\u00eb 27 shkurt \u00a02020 Rrug\u00ebt jan\u00eb bosh, shkollat \u200b\u200bjan\u00eb mbyllur, grilat e restoranteve dhe dyqaneve jan\u00eb ulur. Qyteti italian i Kodonj\u00ebs, i cil\u00ebsuar nga t\u00eb gjitha mediat si \u201cWuhani\u201d i Italis\u00eb, \u00ebsht\u00eb kthyer tanim\u00eb n\u00eb nj\u00eb qytet fantazm\u00eb, shkruan\u00a0Tower FM.\u2026","rel":"","context":"In &quot;Blogu i Udh\u00ebtarit&quot;","block_context":{"text":"Blogu i Udh\u00ebtarit","link":"https:\/\/www.shqiperia.com\/blog\/category\/blogu-i-udhetarit\/"},"img":{"alt_text":"","src":"https:\/\/i0.wp.com\/www.shqiperia.com\/blog\/wp-content\/uploads\/2020\/02\/skynews-coronavirus-italy-codogno_4930425-905x450-1.jpg?fit=905%2C450&ssl=1&resize=350%2C200","width":350,"height":200,"srcset":"https:\/\/i0.wp.com\/www.shqiperia.com\/blog\/wp-content\/uploads\/2020\/02\/skynews-coronavirus-italy-codogno_4930425-905x450-1.jpg?fit=905%2C450&ssl=1&resize=350%2C200 1x, https:\/\/i0.wp.com\/www.shqiperia.com\/blog\/wp-content\/uploads\/2020\/02\/skynews-coronavirus-italy-codogno_4930425-905x450-1.jpg?fit=905%2C450&ssl=1&resize=525%2C300 1.5x, https:\/\/i0.wp.com\/www.shqiperia.com\/blog\/wp-content\/uploads\/2020\/02\/skynews-coronavirus-italy-codogno_4930425-905x450-1.jpg?fit=905%2C450&ssl=1&resize=700%2C400 2x"},"classes":[]}],"_links":{"self":[{"href":"https:\/\/www.shqiperia.com\/blog\/wp-json\/wp\/v2\/posts\/50838","targetHints":{"allow":["GET"]}}],"collection":[{"href":"https:\/\/www.shqiperia.com\/blog\/wp-json\/wp\/v2\/posts"}],"about":[{"href":"https:\/\/www.shqiperia.com\/blog\/wp-json\/wp\/v2\/types\/post"}],"author":[{"embeddable":true,"href":"https:\/\/www.shqiperia.com\/blog\/wp-json\/wp\/v2\/users\/9"}],"replies":[{"embeddable":true,"href":"https:\/\/www.shqiperia.com\/blog\/wp-json\/wp\/v2\/comments?post=50838"}],"version-history":[{"count":1,"href":"https:\/\/www.shqiperia.com\/blog\/wp-json\/wp\/v2\/posts\/50838\/revisions"}],"predecessor-version":[{"id":50840,"href":"https:\/\/www.shqiperia.com\/blog\/wp-json\/wp\/v2\/posts\/50838\/revisions\/50840"}],"wp:featuredmedia":[{"embeddable":true,"href":"https:\/\/www.shqiperia.com\/blog\/wp-json\/wp\/v2\/media\/50839"}],"wp:attachment":[{"href":"https:\/\/www.shqiperia.com\/blog\/wp-json\/wp\/v2\/media?parent=50838"}],"wp:term":[{"taxonomy":"category","embeddable":true,"href":"https:\/\/www.shqiperia.com\/blog\/wp-json\/wp\/v2\/categories?post=50838"},{"taxonomy":"post_tag","embeddable":true,"href":"https:\/\/www.shqiperia.com\/blog\/wp-json\/wp\/v2\/tags?post=50838"}],"curies":[{"name":"wp","href":"https:\/\/api.w.org\/{rel}","templated":true}]}}